{"id":30412,"date":"2019-01-02T11:39:46","date_gmt":"2019-01-02T14:39:46","guid":{"rendered":"http:\/\/diariofemenino.com.ar\/v2\/?p=30412"},"modified":"2019-01-02T11:39:46","modified_gmt":"2019-01-02T14:39:46","slug":"la-revolucion-cubana-tiene-cara-de-mujer","status":"publish","type":"post","link":"https:\/\/diariofemenino.com.ar\/df\/la-revolucion-cubana-tiene-cara-de-mujer\/","title":{"rendered":"La Revoluci\u00f3n cubana tiene cara de mujer"},"content":{"rendered":"<h3><strong>\u201cLe dije a un compa\u00f1ero que este fen\u00f3meno de las mujeres en la Revoluci\u00f3n era una Revoluci\u00f3n dentro de otra Revoluci\u00f3n. Y si a nosotros nos preguntaran qu\u00e9 es lo mas revolucionario que est\u00e1 haciendo la Revoluci\u00f3n responder\u00edamos que lo m\u00e1s revolucionario que est\u00e1 haciendo la Revoluci\u00f3n es precisamente esto; es decir la Revoluci\u00f3n que est\u00e1 teniendo lugar en las mujeres de nuestro pa\u00eds.\u201d<\/strong><\/h3>\n<p>Por\u00a0<a title=\"Nieves Fonseca de la Serna\" href=\"https:\/\/lametropolidelasmujeres.wordpress.com\/\" target=\"_blank\" rel=\"noopener\">Nieves Fonseca de la Serna *<\/a><\/p>\n<p>Las primeras figuras que se nos vienen a la mente al hablar de la Revoluci\u00f3n cubana de 1959 son los hermanos Castro, Fidel y Ra\u00fal, Ernersto Guevara de la Serna (el Ch\u00e9), Camilo Cienfuegos. Y, sin embargo, la Revoluci\u00f3n tiene un aliado muy fuerte e incluso me atrever\u00eda a decir que hasta esencial, en la actividad femenina, posteriormente bastante invisibilizada al no ocupar cargos de alta jerarqu\u00eda; sin embargo, algunas de ellas como Melba Hern\u00e1ndez, Celia S\u00e1nchez, Vilma Esp\u00edn, Hayd\u00e9e Santamar\u00eda,\u00a0Elvira D\u00edaz Vallina\u00a0o Zaida Trimi\u00f1o han conseguido hacerse visibles gracias a un fuerte individualismo.<\/p>\n<p>El car\u00e1cter y activismo de las mujeres cubanas a favor de su emancipaci\u00f3n no es fruto de la Revoluci\u00f3n. En las etapas coloniales y \u201csemicoloniales\u201d participa de forma desmesurada para conseguir su libertad; pero ese tema pese a que me encantar\u00eda expandirme y contar toda la Historia de la mujer cubana no es el tema que nos ocupa y ser\u00e1 tratado con la extensi\u00f3n y profundizaci\u00f3n que merece en posteriores entradas.<\/p>\n<p>La Revoluci\u00f3n cubana es, sin ning\u00fan tipo de duda,\u00a0uno de los mayores acontecimientos de la Historia Contempor\u00e1nea, ha supuesto un cambio radical en la pol\u00edtica latinoamericana, as\u00ed como en su econom\u00eda en la sociedad.<br \/>\nLa victoria de los insurgentes el 1 de enero de 1959 tras siete a\u00f1os de conflicto supuso tambi\u00e9n la irrupci\u00f3n de la mujer en el mundo pol\u00edtico, laboral, econ\u00f3mico, educativo, cient\u00edfico en igualdad de condiciones que los hombres. Los extremos cambios en la condici\u00f3n social de la mujer que se han producido estas \u00faltimas cuatro d\u00e9cadas son de un gran inter\u00e9s para numerosos estudiosos y curiosos del proceso revolucionario cubano.<\/p>\n<p><span class=\"slideshow-line-height-hack\"><img loading=\"lazy\" decoding=\"async\" class=\"alignnone size-full wp-image-30417\" src=\"http:\/\/diariofemenino.com.ar\/v2\/wp-content\/uploads\/2019\/01\/13-fidel-y-mujeres-partizanki-de-su-escuadra.jpg\" alt=\"\" width=\"640\" height=\"478\" srcset=\"https:\/\/diariofemenino.com.ar\/df\/wp-content\/uploads\/2019\/01\/13-fidel-y-mujeres-partizanki-de-su-escuadra.jpg 640w, https:\/\/diariofemenino.com.ar\/df\/wp-content\/uploads\/2019\/01\/13-fidel-y-mujeres-partizanki-de-su-escuadra-300x224.jpg 300w\" sizes=\"auto, (max-width: 640px) 100vw, 640px\" \/><br \/>\n<\/span>Fidel y mujeres de su escuadr\u00f3n<\/p>\n<div id=\"gallery-230-1-slideshow\" class=\"slideshow-window jetpack-slideshow slideshow-black\" data-trans=\"fade\" data-autostart=\"1\" data-gallery=\"[{&quot;src&quot;:&quot;https:\\\/\\\/lametropolidelasmujeres.files.wordpress.com\\\/2016\\\/07\\\/haydc3a9e.jpg&quot;,&quot;id&quot;:&quot;338&quot;,&quot;title&quot;:&quot;Hayd\\u00e9e&quot;,&quot;alt&quot;:&quot;&quot;,&quot;caption&quot;:&quot;Haydee Santamar\\u00eda&quot;,&quot;itemprop&quot;:&quot;image&quot;},{&quot;src&quot;:&quot;https:\\\/\\\/lametropolidelasmujeres.files.wordpress.com\\\/2016\\\/07\\\/celia_fidel.gif&quot;,&quot;id&quot;:&quot;339&quot;,&quot;title&quot;:&quot;celia_fidel&quot;,&quot;alt&quot;:&quot;&quot;,&quot;caption&quot;:&quot;Celia y Fidel&quot;,&quot;itemprop&quot;:&quot;image&quot;},{&quot;src&quot;:&quot;https:\\\/\\\/lametropolidelasmujeres.files.wordpress.com\\\/2016\\\/07\\\/13-fidel-y-mujeres-partizanki-de-su-escuadra.jpg&quot;,&quot;id&quot;:&quot;340&quot;,&quot;title&quot;:&quot;13-Fidel y mujeres partizanki de su\\u0026nbsp;escuadra&quot;,&quot;alt&quot;:&quot;&quot;,&quot;caption&quot;:&quot;Fidel y mujeres de su escuadr\\u00f3n&quot;,&quot;itemprop&quot;:&quot;image&quot;},{&quot;src&quot;:&quot;https:\\\/\\\/lametropolidelasmujeres.files.wordpress.com\\\/2016\\\/07\\\/1910722.jpg&quot;,&quot;id&quot;:&quot;341&quot;,&quot;title&quot;:&quot;Melba Hernandez, Fidel\\u0026nbsp;Castro&quot;,&quot;alt&quot;:&quot;&quot;,&quot;caption&quot;:&quot;Melba Hern\\u00e1ndez y Fidell&quot;,&quot;itemprop&quot;:&quot;image&quot;},{&quot;src&quot;:&quot;https:\\\/\\\/lametropolidelasmujeres.files.wordpress.com\\\/2016\\\/07\\\/batistamurderedson.jpg&quot;,&quot;id&quot;:&quot;342&quot;,&quot;title&quot;:&quot;batistaMurderedSon&quot;,&quot;alt&quot;:&quot;&quot;,&quot;caption&quot;:&quot;Protestas de mujeres contra la dictadura de Baptista&quot;,&quot;itemprop&quot;:&quot;image&quot;},{&quot;src&quot;:&quot;https:\\\/\\\/lametropolidelasmujeres.files.wordpress.com\\\/2016\\\/07\\\/celia_sanchez.jpg&quot;,&quot;id&quot;:&quot;343&quot;,&quot;title&quot;:&quot;celia_sanchez&quot;,&quot;alt&quot;:&quot;&quot;,&quot;caption&quot;:&quot;Celia S\\u00e1nchez&quot;,&quot;itemprop&quot;:&quot;image&quot;},{&quot;src&quot;:&quot;https:\\\/\\\/lametropolidelasmujeres.files.wordpress.com\\\/2016\\\/07\\\/cuba.jpg&quot;,&quot;id&quot;:&quot;344&quot;,&quot;title&quot;:&quot;Cuba&quot;,&quot;alt&quot;:&quot;&quot;,&quot;caption&quot;:&quot;Mujeres Revolucionarias&quot;,&quot;itemprop&quot;:&quot;image&quot;},{&quot;src&quot;:&quot;https:\\\/\\\/lametropolidelasmujeres.files.wordpress.com\\\/2016\\\/07\\\/protestcubanwomen.gif&quot;,&quot;id&quot;:&quot;359&quot;,&quot;title&quot;:&quot;protestcubanwomen&quot;,&quot;alt&quot;:&quot;&quot;,&quot;caption&quot;:&quot;Protestas contra Baptista&quot;,&quot;itemprop&quot;:&quot;image&quot;}]\"><\/div>\n<p>Para poder comprender la magnitud de los cambios de los que se publican hay que saber que en la Cuba de principios del siglo XX la mujer ya gozaba de diversas leyes que reconoc\u00edan sus derechos, ejemplos que vemos con la Ley de Patria Potestad (1917), Ley del Divorcio (1918) o el Derecho al Sufragio (1934) -etapa revolucionaria en la que se articulan diversas leyes a favor de la mujer-. Sin embargo, la participaci\u00f3n femenina fue escasa, especialmente desde 1940 hasta 1959. Durante la dictadura de Fulgencio Baptista, la mujer solo representaba el 17% de la poblaci\u00f3n activa, retenida en el papel de ama de casa al cuidado de los ni\u00f1os ya que, tan solo el 55% de los ni\u00f1os de entre 6 y 14 a\u00f1os estaba escolarizado. Las \u00e1reas urbanas contaban con un 11% de analfabetismo, mientras que las \u00e1reas rurales pose\u00edan un 47,1% de analfabetos.<br \/>\nLa etapa pre-revolucionaria empieza a gestionar un movimiento femenino que se postulaba en contra de la dictadura de Baptista. As\u00ed, junto con la Federaci\u00f3n de Estudiantes Universitarios o el Movimiento Revolucionario 26 de Julio, aparecen el Frente C\u00edvico de Mujeres Martianas y las Mujeres Oposicionistas Unidas. El primero, conformado por mujeres como Carmen Castro Porta, Aida Pelayo, Olga Ramos, Maruja Iglesias, etc. pasar\u00e1 a ser en 1955, a proposici\u00f3n de Fidel Castro, la organizaci\u00f3n femenina del Movimiento 26 de Julio gracias a su gran implicaci\u00f3n en numerosos episodios de aquellos a\u00f1os. Todo ello sin olvidar a las guerrilleras que participaron en las contiendas del Ej\u00e9rcito Rebelde, donde llega a crearse un pelot\u00f3n femenino con el nombre de la famosa luchadora Mariana Grajales.<\/p>\n<div id=\"gallery-230-2-slideshow\" class=\"slideshow-window jetpack-slideshow slideshow-black\" data-trans=\"fade\" data-autostart=\"1\" data-gallery=\"[{&quot;src&quot;:&quot;https:\\\/\\\/lametropolidelasmujeres.files.wordpress.com\\\/2016\\\/07\\\/descarga-1.jpg&quot;,&quot;id&quot;:&quot;347&quot;,&quot;title&quot;:&quot;descarga (1)&quot;,&quot;alt&quot;:&quot;&quot;,&quot;caption&quot;:&quot;Melba Hern\\u00e1ndez&quot;,&quot;itemprop&quot;:&quot;image&quot;},{&quot;src&quot;:&quot;https:\\\/\\\/lametropolidelasmujeres.files.wordpress.com\\\/2016\\\/07\\\/descarga-2.jpg&quot;,&quot;id&quot;:&quot;348&quot;,&quot;title&quot;:&quot;descarga (2)&quot;,&quot;alt&quot;:&quot;&quot;,&quot;caption&quot;:&quot;&quot;,&quot;itemprop&quot;:&quot;image&quot;},{&quot;src&quot;:&quot;https:\\\/\\\/lametropolidelasmujeres.files.wordpress.com\\\/2016\\\/07\\\/descarga.jpg&quot;,&quot;id&quot;:&quot;349&quot;,&quot;title&quot;:&quot;descarga&quot;,&quot;alt&quot;:&quot;&quot;,&quot;caption&quot;:&quot;Celia y el Che&quot;,&quot;itemprop&quot;:&quot;image&quot;},{&quot;src&quot;:&quot;https:\\\/\\\/lametropolidelasmujeres.files.wordpress.com\\\/2016\\\/07\\\/images.jpg&quot;,&quot;id&quot;:&quot;350&quot;,&quot;title&quot;:&quot;images&quot;,&quot;alt&quot;:&quot;&quot;,&quot;caption&quot;:&quot;Melba en Vietnam como embajadora&quot;,&quot;itemprop&quot;:&quot;image&quot;},{&quot;src&quot;:&quot;https:\\\/\\\/lametropolidelasmujeres.files.wordpress.com\\\/2016\\\/07\\\/la-habana-cuba-1959-fidel-castro-hablando-a-un-grupo-de-mujeres-jc3b3venes-y-monjas.jpg&quot;,&quot;id&quot;:&quot;351&quot;,&quot;title&quot;:&quot;La Habana, Cuba. 1959. Fidel Castro hablando a un grupo de mujeres j\\u00f3venes y\\u0026nbsp;monjas.&quot;,&quot;alt&quot;:&quot;&quot;,&quot;caption&quot;:&quot;CUBA. La Havana. 1959. Fidel CASTRO speaking to a nun.Contact email:New York : photography@magnumphotos.comParis : magnum@magnumphotos.frLondon : magnum@magnumphotos.co.ukTokyo : tokyo@magnumphotos.co.jpContact phones:New York : +1 212 929 6000Paris: + 33 1 53 42 50 00London: + 44 20 7490 1771Tokyo: + 81 3 3219 0771Image URL:http:\\\/\\\/www.magnumphotos.com\\\/Archive\\\/C.aspx?VP3=ViewBox_VPage\\u0026amp;IID=2S5RYDZU37E4\\u0026amp;CT=Image\\u0026amp;IT=ZoomImage01_VForm&quot;,&quot;itemprop&quot;:&quot;image&quot;},{&quot;src&quot;:&quot;https:\\\/\\\/lametropolidelasmujeres.files.wordpress.com\\\/2016\\\/07\\\/melba.gif&quot;,&quot;id&quot;:&quot;352&quot;,&quot;title&quot;:&quot;melba&quot;,&quot;alt&quot;:&quot;&quot;,&quot;caption&quot;:&quot;Melba y Hayd\\u00e9e&quot;,&quot;itemprop&quot;:&quot;image&quot;},{&quot;src&quot;:&quot;https:\\\/\\\/lametropolidelasmujeres.files.wordpress.com\\\/2016\\\/07\\\/melba_hernandez_490.jpg&quot;,&quot;id&quot;:&quot;353&quot;,&quot;title&quot;:&quot;melba_hernandez_490&quot;,&quot;alt&quot;:&quot;&quot;,&quot;caption&quot;:&quot;Melba Hern\\u00e1ndez&quot;,&quot;itemprop&quot;:&quot;image&quot;}]\">\n<div class=\"slideshow-slide\">\n<p><img loading=\"lazy\" decoding=\"async\" class=\"alignnone size-full wp-image-30418\" src=\"http:\/\/diariofemenino.com.ar\/v2\/wp-content\/uploads\/2019\/01\/melba.gif\" alt=\"\" width=\"491\" height=\"500\" \/><span class=\"slideshow-line-height-hack\">\u00a0<\/span><\/p>\n<div class=\"slideshow-slide-caption\">Melba Hern\u00e1ndez<\/div>\n<\/div>\n<div class=\"slideshow-controls\"><\/div>\n<\/div>\n<p>Es curioso que ninguna de las asociaciones llevara en sus propuestas reivindicaciones espec\u00edficamente feministas \u201cNosotras luch\u00e1bamos por lo que era de beneficio para todo\u201d \u2013 explicaba Maruja Iglesias. Deducimos, por tanto, que ninguna de estas mujeres estaba al tanto de su vanguardismo, fueron representantes de una ideolog\u00eda de la liberaci\u00f3n que puso inicio a la segunda ola feminista sin ser siquiera conscientes. A pesar de ello, hay que destacar determinados elementos que recalcan diferencias con lo que es el \u201csocialismo real u ortodoxo\u201d, en los discursos de Fidel Castro se especifica la necesidad de emancipaci\u00f3n de la mujer, hasta entonces no se hab\u00eda hablado de ella por considerar que se conseguir\u00eda autom\u00e1ticamente, tras revoluci\u00f3n socialista.<\/p>\n<blockquote><p><em>\u201cEs un sector de nuestro pa\u00eds que necesita tambi\u00e9n ser redimido, porque es v\u00edctima de la discriminaci\u00f3n en el trabajo y en otros aspectos de la vida [\u2026]. Cuando se juzgue a nuestra revoluci\u00f3n en los a\u00f1os futuros, una de las cuestiones por las cuales nos juzgar\u00e1n ser\u00e1 la forma en que hayamos resuelto, en nuestra sociedad y en nuestra patria, los problemas de la mujer, aunque se trate de uno de los problemas de la revoluci\u00f3n que requieren m\u00e1s tenacidad, m\u00e1s firmeza, m\u00e1s constancia y esfuerzo\u201d<\/em><\/p><\/blockquote>\n<div id=\"gallery-230-3-slideshow\" class=\"slideshow-window jetpack-slideshow slideshow-black\" data-trans=\"fade\" data-autostart=\"1\" data-gallery=\"[{&quot;src&quot;:&quot;https:\\\/\\\/lametropolidelasmujeres.files.wordpress.com\\\/2016\\\/07\\\/melba-hernandez-644x362.jpg&quot;,&quot;id&quot;:&quot;355&quot;,&quot;title&quot;:&quot;melba-hernandez-644\\u0026#215;362&quot;,&quot;alt&quot;:&quot;&quot;,&quot;caption&quot;:&quot;Melba y Ra\\u00fal Casrtro&quot;,&quot;itemprop&quot;:&quot;image&quot;},{&quot;src&quot;:&quot;https:\\\/\\\/lametropolidelasmujeres.files.wordpress.com\\\/2016\\\/07\\\/melba-y-haydc3a9e.jpg&quot;,&quot;id&quot;:&quot;356&quot;,&quot;title&quot;:&quot;melba-y-haydc3a9e&quot;,&quot;alt&quot;:&quot;&quot;,&quot;caption&quot;:&quot;Melba y Hayd\\u00e9e&quot;,&quot;itemprop&quot;:&quot;image&quot;},{&quot;src&quot;:&quot;https:\\\/\\\/lametropolidelasmujeres.files.wordpress.com\\\/2016\\\/07\\\/mujeres-revolucion-l-r2stey.jpeg&quot;,&quot;id&quot;:&quot;357&quot;,&quot;title&quot;:&quot;mujeres-revolucion-L-R2Stey&quot;,&quot;alt&quot;:&quot;&quot;,&quot;caption&quot;:&quot;&quot;,&quot;itemprop&quot;:&quot;image&quot;},{&quot;src&quot;:&quot;https:\\\/\\\/lametropolidelasmujeres.files.wordpress.com\\\/2016\\\/07\\\/mwsitb3.jpg&quot;,&quot;id&quot;:&quot;358&quot;,&quot;title&quot;:&quot;MWSitb3&quot;,&quot;alt&quot;:&quot;&quot;,&quot;caption&quot;:&quot;&quot;,&quot;itemprop&quot;:&quot;image&quot;},{&quot;src&quot;:&quot;https:\\\/\\\/lametropolidelasmujeres.files.wordpress.com\\\/2016\\\/07\\\/revolucion4.jpg&quot;,&quot;id&quot;:&quot;361&quot;,&quot;title&quot;:&quot;revolucion4&quot;,&quot;alt&quot;:&quot;&quot;,&quot;caption&quot;:&quot;&quot;,&quot;itemprop&quot;:&quot;image&quot;},{&quot;src&quot;:&quot;https:\\\/\\\/lametropolidelasmujeres.files.wordpress.com\\\/2016\\\/07\\\/robertophoto.jpg&quot;,&quot;id&quot;:&quot;362&quot;,&quot;title&quot;:&quot;RobertoPhoto&quot;,&quot;alt&quot;:&quot;&quot;,&quot;caption&quot;:&quot;&quot;,&quot;itemprop&quot;:&quot;image&quot;},{&quot;src&quot;:&quot;https:\\\/\\\/lametropolidelasmujeres.files.wordpress.com\\\/2016\\\/07\\\/vilma_espin_600.jpg&quot;,&quot;id&quot;:&quot;363&quot;,&quot;title&quot;:&quot;vilma_espin_600&quot;,&quot;alt&quot;:&quot;&quot;,&quot;caption&quot;:&quot;&quot;,&quot;itemprop&quot;:&quot;image&quot;},{&quot;src&quot;:&quot;https:\\\/\\\/lametropolidelasmujeres.files.wordpress.com\\\/2016\\\/07\\\/vilma-espin-mujer-cubana-11-fidel-castro.jpg&quot;,&quot;id&quot;:&quot;364&quot;,&quot;title&quot;:&quot;vilma-espin-mujer-cubana-11-fidel-castro&quot;,&quot;alt&quot;:&quot;&quot;,&quot;caption&quot;:&quot;&quot;,&quot;itemprop&quot;:&quot;image&quot;},{&quot;src&quot;:&quot;https:\\\/\\\/lametropolidelasmujeres.files.wordpress.com\\\/2016\\\/07\\\/vilma_espin.jpg&quot;,&quot;id&quot;:&quot;370&quot;,&quot;title&quot;:&quot;vilma_espin&quot;,&quot;alt&quot;:&quot;&quot;,&quot;caption&quot;:&quot;Vilma Esp\\u00edn&quot;,&quot;itemprop&quot;:&quot;image&quot;},{&quot;src&quot;:&quot;https:\\\/\\\/lametropolidelasmujeres.files.wordpress.com\\\/2016\\\/07\\\/tmp2f19_thumb.jpg&quot;,&quot;id&quot;:&quot;369&quot;,&quot;title&quot;:&quot;tmp2F19_thumb&quot;,&quot;alt&quot;:&quot;&quot;,&quot;caption&quot;:&quot;&quot;,&quot;itemprop&quot;:&quot;image&quot;},{&quot;src&quot;:&quot;https:\\\/\\\/lametropolidelasmujeres.files.wordpress.com\\\/2016\\\/07\\\/vilma-espin-mujer-cubana-07-fidel-castro.jpg&quot;,&quot;id&quot;:&quot;368&quot;,&quot;title&quot;:&quot;vilma-espin-mujer-cubana-07-fidel-castro&quot;,&quot;alt&quot;:&quot;&quot;,&quot;caption&quot;:&quot;Vilma&quot;,&quot;itemprop&quot;:&quot;image&quot;},{&quot;src&quot;:&quot;https:\\\/\\\/lametropolidelasmujeres.files.wordpress.com\\\/2016\\\/07\\\/vilma-espin-mujer-cubana-01.jpg&quot;,&quot;id&quot;:&quot;367&quot;,&quot;title&quot;:&quot;vilma-espin-mujer-cubana-01&quot;,&quot;alt&quot;:&quot;&quot;,&quot;caption&quot;:&quot;Vilma&quot;,&quot;itemprop&quot;:&quot;image&quot;},{&quot;src&quot;:&quot;https:\\\/\\\/lametropolidelasmujeres.files.wordpress.com\\\/2016\\\/07\\\/vilma-raul-y-fidel-al-clausurar-el-iii-congreso-de-la-fmc.jpg&quot;,&quot;id&quot;:&quot;366&quot;,&quot;title&quot;:&quot;vilma-raul-y-fidel-al-clausurar-el-III-congreso-de-la-fmc&quot;,&quot;alt&quot;:&quot;&quot;,&quot;caption&quot;:&quot;Vilma&quot;,&quot;itemprop&quot;:&quot;image&quot;},{&quot;src&quot;:&quot;https:\\\/\\\/lametropolidelasmujeres.files.wordpress.com\\\/2016\\\/07\\\/vilma_fidel.jpg&quot;,&quot;id&quot;:&quot;365&quot;,&quot;title&quot;:&quot;vilma_fidel&quot;,&quot;alt&quot;:&quot;&quot;,&quot;caption&quot;:&quot;Vilma&quot;,&quot;itemprop&quot;:&quot;image&quot;}]\">\n<div class=\"slideshow-slide\">\n<p><span class=\"slideshow-line-height-hack\"><img loading=\"lazy\" decoding=\"async\" class=\"alignnone size-full wp-image-30422\" src=\"http:\/\/diariofemenino.com.ar\/v2\/wp-content\/uploads\/2019\/01\/Mujeres-cubanas.jpg\" alt=\"\" width=\"643\" height=\"356\" srcset=\"https:\/\/diariofemenino.com.ar\/df\/wp-content\/uploads\/2019\/01\/Mujeres-cubanas.jpg 643w, https:\/\/diariofemenino.com.ar\/df\/wp-content\/uploads\/2019\/01\/Mujeres-cubanas-300x166.jpg 300w\" sizes=\"auto, (max-width: 643px) 100vw, 643px\" \/>\u00a0<\/span><\/p>\n<div class=\"slideshow-slide-caption\">Melba y Ra\u00fal Casrtro<\/div>\n<\/div>\n<div class=\"slideshow-controls\"><\/div>\n<\/div>\n<p>La mujer cubana se vio muy favorecida con el nuevo r\u00e9gimen. En 1960 Vilma Esp\u00edn fund\u00f3 la Federaci\u00f3n de Mujeres Cubanas-FMC- que tiene el objetivo de finalizar con las discriminaciones y, que la mujer ocupara, de una vez por todas, el lugar que le corresponde en la sociedad. Una de las primeras tareas que tuvo la FMC fue abolir la prostituci\u00f3n, al no contar ya con las condiciones socioecon\u00f3micas que la favorec\u00edan cerca de 100.000 mujeres fueron reinsertadas para implicarlas en la construcci\u00f3n de una nueva sociedad. Tambi\u00e9n se llevaron a cabo numerosas campa\u00f1as de educaci\u00f3n con resultados inmediatos y excelentes, en un a\u00f1o se hab\u00edan alfabetizado a casi 700.000 personas de las cuales un 55% eran mujeres. En 1961 la UNESCO declar\u00f3 a Cuba \u201cel primer territorio libre de analfabetismo\u201d.<\/p>\n<p>De acuerdo con UNICEF (1998) respecto al empoderamiento, la FMC ha prodigado avances en todos los \u00e1mbitos: bienestar, concienciaci\u00f3n, participaci\u00f3n, control-ejercicio del poder. Sin embargo, todav\u00eda queda mucho por hacer, la carga del trabajo dom\u00e9stico sigue siendo un impedimento para lograr una verdadera equidad, pese a ser el segundo pa\u00eds mejor ubicado de Latinoam\u00e9rica, la violencia machista sigue siendo un problema, en la isla se sigue considerando un problema privado del hogar en el que terceros no tienen derecho a intervenir.<\/p>\n<div id=\"gallery-230-4-slideshow\" class=\"slideshow-window jetpack-slideshow slideshow-black\" data-trans=\"fade\" data-autostart=\"1\" data-gallery=\"[{&quot;src&quot;:&quot;https:\\\/\\\/lametropolidelasmujeres.files.wordpress.com\\\/2016\\\/07\\\/cuba-1.jpg&quot;,&quot;id&quot;:&quot;345&quot;,&quot;title&quot;:&quot;cuba (1)&quot;,&quot;alt&quot;:&quot;&quot;,&quot;caption&quot;:&quot;&quot;,&quot;itemprop&quot;:&quot;image&quot;},{&quot;src&quot;:&quot;https:\\\/\\\/lametropolidelasmujeres.files.wordpress.com\\\/2016\\\/07\\\/11951164_1131421950220685_7669723680643737174_n.jpg&quot;,&quot;id&quot;:&quot;346&quot;,&quot;title&quot;:&quot;11951164_1131421950220685_7669723680643737174_n&quot;,&quot;alt&quot;:&quot;&quot;,&quot;caption&quot;:&quot;&quot;,&quot;itemprop&quot;:&quot;image&quot;}]\">\n<div class=\"slideshow-slide\">\n<p><span class=\"slideshow-line-height-hack\"><img loading=\"lazy\" decoding=\"async\" class=\"alignnone size-full wp-image-30420\" src=\"http:\/\/diariofemenino.com.ar\/v2\/wp-content\/uploads\/2019\/01\/11951164_1131421950220685_7669723680643737174_n.jpg\" alt=\"\" width=\"561\" height=\"640\" srcset=\"https:\/\/diariofemenino.com.ar\/df\/wp-content\/uploads\/2019\/01\/11951164_1131421950220685_7669723680643737174_n.jpg 561w, https:\/\/diariofemenino.com.ar\/df\/wp-content\/uploads\/2019\/01\/11951164_1131421950220685_7669723680643737174_n-263x300.jpg 263w\" sizes=\"auto, (max-width: 561px) 100vw, 561px\" \/>\u00a0<\/span><\/p>\n<div class=\"slideshow-slide-caption\"><\/div>\n<\/div>\n<\/div>\n<h3>LAS GRANDES REVOLUCIONARIAS.<\/h3>\n<ol>\n<li>Melba Hern\u00e1ndez.<\/li>\n<\/ol>\n<p><iframe loading=\"lazy\" src=\"https:\/\/www.youtube.com\/embed\/tXlxjz3dzuA\" width=\"560\" height=\"315\" frameborder=\"0\" allowfullscreen=\"allowfullscreen\"><\/iframe><\/p>\n<p>2. Celia S\u00e1nchez o \u201c<em>flor aut\u00f3ctona de la Revoluci\u00f3n<\/em><sup>\u201d<\/sup><\/p>\n<p><iframe loading=\"lazy\" src=\"https:\/\/www.youtube.com\/embed\/RnXxnvI_QSA\" width=\"560\" height=\"315\" frameborder=\"0\" allowfullscreen=\"allowfullscreen\"><\/iframe><\/p>\n<p>3. Vilma Esp\u00edn<\/p>\n<p><iframe loading=\"lazy\" src=\"https:\/\/www.youtube.com\/embed\/6LEBHddoFik\" width=\"560\" height=\"315\" frameborder=\"0\" allowfullscreen=\"allowfullscreen\"><\/iframe><\/p>\n<p>4. Hayd\u00e9e Santamar\u00eda<\/p>\n<p><iframe loading=\"lazy\" src=\"https:\/\/www.youtube.com\/embed\/yC0_LUC1Gq4\" width=\"560\" height=\"315\" frameborder=\"0\" allowfullscreen=\"allowfullscreen\"><\/iframe><\/p>\n<p>&nbsp;<\/p>\n<h2><strong>Porque fuisteis, somos\u00a0<\/strong><strong>&#x2640;<\/strong><\/h2>\n<p>&nbsp;<\/p>\n<p>&nbsp;<\/p>\n<p>*Estudiante de Derecho y Econom\u00eda en la Universidad Carlos III de Madrid. Luchando d\u00eda a d\u00eda por la emancipaci\u00f3n y visibilizaci\u00f3n de todas las mujeres del planeta terr\u00e1queo. Entre el caos de Madrid y la belleza de Salta (ARG). Me puedes encontrar dando la lata en twitter: @irenitaadler<\/p>\n<p>&nbsp;<\/p>\n<p>Publicado en: L<a href=\"https:\/\/lametropolidelasmujeres.wordpress.com\/2016\/07\/28\/la-revolucion-cubana-tiene-cara-de-mujer\/?fbclid=IwAR1kSE0nPOn1QCWOHmxHkMImXbasQaRJPrZpxrqhk1JPM8Hyb09FG-3DHhg\">a Metr\u00f3polis de las Mujeres<\/a><\/p>\n","protected":false},"excerpt":{"rendered":"<p>\u201cLe dije a un compa\u00f1ero que este fen\u00f3meno de las mujeres en la Revoluci\u00f3n era una Revoluci\u00f3n dentro de otra Revoluci\u00f3n. Y si a nosotros nos preguntaran qu\u00e9 es lo mas revolucionario que est\u00e1 haciendo la Revoluci\u00f3n responder\u00edamos que lo m\u00e1s revolucionario que est\u00e1 haciendo la Revoluci\u00f3n es precisamente esto; es decir la Revoluci\u00f3n que [&hellip;]<\/p>\n","protected":false},"author":1,"featured_media":30414,"comment_status":"closed","ping_status":"closed","sticky":false,"template":"","format":"standard","meta":{"iawp_total_views":581,"footnotes":""},"categories":[7],"tags":[],"class_list":["post-30412","post","type-post","status-publish","format-standard","has-post-thumbnail","hentry","category-actividades"],"nelio_content":{"autoShareEndMode":"never","automationSources":{"useCustomSentences":false,"customSentences":[]},"efiAlt":"","efiUrl":"","followers":[1],"highlights":[],"isAutoShareEnabled":true,"networkImageIds":[],"permalinkQueryArgs":[],"series":[],"suggestedReferences":[]},"yoast_head":"<!-- This site is optimized with the Yoast SEO plugin v27.5 - https:\/\/yoast.com\/product\/yoast-seo-wordpress\/ -->\n<title>La Revoluci\u00f3n cubana tiene cara de mujer - Diario Digital Femenino<\/title>\n<meta name=\"robots\" content=\"index, follow, max-snippet:-1, max-image-preview:large, max-video-preview:-1\" \/>\n<link rel=\"canonical\" href=\"https:\/\/diariofemenino.com.ar\/df\/la-revolucion-cubana-tiene-cara-de-mujer\/\" \/>\n<meta property=\"og:locale\" content=\"es_ES\" \/>\n<meta property=\"og:type\" content=\"article\" \/>\n<meta property=\"og:title\" content=\"La Revoluci\u00f3n cubana tiene cara de mujer - Diario Digital Femenino\" \/>\n<meta property=\"og:description\" content=\"\u201cLe dije a un compa\u00f1ero que este fen\u00f3meno de las mujeres en la Revoluci\u00f3n era una Revoluci\u00f3n dentro de otra Revoluci\u00f3n. Y si a nosotros nos preguntaran qu\u00e9 es lo mas revolucionario que est\u00e1 haciendo la Revoluci\u00f3n responder\u00edamos que lo m\u00e1s revolucionario que est\u00e1 haciendo la Revoluci\u00f3n es precisamente esto; es decir la Revoluci\u00f3n que [&hellip;]\" \/>\n<meta property=\"og:url\" content=\"https:\/\/diariofemenino.com.ar\/df\/la-revolucion-cubana-tiene-cara-de-mujer\/\" \/>\n<meta property=\"og:site_name\" content=\"Diario Digital Femenino\" \/>\n<meta property=\"article:publisher\" content=\"https:\/\/www.facebook.com\/DiarioDigitaFemenino\/\" \/>\n<meta property=\"article:published_time\" content=\"2019-01-02T14:39:46+00:00\" \/>\n<meta property=\"og:image\" content=\"https:\/\/diariofemenino.com.ar\/df\/wp-content\/uploads\/2019\/01\/celia-sanchez-03.jpg\" \/>\n\t<meta property=\"og:image:width\" content=\"580\" \/>\n\t<meta property=\"og:image:height\" content=\"436\" \/>\n\t<meta property=\"og:image:type\" content=\"image\/jpeg\" \/>\n<meta name=\"author\" content=\"Admin\" \/>\n<meta name=\"twitter:card\" content=\"summary_large_image\" \/>\n<meta name=\"twitter:creator\" content=\"@DiarioFemenino1\" \/>\n<meta name=\"twitter:site\" content=\"@DiarioFemenino1\" \/>\n<meta name=\"twitter:label1\" content=\"Escrito por\" \/>\n\t<meta name=\"twitter:data1\" content=\"Admin\" \/>\n\t<meta name=\"twitter:label2\" content=\"Tiempo de lectura\" \/>\n\t<meta name=\"twitter:data2\" content=\"6 minutos\" \/>\n<script type=\"application\/ld+json\" class=\"yoast-schema-graph\">{\"@context\":\"https:\\\/\\\/schema.org\",\"@graph\":[{\"@type\":\"Article\",\"@id\":\"https:\\\/\\\/diariofemenino.com.ar\\\/df\\\/la-revolucion-cubana-tiene-cara-de-mujer\\\/#article\",\"isPartOf\":{\"@id\":\"https:\\\/\\\/diariofemenino.com.ar\\\/df\\\/la-revolucion-cubana-tiene-cara-de-mujer\\\/\"},\"author\":{\"name\":\"Admin\",\"@id\":\"https:\\\/\\\/diariofemenino.com.ar\\\/df\\\/#\\\/schema\\\/person\\\/38f54b3bfd13f561de2460ba95c169c6\"},\"headline\":\"La Revoluci\u00f3n cubana tiene cara de mujer\",\"datePublished\":\"2019-01-02T14:39:46+00:00\",\"mainEntityOfPage\":{\"@id\":\"https:\\\/\\\/diariofemenino.com.ar\\\/df\\\/la-revolucion-cubana-tiene-cara-de-mujer\\\/\"},\"wordCount\":1213,\"publisher\":{\"@id\":\"https:\\\/\\\/diariofemenino.com.ar\\\/df\\\/#organization\"},\"image\":{\"@id\":\"https:\\\/\\\/diariofemenino.com.ar\\\/df\\\/la-revolucion-cubana-tiene-cara-de-mujer\\\/#primaryimage\"},\"thumbnailUrl\":\"https:\\\/\\\/diariofemenino.com.ar\\\/df\\\/wp-content\\\/uploads\\\/2019\\\/01\\\/celia-sanchez-03.jpg\",\"articleSection\":[\"Actividades\"],\"inLanguage\":\"es\"},{\"@type\":\"WebPage\",\"@id\":\"https:\\\/\\\/diariofemenino.com.ar\\\/df\\\/la-revolucion-cubana-tiene-cara-de-mujer\\\/\",\"url\":\"https:\\\/\\\/diariofemenino.com.ar\\\/df\\\/la-revolucion-cubana-tiene-cara-de-mujer\\\/\",\"name\":\"La Revoluci\u00f3n cubana tiene cara de mujer - Diario Digital Femenino\",\"isPartOf\":{\"@id\":\"https:\\\/\\\/diariofemenino.com.ar\\\/df\\\/#website\"},\"primaryImageOfPage\":{\"@id\":\"https:\\\/\\\/diariofemenino.com.ar\\\/df\\\/la-revolucion-cubana-tiene-cara-de-mujer\\\/#primaryimage\"},\"image\":{\"@id\":\"https:\\\/\\\/diariofemenino.com.ar\\\/df\\\/la-revolucion-cubana-tiene-cara-de-mujer\\\/#primaryimage\"},\"thumbnailUrl\":\"https:\\\/\\\/diariofemenino.com.ar\\\/df\\\/wp-content\\\/uploads\\\/2019\\\/01\\\/celia-sanchez-03.jpg\",\"datePublished\":\"2019-01-02T14:39:46+00:00\",\"breadcrumb\":{\"@id\":\"https:\\\/\\\/diariofemenino.com.ar\\\/df\\\/la-revolucion-cubana-tiene-cara-de-mujer\\\/#breadcrumb\"},\"inLanguage\":\"es\",\"potentialAction\":[{\"@type\":\"ReadAction\",\"target\":[\"https:\\\/\\\/diariofemenino.com.ar\\\/df\\\/la-revolucion-cubana-tiene-cara-de-mujer\\\/\"]}]},{\"@type\":\"ImageObject\",\"inLanguage\":\"es\",\"@id\":\"https:\\\/\\\/diariofemenino.com.ar\\\/df\\\/la-revolucion-cubana-tiene-cara-de-mujer\\\/#primaryimage\",\"url\":\"https:\\\/\\\/diariofemenino.com.ar\\\/df\\\/wp-content\\\/uploads\\\/2019\\\/01\\\/celia-sanchez-03.jpg\",\"contentUrl\":\"https:\\\/\\\/diariofemenino.com.ar\\\/df\\\/wp-content\\\/uploads\\\/2019\\\/01\\\/celia-sanchez-03.jpg\",\"width\":580,\"height\":436},{\"@type\":\"BreadcrumbList\",\"@id\":\"https:\\\/\\\/diariofemenino.com.ar\\\/df\\\/la-revolucion-cubana-tiene-cara-de-mujer\\\/#breadcrumb\",\"itemListElement\":[{\"@type\":\"ListItem\",\"position\":1,\"name\":\"Portada\",\"item\":\"https:\\\/\\\/diariofemenino.com.ar\\\/df\\\/\"},{\"@type\":\"ListItem\",\"position\":2,\"name\":\"La Revoluci\u00f3n cubana tiene cara de mujer\"}]},{\"@type\":\"WebSite\",\"@id\":\"https:\\\/\\\/diariofemenino.com.ar\\\/df\\\/#website\",\"url\":\"https:\\\/\\\/diariofemenino.com.ar\\\/df\\\/\",\"name\":\"Diario Digital Femenino\",\"description\":\"Cuesti\u00f3n de G\u00e9nero\",\"publisher\":{\"@id\":\"https:\\\/\\\/diariofemenino.com.ar\\\/df\\\/#organization\"},\"potentialAction\":[{\"@type\":\"SearchAction\",\"target\":{\"@type\":\"EntryPoint\",\"urlTemplate\":\"https:\\\/\\\/diariofemenino.com.ar\\\/df\\\/?s={search_term_string}\"},\"query-input\":{\"@type\":\"PropertyValueSpecification\",\"valueRequired\":true,\"valueName\":\"search_term_string\"}}],\"inLanguage\":\"es\"},{\"@type\":\"Organization\",\"@id\":\"https:\\\/\\\/diariofemenino.com.ar\\\/df\\\/#organization\",\"name\":\"Diario Femenino\",\"url\":\"https:\\\/\\\/diariofemenino.com.ar\\\/df\\\/\",\"logo\":{\"@type\":\"ImageObject\",\"inLanguage\":\"es\",\"@id\":\"https:\\\/\\\/diariofemenino.com.ar\\\/df\\\/#\\\/schema\\\/logo\\\/image\\\/\",\"url\":\"https:\\\/\\\/diariofemenino.com.ar\\\/df\\\/wp-content\\\/uploads\\\/2018\\\/10\\\/logo.png\",\"contentUrl\":\"https:\\\/\\\/diariofemenino.com.ar\\\/df\\\/wp-content\\\/uploads\\\/2018\\\/10\\\/logo.png\",\"width\":500,\"height\":92,\"caption\":\"Diario Femenino\"},\"image\":{\"@id\":\"https:\\\/\\\/diariofemenino.com.ar\\\/df\\\/#\\\/schema\\\/logo\\\/image\\\/\"},\"sameAs\":[\"https:\\\/\\\/www.facebook.com\\\/DiarioDigitaFemenino\\\/\",\"https:\\\/\\\/x.com\\\/DiarioFemenino1\"]},{\"@type\":\"Person\",\"@id\":\"https:\\\/\\\/diariofemenino.com.ar\\\/df\\\/#\\\/schema\\\/person\\\/38f54b3bfd13f561de2460ba95c169c6\",\"name\":\"Admin\",\"image\":{\"@type\":\"ImageObject\",\"inLanguage\":\"es\",\"@id\":\"https:\\\/\\\/diariofemenino.com.ar\\\/df\\\/wp-content\\\/uploads\\\/2018\\\/12\\\/favicon-150x150.jpg\",\"url\":\"https:\\\/\\\/diariofemenino.com.ar\\\/df\\\/wp-content\\\/uploads\\\/2018\\\/12\\\/favicon-150x150.jpg\",\"contentUrl\":\"https:\\\/\\\/diariofemenino.com.ar\\\/df\\\/wp-content\\\/uploads\\\/2018\\\/12\\\/favicon-150x150.jpg\",\"caption\":\"Admin\"},\"url\":\"https:\\\/\\\/diariofemenino.com.ar\\\/df\\\/author\\\/adm18df\\\/\"}]}<\/script>\n<!-- \/ Yoast SEO plugin. -->","yoast_head_json":{"title":"La Revoluci\u00f3n cubana tiene cara de mujer - Diario Digital Femenino","robots":{"index":"index","follow":"follow","max-snippet":"max-snippet:-1","max-image-preview":"max-image-preview:large","max-video-preview":"max-video-preview:-1"},"canonical":"https:\/\/diariofemenino.com.ar\/df\/la-revolucion-cubana-tiene-cara-de-mujer\/","og_locale":"es_ES","og_type":"article","og_title":"La Revoluci\u00f3n cubana tiene cara de mujer - Diario Digital Femenino","og_description":"\u201cLe dije a un compa\u00f1ero que este fen\u00f3meno de las mujeres en la Revoluci\u00f3n era una Revoluci\u00f3n dentro de otra Revoluci\u00f3n. Y si a nosotros nos preguntaran qu\u00e9 es lo mas revolucionario que est\u00e1 haciendo la Revoluci\u00f3n responder\u00edamos que lo m\u00e1s revolucionario que est\u00e1 haciendo la Revoluci\u00f3n es precisamente esto; es decir la Revoluci\u00f3n que [&hellip;]","og_url":"https:\/\/diariofemenino.com.ar\/df\/la-revolucion-cubana-tiene-cara-de-mujer\/","og_site_name":"Diario Digital Femenino","article_publisher":"https:\/\/www.facebook.com\/DiarioDigitaFemenino\/","article_published_time":"2019-01-02T14:39:46+00:00","og_image":[{"width":580,"height":436,"url":"https:\/\/diariofemenino.com.ar\/df\/wp-content\/uploads\/2019\/01\/celia-sanchez-03.jpg","type":"image\/jpeg"}],"author":"Admin","twitter_card":"summary_large_image","twitter_creator":"@DiarioFemenino1","twitter_site":"@DiarioFemenino1","twitter_misc":{"Escrito por":"Admin","Tiempo de lectura":"6 minutos"},"schema":{"@context":"https:\/\/schema.org","@graph":[{"@type":"Article","@id":"https:\/\/diariofemenino.com.ar\/df\/la-revolucion-cubana-tiene-cara-de-mujer\/#article","isPartOf":{"@id":"https:\/\/diariofemenino.com.ar\/df\/la-revolucion-cubana-tiene-cara-de-mujer\/"},"author":{"name":"Admin","@id":"https:\/\/diariofemenino.com.ar\/df\/#\/schema\/person\/38f54b3bfd13f561de2460ba95c169c6"},"headline":"La Revoluci\u00f3n cubana tiene cara de mujer","datePublished":"2019-01-02T14:39:46+00:00","mainEntityOfPage":{"@id":"https:\/\/diariofemenino.com.ar\/df\/la-revolucion-cubana-tiene-cara-de-mujer\/"},"wordCount":1213,"publisher":{"@id":"https:\/\/diariofemenino.com.ar\/df\/#organization"},"image":{"@id":"https:\/\/diariofemenino.com.ar\/df\/la-revolucion-cubana-tiene-cara-de-mujer\/#primaryimage"},"thumbnailUrl":"https:\/\/diariofemenino.com.ar\/df\/wp-content\/uploads\/2019\/01\/celia-sanchez-03.jpg","articleSection":["Actividades"],"inLanguage":"es"},{"@type":"WebPage","@id":"https:\/\/diariofemenino.com.ar\/df\/la-revolucion-cubana-tiene-cara-de-mujer\/","url":"https:\/\/diariofemenino.com.ar\/df\/la-revolucion-cubana-tiene-cara-de-mujer\/","name":"La Revoluci\u00f3n cubana tiene cara de mujer - Diario Digital Femenino","isPartOf":{"@id":"https:\/\/diariofemenino.com.ar\/df\/#website"},"primaryImageOfPage":{"@id":"https:\/\/diariofemenino.com.ar\/df\/la-revolucion-cubana-tiene-cara-de-mujer\/#primaryimage"},"image":{"@id":"https:\/\/diariofemenino.com.ar\/df\/la-revolucion-cubana-tiene-cara-de-mujer\/#primaryimage"},"thumbnailUrl":"https:\/\/diariofemenino.com.ar\/df\/wp-content\/uploads\/2019\/01\/celia-sanchez-03.jpg","datePublished":"2019-01-02T14:39:46+00:00","breadcrumb":{"@id":"https:\/\/diariofemenino.com.ar\/df\/la-revolucion-cubana-tiene-cara-de-mujer\/#breadcrumb"},"inLanguage":"es","potentialAction":[{"@type":"ReadAction","target":["https:\/\/diariofemenino.com.ar\/df\/la-revolucion-cubana-tiene-cara-de-mujer\/"]}]},{"@type":"ImageObject","inLanguage":"es","@id":"https:\/\/diariofemenino.com.ar\/df\/la-revolucion-cubana-tiene-cara-de-mujer\/#primaryimage","url":"https:\/\/diariofemenino.com.ar\/df\/wp-content\/uploads\/2019\/01\/celia-sanchez-03.jpg","contentUrl":"https:\/\/diariofemenino.com.ar\/df\/wp-content\/uploads\/2019\/01\/celia-sanchez-03.jpg","width":580,"height":436},{"@type":"BreadcrumbList","@id":"https:\/\/diariofemenino.com.ar\/df\/la-revolucion-cubana-tiene-cara-de-mujer\/#breadcrumb","itemListElement":[{"@type":"ListItem","position":1,"name":"Portada","item":"https:\/\/diariofemenino.com.ar\/df\/"},{"@type":"ListItem","position":2,"name":"La Revoluci\u00f3n cubana tiene cara de mujer"}]},{"@type":"WebSite","@id":"https:\/\/diariofemenino.com.ar\/df\/#website","url":"https:\/\/diariofemenino.com.ar\/df\/","name":"Diario Digital Femenino","description":"Cuesti\u00f3n de G\u00e9nero","publisher":{"@id":"https:\/\/diariofemenino.com.ar\/df\/#organization"},"potentialAction":[{"@type":"SearchAction","target":{"@type":"EntryPoint","urlTemplate":"https:\/\/diariofemenino.com.ar\/df\/?s={search_term_string}"},"query-input":{"@type":"PropertyValueSpecification","valueRequired":true,"valueName":"search_term_string"}}],"inLanguage":"es"},{"@type":"Organization","@id":"https:\/\/diariofemenino.com.ar\/df\/#organization","name":"Diario Femenino","url":"https:\/\/diariofemenino.com.ar\/df\/","logo":{"@type":"ImageObject","inLanguage":"es","@id":"https:\/\/diariofemenino.com.ar\/df\/#\/schema\/logo\/image\/","url":"https:\/\/diariofemenino.com.ar\/df\/wp-content\/uploads\/2018\/10\/logo.png","contentUrl":"https:\/\/diariofemenino.com.ar\/df\/wp-content\/uploads\/2018\/10\/logo.png","width":500,"height":92,"caption":"Diario Femenino"},"image":{"@id":"https:\/\/diariofemenino.com.ar\/df\/#\/schema\/logo\/image\/"},"sameAs":["https:\/\/www.facebook.com\/DiarioDigitaFemenino\/","https:\/\/x.com\/DiarioFemenino1"]},{"@type":"Person","@id":"https:\/\/diariofemenino.com.ar\/df\/#\/schema\/person\/38f54b3bfd13f561de2460ba95c169c6","name":"Admin","image":{"@type":"ImageObject","inLanguage":"es","@id":"https:\/\/diariofemenino.com.ar\/df\/wp-content\/uploads\/2018\/12\/favicon-150x150.jpg","url":"https:\/\/diariofemenino.com.ar\/df\/wp-content\/uploads\/2018\/12\/favicon-150x150.jpg","contentUrl":"https:\/\/diariofemenino.com.ar\/df\/wp-content\/uploads\/2018\/12\/favicon-150x150.jpg","caption":"Admin"},"url":"https:\/\/diariofemenino.com.ar\/df\/author\/adm18df\/"}]}},"jetpack_featured_media_url":"https:\/\/diariofemenino.com.ar\/df\/wp-content\/uploads\/2019\/01\/celia-sanchez-03.jpg","jetpack_sharing_enabled":true,"rttpg_featured_image_url":{"full":["https:\/\/diariofemenino.com.ar\/df\/wp-content\/uploads\/2019\/01\/celia-sanchez-03.jpg",580,436,false],"landscape":["https:\/\/diariofemenino.com.ar\/df\/wp-content\/uploads\/2019\/01\/celia-sanchez-03.jpg",580,436,false],"portraits":["https:\/\/diariofemenino.com.ar\/df\/wp-content\/uploads\/2019\/01\/celia-sanchez-03.jpg",580,436,false],"thumbnail":["https:\/\/diariofemenino.com.ar\/df\/wp-content\/uploads\/2019\/01\/celia-sanchez-03-150x150.jpg",150,150,true],"medium":["https:\/\/diariofemenino.com.ar\/df\/wp-content\/uploads\/2019\/01\/celia-sanchez-03-300x226.jpg",300,226,true],"large":["https:\/\/diariofemenino.com.ar\/df\/wp-content\/uploads\/2019\/01\/celia-sanchez-03.jpg",580,436,false],"1536x1536":["https:\/\/diariofemenino.com.ar\/df\/wp-content\/uploads\/2019\/01\/celia-sanchez-03.jpg",580,436,false],"2048x2048":["https:\/\/diariofemenino.com.ar\/df\/wp-content\/uploads\/2019\/01\/celia-sanchez-03.jpg",580,436,false]},"rttpg_author":{"display_name":"Admin","author_link":"https:\/\/diariofemenino.com.ar\/df\/author\/adm18df\/"},"rttpg_comment":0,"rttpg_category":"<a href=\"https:\/\/diariofemenino.com.ar\/df\/category\/actividades\/\" rel=\"category tag\">Actividades<\/a>","rttpg_excerpt":"\u201cLe dije a un compa\u00f1ero que este fen\u00f3meno de las mujeres en la Revoluci\u00f3n era una Revoluci\u00f3n dentro de otra Revoluci\u00f3n. Y si a nosotros nos preguntaran qu\u00e9 es lo mas revolucionario que est\u00e1 haciendo la Revoluci\u00f3n responder\u00edamos que lo m\u00e1s revolucionario que est\u00e1 haciendo la Revoluci\u00f3n es precisamente esto; es decir la Revoluci\u00f3n que&hellip;","_links":{"self":[{"href":"https:\/\/diariofemenino.com.ar\/df\/wp-json\/wp\/v2\/posts\/30412","targetHints":{"allow":["GET"]}}],"collection":[{"href":"https:\/\/diariofemenino.com.ar\/df\/wp-json\/wp\/v2\/posts"}],"about":[{"href":"https:\/\/diariofemenino.com.ar\/df\/wp-json\/wp\/v2\/types\/post"}],"author":[{"embeddable":true,"href":"https:\/\/diariofemenino.com.ar\/df\/wp-json\/wp\/v2\/users\/1"}],"replies":[{"embeddable":true,"href":"https:\/\/diariofemenino.com.ar\/df\/wp-json\/wp\/v2\/comments?post=30412"}],"version-history":[{"count":0,"href":"https:\/\/diariofemenino.com.ar\/df\/wp-json\/wp\/v2\/posts\/30412\/revisions"}],"wp:featuredmedia":[{"embeddable":true,"href":"https:\/\/diariofemenino.com.ar\/df\/wp-json\/wp\/v2\/media\/30414"}],"wp:attachment":[{"href":"https:\/\/diariofemenino.com.ar\/df\/wp-json\/wp\/v2\/media?parent=30412"}],"wp:term":[{"taxonomy":"category","embeddable":true,"href":"https:\/\/diariofemenino.com.ar\/df\/wp-json\/wp\/v2\/categories?post=30412"},{"taxonomy":"post_tag","embeddable":true,"href":"https:\/\/diariofemenino.com.ar\/df\/wp-json\/wp\/v2\/tags?post=30412"}],"curies":[{"name":"wp","href":"https:\/\/api.w.org\/{rel}","templated":true}]}}