{"id":30373,"date":"2018-12-26T14:12:19","date_gmt":"2018-12-26T17:12:19","guid":{"rendered":"http:\/\/diariofemenino.com.ar\/v2\/?p=30373"},"modified":"2018-12-26T14:12:19","modified_gmt":"2018-12-26T17:12:19","slug":"en-marzo-volvera-a-presentarse-el-proyecto-por-el-aborto-legal-en-argentina","status":"publish","type":"post","link":"https:\/\/diariofemenino.com.ar\/df\/en-marzo-volvera-a-presentarse-el-proyecto-por-el-aborto-legal-en-argentina\/","title":{"rendered":"En marzo volver\u00e1 a presentarse el proyecto por el Aborto legal en Argentina"},"content":{"rendered":"<p><strong>Esta propuesta ha sido respaldada por una nueva y numerosa generaci\u00f3n de j\u00f3venes que defienden la libertad de la mujer a decidir.<\/strong><\/p>\n<p><img loading=\"lazy\" decoding=\"async\" class=\"alignnone size-full wp-image-30276\" src=\"http:\/\/diariofemenino.com.ar\/v2\/wp-content\/uploads\/2018\/12\/abortopa\u00f1uelocongreso.jpg\" alt=\"\" width=\"620\" height=\"330\" srcset=\"https:\/\/diariofemenino.com.ar\/df\/wp-content\/uploads\/2018\/12\/abortopa\u00f1uelocongreso.jpg 620w, https:\/\/diariofemenino.com.ar\/df\/wp-content\/uploads\/2018\/12\/abortopa\u00f1uelocongreso-300x160.jpg 300w\" sizes=\"auto, (max-width: 620px) 100vw, 620px\" \/><\/p>\n<p>Legisladores y voceras de la Campa\u00f1a por el Aborto Legal, Seguro y Gratuito aseguran que tendr\u00e1 cambios respecto de la redacci\u00f3n de 2018.<\/p>\n<p>El proyecto de ley de interrupci\u00f3n voluntaria del embarazo (IVE) fue uno de los grandes debates de 2018, logrando una media sanci\u00f3n en una hist\u00f3rica sesi\u00f3n en Diputados en junio, y en agosto fue rechazado por el Senado.<\/p>\n<p>La iniciativa ser\u00e1 presentada por octava vez ante el Parlamento, confirmaron legisladores verdes y voceras de la Campa\u00f1a Nacional por el Aborto Legal, Seguro y Gratuito, un colectivo de m\u00e1s de 300 organizaciones que desde hace a\u00f1os impulsa esta ley.<\/p>\n<p>Una comisi\u00f3n de la Campa\u00f1a viene trabajando en la redacci\u00f3n de un nuevo proyecto, que mantiene el n\u00facleo de la iniciativa (el aborto legal, en instituciones de salud de todo el pa\u00eds) pero con cambios respecto a la redacci\u00f3n de 2018, que luego tuvo modificaciones en el debate, buscando ampliar los apoyos.<\/p>\n<p>En los primeros d\u00edas de marzo el texto ser\u00eda aprobado en un plenario de la Campa\u00f1a, del que participar\u00e1n activistas de todo el pa\u00eds, para ser presentado hacia mediados de mes. Aunque la estrategia de los verdes no est\u00e1 todav\u00eda cerrada, apuntar\u00edan a la presentaci\u00f3n como \u201cun acto simb\u00f3lico\u201d para seguir sosteniendo la demanda de la ley, a\u00fan sabiendo que la composici\u00f3n del Senado es la misma en 2019 y la iniciativa no tiene chances de prosperar, hasta que haya un recambio en las bancas. Sobre todo en la C\u00e1mara Alta, donde el antiabortismo gan\u00f3 la pulseada con 38 votos negativos, contra 31 afirmativos.<\/p>\n<p>\u201cEl nuevo proyecto estar\u00e1 en funci\u00f3n de lo aprendido en 2018, para no incorporar cosas que terminen en falsos debates\u201d, se\u00f1al\u00f3 a Clar\u00edn Jenny Dur\u00e1n, de \u201cCat\u00f3licas por el derecho a decidir\u201d. En revisi\u00f3n o discusi\u00f3n hay puntos como el aborto en casos de malformaciones fetales, las penalidades a los m\u00e9dicos o la objeci\u00f3n de conciencia, que generaron mucha discusi\u00f3n cuando el asunto se trat\u00f3 en el Congreso.<\/p>\n<p>El diputado Daniel Lipovetzky (Pro) quien como presidente de la Comisi\u00f3n de Legislaci\u00f3n General condujo el debate de meses en Diputados, indic\u00f3 que un objetivo ser\u00e1 presentar el proyecto con m\u00e1s firmas que las 70 de la \u00faltima vez. Entre los verdes hablan de superar el centenar, y hasta las de los 129 diputados con que lograron la media sanci\u00f3n minutos antes de las diez de la ma\u00f1ana del 14 de junio, despu\u00e9s de 23 horas de debate.<\/p>\n<p><img loading=\"lazy\" decoding=\"async\" class=\"alignleft  wp-image-30376\" src=\"http:\/\/diariofemenino.com.ar\/v2\/wp-content\/uploads\/2018\/12\/Congreso.jpg\" alt=\"\" width=\"428\" height=\"242\" srcset=\"https:\/\/diariofemenino.com.ar\/df\/wp-content\/uploads\/2018\/12\/Congreso.jpg 723w, https:\/\/diariofemenino.com.ar\/df\/wp-content\/uploads\/2018\/12\/Congreso-300x170.jpg 300w\" sizes=\"auto, (max-width: 428px) 100vw, 428px\" \/>Para la diputada Brenda Austin (UCR \u2013 C\u00f3rdoba), otra de las impulsoras de la ley, \u201chay que construir estrategias que nos permitan ampliar la base de sustentaci\u00f3n y llegar a la sanci\u00f3n. Hay un proceso cultural y generacional que nos conduce a eso\u201d, agrega. En C\u00f3rdoba, ejemplific\u00f3, en las elecciones del a\u00f1o que viene el 45% del padr\u00f3n ser\u00e1 de j\u00f3venes de 16 a 35 a\u00f1os, la franja etaria donde m\u00e1s predomina el apoyo a una ley de IVE.<\/p>\n<p>D\u00edas atr\u00e1s un centenar de impulsores de la ley -diputados, referentes de la Campa\u00f1a Nacional, acad\u00e9micos, organizaciones feministas- se reunieron discretamente en el anexo de Diputados para hacer un balance del a\u00f1o.<\/p>\n<p>Estuvieron all\u00ed las \u201csororas\u201d, el n\u00facleo duro transversal a los partidos que empuj\u00f3 la media sanci\u00f3n, integrado entre otras por Victoria Donda, la macrista Silvia Lospennato, las radicales Austin y Karina Banfi, las kirchneristas M\u00f3nica Macha y Mayra Mendoza, Romina del Pl\u00e1 del Frente de Izquierda, las renovadoras Malena Galmarini y Cecilia Moreau, las peronistas Carolina Mois\u00e9s y Araceli Ferreyra; grupo que tambi\u00e9n integra un var\u00f3n -su armador al inicio en whatsapp-, Lipovetzky.<\/p>\n<p>En un tema que genera una brecha insalvable m\u00e1s all\u00e1 de la pertenencia partidaria, tanto verdes como celestes, se estima, estar\u00e1n en guardia para que la integraci\u00f3n de las listas de candidatos favorezca sus planes en un debate que en 2020, si no es antes, volver\u00e1 a estar en el recinto.<\/p>\n<p>&nbsp;<\/p>\n<p>&nbsp;<\/p>\n","protected":false},"excerpt":{"rendered":"<p>Esta propuesta ha sido respaldada por una nueva y numerosa generaci\u00f3n de j\u00f3venes que defienden la libertad de la mujer a decidir. Legisladores y voceras de la Campa\u00f1a por el Aborto Legal, Seguro y Gratuito aseguran que tendr\u00e1 cambios respecto de la redacci\u00f3n de 2018. El proyecto de ley de interrupci\u00f3n voluntaria del embarazo (IVE) [&hellip;]<\/p>\n","protected":false},"author":1,"featured_media":30377,"comment_status":"closed","ping_status":"closed","sticky":false,"template":"","format":"standard","meta":{"iawp_total_views":3,"footnotes":""},"categories":[22],"tags":[404,25,53],"class_list":["post-30373","post","type-post","status-publish","format-standard","has-post-thumbnail","hentry","category-aborto","tag-abortolegalya","tag-activismo","tag-derechos-de-las-mujeres"],"nelio_content":{"autoShareEndMode":"never","automationSources":{"useCustomSentences":false,"customSentences":[]},"efiAlt":"","efiUrl":"","followers":[1],"highlights":[],"isAutoShareEnabled":true,"networkImageIds":[],"permalinkQueryArgs":[],"series":[],"suggestedReferences":[]},"yoast_head":"<!-- This site is optimized with the Yoast SEO plugin v27.5 - https:\/\/yoast.com\/product\/yoast-seo-wordpress\/ -->\n<title>En marzo volver\u00e1 a presentarse el proyecto por el Aborto legal en Argentina - Diario Digital Femenino<\/title>\n<meta name=\"robots\" content=\"index, follow, max-snippet:-1, max-image-preview:large, max-video-preview:-1\" \/>\n<link rel=\"canonical\" href=\"https:\/\/diariofemenino.com.ar\/df\/en-marzo-volvera-a-presentarse-el-proyecto-por-el-aborto-legal-en-argentina\/\" \/>\n<meta property=\"og:locale\" content=\"es_ES\" \/>\n<meta property=\"og:type\" content=\"article\" \/>\n<meta property=\"og:title\" content=\"En marzo volver\u00e1 a presentarse el proyecto por el Aborto legal en Argentina - Diario Digital Femenino\" \/>\n<meta property=\"og:description\" content=\"Esta propuesta ha sido respaldada por una nueva y numerosa generaci\u00f3n de j\u00f3venes que defienden la libertad de la mujer a decidir. Legisladores y voceras de la Campa\u00f1a por el Aborto Legal, Seguro y Gratuito aseguran que tendr\u00e1 cambios respecto de la redacci\u00f3n de 2018. El proyecto de ley de interrupci\u00f3n voluntaria del embarazo (IVE) [&hellip;]\" \/>\n<meta property=\"og:url\" content=\"https:\/\/diariofemenino.com.ar\/df\/en-marzo-volvera-a-presentarse-el-proyecto-por-el-aborto-legal-en-argentina\/\" \/>\n<meta property=\"og:site_name\" content=\"Diario Digital Femenino\" \/>\n<meta property=\"article:publisher\" content=\"https:\/\/www.facebook.com\/DiarioDigitaFemenino\/\" \/>\n<meta property=\"article:published_time\" content=\"2018-12-26T17:12:19+00:00\" \/>\n<meta property=\"og:image\" content=\"https:\/\/diariofemenino.com.ar\/df\/wp-content\/uploads\/2018\/12\/ars.jpg\" \/>\n\t<meta property=\"og:image:width\" content=\"800\" \/>\n\t<meta property=\"og:image:height\" content=\"500\" \/>\n\t<meta property=\"og:image:type\" content=\"image\/jpeg\" \/>\n<meta name=\"author\" content=\"Admin\" \/>\n<meta name=\"twitter:card\" content=\"summary_large_image\" \/>\n<meta name=\"twitter:creator\" content=\"@DiarioFemenino1\" \/>\n<meta name=\"twitter:site\" content=\"@DiarioFemenino1\" \/>\n<meta name=\"twitter:label1\" content=\"Escrito por\" \/>\n\t<meta name=\"twitter:data1\" content=\"Admin\" \/>\n\t<meta name=\"twitter:label2\" content=\"Tiempo de lectura\" \/>\n\t<meta name=\"twitter:data2\" content=\"4 minutos\" \/>\n<script type=\"application\/ld+json\" class=\"yoast-schema-graph\">{\"@context\":\"https:\\\/\\\/schema.org\",\"@graph\":[{\"@type\":\"Article\",\"@id\":\"https:\\\/\\\/diariofemenino.com.ar\\\/df\\\/en-marzo-volvera-a-presentarse-el-proyecto-por-el-aborto-legal-en-argentina\\\/#article\",\"isPartOf\":{\"@id\":\"https:\\\/\\\/diariofemenino.com.ar\\\/df\\\/en-marzo-volvera-a-presentarse-el-proyecto-por-el-aborto-legal-en-argentina\\\/\"},\"author\":{\"name\":\"Admin\",\"@id\":\"https:\\\/\\\/diariofemenino.com.ar\\\/df\\\/#\\\/schema\\\/person\\\/38f54b3bfd13f561de2460ba95c169c6\"},\"headline\":\"En marzo volver\u00e1 a presentarse el proyecto por el Aborto legal en Argentina\",\"datePublished\":\"2018-12-26T17:12:19+00:00\",\"mainEntityOfPage\":{\"@id\":\"https:\\\/\\\/diariofemenino.com.ar\\\/df\\\/en-marzo-volvera-a-presentarse-el-proyecto-por-el-aborto-legal-en-argentina\\\/\"},\"wordCount\":726,\"publisher\":{\"@id\":\"https:\\\/\\\/diariofemenino.com.ar\\\/df\\\/#organization\"},\"image\":{\"@id\":\"https:\\\/\\\/diariofemenino.com.ar\\\/df\\\/en-marzo-volvera-a-presentarse-el-proyecto-por-el-aborto-legal-en-argentina\\\/#primaryimage\"},\"thumbnailUrl\":\"https:\\\/\\\/diariofemenino.com.ar\\\/df\\\/wp-content\\\/uploads\\\/2018\\\/12\\\/ars.jpg\",\"keywords\":[\"#AbortoLegalYA\",\"Activismo\",\"Derechos de las mujeres\"],\"articleSection\":[\"Aborto\"],\"inLanguage\":\"es\"},{\"@type\":\"WebPage\",\"@id\":\"https:\\\/\\\/diariofemenino.com.ar\\\/df\\\/en-marzo-volvera-a-presentarse-el-proyecto-por-el-aborto-legal-en-argentina\\\/\",\"url\":\"https:\\\/\\\/diariofemenino.com.ar\\\/df\\\/en-marzo-volvera-a-presentarse-el-proyecto-por-el-aborto-legal-en-argentina\\\/\",\"name\":\"En marzo volver\u00e1 a presentarse el proyecto por el Aborto legal en Argentina - Diario Digital Femenino\",\"isPartOf\":{\"@id\":\"https:\\\/\\\/diariofemenino.com.ar\\\/df\\\/#website\"},\"primaryImageOfPage\":{\"@id\":\"https:\\\/\\\/diariofemenino.com.ar\\\/df\\\/en-marzo-volvera-a-presentarse-el-proyecto-por-el-aborto-legal-en-argentina\\\/#primaryimage\"},\"image\":{\"@id\":\"https:\\\/\\\/diariofemenino.com.ar\\\/df\\\/en-marzo-volvera-a-presentarse-el-proyecto-por-el-aborto-legal-en-argentina\\\/#primaryimage\"},\"thumbnailUrl\":\"https:\\\/\\\/diariofemenino.com.ar\\\/df\\\/wp-content\\\/uploads\\\/2018\\\/12\\\/ars.jpg\",\"datePublished\":\"2018-12-26T17:12:19+00:00\",\"breadcrumb\":{\"@id\":\"https:\\\/\\\/diariofemenino.com.ar\\\/df\\\/en-marzo-volvera-a-presentarse-el-proyecto-por-el-aborto-legal-en-argentina\\\/#breadcrumb\"},\"inLanguage\":\"es\",\"potentialAction\":[{\"@type\":\"ReadAction\",\"target\":[\"https:\\\/\\\/diariofemenino.com.ar\\\/df\\\/en-marzo-volvera-a-presentarse-el-proyecto-por-el-aborto-legal-en-argentina\\\/\"]}]},{\"@type\":\"ImageObject\",\"inLanguage\":\"es\",\"@id\":\"https:\\\/\\\/diariofemenino.com.ar\\\/df\\\/en-marzo-volvera-a-presentarse-el-proyecto-por-el-aborto-legal-en-argentina\\\/#primaryimage\",\"url\":\"https:\\\/\\\/diariofemenino.com.ar\\\/df\\\/wp-content\\\/uploads\\\/2018\\\/12\\\/ars.jpg\",\"contentUrl\":\"https:\\\/\\\/diariofemenino.com.ar\\\/df\\\/wp-content\\\/uploads\\\/2018\\\/12\\\/ars.jpg\",\"width\":800,\"height\":500},{\"@type\":\"BreadcrumbList\",\"@id\":\"https:\\\/\\\/diariofemenino.com.ar\\\/df\\\/en-marzo-volvera-a-presentarse-el-proyecto-por-el-aborto-legal-en-argentina\\\/#breadcrumb\",\"itemListElement\":[{\"@type\":\"ListItem\",\"position\":1,\"name\":\"Portada\",\"item\":\"https:\\\/\\\/diariofemenino.com.ar\\\/df\\\/\"},{\"@type\":\"ListItem\",\"position\":2,\"name\":\"En marzo volver\u00e1 a presentarse el proyecto por el Aborto legal en Argentina\"}]},{\"@type\":\"WebSite\",\"@id\":\"https:\\\/\\\/diariofemenino.com.ar\\\/df\\\/#website\",\"url\":\"https:\\\/\\\/diariofemenino.com.ar\\\/df\\\/\",\"name\":\"Diario Digital Femenino\",\"description\":\"Cuesti\u00f3n de G\u00e9nero\",\"publisher\":{\"@id\":\"https:\\\/\\\/diariofemenino.com.ar\\\/df\\\/#organization\"},\"potentialAction\":[{\"@type\":\"SearchAction\",\"target\":{\"@type\":\"EntryPoint\",\"urlTemplate\":\"https:\\\/\\\/diariofemenino.com.ar\\\/df\\\/?s={search_term_string}\"},\"query-input\":{\"@type\":\"PropertyValueSpecification\",\"valueRequired\":true,\"valueName\":\"search_term_string\"}}],\"inLanguage\":\"es\"},{\"@type\":\"Organization\",\"@id\":\"https:\\\/\\\/diariofemenino.com.ar\\\/df\\\/#organization\",\"name\":\"Diario Femenino\",\"url\":\"https:\\\/\\\/diariofemenino.com.ar\\\/df\\\/\",\"logo\":{\"@type\":\"ImageObject\",\"inLanguage\":\"es\",\"@id\":\"https:\\\/\\\/diariofemenino.com.ar\\\/df\\\/#\\\/schema\\\/logo\\\/image\\\/\",\"url\":\"https:\\\/\\\/diariofemenino.com.ar\\\/df\\\/wp-content\\\/uploads\\\/2018\\\/10\\\/logo.png\",\"contentUrl\":\"https:\\\/\\\/diariofemenino.com.ar\\\/df\\\/wp-content\\\/uploads\\\/2018\\\/10\\\/logo.png\",\"width\":500,\"height\":92,\"caption\":\"Diario Femenino\"},\"image\":{\"@id\":\"https:\\\/\\\/diariofemenino.com.ar\\\/df\\\/#\\\/schema\\\/logo\\\/image\\\/\"},\"sameAs\":[\"https:\\\/\\\/www.facebook.com\\\/DiarioDigitaFemenino\\\/\",\"https:\\\/\\\/x.com\\\/DiarioFemenino1\"]},{\"@type\":\"Person\",\"@id\":\"https:\\\/\\\/diariofemenino.com.ar\\\/df\\\/#\\\/schema\\\/person\\\/38f54b3bfd13f561de2460ba95c169c6\",\"name\":\"Admin\",\"image\":{\"@type\":\"ImageObject\",\"inLanguage\":\"es\",\"@id\":\"https:\\\/\\\/diariofemenino.com.ar\\\/df\\\/wp-content\\\/uploads\\\/2018\\\/12\\\/favicon-150x150.jpg\",\"url\":\"https:\\\/\\\/diariofemenino.com.ar\\\/df\\\/wp-content\\\/uploads\\\/2018\\\/12\\\/favicon-150x150.jpg\",\"contentUrl\":\"https:\\\/\\\/diariofemenino.com.ar\\\/df\\\/wp-content\\\/uploads\\\/2018\\\/12\\\/favicon-150x150.jpg\",\"caption\":\"Admin\"},\"url\":\"https:\\\/\\\/diariofemenino.com.ar\\\/df\\\/author\\\/adm18df\\\/\"}]}<\/script>\n<!-- \/ Yoast SEO plugin. -->","yoast_head_json":{"title":"En marzo volver\u00e1 a presentarse el proyecto por el Aborto legal en Argentina - Diario Digital Femenino","robots":{"index":"index","follow":"follow","max-snippet":"max-snippet:-1","max-image-preview":"max-image-preview:large","max-video-preview":"max-video-preview:-1"},"canonical":"https:\/\/diariofemenino.com.ar\/df\/en-marzo-volvera-a-presentarse-el-proyecto-por-el-aborto-legal-en-argentina\/","og_locale":"es_ES","og_type":"article","og_title":"En marzo volver\u00e1 a presentarse el proyecto por el Aborto legal en Argentina - Diario Digital Femenino","og_description":"Esta propuesta ha sido respaldada por una nueva y numerosa generaci\u00f3n de j\u00f3venes que defienden la libertad de la mujer a decidir. Legisladores y voceras de la Campa\u00f1a por el Aborto Legal, Seguro y Gratuito aseguran que tendr\u00e1 cambios respecto de la redacci\u00f3n de 2018. El proyecto de ley de interrupci\u00f3n voluntaria del embarazo (IVE) [&hellip;]","og_url":"https:\/\/diariofemenino.com.ar\/df\/en-marzo-volvera-a-presentarse-el-proyecto-por-el-aborto-legal-en-argentina\/","og_site_name":"Diario Digital Femenino","article_publisher":"https:\/\/www.facebook.com\/DiarioDigitaFemenino\/","article_published_time":"2018-12-26T17:12:19+00:00","og_image":[{"width":800,"height":500,"url":"https:\/\/diariofemenino.com.ar\/df\/wp-content\/uploads\/2018\/12\/ars.jpg","type":"image\/jpeg"}],"author":"Admin","twitter_card":"summary_large_image","twitter_creator":"@DiarioFemenino1","twitter_site":"@DiarioFemenino1","twitter_misc":{"Escrito por":"Admin","Tiempo de lectura":"4 minutos"},"schema":{"@context":"https:\/\/schema.org","@graph":[{"@type":"Article","@id":"https:\/\/diariofemenino.com.ar\/df\/en-marzo-volvera-a-presentarse-el-proyecto-por-el-aborto-legal-en-argentina\/#article","isPartOf":{"@id":"https:\/\/diariofemenino.com.ar\/df\/en-marzo-volvera-a-presentarse-el-proyecto-por-el-aborto-legal-en-argentina\/"},"author":{"name":"Admin","@id":"https:\/\/diariofemenino.com.ar\/df\/#\/schema\/person\/38f54b3bfd13f561de2460ba95c169c6"},"headline":"En marzo volver\u00e1 a presentarse el proyecto por el Aborto legal en Argentina","datePublished":"2018-12-26T17:12:19+00:00","mainEntityOfPage":{"@id":"https:\/\/diariofemenino.com.ar\/df\/en-marzo-volvera-a-presentarse-el-proyecto-por-el-aborto-legal-en-argentina\/"},"wordCount":726,"publisher":{"@id":"https:\/\/diariofemenino.com.ar\/df\/#organization"},"image":{"@id":"https:\/\/diariofemenino.com.ar\/df\/en-marzo-volvera-a-presentarse-el-proyecto-por-el-aborto-legal-en-argentina\/#primaryimage"},"thumbnailUrl":"https:\/\/diariofemenino.com.ar\/df\/wp-content\/uploads\/2018\/12\/ars.jpg","keywords":["#AbortoLegalYA","Activismo","Derechos de las mujeres"],"articleSection":["Aborto"],"inLanguage":"es"},{"@type":"WebPage","@id":"https:\/\/diariofemenino.com.ar\/df\/en-marzo-volvera-a-presentarse-el-proyecto-por-el-aborto-legal-en-argentina\/","url":"https:\/\/diariofemenino.com.ar\/df\/en-marzo-volvera-a-presentarse-el-proyecto-por-el-aborto-legal-en-argentina\/","name":"En marzo volver\u00e1 a presentarse el proyecto por el Aborto legal en Argentina - Diario Digital Femenino","isPartOf":{"@id":"https:\/\/diariofemenino.com.ar\/df\/#website"},"primaryImageOfPage":{"@id":"https:\/\/diariofemenino.com.ar\/df\/en-marzo-volvera-a-presentarse-el-proyecto-por-el-aborto-legal-en-argentina\/#primaryimage"},"image":{"@id":"https:\/\/diariofemenino.com.ar\/df\/en-marzo-volvera-a-presentarse-el-proyecto-por-el-aborto-legal-en-argentina\/#primaryimage"},"thumbnailUrl":"https:\/\/diariofemenino.com.ar\/df\/wp-content\/uploads\/2018\/12\/ars.jpg","datePublished":"2018-12-26T17:12:19+00:00","breadcrumb":{"@id":"https:\/\/diariofemenino.com.ar\/df\/en-marzo-volvera-a-presentarse-el-proyecto-por-el-aborto-legal-en-argentina\/#breadcrumb"},"inLanguage":"es","potentialAction":[{"@type":"ReadAction","target":["https:\/\/diariofemenino.com.ar\/df\/en-marzo-volvera-a-presentarse-el-proyecto-por-el-aborto-legal-en-argentina\/"]}]},{"@type":"ImageObject","inLanguage":"es","@id":"https:\/\/diariofemenino.com.ar\/df\/en-marzo-volvera-a-presentarse-el-proyecto-por-el-aborto-legal-en-argentina\/#primaryimage","url":"https:\/\/diariofemenino.com.ar\/df\/wp-content\/uploads\/2018\/12\/ars.jpg","contentUrl":"https:\/\/diariofemenino.com.ar\/df\/wp-content\/uploads\/2018\/12\/ars.jpg","width":800,"height":500},{"@type":"BreadcrumbList","@id":"https:\/\/diariofemenino.com.ar\/df\/en-marzo-volvera-a-presentarse-el-proyecto-por-el-aborto-legal-en-argentina\/#breadcrumb","itemListElement":[{"@type":"ListItem","position":1,"name":"Portada","item":"https:\/\/diariofemenino.com.ar\/df\/"},{"@type":"ListItem","position":2,"name":"En marzo volver\u00e1 a presentarse el proyecto por el Aborto legal en Argentina"}]},{"@type":"WebSite","@id":"https:\/\/diariofemenino.com.ar\/df\/#website","url":"https:\/\/diariofemenino.com.ar\/df\/","name":"Diario Digital Femenino","description":"Cuesti\u00f3n de G\u00e9nero","publisher":{"@id":"https:\/\/diariofemenino.com.ar\/df\/#organization"},"potentialAction":[{"@type":"SearchAction","target":{"@type":"EntryPoint","urlTemplate":"https:\/\/diariofemenino.com.ar\/df\/?s={search_term_string}"},"query-input":{"@type":"PropertyValueSpecification","valueRequired":true,"valueName":"search_term_string"}}],"inLanguage":"es"},{"@type":"Organization","@id":"https:\/\/diariofemenino.com.ar\/df\/#organization","name":"Diario Femenino","url":"https:\/\/diariofemenino.com.ar\/df\/","logo":{"@type":"ImageObject","inLanguage":"es","@id":"https:\/\/diariofemenino.com.ar\/df\/#\/schema\/logo\/image\/","url":"https:\/\/diariofemenino.com.ar\/df\/wp-content\/uploads\/2018\/10\/logo.png","contentUrl":"https:\/\/diariofemenino.com.ar\/df\/wp-content\/uploads\/2018\/10\/logo.png","width":500,"height":92,"caption":"Diario Femenino"},"image":{"@id":"https:\/\/diariofemenino.com.ar\/df\/#\/schema\/logo\/image\/"},"sameAs":["https:\/\/www.facebook.com\/DiarioDigitaFemenino\/","https:\/\/x.com\/DiarioFemenino1"]},{"@type":"Person","@id":"https:\/\/diariofemenino.com.ar\/df\/#\/schema\/person\/38f54b3bfd13f561de2460ba95c169c6","name":"Admin","image":{"@type":"ImageObject","inLanguage":"es","@id":"https:\/\/diariofemenino.com.ar\/df\/wp-content\/uploads\/2018\/12\/favicon-150x150.jpg","url":"https:\/\/diariofemenino.com.ar\/df\/wp-content\/uploads\/2018\/12\/favicon-150x150.jpg","contentUrl":"https:\/\/diariofemenino.com.ar\/df\/wp-content\/uploads\/2018\/12\/favicon-150x150.jpg","caption":"Admin"},"url":"https:\/\/diariofemenino.com.ar\/df\/author\/adm18df\/"}]}},"jetpack_featured_media_url":"https:\/\/diariofemenino.com.ar\/df\/wp-content\/uploads\/2018\/12\/ars.jpg","jetpack_sharing_enabled":true,"rttpg_featured_image_url":{"full":["https:\/\/diariofemenino.com.ar\/df\/wp-content\/uploads\/2018\/12\/ars.jpg",800,500,false],"landscape":["https:\/\/diariofemenino.com.ar\/df\/wp-content\/uploads\/2018\/12\/ars.jpg",800,500,false],"portraits":["https:\/\/diariofemenino.com.ar\/df\/wp-content\/uploads\/2018\/12\/ars.jpg",800,500,false],"thumbnail":["https:\/\/diariofemenino.com.ar\/df\/wp-content\/uploads\/2018\/12\/ars-150x150.jpg",150,150,true],"medium":["https:\/\/diariofemenino.com.ar\/df\/wp-content\/uploads\/2018\/12\/ars-300x188.jpg",300,188,true],"large":["https:\/\/diariofemenino.com.ar\/df\/wp-content\/uploads\/2018\/12\/ars.jpg",800,500,false],"1536x1536":["https:\/\/diariofemenino.com.ar\/df\/wp-content\/uploads\/2018\/12\/ars.jpg",800,500,false],"2048x2048":["https:\/\/diariofemenino.com.ar\/df\/wp-content\/uploads\/2018\/12\/ars.jpg",800,500,false]},"rttpg_author":{"display_name":"Admin","author_link":"https:\/\/diariofemenino.com.ar\/df\/author\/adm18df\/"},"rttpg_comment":0,"rttpg_category":"<a href=\"https:\/\/diariofemenino.com.ar\/df\/category\/aborto\/\" rel=\"category tag\">Aborto<\/a>","rttpg_excerpt":"Esta propuesta ha sido respaldada por una nueva y numerosa generaci\u00f3n de j\u00f3venes que defienden la libertad de la mujer a decidir. Legisladores y voceras de la Campa\u00f1a por el Aborto Legal, Seguro y Gratuito aseguran que tendr\u00e1 cambios respecto de la redacci\u00f3n de 2018. El proyecto de ley de interrupci\u00f3n voluntaria del embarazo (IVE)&hellip;","_links":{"self":[{"href":"https:\/\/diariofemenino.com.ar\/df\/wp-json\/wp\/v2\/posts\/30373","targetHints":{"allow":["GET"]}}],"collection":[{"href":"https:\/\/diariofemenino.com.ar\/df\/wp-json\/wp\/v2\/posts"}],"about":[{"href":"https:\/\/diariofemenino.com.ar\/df\/wp-json\/wp\/v2\/types\/post"}],"author":[{"embeddable":true,"href":"https:\/\/diariofemenino.com.ar\/df\/wp-json\/wp\/v2\/users\/1"}],"replies":[{"embeddable":true,"href":"https:\/\/diariofemenino.com.ar\/df\/wp-json\/wp\/v2\/comments?post=30373"}],"version-history":[{"count":0,"href":"https:\/\/diariofemenino.com.ar\/df\/wp-json\/wp\/v2\/posts\/30373\/revisions"}],"wp:featuredmedia":[{"embeddable":true,"href":"https:\/\/diariofemenino.com.ar\/df\/wp-json\/wp\/v2\/media\/30377"}],"wp:attachment":[{"href":"https:\/\/diariofemenino.com.ar\/df\/wp-json\/wp\/v2\/media?parent=30373"}],"wp:term":[{"taxonomy":"category","embeddable":true,"href":"https:\/\/diariofemenino.com.ar\/df\/wp-json\/wp\/v2\/categories?post=30373"},{"taxonomy":"post_tag","embeddable":true,"href":"https:\/\/diariofemenino.com.ar\/df\/wp-json\/wp\/v2\/tags?post=30373"}],"curies":[{"name":"wp","href":"https:\/\/api.w.org\/{rel}","templated":true}]}}