{"id":30330,"date":"2018-12-21T18:51:14","date_gmt":"2018-12-21T21:51:14","guid":{"rendered":"http:\/\/diariofemenino.com.ar\/v2\/?p=30330"},"modified":"2018-12-21T18:51:14","modified_gmt":"2018-12-21T21:51:14","slug":"dos-de-cada-tres-nuevos-desocupados-son-mujeres","status":"publish","type":"post","link":"https:\/\/diariofemenino.com.ar\/df\/dos-de-cada-tres-nuevos-desocupados-son-mujeres\/","title":{"rendered":"Dos de cada tres nuevos desocupados son mujeres"},"content":{"rendered":"<p>As\u00ed lo advierte un trabajo realizado en base a los datos publicados por el Indec.\u00a0Respecto a un a\u00f1o atr\u00e1s, hoy hay 72 mil nuevas desocupadas mujeres y 38 mil nuevos\u00a0desocupados varones.<\/p>\n<div id=\"contenido_nota\">\n<p>La crisis en el mercado de trabajo impacta en todos los sectores, pero fundamentalmente ataca a quienes se encuentran en una situaci\u00f3n de mayor vulnerabilidad. Es as\u00ed, que sin un Estado que intervenga activamente, la desocupaci\u00f3n creciente hace eje especialmente en las mujeres.<\/p>\n<p>Seg\u00fan un informe elaborado por el CETyD de la Universidad Nacional de San Mart\u00edn, los salarios se encaminan a perder un 13% este a\u00f1o. \u201cCon el objetivo de compensar esa ca\u00edda de los ingresos de los hogares, 240.000 personas\u00a0salieron a buscar trabajo\u201d<\/p>\n<\/div>\n<p>\u201cEse fen\u00f3meno se explica exclusivamente por el comportamiento de\u00a0las mujeres\u201d, se\u00f1alan. Es que \u201cde las 240.000 personas que salieron a buscar trabajo, 200.000 fueron mujeres\u201d precis\u00f3 el informe, en base a los datos difundidos por el Indec.<\/p>\n<p>Pero como el mercado de trabajo ha tenido un dinamismo insuficiente para satisfacer las\u00a0necesidades del total de la poblaci\u00f3n, poco m\u00e1s que la mitad de las personas que salieron a buscar trabajo lo consiguieron.<\/p>\n<p>Por ello\u00a02 de cada 3 nuevos desocupados son mujeres y \u201crespecto a un a\u00f1o atr\u00e1s, hoy hay 72 mil nuevas desocupadas mujeres y 38 mil nuevos\u00a0desocupados varones\u201d.<\/p>\n<p>Esa diferencia hace que mientras que la media de desocupaci\u00f3n creci\u00f3 0.7%, entre las mujeres se haya elevado un punto porcentual mientras que entre los hombres creciera\u00a00,5%. <a href=\"http:\/\/www.infogremiales.com.ar\/dos-de-cada-tres-nuevos-desocupados-son-mujeres\/\">Infogremiales<\/a><\/p>\n<p>&nbsp;<\/p>\n","protected":false},"excerpt":{"rendered":"<p>As\u00ed lo advierte un trabajo realizado en base a los datos publicados por el Indec.\u00a0Respecto a un a\u00f1o atr\u00e1s, hoy hay 72 mil nuevas desocupadas mujeres y 38 mil nuevos\u00a0desocupados varones. La crisis en el mercado de trabajo impacta en todos los sectores, pero fundamentalmente ataca a quienes se encuentran en una situaci\u00f3n de mayor [&hellip;]<\/p>\n","protected":false},"author":1,"featured_media":30331,"comment_status":"closed","ping_status":"closed","sticky":false,"template":"","format":"standard","meta":{"iawp_total_views":5,"footnotes":""},"categories":[32],"tags":[604,130],"class_list":["post-30330","post","type-post","status-publish","format-standard","has-post-thumbnail","hentry","category-mujeres","tag-desempleo","tag-mujeres"],"nelio_content":{"autoShareEndMode":"never","automationSources":{"useCustomSentences":false,"customSentences":[]},"efiAlt":"","efiUrl":"","followers":[1],"highlights":[],"isAutoShareEnabled":true,"networkImageIds":[],"permalinkQueryArgs":[],"series":[],"suggestedReferences":[]},"yoast_head":"<!-- This site is optimized with the Yoast SEO plugin v27.5 - https:\/\/yoast.com\/product\/yoast-seo-wordpress\/ -->\n<title>Dos de cada tres nuevos desocupados son mujeres - Diario Digital Femenino<\/title>\n<meta name=\"robots\" content=\"index, follow, max-snippet:-1, max-image-preview:large, max-video-preview:-1\" \/>\n<link rel=\"canonical\" href=\"https:\/\/diariofemenino.com.ar\/df\/dos-de-cada-tres-nuevos-desocupados-son-mujeres\/\" \/>\n<meta property=\"og:locale\" content=\"es_ES\" \/>\n<meta property=\"og:type\" content=\"article\" \/>\n<meta property=\"og:title\" content=\"Dos de cada tres nuevos desocupados son mujeres - Diario Digital Femenino\" \/>\n<meta property=\"og:description\" content=\"As\u00ed lo advierte un trabajo realizado en base a los datos publicados por el Indec.\u00a0Respecto a un a\u00f1o atr\u00e1s, hoy hay 72 mil nuevas desocupadas mujeres y 38 mil nuevos\u00a0desocupados varones. La crisis en el mercado de trabajo impacta en todos los sectores, pero fundamentalmente ataca a quienes se encuentran en una situaci\u00f3n de mayor [&hellip;]\" \/>\n<meta property=\"og:url\" content=\"https:\/\/diariofemenino.com.ar\/df\/dos-de-cada-tres-nuevos-desocupados-son-mujeres\/\" \/>\n<meta property=\"og:site_name\" content=\"Diario Digital Femenino\" \/>\n<meta property=\"article:publisher\" content=\"https:\/\/www.facebook.com\/DiarioDigitaFemenino\/\" \/>\n<meta property=\"article:published_time\" content=\"2018-12-21T21:51:14+00:00\" \/>\n<meta property=\"og:image\" content=\"https:\/\/diariofemenino.com.ar\/df\/wp-content\/uploads\/2018\/12\/desempleo-644x340.jpg\" \/>\n\t<meta property=\"og:image:width\" content=\"644\" \/>\n\t<meta property=\"og:image:height\" content=\"340\" \/>\n\t<meta property=\"og:image:type\" content=\"image\/jpeg\" \/>\n<meta name=\"author\" content=\"Admin\" \/>\n<meta name=\"twitter:card\" content=\"summary_large_image\" \/>\n<meta name=\"twitter:creator\" content=\"@DiarioFemenino1\" \/>\n<meta name=\"twitter:site\" content=\"@DiarioFemenino1\" \/>\n<meta name=\"twitter:label1\" content=\"Escrito por\" \/>\n\t<meta name=\"twitter:data1\" content=\"Admin\" \/>\n\t<meta name=\"twitter:label2\" content=\"Tiempo de lectura\" \/>\n\t<meta name=\"twitter:data2\" content=\"1 minuto\" \/>\n<script type=\"application\/ld+json\" class=\"yoast-schema-graph\">{\"@context\":\"https:\\\/\\\/schema.org\",\"@graph\":[{\"@type\":\"Article\",\"@id\":\"https:\\\/\\\/diariofemenino.com.ar\\\/df\\\/dos-de-cada-tres-nuevos-desocupados-son-mujeres\\\/#article\",\"isPartOf\":{\"@id\":\"https:\\\/\\\/diariofemenino.com.ar\\\/df\\\/dos-de-cada-tres-nuevos-desocupados-son-mujeres\\\/\"},\"author\":{\"name\":\"Admin\",\"@id\":\"https:\\\/\\\/diariofemenino.com.ar\\\/df\\\/#\\\/schema\\\/person\\\/38f54b3bfd13f561de2460ba95c169c6\"},\"headline\":\"Dos de cada tres nuevos desocupados son mujeres\",\"datePublished\":\"2018-12-21T21:51:14+00:00\",\"mainEntityOfPage\":{\"@id\":\"https:\\\/\\\/diariofemenino.com.ar\\\/df\\\/dos-de-cada-tres-nuevos-desocupados-son-mujeres\\\/\"},\"wordCount\":262,\"publisher\":{\"@id\":\"https:\\\/\\\/diariofemenino.com.ar\\\/df\\\/#organization\"},\"image\":{\"@id\":\"https:\\\/\\\/diariofemenino.com.ar\\\/df\\\/dos-de-cada-tres-nuevos-desocupados-son-mujeres\\\/#primaryimage\"},\"thumbnailUrl\":\"https:\\\/\\\/diariofemenino.com.ar\\\/df\\\/wp-content\\\/uploads\\\/2018\\\/12\\\/desempleo-644x340.jpg\",\"keywords\":[\"Desempleo\",\"Mujeres\"],\"articleSection\":[\"Mujeres\"],\"inLanguage\":\"es\"},{\"@type\":\"WebPage\",\"@id\":\"https:\\\/\\\/diariofemenino.com.ar\\\/df\\\/dos-de-cada-tres-nuevos-desocupados-son-mujeres\\\/\",\"url\":\"https:\\\/\\\/diariofemenino.com.ar\\\/df\\\/dos-de-cada-tres-nuevos-desocupados-son-mujeres\\\/\",\"name\":\"Dos de cada tres nuevos desocupados son mujeres - Diario Digital Femenino\",\"isPartOf\":{\"@id\":\"https:\\\/\\\/diariofemenino.com.ar\\\/df\\\/#website\"},\"primaryImageOfPage\":{\"@id\":\"https:\\\/\\\/diariofemenino.com.ar\\\/df\\\/dos-de-cada-tres-nuevos-desocupados-son-mujeres\\\/#primaryimage\"},\"image\":{\"@id\":\"https:\\\/\\\/diariofemenino.com.ar\\\/df\\\/dos-de-cada-tres-nuevos-desocupados-son-mujeres\\\/#primaryimage\"},\"thumbnailUrl\":\"https:\\\/\\\/diariofemenino.com.ar\\\/df\\\/wp-content\\\/uploads\\\/2018\\\/12\\\/desempleo-644x340.jpg\",\"datePublished\":\"2018-12-21T21:51:14+00:00\",\"breadcrumb\":{\"@id\":\"https:\\\/\\\/diariofemenino.com.ar\\\/df\\\/dos-de-cada-tres-nuevos-desocupados-son-mujeres\\\/#breadcrumb\"},\"inLanguage\":\"es\",\"potentialAction\":[{\"@type\":\"ReadAction\",\"target\":[\"https:\\\/\\\/diariofemenino.com.ar\\\/df\\\/dos-de-cada-tres-nuevos-desocupados-son-mujeres\\\/\"]}]},{\"@type\":\"ImageObject\",\"inLanguage\":\"es\",\"@id\":\"https:\\\/\\\/diariofemenino.com.ar\\\/df\\\/dos-de-cada-tres-nuevos-desocupados-son-mujeres\\\/#primaryimage\",\"url\":\"https:\\\/\\\/diariofemenino.com.ar\\\/df\\\/wp-content\\\/uploads\\\/2018\\\/12\\\/desempleo-644x340.jpg\",\"contentUrl\":\"https:\\\/\\\/diariofemenino.com.ar\\\/df\\\/wp-content\\\/uploads\\\/2018\\\/12\\\/desempleo-644x340.jpg\",\"width\":644,\"height\":340},{\"@type\":\"BreadcrumbList\",\"@id\":\"https:\\\/\\\/diariofemenino.com.ar\\\/df\\\/dos-de-cada-tres-nuevos-desocupados-son-mujeres\\\/#breadcrumb\",\"itemListElement\":[{\"@type\":\"ListItem\",\"position\":1,\"name\":\"Portada\",\"item\":\"https:\\\/\\\/diariofemenino.com.ar\\\/df\\\/\"},{\"@type\":\"ListItem\",\"position\":2,\"name\":\"Dos de cada tres nuevos desocupados son mujeres\"}]},{\"@type\":\"WebSite\",\"@id\":\"https:\\\/\\\/diariofemenino.com.ar\\\/df\\\/#website\",\"url\":\"https:\\\/\\\/diariofemenino.com.ar\\\/df\\\/\",\"name\":\"Diario Digital Femenino\",\"description\":\"Cuesti\u00f3n de G\u00e9nero\",\"publisher\":{\"@id\":\"https:\\\/\\\/diariofemenino.com.ar\\\/df\\\/#organization\"},\"potentialAction\":[{\"@type\":\"SearchAction\",\"target\":{\"@type\":\"EntryPoint\",\"urlTemplate\":\"https:\\\/\\\/diariofemenino.com.ar\\\/df\\\/?s={search_term_string}\"},\"query-input\":{\"@type\":\"PropertyValueSpecification\",\"valueRequired\":true,\"valueName\":\"search_term_string\"}}],\"inLanguage\":\"es\"},{\"@type\":\"Organization\",\"@id\":\"https:\\\/\\\/diariofemenino.com.ar\\\/df\\\/#organization\",\"name\":\"Diario Femenino\",\"url\":\"https:\\\/\\\/diariofemenino.com.ar\\\/df\\\/\",\"logo\":{\"@type\":\"ImageObject\",\"inLanguage\":\"es\",\"@id\":\"https:\\\/\\\/diariofemenino.com.ar\\\/df\\\/#\\\/schema\\\/logo\\\/image\\\/\",\"url\":\"https:\\\/\\\/diariofemenino.com.ar\\\/df\\\/wp-content\\\/uploads\\\/2018\\\/10\\\/logo.png\",\"contentUrl\":\"https:\\\/\\\/diariofemenino.com.ar\\\/df\\\/wp-content\\\/uploads\\\/2018\\\/10\\\/logo.png\",\"width\":500,\"height\":92,\"caption\":\"Diario Femenino\"},\"image\":{\"@id\":\"https:\\\/\\\/diariofemenino.com.ar\\\/df\\\/#\\\/schema\\\/logo\\\/image\\\/\"},\"sameAs\":[\"https:\\\/\\\/www.facebook.com\\\/DiarioDigitaFemenino\\\/\",\"https:\\\/\\\/x.com\\\/DiarioFemenino1\"]},{\"@type\":\"Person\",\"@id\":\"https:\\\/\\\/diariofemenino.com.ar\\\/df\\\/#\\\/schema\\\/person\\\/38f54b3bfd13f561de2460ba95c169c6\",\"name\":\"Admin\",\"image\":{\"@type\":\"ImageObject\",\"inLanguage\":\"es\",\"@id\":\"https:\\\/\\\/diariofemenino.com.ar\\\/df\\\/wp-content\\\/uploads\\\/2018\\\/12\\\/favicon-150x150.jpg\",\"url\":\"https:\\\/\\\/diariofemenino.com.ar\\\/df\\\/wp-content\\\/uploads\\\/2018\\\/12\\\/favicon-150x150.jpg\",\"contentUrl\":\"https:\\\/\\\/diariofemenino.com.ar\\\/df\\\/wp-content\\\/uploads\\\/2018\\\/12\\\/favicon-150x150.jpg\",\"caption\":\"Admin\"},\"url\":\"https:\\\/\\\/diariofemenino.com.ar\\\/df\\\/author\\\/adm18df\\\/\"}]}<\/script>\n<!-- \/ Yoast SEO plugin. -->","yoast_head_json":{"title":"Dos de cada tres nuevos desocupados son mujeres - Diario Digital Femenino","robots":{"index":"index","follow":"follow","max-snippet":"max-snippet:-1","max-image-preview":"max-image-preview:large","max-video-preview":"max-video-preview:-1"},"canonical":"https:\/\/diariofemenino.com.ar\/df\/dos-de-cada-tres-nuevos-desocupados-son-mujeres\/","og_locale":"es_ES","og_type":"article","og_title":"Dos de cada tres nuevos desocupados son mujeres - Diario Digital Femenino","og_description":"As\u00ed lo advierte un trabajo realizado en base a los datos publicados por el Indec.\u00a0Respecto a un a\u00f1o atr\u00e1s, hoy hay 72 mil nuevas desocupadas mujeres y 38 mil nuevos\u00a0desocupados varones. La crisis en el mercado de trabajo impacta en todos los sectores, pero fundamentalmente ataca a quienes se encuentran en una situaci\u00f3n de mayor [&hellip;]","og_url":"https:\/\/diariofemenino.com.ar\/df\/dos-de-cada-tres-nuevos-desocupados-son-mujeres\/","og_site_name":"Diario Digital Femenino","article_publisher":"https:\/\/www.facebook.com\/DiarioDigitaFemenino\/","article_published_time":"2018-12-21T21:51:14+00:00","og_image":[{"width":644,"height":340,"url":"https:\/\/diariofemenino.com.ar\/df\/wp-content\/uploads\/2018\/12\/desempleo-644x340.jpg","type":"image\/jpeg"}],"author":"Admin","twitter_card":"summary_large_image","twitter_creator":"@DiarioFemenino1","twitter_site":"@DiarioFemenino1","twitter_misc":{"Escrito por":"Admin","Tiempo de lectura":"1 minuto"},"schema":{"@context":"https:\/\/schema.org","@graph":[{"@type":"Article","@id":"https:\/\/diariofemenino.com.ar\/df\/dos-de-cada-tres-nuevos-desocupados-son-mujeres\/#article","isPartOf":{"@id":"https:\/\/diariofemenino.com.ar\/df\/dos-de-cada-tres-nuevos-desocupados-son-mujeres\/"},"author":{"name":"Admin","@id":"https:\/\/diariofemenino.com.ar\/df\/#\/schema\/person\/38f54b3bfd13f561de2460ba95c169c6"},"headline":"Dos de cada tres nuevos desocupados son mujeres","datePublished":"2018-12-21T21:51:14+00:00","mainEntityOfPage":{"@id":"https:\/\/diariofemenino.com.ar\/df\/dos-de-cada-tres-nuevos-desocupados-son-mujeres\/"},"wordCount":262,"publisher":{"@id":"https:\/\/diariofemenino.com.ar\/df\/#organization"},"image":{"@id":"https:\/\/diariofemenino.com.ar\/df\/dos-de-cada-tres-nuevos-desocupados-son-mujeres\/#primaryimage"},"thumbnailUrl":"https:\/\/diariofemenino.com.ar\/df\/wp-content\/uploads\/2018\/12\/desempleo-644x340.jpg","keywords":["Desempleo","Mujeres"],"articleSection":["Mujeres"],"inLanguage":"es"},{"@type":"WebPage","@id":"https:\/\/diariofemenino.com.ar\/df\/dos-de-cada-tres-nuevos-desocupados-son-mujeres\/","url":"https:\/\/diariofemenino.com.ar\/df\/dos-de-cada-tres-nuevos-desocupados-son-mujeres\/","name":"Dos de cada tres nuevos desocupados son mujeres - Diario Digital Femenino","isPartOf":{"@id":"https:\/\/diariofemenino.com.ar\/df\/#website"},"primaryImageOfPage":{"@id":"https:\/\/diariofemenino.com.ar\/df\/dos-de-cada-tres-nuevos-desocupados-son-mujeres\/#primaryimage"},"image":{"@id":"https:\/\/diariofemenino.com.ar\/df\/dos-de-cada-tres-nuevos-desocupados-son-mujeres\/#primaryimage"},"thumbnailUrl":"https:\/\/diariofemenino.com.ar\/df\/wp-content\/uploads\/2018\/12\/desempleo-644x340.jpg","datePublished":"2018-12-21T21:51:14+00:00","breadcrumb":{"@id":"https:\/\/diariofemenino.com.ar\/df\/dos-de-cada-tres-nuevos-desocupados-son-mujeres\/#breadcrumb"},"inLanguage":"es","potentialAction":[{"@type":"ReadAction","target":["https:\/\/diariofemenino.com.ar\/df\/dos-de-cada-tres-nuevos-desocupados-son-mujeres\/"]}]},{"@type":"ImageObject","inLanguage":"es","@id":"https:\/\/diariofemenino.com.ar\/df\/dos-de-cada-tres-nuevos-desocupados-son-mujeres\/#primaryimage","url":"https:\/\/diariofemenino.com.ar\/df\/wp-content\/uploads\/2018\/12\/desempleo-644x340.jpg","contentUrl":"https:\/\/diariofemenino.com.ar\/df\/wp-content\/uploads\/2018\/12\/desempleo-644x340.jpg","width":644,"height":340},{"@type":"BreadcrumbList","@id":"https:\/\/diariofemenino.com.ar\/df\/dos-de-cada-tres-nuevos-desocupados-son-mujeres\/#breadcrumb","itemListElement":[{"@type":"ListItem","position":1,"name":"Portada","item":"https:\/\/diariofemenino.com.ar\/df\/"},{"@type":"ListItem","position":2,"name":"Dos de cada tres nuevos desocupados son mujeres"}]},{"@type":"WebSite","@id":"https:\/\/diariofemenino.com.ar\/df\/#website","url":"https:\/\/diariofemenino.com.ar\/df\/","name":"Diario Digital Femenino","description":"Cuesti\u00f3n de G\u00e9nero","publisher":{"@id":"https:\/\/diariofemenino.com.ar\/df\/#organization"},"potentialAction":[{"@type":"SearchAction","target":{"@type":"EntryPoint","urlTemplate":"https:\/\/diariofemenino.com.ar\/df\/?s={search_term_string}"},"query-input":{"@type":"PropertyValueSpecification","valueRequired":true,"valueName":"search_term_string"}}],"inLanguage":"es"},{"@type":"Organization","@id":"https:\/\/diariofemenino.com.ar\/df\/#organization","name":"Diario Femenino","url":"https:\/\/diariofemenino.com.ar\/df\/","logo":{"@type":"ImageObject","inLanguage":"es","@id":"https:\/\/diariofemenino.com.ar\/df\/#\/schema\/logo\/image\/","url":"https:\/\/diariofemenino.com.ar\/df\/wp-content\/uploads\/2018\/10\/logo.png","contentUrl":"https:\/\/diariofemenino.com.ar\/df\/wp-content\/uploads\/2018\/10\/logo.png","width":500,"height":92,"caption":"Diario Femenino"},"image":{"@id":"https:\/\/diariofemenino.com.ar\/df\/#\/schema\/logo\/image\/"},"sameAs":["https:\/\/www.facebook.com\/DiarioDigitaFemenino\/","https:\/\/x.com\/DiarioFemenino1"]},{"@type":"Person","@id":"https:\/\/diariofemenino.com.ar\/df\/#\/schema\/person\/38f54b3bfd13f561de2460ba95c169c6","name":"Admin","image":{"@type":"ImageObject","inLanguage":"es","@id":"https:\/\/diariofemenino.com.ar\/df\/wp-content\/uploads\/2018\/12\/favicon-150x150.jpg","url":"https:\/\/diariofemenino.com.ar\/df\/wp-content\/uploads\/2018\/12\/favicon-150x150.jpg","contentUrl":"https:\/\/diariofemenino.com.ar\/df\/wp-content\/uploads\/2018\/12\/favicon-150x150.jpg","caption":"Admin"},"url":"https:\/\/diariofemenino.com.ar\/df\/author\/adm18df\/"}]}},"jetpack_featured_media_url":"https:\/\/diariofemenino.com.ar\/df\/wp-content\/uploads\/2018\/12\/desempleo-644x340.jpg","jetpack_sharing_enabled":true,"rttpg_featured_image_url":{"full":["https:\/\/diariofemenino.com.ar\/df\/wp-content\/uploads\/2018\/12\/desempleo-644x340.jpg",644,340,false],"landscape":["https:\/\/diariofemenino.com.ar\/df\/wp-content\/uploads\/2018\/12\/desempleo-644x340.jpg",644,340,false],"portraits":["https:\/\/diariofemenino.com.ar\/df\/wp-content\/uploads\/2018\/12\/desempleo-644x340.jpg",644,340,false],"thumbnail":["https:\/\/diariofemenino.com.ar\/df\/wp-content\/uploads\/2018\/12\/desempleo-644x340-150x150.jpg",150,150,true],"medium":["https:\/\/diariofemenino.com.ar\/df\/wp-content\/uploads\/2018\/12\/desempleo-644x340-300x158.jpg",300,158,true],"large":["https:\/\/diariofemenino.com.ar\/df\/wp-content\/uploads\/2018\/12\/desempleo-644x340.jpg",644,340,false],"1536x1536":["https:\/\/diariofemenino.com.ar\/df\/wp-content\/uploads\/2018\/12\/desempleo-644x340.jpg",644,340,false],"2048x2048":["https:\/\/diariofemenino.com.ar\/df\/wp-content\/uploads\/2018\/12\/desempleo-644x340.jpg",644,340,false]},"rttpg_author":{"display_name":"Admin","author_link":"https:\/\/diariofemenino.com.ar\/df\/author\/adm18df\/"},"rttpg_comment":0,"rttpg_category":"<a href=\"https:\/\/diariofemenino.com.ar\/df\/category\/mujeres\/\" rel=\"category tag\">Mujeres<\/a>","rttpg_excerpt":"As\u00ed lo advierte un trabajo realizado en base a los datos publicados por el Indec.\u00a0Respecto a un a\u00f1o atr\u00e1s, hoy hay 72 mil nuevas desocupadas mujeres y 38 mil nuevos\u00a0desocupados varones. La crisis en el mercado de trabajo impacta en todos los sectores, pero fundamentalmente ataca a quienes se encuentran en una situaci\u00f3n de mayor&hellip;","_links":{"self":[{"href":"https:\/\/diariofemenino.com.ar\/df\/wp-json\/wp\/v2\/posts\/30330","targetHints":{"allow":["GET"]}}],"collection":[{"href":"https:\/\/diariofemenino.com.ar\/df\/wp-json\/wp\/v2\/posts"}],"about":[{"href":"https:\/\/diariofemenino.com.ar\/df\/wp-json\/wp\/v2\/types\/post"}],"author":[{"embeddable":true,"href":"https:\/\/diariofemenino.com.ar\/df\/wp-json\/wp\/v2\/users\/1"}],"replies":[{"embeddable":true,"href":"https:\/\/diariofemenino.com.ar\/df\/wp-json\/wp\/v2\/comments?post=30330"}],"version-history":[{"count":0,"href":"https:\/\/diariofemenino.com.ar\/df\/wp-json\/wp\/v2\/posts\/30330\/revisions"}],"wp:featuredmedia":[{"embeddable":true,"href":"https:\/\/diariofemenino.com.ar\/df\/wp-json\/wp\/v2\/media\/30331"}],"wp:attachment":[{"href":"https:\/\/diariofemenino.com.ar\/df\/wp-json\/wp\/v2\/media?parent=30330"}],"wp:term":[{"taxonomy":"category","embeddable":true,"href":"https:\/\/diariofemenino.com.ar\/df\/wp-json\/wp\/v2\/categories?post=30330"},{"taxonomy":"post_tag","embeddable":true,"href":"https:\/\/diariofemenino.com.ar\/df\/wp-json\/wp\/v2\/tags?post=30330"}],"curies":[{"name":"wp","href":"https:\/\/api.w.org\/{rel}","templated":true}]}}