{"id":30326,"date":"2018-12-20T14:17:24","date_gmt":"2018-12-20T17:17:24","guid":{"rendered":"http:\/\/diariofemenino.com.ar\/v2\/?p=30326"},"modified":"2021-09-18T21:03:25","modified_gmt":"2021-09-19T00:03:25","slug":"21-libros-feministas-para-ponerte-las-gafas-moradasd","status":"publish","type":"post","link":"https:\/\/diariofemenino.com.ar\/df\/21-libros-feministas-para-ponerte-las-gafas-moradasd\/","title":{"rendered":"21 libros feministas para ponerte las gafas moradas"},"content":{"rendered":"<p class=\"headline__subtitle\"><strong>Simone de Beauvoir, Betty Friedan, Towanda Rebels&#8230; Aqu\u00ed tienes un mont\u00f3n de libros sobre feminismo para aprender todo lo que te hace falta.<\/strong><\/p>\n<header id=\"entry-header\" class=\"entry__header yr-entry-header\" data-rapid-sec=\"{&quot;entry-header&quot;:&quot;entry-header&quot;}\">\n<div class=\"author-byline yr-byline\" data-rapid-subsec=\"byline\">\n<ul class=\"author-list \">\n<li class=\"author-card yr-author-card\" data-rapid-cpos=\"1\">\n<div class=\"author-card__details\"><span class=\"author-card__details-container\"><a class=\"author-card__details__name\" href=\"https:\/\/www.huffingtonpost.es\/author\/carlota-ramirez\" data-ylk=\"subsec:byline;cpos:1;pos:2\" data-rapid-sec=\"{&quot;entry-header&quot;:&quot;entry-header&quot;}\" data-rapid-pos=\"2\" data-rapid_p=\"9\" data-v9y=\"1\"><span class=\"author-card__details__name\">Por Carlota E. Ram\u00edrez<\/span><\/a><\/span><\/div>\n<\/li>\n<\/ul>\n<\/div>\n<\/header>\n<div class=\"page__content__row row--no-border\">\n<div class=\"col col--body-center\">\n<div class=\"entry__below-entry\">\n<div class=\"entry__content js-entry-content\">\n<div class=\"entry__body\" data-part=\"contents\">\n<div id=\"sharebox_260x60\" class=\"advertisement sharebox_260x60\">\n<p>\u00a0El\u00a0<a href=\"https:\/\/www.huffingtonpost.es\/news\/feminismo\/\" target=\"_blank\" rel=\"noopener\" data-rapid-elm=\"context_link\" data-ylk=\"elm:context_link\" data-rapid-sec=\"{&quot;entry-text&quot;:&quot;entry-text&quot;}\" data-rapid_p=\"1\" data-v9y=\"1\">feminismo<\/a>\u00a0est\u00e1 a la orden del d\u00eda en la pol\u00edtica, en la cultura e incluso en las conversaciones cotidianas con amigos del bar. Las mujeres levantan la voz m\u00e1s fuerte y tomen las calles, la pol\u00edtica y la cultura.<\/p>\n<\/div>\n<div id=\"entry-text\" class=\"post-contents yr-entry-text\" data-rapid-sec=\"{&quot;entry-text&quot;:&quot;entry-text&quot;}\">\n<p>Para entender todo lo que est\u00e1 pasando se est\u00e1n publicando muchos libros sobre la situaci\u00f3n de las mujeres, el nuevo papel de los hombres o la ausencia de Igualdad. Adem\u00e1s, muchos est\u00e1n recuperando viejos cl\u00e1sicos como\u00a0<em>El Segundo Sexo<\/em>, de Simone de Beauvoir, que permiten sentar las bases del movimiento y comprender de d\u00f3nde salen y por qu\u00e9 hay tantas reivindicaciones.<\/p>\n<p>Una vez que uno se informa, empieza a ver todo con perspectiva de g\u00e9nero, lo que se llama \u00abponerse las gafas moradas\u00bb y es muy muy dif\u00edcil \u2014por no decir imposible\u2014 quit\u00e1rselas. \u00bfPreparado?<\/p>\n<ul id=\"listicle-911838\" class=\"content-list-component listicle yr-listicle\" data-id=\"911838\" data-length=\"21\" data-rapid-subsec=\"listicle\">\n<li class=\"listicle__slide yr-listicle-slide\" data-credit=\"B de Bolsillo\" data-id=\"7389010\" data-index=\"0\" data-sharingimage=\"https:\/\/s.blogcdn.com\/slideshows\/images\/slides\/738\/901\/0\/S7389010\/slug\/l\/captura-de-pantalla-2018-08-03-a-las-13-24-38-1.jpg\" data-type=\"image\" data-rapid-cpos=\"1\">\n<div class=\"listicle__slide-header\"><span class=\"listicle__slide-title\">&#8216;Feminismo para principiantes&#8217;, de Nuria Varela<\/span><\/div>\n<div class=\"listicle__slide-content\"><span class=\"lazy-load-image\" data-img-src=\"https:\/\/s.blogcdn.com\/slideshows\/images\/slides\/738\/901\/0\/S7389010\/slug\/l\/captura-de-pantalla-2018-08-03-a-las-13-24-38-1.jpg\"><img decoding=\"async\" src=\"https:\/\/s.blogcdn.com\/slideshows\/images\/slides\/738\/901\/0\/S7389010\/slug\/l\/captura-de-pantalla-2018-08-03-a-las-13-24-38-1.jpg\" alt=\"\" \/><\/span><\/div>\n<div class=\"listicle__slide-credits\">B de Bolsillo<\/div>\n<div class=\"listicle__slide-caption\">\n<p>Si lo que quieres es empezar desde el principio, este es tu libro. En\u00a0<a href=\"https:\/\/www.amazon.es\/Feminismo-para-principiantes-B-BOLSILLO\/dp\/8498728738\/ref=sr_1_1?ie=UTF8&amp;qid=1533893376&amp;sr=8-1&amp;huffpost2018-21\" data-ylk=\"subsec:listicle;elm:context_link\" data-rapid-sec=\"{&quot;entry-text&quot;:&quot;entry-text&quot;}\" data-rapid-pos=\"1\" data-rapid-elm=\"context_link\" data-rapid_p=\"3\" data-v9y=\"0\"><em>Feminismo para principiantes<\/em><\/a>\u00a0la autora explica cosas tan b\u00e1sicas como qu\u00e9 es, c\u00f3mo comenz\u00f3, por qu\u00e9 ha estado ridiculizado, qu\u00e9 es la violencia de g\u00e9nero o en qu\u00e9 consiste la masculinidad.<\/p>\n<p>Si no sabes por donde empezar con esto del feminismo y te ha pillado el toro, esta introducci\u00f3n de Nuria Varela es imprescindible.<\/p>\n<\/div>\n<\/li>\n<li class=\"listicle__slide yr-listicle-slide\" data-credit=\"Random House\" data-id=\"7389006\" data-index=\"0\" data-sharingimage=\"https:\/\/s.blogcdn.com\/slideshows\/images\/slides\/738\/900\/6\/S7389006\/slug\/l\/captura-de-pantalla-2018-08-03-a-las-13-15-47-1.jpg\" data-type=\"image\" data-rapid-cpos=\"2\">\n<div class=\"listicle__slide-header\"><span class=\"listicle__slide-title\">&#8216;Todos deber\u00edamos ser feminstas&#8217;- Chimamanda Ngozi Adiche<\/span><\/div>\n<div class=\"listicle__slide-content\"><span class=\"lazy-load-image\" data-img-src=\"https:\/\/s.blogcdn.com\/slideshows\/images\/slides\/738\/900\/6\/S7389006\/slug\/l\/captura-de-pantalla-2018-08-03-a-las-13-15-47-1.jpg\"><img decoding=\"async\" src=\"https:\/\/s.blogcdn.com\/slideshows\/images\/slides\/738\/900\/6\/S7389006\/slug\/l\/captura-de-pantalla-2018-08-03-a-las-13-15-47-1.jpg\" alt=\"\" \/><\/span><\/div>\n<div class=\"listicle__slide-credits\">Random House<\/div>\n<div class=\"listicle__slide-caption\">\n<p>Con este texto, Chimamanda Ngozi Adichie trata de explicar que el feminismo no es s\u00f3lo cosa de mujeres. Se\u00f1ala lo que es ser feminista en esta \u00e9poca y llama a criar de otra forma a las nuevas generaciones para crear un mundo m\u00e1s justo.<\/p>\n<p><a href=\"https:\/\/www.amazon.es\/Todos-deber%C3%ADamos-feministas-Literatura-Random\/dp\/8439730489\/ref=sr_1_1?s=books&amp;ie=UTF8&amp;qid=1533893475&amp;sr=1-1&amp;huffpost2018-21\" data-ylk=\"subsec:listicle;elm:context_link\" data-rapid-sec=\"{&quot;entry-text&quot;:&quot;entry-text&quot;}\" data-rapid-pos=\"1\" data-rapid-elm=\"context_link\" data-rapid_p=\"4\" data-v9y=\"0\"><em>Todos deber\u00edamos ser feministas<\/em><\/a>\u00a0es un alegato a favor de un mundo m\u00e1s igualitario que toda persona interesada en el feminismo deber\u00eda leer.<\/p>\n<\/div>\n<\/li>\n<li class=\"listicle__slide yr-listicle-slide\" data-credit=\"Di\u00e1logo\" data-id=\"7389011\" data-index=\"0\" data-sharingimage=\"https:\/\/s.blogcdn.com\/slideshows\/images\/slides\/738\/901\/1\/S7389011\/slug\/l\/captura-de-pantalla-2018-08-03-a-las-13-26-12-1.jpg\" data-type=\"image\" data-rapid-cpos=\"3\">\n<div class=\"listicle__slide-header\"><span class=\"listicle__slide-title\">&#8216;El segundo sexo&#8217;, de Simone de Beauvoir<\/span><\/div>\n<div class=\"listicle__slide-content\"><span class=\"lazy-load-image\" data-img-src=\"https:\/\/s.blogcdn.com\/slideshows\/images\/slides\/738\/901\/1\/S7389011\/slug\/l\/captura-de-pantalla-2018-08-03-a-las-13-26-12-1.jpg\"><img decoding=\"async\" src=\"https:\/\/s.blogcdn.com\/slideshows\/images\/slides\/738\/901\/1\/S7389011\/slug\/l\/captura-de-pantalla-2018-08-03-a-las-13-26-12-1.jpg\" alt=\"\" \/><\/span><\/div>\n<div class=\"listicle__slide-credits\">Di\u00e1logo<\/div>\n<div class=\"listicle__slide-caption\">\n<p>Todo el que sepa de feminismo habr\u00e1 o\u00eddo hablar de\u00a0<a href=\"https:\/\/www.amazon.es\/segundo-sexo-Feminismos-Simone-Beauvoir\/dp\/8437637368\/ref=sr_1_1?s=books&amp;ie=UTF8&amp;qid=1533893516&amp;sr=1-1&amp;huffpost2018-21\" data-ylk=\"subsec:listicle;elm:context_link\" data-rapid-sec=\"{&quot;entry-text&quot;:&quot;entry-text&quot;}\" data-rapid-pos=\"1\" data-rapid-elm=\"context_link\" data-rapid_p=\"5\" data-v9y=\"0\"><em>El segundo sexo<\/em><\/a>, de Simone de Beauvoir. Es una obra clave en la literatura feminista y se considera el ensayo m\u00e1s importante del movimiento.<\/p>\n<p>Ha sido la base para escribir todo lo publicado\u00a0posteriormente sobre el feminismo.<\/p>\n<p>Analiza la condici\u00f3n femenina en la sociedad desde distintos puntos de vista como el psicol\u00f3gico, el hist\u00f3rico o el cient\u00edfico y se pregunta por qu\u00e9 la mitad de la sociedad se encuentra en una situaci\u00f3n mas desfavorecida.<\/p>\n<\/div>\n<\/li>\n<li class=\"listicle__slide yr-listicle-slide\" data-credit=\"Ramdom House\" data-id=\"7389003\" data-index=\"0\" data-sharingimage=\"https:\/\/s.blogcdn.com\/slideshows\/images\/slides\/738\/900\/3\/S7389003\/slug\/l\/captura-de-pantalla-2018-08-03-a-las-13-02-23-1.jpg\" data-type=\"image\" data-rapid-cpos=\"4\">\n<div class=\"listicle__slide-header\"><span class=\"listicle__slide-title\">&#8216;Teor\u00eda King Kong&#8217;, de Virginie Despentes<\/span><\/div>\n<div class=\"listicle__slide-content\"><span class=\"lazy-load-image\" data-img-src=\"https:\/\/s.blogcdn.com\/slideshows\/images\/slides\/738\/900\/3\/S7389003\/slug\/l\/captura-de-pantalla-2018-08-03-a-las-13-02-23-1.jpg\"><img decoding=\"async\" src=\"https:\/\/s.blogcdn.com\/slideshows\/images\/slides\/738\/900\/3\/S7389003\/slug\/l\/captura-de-pantalla-2018-08-03-a-las-13-02-23-1.jpg\" alt=\"\" \/><\/span><\/div>\n<div class=\"listicle__slide-credits\">Ramdom House<\/div>\n<div class=\"listicle__slide-caption\">\n<p>En\u00a0<a href=\"https:\/\/www.amazon.es\/Teor%C3%ADa-King-Literatura-Random-House\/dp\/8439733852\/ref=sr_1_1?s=books&amp;ie=UTF8&amp;qid=1533893636&amp;sr=1-1&amp;huffpost2018-21\" data-ylk=\"subsec:listicle;elm:context_link\" data-rapid-sec=\"{&quot;entry-text&quot;:&quot;entry-text&quot;}\" data-rapid-pos=\"1\" data-rapid-elm=\"context_link\" data-rapid_p=\"6\" data-v9y=\"0\"><em>Teor\u00eda King Kong<\/em><\/a>, la escritora Despentes habla desde su experiencia personal sobre la violaci\u00f3n, la prostituci\u00f3n, la represi\u00f3n del deseo o la pornograf\u00eda. Es un libro que aborda el feminismo desde la historia de la autora, que habla sin tapujos de su etapa como prostituta o de la violaci\u00f3n\u00a0que ella misma sufri\u00f3 en sus carnes.<\/p>\n<\/div>\n<\/li>\n<li class=\"listicle__slide yr-listicle-slide\" data-credit=\"AUSTRAL\" data-id=\"7389004\" data-index=\"0\" data-sharingimage=\"https:\/\/s.blogcdn.com\/slideshows\/images\/slides\/738\/900\/4\/S7389004\/slug\/l\/captura-de-pantalla-2018-08-03-a-las-13-07-43-1.jpg\" data-type=\"image\" data-rapid-cpos=\"5\">\n<div class=\"listicle__slide-header\"><span class=\"listicle__slide-title\">&#8216;Una habitaci\u00f3n propia&#8217;, de Virginia Woolf<\/span><\/div>\n<div class=\"listicle__slide-content\"><span class=\"lazy-load-image\" data-img-src=\"https:\/\/s.blogcdn.com\/slideshows\/images\/slides\/738\/900\/4\/S7389004\/slug\/l\/captura-de-pantalla-2018-08-03-a-las-13-07-43-1.jpg\"><img decoding=\"async\" src=\"https:\/\/s.blogcdn.com\/slideshows\/images\/slides\/738\/900\/4\/S7389004\/slug\/l\/captura-de-pantalla-2018-08-03-a-las-13-07-43-1.jpg\" alt=\"\" \/><\/span><\/div>\n<div class=\"listicle__slide-credits\">AUSTRAL<\/div>\n<div class=\"listicle__slide-caption\">\n<p>Virginia Woolf escribi\u00f3\u00a0<a href=\"https:\/\/www.amazon.es\/Una-habitaci%C3%B3n-propia-Austral-Singular\/dp\/8432222828\/ref=sr_1_1?s=books&amp;ie=UTF8&amp;qid=1533893660&amp;sr=1-1&amp;huffpost2018-21\" data-ylk=\"subsec:listicle;elm:context_link\" data-rapid-sec=\"{&quot;entry-text&quot;:&quot;entry-text&quot;}\" data-rapid-pos=\"1\" data-rapid-elm=\"context_link\" data-rapid_p=\"7\" data-v9y=\"0\"><em>Una habitaci\u00f3n propia<\/em><\/a>\u00a0en 1929 y hoy est\u00e1 considerado como uno de los referentes del feminismo. Woolf cuestiona la sociedad en la que viv\u00eda, cuando las mujeres no ten\u00edan libertad por depender econ\u00f3micamente de sus maridos.<\/p>\n<p>Habla del mundo de la literatura y piensa que el dinero dar\u00e1 a las mujeres libertad para escribir. Habla de las limitaciones de la educaci\u00f3n y los estudios y del sobreesfuerzo de las mujeres a la hora de trabajar en comparaci\u00f3n con los hombres.<\/p>\n<\/div>\n<\/li>\n<li class=\"listicle__slide yr-listicle-slide\" data-credit=\"STUDIO\" data-id=\"7389005\" data-index=\"0\" data-sharingimage=\"https:\/\/s.blogcdn.com\/slideshows\/images\/slides\/738\/900\/5\/S7389005\/slug\/l\/captura-de-pantalla-2018-08-03-a-las-13-13-10-1.jpg\" data-type=\"image\" data-rapid-cpos=\"6\">\n<div class=\"listicle__slide-header\"><span class=\"listicle__slide-title\">&#8216;El g\u00e9nero en disputa&#8217;, de Judith Butler<\/span><\/div>\n<div class=\"listicle__slide-content\"><span class=\"lazy-load-image\" data-img-src=\"https:\/\/s.blogcdn.com\/slideshows\/images\/slides\/738\/900\/5\/S7389005\/slug\/l\/captura-de-pantalla-2018-08-03-a-las-13-13-10-1.jpg\"><img decoding=\"async\" src=\"https:\/\/s.blogcdn.com\/slideshows\/images\/slides\/738\/900\/5\/S7389005\/slug\/l\/captura-de-pantalla-2018-08-03-a-las-13-13-10-1.jpg\" alt=\"\" \/><\/span><\/div>\n<div class=\"listicle__slide-credits\">STUDIO<\/div>\n<div class=\"listicle__slide-caption\">\n<p>Se trata de otro de los cl\u00e1sicos de la Teor\u00eda Feminista.\u00a0<a href=\"https:\/\/www.amazon.es\/g%C3%A9nero-disputa-feminismo-subversi%C3%B3n-identidad\/dp\/8449320305\/ref=sr_1_1?s=books&amp;ie=UTF8&amp;qid=1533893733&amp;sr=1-1&amp;huffpost2018-21\" data-ylk=\"subsec:listicle;elm:context_link\" data-rapid-sec=\"{&quot;entry-text&quot;:&quot;entry-text&quot;}\" data-rapid-pos=\"1\" data-rapid-elm=\"context_link\" data-rapid_p=\"8\" data-v9y=\"0\"><em>El g\u00e9nero en disputa<\/em><\/a>\u00a0es una de las obras claves para entender la teor\u00eda\u00a0<em>queer<\/em>. Critica las identidades de g\u00e9nero que se consideran inmutables y binarias y se acerca a estudios pioneros del travestismo. La autora es una clara defensora de la diversidad sexual.<\/p>\n<\/div>\n<\/li>\n<li class=\"listicle__slide yr-listicle-slide\" data-credit=\"Feminismos\" data-id=\"7389007\" data-index=\"0\" data-sharingimage=\"https:\/\/s.blogcdn.com\/slideshows\/images\/slides\/738\/900\/7\/S7389007\/slug\/l\/captura-de-pantalla-2018-08-03-a-las-13-17-18-1.jpg\" data-type=\"image\" data-rapid-cpos=\"7\">\n<div class=\"listicle__slide-header\"><span class=\"listicle__slide-title\">&#8216;Pol\u00edtica sexual&#8217;, de Kate Millet<\/span><\/div>\n<div class=\"listicle__slide-content\"><span class=\"lazy-load-image\" data-img-src=\"https:\/\/s.blogcdn.com\/slideshows\/images\/slides\/738\/900\/7\/S7389007\/slug\/l\/captura-de-pantalla-2018-08-03-a-las-13-17-18-1.jpg\"><img decoding=\"async\" src=\"https:\/\/s.blogcdn.com\/slideshows\/images\/slides\/738\/900\/7\/S7389007\/slug\/l\/captura-de-pantalla-2018-08-03-a-las-13-17-18-1.jpg\" alt=\"\" \/><\/span><\/div>\n<div class=\"listicle__slide-credits\">Feminismos<\/div>\n<div class=\"listicle__slide-caption\">\n<p>Otro de los cl\u00e1sicos de la Teor\u00eda Feminista. Con este ensayo, Kate Millet\u00a0habla sobre el sexo y qu\u00e9 tiene que ver \u00e9ste con la pol\u00edtica.<\/p>\n<p><a href=\"https:\/\/www.amazon.es\/Pol%C3%ADtica-sexual-Feminismos-Kate-Millett\/dp\/8437637376\/ref=sr_1_1?s=books&amp;ie=UTF8&amp;qid=1533893831&amp;sr=1-1&amp;huffpost2018-21\" data-ylk=\"subsec:listicle;elm:context_link\" data-rapid-sec=\"{&quot;entry-text&quot;:&quot;entry-text&quot;}\" data-rapid-pos=\"1\" data-rapid-elm=\"context_link\" data-rapid_p=\"9\" data-v9y=\"0\"><em>Pol\u00edtica sexual<\/em><\/a>\u00a0trata de aclarar c\u00f3mo se han ido transformando las relaciones sexuales tradicionales y hace un examen de c\u00f3mo las pr\u00e1cticas sexuales tambi\u00e9n han puesto en posici\u00f3n de subordinaci\u00f3n y sumisi\u00f3n a la mujer a lo largo de la historia.<\/p>\n<\/div>\n<\/li>\n<li class=\"listicle__slide yr-listicle-slide\" data-credit=\"Bruguera\" data-id=\"7389012\" data-index=\"0\" data-sharingimage=\"https:\/\/s.blogcdn.com\/slideshows\/images\/slides\/738\/901\/2\/S7389012\/slug\/l\/captura-de-pantalla-2018-08-03-a-las-13-27-16-1.jpg\" data-type=\"image\" data-rapid-cpos=\"8\">\n<div class=\"listicle__slide-header\"><span class=\"listicle__slide-title\">&#8216;El cuento de la criada&#8217;, de Margaret Atwood<\/span><\/div>\n<div class=\"listicle__slide-content\"><span class=\"lazy-load-image\" data-img-src=\"https:\/\/s.blogcdn.com\/slideshows\/images\/slides\/738\/901\/2\/S7389012\/slug\/l\/captura-de-pantalla-2018-08-03-a-las-13-27-16-1.jpg\"><img decoding=\"async\" src=\"https:\/\/s.blogcdn.com\/slideshows\/images\/slides\/738\/901\/2\/S7389012\/slug\/l\/captura-de-pantalla-2018-08-03-a-las-13-27-16-1.jpg\" alt=\"\" \/><\/span><\/div>\n<div class=\"listicle__slide-credits\">Bruguera<\/div>\n<div class=\"listicle__slide-caption\">\n<p>En\u00a0<a href=\"https:\/\/www.amazon.es\/CUENTO-CRIADA-Narrativa-Margaret-Atwood\/dp\/8498388015\/ref=sr_1_1?s=books&amp;ie=UTF8&amp;qid=1533895288&amp;sr=1-1&amp;huffpost2018-21\" data-ylk=\"subsec:listicle;elm:context_link\" data-rapid-sec=\"{&quot;entry-text&quot;:&quot;entry-text&quot;}\" data-rapid-pos=\"1\" data-rapid-elm=\"context_link\" data-rapid_p=\"10\" data-v9y=\"0\"><em>El cuento de la criada<\/em><\/a>, Atwood cuenta la historia de unos pol\u00edticos que se hacen con el poder y suprimen la libertad de prensa y los derechos de las mujeres.<\/p>\n<p>En una angustiosa novela, la autora relata una realidad en la Rep\u00fablica de Gilead donde el papel de la mujer es reducido al de criada o sirvienta, entre cuyas funciones est\u00e1 la de tener hijos (las que pueden). Cuenta la historia de Defred, encerrada en esa dictadura puritana que controla su alimentaci\u00f3n, vestimenta y actividad sexual.<\/p>\n<\/div>\n<\/li>\n<li class=\"listicle__slide yr-listicle-slide\" data-credit=\"Feminismos\" data-id=\"7389013\" data-index=\"0\" data-sharingimage=\"https:\/\/s.blogcdn.com\/slideshows\/images\/slides\/738\/901\/3\/S7389013\/slug\/l\/captura-de-pantalla-2018-08-03-a-las-13-28-08-1.jpg\" data-type=\"image\" data-rapid-cpos=\"9\">\n<div class=\"listicle__slide-header\"><span class=\"listicle__slide-title\">&#8216;La m\u00edstica de la feminidad&#8217;, de Betty Friedan<\/span><\/div>\n<div class=\"listicle__slide-content\"><span class=\"lazy-load-image\" data-img-src=\"https:\/\/s.blogcdn.com\/slideshows\/images\/slides\/738\/901\/3\/S7389013\/slug\/l\/captura-de-pantalla-2018-08-03-a-las-13-28-08-1.jpg\"><img decoding=\"async\" src=\"https:\/\/s.blogcdn.com\/slideshows\/images\/slides\/738\/901\/3\/S7389013\/slug\/l\/captura-de-pantalla-2018-08-03-a-las-13-28-08-1.jpg\" alt=\"\" \/><\/span><\/div>\n<div class=\"listicle__slide-credits\">Feminismos<\/div>\n<div class=\"listicle__slide-caption\">\n<p><a href=\"https:\/\/www.amazon.es\/m%C3%ADstica-feminidad-Feminismos-Betty-Friedan\/dp\/8437636043\/ref=sr_1_1?s=books&amp;ie=UTF8&amp;qid=1533895872&amp;sr=1-1&amp;huffpost2018-21\" data-ylk=\"subsec:listicle;elm:context_link\" data-rapid-sec=\"{&quot;entry-text&quot;:&quot;entry-text&quot;}\" data-rapid-pos=\"1\" data-rapid-elm=\"context_link\" data-rapid_p=\"11\" data-v9y=\"1\"><em>La m\u00edstica de la feminidad\u00a0<\/em><\/a>se public\u00f3 inicialmente en 1936. Es un libro de investigaci\u00f3n que se aproxima a\u00a0<em>El segundo sexo<\/em>, de Simone de Beauvoir.<\/p>\n<p>Para la autora, la \u00abm\u00edstica de la feminidad\u00bb es la imagen de lo esencialmente femenino. Es la imagen que transmiten las revistas para mujeres o la publicidad. Es un libro clave en la autoconciencia de las mujeres como grupo.<\/p>\n<\/div>\n<\/li>\n<li class=\"listicle__slide yr-listicle-slide\" data-credit=\"AKAL\" data-id=\"7389014\" data-index=\"0\" data-sharingimage=\"https:\/\/s.blogcdn.com\/slideshows\/images\/slides\/738\/901\/4\/S7389014\/slug\/l\/captura-de-pantalla-2018-08-03-a-las-13-30-28-1.jpg\" data-type=\"image\" data-rapid-cpos=\"10\">\n<div class=\"listicle__slide-header\"><span class=\"listicle__slide-title\">&#8216;Mujeres, raza y clase&#8217;, de Angela Davis<\/span><\/div>\n<div class=\"listicle__slide-content\"><span class=\"lazy-load-image\" data-img-src=\"https:\/\/s.blogcdn.com\/slideshows\/images\/slides\/738\/901\/4\/S7389014\/slug\/l\/captura-de-pantalla-2018-08-03-a-las-13-30-28-1.jpg\"><img decoding=\"async\" src=\"https:\/\/s.blogcdn.com\/slideshows\/images\/slides\/738\/901\/4\/S7389014\/slug\/l\/captura-de-pantalla-2018-08-03-a-las-13-30-28-1.jpg\" alt=\"\" \/><\/span><\/div>\n<div class=\"listicle__slide-credits\">AKAL<\/div>\n<div class=\"listicle__slide-caption\">\n<p>En\u00a0<em><a href=\"https:\/\/www.amazon.es\/Mujeres-raza-clase-Cuestiones-antagonismo\/dp\/8446020939\/ref=sr_1_1?s=books&amp;ie=UTF8&amp;qid=1533895958&amp;sr=1-1&amp;huffpost2018-21\" data-ylk=\"subsec:listicle;elm:context_link\" data-rapid-sec=\"{&quot;entry-text&quot;:&quot;entry-text&quot;}\" data-rapid-pos=\"1\" data-rapid-elm=\"context_link\" data-rapid_p=\"12\" data-v9y=\"1\">Mujeres, raza y clase<\/a>,\u00a0<\/em>Angela Davis habla de la invisibilizaci\u00f3n de las mujeres negras y sus reivindicaciones. Analiza las causas de este problema y pone de manifiesto las estrategias de lucha de las mujeres negras y analiza\u00a0los movimientos pol\u00edticos actuales.<\/p>\n<p>Muchas te\u00f3ricas feministas negras\u00a0han criticado al feminismo hegem\u00f3nico porque consideran que no representa a todas las mujeres.<\/p>\n<\/div>\n<\/li>\n<li class=\"listicle__slide yr-listicle-slide\" data-credit=\"Pen\u00ednsula\" data-id=\"7389015\" data-index=\"0\" data-sharingimage=\"https:\/\/s.blogcdn.com\/slideshows\/images\/slides\/738\/901\/5\/S7389015\/slug\/l\/captura-de-pantalla-2018-08-03-a-las-13-41-59-1.jpg\" data-type=\"image\" data-rapid-cpos=\"11\">\n<div class=\"listicle__slide-header\"><span class=\"listicle__slide-title\">&#8216;Nuevos hombres buenos&#8217;, de Ritxar Bacete<\/span><\/div>\n<div class=\"listicle__slide-content\"><span class=\"lazy-load-image\" data-img-src=\"https:\/\/s.blogcdn.com\/slideshows\/images\/slides\/738\/901\/5\/S7389015\/slug\/l\/captura-de-pantalla-2018-08-03-a-las-13-41-59-1.jpg\"><img decoding=\"async\" src=\"https:\/\/s.blogcdn.com\/slideshows\/images\/slides\/738\/901\/5\/S7389015\/slug\/l\/captura-de-pantalla-2018-08-03-a-las-13-41-59-1.jpg\" alt=\"\" \/><\/span><\/div>\n<div class=\"listicle__slide-credits\">Pen\u00ednsula<\/div>\n<div class=\"listicle__slide-caption\">\n<p>Ritxar Bacete, en\u00a0<a href=\"https:\/\/www.amazon.es\/Nuevos-hombres-buenos-masculinidad-feminismo\/dp\/8499426492\/ref=sr_1_1?s=books&amp;ie=UTF8&amp;qid=1533896087&amp;sr=1-1&amp;huffpost2018-21\" data-ylk=\"subsec:listicle;elm:context_link\" data-rapid-sec=\"{&quot;entry-text&quot;:&quot;entry-text&quot;}\" data-rapid-pos=\"1\" data-rapid-elm=\"context_link\" data-rapid_p=\"13\" data-v9y=\"0\"><em>Nuevos hombres buenos<\/em><\/a>\u00a0se pregunta en este libro qu\u00e9 es ser hombre. Explica que, a la vez que las mujeres se han redefinido y han evolucionado en sus peticiones, los hombres tambi\u00e9n tienen que plantearse su posici\u00f3n.<\/p>\n<p>Los hombres no tienen modelos de referencia m\u00e1s all\u00e1 de los roles tradicionales. Por eso, est\u00e1n tambi\u00e9n en continua transformaci\u00f3n y construcci\u00f3n.<\/p>\n<p>Bacete explica que ser hombre es \u00abmucho m\u00e1s que tener un pene\u00bb, \u00abes un modo aprendido de estar en el mundo, de vestir, de caminar, de sentir y de cuidar\u00bb. Por eso llama a repensar el rol masculino en la sociedad y a crear un nuevo modelo de hombre m\u00e1s acorde con nuestros d\u00edas.<\/p>\n<\/div>\n<\/li>\n<li class=\"listicle__slide yr-listicle-slide\" data-credit=\"CASA DEL LIBRO\" data-id=\"7389008\" data-index=\"0\" data-sharingimage=\"https:\/\/s.blogcdn.com\/slideshows\/images\/slides\/738\/900\/8\/S7389008\/slug\/l\/captura-de-pantalla-2018-08-03-a-las-13-22-14-1.jpg\" data-type=\"image\" data-rapid-cpos=\"12\">\n<div class=\"listicle__slide-header\"><span class=\"listicle__slide-title\">&#8216;No es pa\u00eds para co\u00f1os&#8217;, de Diana L\u00f3pez Varela<\/span><\/div>\n<div class=\"listicle__slide-content\"><span class=\"lazy-load-image\" data-img-src=\"https:\/\/s.blogcdn.com\/slideshows\/images\/slides\/738\/900\/8\/S7389008\/slug\/l\/captura-de-pantalla-2018-08-03-a-las-13-22-14-1.jpg\"><img decoding=\"async\" src=\"https:\/\/s.blogcdn.com\/slideshows\/images\/slides\/738\/900\/8\/S7389008\/slug\/l\/captura-de-pantalla-2018-08-03-a-las-13-22-14-1.jpg\" alt=\"\" \/><\/span><\/div>\n<div class=\"listicle__slide-credits\">CASA DEL LIBRO<\/div>\n<div class=\"listicle__slide-caption\">\n<p>Diana L\u00f3pez Varela utiliza el humor \u00e1cido para hablar sobre lo que es ser mujer en el siglo XXI en Espa\u00f1a y critica que, a d\u00eda de hoy, la igualdad entre hombres y mujeres sigue siendo una utop\u00eda.<\/p>\n<p>Cuenta c\u00f3mo es la vida de una mujer teniendo internet, que se ha convertido en caldo de cultivo de la misoginia. Habla de situaciones cotidianas por las que pasa cualquier mujer y del patriarcado sutil e invisible que las rodean.\u00a0Por eso, la autora pone de manifiesto la necesidad de una sociedad feminista para que las mujeres puedan vivir en paz.<\/p>\n<\/div>\n<\/li>\n<li class=\"listicle__slide yr-listicle-slide\" data-credit=\"Capit\u00e1n Swing\" data-id=\"7389016\" data-index=\"0\" data-sharingimage=\"https:\/\/s.blogcdn.com\/slideshows\/images\/slides\/738\/901\/6\/S7389016\/slug\/l\/captura-de-pantalla-2018-08-03-a-las-13-47-39-1.jpg\" data-type=\"image\" data-rapid-cpos=\"13\">\n<div class=\"listicle__slide-header\"><span class=\"listicle__slide-title\">&#8216;Los hombres me explican cosas&#8217;, de Rebecca Solnit<\/span><\/div>\n<div class=\"listicle__slide-content\"><span class=\"lazy-load-image\" data-img-src=\"https:\/\/s.blogcdn.com\/slideshows\/images\/slides\/738\/901\/6\/S7389016\/slug\/l\/captura-de-pantalla-2018-08-03-a-las-13-47-39-1.jpg\"><img decoding=\"async\" src=\"https:\/\/s.blogcdn.com\/slideshows\/images\/slides\/738\/901\/6\/S7389016\/slug\/l\/captura-de-pantalla-2018-08-03-a-las-13-47-39-1.jpg\" alt=\"\" \/><\/span><\/div>\n<div class=\"listicle__slide-credits\">Capit\u00e1n Swing<\/div>\n<div class=\"listicle__slide-caption\">\n<p>En esta obra, Solnit explica lo que es el\u00a0<em>mansplaining<\/em>, contando una an\u00e9cdota de un hombre que se puso a hablarle de lo maravilloso que era un libro que ella misma hab\u00eda escrito. Trata as\u00ed de los m\u00faltiples intentos de los hombres de cuestionar a las mujeres y hablar con una autoridad y condescendencia que les da la sociedad patriarcal.<\/p>\n<\/div>\n<\/li>\n<li class=\"listicle__slide yr-listicle-slide\" data-credit=\"LA CASA DEL LIBRO\" data-id=\"7392106\" data-index=\"0\" data-sharingimage=\"https:\/\/s.blogcdn.com\/slideshows\/images\/slides\/739\/210\/6\/S7392106\/slug\/l\/captura-de-pantalla-2018-08-07-a-las-12-10-42-1.jpg\" data-type=\"image\" data-rapid-cpos=\"14\">\n<div class=\"listicle__slide-header\"><span class=\"listicle__slide-title\">&#8216;El mito de la belleza&#8217;, de Naomi Wolf<\/span><\/div>\n<div class=\"listicle__slide-content\"><span class=\"lazy-load-image\" data-img-src=\"https:\/\/s.blogcdn.com\/slideshows\/images\/slides\/739\/210\/6\/S7392106\/slug\/l\/captura-de-pantalla-2018-08-07-a-las-12-10-42-1.jpg\"><img decoding=\"async\" src=\"https:\/\/s.blogcdn.com\/slideshows\/images\/slides\/739\/210\/6\/S7392106\/slug\/l\/captura-de-pantalla-2018-08-07-a-las-12-10-42-1.jpg\" alt=\"\" \/><\/span><\/div>\n<div class=\"listicle__slide-credits\">LA CASA DEL LIBRO<\/div>\n<div class=\"listicle__slide-caption\">\n<p>En\u00a0<em>El mito de la belleza<\/em>, Naomi Wolf explica c\u00f3mo avanzan las mujeres en la obtenci\u00f3n de derechos y libertades.<\/p>\n<p>Naomi Wolf se\u00f1ala que el mito de la belleza es un golpe contra el feminismo y que se utiliza la belleza femenina como arma pol\u00edtica, haciendo que las mujeres tengan que seguir unos c\u00e1nones impuestos por la sociedad.<\/p>\n<\/div>\n<\/li>\n<li class=\"listicle__slide yr-listicle-slide\" data-credit=\"AMAZON\" data-id=\"7392107\" data-index=\"0\" data-sharingimage=\"https:\/\/s.blogcdn.com\/slideshows\/images\/slides\/739\/210\/7\/S7392107\/slug\/l\/captura-de-pantalla-2018-08-07-a-las-12-16-20-1.jpg\" data-type=\"image\" data-rapid-cpos=\"15\">\n<div class=\"listicle__slide-header\"><span class=\"listicle__slide-title\">&#8216;El hombre que no deber\u00edamos ser&#8217;, de Octavio Salazar<\/span><\/div>\n<div class=\"listicle__slide-content\"><span class=\"lazy-load-image\" data-img-src=\"https:\/\/s.blogcdn.com\/slideshows\/images\/slides\/739\/210\/7\/S7392107\/slug\/l\/captura-de-pantalla-2018-08-07-a-las-12-16-20-1.jpg\"><img decoding=\"async\" src=\"https:\/\/s.blogcdn.com\/slideshows\/images\/slides\/739\/210\/7\/S7392107\/slug\/l\/captura-de-pantalla-2018-08-07-a-las-12-16-20-1.jpg\" alt=\"\" \/><\/span><\/div>\n<div class=\"listicle__slide-credits\">AMAZON<\/div>\n<div class=\"listicle__slide-caption\">\n<p>Octavio Salazar pretende mirar al presente y al futuro y colocar a los hombres frente al espejo para reflexionar sobre su funci\u00f3n en la sociedad y su rol.<\/p>\n<p>Lo que quiere es colocar a los hombres \u00abdelante del espejo\u00bb para que reflexionen sobre c\u00f3mo deben ser y c\u00f3mo no deben ser.<\/p>\n<\/div>\n<\/li>\n<li class=\"listicle__slide yr-listicle-slide\" data-credit=\"ENCLAVE\" data-id=\"7392108\" data-index=\"0\" data-sharingimage=\"https:\/\/s.blogcdn.com\/slideshows\/images\/slides\/739\/210\/8\/S7392108\/slug\/l\/captura-de-pantalla-2018-08-07-a-las-12-18-11-1.jpg\" data-type=\"image\" data-rapid-cpos=\"16\">\n<div class=\"listicle__slide-header\"><span class=\"listicle__slide-title\">&#8216;Feminismo y Anarquismo&#8217;, de Emma Goldman<\/span><\/div>\n<div class=\"listicle__slide-content\"><span class=\"lazy-load-image\" data-img-src=\"https:\/\/s.blogcdn.com\/slideshows\/images\/slides\/739\/210\/8\/S7392108\/slug\/l\/captura-de-pantalla-2018-08-07-a-las-12-18-11-1.jpg\"><img decoding=\"async\" src=\"https:\/\/s.blogcdn.com\/slideshows\/images\/slides\/739\/210\/8\/S7392108\/slug\/l\/captura-de-pantalla-2018-08-07-a-las-12-18-11-1.jpg\" alt=\"\" \/><\/span><\/div>\n<div class=\"listicle__slide-credits\">ENCLAVE<\/div>\n<div class=\"listicle__slide-caption\">\n<p>Emma Goldman fue una activista que luch\u00f3 en las calles y pas\u00f3 tambi\u00e9n por prisi\u00f3n. Explic\u00f3 que no existe s\u00f3lo un feminismo, sino muchos. Y que no todos tienen los medios necesarios para acabar con las estructuras de poder. Tambi\u00e9n muestra su aversi\u00f3n a todo tipo de puritanismos.<\/p>\n<\/div>\n<\/li>\n<li class=\"listicle__slide yr-listicle-slide\" data-credit=\"AMAZON\" data-id=\"7392109\" data-index=\"0\" data-sharingimage=\"https:\/\/s.blogcdn.com\/slideshows\/images\/slides\/739\/210\/9\/S7392109\/slug\/l\/captura-de-pantalla-2018-08-07-a-las-12-18-55-1.jpg\" data-type=\"image\" data-rapid-cpos=\"17\">\n<div class=\"listicle__slide-header\"><span class=\"listicle__slide-title\">&#8216;Feminismo ilustrado: ideas para combatir el machismo&#8217;, de Maria Murnau y Helen Sotillo<\/span><\/div>\n<div class=\"listicle__slide-content\"><span class=\"lazy-load-image\" data-img-src=\"https:\/\/s.blogcdn.com\/slideshows\/images\/slides\/739\/210\/9\/S7392109\/slug\/l\/captura-de-pantalla-2018-08-07-a-las-12-18-55-1.jpg\"><img decoding=\"async\" src=\"https:\/\/s.blogcdn.com\/slideshows\/images\/slides\/739\/210\/9\/S7392109\/slug\/l\/captura-de-pantalla-2018-08-07-a-las-12-18-55-1.jpg\" alt=\"\" \/><\/span><\/div>\n<div class=\"listicle__slide-credits\">AMAZON<\/div>\n<div class=\"listicle__slide-caption\">\n<p>En\u00a0<em>Feminismo ilustrado<\/em>, las autoras tratan de contar ideas para combatir el machismo y aclara diferentes t\u00e9rminos, a la vez que desmonta los falsos mitos que tratan de desacreditar el movimiento feminista.<\/p>\n<p>Todo eso\u00a0las autoras lo acompa\u00f1an con varias ilustraciones a las que ponen mucho humor.<\/p>\n<\/div>\n<\/li>\n<li class=\"listicle__slide yr-listicle-slide\" data-credit=\"Planeta\" data-id=\"7392110\" data-index=\"0\" data-sharingimage=\"https:\/\/s.blogcdn.com\/slideshows\/images\/slides\/739\/211\/0\/S7392110\/slug\/l\/captura-de-pantalla-2018-08-07-a-las-12-26-25-1.jpg\" data-type=\"image\" data-rapid-cpos=\"18\">\n<div class=\"listicle__slide-header\"><span class=\"listicle__slide-title\">&#8216;Cuentos de buenas noches para ni\u00f1as rebeldes&#8217;, de Elena Favilli y Francesca Cavallo<\/span><\/div>\n<div class=\"listicle__slide-content\"><span class=\"lazy-load-image\" data-img-src=\"https:\/\/s.blogcdn.com\/slideshows\/images\/slides\/739\/211\/0\/S7392110\/slug\/l\/captura-de-pantalla-2018-08-07-a-las-12-26-25-1.jpg\"><img decoding=\"async\" src=\"https:\/\/s.blogcdn.com\/slideshows\/images\/slides\/739\/211\/0\/S7392110\/slug\/l\/captura-de-pantalla-2018-08-07-a-las-12-26-25-1.jpg\" alt=\"\" \/><\/span><\/div>\n<div class=\"listicle__slide-credits\">Planeta<\/div>\n<div class=\"listicle__slide-caption\">\n<p>Frida Khalo, Nina Simone, Jane Goodall, Marie Curie&#8230;. Este libro cuenta a las ni\u00f1as las diferentes historias de todas estas mujeres de manera que puedan conocer a otras que han hecho algo m\u00e1s que esperar a un pr\u00edncipe a que vaya a buscarlas.<\/p>\n<p>Cienti\u0301ficas, astronautas, levantadoras de pesas, juezas, chefs&#8230; cien ejemplos de determinacio\u0301n y audacia para las que suen\u0303an en grande.<\/p>\n<\/div>\n<\/li>\n<li class=\"listicle__slide yr-listicle-slide\" data-credit=\"Seix Barral\" data-id=\"7392111\" data-index=\"0\" data-sharingimage=\"https:\/\/s.blogcdn.com\/slideshows\/images\/slides\/739\/211\/1\/S7392111\/slug\/l\/captura-de-pantalla-2018-08-07-a-las-12-29-13-1.jpg\" data-type=\"image\" data-rapid-cpos=\"19\">\n<div class=\"listicle__slide-header\"><span class=\"listicle__slide-title\">&#8216;La mujer que mira a los hombres que miran a las mujeres&#8217;, de Siri Hustvedt<\/span><\/div>\n<div class=\"listicle__slide-content\"><span class=\"lazy-load-image\" data-img-src=\"https:\/\/s.blogcdn.com\/slideshows\/images\/slides\/739\/211\/1\/S7392111\/slug\/l\/captura-de-pantalla-2018-08-07-a-las-12-29-13-1.jpg\"><img decoding=\"async\" src=\"https:\/\/s.blogcdn.com\/slideshows\/images\/slides\/739\/211\/1\/S7392111\/slug\/l\/captura-de-pantalla-2018-08-07-a-las-12-29-13-1.jpg\" alt=\"\" \/><\/span><\/div>\n<div class=\"listicle__slide-credits\">Seix Barral<\/div>\n<div class=\"listicle__slide-caption\">\n<p>La autora re\u00fane en este libro sus mejores ensayos sobre arte, literatura, neurociencia o el psicoan\u00e1lisis. Trata tambi\u00e9n aquellos prejuicios interiorizados psicol\u00f3gicamente y no por el entorno.<\/p>\n<\/div>\n<\/li>\n<li class=\"listicle__slide yr-listicle-slide\" data-credit=\"Alpha Decay\" data-id=\"7392112\" data-index=\"0\" data-sharingimage=\"https:\/\/s.blogcdn.com\/slideshows\/images\/slides\/739\/211\/2\/S7392112\/slug\/l\/captura-de-pantalla-2018-08-07-a-las-12-37-06-1.jpg\" data-type=\"image\" data-rapid-cpos=\"20\">\n<div class=\"listicle__slide-header\"><span class=\"listicle__slide-title\">&#8216;Mi vida en la carretera&#8217;, de Gloria Steinem<\/span><\/div>\n<div class=\"listicle__slide-content\"><span class=\"lazy-load-image\" data-img-src=\"https:\/\/s.blogcdn.com\/slideshows\/images\/slides\/739\/211\/2\/S7392112\/slug\/l\/captura-de-pantalla-2018-08-07-a-las-12-37-06-1.jpg\"><img decoding=\"async\" src=\"https:\/\/s.blogcdn.com\/slideshows\/images\/slides\/739\/211\/2\/S7392112\/slug\/l\/captura-de-pantalla-2018-08-07-a-las-12-37-06-1.jpg\" alt=\"\" \/><\/span><\/div>\n<div class=\"listicle__slide-credits\">Alpha Decay<\/div>\n<div class=\"listicle__slide-caption\">\n<p>Gloria Steinem ha viajado mucho desde peque\u00f1a. Creci\u00f3 en diferentes lugares y dedic\u00f3 su vida al activismo y a escuchar a aquellas voces que inspiran el cambio y la revoluci\u00f3n. Este libro es la historia de su crecimiento en la carretera y su inter\u00e9s por el movimiento feminista, as\u00ed como sus experiencias.<\/p>\n<\/div>\n<\/li>\n<li class=\"listicle__slide yr-listicle-slide\" data-credit=\"Aguilar\" data-id=\"7392113\" data-index=\"0\" data-sharingimage=\"https:\/\/s.blogcdn.com\/slideshows\/images\/slides\/739\/211\/3\/S7392113\/slug\/l\/holaguerrera-1.jpg\" data-type=\"image\" data-rapid-cpos=\"21\">\n<div class=\"listicle__slide-header\"><span class=\"listicle__slide-title\">&#8216;Hola Guerrera&#8217;, de Towanda Rebels<\/span><\/div>\n<div class=\"listicle__slide-content\"><span class=\"lazy-load-image\" data-img-src=\"https:\/\/s.blogcdn.com\/slideshows\/images\/slides\/739\/211\/3\/S7392113\/slug\/l\/holaguerrera-1.jpg\"><img decoding=\"async\" src=\"https:\/\/s.blogcdn.com\/slideshows\/images\/slides\/739\/211\/3\/S7392113\/slug\/l\/holaguerrera-1.jpg\" alt=\"\" \/><\/span><\/div>\n<div class=\"listicle__slide-credits\">Aguilar<\/div>\n<div class=\"listicle__slide-caption\">\n<p>Towanda Rebels son las creadoras de las campa\u00f1as #HolaPutero y #Yotecreo. Las j\u00f3venes hablan sobre el patriarcado y las diferentes formas de opresi\u00f3n de las mujeres. Se\u00f1alan que el feminismo es \u00abla \u00fanica guerra (pac\u00edfica) en la que no hay perdedores, solo una sociedad que gana\u00bb.<\/p>\n<\/div>\n<p>&nbsp;<\/li>\n<\/ul>\n<\/div>\n<p>Fuente: <a href=\"https:\/\/www.huffingtonpost.es\/2018\/08\/03\/21-libros-feministas-que-te-ayudaran-a-ponerte-las-gafas-moradas-y-a-no-volver-a-quitartelas_a_23495293\/?ncid=other_twitter_cooo9wqtham&amp;utm_campaign=share_twitter\">Huffingtonpost<\/a><\/p>\n<\/div>\n<\/div>\n<\/div>\n<\/div>\n<\/div>\n","protected":false},"excerpt":{"rendered":"<p>Simone de Beauvoir, Betty Friedan, Towanda Rebels&#8230; Aqu\u00ed tienes un mont\u00f3n de libros sobre feminismo para aprender todo lo que te hace falta. Por Carlota E. Ram\u00edrez \u00a0El\u00a0feminismo\u00a0est\u00e1 a la orden del d\u00eda en la pol\u00edtica, en la cultura e incluso en las conversaciones cotidianas con amigos del bar. Las mujeres levantan la voz m\u00e1s [&hellip;]<\/p>\n","protected":false},"author":1,"featured_media":30328,"comment_status":"closed","ping_status":"closed","sticky":false,"template":"","format":"standard","meta":{"iawp_total_views":23,"footnotes":""},"categories":[19,32],"tags":[],"class_list":["post-30326","post","type-post","status-publish","format-standard","has-post-thumbnail","hentry","category-biblioteca","category-mujeres"],"nelio_content":{"autoShareEndMode":"never","automationSources":{"useCustomSentences":false,"customSentences":[]},"efiAlt":"","efiUrl":"","followers":[4,1],"highlights":[],"isAutoShareEnabled":true,"networkImageIds":[],"permalinkQueryArgs":[],"series":[],"suggestedReferences":[]},"yoast_head":"<!-- This site is optimized with the Yoast SEO plugin v27.5 - https:\/\/yoast.com\/product\/yoast-seo-wordpress\/ -->\n<title>21 libros feministas para ponerte las gafas moradas - Diario Digital Femenino<\/title>\n<meta name=\"robots\" content=\"index, follow, max-snippet:-1, max-image-preview:large, max-video-preview:-1\" \/>\n<link rel=\"canonical\" href=\"https:\/\/diariofemenino.com.ar\/df\/21-libros-feministas-para-ponerte-las-gafas-moradasd\/\" \/>\n<meta property=\"og:locale\" content=\"es_ES\" \/>\n<meta property=\"og:type\" content=\"article\" \/>\n<meta property=\"og:title\" content=\"21 libros feministas para ponerte las gafas moradas - Diario Digital Femenino\" \/>\n<meta property=\"og:description\" content=\"Simone de Beauvoir, Betty Friedan, Towanda Rebels&#8230; Aqu\u00ed tienes un mont\u00f3n de libros sobre feminismo para aprender todo lo que te hace falta. Por Carlota E. Ram\u00edrez \u00a0El\u00a0feminismo\u00a0est\u00e1 a la orden del d\u00eda en la pol\u00edtica, en la cultura e incluso en las conversaciones cotidianas con amigos del bar. Las mujeres levantan la voz m\u00e1s [&hellip;]\" \/>\n<meta property=\"og:url\" content=\"https:\/\/diariofemenino.com.ar\/df\/21-libros-feministas-para-ponerte-las-gafas-moradasd\/\" \/>\n<meta property=\"og:site_name\" content=\"Diario Digital Femenino\" \/>\n<meta property=\"article:publisher\" content=\"https:\/\/www.facebook.com\/DiarioDigitaFemenino\/\" \/>\n<meta property=\"article:published_time\" content=\"2018-12-20T17:17:24+00:00\" \/>\n<meta property=\"article:modified_time\" content=\"2021-09-19T00:03:25+00:00\" \/>\n<meta property=\"og:image\" content=\"https:\/\/diariofemenino.com.ar\/df\/wp-content\/uploads\/2018\/12\/las-9-mejores-sagas-para-leer-este-verano.jpg\" \/>\n\t<meta property=\"og:image:width\" content=\"576\" \/>\n\t<meta property=\"og:image:height\" content=\"349\" \/>\n\t<meta property=\"og:image:type\" content=\"image\/jpeg\" \/>\n<meta name=\"author\" content=\"Admin\" \/>\n<meta name=\"twitter:card\" content=\"summary_large_image\" \/>\n<meta name=\"twitter:creator\" content=\"@DiarioFemenino1\" \/>\n<meta name=\"twitter:site\" content=\"@DiarioFemenino1\" \/>\n<meta name=\"twitter:label1\" content=\"Escrito por\" \/>\n\t<meta name=\"twitter:data1\" content=\"Admin\" \/>\n\t<meta name=\"twitter:label2\" content=\"Tiempo de lectura\" \/>\n\t<meta name=\"twitter:data2\" content=\"9 minutos\" \/>\n<script type=\"application\/ld+json\" class=\"yoast-schema-graph\">{\"@context\":\"https:\\\/\\\/schema.org\",\"@graph\":[{\"@type\":\"Article\",\"@id\":\"https:\\\/\\\/diariofemenino.com.ar\\\/df\\\/21-libros-feministas-para-ponerte-las-gafas-moradasd\\\/#article\",\"isPartOf\":{\"@id\":\"https:\\\/\\\/diariofemenino.com.ar\\\/df\\\/21-libros-feministas-para-ponerte-las-gafas-moradasd\\\/\"},\"author\":{\"name\":\"Admin\",\"@id\":\"https:\\\/\\\/diariofemenino.com.ar\\\/df\\\/#\\\/schema\\\/person\\\/38f54b3bfd13f561de2460ba95c169c6\"},\"headline\":\"21 libros feministas para ponerte las gafas moradas\",\"datePublished\":\"2018-12-20T17:17:24+00:00\",\"dateModified\":\"2021-09-19T00:03:25+00:00\",\"mainEntityOfPage\":{\"@id\":\"https:\\\/\\\/diariofemenino.com.ar\\\/df\\\/21-libros-feministas-para-ponerte-las-gafas-moradasd\\\/\"},\"wordCount\":1864,\"publisher\":{\"@id\":\"https:\\\/\\\/diariofemenino.com.ar\\\/df\\\/#organization\"},\"image\":{\"@id\":\"https:\\\/\\\/diariofemenino.com.ar\\\/df\\\/21-libros-feministas-para-ponerte-las-gafas-moradasd\\\/#primaryimage\"},\"thumbnailUrl\":\"https:\\\/\\\/diariofemenino.com.ar\\\/df\\\/wp-content\\\/uploads\\\/2018\\\/12\\\/las-9-mejores-sagas-para-leer-este-verano.jpg\",\"articleSection\":[\"Biblioteca Virtual\",\"Mujeres\"],\"inLanguage\":\"es\"},{\"@type\":\"WebPage\",\"@id\":\"https:\\\/\\\/diariofemenino.com.ar\\\/df\\\/21-libros-feministas-para-ponerte-las-gafas-moradasd\\\/\",\"url\":\"https:\\\/\\\/diariofemenino.com.ar\\\/df\\\/21-libros-feministas-para-ponerte-las-gafas-moradasd\\\/\",\"name\":\"21 libros feministas para ponerte las gafas moradas - Diario Digital Femenino\",\"isPartOf\":{\"@id\":\"https:\\\/\\\/diariofemenino.com.ar\\\/df\\\/#website\"},\"primaryImageOfPage\":{\"@id\":\"https:\\\/\\\/diariofemenino.com.ar\\\/df\\\/21-libros-feministas-para-ponerte-las-gafas-moradasd\\\/#primaryimage\"},\"image\":{\"@id\":\"https:\\\/\\\/diariofemenino.com.ar\\\/df\\\/21-libros-feministas-para-ponerte-las-gafas-moradasd\\\/#primaryimage\"},\"thumbnailUrl\":\"https:\\\/\\\/diariofemenino.com.ar\\\/df\\\/wp-content\\\/uploads\\\/2018\\\/12\\\/las-9-mejores-sagas-para-leer-este-verano.jpg\",\"datePublished\":\"2018-12-20T17:17:24+00:00\",\"dateModified\":\"2021-09-19T00:03:25+00:00\",\"breadcrumb\":{\"@id\":\"https:\\\/\\\/diariofemenino.com.ar\\\/df\\\/21-libros-feministas-para-ponerte-las-gafas-moradasd\\\/#breadcrumb\"},\"inLanguage\":\"es\",\"potentialAction\":[{\"@type\":\"ReadAction\",\"target\":[\"https:\\\/\\\/diariofemenino.com.ar\\\/df\\\/21-libros-feministas-para-ponerte-las-gafas-moradasd\\\/\"]}]},{\"@type\":\"ImageObject\",\"inLanguage\":\"es\",\"@id\":\"https:\\\/\\\/diariofemenino.com.ar\\\/df\\\/21-libros-feministas-para-ponerte-las-gafas-moradasd\\\/#primaryimage\",\"url\":\"https:\\\/\\\/diariofemenino.com.ar\\\/df\\\/wp-content\\\/uploads\\\/2018\\\/12\\\/las-9-mejores-sagas-para-leer-este-verano.jpg\",\"contentUrl\":\"https:\\\/\\\/diariofemenino.com.ar\\\/df\\\/wp-content\\\/uploads\\\/2018\\\/12\\\/las-9-mejores-sagas-para-leer-este-verano.jpg\",\"width\":576,\"height\":349},{\"@type\":\"BreadcrumbList\",\"@id\":\"https:\\\/\\\/diariofemenino.com.ar\\\/df\\\/21-libros-feministas-para-ponerte-las-gafas-moradasd\\\/#breadcrumb\",\"itemListElement\":[{\"@type\":\"ListItem\",\"position\":1,\"name\":\"Portada\",\"item\":\"https:\\\/\\\/diariofemenino.com.ar\\\/df\\\/\"},{\"@type\":\"ListItem\",\"position\":2,\"name\":\"21 libros feministas para ponerte las gafas moradas\"}]},{\"@type\":\"WebSite\",\"@id\":\"https:\\\/\\\/diariofemenino.com.ar\\\/df\\\/#website\",\"url\":\"https:\\\/\\\/diariofemenino.com.ar\\\/df\\\/\",\"name\":\"Diario Digital Femenino\",\"description\":\"Cuesti\u00f3n de G\u00e9nero\",\"publisher\":{\"@id\":\"https:\\\/\\\/diariofemenino.com.ar\\\/df\\\/#organization\"},\"potentialAction\":[{\"@type\":\"SearchAction\",\"target\":{\"@type\":\"EntryPoint\",\"urlTemplate\":\"https:\\\/\\\/diariofemenino.com.ar\\\/df\\\/?s={search_term_string}\"},\"query-input\":{\"@type\":\"PropertyValueSpecification\",\"valueRequired\":true,\"valueName\":\"search_term_string\"}}],\"inLanguage\":\"es\"},{\"@type\":\"Organization\",\"@id\":\"https:\\\/\\\/diariofemenino.com.ar\\\/df\\\/#organization\",\"name\":\"Diario Femenino\",\"url\":\"https:\\\/\\\/diariofemenino.com.ar\\\/df\\\/\",\"logo\":{\"@type\":\"ImageObject\",\"inLanguage\":\"es\",\"@id\":\"https:\\\/\\\/diariofemenino.com.ar\\\/df\\\/#\\\/schema\\\/logo\\\/image\\\/\",\"url\":\"https:\\\/\\\/diariofemenino.com.ar\\\/df\\\/wp-content\\\/uploads\\\/2018\\\/10\\\/logo.png\",\"contentUrl\":\"https:\\\/\\\/diariofemenino.com.ar\\\/df\\\/wp-content\\\/uploads\\\/2018\\\/10\\\/logo.png\",\"width\":500,\"height\":92,\"caption\":\"Diario Femenino\"},\"image\":{\"@id\":\"https:\\\/\\\/diariofemenino.com.ar\\\/df\\\/#\\\/schema\\\/logo\\\/image\\\/\"},\"sameAs\":[\"https:\\\/\\\/www.facebook.com\\\/DiarioDigitaFemenino\\\/\",\"https:\\\/\\\/x.com\\\/DiarioFemenino1\"]},{\"@type\":\"Person\",\"@id\":\"https:\\\/\\\/diariofemenino.com.ar\\\/df\\\/#\\\/schema\\\/person\\\/38f54b3bfd13f561de2460ba95c169c6\",\"name\":\"Admin\",\"image\":{\"@type\":\"ImageObject\",\"inLanguage\":\"es\",\"@id\":\"https:\\\/\\\/diariofemenino.com.ar\\\/df\\\/wp-content\\\/uploads\\\/2018\\\/12\\\/favicon-150x150.jpg\",\"url\":\"https:\\\/\\\/diariofemenino.com.ar\\\/df\\\/wp-content\\\/uploads\\\/2018\\\/12\\\/favicon-150x150.jpg\",\"contentUrl\":\"https:\\\/\\\/diariofemenino.com.ar\\\/df\\\/wp-content\\\/uploads\\\/2018\\\/12\\\/favicon-150x150.jpg\",\"caption\":\"Admin\"},\"url\":\"https:\\\/\\\/diariofemenino.com.ar\\\/df\\\/author\\\/adm18df\\\/\"}]}<\/script>\n<!-- \/ Yoast SEO plugin. -->","yoast_head_json":{"title":"21 libros feministas para ponerte las gafas moradas - Diario Digital Femenino","robots":{"index":"index","follow":"follow","max-snippet":"max-snippet:-1","max-image-preview":"max-image-preview:large","max-video-preview":"max-video-preview:-1"},"canonical":"https:\/\/diariofemenino.com.ar\/df\/21-libros-feministas-para-ponerte-las-gafas-moradasd\/","og_locale":"es_ES","og_type":"article","og_title":"21 libros feministas para ponerte las gafas moradas - Diario Digital Femenino","og_description":"Simone de Beauvoir, Betty Friedan, Towanda Rebels&#8230; Aqu\u00ed tienes un mont\u00f3n de libros sobre feminismo para aprender todo lo que te hace falta. Por Carlota E. Ram\u00edrez \u00a0El\u00a0feminismo\u00a0est\u00e1 a la orden del d\u00eda en la pol\u00edtica, en la cultura e incluso en las conversaciones cotidianas con amigos del bar. Las mujeres levantan la voz m\u00e1s [&hellip;]","og_url":"https:\/\/diariofemenino.com.ar\/df\/21-libros-feministas-para-ponerte-las-gafas-moradasd\/","og_site_name":"Diario Digital Femenino","article_publisher":"https:\/\/www.facebook.com\/DiarioDigitaFemenino\/","article_published_time":"2018-12-20T17:17:24+00:00","article_modified_time":"2021-09-19T00:03:25+00:00","og_image":[{"width":576,"height":349,"url":"https:\/\/diariofemenino.com.ar\/df\/wp-content\/uploads\/2018\/12\/las-9-mejores-sagas-para-leer-este-verano.jpg","type":"image\/jpeg"}],"author":"Admin","twitter_card":"summary_large_image","twitter_creator":"@DiarioFemenino1","twitter_site":"@DiarioFemenino1","twitter_misc":{"Escrito por":"Admin","Tiempo de lectura":"9 minutos"},"schema":{"@context":"https:\/\/schema.org","@graph":[{"@type":"Article","@id":"https:\/\/diariofemenino.com.ar\/df\/21-libros-feministas-para-ponerte-las-gafas-moradasd\/#article","isPartOf":{"@id":"https:\/\/diariofemenino.com.ar\/df\/21-libros-feministas-para-ponerte-las-gafas-moradasd\/"},"author":{"name":"Admin","@id":"https:\/\/diariofemenino.com.ar\/df\/#\/schema\/person\/38f54b3bfd13f561de2460ba95c169c6"},"headline":"21 libros feministas para ponerte las gafas moradas","datePublished":"2018-12-20T17:17:24+00:00","dateModified":"2021-09-19T00:03:25+00:00","mainEntityOfPage":{"@id":"https:\/\/diariofemenino.com.ar\/df\/21-libros-feministas-para-ponerte-las-gafas-moradasd\/"},"wordCount":1864,"publisher":{"@id":"https:\/\/diariofemenino.com.ar\/df\/#organization"},"image":{"@id":"https:\/\/diariofemenino.com.ar\/df\/21-libros-feministas-para-ponerte-las-gafas-moradasd\/#primaryimage"},"thumbnailUrl":"https:\/\/diariofemenino.com.ar\/df\/wp-content\/uploads\/2018\/12\/las-9-mejores-sagas-para-leer-este-verano.jpg","articleSection":["Biblioteca Virtual","Mujeres"],"inLanguage":"es"},{"@type":"WebPage","@id":"https:\/\/diariofemenino.com.ar\/df\/21-libros-feministas-para-ponerte-las-gafas-moradasd\/","url":"https:\/\/diariofemenino.com.ar\/df\/21-libros-feministas-para-ponerte-las-gafas-moradasd\/","name":"21 libros feministas para ponerte las gafas moradas - Diario Digital Femenino","isPartOf":{"@id":"https:\/\/diariofemenino.com.ar\/df\/#website"},"primaryImageOfPage":{"@id":"https:\/\/diariofemenino.com.ar\/df\/21-libros-feministas-para-ponerte-las-gafas-moradasd\/#primaryimage"},"image":{"@id":"https:\/\/diariofemenino.com.ar\/df\/21-libros-feministas-para-ponerte-las-gafas-moradasd\/#primaryimage"},"thumbnailUrl":"https:\/\/diariofemenino.com.ar\/df\/wp-content\/uploads\/2018\/12\/las-9-mejores-sagas-para-leer-este-verano.jpg","datePublished":"2018-12-20T17:17:24+00:00","dateModified":"2021-09-19T00:03:25+00:00","breadcrumb":{"@id":"https:\/\/diariofemenino.com.ar\/df\/21-libros-feministas-para-ponerte-las-gafas-moradasd\/#breadcrumb"},"inLanguage":"es","potentialAction":[{"@type":"ReadAction","target":["https:\/\/diariofemenino.com.ar\/df\/21-libros-feministas-para-ponerte-las-gafas-moradasd\/"]}]},{"@type":"ImageObject","inLanguage":"es","@id":"https:\/\/diariofemenino.com.ar\/df\/21-libros-feministas-para-ponerte-las-gafas-moradasd\/#primaryimage","url":"https:\/\/diariofemenino.com.ar\/df\/wp-content\/uploads\/2018\/12\/las-9-mejores-sagas-para-leer-este-verano.jpg","contentUrl":"https:\/\/diariofemenino.com.ar\/df\/wp-content\/uploads\/2018\/12\/las-9-mejores-sagas-para-leer-este-verano.jpg","width":576,"height":349},{"@type":"BreadcrumbList","@id":"https:\/\/diariofemenino.com.ar\/df\/21-libros-feministas-para-ponerte-las-gafas-moradasd\/#breadcrumb","itemListElement":[{"@type":"ListItem","position":1,"name":"Portada","item":"https:\/\/diariofemenino.com.ar\/df\/"},{"@type":"ListItem","position":2,"name":"21 libros feministas para ponerte las gafas moradas"}]},{"@type":"WebSite","@id":"https:\/\/diariofemenino.com.ar\/df\/#website","url":"https:\/\/diariofemenino.com.ar\/df\/","name":"Diario Digital Femenino","description":"Cuesti\u00f3n de G\u00e9nero","publisher":{"@id":"https:\/\/diariofemenino.com.ar\/df\/#organization"},"potentialAction":[{"@type":"SearchAction","target":{"@type":"EntryPoint","urlTemplate":"https:\/\/diariofemenino.com.ar\/df\/?s={search_term_string}"},"query-input":{"@type":"PropertyValueSpecification","valueRequired":true,"valueName":"search_term_string"}}],"inLanguage":"es"},{"@type":"Organization","@id":"https:\/\/diariofemenino.com.ar\/df\/#organization","name":"Diario Femenino","url":"https:\/\/diariofemenino.com.ar\/df\/","logo":{"@type":"ImageObject","inLanguage":"es","@id":"https:\/\/diariofemenino.com.ar\/df\/#\/schema\/logo\/image\/","url":"https:\/\/diariofemenino.com.ar\/df\/wp-content\/uploads\/2018\/10\/logo.png","contentUrl":"https:\/\/diariofemenino.com.ar\/df\/wp-content\/uploads\/2018\/10\/logo.png","width":500,"height":92,"caption":"Diario Femenino"},"image":{"@id":"https:\/\/diariofemenino.com.ar\/df\/#\/schema\/logo\/image\/"},"sameAs":["https:\/\/www.facebook.com\/DiarioDigitaFemenino\/","https:\/\/x.com\/DiarioFemenino1"]},{"@type":"Person","@id":"https:\/\/diariofemenino.com.ar\/df\/#\/schema\/person\/38f54b3bfd13f561de2460ba95c169c6","name":"Admin","image":{"@type":"ImageObject","inLanguage":"es","@id":"https:\/\/diariofemenino.com.ar\/df\/wp-content\/uploads\/2018\/12\/favicon-150x150.jpg","url":"https:\/\/diariofemenino.com.ar\/df\/wp-content\/uploads\/2018\/12\/favicon-150x150.jpg","contentUrl":"https:\/\/diariofemenino.com.ar\/df\/wp-content\/uploads\/2018\/12\/favicon-150x150.jpg","caption":"Admin"},"url":"https:\/\/diariofemenino.com.ar\/df\/author\/adm18df\/"}]}},"jetpack_featured_media_url":"https:\/\/diariofemenino.com.ar\/df\/wp-content\/uploads\/2018\/12\/las-9-mejores-sagas-para-leer-este-verano.jpg","jetpack_sharing_enabled":true,"rttpg_featured_image_url":{"full":["https:\/\/diariofemenino.com.ar\/df\/wp-content\/uploads\/2018\/12\/las-9-mejores-sagas-para-leer-este-verano.jpg",576,349,false],"landscape":["https:\/\/diariofemenino.com.ar\/df\/wp-content\/uploads\/2018\/12\/las-9-mejores-sagas-para-leer-este-verano.jpg",576,349,false],"portraits":["https:\/\/diariofemenino.com.ar\/df\/wp-content\/uploads\/2018\/12\/las-9-mejores-sagas-para-leer-este-verano.jpg",576,349,false],"thumbnail":["https:\/\/diariofemenino.com.ar\/df\/wp-content\/uploads\/2018\/12\/las-9-mejores-sagas-para-leer-este-verano-150x150.jpg",150,150,true],"medium":["https:\/\/diariofemenino.com.ar\/df\/wp-content\/uploads\/2018\/12\/las-9-mejores-sagas-para-leer-este-verano-300x182.jpg",300,182,true],"large":["https:\/\/diariofemenino.com.ar\/df\/wp-content\/uploads\/2018\/12\/las-9-mejores-sagas-para-leer-este-verano.jpg",576,349,false],"1536x1536":["https:\/\/diariofemenino.com.ar\/df\/wp-content\/uploads\/2018\/12\/las-9-mejores-sagas-para-leer-este-verano.jpg",576,349,false],"2048x2048":["https:\/\/diariofemenino.com.ar\/df\/wp-content\/uploads\/2018\/12\/las-9-mejores-sagas-para-leer-este-verano.jpg",576,349,false]},"rttpg_author":{"display_name":"Admin","author_link":"https:\/\/diariofemenino.com.ar\/df\/author\/adm18df\/"},"rttpg_comment":0,"rttpg_category":"<a href=\"https:\/\/diariofemenino.com.ar\/df\/category\/biblioteca\/\" rel=\"category tag\">Biblioteca Virtual<\/a> <a href=\"https:\/\/diariofemenino.com.ar\/df\/category\/mujeres\/\" rel=\"category tag\">Mujeres<\/a>","rttpg_excerpt":"Simone de Beauvoir, Betty Friedan, Towanda Rebels&#8230; Aqu\u00ed tienes un mont\u00f3n de libros sobre feminismo para aprender todo lo que te hace falta. Por Carlota E. Ram\u00edrez \u00a0El\u00a0feminismo\u00a0est\u00e1 a la orden del d\u00eda en la pol\u00edtica, en la cultura e incluso en las conversaciones cotidianas con amigos del bar. Las mujeres levantan la voz m\u00e1s&hellip;","_links":{"self":[{"href":"https:\/\/diariofemenino.com.ar\/df\/wp-json\/wp\/v2\/posts\/30326","targetHints":{"allow":["GET"]}}],"collection":[{"href":"https:\/\/diariofemenino.com.ar\/df\/wp-json\/wp\/v2\/posts"}],"about":[{"href":"https:\/\/diariofemenino.com.ar\/df\/wp-json\/wp\/v2\/types\/post"}],"author":[{"embeddable":true,"href":"https:\/\/diariofemenino.com.ar\/df\/wp-json\/wp\/v2\/users\/1"}],"replies":[{"embeddable":true,"href":"https:\/\/diariofemenino.com.ar\/df\/wp-json\/wp\/v2\/comments?post=30326"}],"version-history":[{"count":0,"href":"https:\/\/diariofemenino.com.ar\/df\/wp-json\/wp\/v2\/posts\/30326\/revisions"}],"wp:featuredmedia":[{"embeddable":true,"href":"https:\/\/diariofemenino.com.ar\/df\/wp-json\/wp\/v2\/media\/30328"}],"wp:attachment":[{"href":"https:\/\/diariofemenino.com.ar\/df\/wp-json\/wp\/v2\/media?parent=30326"}],"wp:term":[{"taxonomy":"category","embeddable":true,"href":"https:\/\/diariofemenino.com.ar\/df\/wp-json\/wp\/v2\/categories?post=30326"},{"taxonomy":"post_tag","embeddable":true,"href":"https:\/\/diariofemenino.com.ar\/df\/wp-json\/wp\/v2\/tags?post=30326"}],"curies":[{"name":"wp","href":"https:\/\/api.w.org\/{rel}","templated":true}]}}