{"id":30320,"date":"2018-12-20T11:09:36","date_gmt":"2018-12-20T14:09:36","guid":{"rendered":"http:\/\/diariofemenino.com.ar\/v2\/?p=30320"},"modified":"2018-12-20T11:09:36","modified_gmt":"2018-12-20T14:09:36","slug":"la-pampa-se-presento-el-sistema-de-informacion-integrado","status":"publish","type":"post","link":"https:\/\/diariofemenino.com.ar\/df\/la-pampa-se-presento-el-sistema-de-informacion-integrado\/","title":{"rendered":"La Pampa: se present\u00f3 el Sistema de Informaci\u00f3n Integrado de Ni\u00f1ez y Adolescencia"},"content":{"rendered":"<p>El objetivo es contar con un registro de legajo \u00fanico en un sistema integrado, ante cualquier situaci\u00f3n de vulneraci\u00f3n de derechos de ni\u00f1os, ni\u00f1as y adolescentes.<\/p>\n<p>En el Auditorio de la Fundaci\u00f3n Banco de La Pampa se present\u00f3 el Sistema de Informaci\u00f3n Integrado de Ni\u00f1ez y Adolescencia (SIINYA), para comenzar a digitalizar datos de ni\u00f1os y adolescentes de la Provincia ante cualquier situaci\u00f3n de vulneraci\u00f3n de derechos. El objetivo es contar con un registro de legajo \u00fanico en un sistema integrado.<\/p>\n<p>Participaron de la capacitaci\u00f3n para dar comienzo con la prueba piloto, las unidades locales de Santa Rosa, Toay e Ingeniero Luiggi y todas las Unidades Regionales, adem\u00e1s de la ministra de Desarrollo Social, Fernanda Alonso, el subsecretario de Ni\u00f1ez, Adolescencia y Familia, Juan Pablo Bonino, las directoras de Planificaci\u00f3n y Evaluaci\u00f3n de Pol\u00edticas Sociales, Mar\u00eda Laura Ramborger, y de Ni\u00f1ez, Adolescencia y Familia, Marta Fern\u00e1ndez.<\/p>\n<p>Bonino se\u00f1al\u00f3 que al notar la dificultad de no tener ning\u00fan sistema de registraci\u00f3n y seguir trabajando en papel, \u00abnos propusimos conjuntamente con UNICEF, previo convenio, efectivizar un registro de legajo \u00fanico con un sistema integrado, que nos permitiera ir registrando en el momento cualquier situaci\u00f3n de vulneraci\u00f3n de derechos de ni\u00f1os, ni\u00f1as y adolescentes de la Provincia. Sin lugar a dudas, optimizaremos los recursos en procura de abordajes m\u00e1s eficaces\u201d.<\/p>\n<p>Se tuvieron que definir gu\u00edas de intervenci\u00f3n y protocolos de procedimientos, explic\u00f3 el subsecretario, quien agreg\u00f3: \u201cEstamos en la etapa final para poner en funcionamiento el registro como prueba piloto en tres municipios y en todas las Unidades Regionales\u201d. La idea es que en una primera etapa, \u201ctodos los organismos de protecci\u00f3n de ni\u00f1ez tengan acceso a este registro y a futuro se intentar\u00e1 que todo el sistema de protecci\u00f3n lo tenga. Se deber\u00e1n contar todas las intervenciones\u201d, continu\u00f3 Bonino, quien ejemplific\u00f3, \u201cun ni\u00f1o que dej\u00f3 de ir al colegio, un ni\u00f1o que le faltan vacunas, hasta un ni\u00f1o v\u00edctima de maltrato. Podremos saber qu\u00e9 intervenciones hubo, qui\u00e9n est\u00e1 interviniendo y qu\u00e9 se hizo. A partir de esto, hay un cambio esencial en el abordaje de la ni\u00f1ez en la Provincia, despu\u00e9s de la sanci\u00f3n de la Ley N\u00b0 2703, y marcar\u00e1 un hito porque tambi\u00e9n nos permitir\u00e1 contar con estad\u00edsticas confiables de cual es la situaci\u00f3n real y as\u00ed definir pol\u00edticas p\u00fablicas concretas, claras, y obtener resultados\u201d.<\/p>\n<p>\u00abCuando se habla de vulneraci\u00f3n de derechos es un tema muy amplio, pueden ser leves hasta graves. Para que este registro funcione adecuadamente, es necesario capacitar a los operadores y que lo incorporen como una herramienta absolutamente necesaria y adecuada para tal fin\u201d, concluy\u00f3 el funcionario.<\/p>\n","protected":false},"excerpt":{"rendered":"<p>El objetivo es contar con un registro de legajo \u00fanico en un sistema integrado, ante cualquier situaci\u00f3n de vulneraci\u00f3n de derechos de ni\u00f1os, ni\u00f1as y adolescentes. En el Auditorio de la Fundaci\u00f3n Banco de La Pampa se present\u00f3 el Sistema de Informaci\u00f3n Integrado de Ni\u00f1ez y Adolescencia (SIINYA), para comenzar a digitalizar datos de ni\u00f1os [&hellip;]<\/p>\n","protected":false},"author":1,"featured_media":30321,"comment_status":"closed","ping_status":"closed","sticky":false,"template":"","format":"standard","meta":{"iawp_total_views":5,"footnotes":""},"categories":[7],"tags":[439,102],"class_list":["post-30320","post","type-post","status-publish","format-standard","has-post-thumbnail","hentry","category-actividades","tag-la-pampa","tag-ninez-y-adolescencia"],"nelio_content":{"autoShareEndMode":"never","automationSources":{"useCustomSentences":false,"customSentences":[]},"efiAlt":"","efiUrl":"","followers":[1],"highlights":[],"isAutoShareEnabled":true,"networkImageIds":[],"permalinkQueryArgs":[],"series":[],"suggestedReferences":[]},"yoast_head":"<!-- This site is optimized with the Yoast SEO plugin v27.5 - https:\/\/yoast.com\/product\/yoast-seo-wordpress\/ -->\n<title>La Pampa: se present\u00f3 el Sistema de Informaci\u00f3n Integrado de Ni\u00f1ez y Adolescencia - Diario Digital Femenino<\/title>\n<meta name=\"robots\" content=\"index, follow, max-snippet:-1, max-image-preview:large, max-video-preview:-1\" \/>\n<link rel=\"canonical\" href=\"https:\/\/diariofemenino.com.ar\/df\/la-pampa-se-presento-el-sistema-de-informacion-integrado\/\" \/>\n<meta property=\"og:locale\" content=\"es_ES\" \/>\n<meta property=\"og:type\" content=\"article\" \/>\n<meta property=\"og:title\" content=\"La Pampa: se present\u00f3 el Sistema de Informaci\u00f3n Integrado de Ni\u00f1ez y Adolescencia - Diario Digital Femenino\" \/>\n<meta property=\"og:description\" content=\"El objetivo es contar con un registro de legajo \u00fanico en un sistema integrado, ante cualquier situaci\u00f3n de vulneraci\u00f3n de derechos de ni\u00f1os, ni\u00f1as y adolescentes. En el Auditorio de la Fundaci\u00f3n Banco de La Pampa se present\u00f3 el Sistema de Informaci\u00f3n Integrado de Ni\u00f1ez y Adolescencia (SIINYA), para comenzar a digitalizar datos de ni\u00f1os [&hellip;]\" \/>\n<meta property=\"og:url\" content=\"https:\/\/diariofemenino.com.ar\/df\/la-pampa-se-presento-el-sistema-de-informacion-integrado\/\" \/>\n<meta property=\"og:site_name\" content=\"Diario Digital Femenino\" \/>\n<meta property=\"article:publisher\" content=\"https:\/\/www.facebook.com\/DiarioDigitaFemenino\/\" \/>\n<meta property=\"article:published_time\" content=\"2018-12-20T14:09:36+00:00\" \/>\n<meta property=\"og:image\" content=\"https:\/\/diariofemenino.com.ar\/df\/wp-content\/uploads\/2018\/12\/presentacion_sistema_integrado_niniez_y_adolescencia.jpg\" \/>\n\t<meta property=\"og:image:width\" content=\"400\" \/>\n\t<meta property=\"og:image:height\" content=\"240\" \/>\n\t<meta property=\"og:image:type\" content=\"image\/jpeg\" \/>\n<meta name=\"author\" content=\"Admin\" \/>\n<meta name=\"twitter:card\" content=\"summary_large_image\" \/>\n<meta name=\"twitter:creator\" content=\"@DiarioFemenino1\" \/>\n<meta name=\"twitter:site\" content=\"@DiarioFemenino1\" \/>\n<meta name=\"twitter:label1\" content=\"Escrito por\" \/>\n\t<meta name=\"twitter:data1\" content=\"Admin\" \/>\n\t<meta name=\"twitter:label2\" content=\"Tiempo de lectura\" \/>\n\t<meta name=\"twitter:data2\" content=\"2 minutos\" \/>\n<script type=\"application\/ld+json\" class=\"yoast-schema-graph\">{\"@context\":\"https:\\\/\\\/schema.org\",\"@graph\":[{\"@type\":\"Article\",\"@id\":\"https:\\\/\\\/diariofemenino.com.ar\\\/df\\\/la-pampa-se-presento-el-sistema-de-informacion-integrado\\\/#article\",\"isPartOf\":{\"@id\":\"https:\\\/\\\/diariofemenino.com.ar\\\/df\\\/la-pampa-se-presento-el-sistema-de-informacion-integrado\\\/\"},\"author\":{\"name\":\"Admin\",\"@id\":\"https:\\\/\\\/diariofemenino.com.ar\\\/df\\\/#\\\/schema\\\/person\\\/38f54b3bfd13f561de2460ba95c169c6\"},\"headline\":\"La Pampa: se present\u00f3 el Sistema de Informaci\u00f3n Integrado de Ni\u00f1ez y Adolescencia\",\"datePublished\":\"2018-12-20T14:09:36+00:00\",\"mainEntityOfPage\":{\"@id\":\"https:\\\/\\\/diariofemenino.com.ar\\\/df\\\/la-pampa-se-presento-el-sistema-de-informacion-integrado\\\/\"},\"wordCount\":492,\"publisher\":{\"@id\":\"https:\\\/\\\/diariofemenino.com.ar\\\/df\\\/#organization\"},\"image\":{\"@id\":\"https:\\\/\\\/diariofemenino.com.ar\\\/df\\\/la-pampa-se-presento-el-sistema-de-informacion-integrado\\\/#primaryimage\"},\"thumbnailUrl\":\"https:\\\/\\\/diariofemenino.com.ar\\\/df\\\/wp-content\\\/uploads\\\/2018\\\/12\\\/presentacion_sistema_integrado_niniez_y_adolescencia.jpg\",\"keywords\":[\"La Pampa\",\"Ni\u00f1ez y Adolescencia\"],\"articleSection\":[\"Actividades\"],\"inLanguage\":\"es\"},{\"@type\":\"WebPage\",\"@id\":\"https:\\\/\\\/diariofemenino.com.ar\\\/df\\\/la-pampa-se-presento-el-sistema-de-informacion-integrado\\\/\",\"url\":\"https:\\\/\\\/diariofemenino.com.ar\\\/df\\\/la-pampa-se-presento-el-sistema-de-informacion-integrado\\\/\",\"name\":\"La Pampa: se present\u00f3 el Sistema de Informaci\u00f3n Integrado de Ni\u00f1ez y Adolescencia - Diario Digital Femenino\",\"isPartOf\":{\"@id\":\"https:\\\/\\\/diariofemenino.com.ar\\\/df\\\/#website\"},\"primaryImageOfPage\":{\"@id\":\"https:\\\/\\\/diariofemenino.com.ar\\\/df\\\/la-pampa-se-presento-el-sistema-de-informacion-integrado\\\/#primaryimage\"},\"image\":{\"@id\":\"https:\\\/\\\/diariofemenino.com.ar\\\/df\\\/la-pampa-se-presento-el-sistema-de-informacion-integrado\\\/#primaryimage\"},\"thumbnailUrl\":\"https:\\\/\\\/diariofemenino.com.ar\\\/df\\\/wp-content\\\/uploads\\\/2018\\\/12\\\/presentacion_sistema_integrado_niniez_y_adolescencia.jpg\",\"datePublished\":\"2018-12-20T14:09:36+00:00\",\"breadcrumb\":{\"@id\":\"https:\\\/\\\/diariofemenino.com.ar\\\/df\\\/la-pampa-se-presento-el-sistema-de-informacion-integrado\\\/#breadcrumb\"},\"inLanguage\":\"es\",\"potentialAction\":[{\"@type\":\"ReadAction\",\"target\":[\"https:\\\/\\\/diariofemenino.com.ar\\\/df\\\/la-pampa-se-presento-el-sistema-de-informacion-integrado\\\/\"]}]},{\"@type\":\"ImageObject\",\"inLanguage\":\"es\",\"@id\":\"https:\\\/\\\/diariofemenino.com.ar\\\/df\\\/la-pampa-se-presento-el-sistema-de-informacion-integrado\\\/#primaryimage\",\"url\":\"https:\\\/\\\/diariofemenino.com.ar\\\/df\\\/wp-content\\\/uploads\\\/2018\\\/12\\\/presentacion_sistema_integrado_niniez_y_adolescencia.jpg\",\"contentUrl\":\"https:\\\/\\\/diariofemenino.com.ar\\\/df\\\/wp-content\\\/uploads\\\/2018\\\/12\\\/presentacion_sistema_integrado_niniez_y_adolescencia.jpg\",\"width\":400,\"height\":240},{\"@type\":\"BreadcrumbList\",\"@id\":\"https:\\\/\\\/diariofemenino.com.ar\\\/df\\\/la-pampa-se-presento-el-sistema-de-informacion-integrado\\\/#breadcrumb\",\"itemListElement\":[{\"@type\":\"ListItem\",\"position\":1,\"name\":\"Portada\",\"item\":\"https:\\\/\\\/diariofemenino.com.ar\\\/df\\\/\"},{\"@type\":\"ListItem\",\"position\":2,\"name\":\"La Pampa: se present\u00f3 el Sistema de Informaci\u00f3n Integrado de Ni\u00f1ez y Adolescencia\"}]},{\"@type\":\"WebSite\",\"@id\":\"https:\\\/\\\/diariofemenino.com.ar\\\/df\\\/#website\",\"url\":\"https:\\\/\\\/diariofemenino.com.ar\\\/df\\\/\",\"name\":\"Diario Digital Femenino\",\"description\":\"Cuesti\u00f3n de G\u00e9nero\",\"publisher\":{\"@id\":\"https:\\\/\\\/diariofemenino.com.ar\\\/df\\\/#organization\"},\"potentialAction\":[{\"@type\":\"SearchAction\",\"target\":{\"@type\":\"EntryPoint\",\"urlTemplate\":\"https:\\\/\\\/diariofemenino.com.ar\\\/df\\\/?s={search_term_string}\"},\"query-input\":{\"@type\":\"PropertyValueSpecification\",\"valueRequired\":true,\"valueName\":\"search_term_string\"}}],\"inLanguage\":\"es\"},{\"@type\":\"Organization\",\"@id\":\"https:\\\/\\\/diariofemenino.com.ar\\\/df\\\/#organization\",\"name\":\"Diario Femenino\",\"url\":\"https:\\\/\\\/diariofemenino.com.ar\\\/df\\\/\",\"logo\":{\"@type\":\"ImageObject\",\"inLanguage\":\"es\",\"@id\":\"https:\\\/\\\/diariofemenino.com.ar\\\/df\\\/#\\\/schema\\\/logo\\\/image\\\/\",\"url\":\"https:\\\/\\\/diariofemenino.com.ar\\\/df\\\/wp-content\\\/uploads\\\/2018\\\/10\\\/logo.png\",\"contentUrl\":\"https:\\\/\\\/diariofemenino.com.ar\\\/df\\\/wp-content\\\/uploads\\\/2018\\\/10\\\/logo.png\",\"width\":500,\"height\":92,\"caption\":\"Diario Femenino\"},\"image\":{\"@id\":\"https:\\\/\\\/diariofemenino.com.ar\\\/df\\\/#\\\/schema\\\/logo\\\/image\\\/\"},\"sameAs\":[\"https:\\\/\\\/www.facebook.com\\\/DiarioDigitaFemenino\\\/\",\"https:\\\/\\\/x.com\\\/DiarioFemenino1\"]},{\"@type\":\"Person\",\"@id\":\"https:\\\/\\\/diariofemenino.com.ar\\\/df\\\/#\\\/schema\\\/person\\\/38f54b3bfd13f561de2460ba95c169c6\",\"name\":\"Admin\",\"image\":{\"@type\":\"ImageObject\",\"inLanguage\":\"es\",\"@id\":\"https:\\\/\\\/diariofemenino.com.ar\\\/df\\\/wp-content\\\/uploads\\\/2018\\\/12\\\/favicon-150x150.jpg\",\"url\":\"https:\\\/\\\/diariofemenino.com.ar\\\/df\\\/wp-content\\\/uploads\\\/2018\\\/12\\\/favicon-150x150.jpg\",\"contentUrl\":\"https:\\\/\\\/diariofemenino.com.ar\\\/df\\\/wp-content\\\/uploads\\\/2018\\\/12\\\/favicon-150x150.jpg\",\"caption\":\"Admin\"},\"url\":\"https:\\\/\\\/diariofemenino.com.ar\\\/df\\\/author\\\/adm18df\\\/\"}]}<\/script>\n<!-- \/ Yoast SEO plugin. -->","yoast_head_json":{"title":"La Pampa: se present\u00f3 el Sistema de Informaci\u00f3n Integrado de Ni\u00f1ez y Adolescencia - Diario Digital Femenino","robots":{"index":"index","follow":"follow","max-snippet":"max-snippet:-1","max-image-preview":"max-image-preview:large","max-video-preview":"max-video-preview:-1"},"canonical":"https:\/\/diariofemenino.com.ar\/df\/la-pampa-se-presento-el-sistema-de-informacion-integrado\/","og_locale":"es_ES","og_type":"article","og_title":"La Pampa: se present\u00f3 el Sistema de Informaci\u00f3n Integrado de Ni\u00f1ez y Adolescencia - Diario Digital Femenino","og_description":"El objetivo es contar con un registro de legajo \u00fanico en un sistema integrado, ante cualquier situaci\u00f3n de vulneraci\u00f3n de derechos de ni\u00f1os, ni\u00f1as y adolescentes. En el Auditorio de la Fundaci\u00f3n Banco de La Pampa se present\u00f3 el Sistema de Informaci\u00f3n Integrado de Ni\u00f1ez y Adolescencia (SIINYA), para comenzar a digitalizar datos de ni\u00f1os [&hellip;]","og_url":"https:\/\/diariofemenino.com.ar\/df\/la-pampa-se-presento-el-sistema-de-informacion-integrado\/","og_site_name":"Diario Digital Femenino","article_publisher":"https:\/\/www.facebook.com\/DiarioDigitaFemenino\/","article_published_time":"2018-12-20T14:09:36+00:00","og_image":[{"width":400,"height":240,"url":"https:\/\/diariofemenino.com.ar\/df\/wp-content\/uploads\/2018\/12\/presentacion_sistema_integrado_niniez_y_adolescencia.jpg","type":"image\/jpeg"}],"author":"Admin","twitter_card":"summary_large_image","twitter_creator":"@DiarioFemenino1","twitter_site":"@DiarioFemenino1","twitter_misc":{"Escrito por":"Admin","Tiempo de lectura":"2 minutos"},"schema":{"@context":"https:\/\/schema.org","@graph":[{"@type":"Article","@id":"https:\/\/diariofemenino.com.ar\/df\/la-pampa-se-presento-el-sistema-de-informacion-integrado\/#article","isPartOf":{"@id":"https:\/\/diariofemenino.com.ar\/df\/la-pampa-se-presento-el-sistema-de-informacion-integrado\/"},"author":{"name":"Admin","@id":"https:\/\/diariofemenino.com.ar\/df\/#\/schema\/person\/38f54b3bfd13f561de2460ba95c169c6"},"headline":"La Pampa: se present\u00f3 el Sistema de Informaci\u00f3n Integrado de Ni\u00f1ez y Adolescencia","datePublished":"2018-12-20T14:09:36+00:00","mainEntityOfPage":{"@id":"https:\/\/diariofemenino.com.ar\/df\/la-pampa-se-presento-el-sistema-de-informacion-integrado\/"},"wordCount":492,"publisher":{"@id":"https:\/\/diariofemenino.com.ar\/df\/#organization"},"image":{"@id":"https:\/\/diariofemenino.com.ar\/df\/la-pampa-se-presento-el-sistema-de-informacion-integrado\/#primaryimage"},"thumbnailUrl":"https:\/\/diariofemenino.com.ar\/df\/wp-content\/uploads\/2018\/12\/presentacion_sistema_integrado_niniez_y_adolescencia.jpg","keywords":["La Pampa","Ni\u00f1ez y Adolescencia"],"articleSection":["Actividades"],"inLanguage":"es"},{"@type":"WebPage","@id":"https:\/\/diariofemenino.com.ar\/df\/la-pampa-se-presento-el-sistema-de-informacion-integrado\/","url":"https:\/\/diariofemenino.com.ar\/df\/la-pampa-se-presento-el-sistema-de-informacion-integrado\/","name":"La Pampa: se present\u00f3 el Sistema de Informaci\u00f3n Integrado de Ni\u00f1ez y Adolescencia - Diario Digital Femenino","isPartOf":{"@id":"https:\/\/diariofemenino.com.ar\/df\/#website"},"primaryImageOfPage":{"@id":"https:\/\/diariofemenino.com.ar\/df\/la-pampa-se-presento-el-sistema-de-informacion-integrado\/#primaryimage"},"image":{"@id":"https:\/\/diariofemenino.com.ar\/df\/la-pampa-se-presento-el-sistema-de-informacion-integrado\/#primaryimage"},"thumbnailUrl":"https:\/\/diariofemenino.com.ar\/df\/wp-content\/uploads\/2018\/12\/presentacion_sistema_integrado_niniez_y_adolescencia.jpg","datePublished":"2018-12-20T14:09:36+00:00","breadcrumb":{"@id":"https:\/\/diariofemenino.com.ar\/df\/la-pampa-se-presento-el-sistema-de-informacion-integrado\/#breadcrumb"},"inLanguage":"es","potentialAction":[{"@type":"ReadAction","target":["https:\/\/diariofemenino.com.ar\/df\/la-pampa-se-presento-el-sistema-de-informacion-integrado\/"]}]},{"@type":"ImageObject","inLanguage":"es","@id":"https:\/\/diariofemenino.com.ar\/df\/la-pampa-se-presento-el-sistema-de-informacion-integrado\/#primaryimage","url":"https:\/\/diariofemenino.com.ar\/df\/wp-content\/uploads\/2018\/12\/presentacion_sistema_integrado_niniez_y_adolescencia.jpg","contentUrl":"https:\/\/diariofemenino.com.ar\/df\/wp-content\/uploads\/2018\/12\/presentacion_sistema_integrado_niniez_y_adolescencia.jpg","width":400,"height":240},{"@type":"BreadcrumbList","@id":"https:\/\/diariofemenino.com.ar\/df\/la-pampa-se-presento-el-sistema-de-informacion-integrado\/#breadcrumb","itemListElement":[{"@type":"ListItem","position":1,"name":"Portada","item":"https:\/\/diariofemenino.com.ar\/df\/"},{"@type":"ListItem","position":2,"name":"La Pampa: se present\u00f3 el Sistema de Informaci\u00f3n Integrado de Ni\u00f1ez y Adolescencia"}]},{"@type":"WebSite","@id":"https:\/\/diariofemenino.com.ar\/df\/#website","url":"https:\/\/diariofemenino.com.ar\/df\/","name":"Diario Digital Femenino","description":"Cuesti\u00f3n de G\u00e9nero","publisher":{"@id":"https:\/\/diariofemenino.com.ar\/df\/#organization"},"potentialAction":[{"@type":"SearchAction","target":{"@type":"EntryPoint","urlTemplate":"https:\/\/diariofemenino.com.ar\/df\/?s={search_term_string}"},"query-input":{"@type":"PropertyValueSpecification","valueRequired":true,"valueName":"search_term_string"}}],"inLanguage":"es"},{"@type":"Organization","@id":"https:\/\/diariofemenino.com.ar\/df\/#organization","name":"Diario Femenino","url":"https:\/\/diariofemenino.com.ar\/df\/","logo":{"@type":"ImageObject","inLanguage":"es","@id":"https:\/\/diariofemenino.com.ar\/df\/#\/schema\/logo\/image\/","url":"https:\/\/diariofemenino.com.ar\/df\/wp-content\/uploads\/2018\/10\/logo.png","contentUrl":"https:\/\/diariofemenino.com.ar\/df\/wp-content\/uploads\/2018\/10\/logo.png","width":500,"height":92,"caption":"Diario Femenino"},"image":{"@id":"https:\/\/diariofemenino.com.ar\/df\/#\/schema\/logo\/image\/"},"sameAs":["https:\/\/www.facebook.com\/DiarioDigitaFemenino\/","https:\/\/x.com\/DiarioFemenino1"]},{"@type":"Person","@id":"https:\/\/diariofemenino.com.ar\/df\/#\/schema\/person\/38f54b3bfd13f561de2460ba95c169c6","name":"Admin","image":{"@type":"ImageObject","inLanguage":"es","@id":"https:\/\/diariofemenino.com.ar\/df\/wp-content\/uploads\/2018\/12\/favicon-150x150.jpg","url":"https:\/\/diariofemenino.com.ar\/df\/wp-content\/uploads\/2018\/12\/favicon-150x150.jpg","contentUrl":"https:\/\/diariofemenino.com.ar\/df\/wp-content\/uploads\/2018\/12\/favicon-150x150.jpg","caption":"Admin"},"url":"https:\/\/diariofemenino.com.ar\/df\/author\/adm18df\/"}]}},"jetpack_featured_media_url":"https:\/\/diariofemenino.com.ar\/df\/wp-content\/uploads\/2018\/12\/presentacion_sistema_integrado_niniez_y_adolescencia.jpg","jetpack_sharing_enabled":true,"rttpg_featured_image_url":{"full":["https:\/\/diariofemenino.com.ar\/df\/wp-content\/uploads\/2018\/12\/presentacion_sistema_integrado_niniez_y_adolescencia.jpg",400,240,false],"landscape":["https:\/\/diariofemenino.com.ar\/df\/wp-content\/uploads\/2018\/12\/presentacion_sistema_integrado_niniez_y_adolescencia.jpg",400,240,false],"portraits":["https:\/\/diariofemenino.com.ar\/df\/wp-content\/uploads\/2018\/12\/presentacion_sistema_integrado_niniez_y_adolescencia.jpg",400,240,false],"thumbnail":["https:\/\/diariofemenino.com.ar\/df\/wp-content\/uploads\/2018\/12\/presentacion_sistema_integrado_niniez_y_adolescencia-150x150.jpg",150,150,true],"medium":["https:\/\/diariofemenino.com.ar\/df\/wp-content\/uploads\/2018\/12\/presentacion_sistema_integrado_niniez_y_adolescencia-300x180.jpg",300,180,true],"large":["https:\/\/diariofemenino.com.ar\/df\/wp-content\/uploads\/2018\/12\/presentacion_sistema_integrado_niniez_y_adolescencia.jpg",400,240,false],"1536x1536":["https:\/\/diariofemenino.com.ar\/df\/wp-content\/uploads\/2018\/12\/presentacion_sistema_integrado_niniez_y_adolescencia.jpg",400,240,false],"2048x2048":["https:\/\/diariofemenino.com.ar\/df\/wp-content\/uploads\/2018\/12\/presentacion_sistema_integrado_niniez_y_adolescencia.jpg",400,240,false]},"rttpg_author":{"display_name":"Admin","author_link":"https:\/\/diariofemenino.com.ar\/df\/author\/adm18df\/"},"rttpg_comment":0,"rttpg_category":"<a href=\"https:\/\/diariofemenino.com.ar\/df\/category\/actividades\/\" rel=\"category tag\">Actividades<\/a>","rttpg_excerpt":"El objetivo es contar con un registro de legajo \u00fanico en un sistema integrado, ante cualquier situaci\u00f3n de vulneraci\u00f3n de derechos de ni\u00f1os, ni\u00f1as y adolescentes. En el Auditorio de la Fundaci\u00f3n Banco de La Pampa se present\u00f3 el Sistema de Informaci\u00f3n Integrado de Ni\u00f1ez y Adolescencia (SIINYA), para comenzar a digitalizar datos de ni\u00f1os&hellip;","_links":{"self":[{"href":"https:\/\/diariofemenino.com.ar\/df\/wp-json\/wp\/v2\/posts\/30320","targetHints":{"allow":["GET"]}}],"collection":[{"href":"https:\/\/diariofemenino.com.ar\/df\/wp-json\/wp\/v2\/posts"}],"about":[{"href":"https:\/\/diariofemenino.com.ar\/df\/wp-json\/wp\/v2\/types\/post"}],"author":[{"embeddable":true,"href":"https:\/\/diariofemenino.com.ar\/df\/wp-json\/wp\/v2\/users\/1"}],"replies":[{"embeddable":true,"href":"https:\/\/diariofemenino.com.ar\/df\/wp-json\/wp\/v2\/comments?post=30320"}],"version-history":[{"count":0,"href":"https:\/\/diariofemenino.com.ar\/df\/wp-json\/wp\/v2\/posts\/30320\/revisions"}],"wp:featuredmedia":[{"embeddable":true,"href":"https:\/\/diariofemenino.com.ar\/df\/wp-json\/wp\/v2\/media\/30321"}],"wp:attachment":[{"href":"https:\/\/diariofemenino.com.ar\/df\/wp-json\/wp\/v2\/media?parent=30320"}],"wp:term":[{"taxonomy":"category","embeddable":true,"href":"https:\/\/diariofemenino.com.ar\/df\/wp-json\/wp\/v2\/categories?post=30320"},{"taxonomy":"post_tag","embeddable":true,"href":"https:\/\/diariofemenino.com.ar\/df\/wp-json\/wp\/v2\/tags?post=30320"}],"curies":[{"name":"wp","href":"https:\/\/api.w.org\/{rel}","templated":true}]}}