{"id":30267,"date":"2018-12-12T19:20:32","date_gmt":"2018-12-12T22:20:32","guid":{"rendered":"http:\/\/diariofemenino.com.ar\/v2\/?p=30267"},"modified":"2018-12-12T19:20:32","modified_gmt":"2018-12-12T22:20:32","slug":"quien-cuida-a-los-ninos-ninas-y-adolescentes-en-la-industria-del-entretenimiento","status":"publish","type":"post","link":"https:\/\/diariofemenino.com.ar\/df\/quien-cuida-a-los-ninos-ninas-y-adolescentes-en-la-industria-del-entretenimiento\/","title":{"rendered":"\u00bfQui\u00e9n cuida a los ni\u00f1os, ni\u00f1as y adolescentes en la industria del entretenimiento?"},"content":{"rendered":"<p>Mujer y menor de edad. Thelma Fardin ten\u00eda 16 a\u00f1os cuando fue violada por Juan Darth\u00e9s en la habitaci\u00f3n de un hotel en Nicaragua. La denuncia penal que la actriz realiz\u00f3 contra su abusador de la mano de la colectiva Actrices Argentinas, abri\u00f3 la puerta a una problem\u00e1tica que hasta el momento hab\u00eda pasado desapercibida ante la mirada p\u00fablica.<\/p>\n<p>Por:\u00a0Carla Martilotta<\/p>\n<p>En el 2009 Thelma Fardin viaj\u00f3 junto a Juan Darth\u00e9s y el resto del elenco de Patito Feo a Nicaragua en el marco de la gira de despedida de la tira que protagoniz\u00f3 junto a Griselda Siciliani y Eva de Dominici, entre otras actrices. La novela para j\u00f3venes y adolescentes era una producci\u00f3n de Ideas del Sur y Disney Channel, se emit\u00eda por Canal 13 y su productor fue Roberto Stoessel. Adem\u00e1s de las personas que integraban el plantel t\u00e9cnico y la producci\u00f3n, el \u00fanico adulto que viaj\u00f3 junto a los y las menores a Nicaragua fue Darth\u00e9s, quien enfrenta una denuncia penal en el pa\u00eds caribe\u00f1o por haber violado a Fardin en una de las habitaciones del hotel en donde se alojaban.<\/p>\n<p>El relato de la joven que hoy tiene 26 a\u00f1os es desgarrador. Seg\u00fan cont\u00f3, Darth\u00e9s la penetr\u00f3 a pesar de que en reiteradas ocasiones le pidi\u00f3 que pare, que no lo haga. Que no. \u201cMir\u00e1 como me pon\u00e9s\u201d, le dijo el actor, la misma frase que us\u00f3 en otras situaciones de abuso con mujeres que integraban la tira. Ante esto, las v\u00edctimas y m\u00e1s de 500 actrices argentinas respondieron: Mir\u00e1 c\u00f3mo nos ponemos.<\/p>\n<p>El testimonio de Thelma Fardin, acompa\u00f1ado de la denuncia penal y el comunicado de la colectiva Actrices Argentinas, expuso la falta de control y acompa\u00f1amiento a menores que trabajan en la industria del entretenimiento, as\u00ed como la falta de respaldo que las mujeres se mueven en el mundo de la actuaci\u00f3n y son v\u00edctimas de la violencia machista. Se trata de un caso puntual que se expuso ante las c\u00e1maras y los diferentes medios de comunicaci\u00f3n sobre c\u00f3mo opera el patriarcado en al \u00e1mbito art\u00edstico. Las v\u00edctimas son m\u00e1s, y los abusadores tambi\u00e9n. Las actrices lo advirtieron: \u201cSeg\u00fan una encuesta reciente de SAGAI, el 66% de les int\u00e9rpretes afirm\u00f3 haber sido v\u00edctima de alg\u00fan tipo de acoso y\/o abuso sexual en el ejercicio de la profesi\u00f3n. Se parece m\u00e1s a una norma que a una excepci\u00f3n\u201d.<\/p>\n<p>M\u00e1s all\u00e1 del abusador, existe una cadena de responsables detr\u00e1s de las c\u00e1maras, los guiones, los vestuarios y la producci\u00f3n que operan desde las sombras para acallar las denuncias y las situaciones de violencia en el \u00e1mbito art\u00edstico. \u201c\u00bfA qui\u00e9n vamos a denunciar? \u00bfAl jefe de casting? \u00bfAl due\u00f1o de la productora? \u00bfAl director de la obra o pel\u00edcula? \u00bfAl maestro de teatro?\u201d, se preguntaron desde la colectiva durante la lectura del documento. La impunidad de las figuras p\u00fablicas que son denunciadas nace de la complicidad de quienes por acci\u00f3n u omisi\u00f3n callan, niegan y desmienten las acusaciones de violencia de g\u00e9nero en todos los \u00e1mbitos. En tanto, es importante resaltar que en el caso de las producciones televisivas, se habla de poner en jaque ganancias millonarias y carreras tan a\u00f1ejas como las pr\u00e1cticas violentas, mientras que la inversi\u00f3n en el cuidado de quienes integran dichas producciones no parece ser lo suficientemente importante para los due\u00f1os del capital.<\/p>\n<p>Sin ir mas lejos, Roberto Stoessel, t\u00edo de \u201cTini\u201d, el boom m\u00e1s reciente de la m\u00fasica pop argentina luego de su protag\u00f3nico en la tira adolescente \u201cVioleta\u201d, respald\u00f3 a Darth\u00e9s cuando Griselda Siciliani lo acus\u00f3 de haberla violentado. \u201cNo podes decir lo que dec\u00eds sobre Juan sos una soberbia, hip\u00f3crita y una mentirosa, trabajamos juntos en Patito Feo y te conozco muy bien o te olvidaste de tu mentira para operarte tu naricita en pleno rodaje? Sos una verg\u00fcenza\u201d, le hab\u00eda dicho el productor. En tanto, otros exponentes de la actuaci\u00f3n salieron a respaldarlo y a negar las acusaciones en su contra. Hoy todos enfrentan las cr\u00edticas de una parte de la sociedad que, en su momento, prefiri\u00f3 escucharlos.<\/p>\n<p>En el pa\u00eds existen leyes y tratados internacionales que proh\u00edben el trabajo infantil, como la Ley 26.847, la 25.255 y la Ley 24.650. En tanto, en 2008 se sancion\u00f3 la ley 26.390 que adem\u00e1s de prohibir el trabajo infantil, regula el adolescente. En su articulado se fija la edad m\u00ednima de admisi\u00f3n al empleo en los 16 a\u00f1os prohibiendo el trabajo de las personas menores de esa edad en todas sus formas, sea o no remunerado o bajo una relaci\u00f3n contractual. Adem\u00e1s, fija un m\u00e1ximo de 3 horas para la jornada laboral y 15 horas semanales, en el caso de los mayores de 14 a\u00f1os y menores de 16, que realicen tareas en empresas de la familia y siempre que no se trate de tareas penosas, peligrosas y\/o insalubres, y que cumplan con la asistencia a la escuela.<\/p>\n<p>Sin embargo, de aplicarse a las tiras y novelas no existen mayores controles sobre las tareas, horarios, edades y condiciones sobre la exposici\u00f3n de menores que trabajan en la industria del espect\u00e1culo. Lali Esp\u00f3sito, una de las mayores referentes de la m\u00fasica y actuaci\u00f3n para las j\u00f3venes argentinas e integrante de Actrices Argentinas, brind\u00f3 su declaraci\u00f3n tras el testimonio de Thelma Fardin y sostuvo: \u201cThelma era menor, yo se lo que es trabajar siendo ni\u00f1a. Hay que abordar esos temas que los damos por hechos. Si a un adolescente le pas\u00f3 esto en una gira, habr\u00e1 que replantearse c\u00f3mo trabajan las producciones\u201d.<\/p>\n<p>\u201cCuando sos chico est\u00e1s disfrutando de lo que te gusta hacer, es un situaci\u00f3n feliz para los ni\u00f1os hacer lo que les gusta y no tiene que ser \u00e9l quien tiene que cuidarse, es el adulto, la producci\u00f3n, la gente que los tiene contratados (\u2026) yo crec\u00ed en un lugar como la productora de Cris Morena y tuve la suerte de no vivir algo similar pero tambi\u00e9n se tomaban ciertas medidas\u2026 habr\u00e1 que preguntarse si eso basta\u201d, problematiz\u00f3.<\/p>\n<p>En tanto, son centenares los actores y actrices menores de edad que ven modificada su vida normal y vivencian situaciones de violencia, bullying, sobreexposici\u00f3n, trastornos alimenticios, trastornos en la personalidad, falta de empat\u00eda, inasistencia a la escuela y dem\u00e1s problemas que pueden torcer su desarrollo. \u201cEn nuestro \u00e1mbito laboral se nos aisla frente a vivencias naturalizadas que lleva a\u00f1os poner en palabras, mientras tanto el abusador habla y trabaja con impunidad y pretende que la v\u00edctima sea culpada de su abuso. Se erotiza, se sobreexpone a ni\u00f1es y adolescentes en la industria del entretenimiento, y nosotras siempre estamos desprotegidas por quienes nos contratan\u201d, denuncia el documento colectivo.<\/p>\n<p>En esa l\u00ednea es que resulta vital hablar de una estructura patriarcal jur\u00eddico-pol\u00edtica que apa\u00f1a las situaciones de violencia infantil y adolescente invizibilizadas en pos de las industrias del espect\u00e1culo y que se agravan cuando en el medio hay casos de abuso o violencia de g\u00e9nero. No deber\u00eda ser una cuesti\u00f3n de \u201csuerte\u201d que menores que cumplen el sue\u00f1o de convertirse en actores o actrices, llegue a la adultez sin traumas ni enfermedades ps\u00edquicas, f\u00edsicas o de adicciones. Es menester demandar a las industrias del espect\u00e1culo las herramientas necesarias para que el \u00e1mbito laboral est\u00e9 adaptado a las regulaciones vigentes y tenga adem\u00e1s el respaldo y la seriedad que le compete, as\u00ed como una justicia que crea en las v\u00edctimas, las respalde y las proteja y nuevas legislaciones que se adapten al devenir de las industrias culturales y del entretenimiento.<\/p>\n<p>Al finalizar el documento, las actrices resaltaron: \u201cDonde la justicia y el Estado fallan de forma aberrante a favor de los victimarios, como el caso de Luc\u00eda P\u00e9rez, nos convocamos para decir \u00a1basta! porque el tiempo del silencio se termin\u00f3. Frente a este maltrato, la indiferencia y la mordaza legal, las actrices nos organizamos. Frente al \u2018mir\u00e1 c\u00f3mo me pon\u00e9s\u2019, decimos: Mir\u00e1 c\u00f3mo nos ponemos. Nos ponemos fuertes, unidas, frente a tu violencia y tu impunidad, estamos juntas. Que se haga justicia por nuestra compa\u00f1era y por todas. Esto reci\u00e9n empieza\u201d.<\/p>\n<p>Se espera que las denuncias por acoso y abuso en la industria el entretenimiento se multipliquen, sin embargo, el eje del \u201cesto reci\u00e9n empieza\u201d, invita a la sociedad a participar de un cambio a futuro que corte de ra\u00edz con las pr\u00e1cticas machistas en los \u00e1mbitos laborales, sociales, pol\u00edticos y jur\u00eddicos. Que las pr\u00e1cticas machistas queden desterradas de la infancia de les ni\u00f1es y adolescentes en la b\u00fasqueda de un futuro sano, pero ante todo, libre. Libre de traumas, de miedos y de mordazas.<\/p>\n<p>&nbsp;<\/p>\n<p>Fuente: <a href=\"https:\/\/notasperiodismopopular.com.ar\/2018\/12\/12\/quien-cuida-ninos-ninas-adolescentes-industria-entretenimiento\/\">Notas Periodismo Popular<\/a><\/p>\n","protected":false},"excerpt":{"rendered":"<p>Mujer y menor de edad. Thelma Fardin ten\u00eda 16 a\u00f1os cuando fue violada por Juan Darth\u00e9s en la habitaci\u00f3n de un hotel en Nicaragua. La denuncia penal que la actriz realiz\u00f3 contra su abusador de la mano de la colectiva Actrices Argentinas, abri\u00f3 la puerta a una problem\u00e1tica que hasta el momento hab\u00eda pasado desapercibida [&hellip;]<\/p>\n","protected":false},"author":3,"featured_media":30268,"comment_status":"closed","ping_status":"closed","sticky":false,"template":"","format":"standard","meta":{"iawp_total_views":56,"footnotes":""},"categories":[2],"tags":[57,12,37,34,102,45],"class_list":["post-30267","post","type-post","status-publish","format-standard","has-post-thumbnail","hentry","category-sin-categoria","tag-derechos-de-ninxs","tag-infancia-y-adolescencia","tag-juventud","tag-machismo","tag-ninez-y-adolescencia","tag-trabajo"],"nelio_content":{"autoShareEndMode":"never","automationSources":{"useCustomSentences":false,"customSentences":[]},"efiAlt":"","efiUrl":"","followers":[1,3],"highlights":[],"isAutoShareEnabled":true,"networkImageIds":[],"permalinkQueryArgs":[],"series":[],"suggestedReferences":[]},"yoast_head":"<!-- This site is optimized with the Yoast SEO plugin v27.5 - https:\/\/yoast.com\/product\/yoast-seo-wordpress\/ -->\n<title>\u00bfQui\u00e9n cuida a los ni\u00f1os, ni\u00f1as y adolescentes en la industria del entretenimiento? - Diario Digital Femenino<\/title>\n<meta name=\"robots\" content=\"index, follow, max-snippet:-1, max-image-preview:large, max-video-preview:-1\" \/>\n<link rel=\"canonical\" href=\"https:\/\/diariofemenino.com.ar\/df\/quien-cuida-a-los-ninos-ninas-y-adolescentes-en-la-industria-del-entretenimiento\/\" \/>\n<meta property=\"og:locale\" content=\"es_ES\" \/>\n<meta property=\"og:type\" content=\"article\" \/>\n<meta property=\"og:title\" content=\"\u00bfQui\u00e9n cuida a los ni\u00f1os, ni\u00f1as y adolescentes en la industria del entretenimiento? - Diario Digital Femenino\" \/>\n<meta property=\"og:description\" content=\"Mujer y menor de edad. Thelma Fardin ten\u00eda 16 a\u00f1os cuando fue violada por Juan Darth\u00e9s en la habitaci\u00f3n de un hotel en Nicaragua. La denuncia penal que la actriz realiz\u00f3 contra su abusador de la mano de la colectiva Actrices Argentinas, abri\u00f3 la puerta a una problem\u00e1tica que hasta el momento hab\u00eda pasado desapercibida [&hellip;]\" \/>\n<meta property=\"og:url\" content=\"https:\/\/diariofemenino.com.ar\/df\/quien-cuida-a-los-ninos-ninas-y-adolescentes-en-la-industria-del-entretenimiento\/\" \/>\n<meta property=\"og:site_name\" content=\"Diario Digital Femenino\" \/>\n<meta property=\"article:publisher\" content=\"https:\/\/www.facebook.com\/DiarioDigitaFemenino\/\" \/>\n<meta property=\"article:published_time\" content=\"2018-12-12T22:20:32+00:00\" \/>\n<meta property=\"og:image\" content=\"https:\/\/diariofemenino.com.ar\/df\/wp-content\/uploads\/2018\/12\/patitofeo-ab53702cbf9aa8ca6f7ba86c34d31228-1200x800.jpg\" \/>\n\t<meta property=\"og:image:width\" content=\"1200\" \/>\n\t<meta property=\"og:image:height\" content=\"800\" \/>\n\t<meta property=\"og:image:type\" content=\"image\/jpeg\" \/>\n<meta name=\"author\" content=\"Admin\" \/>\n<meta name=\"twitter:card\" content=\"summary_large_image\" \/>\n<meta name=\"twitter:creator\" content=\"@DiarioFemenino1\" \/>\n<meta name=\"twitter:site\" content=\"@DiarioFemenino1\" \/>\n<meta name=\"twitter:label1\" content=\"Escrito por\" \/>\n\t<meta name=\"twitter:data1\" content=\"Admin\" \/>\n\t<meta name=\"twitter:label2\" content=\"Tiempo de lectura\" \/>\n\t<meta name=\"twitter:data2\" content=\"8 minutos\" \/>\n<script type=\"application\/ld+json\" class=\"yoast-schema-graph\">{\"@context\":\"https:\\\/\\\/schema.org\",\"@graph\":[{\"@type\":\"Article\",\"@id\":\"https:\\\/\\\/diariofemenino.com.ar\\\/df\\\/quien-cuida-a-los-ninos-ninas-y-adolescentes-en-la-industria-del-entretenimiento\\\/#article\",\"isPartOf\":{\"@id\":\"https:\\\/\\\/diariofemenino.com.ar\\\/df\\\/quien-cuida-a-los-ninos-ninas-y-adolescentes-en-la-industria-del-entretenimiento\\\/\"},\"author\":{\"name\":\"Admin\",\"@id\":\"https:\\\/\\\/diariofemenino.com.ar\\\/df\\\/#\\\/schema\\\/person\\\/1c36bc3bf394d8ec320814298b4fdd3f\"},\"headline\":\"\u00bfQui\u00e9n cuida a los ni\u00f1os, ni\u00f1as y adolescentes en la industria del entretenimiento?\",\"datePublished\":\"2018-12-12T22:20:32+00:00\",\"mainEntityOfPage\":{\"@id\":\"https:\\\/\\\/diariofemenino.com.ar\\\/df\\\/quien-cuida-a-los-ninos-ninas-y-adolescentes-en-la-industria-del-entretenimiento\\\/\"},\"wordCount\":1545,\"publisher\":{\"@id\":\"https:\\\/\\\/diariofemenino.com.ar\\\/df\\\/#organization\"},\"image\":{\"@id\":\"https:\\\/\\\/diariofemenino.com.ar\\\/df\\\/quien-cuida-a-los-ninos-ninas-y-adolescentes-en-la-industria-del-entretenimiento\\\/#primaryimage\"},\"thumbnailUrl\":\"https:\\\/\\\/diariofemenino.com.ar\\\/df\\\/wp-content\\\/uploads\\\/2018\\\/12\\\/patitofeo-ab53702cbf9aa8ca6f7ba86c34d31228-1200x800.jpg\",\"keywords\":[\"Derechos de ni\u00f1xs\",\"Infancia y Adolescencia\",\"Juventud\",\"Machismo\",\"Ni\u00f1ez y Adolescencia\",\"Trabajo\"],\"inLanguage\":\"es\"},{\"@type\":\"WebPage\",\"@id\":\"https:\\\/\\\/diariofemenino.com.ar\\\/df\\\/quien-cuida-a-los-ninos-ninas-y-adolescentes-en-la-industria-del-entretenimiento\\\/\",\"url\":\"https:\\\/\\\/diariofemenino.com.ar\\\/df\\\/quien-cuida-a-los-ninos-ninas-y-adolescentes-en-la-industria-del-entretenimiento\\\/\",\"name\":\"\u00bfQui\u00e9n cuida a los ni\u00f1os, ni\u00f1as y adolescentes en la industria del entretenimiento? - Diario Digital Femenino\",\"isPartOf\":{\"@id\":\"https:\\\/\\\/diariofemenino.com.ar\\\/df\\\/#website\"},\"primaryImageOfPage\":{\"@id\":\"https:\\\/\\\/diariofemenino.com.ar\\\/df\\\/quien-cuida-a-los-ninos-ninas-y-adolescentes-en-la-industria-del-entretenimiento\\\/#primaryimage\"},\"image\":{\"@id\":\"https:\\\/\\\/diariofemenino.com.ar\\\/df\\\/quien-cuida-a-los-ninos-ninas-y-adolescentes-en-la-industria-del-entretenimiento\\\/#primaryimage\"},\"thumbnailUrl\":\"https:\\\/\\\/diariofemenino.com.ar\\\/df\\\/wp-content\\\/uploads\\\/2018\\\/12\\\/patitofeo-ab53702cbf9aa8ca6f7ba86c34d31228-1200x800.jpg\",\"datePublished\":\"2018-12-12T22:20:32+00:00\",\"breadcrumb\":{\"@id\":\"https:\\\/\\\/diariofemenino.com.ar\\\/df\\\/quien-cuida-a-los-ninos-ninas-y-adolescentes-en-la-industria-del-entretenimiento\\\/#breadcrumb\"},\"inLanguage\":\"es\",\"potentialAction\":[{\"@type\":\"ReadAction\",\"target\":[\"https:\\\/\\\/diariofemenino.com.ar\\\/df\\\/quien-cuida-a-los-ninos-ninas-y-adolescentes-en-la-industria-del-entretenimiento\\\/\"]}]},{\"@type\":\"ImageObject\",\"inLanguage\":\"es\",\"@id\":\"https:\\\/\\\/diariofemenino.com.ar\\\/df\\\/quien-cuida-a-los-ninos-ninas-y-adolescentes-en-la-industria-del-entretenimiento\\\/#primaryimage\",\"url\":\"https:\\\/\\\/diariofemenino.com.ar\\\/df\\\/wp-content\\\/uploads\\\/2018\\\/12\\\/patitofeo-ab53702cbf9aa8ca6f7ba86c34d31228-1200x800.jpg\",\"contentUrl\":\"https:\\\/\\\/diariofemenino.com.ar\\\/df\\\/wp-content\\\/uploads\\\/2018\\\/12\\\/patitofeo-ab53702cbf9aa8ca6f7ba86c34d31228-1200x800.jpg\",\"width\":1200,\"height\":800},{\"@type\":\"BreadcrumbList\",\"@id\":\"https:\\\/\\\/diariofemenino.com.ar\\\/df\\\/quien-cuida-a-los-ninos-ninas-y-adolescentes-en-la-industria-del-entretenimiento\\\/#breadcrumb\",\"itemListElement\":[{\"@type\":\"ListItem\",\"position\":1,\"name\":\"Portada\",\"item\":\"https:\\\/\\\/diariofemenino.com.ar\\\/df\\\/\"},{\"@type\":\"ListItem\",\"position\":2,\"name\":\"\u00bfQui\u00e9n cuida a los ni\u00f1os, ni\u00f1as y adolescentes en la industria del entretenimiento?\"}]},{\"@type\":\"WebSite\",\"@id\":\"https:\\\/\\\/diariofemenino.com.ar\\\/df\\\/#website\",\"url\":\"https:\\\/\\\/diariofemenino.com.ar\\\/df\\\/\",\"name\":\"Diario Digital Femenino\",\"description\":\"Cuesti\u00f3n de G\u00e9nero\",\"publisher\":{\"@id\":\"https:\\\/\\\/diariofemenino.com.ar\\\/df\\\/#organization\"},\"potentialAction\":[{\"@type\":\"SearchAction\",\"target\":{\"@type\":\"EntryPoint\",\"urlTemplate\":\"https:\\\/\\\/diariofemenino.com.ar\\\/df\\\/?s={search_term_string}\"},\"query-input\":{\"@type\":\"PropertyValueSpecification\",\"valueRequired\":true,\"valueName\":\"search_term_string\"}}],\"inLanguage\":\"es\"},{\"@type\":\"Organization\",\"@id\":\"https:\\\/\\\/diariofemenino.com.ar\\\/df\\\/#organization\",\"name\":\"Diario Femenino\",\"url\":\"https:\\\/\\\/diariofemenino.com.ar\\\/df\\\/\",\"logo\":{\"@type\":\"ImageObject\",\"inLanguage\":\"es\",\"@id\":\"https:\\\/\\\/diariofemenino.com.ar\\\/df\\\/#\\\/schema\\\/logo\\\/image\\\/\",\"url\":\"https:\\\/\\\/diariofemenino.com.ar\\\/df\\\/wp-content\\\/uploads\\\/2018\\\/10\\\/logo.png\",\"contentUrl\":\"https:\\\/\\\/diariofemenino.com.ar\\\/df\\\/wp-content\\\/uploads\\\/2018\\\/10\\\/logo.png\",\"width\":500,\"height\":92,\"caption\":\"Diario Femenino\"},\"image\":{\"@id\":\"https:\\\/\\\/diariofemenino.com.ar\\\/df\\\/#\\\/schema\\\/logo\\\/image\\\/\"},\"sameAs\":[\"https:\\\/\\\/www.facebook.com\\\/DiarioDigitaFemenino\\\/\",\"https:\\\/\\\/x.com\\\/DiarioFemenino1\"]},{\"@type\":\"Person\",\"@id\":\"https:\\\/\\\/diariofemenino.com.ar\\\/df\\\/#\\\/schema\\\/person\\\/1c36bc3bf394d8ec320814298b4fdd3f\",\"name\":\"Admin\",\"image\":{\"@type\":\"ImageObject\",\"inLanguage\":\"es\",\"@id\":\"https:\\\/\\\/diariofemenino.com.ar\\\/df\\\/wp-content\\\/uploads\\\/2018\\\/12\\\/favicon-150x150.jpg\",\"url\":\"https:\\\/\\\/diariofemenino.com.ar\\\/df\\\/wp-content\\\/uploads\\\/2018\\\/12\\\/favicon-150x150.jpg\",\"contentUrl\":\"https:\\\/\\\/diariofemenino.com.ar\\\/df\\\/wp-content\\\/uploads\\\/2018\\\/12\\\/favicon-150x150.jpg\",\"caption\":\"Admin\"},\"url\":\"https:\\\/\\\/diariofemenino.com.ar\\\/df\\\/author\\\/sofiperez\\\/\"}]}<\/script>\n<!-- \/ Yoast SEO plugin. -->","yoast_head_json":{"title":"\u00bfQui\u00e9n cuida a los ni\u00f1os, ni\u00f1as y adolescentes en la industria del entretenimiento? - Diario Digital Femenino","robots":{"index":"index","follow":"follow","max-snippet":"max-snippet:-1","max-image-preview":"max-image-preview:large","max-video-preview":"max-video-preview:-1"},"canonical":"https:\/\/diariofemenino.com.ar\/df\/quien-cuida-a-los-ninos-ninas-y-adolescentes-en-la-industria-del-entretenimiento\/","og_locale":"es_ES","og_type":"article","og_title":"\u00bfQui\u00e9n cuida a los ni\u00f1os, ni\u00f1as y adolescentes en la industria del entretenimiento? - Diario Digital Femenino","og_description":"Mujer y menor de edad. Thelma Fardin ten\u00eda 16 a\u00f1os cuando fue violada por Juan Darth\u00e9s en la habitaci\u00f3n de un hotel en Nicaragua. La denuncia penal que la actriz realiz\u00f3 contra su abusador de la mano de la colectiva Actrices Argentinas, abri\u00f3 la puerta a una problem\u00e1tica que hasta el momento hab\u00eda pasado desapercibida [&hellip;]","og_url":"https:\/\/diariofemenino.com.ar\/df\/quien-cuida-a-los-ninos-ninas-y-adolescentes-en-la-industria-del-entretenimiento\/","og_site_name":"Diario Digital Femenino","article_publisher":"https:\/\/www.facebook.com\/DiarioDigitaFemenino\/","article_published_time":"2018-12-12T22:20:32+00:00","og_image":[{"width":1200,"height":800,"url":"https:\/\/diariofemenino.com.ar\/df\/wp-content\/uploads\/2018\/12\/patitofeo-ab53702cbf9aa8ca6f7ba86c34d31228-1200x800.jpg","type":"image\/jpeg"}],"author":"Admin","twitter_card":"summary_large_image","twitter_creator":"@DiarioFemenino1","twitter_site":"@DiarioFemenino1","twitter_misc":{"Escrito por":"Admin","Tiempo de lectura":"8 minutos"},"schema":{"@context":"https:\/\/schema.org","@graph":[{"@type":"Article","@id":"https:\/\/diariofemenino.com.ar\/df\/quien-cuida-a-los-ninos-ninas-y-adolescentes-en-la-industria-del-entretenimiento\/#article","isPartOf":{"@id":"https:\/\/diariofemenino.com.ar\/df\/quien-cuida-a-los-ninos-ninas-y-adolescentes-en-la-industria-del-entretenimiento\/"},"author":{"name":"Admin","@id":"https:\/\/diariofemenino.com.ar\/df\/#\/schema\/person\/1c36bc3bf394d8ec320814298b4fdd3f"},"headline":"\u00bfQui\u00e9n cuida a los ni\u00f1os, ni\u00f1as y adolescentes en la industria del entretenimiento?","datePublished":"2018-12-12T22:20:32+00:00","mainEntityOfPage":{"@id":"https:\/\/diariofemenino.com.ar\/df\/quien-cuida-a-los-ninos-ninas-y-adolescentes-en-la-industria-del-entretenimiento\/"},"wordCount":1545,"publisher":{"@id":"https:\/\/diariofemenino.com.ar\/df\/#organization"},"image":{"@id":"https:\/\/diariofemenino.com.ar\/df\/quien-cuida-a-los-ninos-ninas-y-adolescentes-en-la-industria-del-entretenimiento\/#primaryimage"},"thumbnailUrl":"https:\/\/diariofemenino.com.ar\/df\/wp-content\/uploads\/2018\/12\/patitofeo-ab53702cbf9aa8ca6f7ba86c34d31228-1200x800.jpg","keywords":["Derechos de ni\u00f1xs","Infancia y Adolescencia","Juventud","Machismo","Ni\u00f1ez y Adolescencia","Trabajo"],"inLanguage":"es"},{"@type":"WebPage","@id":"https:\/\/diariofemenino.com.ar\/df\/quien-cuida-a-los-ninos-ninas-y-adolescentes-en-la-industria-del-entretenimiento\/","url":"https:\/\/diariofemenino.com.ar\/df\/quien-cuida-a-los-ninos-ninas-y-adolescentes-en-la-industria-del-entretenimiento\/","name":"\u00bfQui\u00e9n cuida a los ni\u00f1os, ni\u00f1as y adolescentes en la industria del entretenimiento? - Diario Digital Femenino","isPartOf":{"@id":"https:\/\/diariofemenino.com.ar\/df\/#website"},"primaryImageOfPage":{"@id":"https:\/\/diariofemenino.com.ar\/df\/quien-cuida-a-los-ninos-ninas-y-adolescentes-en-la-industria-del-entretenimiento\/#primaryimage"},"image":{"@id":"https:\/\/diariofemenino.com.ar\/df\/quien-cuida-a-los-ninos-ninas-y-adolescentes-en-la-industria-del-entretenimiento\/#primaryimage"},"thumbnailUrl":"https:\/\/diariofemenino.com.ar\/df\/wp-content\/uploads\/2018\/12\/patitofeo-ab53702cbf9aa8ca6f7ba86c34d31228-1200x800.jpg","datePublished":"2018-12-12T22:20:32+00:00","breadcrumb":{"@id":"https:\/\/diariofemenino.com.ar\/df\/quien-cuida-a-los-ninos-ninas-y-adolescentes-en-la-industria-del-entretenimiento\/#breadcrumb"},"inLanguage":"es","potentialAction":[{"@type":"ReadAction","target":["https:\/\/diariofemenino.com.ar\/df\/quien-cuida-a-los-ninos-ninas-y-adolescentes-en-la-industria-del-entretenimiento\/"]}]},{"@type":"ImageObject","inLanguage":"es","@id":"https:\/\/diariofemenino.com.ar\/df\/quien-cuida-a-los-ninos-ninas-y-adolescentes-en-la-industria-del-entretenimiento\/#primaryimage","url":"https:\/\/diariofemenino.com.ar\/df\/wp-content\/uploads\/2018\/12\/patitofeo-ab53702cbf9aa8ca6f7ba86c34d31228-1200x800.jpg","contentUrl":"https:\/\/diariofemenino.com.ar\/df\/wp-content\/uploads\/2018\/12\/patitofeo-ab53702cbf9aa8ca6f7ba86c34d31228-1200x800.jpg","width":1200,"height":800},{"@type":"BreadcrumbList","@id":"https:\/\/diariofemenino.com.ar\/df\/quien-cuida-a-los-ninos-ninas-y-adolescentes-en-la-industria-del-entretenimiento\/#breadcrumb","itemListElement":[{"@type":"ListItem","position":1,"name":"Portada","item":"https:\/\/diariofemenino.com.ar\/df\/"},{"@type":"ListItem","position":2,"name":"\u00bfQui\u00e9n cuida a los ni\u00f1os, ni\u00f1as y adolescentes en la industria del entretenimiento?"}]},{"@type":"WebSite","@id":"https:\/\/diariofemenino.com.ar\/df\/#website","url":"https:\/\/diariofemenino.com.ar\/df\/","name":"Diario Digital Femenino","description":"Cuesti\u00f3n de G\u00e9nero","publisher":{"@id":"https:\/\/diariofemenino.com.ar\/df\/#organization"},"potentialAction":[{"@type":"SearchAction","target":{"@type":"EntryPoint","urlTemplate":"https:\/\/diariofemenino.com.ar\/df\/?s={search_term_string}"},"query-input":{"@type":"PropertyValueSpecification","valueRequired":true,"valueName":"search_term_string"}}],"inLanguage":"es"},{"@type":"Organization","@id":"https:\/\/diariofemenino.com.ar\/df\/#organization","name":"Diario Femenino","url":"https:\/\/diariofemenino.com.ar\/df\/","logo":{"@type":"ImageObject","inLanguage":"es","@id":"https:\/\/diariofemenino.com.ar\/df\/#\/schema\/logo\/image\/","url":"https:\/\/diariofemenino.com.ar\/df\/wp-content\/uploads\/2018\/10\/logo.png","contentUrl":"https:\/\/diariofemenino.com.ar\/df\/wp-content\/uploads\/2018\/10\/logo.png","width":500,"height":92,"caption":"Diario Femenino"},"image":{"@id":"https:\/\/diariofemenino.com.ar\/df\/#\/schema\/logo\/image\/"},"sameAs":["https:\/\/www.facebook.com\/DiarioDigitaFemenino\/","https:\/\/x.com\/DiarioFemenino1"]},{"@type":"Person","@id":"https:\/\/diariofemenino.com.ar\/df\/#\/schema\/person\/1c36bc3bf394d8ec320814298b4fdd3f","name":"Admin","image":{"@type":"ImageObject","inLanguage":"es","@id":"https:\/\/diariofemenino.com.ar\/df\/wp-content\/uploads\/2018\/12\/favicon-150x150.jpg","url":"https:\/\/diariofemenino.com.ar\/df\/wp-content\/uploads\/2018\/12\/favicon-150x150.jpg","contentUrl":"https:\/\/diariofemenino.com.ar\/df\/wp-content\/uploads\/2018\/12\/favicon-150x150.jpg","caption":"Admin"},"url":"https:\/\/diariofemenino.com.ar\/df\/author\/sofiperez\/"}]}},"jetpack_featured_media_url":"https:\/\/diariofemenino.com.ar\/df\/wp-content\/uploads\/2018\/12\/patitofeo-ab53702cbf9aa8ca6f7ba86c34d31228-1200x800.jpg","jetpack_sharing_enabled":true,"rttpg_featured_image_url":{"full":["https:\/\/diariofemenino.com.ar\/df\/wp-content\/uploads\/2018\/12\/patitofeo-ab53702cbf9aa8ca6f7ba86c34d31228-1200x800.jpg",1200,800,false],"landscape":["https:\/\/diariofemenino.com.ar\/df\/wp-content\/uploads\/2018\/12\/patitofeo-ab53702cbf9aa8ca6f7ba86c34d31228-1200x800.jpg",1200,800,false],"portraits":["https:\/\/diariofemenino.com.ar\/df\/wp-content\/uploads\/2018\/12\/patitofeo-ab53702cbf9aa8ca6f7ba86c34d31228-1200x800.jpg",1200,800,false],"thumbnail":["https:\/\/diariofemenino.com.ar\/df\/wp-content\/uploads\/2018\/12\/patitofeo-ab53702cbf9aa8ca6f7ba86c34d31228-1200x800-150x150.jpg",150,150,true],"medium":["https:\/\/diariofemenino.com.ar\/df\/wp-content\/uploads\/2018\/12\/patitofeo-ab53702cbf9aa8ca6f7ba86c34d31228-1200x800-300x200.jpg",300,200,true],"large":["https:\/\/diariofemenino.com.ar\/df\/wp-content\/uploads\/2018\/12\/patitofeo-ab53702cbf9aa8ca6f7ba86c34d31228-1200x800-1024x683.jpg",1024,683,true],"1536x1536":["https:\/\/diariofemenino.com.ar\/df\/wp-content\/uploads\/2018\/12\/patitofeo-ab53702cbf9aa8ca6f7ba86c34d31228-1200x800.jpg",1200,800,false],"2048x2048":["https:\/\/diariofemenino.com.ar\/df\/wp-content\/uploads\/2018\/12\/patitofeo-ab53702cbf9aa8ca6f7ba86c34d31228-1200x800.jpg",1200,800,false]},"rttpg_author":{"display_name":"Admin","author_link":"https:\/\/diariofemenino.com.ar\/df\/author\/sofiperez\/"},"rttpg_comment":0,"rttpg_category":"<a href=\"https:\/\/diariofemenino.com.ar\/df\/category\/sin-categoria\/\" rel=\"category tag\">Sin categor\u00eda<\/a>","rttpg_excerpt":"Mujer y menor de edad. Thelma Fardin ten\u00eda 16 a\u00f1os cuando fue violada por Juan Darth\u00e9s en la habitaci\u00f3n de un hotel en Nicaragua. La denuncia penal que la actriz realiz\u00f3 contra su abusador de la mano de la colectiva Actrices Argentinas, abri\u00f3 la puerta a una problem\u00e1tica que hasta el momento hab\u00eda pasado desapercibida&hellip;","_links":{"self":[{"href":"https:\/\/diariofemenino.com.ar\/df\/wp-json\/wp\/v2\/posts\/30267","targetHints":{"allow":["GET"]}}],"collection":[{"href":"https:\/\/diariofemenino.com.ar\/df\/wp-json\/wp\/v2\/posts"}],"about":[{"href":"https:\/\/diariofemenino.com.ar\/df\/wp-json\/wp\/v2\/types\/post"}],"author":[{"embeddable":true,"href":"https:\/\/diariofemenino.com.ar\/df\/wp-json\/wp\/v2\/users\/3"}],"replies":[{"embeddable":true,"href":"https:\/\/diariofemenino.com.ar\/df\/wp-json\/wp\/v2\/comments?post=30267"}],"version-history":[{"count":0,"href":"https:\/\/diariofemenino.com.ar\/df\/wp-json\/wp\/v2\/posts\/30267\/revisions"}],"wp:featuredmedia":[{"embeddable":true,"href":"https:\/\/diariofemenino.com.ar\/df\/wp-json\/wp\/v2\/media\/30268"}],"wp:attachment":[{"href":"https:\/\/diariofemenino.com.ar\/df\/wp-json\/wp\/v2\/media?parent=30267"}],"wp:term":[{"taxonomy":"category","embeddable":true,"href":"https:\/\/diariofemenino.com.ar\/df\/wp-json\/wp\/v2\/categories?post=30267"},{"taxonomy":"post_tag","embeddable":true,"href":"https:\/\/diariofemenino.com.ar\/df\/wp-json\/wp\/v2\/tags?post=30267"}],"curies":[{"name":"wp","href":"https:\/\/api.w.org\/{rel}","templated":true}]}}