{"id":30203,"date":"2018-12-06T18:34:10","date_gmt":"2018-12-06T21:34:10","guid":{"rendered":"http:\/\/diariofemenino.com.ar\/v2\/?p=30203"},"modified":"2018-12-06T18:34:10","modified_gmt":"2018-12-06T21:34:10","slug":"maria-remedios-del-valle-la-madre-de-la-patria","status":"publish","type":"post","link":"https:\/\/diariofemenino.com.ar\/df\/maria-remedios-del-valle-la-madre-de-la-patria\/","title":{"rendered":"Mar\u00eda Remedios del Valle, la Madre de la Patria"},"content":{"rendered":"<p>El lunes 10 de diciembre, D\u00eda de los Derechos Humanos, la <strong>Escuela N\u00b0 25 \u00abGranaderos de San Mart\u00edn\u00bb<\/strong>, invita al acto de inauguraci\u00f3n del Monumento:\u00a0<strong>Mar\u00eda Remedios del Valle, la Madre de la Patria.<\/strong><\/p>\n<p>La Jornada Educativa &#8211; Cultural se realizar\u00e1 a las 20 hs en Ferrando 548 Barrio Empleados de Comercio, de la ciudad de Santa Rosa.<\/p>\n<p><img loading=\"lazy\" decoding=\"async\" class=\"alignnone size-full wp-image-30205\" src=\"http:\/\/diariofemenino.com.ar\/v2\/wp-content\/uploads\/2018\/12\/maria_remedios_del_valle.jpg\" alt=\"\" width=\"556\" height=\"172\" srcset=\"https:\/\/diariofemenino.com.ar\/df\/wp-content\/uploads\/2018\/12\/maria_remedios_del_valle.jpg 556w, https:\/\/diariofemenino.com.ar\/df\/wp-content\/uploads\/2018\/12\/maria_remedios_del_valle-300x93.jpg 300w\" sizes=\"auto, (max-width: 556px) 100vw, 556px\" \/><br \/>\n<strong style=\"font-family: Raleway, sans-serif; letter-spacing: 0px;\">Mar\u00eda Remedios del Valle [1]<\/strong><\/p>\n<p>Es reconocido el papel de las mujeres al cuidado de heridos en los frentes de batalla, como es el caso de las c\u00e9lebres \u201cni\u00f1as de Ayohuma\u201d y m\u00e1s precisamente el de una liberta y por lo tanto negra. Lamadrid no duda en llamar a esta argentina de origen africano como \u201cla Madre de la Patria\u201d. Lo que se menciona menos es que, en muchos casos, estas mujeres acompa\u00f1aban a los ej\u00e9rcitos y que su participaci\u00f3n a veces exced\u00eda el de \u201cauxiliares\u201d, vivanderas, enfermeras, esposas y concubinas de soldados y oficiales.<\/p>\n<p>Justamente, el caso de Ayohuma, terrible derrota para las fuerzas patriotas conducidas por Belgrano en 1813, muestra la presencia entre esas mujeres de una\u00a0<em>morena<\/em>\u00a0porte\u00f1a que estaba \u201cenlistada\u201d en el Ej\u00e9rcito del Norte desde tres a\u00f1os antes. Se llamaba Mar\u00eda Remedios del Valle y desde el 6 de julio de 1810, cuando parti\u00f3 la primera expedici\u00f3n destinada al Alto Per\u00fa al mando de Ortiz de Ocampo, acompa\u00f1\u00f3 a su marido, a un hijo de la sangre y a otro adoptivo, del coraz\u00f3n, los tres muertos en esas acciones. La \u201cparda\u201d Mar\u00eda, como se la menciona en algunos partes militares, combati\u00f3 en Huaqui (julio de 1811), vivi\u00f3 las peripecias de esa tr\u00e1gica retirada del Alto Per\u00fa y luego el \u00e9xodo juje\u00f1o. Volvi\u00f3 a combatir en las gloriosas victorias de Tucum\u00e1n y Salta y en las tr\u00e1gicas derrotas de Vilcapugio y Ayohuma, siempre junto a su general Belgrano que la hab\u00eda nombrado capitana, siempre con un grito de aliento, curando heridos, sacando fuerzas de donde ya no hab\u00eda. All\u00ed se fue desgarrando con la p\u00e9rdida de su marido y sus hijos. En esta \u00faltima batalla fue tomada prisionera por los realistas Pezuela, Ram\u00edrez y Tac\u00f3n, que la condenaron a ser azotada p\u00fablicamente a lo largo de nueve d\u00edas. Pero Mar\u00eda pudo fugarse de sus verdugos y reintegrarse a la lucha contra el enemigo operando como correo en el peligroso territorio ocupado por los invasores. El expediente que transcribimos a continuaci\u00f3n se\u00f1ala, entre otras cosas, que estuvo siete veces en capilla, o sea a punto de ser fusilada, y que a lo largo de su carrera militar recibi\u00f3 seis heridas graves de bala. No fue f\u00e1cil que las autoridades de Buenos Aires le reconocieran el grado de capitana, con el sueldo correspondiente, pero lo logr\u00f3 aunque luego de la independencia, como ocurri\u00f3 con tantas otras y tantos otros patriotas, el Estado dej\u00f3 de pag\u00e1rselo&#8230;<\/p>\n<p>&nbsp;<\/p>\n<p><strong>[1]<\/strong>\u00a0Felipe Pigna,\u00a0<em>Mujeres ten\u00edan que ser. Historia de nuestras desobedientes, incorrectas, rebeldes y luchadoras. Desde los or\u00edgenes hasta 1930<\/em>, Buenos Aires, Planeta, 2011, p\u00e1gs. 198-202.<\/p>\n","protected":false},"excerpt":{"rendered":"<p>El lunes 10 de diciembre, D\u00eda de los Derechos Humanos, la Escuela N\u00b0 25 \u00abGranaderos de San Mart\u00edn\u00bb, invita al acto de inauguraci\u00f3n del Monumento:\u00a0Mar\u00eda Remedios del Valle, la Madre de la Patria. La Jornada Educativa &#8211; Cultural se realizar\u00e1 a las 20 hs en Ferrando 548 Barrio Empleados de Comercio, de la ciudad de [&hellip;]<\/p>\n","protected":false},"author":1,"featured_media":30204,"comment_status":"closed","ping_status":"closed","sticky":false,"template":"","format":"standard","meta":{"iawp_total_views":30,"footnotes":""},"categories":[7,581],"tags":[30,11],"class_list":["post-30203","post","type-post","status-publish","format-standard","has-post-thumbnail","hentry","category-actividades","category-azul-profundo","tag-derechos-humanos","tag-educacion"],"nelio_content":{"autoShareEndMode":"never","automationSources":{"useCustomSentences":false,"customSentences":[]},"efiAlt":"","efiUrl":"","followers":[1],"highlights":[],"isAutoShareEnabled":true,"networkImageIds":[],"permalinkQueryArgs":[],"series":[],"suggestedReferences":[]},"yoast_head":"<!-- This site is optimized with the Yoast SEO plugin v27.5 - https:\/\/yoast.com\/product\/yoast-seo-wordpress\/ -->\n<title>Mar\u00eda Remedios del Valle, la Madre de la Patria - Diario Digital Femenino<\/title>\n<meta name=\"robots\" content=\"index, follow, max-snippet:-1, max-image-preview:large, max-video-preview:-1\" \/>\n<link rel=\"canonical\" href=\"https:\/\/diariofemenino.com.ar\/df\/maria-remedios-del-valle-la-madre-de-la-patria\/\" \/>\n<meta property=\"og:locale\" content=\"es_ES\" \/>\n<meta property=\"og:type\" content=\"article\" \/>\n<meta property=\"og:title\" content=\"Mar\u00eda Remedios del Valle, la Madre de la Patria - Diario Digital Femenino\" \/>\n<meta property=\"og:description\" content=\"El lunes 10 de diciembre, D\u00eda de los Derechos Humanos, la Escuela N\u00b0 25 \u00abGranaderos de San Mart\u00edn\u00bb, invita al acto de inauguraci\u00f3n del Monumento:\u00a0Mar\u00eda Remedios del Valle, la Madre de la Patria. La Jornada Educativa &#8211; Cultural se realizar\u00e1 a las 20 hs en Ferrando 548 Barrio Empleados de Comercio, de la ciudad de [&hellip;]\" \/>\n<meta property=\"og:url\" content=\"https:\/\/diariofemenino.com.ar\/df\/maria-remedios-del-valle-la-madre-de-la-patria\/\" \/>\n<meta property=\"og:site_name\" content=\"Diario Digital Femenino\" \/>\n<meta property=\"article:publisher\" content=\"https:\/\/www.facebook.com\/DiarioDigitaFemenino\/\" \/>\n<meta property=\"article:published_time\" content=\"2018-12-06T21:34:10+00:00\" \/>\n<meta property=\"og:image\" content=\"https:\/\/diariofemenino.com.ar\/df\/wp-content\/uploads\/2018\/12\/47318046_2018120964910212_7590777061233393664_n.jpg\" \/>\n\t<meta property=\"og:image:width\" content=\"600\" \/>\n\t<meta property=\"og:image:height\" content=\"800\" \/>\n\t<meta property=\"og:image:type\" content=\"image\/jpeg\" \/>\n<meta name=\"author\" content=\"Admin\" \/>\n<meta name=\"twitter:card\" content=\"summary_large_image\" \/>\n<meta name=\"twitter:creator\" content=\"@DiarioFemenino1\" \/>\n<meta name=\"twitter:site\" content=\"@DiarioFemenino1\" \/>\n<meta name=\"twitter:label1\" content=\"Escrito por\" \/>\n\t<meta name=\"twitter:data1\" content=\"Admin\" \/>\n\t<meta name=\"twitter:label2\" content=\"Tiempo de lectura\" \/>\n\t<meta name=\"twitter:data2\" content=\"3 minutos\" \/>\n<script type=\"application\/ld+json\" class=\"yoast-schema-graph\">{\"@context\":\"https:\\\/\\\/schema.org\",\"@graph\":[{\"@type\":\"Article\",\"@id\":\"https:\\\/\\\/diariofemenino.com.ar\\\/df\\\/maria-remedios-del-valle-la-madre-de-la-patria\\\/#article\",\"isPartOf\":{\"@id\":\"https:\\\/\\\/diariofemenino.com.ar\\\/df\\\/maria-remedios-del-valle-la-madre-de-la-patria\\\/\"},\"author\":{\"name\":\"Admin\",\"@id\":\"https:\\\/\\\/diariofemenino.com.ar\\\/df\\\/#\\\/schema\\\/person\\\/38f54b3bfd13f561de2460ba95c169c6\"},\"headline\":\"Mar\u00eda Remedios del Valle, la Madre de la Patria\",\"datePublished\":\"2018-12-06T21:34:10+00:00\",\"mainEntityOfPage\":{\"@id\":\"https:\\\/\\\/diariofemenino.com.ar\\\/df\\\/maria-remedios-del-valle-la-madre-de-la-patria\\\/\"},\"wordCount\":528,\"publisher\":{\"@id\":\"https:\\\/\\\/diariofemenino.com.ar\\\/df\\\/#organization\"},\"image\":{\"@id\":\"https:\\\/\\\/diariofemenino.com.ar\\\/df\\\/maria-remedios-del-valle-la-madre-de-la-patria\\\/#primaryimage\"},\"thumbnailUrl\":\"https:\\\/\\\/diariofemenino.com.ar\\\/df\\\/wp-content\\\/uploads\\\/2018\\\/12\\\/47318046_2018120964910212_7590777061233393664_n.jpg\",\"keywords\":[\"Derechos Humanos\",\"Educaci\u00f3n\"],\"articleSection\":[\"Actividades\",\"Azul Profundo\"],\"inLanguage\":\"es\"},{\"@type\":\"WebPage\",\"@id\":\"https:\\\/\\\/diariofemenino.com.ar\\\/df\\\/maria-remedios-del-valle-la-madre-de-la-patria\\\/\",\"url\":\"https:\\\/\\\/diariofemenino.com.ar\\\/df\\\/maria-remedios-del-valle-la-madre-de-la-patria\\\/\",\"name\":\"Mar\u00eda Remedios del Valle, la Madre de la Patria - Diario Digital Femenino\",\"isPartOf\":{\"@id\":\"https:\\\/\\\/diariofemenino.com.ar\\\/df\\\/#website\"},\"primaryImageOfPage\":{\"@id\":\"https:\\\/\\\/diariofemenino.com.ar\\\/df\\\/maria-remedios-del-valle-la-madre-de-la-patria\\\/#primaryimage\"},\"image\":{\"@id\":\"https:\\\/\\\/diariofemenino.com.ar\\\/df\\\/maria-remedios-del-valle-la-madre-de-la-patria\\\/#primaryimage\"},\"thumbnailUrl\":\"https:\\\/\\\/diariofemenino.com.ar\\\/df\\\/wp-content\\\/uploads\\\/2018\\\/12\\\/47318046_2018120964910212_7590777061233393664_n.jpg\",\"datePublished\":\"2018-12-06T21:34:10+00:00\",\"breadcrumb\":{\"@id\":\"https:\\\/\\\/diariofemenino.com.ar\\\/df\\\/maria-remedios-del-valle-la-madre-de-la-patria\\\/#breadcrumb\"},\"inLanguage\":\"es\",\"potentialAction\":[{\"@type\":\"ReadAction\",\"target\":[\"https:\\\/\\\/diariofemenino.com.ar\\\/df\\\/maria-remedios-del-valle-la-madre-de-la-patria\\\/\"]}]},{\"@type\":\"ImageObject\",\"inLanguage\":\"es\",\"@id\":\"https:\\\/\\\/diariofemenino.com.ar\\\/df\\\/maria-remedios-del-valle-la-madre-de-la-patria\\\/#primaryimage\",\"url\":\"https:\\\/\\\/diariofemenino.com.ar\\\/df\\\/wp-content\\\/uploads\\\/2018\\\/12\\\/47318046_2018120964910212_7590777061233393664_n.jpg\",\"contentUrl\":\"https:\\\/\\\/diariofemenino.com.ar\\\/df\\\/wp-content\\\/uploads\\\/2018\\\/12\\\/47318046_2018120964910212_7590777061233393664_n.jpg\",\"width\":600,\"height\":800},{\"@type\":\"BreadcrumbList\",\"@id\":\"https:\\\/\\\/diariofemenino.com.ar\\\/df\\\/maria-remedios-del-valle-la-madre-de-la-patria\\\/#breadcrumb\",\"itemListElement\":[{\"@type\":\"ListItem\",\"position\":1,\"name\":\"Portada\",\"item\":\"https:\\\/\\\/diariofemenino.com.ar\\\/df\\\/\"},{\"@type\":\"ListItem\",\"position\":2,\"name\":\"Mar\u00eda Remedios del Valle, la Madre de la Patria\"}]},{\"@type\":\"WebSite\",\"@id\":\"https:\\\/\\\/diariofemenino.com.ar\\\/df\\\/#website\",\"url\":\"https:\\\/\\\/diariofemenino.com.ar\\\/df\\\/\",\"name\":\"Diario Digital Femenino\",\"description\":\"Cuesti\u00f3n de G\u00e9nero\",\"publisher\":{\"@id\":\"https:\\\/\\\/diariofemenino.com.ar\\\/df\\\/#organization\"},\"potentialAction\":[{\"@type\":\"SearchAction\",\"target\":{\"@type\":\"EntryPoint\",\"urlTemplate\":\"https:\\\/\\\/diariofemenino.com.ar\\\/df\\\/?s={search_term_string}\"},\"query-input\":{\"@type\":\"PropertyValueSpecification\",\"valueRequired\":true,\"valueName\":\"search_term_string\"}}],\"inLanguage\":\"es\"},{\"@type\":\"Organization\",\"@id\":\"https:\\\/\\\/diariofemenino.com.ar\\\/df\\\/#organization\",\"name\":\"Diario Femenino\",\"url\":\"https:\\\/\\\/diariofemenino.com.ar\\\/df\\\/\",\"logo\":{\"@type\":\"ImageObject\",\"inLanguage\":\"es\",\"@id\":\"https:\\\/\\\/diariofemenino.com.ar\\\/df\\\/#\\\/schema\\\/logo\\\/image\\\/\",\"url\":\"https:\\\/\\\/diariofemenino.com.ar\\\/df\\\/wp-content\\\/uploads\\\/2018\\\/10\\\/logo.png\",\"contentUrl\":\"https:\\\/\\\/diariofemenino.com.ar\\\/df\\\/wp-content\\\/uploads\\\/2018\\\/10\\\/logo.png\",\"width\":500,\"height\":92,\"caption\":\"Diario Femenino\"},\"image\":{\"@id\":\"https:\\\/\\\/diariofemenino.com.ar\\\/df\\\/#\\\/schema\\\/logo\\\/image\\\/\"},\"sameAs\":[\"https:\\\/\\\/www.facebook.com\\\/DiarioDigitaFemenino\\\/\",\"https:\\\/\\\/x.com\\\/DiarioFemenino1\"]},{\"@type\":\"Person\",\"@id\":\"https:\\\/\\\/diariofemenino.com.ar\\\/df\\\/#\\\/schema\\\/person\\\/38f54b3bfd13f561de2460ba95c169c6\",\"name\":\"Admin\",\"image\":{\"@type\":\"ImageObject\",\"inLanguage\":\"es\",\"@id\":\"https:\\\/\\\/diariofemenino.com.ar\\\/df\\\/wp-content\\\/uploads\\\/2018\\\/12\\\/favicon-150x150.jpg\",\"url\":\"https:\\\/\\\/diariofemenino.com.ar\\\/df\\\/wp-content\\\/uploads\\\/2018\\\/12\\\/favicon-150x150.jpg\",\"contentUrl\":\"https:\\\/\\\/diariofemenino.com.ar\\\/df\\\/wp-content\\\/uploads\\\/2018\\\/12\\\/favicon-150x150.jpg\",\"caption\":\"Admin\"},\"url\":\"https:\\\/\\\/diariofemenino.com.ar\\\/df\\\/author\\\/adm18df\\\/\"}]}<\/script>\n<!-- \/ Yoast SEO plugin. -->","yoast_head_json":{"title":"Mar\u00eda Remedios del Valle, la Madre de la Patria - Diario Digital Femenino","robots":{"index":"index","follow":"follow","max-snippet":"max-snippet:-1","max-image-preview":"max-image-preview:large","max-video-preview":"max-video-preview:-1"},"canonical":"https:\/\/diariofemenino.com.ar\/df\/maria-remedios-del-valle-la-madre-de-la-patria\/","og_locale":"es_ES","og_type":"article","og_title":"Mar\u00eda Remedios del Valle, la Madre de la Patria - Diario Digital Femenino","og_description":"El lunes 10 de diciembre, D\u00eda de los Derechos Humanos, la Escuela N\u00b0 25 \u00abGranaderos de San Mart\u00edn\u00bb, invita al acto de inauguraci\u00f3n del Monumento:\u00a0Mar\u00eda Remedios del Valle, la Madre de la Patria. La Jornada Educativa &#8211; Cultural se realizar\u00e1 a las 20 hs en Ferrando 548 Barrio Empleados de Comercio, de la ciudad de [&hellip;]","og_url":"https:\/\/diariofemenino.com.ar\/df\/maria-remedios-del-valle-la-madre-de-la-patria\/","og_site_name":"Diario Digital Femenino","article_publisher":"https:\/\/www.facebook.com\/DiarioDigitaFemenino\/","article_published_time":"2018-12-06T21:34:10+00:00","og_image":[{"width":600,"height":800,"url":"https:\/\/diariofemenino.com.ar\/df\/wp-content\/uploads\/2018\/12\/47318046_2018120964910212_7590777061233393664_n.jpg","type":"image\/jpeg"}],"author":"Admin","twitter_card":"summary_large_image","twitter_creator":"@DiarioFemenino1","twitter_site":"@DiarioFemenino1","twitter_misc":{"Escrito por":"Admin","Tiempo de lectura":"3 minutos"},"schema":{"@context":"https:\/\/schema.org","@graph":[{"@type":"Article","@id":"https:\/\/diariofemenino.com.ar\/df\/maria-remedios-del-valle-la-madre-de-la-patria\/#article","isPartOf":{"@id":"https:\/\/diariofemenino.com.ar\/df\/maria-remedios-del-valle-la-madre-de-la-patria\/"},"author":{"name":"Admin","@id":"https:\/\/diariofemenino.com.ar\/df\/#\/schema\/person\/38f54b3bfd13f561de2460ba95c169c6"},"headline":"Mar\u00eda Remedios del Valle, la Madre de la Patria","datePublished":"2018-12-06T21:34:10+00:00","mainEntityOfPage":{"@id":"https:\/\/diariofemenino.com.ar\/df\/maria-remedios-del-valle-la-madre-de-la-patria\/"},"wordCount":528,"publisher":{"@id":"https:\/\/diariofemenino.com.ar\/df\/#organization"},"image":{"@id":"https:\/\/diariofemenino.com.ar\/df\/maria-remedios-del-valle-la-madre-de-la-patria\/#primaryimage"},"thumbnailUrl":"https:\/\/diariofemenino.com.ar\/df\/wp-content\/uploads\/2018\/12\/47318046_2018120964910212_7590777061233393664_n.jpg","keywords":["Derechos Humanos","Educaci\u00f3n"],"articleSection":["Actividades","Azul Profundo"],"inLanguage":"es"},{"@type":"WebPage","@id":"https:\/\/diariofemenino.com.ar\/df\/maria-remedios-del-valle-la-madre-de-la-patria\/","url":"https:\/\/diariofemenino.com.ar\/df\/maria-remedios-del-valle-la-madre-de-la-patria\/","name":"Mar\u00eda Remedios del Valle, la Madre de la Patria - Diario Digital Femenino","isPartOf":{"@id":"https:\/\/diariofemenino.com.ar\/df\/#website"},"primaryImageOfPage":{"@id":"https:\/\/diariofemenino.com.ar\/df\/maria-remedios-del-valle-la-madre-de-la-patria\/#primaryimage"},"image":{"@id":"https:\/\/diariofemenino.com.ar\/df\/maria-remedios-del-valle-la-madre-de-la-patria\/#primaryimage"},"thumbnailUrl":"https:\/\/diariofemenino.com.ar\/df\/wp-content\/uploads\/2018\/12\/47318046_2018120964910212_7590777061233393664_n.jpg","datePublished":"2018-12-06T21:34:10+00:00","breadcrumb":{"@id":"https:\/\/diariofemenino.com.ar\/df\/maria-remedios-del-valle-la-madre-de-la-patria\/#breadcrumb"},"inLanguage":"es","potentialAction":[{"@type":"ReadAction","target":["https:\/\/diariofemenino.com.ar\/df\/maria-remedios-del-valle-la-madre-de-la-patria\/"]}]},{"@type":"ImageObject","inLanguage":"es","@id":"https:\/\/diariofemenino.com.ar\/df\/maria-remedios-del-valle-la-madre-de-la-patria\/#primaryimage","url":"https:\/\/diariofemenino.com.ar\/df\/wp-content\/uploads\/2018\/12\/47318046_2018120964910212_7590777061233393664_n.jpg","contentUrl":"https:\/\/diariofemenino.com.ar\/df\/wp-content\/uploads\/2018\/12\/47318046_2018120964910212_7590777061233393664_n.jpg","width":600,"height":800},{"@type":"BreadcrumbList","@id":"https:\/\/diariofemenino.com.ar\/df\/maria-remedios-del-valle-la-madre-de-la-patria\/#breadcrumb","itemListElement":[{"@type":"ListItem","position":1,"name":"Portada","item":"https:\/\/diariofemenino.com.ar\/df\/"},{"@type":"ListItem","position":2,"name":"Mar\u00eda Remedios del Valle, la Madre de la Patria"}]},{"@type":"WebSite","@id":"https:\/\/diariofemenino.com.ar\/df\/#website","url":"https:\/\/diariofemenino.com.ar\/df\/","name":"Diario Digital Femenino","description":"Cuesti\u00f3n de G\u00e9nero","publisher":{"@id":"https:\/\/diariofemenino.com.ar\/df\/#organization"},"potentialAction":[{"@type":"SearchAction","target":{"@type":"EntryPoint","urlTemplate":"https:\/\/diariofemenino.com.ar\/df\/?s={search_term_string}"},"query-input":{"@type":"PropertyValueSpecification","valueRequired":true,"valueName":"search_term_string"}}],"inLanguage":"es"},{"@type":"Organization","@id":"https:\/\/diariofemenino.com.ar\/df\/#organization","name":"Diario Femenino","url":"https:\/\/diariofemenino.com.ar\/df\/","logo":{"@type":"ImageObject","inLanguage":"es","@id":"https:\/\/diariofemenino.com.ar\/df\/#\/schema\/logo\/image\/","url":"https:\/\/diariofemenino.com.ar\/df\/wp-content\/uploads\/2018\/10\/logo.png","contentUrl":"https:\/\/diariofemenino.com.ar\/df\/wp-content\/uploads\/2018\/10\/logo.png","width":500,"height":92,"caption":"Diario Femenino"},"image":{"@id":"https:\/\/diariofemenino.com.ar\/df\/#\/schema\/logo\/image\/"},"sameAs":["https:\/\/www.facebook.com\/DiarioDigitaFemenino\/","https:\/\/x.com\/DiarioFemenino1"]},{"@type":"Person","@id":"https:\/\/diariofemenino.com.ar\/df\/#\/schema\/person\/38f54b3bfd13f561de2460ba95c169c6","name":"Admin","image":{"@type":"ImageObject","inLanguage":"es","@id":"https:\/\/diariofemenino.com.ar\/df\/wp-content\/uploads\/2018\/12\/favicon-150x150.jpg","url":"https:\/\/diariofemenino.com.ar\/df\/wp-content\/uploads\/2018\/12\/favicon-150x150.jpg","contentUrl":"https:\/\/diariofemenino.com.ar\/df\/wp-content\/uploads\/2018\/12\/favicon-150x150.jpg","caption":"Admin"},"url":"https:\/\/diariofemenino.com.ar\/df\/author\/adm18df\/"}]}},"jetpack_featured_media_url":"https:\/\/diariofemenino.com.ar\/df\/wp-content\/uploads\/2018\/12\/47318046_2018120964910212_7590777061233393664_n.jpg","jetpack_sharing_enabled":true,"rttpg_featured_image_url":{"full":["https:\/\/diariofemenino.com.ar\/df\/wp-content\/uploads\/2018\/12\/47318046_2018120964910212_7590777061233393664_n.jpg",600,800,false],"landscape":["https:\/\/diariofemenino.com.ar\/df\/wp-content\/uploads\/2018\/12\/47318046_2018120964910212_7590777061233393664_n.jpg",600,800,false],"portraits":["https:\/\/diariofemenino.com.ar\/df\/wp-content\/uploads\/2018\/12\/47318046_2018120964910212_7590777061233393664_n.jpg",600,800,false],"thumbnail":["https:\/\/diariofemenino.com.ar\/df\/wp-content\/uploads\/2018\/12\/47318046_2018120964910212_7590777061233393664_n-150x150.jpg",150,150,true],"medium":["https:\/\/diariofemenino.com.ar\/df\/wp-content\/uploads\/2018\/12\/47318046_2018120964910212_7590777061233393664_n-225x300.jpg",225,300,true],"large":["https:\/\/diariofemenino.com.ar\/df\/wp-content\/uploads\/2018\/12\/47318046_2018120964910212_7590777061233393664_n.jpg",600,800,false],"1536x1536":["https:\/\/diariofemenino.com.ar\/df\/wp-content\/uploads\/2018\/12\/47318046_2018120964910212_7590777061233393664_n.jpg",600,800,false],"2048x2048":["https:\/\/diariofemenino.com.ar\/df\/wp-content\/uploads\/2018\/12\/47318046_2018120964910212_7590777061233393664_n.jpg",600,800,false]},"rttpg_author":{"display_name":"Admin","author_link":"https:\/\/diariofemenino.com.ar\/df\/author\/adm18df\/"},"rttpg_comment":0,"rttpg_category":"<a href=\"https:\/\/diariofemenino.com.ar\/df\/category\/actividades\/\" rel=\"category tag\">Actividades<\/a> <a href=\"https:\/\/diariofemenino.com.ar\/df\/category\/azul-profundo\/\" rel=\"category tag\">Azul Profundo<\/a>","rttpg_excerpt":"El lunes 10 de diciembre, D\u00eda de los Derechos Humanos, la Escuela N\u00b0 25 \u00abGranaderos de San Mart\u00edn\u00bb, invita al acto de inauguraci\u00f3n del Monumento:\u00a0Mar\u00eda Remedios del Valle, la Madre de la Patria. La Jornada Educativa &#8211; Cultural se realizar\u00e1 a las 20 hs en Ferrando 548 Barrio Empleados de Comercio, de la ciudad de&hellip;","_links":{"self":[{"href":"https:\/\/diariofemenino.com.ar\/df\/wp-json\/wp\/v2\/posts\/30203","targetHints":{"allow":["GET"]}}],"collection":[{"href":"https:\/\/diariofemenino.com.ar\/df\/wp-json\/wp\/v2\/posts"}],"about":[{"href":"https:\/\/diariofemenino.com.ar\/df\/wp-json\/wp\/v2\/types\/post"}],"author":[{"embeddable":true,"href":"https:\/\/diariofemenino.com.ar\/df\/wp-json\/wp\/v2\/users\/1"}],"replies":[{"embeddable":true,"href":"https:\/\/diariofemenino.com.ar\/df\/wp-json\/wp\/v2\/comments?post=30203"}],"version-history":[{"count":0,"href":"https:\/\/diariofemenino.com.ar\/df\/wp-json\/wp\/v2\/posts\/30203\/revisions"}],"wp:featuredmedia":[{"embeddable":true,"href":"https:\/\/diariofemenino.com.ar\/df\/wp-json\/wp\/v2\/media\/30204"}],"wp:attachment":[{"href":"https:\/\/diariofemenino.com.ar\/df\/wp-json\/wp\/v2\/media?parent=30203"}],"wp:term":[{"taxonomy":"category","embeddable":true,"href":"https:\/\/diariofemenino.com.ar\/df\/wp-json\/wp\/v2\/categories?post=30203"},{"taxonomy":"post_tag","embeddable":true,"href":"https:\/\/diariofemenino.com.ar\/df\/wp-json\/wp\/v2\/tags?post=30203"}],"curies":[{"name":"wp","href":"https:\/\/api.w.org\/{rel}","templated":true}]}}