{"id":29836,"date":"2018-11-06T18:44:43","date_gmt":"2018-11-06T21:44:43","guid":{"rendered":"http:\/\/diariofemenino.com.ar\/v2\/?p=29819"},"modified":"2018-11-06T18:44:43","modified_gmt":"2018-11-06T21:44:43","slug":"que-gozar-no-sea-un-tabu","status":"publish","type":"post","link":"https:\/\/diariofemenino.com.ar\/df\/que-gozar-no-sea-un-tabu\/","title":{"rendered":"Que gozar no sea un tab\u00fa"},"content":{"rendered":"<p><i>#NosotrasTambi\u00e9nGozamos es una campa\u00f1a lanzada por la Red por los Derechos de las Personas con Discapacidad (REDI) para visibilizar los derechos sexuales de las mujeres con discapacidad.\u00a0<\/i><br \/>\n<strong>Por Josefina L\u00f3pez Palma \/ Ilustraci\u00f3n: REDI<\/strong><br \/>\nNuestra sociedad crea roles, estereotipos y prejuicios sobre los cuerpos de las mujeres, sobre su sexualidad y su deseo; coartando su libertad, sus elecciones, su goce. Ahora bien, \u00bfqu\u00e9 pasa cuando se habla de una mujer con discapacidad? La respuesta es simple, los prejuicios crecen a\u00fan m\u00e1s y los derechos negados se multiplican.<br \/>\nEs que, socialmente y en general, se \u00a0presenta a las personas con discapacidad como asexuadas o, en algunos casos, como personas sin control sobre su propia sexualidad. Existe una presunci\u00f3n err\u00f3nea y cruel de pensar que la discapacidad se traduce como incapacidad: de elegir, de desear, de gozar.<br \/>\nHist\u00f3ricamente, la sexualidad y la discapacidad son temas que se han mantenido en compartimentos separados y m\u00e1s a\u00fan si la persona con discapacidad es mujer, pues sobre ella pesan m\u00e1s prejuicios del \u201cdeber ser\u201d. Es por ello que REDI ha lanzado esta campa\u00f1a para visibilizar los Derechos Sexuales y Reproductivos de las mujeres con discapacidad. Estos derechos buscan garantizar que las personas puedan decidir sobre su propia vida sexual y reproductiva con libertad, que puedan desarrollarla de manera saludable y se trata de derechos inherentes a todas las personas sin ning\u00fan tipo de discriminaci\u00f3n.<br \/>\nPor su parte, los Derechos Reproductivos aseguran la libertad de las personas para decidir si tener hijos o no, \u00a0el tipo de familia que se desea construir y c\u00f3mo hacerlo. Para ello es fundamental el acceso a la informaci\u00f3n, a los m\u00e9todos anticonceptivos, al aborto legal, seguro y gratuito, por nombrar algunos de los instrumentos vitales para el ejercicio pleno de estos derechos.<br \/>\n<img loading=\"lazy\" decoding=\"async\" class=\"aligncenter wp-image-42267 size-medium\" src=\"http:\/\/www.marcha.org.ar\/wp-content\/uploads\/2018\/11\/DS-y-DR-de-Personas-con-discapacidad-409x410.jpg\" sizes=\"auto, (max-width: 409px) 100vw, 409px\" srcset=\"http:\/\/www.marcha.org.ar\/wp-content\/uploads\/2018\/11\/DS-y-DR-de-Personas-con-discapacidad-409x410.jpg 409w, http:\/\/www.marcha.org.ar\/wp-content\/uploads\/2018\/11\/DS-y-DR-de-Personas-con-discapacidad-150x150.jpg 150w, http:\/\/www.marcha.org.ar\/wp-content\/uploads\/2018\/11\/DS-y-DR-de-Personas-con-discapacidad-1022x1024.jpg 1022w, http:\/\/www.marcha.org.ar\/wp-content\/uploads\/2018\/11\/DS-y-DR-de-Personas-con-discapacidad-640x642.jpg 640w, http:\/\/www.marcha.org.ar\/wp-content\/uploads\/2018\/11\/DS-y-DR-de-Personas-con-discapacidad-446x446.jpg 446w, http:\/\/www.marcha.org.ar\/wp-content\/uploads\/2018\/11\/DS-y-DR-de-Personas-con-discapacidad-320x320.jpg 320w, http:\/\/www.marcha.org.ar\/wp-content\/uploads\/2018\/11\/DS-y-DR-de-Personas-con-discapacidad-100x100.jpg 100w\" alt=\"\" width=\"409\" height=\"410\" \/><br \/>\n<b>\u201cEl Estado est\u00e1 muy ausente en este tema\u201d<\/b><br \/>\nLos derechos sexuales y reproductivos de las mujeres con discapacidad son violados sistem\u00e1ticamente y es principalmente el Estado, como garante de derechos, quien debe reparar este da\u00f1o. Carolina Buceta, integrante de REDI, dialog\u00f3 con Marcha.org y sostuvo que \u201cel Estado est\u00e1 muy ausente en este tema\u201d y asegur\u00f3 que \u201cfalta de informaci\u00f3n para profesionales; tambi\u00e9n falta material accesible en los centros de salud como mam\u00f3grafos y camillas pensadas para mujeres en sillas de ruedas, o int\u00e9rpretes de lenguaje de se\u00f1as, por ejemplo\u201d.<br \/>\nLa falta de informaci\u00f3n y los prejuicios hacen que las percepciones dominantes tiendan a representar a las mujeres con discapacidad como personas asexuadas que no quieren tener relaciones sexuales, no pueden o incluso, no saben hacerlo. Por otro lado, cuando alguna ejerce su sexualidad, se cree que es descontrolada y que deber\u00eda ser limitada. Muchas veces se opina y se decide sobre si las mujeres con discapacidad pueden ser madres, sin tener en su cuenta su opini\u00f3n; es que se considera que no podr\u00e1n ejercer la maternidad de manera adecuada o que su hijo\/a podr\u00eda nacer con alguna discapacidad.<br \/>\n<img loading=\"lazy\" decoding=\"async\" class=\"aligncenter wp-image-42268 size-large\" src=\"http:\/\/www.marcha.org.ar\/wp-content\/uploads\/2018\/11\/Mitos-y-prejuicios-928x1024.jpg\" sizes=\"auto, (max-width: 640px) 100vw, 640px\" srcset=\"http:\/\/www.marcha.org.ar\/wp-content\/uploads\/2018\/11\/Mitos-y-prejuicios-928x1024.jpg 928w, http:\/\/www.marcha.org.ar\/wp-content\/uploads\/2018\/11\/Mitos-y-prejuicios-371x410.jpg 371w, http:\/\/www.marcha.org.ar\/wp-content\/uploads\/2018\/11\/Mitos-y-prejuicios-640x707.jpg 640w\" alt=\"\" width=\"640\" height=\"706\" \/><br \/>\nEstos preconceptos no s\u00f3lo est\u00e1n en el imaginario social, sino que el propio sistema de salud de basa en ellos para atender a mujeres con discapacidad. Por ello es fundamental la difusi\u00f3n respecto a los derechos sexuales y reproductivos de las mujeres con discapacidad para que ellas mismas los conozcan, pero tambi\u00e9n, por ejemplo, para el personal de la salud.<br \/>\nEn la actualidad, el sistema de salud se basa en la anulaci\u00f3n de estos derechos. A\u00fan hoy, existen leyes vigentes que permiten que las mujeres con discapacidad sean sometidas a pr\u00e1cticas quir\u00fargicas anticonceptivas y a una interrupci\u00f3n legal del embarazo sin el consentimiento de ellas. \u201cEl rol del Estado deber\u00eda ser el de garantizar derechos, pero es muy poco lo que est\u00e1 haciendo. Adem\u00e1s con los casos -que sabemos que existen- de esterilizaciones forzadas, el Estado est\u00e1 violentando los derechos a decidir sobre los propios cuerpos de las mujeres con discapacidad\u201d sentenci\u00f3 Carolina Buceta.<br \/>\nAlgunas veces, estas esterilizaciones forzosas, que se practican con el aval de la familia, se hacen bajo la excusa de \u201cevitar abusos\u201d. Sin embargo, mediante estas pr\u00e1cticas s\u00f3lo se previenen las consecuencias visibles m\u00e1s obvias de un abuso y lo que realmente se evita es \u00a0la libertad de elecci\u00f3n de la mujer.<br \/>\n\u201cTambi\u00e9n nos enfrentamos muchas veces a una infantilizaci\u00f3n que significa, por ejemplo, que cuando vas a hacer una consulta, no te hacen preguntas de rutinas que le har\u00edan a cualquier mujer suponiendo de antemano que vos no ten\u00e9s relaciones sexuales\u201d comparti\u00f3 Carolina.<br \/>\nREDI lucha por la creaci\u00f3n de una gu\u00eda de acci\u00f3n para el personal del sistema de salud, para que \u00e9ste pueda brindar una atenci\u00f3n adecuada, en base al respeto del cuerpo y la libertad para decidir de la mujer con discapacidad. Para ello es importante que considere la opini\u00f3n de la paciente, a quien deber\u00edan brindarle la informaci\u00f3n necesaria para que pueda elegir sobre su cuerpo y sexualidad sin condicionamientos.<br \/>\n<img loading=\"lazy\" decoding=\"async\" class=\"aligncenter wp-image-42269 size-large\" src=\"http:\/\/www.marcha.org.ar\/wp-content\/uploads\/2018\/11\/Violaciones-m%C3%A1s-comunes-a-los-DS-y-DR-1024x1011.jpg\" sizes=\"auto, (max-width: 640px) 100vw, 640px\" srcset=\"http:\/\/www.marcha.org.ar\/wp-content\/uploads\/2018\/11\/Violaciones-m\u00e1s-comunes-a-los-DS-y-DR-1024x1011.jpg 1024w, http:\/\/www.marcha.org.ar\/wp-content\/uploads\/2018\/11\/Violaciones-m\u00e1s-comunes-a-los-DS-y-DR-415x410.jpg 415w, http:\/\/www.marcha.org.ar\/wp-content\/uploads\/2018\/11\/Violaciones-m\u00e1s-comunes-a-los-DS-y-DR-640x632.jpg 640w, http:\/\/www.marcha.org.ar\/wp-content\/uploads\/2018\/11\/Violaciones-m\u00e1s-comunes-a-los-DS-y-DR-100x100.jpg 100w\" alt=\"\" width=\"640\" height=\"632\" \/><br \/>\nEl Programa Nacional de Salud Sexual y Reproductiva, dependiente del Estado Nacional, no produce informaci\u00f3n sobre las mujeres con discapacidad y ni siquiera las incluye en las estad\u00edsticas. De esta manera, si se excluye la variable discapacidad es imposible la diagramaci\u00f3n y creaci\u00f3n de pol\u00edticas p\u00fablicas destinadas a este colectivo.<br \/>\nNo hace falta hacer una an\u00e1lisis muy profundo sobre la accesibilidad de los hospitales p\u00fablicos, para darse cuenta de lo mucho que falta. La existencia de rampas, no es el \u00fanico elemento que hace a la accesibilidad. Hoy es muy dif\u00edcil para una mujer con discapacidad, por no decir imposible, realizarse controles m\u00e9dicos con autonom\u00eda. Una mujer en silla de ruedas, no puede trasladarse sola a una camilla y, en cambio, tiene que ser cargada por un camillero. Las mamograf\u00edas, en la mayor\u00eda de los centros de salud, se realizan paradas.<br \/>\nPor su parte, Carolina tambi\u00e9n mencion\u00f3 la cantidad de casos de inaccesibilidad comunicacional a los que se enfrentan mujeres sordas o hipoac\u00fasicas que no pueden entenderse con el o la profesional y que, por ende, necesitan s\u00ed o s\u00ed de un\/a acompa\u00f1ante. \u201cEn esta situaci\u00f3n el personal m\u00e9dico, por lo general, siempre le termina hablando al acompa\u00f1ante y no dialogan con la persona que tiene que tomar las decisiones sobre su cuerpo\u201d, afirma Buceta, \u201cse cree que si una persona necesita alg\u00fan tipo de apoyo, ese apoyo va a decidir por ella\u201d.<br \/>\nEn este contexto, la campa\u00f1a #NosotrasTambi\u00e9nGozamos pretende concientizar y visibilizar esta tem\u00e1tica adem\u00e1s de combatir los mitos en torno a la sexualidad y la discapacidad. Carolina Buceta cuenta que uno de sus objetivos es empezar a \u201cderribar estereotipos que tienen que ver con que nosotras, las mujeres con discapacidad no deseamos ni somos personas deseadas, adem\u00e1s de trabajar una serie de testimonios en primera persona, y de brindar informaci\u00f3n, para que tanto familiares como profesionales tengan m\u00e1s conocimiento sobre el tema y que sobre todo puedan hacer una atenci\u00f3n respetuosa de las mujeres con discapacidad\u201d.<br \/>\n<strong>Derechos e informaci\u00f3n, accesibles<\/strong><br \/>\nPara ellos es fundamental brindar apoyo e informaci\u00f3n sobre los derechos sexuales y reproductivos de las mujeres con discapacidad y son ese fin desde REDI, crearon una plataforma de Discapacidad y Derechos Sexuales (<a href=\"http:\/\/www.discapacidadyderechossexuales.org.ar\/\" target=\"_blank\" rel=\"nofollow noopener\">www.discapacidadyderechossexuales.org.ar<\/a>) que busca promover el debate y la construcci\u00f3n colectiva de estrategias para que el Estado reconozca la situaci\u00f3n y act\u00fae sobre ella.<br \/>\n\u201cLa plataforma est\u00e1 dise\u00f1ada para que pueda ser navegada para todas las mujeres y ni\u00f1as en Argentina, tengan o no tengan alg\u00fan tipo de discapacidad\u201d, describe Carolina. Es importante remarcar que esta plataforma virtual, est\u00e1 dise\u00f1ada desde la accesibilidad y pensada para ser recorrida con facilidad: contiene pictogramas, contrastes de colores y teclas r\u00e1pidas de navegaci\u00f3n. \u201cLos textos son simples y est\u00e1n acompa\u00f1ados de pictogramas para que puedan ser comprendidos por mujeres discapacidad intelectual o psicosocial y mujeres sordas\u201d agrega la integrante de REDI.<br \/>\n<img loading=\"lazy\" decoding=\"async\" class=\"aligncenter wp-image-42271 size-large\" src=\"http:\/\/www.marcha.org.ar\/wp-content\/uploads\/2018\/11\/Info-extra-873x1024.jpg\" sizes=\"auto, (max-width: 640px) 100vw, 640px\" srcset=\"http:\/\/www.marcha.org.ar\/wp-content\/uploads\/2018\/11\/Info-extra-873x1024.jpg 873w, http:\/\/www.marcha.org.ar\/wp-content\/uploads\/2018\/11\/Info-extra-350x410.jpg 350w, http:\/\/www.marcha.org.ar\/wp-content\/uploads\/2018\/11\/Info-extra-640x750.jpg 640w\" alt=\"\" width=\"640\" height=\"751\" \/><br \/>\nAdem\u00e1s esta p\u00e1gina web, que fue desarrollada con el apoyo de la organizaci\u00f3n internacional Feminist Review Trust, tiene un foro interactivo para debatir y compartir experiencias, ofrece informaci\u00f3n sobre los Derechos Sexuales y Reproductivos y tambi\u00e9n sobre los centros de salud que los respetan y que contemplan la accesibilidad en distintos niveles.<br \/>\nEstos \u00faltimos datos fueron el resultado de una encuesta realizada a mujeres de todo el pa\u00eds y lo primero que devela es que el nivel de accesibilidad es muy bajo. Es decir, que adem\u00e1s de brindar informaci\u00f3n necesaria y \u00fatil tambi\u00e9n visibiliza lo que falta.<br \/>\nLa sociedad, el Estado y el sistema de salud espec\u00edficamente, debe entender que el necesitar apoyo no tiene por qu\u00e9 ser un obst\u00e1culo para la autonom\u00eda. Es hora de derribar los mitos que anulan el acceso a los derechos sexuales y reproductivos de las mujeres con discapacidad. Y para ello es necesario que su sexualidad no sea un tab\u00fa pues si una a mujer con discapacidad es representada como un \u201c\u00e1ngel asexuado\u201d, se silencia su deseo, su capacidad de goce, y en definitiva, se silencian sus derechos.<br \/>\n&nbsp;<br \/>\n&nbsp;<br \/>\nFuente: <a href=\"http:\/\/www.marcha.org.ar\/que-gozar-no-sea-un-tabu\/\">Marcha\u00a0<\/a><\/p>\n","protected":false},"excerpt":{"rendered":"<p>#NosotrasTambi\u00e9nGozamos es una campa\u00f1a lanzada por la Red por los Derechos de las Personas con Discapacidad (REDI) para visibilizar los derechos sexuales de las mujeres con discapacidad.\u00a0 Por Josefina L\u00f3pez Palma \/ Ilustraci\u00f3n: REDI Nuestra sociedad crea roles, estereotipos y prejuicios sobre los cuerpos de las mujeres, sobre su sexualidad y su deseo; coartando su [&hellip;]<\/p>\n","protected":false},"author":3,"featured_media":29820,"comment_status":"closed","ping_status":"closed","sticky":false,"template":"","format":"standard","meta":{"iawp_total_views":49,"footnotes":""},"categories":[178],"tags":[29,53,10,11,130,14],"class_list":["post-29836","post","type-post","status-publish","format-standard","has-post-thumbnail","hentry","category-articulos-y-comunicados","tag-campanas","tag-derechos-de-las-mujeres","tag-derechos-sexuales-y-reproductivos","tag-educacion","tag-mujeres","tag-salud-sexual-y-reproductiva"],"nelio_content":{"autoShareEndMode":"never","automationSources":{"useCustomSentences":false,"customSentences":[]},"efiAlt":"","efiUrl":"","followers":[1,3],"highlights":[],"isAutoShareEnabled":true,"networkImageIds":[],"permalinkQueryArgs":[],"series":[],"suggestedReferences":[]},"yoast_head":"<!-- This site is optimized with the Yoast SEO plugin v27.5 - https:\/\/yoast.com\/product\/yoast-seo-wordpress\/ -->\n<title>Que gozar no sea un tab\u00fa - Diario Digital Femenino<\/title>\n<meta name=\"robots\" content=\"index, follow, max-snippet:-1, max-image-preview:large, max-video-preview:-1\" \/>\n<link rel=\"canonical\" href=\"https:\/\/diariofemenino.com.ar\/df\/que-gozar-no-sea-un-tabu\/\" \/>\n<meta property=\"og:locale\" content=\"es_ES\" \/>\n<meta property=\"og:type\" content=\"article\" \/>\n<meta property=\"og:title\" content=\"Que gozar no sea un tab\u00fa - Diario Digital Femenino\" \/>\n<meta property=\"og:description\" content=\"#NosotrasTambi\u00e9nGozamos es una campa\u00f1a lanzada por la Red por los Derechos de las Personas con Discapacidad (REDI) para visibilizar los derechos sexuales de las mujeres con discapacidad.\u00a0 Por Josefina L\u00f3pez Palma \/ Ilustraci\u00f3n: REDI Nuestra sociedad crea roles, estereotipos y prejuicios sobre los cuerpos de las mujeres, sobre su sexualidad y su deseo; coartando su [&hellip;]\" \/>\n<meta property=\"og:url\" content=\"https:\/\/diariofemenino.com.ar\/df\/que-gozar-no-sea-un-tabu\/\" \/>\n<meta property=\"og:site_name\" content=\"Diario Digital Femenino\" \/>\n<meta property=\"article:publisher\" content=\"https:\/\/www.facebook.com\/DiarioDigitaFemenino\/\" \/>\n<meta property=\"article:published_time\" content=\"2018-11-06T21:44:43+00:00\" \/>\n<meta property=\"og:image\" content=\"https:\/\/diariofemenino.com.ar\/df\/wp-content\/uploads\/2018\/11\/AbortoArgentina1.jpg\" \/>\n\t<meta property=\"og:image:width\" content=\"414\" \/>\n\t<meta property=\"og:image:height\" content=\"576\" \/>\n\t<meta property=\"og:image:type\" content=\"image\/jpeg\" \/>\n<meta name=\"author\" content=\"Admin\" \/>\n<meta name=\"twitter:card\" content=\"summary_large_image\" \/>\n<meta name=\"twitter:creator\" content=\"@DiarioFemenino1\" \/>\n<meta name=\"twitter:site\" content=\"@DiarioFemenino1\" \/>\n<meta name=\"twitter:label1\" content=\"Escrito por\" \/>\n\t<meta name=\"twitter:data1\" content=\"Admin\" \/>\n\t<meta name=\"twitter:label2\" content=\"Tiempo de lectura\" \/>\n\t<meta name=\"twitter:data2\" content=\"8 minutos\" \/>\n<script type=\"application\/ld+json\" class=\"yoast-schema-graph\">{\"@context\":\"https:\\\/\\\/schema.org\",\"@graph\":[{\"@type\":\"Article\",\"@id\":\"https:\\\/\\\/diariofemenino.com.ar\\\/df\\\/que-gozar-no-sea-un-tabu\\\/#article\",\"isPartOf\":{\"@id\":\"https:\\\/\\\/diariofemenino.com.ar\\\/df\\\/que-gozar-no-sea-un-tabu\\\/\"},\"author\":{\"name\":\"Admin\",\"@id\":\"https:\\\/\\\/diariofemenino.com.ar\\\/df\\\/#\\\/schema\\\/person\\\/1c36bc3bf394d8ec320814298b4fdd3f\"},\"headline\":\"Que gozar no sea un tab\u00fa\",\"datePublished\":\"2018-11-06T21:44:43+00:00\",\"mainEntityOfPage\":{\"@id\":\"https:\\\/\\\/diariofemenino.com.ar\\\/df\\\/que-gozar-no-sea-un-tabu\\\/\"},\"wordCount\":1579,\"publisher\":{\"@id\":\"https:\\\/\\\/diariofemenino.com.ar\\\/df\\\/#organization\"},\"image\":{\"@id\":\"https:\\\/\\\/diariofemenino.com.ar\\\/df\\\/que-gozar-no-sea-un-tabu\\\/#primaryimage\"},\"thumbnailUrl\":\"https:\\\/\\\/diariofemenino.com.ar\\\/df\\\/wp-content\\\/uploads\\\/2018\\\/11\\\/AbortoArgentina1.jpg\",\"keywords\":[\"Campa\u00f1as\",\"Derechos de las mujeres\",\"Derechos sexuales y reproductivos\",\"Educaci\u00f3n\",\"Mujeres\",\"Salud Sexual y Reproductiva\"],\"articleSection\":[\"Art\u00edculos y Comunicados\"],\"inLanguage\":\"es\"},{\"@type\":\"WebPage\",\"@id\":\"https:\\\/\\\/diariofemenino.com.ar\\\/df\\\/que-gozar-no-sea-un-tabu\\\/\",\"url\":\"https:\\\/\\\/diariofemenino.com.ar\\\/df\\\/que-gozar-no-sea-un-tabu\\\/\",\"name\":\"Que gozar no sea un tab\u00fa - Diario Digital Femenino\",\"isPartOf\":{\"@id\":\"https:\\\/\\\/diariofemenino.com.ar\\\/df\\\/#website\"},\"primaryImageOfPage\":{\"@id\":\"https:\\\/\\\/diariofemenino.com.ar\\\/df\\\/que-gozar-no-sea-un-tabu\\\/#primaryimage\"},\"image\":{\"@id\":\"https:\\\/\\\/diariofemenino.com.ar\\\/df\\\/que-gozar-no-sea-un-tabu\\\/#primaryimage\"},\"thumbnailUrl\":\"https:\\\/\\\/diariofemenino.com.ar\\\/df\\\/wp-content\\\/uploads\\\/2018\\\/11\\\/AbortoArgentina1.jpg\",\"datePublished\":\"2018-11-06T21:44:43+00:00\",\"breadcrumb\":{\"@id\":\"https:\\\/\\\/diariofemenino.com.ar\\\/df\\\/que-gozar-no-sea-un-tabu\\\/#breadcrumb\"},\"inLanguage\":\"es\",\"potentialAction\":[{\"@type\":\"ReadAction\",\"target\":[\"https:\\\/\\\/diariofemenino.com.ar\\\/df\\\/que-gozar-no-sea-un-tabu\\\/\"]}]},{\"@type\":\"ImageObject\",\"inLanguage\":\"es\",\"@id\":\"https:\\\/\\\/diariofemenino.com.ar\\\/df\\\/que-gozar-no-sea-un-tabu\\\/#primaryimage\",\"url\":\"https:\\\/\\\/diariofemenino.com.ar\\\/df\\\/wp-content\\\/uploads\\\/2018\\\/11\\\/AbortoArgentina1.jpg\",\"contentUrl\":\"https:\\\/\\\/diariofemenino.com.ar\\\/df\\\/wp-content\\\/uploads\\\/2018\\\/11\\\/AbortoArgentina1.jpg\",\"width\":414,\"height\":576,\"caption\":\"La legalidad del aborto en Argentina\"},{\"@type\":\"BreadcrumbList\",\"@id\":\"https:\\\/\\\/diariofemenino.com.ar\\\/df\\\/que-gozar-no-sea-un-tabu\\\/#breadcrumb\",\"itemListElement\":[{\"@type\":\"ListItem\",\"position\":1,\"name\":\"Portada\",\"item\":\"https:\\\/\\\/diariofemenino.com.ar\\\/df\\\/\"},{\"@type\":\"ListItem\",\"position\":2,\"name\":\"Que gozar no sea un tab\u00fa\"}]},{\"@type\":\"WebSite\",\"@id\":\"https:\\\/\\\/diariofemenino.com.ar\\\/df\\\/#website\",\"url\":\"https:\\\/\\\/diariofemenino.com.ar\\\/df\\\/\",\"name\":\"Diario Digital Femenino\",\"description\":\"Cuesti\u00f3n de G\u00e9nero\",\"publisher\":{\"@id\":\"https:\\\/\\\/diariofemenino.com.ar\\\/df\\\/#organization\"},\"potentialAction\":[{\"@type\":\"SearchAction\",\"target\":{\"@type\":\"EntryPoint\",\"urlTemplate\":\"https:\\\/\\\/diariofemenino.com.ar\\\/df\\\/?s={search_term_string}\"},\"query-input\":{\"@type\":\"PropertyValueSpecification\",\"valueRequired\":true,\"valueName\":\"search_term_string\"}}],\"inLanguage\":\"es\"},{\"@type\":\"Organization\",\"@id\":\"https:\\\/\\\/diariofemenino.com.ar\\\/df\\\/#organization\",\"name\":\"Diario Femenino\",\"url\":\"https:\\\/\\\/diariofemenino.com.ar\\\/df\\\/\",\"logo\":{\"@type\":\"ImageObject\",\"inLanguage\":\"es\",\"@id\":\"https:\\\/\\\/diariofemenino.com.ar\\\/df\\\/#\\\/schema\\\/logo\\\/image\\\/\",\"url\":\"https:\\\/\\\/diariofemenino.com.ar\\\/df\\\/wp-content\\\/uploads\\\/2018\\\/10\\\/logo.png\",\"contentUrl\":\"https:\\\/\\\/diariofemenino.com.ar\\\/df\\\/wp-content\\\/uploads\\\/2018\\\/10\\\/logo.png\",\"width\":500,\"height\":92,\"caption\":\"Diario Femenino\"},\"image\":{\"@id\":\"https:\\\/\\\/diariofemenino.com.ar\\\/df\\\/#\\\/schema\\\/logo\\\/image\\\/\"},\"sameAs\":[\"https:\\\/\\\/www.facebook.com\\\/DiarioDigitaFemenino\\\/\",\"https:\\\/\\\/x.com\\\/DiarioFemenino1\"]},{\"@type\":\"Person\",\"@id\":\"https:\\\/\\\/diariofemenino.com.ar\\\/df\\\/#\\\/schema\\\/person\\\/1c36bc3bf394d8ec320814298b4fdd3f\",\"name\":\"Admin\",\"image\":{\"@type\":\"ImageObject\",\"inLanguage\":\"es\",\"@id\":\"https:\\\/\\\/diariofemenino.com.ar\\\/df\\\/wp-content\\\/uploads\\\/2018\\\/12\\\/favicon-150x150.jpg\",\"url\":\"https:\\\/\\\/diariofemenino.com.ar\\\/df\\\/wp-content\\\/uploads\\\/2018\\\/12\\\/favicon-150x150.jpg\",\"contentUrl\":\"https:\\\/\\\/diariofemenino.com.ar\\\/df\\\/wp-content\\\/uploads\\\/2018\\\/12\\\/favicon-150x150.jpg\",\"caption\":\"Admin\"},\"url\":\"https:\\\/\\\/diariofemenino.com.ar\\\/df\\\/author\\\/sofiperez\\\/\"}]}<\/script>\n<!-- \/ Yoast SEO plugin. -->","yoast_head_json":{"title":"Que gozar no sea un tab\u00fa - Diario Digital Femenino","robots":{"index":"index","follow":"follow","max-snippet":"max-snippet:-1","max-image-preview":"max-image-preview:large","max-video-preview":"max-video-preview:-1"},"canonical":"https:\/\/diariofemenino.com.ar\/df\/que-gozar-no-sea-un-tabu\/","og_locale":"es_ES","og_type":"article","og_title":"Que gozar no sea un tab\u00fa - Diario Digital Femenino","og_description":"#NosotrasTambi\u00e9nGozamos es una campa\u00f1a lanzada por la Red por los Derechos de las Personas con Discapacidad (REDI) para visibilizar los derechos sexuales de las mujeres con discapacidad.\u00a0 Por Josefina L\u00f3pez Palma \/ Ilustraci\u00f3n: REDI Nuestra sociedad crea roles, estereotipos y prejuicios sobre los cuerpos de las mujeres, sobre su sexualidad y su deseo; coartando su [&hellip;]","og_url":"https:\/\/diariofemenino.com.ar\/df\/que-gozar-no-sea-un-tabu\/","og_site_name":"Diario Digital Femenino","article_publisher":"https:\/\/www.facebook.com\/DiarioDigitaFemenino\/","article_published_time":"2018-11-06T21:44:43+00:00","og_image":[{"width":414,"height":576,"url":"https:\/\/diariofemenino.com.ar\/df\/wp-content\/uploads\/2018\/11\/AbortoArgentina1.jpg","type":"image\/jpeg"}],"author":"Admin","twitter_card":"summary_large_image","twitter_creator":"@DiarioFemenino1","twitter_site":"@DiarioFemenino1","twitter_misc":{"Escrito por":"Admin","Tiempo de lectura":"8 minutos"},"schema":{"@context":"https:\/\/schema.org","@graph":[{"@type":"Article","@id":"https:\/\/diariofemenino.com.ar\/df\/que-gozar-no-sea-un-tabu\/#article","isPartOf":{"@id":"https:\/\/diariofemenino.com.ar\/df\/que-gozar-no-sea-un-tabu\/"},"author":{"name":"Admin","@id":"https:\/\/diariofemenino.com.ar\/df\/#\/schema\/person\/1c36bc3bf394d8ec320814298b4fdd3f"},"headline":"Que gozar no sea un tab\u00fa","datePublished":"2018-11-06T21:44:43+00:00","mainEntityOfPage":{"@id":"https:\/\/diariofemenino.com.ar\/df\/que-gozar-no-sea-un-tabu\/"},"wordCount":1579,"publisher":{"@id":"https:\/\/diariofemenino.com.ar\/df\/#organization"},"image":{"@id":"https:\/\/diariofemenino.com.ar\/df\/que-gozar-no-sea-un-tabu\/#primaryimage"},"thumbnailUrl":"https:\/\/diariofemenino.com.ar\/df\/wp-content\/uploads\/2018\/11\/AbortoArgentina1.jpg","keywords":["Campa\u00f1as","Derechos de las mujeres","Derechos sexuales y reproductivos","Educaci\u00f3n","Mujeres","Salud Sexual y Reproductiva"],"articleSection":["Art\u00edculos y Comunicados"],"inLanguage":"es"},{"@type":"WebPage","@id":"https:\/\/diariofemenino.com.ar\/df\/que-gozar-no-sea-un-tabu\/","url":"https:\/\/diariofemenino.com.ar\/df\/que-gozar-no-sea-un-tabu\/","name":"Que gozar no sea un tab\u00fa - Diario Digital Femenino","isPartOf":{"@id":"https:\/\/diariofemenino.com.ar\/df\/#website"},"primaryImageOfPage":{"@id":"https:\/\/diariofemenino.com.ar\/df\/que-gozar-no-sea-un-tabu\/#primaryimage"},"image":{"@id":"https:\/\/diariofemenino.com.ar\/df\/que-gozar-no-sea-un-tabu\/#primaryimage"},"thumbnailUrl":"https:\/\/diariofemenino.com.ar\/df\/wp-content\/uploads\/2018\/11\/AbortoArgentina1.jpg","datePublished":"2018-11-06T21:44:43+00:00","breadcrumb":{"@id":"https:\/\/diariofemenino.com.ar\/df\/que-gozar-no-sea-un-tabu\/#breadcrumb"},"inLanguage":"es","potentialAction":[{"@type":"ReadAction","target":["https:\/\/diariofemenino.com.ar\/df\/que-gozar-no-sea-un-tabu\/"]}]},{"@type":"ImageObject","inLanguage":"es","@id":"https:\/\/diariofemenino.com.ar\/df\/que-gozar-no-sea-un-tabu\/#primaryimage","url":"https:\/\/diariofemenino.com.ar\/df\/wp-content\/uploads\/2018\/11\/AbortoArgentina1.jpg","contentUrl":"https:\/\/diariofemenino.com.ar\/df\/wp-content\/uploads\/2018\/11\/AbortoArgentina1.jpg","width":414,"height":576,"caption":"La legalidad del aborto en Argentina"},{"@type":"BreadcrumbList","@id":"https:\/\/diariofemenino.com.ar\/df\/que-gozar-no-sea-un-tabu\/#breadcrumb","itemListElement":[{"@type":"ListItem","position":1,"name":"Portada","item":"https:\/\/diariofemenino.com.ar\/df\/"},{"@type":"ListItem","position":2,"name":"Que gozar no sea un tab\u00fa"}]},{"@type":"WebSite","@id":"https:\/\/diariofemenino.com.ar\/df\/#website","url":"https:\/\/diariofemenino.com.ar\/df\/","name":"Diario Digital Femenino","description":"Cuesti\u00f3n de G\u00e9nero","publisher":{"@id":"https:\/\/diariofemenino.com.ar\/df\/#organization"},"potentialAction":[{"@type":"SearchAction","target":{"@type":"EntryPoint","urlTemplate":"https:\/\/diariofemenino.com.ar\/df\/?s={search_term_string}"},"query-input":{"@type":"PropertyValueSpecification","valueRequired":true,"valueName":"search_term_string"}}],"inLanguage":"es"},{"@type":"Organization","@id":"https:\/\/diariofemenino.com.ar\/df\/#organization","name":"Diario Femenino","url":"https:\/\/diariofemenino.com.ar\/df\/","logo":{"@type":"ImageObject","inLanguage":"es","@id":"https:\/\/diariofemenino.com.ar\/df\/#\/schema\/logo\/image\/","url":"https:\/\/diariofemenino.com.ar\/df\/wp-content\/uploads\/2018\/10\/logo.png","contentUrl":"https:\/\/diariofemenino.com.ar\/df\/wp-content\/uploads\/2018\/10\/logo.png","width":500,"height":92,"caption":"Diario Femenino"},"image":{"@id":"https:\/\/diariofemenino.com.ar\/df\/#\/schema\/logo\/image\/"},"sameAs":["https:\/\/www.facebook.com\/DiarioDigitaFemenino\/","https:\/\/x.com\/DiarioFemenino1"]},{"@type":"Person","@id":"https:\/\/diariofemenino.com.ar\/df\/#\/schema\/person\/1c36bc3bf394d8ec320814298b4fdd3f","name":"Admin","image":{"@type":"ImageObject","inLanguage":"es","@id":"https:\/\/diariofemenino.com.ar\/df\/wp-content\/uploads\/2018\/12\/favicon-150x150.jpg","url":"https:\/\/diariofemenino.com.ar\/df\/wp-content\/uploads\/2018\/12\/favicon-150x150.jpg","contentUrl":"https:\/\/diariofemenino.com.ar\/df\/wp-content\/uploads\/2018\/12\/favicon-150x150.jpg","caption":"Admin"},"url":"https:\/\/diariofemenino.com.ar\/df\/author\/sofiperez\/"}]}},"jetpack_featured_media_url":"https:\/\/diariofemenino.com.ar\/df\/wp-content\/uploads\/2018\/11\/AbortoArgentina1.jpg","jetpack_sharing_enabled":true,"rttpg_featured_image_url":{"full":["https:\/\/diariofemenino.com.ar\/df\/wp-content\/uploads\/2018\/11\/AbortoArgentina1.jpg",414,576,false],"landscape":["https:\/\/diariofemenino.com.ar\/df\/wp-content\/uploads\/2018\/11\/AbortoArgentina1.jpg",414,576,false],"portraits":["https:\/\/diariofemenino.com.ar\/df\/wp-content\/uploads\/2018\/11\/AbortoArgentina1.jpg",414,576,false],"thumbnail":["https:\/\/diariofemenino.com.ar\/df\/wp-content\/uploads\/2018\/11\/AbortoArgentina1-150x150.jpg",150,150,true],"medium":["https:\/\/diariofemenino.com.ar\/df\/wp-content\/uploads\/2018\/11\/AbortoArgentina1-216x300.jpg",216,300,true],"large":["https:\/\/diariofemenino.com.ar\/df\/wp-content\/uploads\/2018\/11\/AbortoArgentina1.jpg",414,576,false],"1536x1536":["https:\/\/diariofemenino.com.ar\/df\/wp-content\/uploads\/2018\/11\/AbortoArgentina1.jpg",414,576,false],"2048x2048":["https:\/\/diariofemenino.com.ar\/df\/wp-content\/uploads\/2018\/11\/AbortoArgentina1.jpg",414,576,false]},"rttpg_author":{"display_name":"Admin","author_link":"https:\/\/diariofemenino.com.ar\/df\/author\/sofiperez\/"},"rttpg_comment":0,"rttpg_category":"<a href=\"https:\/\/diariofemenino.com.ar\/df\/category\/articulos-y-comunicados\/\" rel=\"category tag\">Art\u00edculos y Comunicados<\/a>","rttpg_excerpt":"#NosotrasTambi\u00e9nGozamos es una campa\u00f1a lanzada por la Red por los Derechos de las Personas con Discapacidad (REDI) para visibilizar los derechos sexuales de las mujeres con discapacidad.\u00a0 Por Josefina L\u00f3pez Palma \/ Ilustraci\u00f3n: REDI Nuestra sociedad crea roles, estereotipos y prejuicios sobre los cuerpos de las mujeres, sobre su sexualidad y su deseo; coartando su&hellip;","_links":{"self":[{"href":"https:\/\/diariofemenino.com.ar\/df\/wp-json\/wp\/v2\/posts\/29836","targetHints":{"allow":["GET"]}}],"collection":[{"href":"https:\/\/diariofemenino.com.ar\/df\/wp-json\/wp\/v2\/posts"}],"about":[{"href":"https:\/\/diariofemenino.com.ar\/df\/wp-json\/wp\/v2\/types\/post"}],"author":[{"embeddable":true,"href":"https:\/\/diariofemenino.com.ar\/df\/wp-json\/wp\/v2\/users\/3"}],"replies":[{"embeddable":true,"href":"https:\/\/diariofemenino.com.ar\/df\/wp-json\/wp\/v2\/comments?post=29836"}],"version-history":[{"count":0,"href":"https:\/\/diariofemenino.com.ar\/df\/wp-json\/wp\/v2\/posts\/29836\/revisions"}],"wp:featuredmedia":[{"embeddable":true,"href":"https:\/\/diariofemenino.com.ar\/df\/wp-json\/wp\/v2\/media\/29820"}],"wp:attachment":[{"href":"https:\/\/diariofemenino.com.ar\/df\/wp-json\/wp\/v2\/media?parent=29836"}],"wp:term":[{"taxonomy":"category","embeddable":true,"href":"https:\/\/diariofemenino.com.ar\/df\/wp-json\/wp\/v2\/categories?post=29836"},{"taxonomy":"post_tag","embeddable":true,"href":"https:\/\/diariofemenino.com.ar\/df\/wp-json\/wp\/v2\/tags?post=29836"}],"curies":[{"name":"wp","href":"https:\/\/api.w.org\/{rel}","templated":true}]}}