{"id":29656,"date":"2018-10-29T12:41:07","date_gmt":"2018-10-29T15:41:07","guid":{"rendered":"http:\/\/diariofemenino.com.ar\/v2\/?p=29656"},"modified":"2018-10-29T12:41:07","modified_gmt":"2018-10-29T15:41:07","slug":"violencia-obstetrica-las-practicas-agresivas-que-sufren-las-mujeres-en-el-parto","status":"publish","type":"post","link":"https:\/\/diariofemenino.com.ar\/df\/violencia-obstetrica-las-practicas-agresivas-que-sufren-las-mujeres-en-el-parto\/","title":{"rendered":"Violencia obst\u00e9trica: las pr\u00e1cticas agresivas que sufren las mujeres en el parto"},"content":{"rendered":"<header class=\"article-header\">\n<div class=\"article-header-epigraph\">\n<strong>Episiotom\u00edas, ces\u00e1reas programadas, partos inducidos, maniobras bruscas, t\u00e9cnicas invasivas\u2026 Activistas y asociaciones denuncian que la sociedad patriarcal tambi\u00e9n maltrata a las mujeres cuando dan a luz. Esta es la primera entrega de cuatro art\u00edculos sobre el tema que no pretende cuestionar la labor vital de los profesionales de la sanidad p\u00fablica, representados a trav\u00e9s de SEGO, sino dar voz\u00a0a las quejas y reivindicaciones de algunas defensoras de los derechos sexuales y reproductivos.<\/strong>\n<\/div>\n<\/header>\n<div class=\"article-content\">\n<footer>\n<div class=\"article-info\">\n<p id=\"m95-94-96\" class=\"signature\">Por Henrique Mari\u00f1o<br \/>\n<a id=\"m770-1-771\" class=\"twitter undefined\" title=\"@solucionsalina\" href=\"https:\/\/twitter.com\/solucionsalina\" target=\"_blank\" rel=\"noopener\">@solucionsalina<\/a><\/p>\n<\/div>\n<\/footer>\n<div class=\"article-text\">\n<p id=\"m486-485-487\">La mujer como sujeto pasivo. La parturienta sin capacidad de decisi\u00f3n sobre su propio cuerpo, ni sobre el de quien le sobreviene. La infantilizaci\u00f3n (<i>\u00bfqu\u00e9 pasa, barriguitas?<\/i>) de la embarazada (<i>\u00a1ey, mami!<\/i>). La ausencia de informaci\u00f3n o la falta de respeto. La sumisi\u00f3n o el sometimiento ante la figura masculina del m\u00e9dico o, si se prefiere, ante una visi\u00f3n machista de la medicina: en los paritorios puede haber ginec\u00f3logas, aunque en la planta superior con las jerarqu\u00edas hemos topado, como denuncian las defensoras de los derechos sexuales y reproductivos.<\/p>\n<p id=\"m491-1-492\">Todo ello podr\u00eda ser\u00a0<a title=\"Entrevista a la actriz Iria Pinheiro\" href=\"https:\/\/www.publico.es\/sociedad\/violencia-obstetrica-parto-iria-pinheiro.html\" target=\"_blank\" rel=\"noopener\">violencia obst\u00e9trica<\/a>, pero tambi\u00e9n el trato inhumano y las pr\u00e1cticas invasivas, como la episiotom\u00eda \u2014incisi\u00f3n quir\u00fargica en la vulva para facilitar la salida del feto y evitar desgarros en el perineo, seg\u00fan el diccionario de la RAE\u2014, la maniobra de Hamilton \u2014tacto vaginal con movimiento circular del dedo, que produce dolor y puede acarrear sangrados\u2014 o la\u00a0<b>maniobra de Kristeller<\/b>\u00a0\u2014antes, se presionaba con los pu\u00f1os o el antebrazo sobre el fondo uterino para que la cabeza del beb\u00e9 descendiese; ahora, seg\u00fan las recomendaciones de los propios profesionales, s\u00f3lo debe practicarse en la segunda fase del parto, cuando la cabeza ya est\u00e1 encajada, para facilitar la salida de la criatura\u2014.<\/p>\n<p id=\"m496-2-497\">En general, la violencia obst\u00e9trica tambi\u00e9n ser\u00eda el\u00a0<b>parto inducido<\/b>, es decir, cuando tiene lugar antes de que comiencen de forma natural las contracciones uterinas, mediante la administraci\u00f3n de oxitocina \u2014que provoca la dilataci\u00f3n cervical y las posteriores contracciones\u2014 o la\u00a0<b>amniorexis<\/b>\u00a0\u2014la OMS no recomienda provocar la rotura del saco amni\u00f3tico o bolsa de aguas como un procedimiento rutinario, si bien puede suceder de manera espont\u00e1nea\u2014. Aunque en algunas ocasiones son inevitables, las ces\u00e1reas programadas pueden engrosar el concepto y, pese a que pueden contar con el consentimiento de la propia parturienta, no est\u00e1n exentas de pol\u00e9mica, como sucede con las\u00a0<b>sedaciones<\/b>.<\/p>\n<p id=\"m501-3-502\">\u00abLas episiotom\u00edas y las ces\u00e1reas innecesarias son s\u00edntomas de una sociedad que sufre de machismo, misoginia y patriarcado\u201d, asegura la activista\u00a0<b>Jesusa Ricoy<\/b>, fundadora del movimiento contra violencia obst\u00e9trica The Roses Revolution Movement. \u201cLas mujeres hemos sido adoctrinadas para entender que el parto es as\u00ed. Es decir, se nos educa para aguantar: nuestro cuerpo es secundario, no se puede hablar de \u00e9l porque se considera algo sucio y, si sufrimos secuelas de un corte en la vulva, se presupone que no tenemos por qu\u00e9 disfrutar del sexo como el hombre\u201d.<\/p>\n<p id=\"m506-4-507\">Ricoy, madre de dos hijos y una hija, trabaja como profesora de educaci\u00f3n perinatal en Londres. Aunque considera que las\u00a0<b>ces\u00e1reas<\/b>\u00a0son \u201cun gran problema que muestra la falta de capacidad de decisi\u00f3n sobre nuestros cuerpos\u201d, en el Reino Unido se ha encontrado con una parad\u00f3jica situaci\u00f3n: hay hospitales, asegura, que se niegan a practicarlas si lo desea s\u00f3lo la madre. \u201cEs fascinante que el mismo sistema que nos ha machacado con las ces\u00e1reas, nos diga ahora que no son buenas, negando la libertad de elecci\u00f3n de la mujer, que es lo realmente importante\u201d.<\/p>\n<p id=\"m511-5-512\"><b>Elena Gil<\/b>, portavoz de la asociaci\u00f3n\u00a0<a href=\"https:\/\/www.elpartoesnuestro.es\/\" target=\"_blank\" rel=\"noopener\">El Parto es Nuestro<\/a>, cree que cuando una mujer se queda embarazada es vulnerable. \u201cResulta muy f\u00e1cil someterte, hacerte sumisa o incluso mentirte. Ante un\u00a0<b>riesgo para el beb\u00e9<\/b>, haces lo que sea para salvarlo, por eso es sencillo meter miedo a una embarazada, pese a que no haya tanto riesgo\u201d, explica la representante de una entidad que busca mejorar la atenci\u00f3n a madres e hijos durante el embarazo, el alumbramiento y el posparto. \u201cNo te dan la opci\u00f3n de valorar las posibilidades y elegir\u201d.<\/p>\n<div id=\"m516-6-517\" class=\"captioned-image image-article article-multimedia-info\">\n<div class=\"image\">\n<div id=\"m520-519-521\" class=\"image\"><img decoding=\"async\" class=\"kalooga_15255\" src=\"https:\/\/www.publico.es\/files\/article_main\/\/files\/crop\/uploads\/2018\/10\/28\/5bd623c4e22b7.r_1540820680954.0-104-2628-1457.jpg\" alt=\"Jesusa Ricoy Olariaga, activista matriarcal y profesora de educaci\u00f3n perinatal.. \/ VER\u00d3NICA P\u00c9REZ KARLESON\" \/><\/div>\n<\/div>\n<div class=\"description-overlay-image\">\n<p id=\"m526-1-527\" class=\"agency\">Jesusa Ricoy Olariaga, activista matriarcal y profesora de educaci\u00f3n perinatal. \/ VER\u00d3NICA P\u00c9REZ KARLESON<\/p>\n<\/div>\n<\/div>\n<p id=\"m533-7-534\"><b>Dolores Ruiz Berd\u00fan<\/b>, quien ejerci\u00f3 de matrona durante veinte a\u00f1os en la sanidad madrile\u00f1a, redunda en la misma idea. \u201cEn el momento en que la mujer entra en el hospital, parece que tienes que dejarte hacer y no puedes decidir. Antes la mujer eleg\u00eda la persona que la atend\u00eda y ahora, no\u201d, asegura la hoy profesora de Historia de la Ciencia en la Universidad de Alcal\u00e1 de Henares, quien no advierte m\u00e1s episodios de violencia obst\u00e9trica en pa\u00edses cat\u00f3licos como Italia, Grecia o Espa\u00f1a, un factor que Ricoy achaca al peso del machismo y la religi\u00f3n.<\/p>\n<p>\u201cLas episiotom\u00edas y las ces\u00e1reas son s\u00edntomas de una sociedad que tiene problemas de machismo, misoginia y patriarcado\u201d<\/p>\n<p id=\"m543-9-544\">\u201cNo creo que influya tanto la cuesti\u00f3n cultural o religiosa, como el hecho de que las sociedades sean igualitarias, pues consideran que las mujeres son ciudadanas de pleno derecho\u201d, a\u00f1ade Ruiz Berd\u00fan quien pone el ejemplo de Francia: \u201cSin esa tradici\u00f3n, la atenci\u00f3n al parto est\u00e1 casi peor que aqu\u00ed\u201d.<\/p>\n<h2 id=\"m548-10-549\" class=\"highlighted\">Ces\u00e1reas y partos inducidos<\/h2>\n<p id=\"m553-11-554\">Patricia fue sometida a una ces\u00e1rea despu\u00e9s de que le indujesen el parto, provocado seg\u00fan ella porque le rompieron la bolsa amni\u00f3tica tras practicarle la\u00a0<b>maniobra de Hamilton<\/b>. La operaci\u00f3n quir\u00fargica para extraer al beb\u00e9, pues, no estaba prevista, pero tuvo que llevarse a cabo porque no dilataba lo suficiente.<\/p>\n<p id=\"m558-12-559\">M\u00e1s all\u00e1 de su caso concreto, considera que se practican demasiadas. \u201cTodas lo sabemos: de mis trece compa\u00f1eras de clases de preparaci\u00f3n al parto \u2014al margen de la sanidad p\u00fablica\u2014, ocho fueron sometidas a ces\u00e1reas. Y no me refiero a que fueran programadas, sino de urgencias, por el motivo que fueran\u201d. Un informe publicado en\u00a0<i>The Lancet<\/i>\u00a0refleja que en nuestro pa\u00eds se llevan a cabo en uno de cada cuatro partos. En concreto, en el 26,6%, por encima del 10-15% recomendado, un porcentaje superado en Europa s\u00f3lo por Italia, Portugal y Alemania. Los datos, de 2015, incluyen las ces\u00e1reas llevadas a cabo en la sanidad p\u00fablica y en la privada.<\/p>\n<p id=\"m563-13-564\"><b>Patricia\u00a0<\/b>termin\u00f3 con una abertura en su abdomen para que pudiesen extraer al ni\u00f1o, pues la oxitocina no produjo el efecto deseado. En ese momento, no quedaba otra. As\u00ed, un nombre propio m\u00e1s pasaba a engrosar la an\u00f3nima estad\u00edstica. En 2015, el 29,8% de los partos en Extremadura fueron por ces\u00e1rea, seguida de la Comunitat Valenciana (29,7%), Catalunya (28,6%) y Ceuta y Melilla (28,5%), seg\u00fan datos del Movimiento Natural de la Poblaci\u00f3n difundidos por el Instituto Nacional de Estad\u00edstica. La lista, por comunidades aut\u00f3nomas, la cierra Euskadi (15,7%), Navarra (17,3%) y, a una apreciable distancia, Asturias (20,2%).<\/p>\n<p>Seg\u00fan la SEGO, las ces\u00e1reas programadas en la sanidad p\u00fablica se llevan a cabo en el 25% de los partos, mientras que en la privada suben al 45%<\/p>\n<p id=\"m573-15-574\">Ese mismo a\u00f1o, la Organizaci\u00f3n Mundial de la Salud (OMS) se\u00f1alaba que en el mundo se estaban practicando demasiadas ces\u00e1reas, ya que los nuevos estudios hab\u00edan revelado que \u201cel n\u00famero de muertes maternas y neonatales disminuye cuando dicha tasa se acerca al 10%, pero no hay pruebas de que las tasas de mortalidad mejoren cuando se supera esa cifra\u201d.<\/p>\n<p id=\"m578-16-579\">La recomendaci\u00f3n, pues, rebajaba en cinco puntos el tope m\u00e1ximo que hab\u00eda fijado desde 1985 la comunidad sanitaria internacional, se\u00f1alaba la\u00a0<b>OMS<\/b>\u00a0en un comunicado, donde advert\u00eda de sus inconvenientes. \u201cPuede ser necesaria cuando el parto vaginal suponga un riesgo para la madre o el ni\u00f1o \u2014por ejemplo: parto prolongado, sufrimiento fetal o presentaci\u00f3n an\u00f3mala\u2014. No obstante, tambi\u00e9n puede ser causa de complicaciones importantes, discapacidad y muerte, sobre todo en entornos que carecen de instalaciones\u201d adecuadas.<\/p>\n<p id=\"m583-17-584\">Espa\u00f1a, por tanto, supera con creces la recomendaci\u00f3n de la OMS, aunque el porcentaje se dispara en la sanidad privada (35%), a gran distancia de la p\u00fablica (22%), como ha denunciado\u00a0<b>El Parto es Nuestro<\/b>, que considera que en nuestro pa\u00eds se practican ces\u00e1reas a la carta o que no responden al bienestar de la parturienta y su prole. Hace dos a\u00f1os, publicaban el informe\u00a0<i>Nacer en horario laboral<\/i>, que b\u00e1sicamente se\u00f1alaba eso mismo: los nacimientos tienen lugar, sobre todo, de lunes a viernes.<\/p>\n<div id=\"m588-18-589\" class=\"captioned-image image-article article-multimedia-info\">\n<div class=\"image\">\n<div id=\"m592-591-593\" class=\"image\"><img decoding=\"async\" class=\"kalooga_15255\" src=\"https:\/\/www.publico.es\/files\/article_main\/\/files\/crop\/uploads\/2018\/10\/28\/5bd63f6de44f7.r_1540820680975.35-60-640-372.jpg\" alt=\"Campa\u00f1a de El Parto Es Nuestro contra la violencia obst\u00e9trica y la maniobra de Kristeller. \/ XIMENA SILVA\" \/><\/div>\n<\/div>\n<div class=\"description-overlay-image\">\n<p id=\"m598-1-599\" class=\"agency\">Campa\u00f1a de El Parto Es Nuestro contra la violencia obst\u00e9trica y la maniobra de Kristeller. \/ XIMENA SILVA<\/p>\n<\/div>\n<\/div>\n<p id=\"m605-19-606\">Tomando como referencia la Comunidad de Madrid, cuyos datos podr\u00edan ser extrapolables a otras regiones, la asociaci\u00f3n criticaba la planificaci\u00f3n de los partos por razones de agenda. Seg\u00fan datos del INE recogidos entre 1975 y 2010, era infrecuente nacer en un d\u00eda festivo y, especialmente, en fechas se\u00f1aladas como el 1 y el 6 de enero, el 15 de agosto, el 12 de octubre, y el 24 y 25 de diciembre.<\/p>\n<p id=\"m610-20-611\">\u201cEstas cifras indican que los partos son inducidos y que las ces\u00e1reas se programan por razones organizativas\u201d, asegura Elena Gil, quien explica por qu\u00e9 se practican m\u00e1s ces\u00e1reas en unos hospitales que en otros. \u201cEn la sanidad p\u00fablica, te atiende una matrona y en la privada, tu ginec\u00f3logo, quien suele programar el parto tanto por sus necesidades como por la confianza que ha generado con la embarazada\u201d.<\/p>\n<h2 id=\"m615-21-616\" class=\"highlighted\">Partos inducidos y ces\u00e1reas programadas<\/h2>\n<p id=\"m620-22-621\">La tasa de ces\u00e1reas en Espa\u00f1a, seg\u00fan la portavoz de El Parto es Nuestro, se mantiene estable y tiende a reducirse. \u201cEl caballo de batalla son las inducciones, porque no se deja que el embarazo siga su curso. De ese modo, se normaliza la inducci\u00f3n en la semana cuarenta \u2014cuando puede durar dos m\u00e1s\u2014, lo que implica el\u00a0<b>uso de f\u00f3rceps y ventosas<\/b>, al tiempo que resulta m\u00e1s complicado llevarlo a cabo sin anestesia epidural, con lo que eso conlleva\u201d.<\/p>\n<p id=\"m625-23-626\">La situaci\u00f3n, a su juicio, ha mejorado: \u201cHace quince a\u00f1os se escuchaban atenciones al parto que aterrorizaban\u201d, recuerda Gil. Por no hablar de cuando pari\u00f3 su madre, quien no guarda un especial recuerdo de su paso por una abarrotada sala de dilataci\u00f3n. \u201cEntonces, el llamado parto sin dolor consist\u00eda en que te dorm\u00edan y, cuando te despertaban, ten\u00edan al beb\u00e9 en brazos. De ese modo, se produc\u00eda una disociaci\u00f3n y una ruptura en el proceso de v\u00ednculo. Por supuesto que hemos avanzado, basta pensar en los casos de beb\u00e9s robados, que se llevaban a cabo en esas circunstancias\u201d.<\/p>\n<p>\u201cLa episiotom\u00eda provoca en general secuelas a las mujeres, quienes tienen problemas sobre todo en el posparto: pueden sufrir dolores durante el coito, incontinencia urinaria e incluso fecal\u201d, seg\u00fan Elena Gil (El Parto es Nuestro)<\/p>\n<p id=\"m635-25-636\"><b>Juan Luis Delgado<\/b>, presidente de la secci\u00f3n de Medicina Perinatal de la Sociedad Espa\u00f1ola de Ginecolog\u00eda y Obstetricia (<a href=\"https:\/\/sego.es\/\" target=\"_blank\" rel=\"noopener\">SEGO<\/a>), deja claro que actualmente la maniobra de Kristeller no est\u00e1 indicada, pues fuerza el suelo p\u00e9lvico y carece de sentido practicarla. \u201cCuando la mujer est\u00e1 agotada, hay que ayudarla presionando el fondo del \u00fatero para corregir la posici\u00f3n del beb\u00e9 y enderezarlo. Ahora bien, rechazamos de plano que un profesional se suba encima de ella para empujar con fuerza, pues aumenta la posibilidad de desgarro uterino y la rotura de v\u00edsceras\u201d.<\/p>\n<p id=\"m640-26-641\">En cuanto a las\u00a0<b>ces\u00e1reas programadas<\/b>, explica que conviene distinguir entre la asistencia p\u00fablica y la privada, pues estima que mientras que en los primeros hospitales se llevan a cabo en el 20-25% de los partos, en los segundos pueden llegar a alcanzar el 45%. \u201cEn este contexto, la paciente es el centro de la asistencia y prima su autonom\u00eda, pero la propia mujer piensa que la ces\u00e1rea le va a garantizar la seguridad y que con la operaci\u00f3n todo ir\u00e1 bien\u201d, explica el coordinador de la Unidad de Medicina Fetal del Hospital Virgen de la Arrixaca (Murcia).<\/p>\n<p id=\"m645-27-646\">\u201cEntonces se produce un choque entre la decisi\u00f3n y la evidencia cient\u00edfica, pues la ces\u00e1rea no garantiza el bienestar del feto y tiene unas secuelas a corto plazo para la madre\u201d, advierte Delgado, quien saca a colaci\u00f3n una de las razones del aumento de las ces\u00e1reas: el incremento de demandas a los profesionales: \u201cLas pacientes no asumen ninguna adversidad que pueda producirse en el paritorio \u2014porque puede haber problemas no achacables a la asistencia al parto\u2014 y buscan a un culpable, lo que genera una tensi\u00f3n en el gremio y, consecuentemente, un aumento de la tasa de ces\u00e1reas\u201d. Es decir, el especialista en Medicina Perinatal achaca muchas operaciones quir\u00fargicas \u201ca la presi\u00f3n de la paciente y a la aplicaci\u00f3n de una medicina defensiva\u201d.<\/p>\n<h2 id=\"m650-28-651\" class=\"highlighted\">Cortar por lo sano: las episiotom\u00edas<\/h2>\n<p id=\"m655-29-656\">Elena Gil se muestra optimista respecto a la episiotom\u00eda: \u201cCuando escucho a nuestras madres, alucino, porque antes era una pr\u00e1ctica generalizada, si bien se han reducido dr\u00e1sticamente. Del 90% hemos pasado a un 40%, una tasa que sigue siendo alta, aunque supone un avance importante\u201d. Juan Luis Delgado, quien antes distingu\u00eda entre los centros m\u00e9dicos p\u00fablicos y privados, tambi\u00e9n discrimina los centros m\u00e9dicos por su tama\u00f1o. \u201cEn los hospitales m\u00e1s grandes, hay menos episiotom\u00edas<b>\u00a0<\/b>y ces\u00e1reas, mas no se puede generalizar. En todo caso, los resultados son mejores porque hay m\u00e1s servicios y mayores equipos\u201d.<\/p>\n<div id=\"m660-30-661\" class=\"captioned-image image-article article-multimedia-info\">\n<div class=\"image\">\n<div id=\"m664-663-665\" class=\"image\"><img decoding=\"async\" class=\"kalooga_15255\" src=\"https:\/\/www.publico.es\/files\/article_main\/uploads\/2018\/10\/28\/5bd63e7d0d2a9.jpg\" alt=\"Juan Luis Delgado y Dolores Ruiz Berd\u00fan.\" \/><\/p>\n<div class=\"kalooga_SVG kalooga_richbutton\">\u00a0Juan Luis Delgado y Dolores Ruiz Berd\u00fan.<\/div>\n<\/div>\n<\/div>\n<\/div>\n<p id=\"m677-31-678\">La portavoz de El Parto es Nuestro insiste en la idea de que \u201clos ginec\u00f3logos intervienen como si el parto fuese un problema, mientras que las matronas tienen una visi\u00f3n m\u00e1s fisiol\u00f3gica del parto, si bien es verdad que la situaci\u00f3n est\u00e1 cambiando\u201d. Ricoy, la activista matriarcal, considera que la intervenci\u00f3n es excesiva y se produce, incluso, con el visto bueno de las parturientas: \u201cLos m\u00e9dicos cuentan con el benepl\u00e1cito de muchas de nosotras por una cuesti\u00f3n educativa y cultural:\u00a0<i>Me han salvado<\/i>, piensan. La complicidad existente es terrible\u201d.<\/p>\n<p>Patricia, v\u00edctima de un parto inducido y una ces\u00e1rea: \u201cCuando hay un nacimiento, para los m\u00e9dicos lo \u00fanico importante es que el beb\u00e9 y la mam\u00e1 est\u00e9n vivos, quit\u00e1ndole hierro a las secuelas\u00bb<\/p>\n<p id=\"m687-33-688\">Las secuelas de una episiotom\u00eda pueden ser f\u00edsicas, mas tambi\u00e9n psicol\u00f3gicas. \u201cLas mujeres, en general, tienen problemas, pero el abanico de la gravedad es amplio y su tiempo var\u00eda. Sobre todo en el posparto, pueden sufrir dolores durante el coito [dispareunia o coitalgia] e\u00a0<b>incontinencia urinaria<\/b>\u00a0e, incluso, fecal\u201d, detalla Elena Gil, quien se\u00f1ala que esos casos requieren la intervenci\u00f3n de fisioterapeutas y la aplicaci\u00f3n de otros tratamientos.<\/p>\n<p id=\"m692-34-693\">\u201cEn cambio, si no es muy importante, como no incapacita a ojos de la sociedad, no pasa nada. La mujer debe asumirlo, porque es el precio o el peaje a pagar por tener un beb\u00e9\u201d. Ricoy \u2014quien no acostumbra a hablar de parto natural, sino de parto fisiol\u00f3gico\u2014 tambi\u00e9n carga contra las parejas que miran hacia otro lado: \u201cHe visto a maridos que intentaban acallar las quejas de su pareja, como la imposibilidad de practicar sexo, argumentando razones del tipo:\u00a0<i>Pero el beb\u00e9 est\u00e1 muy bien, \u00bfverdad?<\/i>\u201d.<\/p>\n<p id=\"m697-35-698\">Juan Luis Delgado asegura que se practican las episiotom\u00edas estrictamente indispensables. \u201cCuando nos ayudamos con ventosas o f\u00f3rceps, la episiotom\u00eda sistem\u00e1tica no es necesaria. No hay que acelerar los tiempos, ni forzar el parto, ni hacer maniobras intempestivas. \u00c9sa es la tendencia actual, porque a veces el corte es un factor predisponente para el desgarro\u201d. El presidente de la secci\u00f3n de Medicina Perinatal de\u00a0<b>SEGO<\/b>\u00a0lo tiene claro: \u201cHay que explorarla continuamente y dejar que evolucione. S\u00f3lo debe practicarse cuando sea necesario, por ejemplo cuando haya una barrera que impida que el ni\u00f1o salga con normalidad. El problema es que a veces no queda otra soluci\u00f3n, si bien no hay tanta incidencia: son excepcionales\u201d.<\/p>\n<p id=\"m702-36-703\">Patricia, la embarazada que fue sometida a una ces\u00e1rea despu\u00e9s de que supuestamente le indujesen el parto con la maniobra de Hamilton, cree que la sociedad ignora el sufrimiento de muchas mujeres. \u201cLa\u00a0<b>violencia obst\u00e9trica\u00a0<\/b>est\u00e1 muy arraigada y naturalizada. Aunque todos hemos o\u00eddo casos a familiares o amigas, muchos lo ven como algo normal y necesario\u201d, opina. \u201cCuando hay un nacimiento, para ellos lo \u00fanico importante es que el beb\u00e9 y la mam\u00e1 est\u00e9n vivos, quit\u00e1ndole hierro al resto de detalles, \u00a1c\u00f3mo si as\u00ed ayudar\u00e1n!\u201d, se queja. \u201cNo le dan importancia a las secuelas que ese hecho va producir en la vida de la mujer \u2014y que, en la mayor\u00eda de los casos, va a vivir en silencio \u2014, ni tampoco a los efectos negativos que esos actos pueden producir en el beb\u00e9, a corto o largo plazo\u201d.<\/p>\n<p id=\"m707-37-708\">Delgado, en cambio, opta por la prudencia. Entiende, por ejemplo, que la incontinencia no tiene por qu\u00e9 ver con la\u00a0<b>episiotom\u00eda<\/b>, pues a su juicio intervienen otros factores: el propio proceso del embarazo, el tama\u00f1o del beb\u00e9 e incluso un desgarro natural causado por la lesi\u00f3n de alg\u00fan m\u00fasculo que sostiene la pelvis.<\/p>\n<p>Jesusa Ricoy: \u201cEl discurso que rechaza la violencia obst\u00e9trica me recuerda al de la violaci\u00f3n, porque hay mujeres que se sienten violadas en el parto\u201d<\/p>\n<p id=\"m717-39-718\">\u201cNos duele e incluso nos repugna esa terminolog\u00eda. Denominarla violencia obst\u00e9trica es absolutamente confrontacionista y creemos que no se pueden llevar las cosas a ese extremo\u201d, afirma el miembro de la Sociedad Espa\u00f1ola de Ginecolog\u00eda y Obstetricia. \u201cSi una mujer tiene secuelas por una episiotom\u00eda, habr\u00e1 que analizar si \u00e9sa ha sido verdaderamente la causa\u201d.<\/p>\n<p id=\"m722-40-723\">El coordinador de la Unidad de Medicina Fetal del Hospital Virgen de la Arrixaca (Murcia) insiste en que los profesionales persiguen el bienestar de la madre, por lo que considera \u201cagresivos\u201d algunos comentarios al respecto de las defensoras de los\u00a0<b>derechos sexuales y reproductivos<\/b>. Sin embargo, la\u00a0<a href=\"https:\/\/www.matriactivist.com\/\" target=\"_blank\" rel=\"noopener\">matriactivista<\/a>\u00a0Jesusa Ricoy minimiza el enfado de los profesionales: \u201cNo me importa lo que les parezca a los ginec\u00f3logos, sino lo que sienten las madres\u201d. Y no duda en ir m\u00e1s all\u00e1: \u201cEse discurso respecto a la violencia obst\u00e9trica me recuerda al de la violaci\u00f3n, porque hay mujeres que se sienten violadas en una sala de partos. Si tanto respetas tu profesi\u00f3n, empieza a preguntarte por qu\u00e9 es as\u00ed\u201d.<\/p>\n<\/div>\n<\/div>\n<p>&nbsp;<br \/>\nFuente: Enrique Stola v\u00eda Twitter<br \/>\npublicado en <a href=\"https:\/\/www.publico.es\/sociedad\/violencia-obstetrica-practicas-agresivas-mujeres-parto.html\">P\u00fablico<\/a><\/p>\n","protected":false},"excerpt":{"rendered":"<p>Episiotom\u00edas, ces\u00e1reas programadas, partos inducidos, maniobras bruscas, t\u00e9cnicas invasivas\u2026 Activistas y asociaciones denuncian que la sociedad patriarcal tambi\u00e9n maltrata a las mujeres cuando dan a luz. Esta es la primera entrega de cuatro art\u00edculos sobre el tema que no pretende cuestionar la labor vital de los profesionales de la sanidad p\u00fablica, representados a trav\u00e9s de [&hellip;]<\/p>\n","protected":false},"author":1,"featured_media":29657,"comment_status":"closed","ping_status":"closed","sticky":false,"template":"","format":"standard","meta":{"iawp_total_views":8,"footnotes":""},"categories":[580],"tags":[53,47],"class_list":["post-29656","post","type-post","status-publish","format-standard","has-post-thumbnail","hentry","category-resistencia-verdevioleta","tag-derechos-de-las-mujeres","tag-violencia-obstetrica"],"nelio_content":{"autoShareEndMode":"never","automationSources":{"useCustomSentences":false,"customSentences":[]},"efiAlt":"","efiUrl":"","followers":[],"highlights":[],"isAutoShareEnabled":true,"networkImageIds":[],"permalinkQueryArgs":[],"series":[],"suggestedReferences":[]},"yoast_head":"<!-- This site is optimized with the Yoast SEO plugin v27.5 - https:\/\/yoast.com\/product\/yoast-seo-wordpress\/ -->\n<title>Violencia obst\u00e9trica: las pr\u00e1cticas agresivas que sufren las mujeres en el parto - Diario Digital Femenino<\/title>\n<meta name=\"robots\" content=\"index, follow, max-snippet:-1, max-image-preview:large, max-video-preview:-1\" \/>\n<link rel=\"canonical\" href=\"https:\/\/diariofemenino.com.ar\/df\/violencia-obstetrica-las-practicas-agresivas-que-sufren-las-mujeres-en-el-parto\/\" \/>\n<meta property=\"og:locale\" content=\"es_ES\" \/>\n<meta property=\"og:type\" content=\"article\" \/>\n<meta property=\"og:title\" content=\"Violencia obst\u00e9trica: las pr\u00e1cticas agresivas que sufren las mujeres en el parto - Diario Digital Femenino\" \/>\n<meta property=\"og:description\" content=\"Episiotom\u00edas, ces\u00e1reas programadas, partos inducidos, maniobras bruscas, t\u00e9cnicas invasivas\u2026 Activistas y asociaciones denuncian que la sociedad patriarcal tambi\u00e9n maltrata a las mujeres cuando dan a luz. Esta es la primera entrega de cuatro art\u00edculos sobre el tema que no pretende cuestionar la labor vital de los profesionales de la sanidad p\u00fablica, representados a trav\u00e9s de [&hellip;]\" \/>\n<meta property=\"og:url\" content=\"https:\/\/diariofemenino.com.ar\/df\/violencia-obstetrica-las-practicas-agresivas-que-sufren-las-mujeres-en-el-parto\/\" \/>\n<meta property=\"og:site_name\" content=\"Diario Digital Femenino\" \/>\n<meta property=\"article:publisher\" content=\"https:\/\/www.facebook.com\/DiarioDigitaFemenino\/\" \/>\n<meta property=\"article:published_time\" content=\"2018-10-29T15:41:07+00:00\" \/>\n<meta property=\"og:image\" content=\"https:\/\/diariofemenino.com.ar\/df\/wp-content\/uploads\/2018\/10\/5bd6210753216.jpg\" \/>\n\t<meta property=\"og:image:width\" content=\"660\" \/>\n\t<meta property=\"og:image:height\" content=\"340\" \/>\n\t<meta property=\"og:image:type\" content=\"image\/jpeg\" \/>\n<meta name=\"author\" content=\"Admin\" \/>\n<meta name=\"twitter:card\" content=\"summary_large_image\" \/>\n<meta name=\"twitter:creator\" content=\"@DiarioFemenino1\" \/>\n<meta name=\"twitter:site\" content=\"@DiarioFemenino1\" \/>\n<meta name=\"twitter:label1\" content=\"Escrito por\" \/>\n\t<meta name=\"twitter:data1\" content=\"Admin\" \/>\n\t<meta name=\"twitter:label2\" content=\"Tiempo de lectura\" \/>\n\t<meta name=\"twitter:data2\" content=\"16 minutos\" \/>\n<script type=\"application\/ld+json\" class=\"yoast-schema-graph\">{\"@context\":\"https:\\\/\\\/schema.org\",\"@graph\":[{\"@type\":\"Article\",\"@id\":\"https:\\\/\\\/diariofemenino.com.ar\\\/df\\\/violencia-obstetrica-las-practicas-agresivas-que-sufren-las-mujeres-en-el-parto\\\/#article\",\"isPartOf\":{\"@id\":\"https:\\\/\\\/diariofemenino.com.ar\\\/df\\\/violencia-obstetrica-las-practicas-agresivas-que-sufren-las-mujeres-en-el-parto\\\/\"},\"author\":{\"name\":\"Admin\",\"@id\":\"https:\\\/\\\/diariofemenino.com.ar\\\/df\\\/#\\\/schema\\\/person\\\/38f54b3bfd13f561de2460ba95c169c6\"},\"headline\":\"Violencia obst\u00e9trica: las pr\u00e1cticas agresivas que sufren las mujeres en el parto\",\"datePublished\":\"2018-10-29T15:41:07+00:00\",\"mainEntityOfPage\":{\"@id\":\"https:\\\/\\\/diariofemenino.com.ar\\\/df\\\/violencia-obstetrica-las-practicas-agresivas-que-sufren-las-mujeres-en-el-parto\\\/\"},\"wordCount\":3165,\"publisher\":{\"@id\":\"https:\\\/\\\/diariofemenino.com.ar\\\/df\\\/#organization\"},\"image\":{\"@id\":\"https:\\\/\\\/diariofemenino.com.ar\\\/df\\\/violencia-obstetrica-las-practicas-agresivas-que-sufren-las-mujeres-en-el-parto\\\/#primaryimage\"},\"thumbnailUrl\":\"https:\\\/\\\/diariofemenino.com.ar\\\/df\\\/wp-content\\\/uploads\\\/2018\\\/10\\\/5bd6210753216.jpg\",\"keywords\":[\"Derechos de las mujeres\",\"Violencia obst\u00e9trica\"],\"articleSection\":[\"Resistencia VerdeVioleta\"],\"inLanguage\":\"es\"},{\"@type\":\"WebPage\",\"@id\":\"https:\\\/\\\/diariofemenino.com.ar\\\/df\\\/violencia-obstetrica-las-practicas-agresivas-que-sufren-las-mujeres-en-el-parto\\\/\",\"url\":\"https:\\\/\\\/diariofemenino.com.ar\\\/df\\\/violencia-obstetrica-las-practicas-agresivas-que-sufren-las-mujeres-en-el-parto\\\/\",\"name\":\"Violencia obst\u00e9trica: las pr\u00e1cticas agresivas que sufren las mujeres en el parto - Diario Digital Femenino\",\"isPartOf\":{\"@id\":\"https:\\\/\\\/diariofemenino.com.ar\\\/df\\\/#website\"},\"primaryImageOfPage\":{\"@id\":\"https:\\\/\\\/diariofemenino.com.ar\\\/df\\\/violencia-obstetrica-las-practicas-agresivas-que-sufren-las-mujeres-en-el-parto\\\/#primaryimage\"},\"image\":{\"@id\":\"https:\\\/\\\/diariofemenino.com.ar\\\/df\\\/violencia-obstetrica-las-practicas-agresivas-que-sufren-las-mujeres-en-el-parto\\\/#primaryimage\"},\"thumbnailUrl\":\"https:\\\/\\\/diariofemenino.com.ar\\\/df\\\/wp-content\\\/uploads\\\/2018\\\/10\\\/5bd6210753216.jpg\",\"datePublished\":\"2018-10-29T15:41:07+00:00\",\"breadcrumb\":{\"@id\":\"https:\\\/\\\/diariofemenino.com.ar\\\/df\\\/violencia-obstetrica-las-practicas-agresivas-que-sufren-las-mujeres-en-el-parto\\\/#breadcrumb\"},\"inLanguage\":\"es\",\"potentialAction\":[{\"@type\":\"ReadAction\",\"target\":[\"https:\\\/\\\/diariofemenino.com.ar\\\/df\\\/violencia-obstetrica-las-practicas-agresivas-que-sufren-las-mujeres-en-el-parto\\\/\"]}]},{\"@type\":\"ImageObject\",\"inLanguage\":\"es\",\"@id\":\"https:\\\/\\\/diariofemenino.com.ar\\\/df\\\/violencia-obstetrica-las-practicas-agresivas-que-sufren-las-mujeres-en-el-parto\\\/#primaryimage\",\"url\":\"https:\\\/\\\/diariofemenino.com.ar\\\/df\\\/wp-content\\\/uploads\\\/2018\\\/10\\\/5bd6210753216.jpg\",\"contentUrl\":\"https:\\\/\\\/diariofemenino.com.ar\\\/df\\\/wp-content\\\/uploads\\\/2018\\\/10\\\/5bd6210753216.jpg\",\"width\":660,\"height\":340},{\"@type\":\"BreadcrumbList\",\"@id\":\"https:\\\/\\\/diariofemenino.com.ar\\\/df\\\/violencia-obstetrica-las-practicas-agresivas-que-sufren-las-mujeres-en-el-parto\\\/#breadcrumb\",\"itemListElement\":[{\"@type\":\"ListItem\",\"position\":1,\"name\":\"Portada\",\"item\":\"https:\\\/\\\/diariofemenino.com.ar\\\/df\\\/\"},{\"@type\":\"ListItem\",\"position\":2,\"name\":\"Violencia obst\u00e9trica: las pr\u00e1cticas agresivas que sufren las mujeres en el parto\"}]},{\"@type\":\"WebSite\",\"@id\":\"https:\\\/\\\/diariofemenino.com.ar\\\/df\\\/#website\",\"url\":\"https:\\\/\\\/diariofemenino.com.ar\\\/df\\\/\",\"name\":\"Diario Digital Femenino\",\"description\":\"Cuesti\u00f3n de G\u00e9nero\",\"publisher\":{\"@id\":\"https:\\\/\\\/diariofemenino.com.ar\\\/df\\\/#organization\"},\"potentialAction\":[{\"@type\":\"SearchAction\",\"target\":{\"@type\":\"EntryPoint\",\"urlTemplate\":\"https:\\\/\\\/diariofemenino.com.ar\\\/df\\\/?s={search_term_string}\"},\"query-input\":{\"@type\":\"PropertyValueSpecification\",\"valueRequired\":true,\"valueName\":\"search_term_string\"}}],\"inLanguage\":\"es\"},{\"@type\":\"Organization\",\"@id\":\"https:\\\/\\\/diariofemenino.com.ar\\\/df\\\/#organization\",\"name\":\"Diario Femenino\",\"url\":\"https:\\\/\\\/diariofemenino.com.ar\\\/df\\\/\",\"logo\":{\"@type\":\"ImageObject\",\"inLanguage\":\"es\",\"@id\":\"https:\\\/\\\/diariofemenino.com.ar\\\/df\\\/#\\\/schema\\\/logo\\\/image\\\/\",\"url\":\"https:\\\/\\\/diariofemenino.com.ar\\\/df\\\/wp-content\\\/uploads\\\/2018\\\/10\\\/logo.png\",\"contentUrl\":\"https:\\\/\\\/diariofemenino.com.ar\\\/df\\\/wp-content\\\/uploads\\\/2018\\\/10\\\/logo.png\",\"width\":500,\"height\":92,\"caption\":\"Diario Femenino\"},\"image\":{\"@id\":\"https:\\\/\\\/diariofemenino.com.ar\\\/df\\\/#\\\/schema\\\/logo\\\/image\\\/\"},\"sameAs\":[\"https:\\\/\\\/www.facebook.com\\\/DiarioDigitaFemenino\\\/\",\"https:\\\/\\\/x.com\\\/DiarioFemenino1\"]},{\"@type\":\"Person\",\"@id\":\"https:\\\/\\\/diariofemenino.com.ar\\\/df\\\/#\\\/schema\\\/person\\\/38f54b3bfd13f561de2460ba95c169c6\",\"name\":\"Admin\",\"image\":{\"@type\":\"ImageObject\",\"inLanguage\":\"es\",\"@id\":\"https:\\\/\\\/diariofemenino.com.ar\\\/df\\\/wp-content\\\/uploads\\\/2018\\\/12\\\/favicon-150x150.jpg\",\"url\":\"https:\\\/\\\/diariofemenino.com.ar\\\/df\\\/wp-content\\\/uploads\\\/2018\\\/12\\\/favicon-150x150.jpg\",\"contentUrl\":\"https:\\\/\\\/diariofemenino.com.ar\\\/df\\\/wp-content\\\/uploads\\\/2018\\\/12\\\/favicon-150x150.jpg\",\"caption\":\"Admin\"},\"url\":\"https:\\\/\\\/diariofemenino.com.ar\\\/df\\\/author\\\/adm18df\\\/\"}]}<\/script>\n<!-- \/ Yoast SEO plugin. -->","yoast_head_json":{"title":"Violencia obst\u00e9trica: las pr\u00e1cticas agresivas que sufren las mujeres en el parto - Diario Digital Femenino","robots":{"index":"index","follow":"follow","max-snippet":"max-snippet:-1","max-image-preview":"max-image-preview:large","max-video-preview":"max-video-preview:-1"},"canonical":"https:\/\/diariofemenino.com.ar\/df\/violencia-obstetrica-las-practicas-agresivas-que-sufren-las-mujeres-en-el-parto\/","og_locale":"es_ES","og_type":"article","og_title":"Violencia obst\u00e9trica: las pr\u00e1cticas agresivas que sufren las mujeres en el parto - Diario Digital Femenino","og_description":"Episiotom\u00edas, ces\u00e1reas programadas, partos inducidos, maniobras bruscas, t\u00e9cnicas invasivas\u2026 Activistas y asociaciones denuncian que la sociedad patriarcal tambi\u00e9n maltrata a las mujeres cuando dan a luz. Esta es la primera entrega de cuatro art\u00edculos sobre el tema que no pretende cuestionar la labor vital de los profesionales de la sanidad p\u00fablica, representados a trav\u00e9s de [&hellip;]","og_url":"https:\/\/diariofemenino.com.ar\/df\/violencia-obstetrica-las-practicas-agresivas-que-sufren-las-mujeres-en-el-parto\/","og_site_name":"Diario Digital Femenino","article_publisher":"https:\/\/www.facebook.com\/DiarioDigitaFemenino\/","article_published_time":"2018-10-29T15:41:07+00:00","og_image":[{"width":660,"height":340,"url":"https:\/\/diariofemenino.com.ar\/df\/wp-content\/uploads\/2018\/10\/5bd6210753216.jpg","type":"image\/jpeg"}],"author":"Admin","twitter_card":"summary_large_image","twitter_creator":"@DiarioFemenino1","twitter_site":"@DiarioFemenino1","twitter_misc":{"Escrito por":"Admin","Tiempo de lectura":"16 minutos"},"schema":{"@context":"https:\/\/schema.org","@graph":[{"@type":"Article","@id":"https:\/\/diariofemenino.com.ar\/df\/violencia-obstetrica-las-practicas-agresivas-que-sufren-las-mujeres-en-el-parto\/#article","isPartOf":{"@id":"https:\/\/diariofemenino.com.ar\/df\/violencia-obstetrica-las-practicas-agresivas-que-sufren-las-mujeres-en-el-parto\/"},"author":{"name":"Admin","@id":"https:\/\/diariofemenino.com.ar\/df\/#\/schema\/person\/38f54b3bfd13f561de2460ba95c169c6"},"headline":"Violencia obst\u00e9trica: las pr\u00e1cticas agresivas que sufren las mujeres en el parto","datePublished":"2018-10-29T15:41:07+00:00","mainEntityOfPage":{"@id":"https:\/\/diariofemenino.com.ar\/df\/violencia-obstetrica-las-practicas-agresivas-que-sufren-las-mujeres-en-el-parto\/"},"wordCount":3165,"publisher":{"@id":"https:\/\/diariofemenino.com.ar\/df\/#organization"},"image":{"@id":"https:\/\/diariofemenino.com.ar\/df\/violencia-obstetrica-las-practicas-agresivas-que-sufren-las-mujeres-en-el-parto\/#primaryimage"},"thumbnailUrl":"https:\/\/diariofemenino.com.ar\/df\/wp-content\/uploads\/2018\/10\/5bd6210753216.jpg","keywords":["Derechos de las mujeres","Violencia obst\u00e9trica"],"articleSection":["Resistencia VerdeVioleta"],"inLanguage":"es"},{"@type":"WebPage","@id":"https:\/\/diariofemenino.com.ar\/df\/violencia-obstetrica-las-practicas-agresivas-que-sufren-las-mujeres-en-el-parto\/","url":"https:\/\/diariofemenino.com.ar\/df\/violencia-obstetrica-las-practicas-agresivas-que-sufren-las-mujeres-en-el-parto\/","name":"Violencia obst\u00e9trica: las pr\u00e1cticas agresivas que sufren las mujeres en el parto - Diario Digital Femenino","isPartOf":{"@id":"https:\/\/diariofemenino.com.ar\/df\/#website"},"primaryImageOfPage":{"@id":"https:\/\/diariofemenino.com.ar\/df\/violencia-obstetrica-las-practicas-agresivas-que-sufren-las-mujeres-en-el-parto\/#primaryimage"},"image":{"@id":"https:\/\/diariofemenino.com.ar\/df\/violencia-obstetrica-las-practicas-agresivas-que-sufren-las-mujeres-en-el-parto\/#primaryimage"},"thumbnailUrl":"https:\/\/diariofemenino.com.ar\/df\/wp-content\/uploads\/2018\/10\/5bd6210753216.jpg","datePublished":"2018-10-29T15:41:07+00:00","breadcrumb":{"@id":"https:\/\/diariofemenino.com.ar\/df\/violencia-obstetrica-las-practicas-agresivas-que-sufren-las-mujeres-en-el-parto\/#breadcrumb"},"inLanguage":"es","potentialAction":[{"@type":"ReadAction","target":["https:\/\/diariofemenino.com.ar\/df\/violencia-obstetrica-las-practicas-agresivas-que-sufren-las-mujeres-en-el-parto\/"]}]},{"@type":"ImageObject","inLanguage":"es","@id":"https:\/\/diariofemenino.com.ar\/df\/violencia-obstetrica-las-practicas-agresivas-que-sufren-las-mujeres-en-el-parto\/#primaryimage","url":"https:\/\/diariofemenino.com.ar\/df\/wp-content\/uploads\/2018\/10\/5bd6210753216.jpg","contentUrl":"https:\/\/diariofemenino.com.ar\/df\/wp-content\/uploads\/2018\/10\/5bd6210753216.jpg","width":660,"height":340},{"@type":"BreadcrumbList","@id":"https:\/\/diariofemenino.com.ar\/df\/violencia-obstetrica-las-practicas-agresivas-que-sufren-las-mujeres-en-el-parto\/#breadcrumb","itemListElement":[{"@type":"ListItem","position":1,"name":"Portada","item":"https:\/\/diariofemenino.com.ar\/df\/"},{"@type":"ListItem","position":2,"name":"Violencia obst\u00e9trica: las pr\u00e1cticas agresivas que sufren las mujeres en el parto"}]},{"@type":"WebSite","@id":"https:\/\/diariofemenino.com.ar\/df\/#website","url":"https:\/\/diariofemenino.com.ar\/df\/","name":"Diario Digital Femenino","description":"Cuesti\u00f3n de G\u00e9nero","publisher":{"@id":"https:\/\/diariofemenino.com.ar\/df\/#organization"},"potentialAction":[{"@type":"SearchAction","target":{"@type":"EntryPoint","urlTemplate":"https:\/\/diariofemenino.com.ar\/df\/?s={search_term_string}"},"query-input":{"@type":"PropertyValueSpecification","valueRequired":true,"valueName":"search_term_string"}}],"inLanguage":"es"},{"@type":"Organization","@id":"https:\/\/diariofemenino.com.ar\/df\/#organization","name":"Diario Femenino","url":"https:\/\/diariofemenino.com.ar\/df\/","logo":{"@type":"ImageObject","inLanguage":"es","@id":"https:\/\/diariofemenino.com.ar\/df\/#\/schema\/logo\/image\/","url":"https:\/\/diariofemenino.com.ar\/df\/wp-content\/uploads\/2018\/10\/logo.png","contentUrl":"https:\/\/diariofemenino.com.ar\/df\/wp-content\/uploads\/2018\/10\/logo.png","width":500,"height":92,"caption":"Diario Femenino"},"image":{"@id":"https:\/\/diariofemenino.com.ar\/df\/#\/schema\/logo\/image\/"},"sameAs":["https:\/\/www.facebook.com\/DiarioDigitaFemenino\/","https:\/\/x.com\/DiarioFemenino1"]},{"@type":"Person","@id":"https:\/\/diariofemenino.com.ar\/df\/#\/schema\/person\/38f54b3bfd13f561de2460ba95c169c6","name":"Admin","image":{"@type":"ImageObject","inLanguage":"es","@id":"https:\/\/diariofemenino.com.ar\/df\/wp-content\/uploads\/2018\/12\/favicon-150x150.jpg","url":"https:\/\/diariofemenino.com.ar\/df\/wp-content\/uploads\/2018\/12\/favicon-150x150.jpg","contentUrl":"https:\/\/diariofemenino.com.ar\/df\/wp-content\/uploads\/2018\/12\/favicon-150x150.jpg","caption":"Admin"},"url":"https:\/\/diariofemenino.com.ar\/df\/author\/adm18df\/"}]}},"jetpack_featured_media_url":"https:\/\/diariofemenino.com.ar\/df\/wp-content\/uploads\/2018\/10\/5bd6210753216.jpg","jetpack_sharing_enabled":true,"rttpg_featured_image_url":{"full":["https:\/\/diariofemenino.com.ar\/df\/wp-content\/uploads\/2018\/10\/5bd6210753216.jpg",660,340,false],"landscape":["https:\/\/diariofemenino.com.ar\/df\/wp-content\/uploads\/2018\/10\/5bd6210753216.jpg",660,340,false],"portraits":["https:\/\/diariofemenino.com.ar\/df\/wp-content\/uploads\/2018\/10\/5bd6210753216.jpg",660,340,false],"thumbnail":["https:\/\/diariofemenino.com.ar\/df\/wp-content\/uploads\/2018\/10\/5bd6210753216-150x150.jpg",150,150,true],"medium":["https:\/\/diariofemenino.com.ar\/df\/wp-content\/uploads\/2018\/10\/5bd6210753216-300x155.jpg",300,155,true],"large":["https:\/\/diariofemenino.com.ar\/df\/wp-content\/uploads\/2018\/10\/5bd6210753216.jpg",660,340,false],"1536x1536":["https:\/\/diariofemenino.com.ar\/df\/wp-content\/uploads\/2018\/10\/5bd6210753216.jpg",660,340,false],"2048x2048":["https:\/\/diariofemenino.com.ar\/df\/wp-content\/uploads\/2018\/10\/5bd6210753216.jpg",660,340,false]},"rttpg_author":{"display_name":"Admin","author_link":"https:\/\/diariofemenino.com.ar\/df\/author\/adm18df\/"},"rttpg_comment":0,"rttpg_category":"<a href=\"https:\/\/diariofemenino.com.ar\/df\/category\/resistencia-verdevioleta\/\" rel=\"category tag\">Resistencia VerdeVioleta<\/a>","rttpg_excerpt":"Episiotom\u00edas, ces\u00e1reas programadas, partos inducidos, maniobras bruscas, t\u00e9cnicas invasivas\u2026 Activistas y asociaciones denuncian que la sociedad patriarcal tambi\u00e9n maltrata a las mujeres cuando dan a luz. Esta es la primera entrega de cuatro art\u00edculos sobre el tema que no pretende cuestionar la labor vital de los profesionales de la sanidad p\u00fablica, representados a trav\u00e9s de&hellip;","_links":{"self":[{"href":"https:\/\/diariofemenino.com.ar\/df\/wp-json\/wp\/v2\/posts\/29656","targetHints":{"allow":["GET"]}}],"collection":[{"href":"https:\/\/diariofemenino.com.ar\/df\/wp-json\/wp\/v2\/posts"}],"about":[{"href":"https:\/\/diariofemenino.com.ar\/df\/wp-json\/wp\/v2\/types\/post"}],"author":[{"embeddable":true,"href":"https:\/\/diariofemenino.com.ar\/df\/wp-json\/wp\/v2\/users\/1"}],"replies":[{"embeddable":true,"href":"https:\/\/diariofemenino.com.ar\/df\/wp-json\/wp\/v2\/comments?post=29656"}],"version-history":[{"count":0,"href":"https:\/\/diariofemenino.com.ar\/df\/wp-json\/wp\/v2\/posts\/29656\/revisions"}],"wp:featuredmedia":[{"embeddable":true,"href":"https:\/\/diariofemenino.com.ar\/df\/wp-json\/wp\/v2\/media\/29657"}],"wp:attachment":[{"href":"https:\/\/diariofemenino.com.ar\/df\/wp-json\/wp\/v2\/media?parent=29656"}],"wp:term":[{"taxonomy":"category","embeddable":true,"href":"https:\/\/diariofemenino.com.ar\/df\/wp-json\/wp\/v2\/categories?post=29656"},{"taxonomy":"post_tag","embeddable":true,"href":"https:\/\/diariofemenino.com.ar\/df\/wp-json\/wp\/v2\/tags?post=29656"}],"curies":[{"name":"wp","href":"https:\/\/api.w.org\/{rel}","templated":true}]}}