{"id":295,"date":"2012-05-09T18:17:22","date_gmt":"2012-05-09T21:17:22","guid":{"rendered":"http:\/\/www.diariofemenino.com.ar\/?p=295"},"modified":"2012-05-09T18:17:22","modified_gmt":"2012-05-09T21:17:22","slug":"caso-marita-veron-testigos-acusaron-al-presunto-secuestrador-de-la-joven","status":"publish","type":"post","link":"https:\/\/diariofemenino.com.ar\/df\/caso-marita-veron-testigos-acusaron-al-presunto-secuestrador-de-la-joven\/","title":{"rendered":"Caso Marita Ver\u00f3n: testigos acusaron al presunto secuestrador"},"content":{"rendered":"<p><img loading=\"lazy\" decoding=\"async\" src=\"http:\/\/tn.com.ar:9187\/pixel.gif?key=node,95474\" alt=\"\" width=\"1\" height=\"1\" \/>Ratificaron las acusaciones a V\u00edctor Rivero como autor material del delito.<\/p>\n<header>Otros dos testigos <strong>complicaron con sus testimonios<\/strong> a V\u00edctor Rivero,, se\u00f1alado como <strong>autor material<\/strong> del <strong>secuestro <\/strong>de Mar\u00eda de los Angeles Ver\u00f3n, ya que confirmaron la declaraci\u00f3n que prest\u00f3 el lunes en el juicio el verdulero Sim\u00f3n Nieva, quien mantuvo un careo con el imputado. Adelina y David Nieva, hijos del primer testigo que acus\u00f3 a Rivero de <strong>revelarle el secuestro de Marita Ver\u00f3n, <\/strong>confirmaron ante el tribunal de la C\u00e1mara Penal 2 que <strong>escucharon la confesi\u00f3n<\/strong> desde una habitaci\u00f3n contigua a la verduler\u00eda familiar.<\/header>\n<div>\n<div>\nLa joven relat\u00f3 que \u00abRivero lleg\u00f3 al negocio de mi pap\u00e1, estaba exaltado y<strong> a los gritos cont\u00f3 que hab\u00eda secuestrado a Marita<\/strong> y que<strong> la hab\u00eda golpeado\u00bb.<\/strong> La testigo, la primera en declarar en la jornada, asegur\u00f3 que escuch\u00f3 a Rivero desde una habitaci\u00f3n cercana y que lo reconoci\u00f3 por su voz a trav\u00e9s de la pared, aunque admiti\u00f3 que no lo vio directamente.<br \/>\nEl testimonio de la joven tambi\u00e9n involucr\u00f3 a la hermana de Rivero, que integra el grupo de trece acusados por el secuestro y desaparici\u00f3n de Ver\u00f3n, perpetrado el 3 de abril de 2002. \u00abEstaba muy enojado porque su hermana Mar\u00eda Jes\u00fas no le hab\u00eda pagado por el trabajo\u00bb, dijo Nieva, y sostuvo que \u00ab\u00e9l siempre estaba alterado, era muy prepotente\u00bb.<br \/>\nAunque <strong>no record\u00f3 la fecha exacta de la conversaci\u00f3n,<\/strong> calcul\u00f3 que fue una tarde en <strong>diciembre de 2003<\/strong> antes de las fiestas de fin de a\u00f1o, a 20 meses del secuestro de Ver\u00f3n. \u00abCuando lo escucho, qued\u00e9 pasmada, fr\u00eda. <strong>No pod\u00eda creer lo que escuchaba, <\/strong>qued\u00e9 muy mal, es un hombre sin coraz\u00f3n para hacerle eso a una mujer. No pensaba escuchar esa versi\u00f3n tan desalmada. Qued\u00e9 muy mal\u00bb, afirm\u00f3 entre llantos.<br \/>\nAdelina Nieva se\u00f1al\u00f3 que luego se fue con sus dos hermanos al patio de la casa, donde comentaron lo ocurrido, y a la noche su padre les relat\u00f3 lo que le hab\u00eda dicho Rivero. La testigo confirm\u00f3 que \u00abal tiempo comenzamos a recibir amenazas telef\u00f3nicas y Rivero<strong> nos vend\u00eda por Internet <\/strong>a mi hermana In\u00e9s y a m\u00ed<strong> como prostitutas\u00bb.<\/strong><br \/>\n<strong>\u00abA ella le dijo que le iba a pasar lo mismo que a Marita.<\/strong> Ten\u00edamos much\u00edsimo miedo, porque los Rivero-Ale (por Rub\u00e9n Ale, exesposo de Mar\u00eda Jes\u00fas Rivero y sin acusaci\u00f3n en la causa) eran los due\u00f1os del poder en esa \u00e9poca\u00bb, manifest\u00f3. Adem\u00e1s, denunci\u00f3 que el martes sufri\u00f3 amenazas de la pareja actual de Mar\u00eda Jes\u00fas Rivero y admiti\u00f3 que trabaja pol\u00edticamente en el sector del peronismo que conduce el legislador y exdiputado nacional Ger\u00f3nimo Vargas Aignasse.<br \/>\nDespu\u00e9s, el hermano de la testigo, David Nieva, coincidi\u00f3 en que merendaban juntos en una habitaci\u00f3n pr\u00f3xima al lugar donde estaban Rivero y su padre, a no m\u00e1s de cinco metros, desde donde<strong> escuch\u00f3 la misma versi\u00f3n relatada previamente.<\/strong> \u00abEl, que estaba caliente con la prostituta de su hermana porque no le hab\u00eda pagado el trabajo que hab\u00eda hecho, le dijo a mi pap\u00e1 lo que le hizo a Marita y que la hab\u00eda secuestrado en un Duna blanco\u00bb, ratific\u00f3 el joven, y record\u00f3: \u00abYo qued\u00e9 helado y no escuch\u00e9 m\u00e1s\u00bb. \u00abNo le cont\u00e9 a nadie por miedo, no quer\u00eda involucrar a otras personas\u00bb, explic\u00f3 finalmente.Ratificaron las acusaciones a V\u00edctor Rivero como autor material del delito.<br \/>\n&nbsp;<br \/>\nFuente: <strong>http:\/\/tinyurl.com\/74opp5c<\/strong>\n<\/div>\n<\/div>\n","protected":false},"excerpt":{"rendered":"<p>Ratificaron las acusaciones a V\u00edctor Rivero como autor material del delito. Otros dos testigos complicaron con sus testimonios a V\u00edctor Rivero,, se\u00f1alado como autor material del secuestro de Mar\u00eda de los Angeles Ver\u00f3n, ya que confirmaron la declaraci\u00f3n que prest\u00f3 el lunes en el juicio el verdulero Sim\u00f3n Nieva, quien mantuvo un careo con el [&hellip;]<\/p>\n","protected":false},"author":1,"featured_media":296,"comment_status":"open","ping_status":"open","sticky":false,"template":"","format":"standard","meta":{"iawp_total_views":14,"footnotes":""},"categories":[4,21,15],"tags":[],"class_list":["post-295","post","type-post","status-publish","format-standard","has-post-thumbnail","hentry","category-medios","category-noticias","category-trata-de-personas"],"nelio_content":{"autoShareEndMode":"never","automationSources":{"useCustomSentences":false,"customSentences":[]},"efiAlt":"","efiUrl":"","followers":[],"highlights":[],"isAutoShareEnabled":true,"networkImageIds":[],"permalinkQueryArgs":[],"series":[],"suggestedReferences":[]},"yoast_head":"<!-- This site is optimized with the Yoast SEO plugin v27.5 - https:\/\/yoast.com\/product\/yoast-seo-wordpress\/ -->\n<title>Caso Marita Ver\u00f3n: testigos acusaron al presunto secuestrador - Diario Digital Femenino<\/title>\n<meta name=\"robots\" content=\"index, follow, max-snippet:-1, max-image-preview:large, max-video-preview:-1\" \/>\n<link rel=\"canonical\" href=\"https:\/\/diariofemenino.com.ar\/df\/caso-marita-veron-testigos-acusaron-al-presunto-secuestrador-de-la-joven\/\" \/>\n<meta property=\"og:locale\" content=\"es_ES\" \/>\n<meta property=\"og:type\" content=\"article\" \/>\n<meta property=\"og:title\" content=\"Caso Marita Ver\u00f3n: testigos acusaron al presunto secuestrador - Diario Digital Femenino\" \/>\n<meta property=\"og:description\" content=\"Ratificaron las acusaciones a V\u00edctor Rivero como autor material del delito. Otros dos testigos complicaron con sus testimonios a V\u00edctor Rivero,, se\u00f1alado como autor material del secuestro de Mar\u00eda de los Angeles Ver\u00f3n, ya que confirmaron la declaraci\u00f3n que prest\u00f3 el lunes en el juicio el verdulero Sim\u00f3n Nieva, quien mantuvo un careo con el [&hellip;]\" \/>\n<meta property=\"og:url\" content=\"https:\/\/diariofemenino.com.ar\/df\/caso-marita-veron-testigos-acusaron-al-presunto-secuestrador-de-la-joven\/\" \/>\n<meta property=\"og:site_name\" content=\"Diario Digital Femenino\" \/>\n<meta property=\"article:publisher\" content=\"https:\/\/www.facebook.com\/DiarioDigitaFemenino\/\" \/>\n<meta property=\"article:published_time\" content=\"2012-05-09T21:17:22+00:00\" \/>\n<meta property=\"og:image\" content=\"https:\/\/diariofemenino.com.ar\/df\/wp-content\/uploads\/2016\/10\/logo-negro.png\" \/>\n\t<meta property=\"og:image:width\" content=\"855\" \/>\n\t<meta property=\"og:image:height\" content=\"319\" \/>\n\t<meta property=\"og:image:type\" content=\"image\/png\" \/>\n<meta name=\"author\" content=\"Admin\" \/>\n<meta name=\"twitter:card\" content=\"summary_large_image\" \/>\n<meta name=\"twitter:creator\" content=\"@DiarioFemenino1\" \/>\n<meta name=\"twitter:site\" content=\"@DiarioFemenino1\" \/>\n<meta name=\"twitter:label1\" content=\"Escrito por\" \/>\n\t<meta name=\"twitter:data1\" content=\"Admin\" \/>\n\t<meta name=\"twitter:label2\" content=\"Tiempo de lectura\" \/>\n\t<meta name=\"twitter:data2\" content=\"3 minutos\" \/>\n<script type=\"application\/ld+json\" class=\"yoast-schema-graph\">{\"@context\":\"https:\\\/\\\/schema.org\",\"@graph\":[{\"@type\":\"Article\",\"@id\":\"https:\\\/\\\/diariofemenino.com.ar\\\/df\\\/caso-marita-veron-testigos-acusaron-al-presunto-secuestrador-de-la-joven\\\/#article\",\"isPartOf\":{\"@id\":\"https:\\\/\\\/diariofemenino.com.ar\\\/df\\\/caso-marita-veron-testigos-acusaron-al-presunto-secuestrador-de-la-joven\\\/\"},\"author\":{\"name\":\"Admin\",\"@id\":\"https:\\\/\\\/diariofemenino.com.ar\\\/df\\\/#\\\/schema\\\/person\\\/38f54b3bfd13f561de2460ba95c169c6\"},\"headline\":\"Caso Marita Ver\u00f3n: testigos acusaron al presunto secuestrador\",\"datePublished\":\"2012-05-09T21:17:22+00:00\",\"mainEntityOfPage\":{\"@id\":\"https:\\\/\\\/diariofemenino.com.ar\\\/df\\\/caso-marita-veron-testigos-acusaron-al-presunto-secuestrador-de-la-joven\\\/\"},\"wordCount\":616,\"commentCount\":0,\"publisher\":{\"@id\":\"https:\\\/\\\/diariofemenino.com.ar\\\/df\\\/#organization\"},\"image\":{\"@id\":\"https:\\\/\\\/diariofemenino.com.ar\\\/df\\\/caso-marita-veron-testigos-acusaron-al-presunto-secuestrador-de-la-joven\\\/#primaryimage\"},\"thumbnailUrl\":\"\",\"articleSection\":[\"Medios\",\"Noticias\",\"Trata de Pers.\"],\"inLanguage\":\"es\",\"potentialAction\":[{\"@type\":\"CommentAction\",\"name\":\"Comment\",\"target\":[\"https:\\\/\\\/diariofemenino.com.ar\\\/df\\\/caso-marita-veron-testigos-acusaron-al-presunto-secuestrador-de-la-joven\\\/#respond\"]}]},{\"@type\":\"WebPage\",\"@id\":\"https:\\\/\\\/diariofemenino.com.ar\\\/df\\\/caso-marita-veron-testigos-acusaron-al-presunto-secuestrador-de-la-joven\\\/\",\"url\":\"https:\\\/\\\/diariofemenino.com.ar\\\/df\\\/caso-marita-veron-testigos-acusaron-al-presunto-secuestrador-de-la-joven\\\/\",\"name\":\"Caso Marita Ver\u00f3n: testigos acusaron al presunto secuestrador - Diario Digital Femenino\",\"isPartOf\":{\"@id\":\"https:\\\/\\\/diariofemenino.com.ar\\\/df\\\/#website\"},\"primaryImageOfPage\":{\"@id\":\"https:\\\/\\\/diariofemenino.com.ar\\\/df\\\/caso-marita-veron-testigos-acusaron-al-presunto-secuestrador-de-la-joven\\\/#primaryimage\"},\"image\":{\"@id\":\"https:\\\/\\\/diariofemenino.com.ar\\\/df\\\/caso-marita-veron-testigos-acusaron-al-presunto-secuestrador-de-la-joven\\\/#primaryimage\"},\"thumbnailUrl\":\"\",\"datePublished\":\"2012-05-09T21:17:22+00:00\",\"breadcrumb\":{\"@id\":\"https:\\\/\\\/diariofemenino.com.ar\\\/df\\\/caso-marita-veron-testigos-acusaron-al-presunto-secuestrador-de-la-joven\\\/#breadcrumb\"},\"inLanguage\":\"es\",\"potentialAction\":[{\"@type\":\"ReadAction\",\"target\":[\"https:\\\/\\\/diariofemenino.com.ar\\\/df\\\/caso-marita-veron-testigos-acusaron-al-presunto-secuestrador-de-la-joven\\\/\"]}]},{\"@type\":\"ImageObject\",\"inLanguage\":\"es\",\"@id\":\"https:\\\/\\\/diariofemenino.com.ar\\\/df\\\/caso-marita-veron-testigos-acusaron-al-presunto-secuestrador-de-la-joven\\\/#primaryimage\",\"url\":\"\",\"contentUrl\":\"\"},{\"@type\":\"BreadcrumbList\",\"@id\":\"https:\\\/\\\/diariofemenino.com.ar\\\/df\\\/caso-marita-veron-testigos-acusaron-al-presunto-secuestrador-de-la-joven\\\/#breadcrumb\",\"itemListElement\":[{\"@type\":\"ListItem\",\"position\":1,\"name\":\"Portada\",\"item\":\"https:\\\/\\\/diariofemenino.com.ar\\\/df\\\/\"},{\"@type\":\"ListItem\",\"position\":2,\"name\":\"Caso Marita Ver\u00f3n: testigos acusaron al presunto secuestrador\"}]},{\"@type\":\"WebSite\",\"@id\":\"https:\\\/\\\/diariofemenino.com.ar\\\/df\\\/#website\",\"url\":\"https:\\\/\\\/diariofemenino.com.ar\\\/df\\\/\",\"name\":\"Diario Digital Femenino\",\"description\":\"Cuesti\u00f3n de G\u00e9nero\",\"publisher\":{\"@id\":\"https:\\\/\\\/diariofemenino.com.ar\\\/df\\\/#organization\"},\"potentialAction\":[{\"@type\":\"SearchAction\",\"target\":{\"@type\":\"EntryPoint\",\"urlTemplate\":\"https:\\\/\\\/diariofemenino.com.ar\\\/df\\\/?s={search_term_string}\"},\"query-input\":{\"@type\":\"PropertyValueSpecification\",\"valueRequired\":true,\"valueName\":\"search_term_string\"}}],\"inLanguage\":\"es\"},{\"@type\":\"Organization\",\"@id\":\"https:\\\/\\\/diariofemenino.com.ar\\\/df\\\/#organization\",\"name\":\"Diario Femenino\",\"url\":\"https:\\\/\\\/diariofemenino.com.ar\\\/df\\\/\",\"logo\":{\"@type\":\"ImageObject\",\"inLanguage\":\"es\",\"@id\":\"https:\\\/\\\/diariofemenino.com.ar\\\/df\\\/#\\\/schema\\\/logo\\\/image\\\/\",\"url\":\"https:\\\/\\\/diariofemenino.com.ar\\\/df\\\/wp-content\\\/uploads\\\/2018\\\/10\\\/logo.png\",\"contentUrl\":\"https:\\\/\\\/diariofemenino.com.ar\\\/df\\\/wp-content\\\/uploads\\\/2018\\\/10\\\/logo.png\",\"width\":500,\"height\":92,\"caption\":\"Diario Femenino\"},\"image\":{\"@id\":\"https:\\\/\\\/diariofemenino.com.ar\\\/df\\\/#\\\/schema\\\/logo\\\/image\\\/\"},\"sameAs\":[\"https:\\\/\\\/www.facebook.com\\\/DiarioDigitaFemenino\\\/\",\"https:\\\/\\\/x.com\\\/DiarioFemenino1\"]},{\"@type\":\"Person\",\"@id\":\"https:\\\/\\\/diariofemenino.com.ar\\\/df\\\/#\\\/schema\\\/person\\\/38f54b3bfd13f561de2460ba95c169c6\",\"name\":\"Admin\",\"image\":{\"@type\":\"ImageObject\",\"inLanguage\":\"es\",\"@id\":\"https:\\\/\\\/diariofemenino.com.ar\\\/df\\\/wp-content\\\/uploads\\\/2018\\\/12\\\/favicon-150x150.jpg\",\"url\":\"https:\\\/\\\/diariofemenino.com.ar\\\/df\\\/wp-content\\\/uploads\\\/2018\\\/12\\\/favicon-150x150.jpg\",\"contentUrl\":\"https:\\\/\\\/diariofemenino.com.ar\\\/df\\\/wp-content\\\/uploads\\\/2018\\\/12\\\/favicon-150x150.jpg\",\"caption\":\"Admin\"},\"url\":\"https:\\\/\\\/diariofemenino.com.ar\\\/df\\\/author\\\/adm18df\\\/\"}]}<\/script>\n<!-- \/ Yoast SEO plugin. -->","yoast_head_json":{"title":"Caso Marita Ver\u00f3n: testigos acusaron al presunto secuestrador - Diario Digital Femenino","robots":{"index":"index","follow":"follow","max-snippet":"max-snippet:-1","max-image-preview":"max-image-preview:large","max-video-preview":"max-video-preview:-1"},"canonical":"https:\/\/diariofemenino.com.ar\/df\/caso-marita-veron-testigos-acusaron-al-presunto-secuestrador-de-la-joven\/","og_locale":"es_ES","og_type":"article","og_title":"Caso Marita Ver\u00f3n: testigos acusaron al presunto secuestrador - Diario Digital Femenino","og_description":"Ratificaron las acusaciones a V\u00edctor Rivero como autor material del delito. Otros dos testigos complicaron con sus testimonios a V\u00edctor Rivero,, se\u00f1alado como autor material del secuestro de Mar\u00eda de los Angeles Ver\u00f3n, ya que confirmaron la declaraci\u00f3n que prest\u00f3 el lunes en el juicio el verdulero Sim\u00f3n Nieva, quien mantuvo un careo con el [&hellip;]","og_url":"https:\/\/diariofemenino.com.ar\/df\/caso-marita-veron-testigos-acusaron-al-presunto-secuestrador-de-la-joven\/","og_site_name":"Diario Digital Femenino","article_publisher":"https:\/\/www.facebook.com\/DiarioDigitaFemenino\/","article_published_time":"2012-05-09T21:17:22+00:00","og_image":[{"width":855,"height":319,"url":"https:\/\/diariofemenino.com.ar\/df\/wp-content\/uploads\/2016\/10\/logo-negro.png","type":"image\/png"}],"author":"Admin","twitter_card":"summary_large_image","twitter_creator":"@DiarioFemenino1","twitter_site":"@DiarioFemenino1","twitter_misc":{"Escrito por":"Admin","Tiempo de lectura":"3 minutos"},"schema":{"@context":"https:\/\/schema.org","@graph":[{"@type":"Article","@id":"https:\/\/diariofemenino.com.ar\/df\/caso-marita-veron-testigos-acusaron-al-presunto-secuestrador-de-la-joven\/#article","isPartOf":{"@id":"https:\/\/diariofemenino.com.ar\/df\/caso-marita-veron-testigos-acusaron-al-presunto-secuestrador-de-la-joven\/"},"author":{"name":"Admin","@id":"https:\/\/diariofemenino.com.ar\/df\/#\/schema\/person\/38f54b3bfd13f561de2460ba95c169c6"},"headline":"Caso Marita Ver\u00f3n: testigos acusaron al presunto secuestrador","datePublished":"2012-05-09T21:17:22+00:00","mainEntityOfPage":{"@id":"https:\/\/diariofemenino.com.ar\/df\/caso-marita-veron-testigos-acusaron-al-presunto-secuestrador-de-la-joven\/"},"wordCount":616,"commentCount":0,"publisher":{"@id":"https:\/\/diariofemenino.com.ar\/df\/#organization"},"image":{"@id":"https:\/\/diariofemenino.com.ar\/df\/caso-marita-veron-testigos-acusaron-al-presunto-secuestrador-de-la-joven\/#primaryimage"},"thumbnailUrl":"","articleSection":["Medios","Noticias","Trata de Pers."],"inLanguage":"es","potentialAction":[{"@type":"CommentAction","name":"Comment","target":["https:\/\/diariofemenino.com.ar\/df\/caso-marita-veron-testigos-acusaron-al-presunto-secuestrador-de-la-joven\/#respond"]}]},{"@type":"WebPage","@id":"https:\/\/diariofemenino.com.ar\/df\/caso-marita-veron-testigos-acusaron-al-presunto-secuestrador-de-la-joven\/","url":"https:\/\/diariofemenino.com.ar\/df\/caso-marita-veron-testigos-acusaron-al-presunto-secuestrador-de-la-joven\/","name":"Caso Marita Ver\u00f3n: testigos acusaron al presunto secuestrador - Diario Digital Femenino","isPartOf":{"@id":"https:\/\/diariofemenino.com.ar\/df\/#website"},"primaryImageOfPage":{"@id":"https:\/\/diariofemenino.com.ar\/df\/caso-marita-veron-testigos-acusaron-al-presunto-secuestrador-de-la-joven\/#primaryimage"},"image":{"@id":"https:\/\/diariofemenino.com.ar\/df\/caso-marita-veron-testigos-acusaron-al-presunto-secuestrador-de-la-joven\/#primaryimage"},"thumbnailUrl":"","datePublished":"2012-05-09T21:17:22+00:00","breadcrumb":{"@id":"https:\/\/diariofemenino.com.ar\/df\/caso-marita-veron-testigos-acusaron-al-presunto-secuestrador-de-la-joven\/#breadcrumb"},"inLanguage":"es","potentialAction":[{"@type":"ReadAction","target":["https:\/\/diariofemenino.com.ar\/df\/caso-marita-veron-testigos-acusaron-al-presunto-secuestrador-de-la-joven\/"]}]},{"@type":"ImageObject","inLanguage":"es","@id":"https:\/\/diariofemenino.com.ar\/df\/caso-marita-veron-testigos-acusaron-al-presunto-secuestrador-de-la-joven\/#primaryimage","url":"","contentUrl":""},{"@type":"BreadcrumbList","@id":"https:\/\/diariofemenino.com.ar\/df\/caso-marita-veron-testigos-acusaron-al-presunto-secuestrador-de-la-joven\/#breadcrumb","itemListElement":[{"@type":"ListItem","position":1,"name":"Portada","item":"https:\/\/diariofemenino.com.ar\/df\/"},{"@type":"ListItem","position":2,"name":"Caso Marita Ver\u00f3n: testigos acusaron al presunto secuestrador"}]},{"@type":"WebSite","@id":"https:\/\/diariofemenino.com.ar\/df\/#website","url":"https:\/\/diariofemenino.com.ar\/df\/","name":"Diario Digital Femenino","description":"Cuesti\u00f3n de G\u00e9nero","publisher":{"@id":"https:\/\/diariofemenino.com.ar\/df\/#organization"},"potentialAction":[{"@type":"SearchAction","target":{"@type":"EntryPoint","urlTemplate":"https:\/\/diariofemenino.com.ar\/df\/?s={search_term_string}"},"query-input":{"@type":"PropertyValueSpecification","valueRequired":true,"valueName":"search_term_string"}}],"inLanguage":"es"},{"@type":"Organization","@id":"https:\/\/diariofemenino.com.ar\/df\/#organization","name":"Diario Femenino","url":"https:\/\/diariofemenino.com.ar\/df\/","logo":{"@type":"ImageObject","inLanguage":"es","@id":"https:\/\/diariofemenino.com.ar\/df\/#\/schema\/logo\/image\/","url":"https:\/\/diariofemenino.com.ar\/df\/wp-content\/uploads\/2018\/10\/logo.png","contentUrl":"https:\/\/diariofemenino.com.ar\/df\/wp-content\/uploads\/2018\/10\/logo.png","width":500,"height":92,"caption":"Diario Femenino"},"image":{"@id":"https:\/\/diariofemenino.com.ar\/df\/#\/schema\/logo\/image\/"},"sameAs":["https:\/\/www.facebook.com\/DiarioDigitaFemenino\/","https:\/\/x.com\/DiarioFemenino1"]},{"@type":"Person","@id":"https:\/\/diariofemenino.com.ar\/df\/#\/schema\/person\/38f54b3bfd13f561de2460ba95c169c6","name":"Admin","image":{"@type":"ImageObject","inLanguage":"es","@id":"https:\/\/diariofemenino.com.ar\/df\/wp-content\/uploads\/2018\/12\/favicon-150x150.jpg","url":"https:\/\/diariofemenino.com.ar\/df\/wp-content\/uploads\/2018\/12\/favicon-150x150.jpg","contentUrl":"https:\/\/diariofemenino.com.ar\/df\/wp-content\/uploads\/2018\/12\/favicon-150x150.jpg","caption":"Admin"},"url":"https:\/\/diariofemenino.com.ar\/df\/author\/adm18df\/"}]}},"jetpack_featured_media_url":"","jetpack_sharing_enabled":true,"rttpg_featured_image_url":null,"rttpg_author":{"display_name":"Admin","author_link":"https:\/\/diariofemenino.com.ar\/df\/author\/adm18df\/"},"rttpg_comment":0,"rttpg_category":"<a href=\"https:\/\/diariofemenino.com.ar\/df\/category\/medios\/\" rel=\"category tag\">Medios<\/a> <a href=\"https:\/\/diariofemenino.com.ar\/df\/category\/noticias\/\" rel=\"category tag\">Noticias<\/a> <a href=\"https:\/\/diariofemenino.com.ar\/df\/category\/trata-de-personas\/\" rel=\"category tag\">Trata de Pers.<\/a>","rttpg_excerpt":"Ratificaron las acusaciones a V\u00edctor Rivero como autor material del delito. Otros dos testigos complicaron con sus testimonios a V\u00edctor Rivero,, se\u00f1alado como autor material del secuestro de Mar\u00eda de los Angeles Ver\u00f3n, ya que confirmaron la declaraci\u00f3n que prest\u00f3 el lunes en el juicio el verdulero Sim\u00f3n Nieva, quien mantuvo un careo con el&hellip;","_links":{"self":[{"href":"https:\/\/diariofemenino.com.ar\/df\/wp-json\/wp\/v2\/posts\/295","targetHints":{"allow":["GET"]}}],"collection":[{"href":"https:\/\/diariofemenino.com.ar\/df\/wp-json\/wp\/v2\/posts"}],"about":[{"href":"https:\/\/diariofemenino.com.ar\/df\/wp-json\/wp\/v2\/types\/post"}],"author":[{"embeddable":true,"href":"https:\/\/diariofemenino.com.ar\/df\/wp-json\/wp\/v2\/users\/1"}],"replies":[{"embeddable":true,"href":"https:\/\/diariofemenino.com.ar\/df\/wp-json\/wp\/v2\/comments?post=295"}],"version-history":[{"count":0,"href":"https:\/\/diariofemenino.com.ar\/df\/wp-json\/wp\/v2\/posts\/295\/revisions"}],"wp:featuredmedia":[{"embeddable":true,"href":"https:\/\/diariofemenino.com.ar\/df\/wp-json\/"}],"wp:attachment":[{"href":"https:\/\/diariofemenino.com.ar\/df\/wp-json\/wp\/v2\/media?parent=295"}],"wp:term":[{"taxonomy":"category","embeddable":true,"href":"https:\/\/diariofemenino.com.ar\/df\/wp-json\/wp\/v2\/categories?post=295"},{"taxonomy":"post_tag","embeddable":true,"href":"https:\/\/diariofemenino.com.ar\/df\/wp-json\/wp\/v2\/tags?post=295"}],"curies":[{"name":"wp","href":"https:\/\/api.w.org\/{rel}","templated":true}]}}