{"id":29497,"date":"2018-10-23T19:41:21","date_gmt":"2018-10-23T22:41:21","guid":{"rendered":"http:\/\/diariofemenino.com.ar\/v2\/?p=29497"},"modified":"2018-10-23T19:41:21","modified_gmt":"2018-10-23T22:41:21","slug":"volvemos-a-un-protocolo-que-viola-todos-los-principios-en-los-casos-de-aborto-no-punible","status":"publish","type":"post","link":"https:\/\/diariofemenino.com.ar\/df\/volvemos-a-un-protocolo-que-viola-todos-los-principios-en-los-casos-de-aborto-no-punible\/","title":{"rendered":"\u201cVolvemos a un protocolo que viola todos los principios en los casos de aborto no punible\u201d"},"content":{"rendered":"<p>Mar\u00eda Rachid, titular del Instituto contra la Discriminaci\u00f3n de la Defensor\u00eda del Pueblo de la Ciudad de Buenos Aires, habl\u00f3 con \u201cMaldita Suerte\u201d por\u00a0<em>FM La Patriada<\/em>\u00a0y repudi\u00f3 la\u00a0<a title=\"CABA: vuelve el protocolo de aborto no punible m\u00e1s restrictivo del pa\u00eds\" href=\"http:\/\/notasperiodismopopular.com.ar\/2018\/10\/19\/caba-vuelve-el-protocolo-de-aborto-no-punible-mas-restrictivo-del-pais\/\" target=\"_blank\" rel=\"noopener\">decisi\u00f3n de la Justicia<\/a>\u00a0que restablece las restricciones para los abortos no punibles en la Ciudad de Buenos Aires.<br \/>\n<strong>&#8211; \u00bfQu\u00e9 significa esta sentencia del Tribunal Superior de Justicia?<\/strong><br \/>\n\u2013 Lamentablemente significa que volvemos al protocolo de Lemus, que es un protocolo que hab\u00eda instalado el ex ministro de Salud de la Ciudad, y luego de la Naci\u00f3n, que viola todos los principios que estableci\u00f3 el fallo F.A.L. en los casos de aborto no punible. Es un protocolo que sale con la excusa de cumplir con el fallo pero lo que hace es establecer requisitos y restricciones que violan, justamente, los principios esenciales de ese fallo. Exige la denuncia penal en los casos de violaci\u00f3n, establece restricciones respecto de la edad en el acceso al aborto no punible sin consentimiento, establece equipos interdisciplinarios, algo que el fallo expresa que violan los derechos de la persona gestante y adem\u00e1s constituye violencia contra las mujeres, en los t\u00e9rminos de la ley contra la violencia hacia las mujeres.<br \/>\nLa verdad es que es una verg\u00fcenza, es preocupante. No solamente volvemos a un protocolo que viola los principios del fallo F.A.L., de la Constituci\u00f3n Nacional y de la Ciudad y de los tratados internacionales que ha firmado la Argentina, sino que adem\u00e1s est\u00e1 en contra de la voluntad de los legisladores en la Ciudad de Buenos Aires que en su momento votamos un protocolo de aborto no punible que segu\u00eda los principios del fallo. Lamentablemente el jefe de Gobierno en aquel momento, hoy presidente de la Naci\u00f3n, vet\u00f3 esa ley a pesar de haber sido aprobada por la Legislatura.<br \/>\n<strong>&#8211; Viene teniendo un recorrido legal bastante complicado, \u00bftodav\u00eda hay recursos posibles?<\/strong><br \/>\n\u2013 S\u00ed, estamos preparando la apelaci\u00f3n ante la Corte Suprema de Justicia de la Naci\u00f3n y esperamos que ah\u00ed haya un fallo favorable. Adem\u00e1s el fallo es vergonzoso porque se agarra de un tecnicismo absolutamente anti jur\u00eddico, lo que dicen los jueces es que esto lo debe reclamar una mujer embarazada, que haya sido violada o que entre en los requisitos del aborto no punible. Y esto es vergonzoso porque generalmente no ocurre por los tiempos de la justicia, imaginate si una mujer embarazada hubiera tenido que esperar los tres a\u00f1os que lleva este juicio, no hubiera accedido nunca al aborto no punible. Y adem\u00e1s la Constituci\u00f3n Nacional establece, y la de la Ciudad tambi\u00e9n, la posibilidad de amparos colectivos, que personas u organizaciones puedan representar un inter\u00e9s colectivo. Este es claramente un inter\u00e9s colectivo que se vio representado en su momento por las organizaciones que nos presentamos para reclamar este derecho.<br \/>\n<strong>&#8211; \u00bfEsta decisi\u00f3n se bas\u00f3 en una supuesta ambig\u00fcedad del art\u00edculo 86 del C\u00f3digo Penal?<\/strong><br \/>\n\u2013 La ambig\u00fcedad es una interpretaci\u00f3n muy forzada por los sectores anti derechos que pretenden que la violaci\u00f3n es solamente para una persona con alguna discapacidad mental, son interpretaciones muy forzadas. El C\u00f3digo Penal es muy claro: en caso de violaci\u00f3n o riesgo de salud en las mujeres, el aborto est\u00e1 permitido en Argentina. Y esto incluye todo tipo de abortos, porque la salud ya ha sido definida por la Ciudad de Buenos Aires, por la Argentina y organismos como la Organizaci\u00f3n Mundial de la Salud como el completo bienestar f\u00edsico, ps\u00edquico y social. Por lo tanto cualquier situaci\u00f3n que atente contra esto es un riesgo a la salud y deber\u00eda habilitarse la posibilidad de derecho al aborto. Pero con la complicidad de esta Justicia machista, patriarcal y mis\u00f3gina hacen a esta situaci\u00f3n en la que estamos hoy, pero no creo que sea tan ambiguo el C\u00f3digo.<br \/>\n<strong>&#8211; \u00bfVes una respuesta reaccionaria ante la \u201cola verde\u201d que viene creciendo?<\/strong><br \/>\n\u2013 S\u00ed, por supuesto. El avance del movimiento de mujeres y de la diversidad con todas sus conquistas, hoy est\u00e1 siendo cuestionado por todos estos sectores y la verdad es que es un peligro. Tiene que ver con la situaci\u00f3n que estamos viviendo en el pa\u00eds, donde los sectores que tienen el poder emiten mensajes que hacen que sectores sumamente reaccionarios y minoritarios, porque a mi entender no creo que todos los que lamentablemente votaron a este gobierno est\u00e9n de acuerdo con este tema, han sido envalentonados y generan estas presiones para generar retrocesos lamentables como los de estos jueces que se han expresado de una manera cobarde, anti jur\u00eddica, la verdad es que es una verg\u00fcenza este fallo. Tener jueces as\u00ed en el Tribunal Superior de Justicia es vergonzoso.<br \/>\n<strong>&#8211; \u00bfQu\u00e9 pasa en la pr\u00e1ctica el d\u00eda de hoy?<\/strong><br \/>\n\u2013 Hoy sigue vigente un C\u00f3digo Penal que establece que el aborto es no punible en todas estas situaciones que mencion\u00e1bamos reci\u00e9n. Por lo tanto sigue siendo no punible, seguimos teniendo un fallo F.A.L. que ampara a todas las mujeres que quieren acceder al aborto. Las complicaciones que se pueden generar tienen que ver con la interpretaci\u00f3n de m\u00e9dicos o funcionarios que puedan querer obstaculizar, pero esto no quiere decir que hayamos perdido el derecho. Porque adem\u00e1s estos jueces han sido tan cobardes que no es que han rechazado el derecho que invocamos en la Ciudad, sino que est\u00e1n basados en tecnicismos que no tienen nada que ver con esto, no se est\u00e1n expidiendo en la cuesti\u00f3n de fondo. Por lo tanto el derecho sigue estando, lamentablemente lo que no hemos logrado hasta ahora, esperamos poder con la Corte Suprema de Justicia de la Naci\u00f3n, es quitar las herramientas de interpretaciones forzadas que hacen estos sectores anti derechos en el acceso concreto de las mujeres que van a reclamar este derecho.<br \/>\n<strong>&#8211; Estos grupos que intentan ingresar a hospitales para no dar lugar a abortos o a escuelas para que no se de educaci\u00f3n sexual, \u00bfles cabe alg\u00fan tipo de acci\u00f3n legal? \u00bftienen pensado llevar a cabo alguna?<\/strong><br \/>\n\u2013 S\u00ed, estamos analizando cada caso en particular, proponiendo a las familias de esas escuelas reunirnos para responder a estas situaciones. Por supuesto estas personas no pueden ingresar as\u00ed a una escuela y tiene que haber alguna sanci\u00f3n para este tipo de conductas. Estamos analizando qu\u00e9 conductas se pueden imputar en cada situaci\u00f3n porque algunas han sido m\u00e1s graves, han habido situaciones de violencia f\u00edsica, y en otros casos se podr\u00e1 imputar otros tipos de conductas.<br \/>\nPero hay que actuar, son sectores que se manten\u00edan m\u00e1s en silencio porque son minoritarios, expresan a un sector social que quiere conservar privilegios y vulnerar derechos y hoy se sienten avalados por un gobierno que emite constantemente mensajes de violencia y de vulneraci\u00f3n de derechos.<br \/>\n&nbsp;<br \/>\nFuente: <a href=\"https:\/\/notasperiodismopopular.com.ar\/2018\/10\/19\/protocolo-viola-principios-casos-aborto-no-punible\/\">Notas Periodismo Popular<\/a><\/p>\n","protected":false},"excerpt":{"rendered":"<p>Mar\u00eda Rachid, titular del Instituto contra la Discriminaci\u00f3n de la Defensor\u00eda del Pueblo de la Ciudad de Buenos Aires, habl\u00f3 con \u201cMaldita Suerte\u201d por\u00a0FM La Patriada\u00a0y repudi\u00f3 la\u00a0decisi\u00f3n de la Justicia\u00a0que restablece las restricciones para los abortos no punibles en la Ciudad de Buenos Aires. &#8211; \u00bfQu\u00e9 significa esta sentencia del Tribunal Superior de Justicia? [&hellip;]<\/p>\n","protected":false},"author":3,"featured_media":29498,"comment_status":"closed","ping_status":"closed","sticky":false,"template":"","format":"standard","meta":{"iawp_total_views":3,"footnotes":""},"categories":[22],"tags":[53,130,18],"class_list":["post-29497","post","type-post","status-publish","format-standard","has-post-thumbnail","hentry","category-aborto","tag-derechos-de-las-mujeres","tag-mujeres","tag-politicas-publicas"],"nelio_content":{"autoShareEndMode":"never","automationSources":{"useCustomSentences":false,"customSentences":[]},"efiAlt":"","efiUrl":"","followers":[],"highlights":[],"isAutoShareEnabled":true,"networkImageIds":[],"permalinkQueryArgs":[],"series":[],"suggestedReferences":[]},"yoast_head":"<!-- This site is optimized with the Yoast SEO plugin v27.5 - https:\/\/yoast.com\/product\/yoast-seo-wordpress\/ -->\n<title>\u201cVolvemos a un protocolo que viola todos los principios en los casos de aborto no punible\u201d - Diario Digital Femenino<\/title>\n<meta name=\"robots\" content=\"index, follow, max-snippet:-1, max-image-preview:large, max-video-preview:-1\" \/>\n<link rel=\"canonical\" href=\"https:\/\/diariofemenino.com.ar\/df\/volvemos-a-un-protocolo-que-viola-todos-los-principios-en-los-casos-de-aborto-no-punible\/\" \/>\n<meta property=\"og:locale\" content=\"es_ES\" \/>\n<meta property=\"og:type\" content=\"article\" \/>\n<meta property=\"og:title\" content=\"\u201cVolvemos a un protocolo que viola todos los principios en los casos de aborto no punible\u201d - Diario Digital Femenino\" \/>\n<meta property=\"og:description\" content=\"Mar\u00eda Rachid, titular del Instituto contra la Discriminaci\u00f3n de la Defensor\u00eda del Pueblo de la Ciudad de Buenos Aires, habl\u00f3 con \u201cMaldita Suerte\u201d por\u00a0FM La Patriada\u00a0y repudi\u00f3 la\u00a0decisi\u00f3n de la Justicia\u00a0que restablece las restricciones para los abortos no punibles en la Ciudad de Buenos Aires. &#8211; \u00bfQu\u00e9 significa esta sentencia del Tribunal Superior de Justicia? [&hellip;]\" \/>\n<meta property=\"og:url\" content=\"https:\/\/diariofemenino.com.ar\/df\/volvemos-a-un-protocolo-que-viola-todos-los-principios-en-los-casos-de-aborto-no-punible\/\" \/>\n<meta property=\"og:site_name\" content=\"Diario Digital Femenino\" \/>\n<meta property=\"article:publisher\" content=\"https:\/\/www.facebook.com\/DiarioDigitaFemenino\/\" \/>\n<meta property=\"article:published_time\" content=\"2018-10-23T22:41:21+00:00\" \/>\n<meta property=\"og:image\" content=\"https:\/\/diariofemenino.com.ar\/df\/wp-content\/uploads\/2018\/10\/Maria-Rachid-680x365.jpg\" \/>\n\t<meta property=\"og:image:width\" content=\"680\" \/>\n\t<meta property=\"og:image:height\" content=\"365\" \/>\n\t<meta property=\"og:image:type\" content=\"image\/jpeg\" \/>\n<meta name=\"author\" content=\"Admin\" \/>\n<meta name=\"twitter:card\" content=\"summary_large_image\" \/>\n<meta name=\"twitter:creator\" content=\"@DiarioFemenino1\" \/>\n<meta name=\"twitter:site\" content=\"@DiarioFemenino1\" \/>\n<meta name=\"twitter:label1\" content=\"Escrito por\" \/>\n\t<meta name=\"twitter:data1\" content=\"Admin\" \/>\n\t<meta name=\"twitter:label2\" content=\"Tiempo de lectura\" \/>\n\t<meta name=\"twitter:data2\" content=\"6 minutos\" \/>\n<script type=\"application\/ld+json\" class=\"yoast-schema-graph\">{\"@context\":\"https:\\\/\\\/schema.org\",\"@graph\":[{\"@type\":\"Article\",\"@id\":\"https:\\\/\\\/diariofemenino.com.ar\\\/df\\\/volvemos-a-un-protocolo-que-viola-todos-los-principios-en-los-casos-de-aborto-no-punible\\\/#article\",\"isPartOf\":{\"@id\":\"https:\\\/\\\/diariofemenino.com.ar\\\/df\\\/volvemos-a-un-protocolo-que-viola-todos-los-principios-en-los-casos-de-aborto-no-punible\\\/\"},\"author\":{\"name\":\"Admin\",\"@id\":\"https:\\\/\\\/diariofemenino.com.ar\\\/df\\\/#\\\/schema\\\/person\\\/1c36bc3bf394d8ec320814298b4fdd3f\"},\"headline\":\"\u201cVolvemos a un protocolo que viola todos los principios en los casos de aborto no punible\u201d\",\"datePublished\":\"2018-10-23T22:41:21+00:00\",\"mainEntityOfPage\":{\"@id\":\"https:\\\/\\\/diariofemenino.com.ar\\\/df\\\/volvemos-a-un-protocolo-que-viola-todos-los-principios-en-los-casos-de-aborto-no-punible\\\/\"},\"wordCount\":1192,\"publisher\":{\"@id\":\"https:\\\/\\\/diariofemenino.com.ar\\\/df\\\/#organization\"},\"image\":{\"@id\":\"https:\\\/\\\/diariofemenino.com.ar\\\/df\\\/volvemos-a-un-protocolo-que-viola-todos-los-principios-en-los-casos-de-aborto-no-punible\\\/#primaryimage\"},\"thumbnailUrl\":\"https:\\\/\\\/diariofemenino.com.ar\\\/df\\\/wp-content\\\/uploads\\\/2018\\\/10\\\/Maria-Rachid-680x365.jpg\",\"keywords\":[\"Derechos de las mujeres\",\"Mujeres\",\"Pol\u00edticas p\u00fablicas\"],\"articleSection\":[\"Aborto\"],\"inLanguage\":\"es\"},{\"@type\":\"WebPage\",\"@id\":\"https:\\\/\\\/diariofemenino.com.ar\\\/df\\\/volvemos-a-un-protocolo-que-viola-todos-los-principios-en-los-casos-de-aborto-no-punible\\\/\",\"url\":\"https:\\\/\\\/diariofemenino.com.ar\\\/df\\\/volvemos-a-un-protocolo-que-viola-todos-los-principios-en-los-casos-de-aborto-no-punible\\\/\",\"name\":\"\u201cVolvemos a un protocolo que viola todos los principios en los casos de aborto no punible\u201d - Diario Digital Femenino\",\"isPartOf\":{\"@id\":\"https:\\\/\\\/diariofemenino.com.ar\\\/df\\\/#website\"},\"primaryImageOfPage\":{\"@id\":\"https:\\\/\\\/diariofemenino.com.ar\\\/df\\\/volvemos-a-un-protocolo-que-viola-todos-los-principios-en-los-casos-de-aborto-no-punible\\\/#primaryimage\"},\"image\":{\"@id\":\"https:\\\/\\\/diariofemenino.com.ar\\\/df\\\/volvemos-a-un-protocolo-que-viola-todos-los-principios-en-los-casos-de-aborto-no-punible\\\/#primaryimage\"},\"thumbnailUrl\":\"https:\\\/\\\/diariofemenino.com.ar\\\/df\\\/wp-content\\\/uploads\\\/2018\\\/10\\\/Maria-Rachid-680x365.jpg\",\"datePublished\":\"2018-10-23T22:41:21+00:00\",\"breadcrumb\":{\"@id\":\"https:\\\/\\\/diariofemenino.com.ar\\\/df\\\/volvemos-a-un-protocolo-que-viola-todos-los-principios-en-los-casos-de-aborto-no-punible\\\/#breadcrumb\"},\"inLanguage\":\"es\",\"potentialAction\":[{\"@type\":\"ReadAction\",\"target\":[\"https:\\\/\\\/diariofemenino.com.ar\\\/df\\\/volvemos-a-un-protocolo-que-viola-todos-los-principios-en-los-casos-de-aborto-no-punible\\\/\"]}]},{\"@type\":\"ImageObject\",\"inLanguage\":\"es\",\"@id\":\"https:\\\/\\\/diariofemenino.com.ar\\\/df\\\/volvemos-a-un-protocolo-que-viola-todos-los-principios-en-los-casos-de-aborto-no-punible\\\/#primaryimage\",\"url\":\"https:\\\/\\\/diariofemenino.com.ar\\\/df\\\/wp-content\\\/uploads\\\/2018\\\/10\\\/Maria-Rachid-680x365.jpg\",\"contentUrl\":\"https:\\\/\\\/diariofemenino.com.ar\\\/df\\\/wp-content\\\/uploads\\\/2018\\\/10\\\/Maria-Rachid-680x365.jpg\",\"width\":680,\"height\":365},{\"@type\":\"BreadcrumbList\",\"@id\":\"https:\\\/\\\/diariofemenino.com.ar\\\/df\\\/volvemos-a-un-protocolo-que-viola-todos-los-principios-en-los-casos-de-aborto-no-punible\\\/#breadcrumb\",\"itemListElement\":[{\"@type\":\"ListItem\",\"position\":1,\"name\":\"Portada\",\"item\":\"https:\\\/\\\/diariofemenino.com.ar\\\/df\\\/\"},{\"@type\":\"ListItem\",\"position\":2,\"name\":\"\u201cVolvemos a un protocolo que viola todos los principios en los casos de aborto no punible\u201d\"}]},{\"@type\":\"WebSite\",\"@id\":\"https:\\\/\\\/diariofemenino.com.ar\\\/df\\\/#website\",\"url\":\"https:\\\/\\\/diariofemenino.com.ar\\\/df\\\/\",\"name\":\"Diario Digital Femenino\",\"description\":\"Cuesti\u00f3n de G\u00e9nero\",\"publisher\":{\"@id\":\"https:\\\/\\\/diariofemenino.com.ar\\\/df\\\/#organization\"},\"potentialAction\":[{\"@type\":\"SearchAction\",\"target\":{\"@type\":\"EntryPoint\",\"urlTemplate\":\"https:\\\/\\\/diariofemenino.com.ar\\\/df\\\/?s={search_term_string}\"},\"query-input\":{\"@type\":\"PropertyValueSpecification\",\"valueRequired\":true,\"valueName\":\"search_term_string\"}}],\"inLanguage\":\"es\"},{\"@type\":\"Organization\",\"@id\":\"https:\\\/\\\/diariofemenino.com.ar\\\/df\\\/#organization\",\"name\":\"Diario Femenino\",\"url\":\"https:\\\/\\\/diariofemenino.com.ar\\\/df\\\/\",\"logo\":{\"@type\":\"ImageObject\",\"inLanguage\":\"es\",\"@id\":\"https:\\\/\\\/diariofemenino.com.ar\\\/df\\\/#\\\/schema\\\/logo\\\/image\\\/\",\"url\":\"https:\\\/\\\/diariofemenino.com.ar\\\/df\\\/wp-content\\\/uploads\\\/2018\\\/10\\\/logo.png\",\"contentUrl\":\"https:\\\/\\\/diariofemenino.com.ar\\\/df\\\/wp-content\\\/uploads\\\/2018\\\/10\\\/logo.png\",\"width\":500,\"height\":92,\"caption\":\"Diario Femenino\"},\"image\":{\"@id\":\"https:\\\/\\\/diariofemenino.com.ar\\\/df\\\/#\\\/schema\\\/logo\\\/image\\\/\"},\"sameAs\":[\"https:\\\/\\\/www.facebook.com\\\/DiarioDigitaFemenino\\\/\",\"https:\\\/\\\/x.com\\\/DiarioFemenino1\"]},{\"@type\":\"Person\",\"@id\":\"https:\\\/\\\/diariofemenino.com.ar\\\/df\\\/#\\\/schema\\\/person\\\/1c36bc3bf394d8ec320814298b4fdd3f\",\"name\":\"Admin\",\"image\":{\"@type\":\"ImageObject\",\"inLanguage\":\"es\",\"@id\":\"https:\\\/\\\/diariofemenino.com.ar\\\/df\\\/wp-content\\\/uploads\\\/2018\\\/12\\\/favicon-150x150.jpg\",\"url\":\"https:\\\/\\\/diariofemenino.com.ar\\\/df\\\/wp-content\\\/uploads\\\/2018\\\/12\\\/favicon-150x150.jpg\",\"contentUrl\":\"https:\\\/\\\/diariofemenino.com.ar\\\/df\\\/wp-content\\\/uploads\\\/2018\\\/12\\\/favicon-150x150.jpg\",\"caption\":\"Admin\"},\"url\":\"https:\\\/\\\/diariofemenino.com.ar\\\/df\\\/author\\\/sofiperez\\\/\"}]}<\/script>\n<!-- \/ Yoast SEO plugin. -->","yoast_head_json":{"title":"\u201cVolvemos a un protocolo que viola todos los principios en los casos de aborto no punible\u201d - Diario Digital Femenino","robots":{"index":"index","follow":"follow","max-snippet":"max-snippet:-1","max-image-preview":"max-image-preview:large","max-video-preview":"max-video-preview:-1"},"canonical":"https:\/\/diariofemenino.com.ar\/df\/volvemos-a-un-protocolo-que-viola-todos-los-principios-en-los-casos-de-aborto-no-punible\/","og_locale":"es_ES","og_type":"article","og_title":"\u201cVolvemos a un protocolo que viola todos los principios en los casos de aborto no punible\u201d - Diario Digital Femenino","og_description":"Mar\u00eda Rachid, titular del Instituto contra la Discriminaci\u00f3n de la Defensor\u00eda del Pueblo de la Ciudad de Buenos Aires, habl\u00f3 con \u201cMaldita Suerte\u201d por\u00a0FM La Patriada\u00a0y repudi\u00f3 la\u00a0decisi\u00f3n de la Justicia\u00a0que restablece las restricciones para los abortos no punibles en la Ciudad de Buenos Aires. &#8211; \u00bfQu\u00e9 significa esta sentencia del Tribunal Superior de Justicia? [&hellip;]","og_url":"https:\/\/diariofemenino.com.ar\/df\/volvemos-a-un-protocolo-que-viola-todos-los-principios-en-los-casos-de-aborto-no-punible\/","og_site_name":"Diario Digital Femenino","article_publisher":"https:\/\/www.facebook.com\/DiarioDigitaFemenino\/","article_published_time":"2018-10-23T22:41:21+00:00","og_image":[{"width":680,"height":365,"url":"https:\/\/diariofemenino.com.ar\/df\/wp-content\/uploads\/2018\/10\/Maria-Rachid-680x365.jpg","type":"image\/jpeg"}],"author":"Admin","twitter_card":"summary_large_image","twitter_creator":"@DiarioFemenino1","twitter_site":"@DiarioFemenino1","twitter_misc":{"Escrito por":"Admin","Tiempo de lectura":"6 minutos"},"schema":{"@context":"https:\/\/schema.org","@graph":[{"@type":"Article","@id":"https:\/\/diariofemenino.com.ar\/df\/volvemos-a-un-protocolo-que-viola-todos-los-principios-en-los-casos-de-aborto-no-punible\/#article","isPartOf":{"@id":"https:\/\/diariofemenino.com.ar\/df\/volvemos-a-un-protocolo-que-viola-todos-los-principios-en-los-casos-de-aborto-no-punible\/"},"author":{"name":"Admin","@id":"https:\/\/diariofemenino.com.ar\/df\/#\/schema\/person\/1c36bc3bf394d8ec320814298b4fdd3f"},"headline":"\u201cVolvemos a un protocolo que viola todos los principios en los casos de aborto no punible\u201d","datePublished":"2018-10-23T22:41:21+00:00","mainEntityOfPage":{"@id":"https:\/\/diariofemenino.com.ar\/df\/volvemos-a-un-protocolo-que-viola-todos-los-principios-en-los-casos-de-aborto-no-punible\/"},"wordCount":1192,"publisher":{"@id":"https:\/\/diariofemenino.com.ar\/df\/#organization"},"image":{"@id":"https:\/\/diariofemenino.com.ar\/df\/volvemos-a-un-protocolo-que-viola-todos-los-principios-en-los-casos-de-aborto-no-punible\/#primaryimage"},"thumbnailUrl":"https:\/\/diariofemenino.com.ar\/df\/wp-content\/uploads\/2018\/10\/Maria-Rachid-680x365.jpg","keywords":["Derechos de las mujeres","Mujeres","Pol\u00edticas p\u00fablicas"],"articleSection":["Aborto"],"inLanguage":"es"},{"@type":"WebPage","@id":"https:\/\/diariofemenino.com.ar\/df\/volvemos-a-un-protocolo-que-viola-todos-los-principios-en-los-casos-de-aborto-no-punible\/","url":"https:\/\/diariofemenino.com.ar\/df\/volvemos-a-un-protocolo-que-viola-todos-los-principios-en-los-casos-de-aborto-no-punible\/","name":"\u201cVolvemos a un protocolo que viola todos los principios en los casos de aborto no punible\u201d - Diario Digital Femenino","isPartOf":{"@id":"https:\/\/diariofemenino.com.ar\/df\/#website"},"primaryImageOfPage":{"@id":"https:\/\/diariofemenino.com.ar\/df\/volvemos-a-un-protocolo-que-viola-todos-los-principios-en-los-casos-de-aborto-no-punible\/#primaryimage"},"image":{"@id":"https:\/\/diariofemenino.com.ar\/df\/volvemos-a-un-protocolo-que-viola-todos-los-principios-en-los-casos-de-aborto-no-punible\/#primaryimage"},"thumbnailUrl":"https:\/\/diariofemenino.com.ar\/df\/wp-content\/uploads\/2018\/10\/Maria-Rachid-680x365.jpg","datePublished":"2018-10-23T22:41:21+00:00","breadcrumb":{"@id":"https:\/\/diariofemenino.com.ar\/df\/volvemos-a-un-protocolo-que-viola-todos-los-principios-en-los-casos-de-aborto-no-punible\/#breadcrumb"},"inLanguage":"es","potentialAction":[{"@type":"ReadAction","target":["https:\/\/diariofemenino.com.ar\/df\/volvemos-a-un-protocolo-que-viola-todos-los-principios-en-los-casos-de-aborto-no-punible\/"]}]},{"@type":"ImageObject","inLanguage":"es","@id":"https:\/\/diariofemenino.com.ar\/df\/volvemos-a-un-protocolo-que-viola-todos-los-principios-en-los-casos-de-aborto-no-punible\/#primaryimage","url":"https:\/\/diariofemenino.com.ar\/df\/wp-content\/uploads\/2018\/10\/Maria-Rachid-680x365.jpg","contentUrl":"https:\/\/diariofemenino.com.ar\/df\/wp-content\/uploads\/2018\/10\/Maria-Rachid-680x365.jpg","width":680,"height":365},{"@type":"BreadcrumbList","@id":"https:\/\/diariofemenino.com.ar\/df\/volvemos-a-un-protocolo-que-viola-todos-los-principios-en-los-casos-de-aborto-no-punible\/#breadcrumb","itemListElement":[{"@type":"ListItem","position":1,"name":"Portada","item":"https:\/\/diariofemenino.com.ar\/df\/"},{"@type":"ListItem","position":2,"name":"\u201cVolvemos a un protocolo que viola todos los principios en los casos de aborto no punible\u201d"}]},{"@type":"WebSite","@id":"https:\/\/diariofemenino.com.ar\/df\/#website","url":"https:\/\/diariofemenino.com.ar\/df\/","name":"Diario Digital Femenino","description":"Cuesti\u00f3n de G\u00e9nero","publisher":{"@id":"https:\/\/diariofemenino.com.ar\/df\/#organization"},"potentialAction":[{"@type":"SearchAction","target":{"@type":"EntryPoint","urlTemplate":"https:\/\/diariofemenino.com.ar\/df\/?s={search_term_string}"},"query-input":{"@type":"PropertyValueSpecification","valueRequired":true,"valueName":"search_term_string"}}],"inLanguage":"es"},{"@type":"Organization","@id":"https:\/\/diariofemenino.com.ar\/df\/#organization","name":"Diario Femenino","url":"https:\/\/diariofemenino.com.ar\/df\/","logo":{"@type":"ImageObject","inLanguage":"es","@id":"https:\/\/diariofemenino.com.ar\/df\/#\/schema\/logo\/image\/","url":"https:\/\/diariofemenino.com.ar\/df\/wp-content\/uploads\/2018\/10\/logo.png","contentUrl":"https:\/\/diariofemenino.com.ar\/df\/wp-content\/uploads\/2018\/10\/logo.png","width":500,"height":92,"caption":"Diario Femenino"},"image":{"@id":"https:\/\/diariofemenino.com.ar\/df\/#\/schema\/logo\/image\/"},"sameAs":["https:\/\/www.facebook.com\/DiarioDigitaFemenino\/","https:\/\/x.com\/DiarioFemenino1"]},{"@type":"Person","@id":"https:\/\/diariofemenino.com.ar\/df\/#\/schema\/person\/1c36bc3bf394d8ec320814298b4fdd3f","name":"Admin","image":{"@type":"ImageObject","inLanguage":"es","@id":"https:\/\/diariofemenino.com.ar\/df\/wp-content\/uploads\/2018\/12\/favicon-150x150.jpg","url":"https:\/\/diariofemenino.com.ar\/df\/wp-content\/uploads\/2018\/12\/favicon-150x150.jpg","contentUrl":"https:\/\/diariofemenino.com.ar\/df\/wp-content\/uploads\/2018\/12\/favicon-150x150.jpg","caption":"Admin"},"url":"https:\/\/diariofemenino.com.ar\/df\/author\/sofiperez\/"}]}},"jetpack_featured_media_url":"https:\/\/diariofemenino.com.ar\/df\/wp-content\/uploads\/2018\/10\/Maria-Rachid-680x365.jpg","jetpack_sharing_enabled":true,"rttpg_featured_image_url":{"full":["https:\/\/diariofemenino.com.ar\/df\/wp-content\/uploads\/2018\/10\/Maria-Rachid-680x365.jpg",680,365,false],"landscape":["https:\/\/diariofemenino.com.ar\/df\/wp-content\/uploads\/2018\/10\/Maria-Rachid-680x365.jpg",680,365,false],"portraits":["https:\/\/diariofemenino.com.ar\/df\/wp-content\/uploads\/2018\/10\/Maria-Rachid-680x365.jpg",680,365,false],"thumbnail":["https:\/\/diariofemenino.com.ar\/df\/wp-content\/uploads\/2018\/10\/Maria-Rachid-680x365-150x150.jpg",150,150,true],"medium":["https:\/\/diariofemenino.com.ar\/df\/wp-content\/uploads\/2018\/10\/Maria-Rachid-680x365-300x161.jpg",300,161,true],"large":["https:\/\/diariofemenino.com.ar\/df\/wp-content\/uploads\/2018\/10\/Maria-Rachid-680x365.jpg",680,365,false],"1536x1536":["https:\/\/diariofemenino.com.ar\/df\/wp-content\/uploads\/2018\/10\/Maria-Rachid-680x365.jpg",680,365,false],"2048x2048":["https:\/\/diariofemenino.com.ar\/df\/wp-content\/uploads\/2018\/10\/Maria-Rachid-680x365.jpg",680,365,false]},"rttpg_author":{"display_name":"Admin","author_link":"https:\/\/diariofemenino.com.ar\/df\/author\/sofiperez\/"},"rttpg_comment":0,"rttpg_category":"<a href=\"https:\/\/diariofemenino.com.ar\/df\/category\/aborto\/\" rel=\"category tag\">Aborto<\/a>","rttpg_excerpt":"Mar\u00eda Rachid, titular del Instituto contra la Discriminaci\u00f3n de la Defensor\u00eda del Pueblo de la Ciudad de Buenos Aires, habl\u00f3 con \u201cMaldita Suerte\u201d por\u00a0FM La Patriada\u00a0y repudi\u00f3 la\u00a0decisi\u00f3n de la Justicia\u00a0que restablece las restricciones para los abortos no punibles en la Ciudad de Buenos Aires. &#8211; \u00bfQu\u00e9 significa esta sentencia del Tribunal Superior de Justicia?&hellip;","_links":{"self":[{"href":"https:\/\/diariofemenino.com.ar\/df\/wp-json\/wp\/v2\/posts\/29497","targetHints":{"allow":["GET"]}}],"collection":[{"href":"https:\/\/diariofemenino.com.ar\/df\/wp-json\/wp\/v2\/posts"}],"about":[{"href":"https:\/\/diariofemenino.com.ar\/df\/wp-json\/wp\/v2\/types\/post"}],"author":[{"embeddable":true,"href":"https:\/\/diariofemenino.com.ar\/df\/wp-json\/wp\/v2\/users\/3"}],"replies":[{"embeddable":true,"href":"https:\/\/diariofemenino.com.ar\/df\/wp-json\/wp\/v2\/comments?post=29497"}],"version-history":[{"count":0,"href":"https:\/\/diariofemenino.com.ar\/df\/wp-json\/wp\/v2\/posts\/29497\/revisions"}],"wp:featuredmedia":[{"embeddable":true,"href":"https:\/\/diariofemenino.com.ar\/df\/wp-json\/wp\/v2\/media\/29498"}],"wp:attachment":[{"href":"https:\/\/diariofemenino.com.ar\/df\/wp-json\/wp\/v2\/media?parent=29497"}],"wp:term":[{"taxonomy":"category","embeddable":true,"href":"https:\/\/diariofemenino.com.ar\/df\/wp-json\/wp\/v2\/categories?post=29497"},{"taxonomy":"post_tag","embeddable":true,"href":"https:\/\/diariofemenino.com.ar\/df\/wp-json\/wp\/v2\/tags?post=29497"}],"curies":[{"name":"wp","href":"https:\/\/api.w.org\/{rel}","templated":true}]}}