{"id":29494,"date":"2018-10-23T19:39:07","date_gmt":"2018-10-23T22:39:07","guid":{"rendered":"http:\/\/diariofemenino.com.ar\/v2\/?p=29494"},"modified":"2018-10-23T19:39:07","modified_gmt":"2018-10-23T22:39:07","slug":"a-juicio-por-impedir-un-aborto-legal","status":"publish","type":"post","link":"https:\/\/diariofemenino.com.ar\/df\/a-juicio-por-impedir-un-aborto-legal\/","title":{"rendered":"A juicio por impedir un aborto legal"},"content":{"rendered":"<p>Una paciente lleg\u00f3 al hospital de Cipolletti con un aborto en curso. Hab\u00eda sido v\u00edctima de una violaci\u00f3n y ten\u00eda derecho a que se le practicara una interrupci\u00f3n legal del embarazo. El jefe del equipo de ginecolog\u00eda, Leandro Javier Rodriguez Lastra, un conocido militante antiabortista, no s\u00f3lo no acompa\u00f1\u00f3 la decisi\u00f3n de la paciente como indica la ley: le dio un medicamento para revertir el aborto y la oblig\u00f3 a continuar con el embarazo. Esta semana un tribunal rionegrino decidi\u00f3 enviarlo a juicio oral por el delito de incumplimiento de los deberes de funcionario p\u00fablico.<br \/>\nLa paciente hab\u00eda sido derivada desde el hospital Fern\u00e1ndez Oro. Una m\u00e9dica y una psic\u00f3loga le informaron a Rodr\u00edguez Lastra la intenci\u00f3n de la paciente de interrumpir el embarazo. Seg\u00fan el equipo de fiscales que conduce Santiago M\u00e1rquez Gauna, el m\u00e9dico \u201cse neg\u00f3 a practicarlo solicitando un informe psiqui\u00e1trico que no es requerido por la legislaci\u00f3n vigente\u201d.<br \/>\nEl m\u00e9dico no fue imputado por negarse a interrumpir el aborto legal sino \u201cporque una vez iniciado el proceso y consiente que el embarazo era producto de una violaci\u00f3n, que la joven v\u00edctima hab\u00eda ingerido medicaci\u00f3n para interrumpir el proceso de gestaci\u00f3n y que cumpl\u00eda con todos los requisitos para acceder al protocolo de interrupci\u00f3n legal del embarazo, administr\u00f3 la medicaci\u00f3n necesaria para detener el proceso\u201d, informaron desde el Ministerio P\u00fablico de R\u00edo Negro.<br \/>\nEl m\u00e9dico viol\u00f3 la ley provincial 4.796 y el decreto provincial 182\/2016 que garantizan a las v\u00edctimas de abusos sexuales el derecho a interrumpir el embarazo y que regulan las causales permitidas en el C\u00f3digo Penal de 1921.<br \/>\nEl Equipo Latinoamericano de Justicia y G\u00e9nero (ELA), Cat\u00f3licas por el Derecho a Decidir (CDD), Amnist\u00eda Internacional (AI) y el Centro de Estudios Legales y Sociales (CELS) presentaron un escrito de amicus curiae en la causa en apoyo a la elevaci\u00f3n a juicio. \u201cConstituy\u00f3 un acto de tortura al forzar a la mujer a continuar con un embarazo que no deseaba y que ten\u00eda derecho a interrumpir\u201d, plantearon las organizaciones.<br \/>\nDespu\u00e9s de obligar a la mujer a continuar con su embarazo, Rodr\u00edguez Lastra se convirti\u00f3 en un palad\u00edn de la lucha antiaborto. El m\u00e9dico se defini\u00f3 como \u201cun gladiador\u201d y dijo que el proceso judicial \u201ces un circo\u201d. Recibi\u00f3 el apoyo de la panelista de televisi\u00f3n Amalia Granata, cabeza visible de la campa\u00f1a \u201cSalvemos las dos vidas\u201d y del pediatra Abel Albino, tr\u00edstemente c\u00e9lebre por su intervenci\u00f3n en el Congreso durante el debate por el aborto legal cuando dijo que \u201cel virus del SIda atraviesa la porcelana\u201d.<br \/>\n&nbsp;<br \/>\n&nbsp;<br \/>\nFuente: <a href=\"http:\/\/cosecharoja.org\/55203-2\/\">Cosecha Roja\u00a0<\/a><\/p>\n","protected":false},"excerpt":{"rendered":"<p>Una paciente lleg\u00f3 al hospital de Cipolletti con un aborto en curso. Hab\u00eda sido v\u00edctima de una violaci\u00f3n y ten\u00eda derecho a que se le practicara una interrupci\u00f3n legal del embarazo. El jefe del equipo de ginecolog\u00eda, Leandro Javier Rodriguez Lastra, un conocido militante antiabortista, no s\u00f3lo no acompa\u00f1\u00f3 la decisi\u00f3n de la paciente como [&hellip;]<\/p>\n","protected":false},"author":3,"featured_media":29495,"comment_status":"closed","ping_status":"closed","sticky":false,"template":"","format":"standard","meta":{"iawp_total_views":2,"footnotes":""},"categories":[22],"tags":[165,17],"class_list":["post-29494","post","type-post","status-publish","format-standard","has-post-thumbnail","hentry","category-aborto","tag-abortolegal","tag-maltrato"],"nelio_content":{"autoShareEndMode":"never","automationSources":{"useCustomSentences":false,"customSentences":[]},"efiAlt":"","efiUrl":"","followers":[],"highlights":[],"isAutoShareEnabled":true,"networkImageIds":[],"permalinkQueryArgs":[],"series":[],"suggestedReferences":[]},"yoast_head":"<!-- This site is optimized with the Yoast SEO plugin v27.5 - https:\/\/yoast.com\/product\/yoast-seo-wordpress\/ -->\n<title>A juicio por impedir un aborto legal - Diario Digital Femenino<\/title>\n<meta name=\"robots\" content=\"index, follow, max-snippet:-1, max-image-preview:large, max-video-preview:-1\" \/>\n<link rel=\"canonical\" href=\"https:\/\/diariofemenino.com.ar\/df\/a-juicio-por-impedir-un-aborto-legal\/\" \/>\n<meta property=\"og:locale\" content=\"es_ES\" \/>\n<meta property=\"og:type\" content=\"article\" \/>\n<meta property=\"og:title\" content=\"A juicio por impedir un aborto legal - Diario Digital Femenino\" \/>\n<meta property=\"og:description\" content=\"Una paciente lleg\u00f3 al hospital de Cipolletti con un aborto en curso. Hab\u00eda sido v\u00edctima de una violaci\u00f3n y ten\u00eda derecho a que se le practicara una interrupci\u00f3n legal del embarazo. El jefe del equipo de ginecolog\u00eda, Leandro Javier Rodriguez Lastra, un conocido militante antiabortista, no s\u00f3lo no acompa\u00f1\u00f3 la decisi\u00f3n de la paciente como [&hellip;]\" \/>\n<meta property=\"og:url\" content=\"https:\/\/diariofemenino.com.ar\/df\/a-juicio-por-impedir-un-aborto-legal\/\" \/>\n<meta property=\"og:site_name\" content=\"Diario Digital Femenino\" \/>\n<meta property=\"article:publisher\" content=\"https:\/\/www.facebook.com\/DiarioDigitaFemenino\/\" \/>\n<meta property=\"article:published_time\" content=\"2018-10-23T22:39:07+00:00\" \/>\n<meta property=\"og:image\" content=\"https:\/\/diariofemenino.com.ar\/df\/wp-content\/uploads\/2018\/10\/medico-antiaborto-1.jpg\" \/>\n\t<meta property=\"og:image:width\" content=\"840\" \/>\n\t<meta property=\"og:image:height\" content=\"600\" \/>\n\t<meta property=\"og:image:type\" content=\"image\/jpeg\" \/>\n<meta name=\"author\" content=\"Admin\" \/>\n<meta name=\"twitter:card\" content=\"summary_large_image\" \/>\n<meta name=\"twitter:creator\" content=\"@DiarioFemenino1\" \/>\n<meta name=\"twitter:site\" content=\"@DiarioFemenino1\" \/>\n<meta name=\"twitter:label1\" content=\"Escrito por\" \/>\n\t<meta name=\"twitter:data1\" content=\"Admin\" \/>\n\t<meta name=\"twitter:label2\" content=\"Tiempo de lectura\" \/>\n\t<meta name=\"twitter:data2\" content=\"2 minutos\" \/>\n<script type=\"application\/ld+json\" class=\"yoast-schema-graph\">{\"@context\":\"https:\\\/\\\/schema.org\",\"@graph\":[{\"@type\":\"Article\",\"@id\":\"https:\\\/\\\/diariofemenino.com.ar\\\/df\\\/a-juicio-por-impedir-un-aborto-legal\\\/#article\",\"isPartOf\":{\"@id\":\"https:\\\/\\\/diariofemenino.com.ar\\\/df\\\/a-juicio-por-impedir-un-aborto-legal\\\/\"},\"author\":{\"name\":\"Admin\",\"@id\":\"https:\\\/\\\/diariofemenino.com.ar\\\/df\\\/#\\\/schema\\\/person\\\/1c36bc3bf394d8ec320814298b4fdd3f\"},\"headline\":\"A juicio por impedir un aborto legal\",\"datePublished\":\"2018-10-23T22:39:07+00:00\",\"mainEntityOfPage\":{\"@id\":\"https:\\\/\\\/diariofemenino.com.ar\\\/df\\\/a-juicio-por-impedir-un-aborto-legal\\\/\"},\"wordCount\":478,\"publisher\":{\"@id\":\"https:\\\/\\\/diariofemenino.com.ar\\\/df\\\/#organization\"},\"image\":{\"@id\":\"https:\\\/\\\/diariofemenino.com.ar\\\/df\\\/a-juicio-por-impedir-un-aborto-legal\\\/#primaryimage\"},\"thumbnailUrl\":\"https:\\\/\\\/diariofemenino.com.ar\\\/df\\\/wp-content\\\/uploads\\\/2018\\\/10\\\/medico-antiaborto-1.jpg\",\"keywords\":[\"#AbortoLegal\",\"Maltrato\"],\"articleSection\":[\"Aborto\"],\"inLanguage\":\"es\"},{\"@type\":\"WebPage\",\"@id\":\"https:\\\/\\\/diariofemenino.com.ar\\\/df\\\/a-juicio-por-impedir-un-aborto-legal\\\/\",\"url\":\"https:\\\/\\\/diariofemenino.com.ar\\\/df\\\/a-juicio-por-impedir-un-aborto-legal\\\/\",\"name\":\"A juicio por impedir un aborto legal - Diario Digital Femenino\",\"isPartOf\":{\"@id\":\"https:\\\/\\\/diariofemenino.com.ar\\\/df\\\/#website\"},\"primaryImageOfPage\":{\"@id\":\"https:\\\/\\\/diariofemenino.com.ar\\\/df\\\/a-juicio-por-impedir-un-aborto-legal\\\/#primaryimage\"},\"image\":{\"@id\":\"https:\\\/\\\/diariofemenino.com.ar\\\/df\\\/a-juicio-por-impedir-un-aborto-legal\\\/#primaryimage\"},\"thumbnailUrl\":\"https:\\\/\\\/diariofemenino.com.ar\\\/df\\\/wp-content\\\/uploads\\\/2018\\\/10\\\/medico-antiaborto-1.jpg\",\"datePublished\":\"2018-10-23T22:39:07+00:00\",\"breadcrumb\":{\"@id\":\"https:\\\/\\\/diariofemenino.com.ar\\\/df\\\/a-juicio-por-impedir-un-aborto-legal\\\/#breadcrumb\"},\"inLanguage\":\"es\",\"potentialAction\":[{\"@type\":\"ReadAction\",\"target\":[\"https:\\\/\\\/diariofemenino.com.ar\\\/df\\\/a-juicio-por-impedir-un-aborto-legal\\\/\"]}]},{\"@type\":\"ImageObject\",\"inLanguage\":\"es\",\"@id\":\"https:\\\/\\\/diariofemenino.com.ar\\\/df\\\/a-juicio-por-impedir-un-aborto-legal\\\/#primaryimage\",\"url\":\"https:\\\/\\\/diariofemenino.com.ar\\\/df\\\/wp-content\\\/uploads\\\/2018\\\/10\\\/medico-antiaborto-1.jpg\",\"contentUrl\":\"https:\\\/\\\/diariofemenino.com.ar\\\/df\\\/wp-content\\\/uploads\\\/2018\\\/10\\\/medico-antiaborto-1.jpg\",\"width\":840,\"height\":600},{\"@type\":\"BreadcrumbList\",\"@id\":\"https:\\\/\\\/diariofemenino.com.ar\\\/df\\\/a-juicio-por-impedir-un-aborto-legal\\\/#breadcrumb\",\"itemListElement\":[{\"@type\":\"ListItem\",\"position\":1,\"name\":\"Portada\",\"item\":\"https:\\\/\\\/diariofemenino.com.ar\\\/df\\\/\"},{\"@type\":\"ListItem\",\"position\":2,\"name\":\"A juicio por impedir un aborto legal\"}]},{\"@type\":\"WebSite\",\"@id\":\"https:\\\/\\\/diariofemenino.com.ar\\\/df\\\/#website\",\"url\":\"https:\\\/\\\/diariofemenino.com.ar\\\/df\\\/\",\"name\":\"Diario Digital Femenino\",\"description\":\"Cuesti\u00f3n de G\u00e9nero\",\"publisher\":{\"@id\":\"https:\\\/\\\/diariofemenino.com.ar\\\/df\\\/#organization\"},\"potentialAction\":[{\"@type\":\"SearchAction\",\"target\":{\"@type\":\"EntryPoint\",\"urlTemplate\":\"https:\\\/\\\/diariofemenino.com.ar\\\/df\\\/?s={search_term_string}\"},\"query-input\":{\"@type\":\"PropertyValueSpecification\",\"valueRequired\":true,\"valueName\":\"search_term_string\"}}],\"inLanguage\":\"es\"},{\"@type\":\"Organization\",\"@id\":\"https:\\\/\\\/diariofemenino.com.ar\\\/df\\\/#organization\",\"name\":\"Diario Femenino\",\"url\":\"https:\\\/\\\/diariofemenino.com.ar\\\/df\\\/\",\"logo\":{\"@type\":\"ImageObject\",\"inLanguage\":\"es\",\"@id\":\"https:\\\/\\\/diariofemenino.com.ar\\\/df\\\/#\\\/schema\\\/logo\\\/image\\\/\",\"url\":\"https:\\\/\\\/diariofemenino.com.ar\\\/df\\\/wp-content\\\/uploads\\\/2018\\\/10\\\/logo.png\",\"contentUrl\":\"https:\\\/\\\/diariofemenino.com.ar\\\/df\\\/wp-content\\\/uploads\\\/2018\\\/10\\\/logo.png\",\"width\":500,\"height\":92,\"caption\":\"Diario Femenino\"},\"image\":{\"@id\":\"https:\\\/\\\/diariofemenino.com.ar\\\/df\\\/#\\\/schema\\\/logo\\\/image\\\/\"},\"sameAs\":[\"https:\\\/\\\/www.facebook.com\\\/DiarioDigitaFemenino\\\/\",\"https:\\\/\\\/x.com\\\/DiarioFemenino1\"]},{\"@type\":\"Person\",\"@id\":\"https:\\\/\\\/diariofemenino.com.ar\\\/df\\\/#\\\/schema\\\/person\\\/1c36bc3bf394d8ec320814298b4fdd3f\",\"name\":\"Admin\",\"image\":{\"@type\":\"ImageObject\",\"inLanguage\":\"es\",\"@id\":\"https:\\\/\\\/diariofemenino.com.ar\\\/df\\\/wp-content\\\/uploads\\\/2018\\\/12\\\/favicon-150x150.jpg\",\"url\":\"https:\\\/\\\/diariofemenino.com.ar\\\/df\\\/wp-content\\\/uploads\\\/2018\\\/12\\\/favicon-150x150.jpg\",\"contentUrl\":\"https:\\\/\\\/diariofemenino.com.ar\\\/df\\\/wp-content\\\/uploads\\\/2018\\\/12\\\/favicon-150x150.jpg\",\"caption\":\"Admin\"},\"url\":\"https:\\\/\\\/diariofemenino.com.ar\\\/df\\\/author\\\/sofiperez\\\/\"}]}<\/script>\n<!-- \/ Yoast SEO plugin. -->","yoast_head_json":{"title":"A juicio por impedir un aborto legal - Diario Digital Femenino","robots":{"index":"index","follow":"follow","max-snippet":"max-snippet:-1","max-image-preview":"max-image-preview:large","max-video-preview":"max-video-preview:-1"},"canonical":"https:\/\/diariofemenino.com.ar\/df\/a-juicio-por-impedir-un-aborto-legal\/","og_locale":"es_ES","og_type":"article","og_title":"A juicio por impedir un aborto legal - Diario Digital Femenino","og_description":"Una paciente lleg\u00f3 al hospital de Cipolletti con un aborto en curso. Hab\u00eda sido v\u00edctima de una violaci\u00f3n y ten\u00eda derecho a que se le practicara una interrupci\u00f3n legal del embarazo. El jefe del equipo de ginecolog\u00eda, Leandro Javier Rodriguez Lastra, un conocido militante antiabortista, no s\u00f3lo no acompa\u00f1\u00f3 la decisi\u00f3n de la paciente como [&hellip;]","og_url":"https:\/\/diariofemenino.com.ar\/df\/a-juicio-por-impedir-un-aborto-legal\/","og_site_name":"Diario Digital Femenino","article_publisher":"https:\/\/www.facebook.com\/DiarioDigitaFemenino\/","article_published_time":"2018-10-23T22:39:07+00:00","og_image":[{"width":840,"height":600,"url":"https:\/\/diariofemenino.com.ar\/df\/wp-content\/uploads\/2018\/10\/medico-antiaborto-1.jpg","type":"image\/jpeg"}],"author":"Admin","twitter_card":"summary_large_image","twitter_creator":"@DiarioFemenino1","twitter_site":"@DiarioFemenino1","twitter_misc":{"Escrito por":"Admin","Tiempo de lectura":"2 minutos"},"schema":{"@context":"https:\/\/schema.org","@graph":[{"@type":"Article","@id":"https:\/\/diariofemenino.com.ar\/df\/a-juicio-por-impedir-un-aborto-legal\/#article","isPartOf":{"@id":"https:\/\/diariofemenino.com.ar\/df\/a-juicio-por-impedir-un-aborto-legal\/"},"author":{"name":"Admin","@id":"https:\/\/diariofemenino.com.ar\/df\/#\/schema\/person\/1c36bc3bf394d8ec320814298b4fdd3f"},"headline":"A juicio por impedir un aborto legal","datePublished":"2018-10-23T22:39:07+00:00","mainEntityOfPage":{"@id":"https:\/\/diariofemenino.com.ar\/df\/a-juicio-por-impedir-un-aborto-legal\/"},"wordCount":478,"publisher":{"@id":"https:\/\/diariofemenino.com.ar\/df\/#organization"},"image":{"@id":"https:\/\/diariofemenino.com.ar\/df\/a-juicio-por-impedir-un-aborto-legal\/#primaryimage"},"thumbnailUrl":"https:\/\/diariofemenino.com.ar\/df\/wp-content\/uploads\/2018\/10\/medico-antiaborto-1.jpg","keywords":["#AbortoLegal","Maltrato"],"articleSection":["Aborto"],"inLanguage":"es"},{"@type":"WebPage","@id":"https:\/\/diariofemenino.com.ar\/df\/a-juicio-por-impedir-un-aborto-legal\/","url":"https:\/\/diariofemenino.com.ar\/df\/a-juicio-por-impedir-un-aborto-legal\/","name":"A juicio por impedir un aborto legal - Diario Digital Femenino","isPartOf":{"@id":"https:\/\/diariofemenino.com.ar\/df\/#website"},"primaryImageOfPage":{"@id":"https:\/\/diariofemenino.com.ar\/df\/a-juicio-por-impedir-un-aborto-legal\/#primaryimage"},"image":{"@id":"https:\/\/diariofemenino.com.ar\/df\/a-juicio-por-impedir-un-aborto-legal\/#primaryimage"},"thumbnailUrl":"https:\/\/diariofemenino.com.ar\/df\/wp-content\/uploads\/2018\/10\/medico-antiaborto-1.jpg","datePublished":"2018-10-23T22:39:07+00:00","breadcrumb":{"@id":"https:\/\/diariofemenino.com.ar\/df\/a-juicio-por-impedir-un-aborto-legal\/#breadcrumb"},"inLanguage":"es","potentialAction":[{"@type":"ReadAction","target":["https:\/\/diariofemenino.com.ar\/df\/a-juicio-por-impedir-un-aborto-legal\/"]}]},{"@type":"ImageObject","inLanguage":"es","@id":"https:\/\/diariofemenino.com.ar\/df\/a-juicio-por-impedir-un-aborto-legal\/#primaryimage","url":"https:\/\/diariofemenino.com.ar\/df\/wp-content\/uploads\/2018\/10\/medico-antiaborto-1.jpg","contentUrl":"https:\/\/diariofemenino.com.ar\/df\/wp-content\/uploads\/2018\/10\/medico-antiaborto-1.jpg","width":840,"height":600},{"@type":"BreadcrumbList","@id":"https:\/\/diariofemenino.com.ar\/df\/a-juicio-por-impedir-un-aborto-legal\/#breadcrumb","itemListElement":[{"@type":"ListItem","position":1,"name":"Portada","item":"https:\/\/diariofemenino.com.ar\/df\/"},{"@type":"ListItem","position":2,"name":"A juicio por impedir un aborto legal"}]},{"@type":"WebSite","@id":"https:\/\/diariofemenino.com.ar\/df\/#website","url":"https:\/\/diariofemenino.com.ar\/df\/","name":"Diario Digital Femenino","description":"Cuesti\u00f3n de G\u00e9nero","publisher":{"@id":"https:\/\/diariofemenino.com.ar\/df\/#organization"},"potentialAction":[{"@type":"SearchAction","target":{"@type":"EntryPoint","urlTemplate":"https:\/\/diariofemenino.com.ar\/df\/?s={search_term_string}"},"query-input":{"@type":"PropertyValueSpecification","valueRequired":true,"valueName":"search_term_string"}}],"inLanguage":"es"},{"@type":"Organization","@id":"https:\/\/diariofemenino.com.ar\/df\/#organization","name":"Diario Femenino","url":"https:\/\/diariofemenino.com.ar\/df\/","logo":{"@type":"ImageObject","inLanguage":"es","@id":"https:\/\/diariofemenino.com.ar\/df\/#\/schema\/logo\/image\/","url":"https:\/\/diariofemenino.com.ar\/df\/wp-content\/uploads\/2018\/10\/logo.png","contentUrl":"https:\/\/diariofemenino.com.ar\/df\/wp-content\/uploads\/2018\/10\/logo.png","width":500,"height":92,"caption":"Diario Femenino"},"image":{"@id":"https:\/\/diariofemenino.com.ar\/df\/#\/schema\/logo\/image\/"},"sameAs":["https:\/\/www.facebook.com\/DiarioDigitaFemenino\/","https:\/\/x.com\/DiarioFemenino1"]},{"@type":"Person","@id":"https:\/\/diariofemenino.com.ar\/df\/#\/schema\/person\/1c36bc3bf394d8ec320814298b4fdd3f","name":"Admin","image":{"@type":"ImageObject","inLanguage":"es","@id":"https:\/\/diariofemenino.com.ar\/df\/wp-content\/uploads\/2018\/12\/favicon-150x150.jpg","url":"https:\/\/diariofemenino.com.ar\/df\/wp-content\/uploads\/2018\/12\/favicon-150x150.jpg","contentUrl":"https:\/\/diariofemenino.com.ar\/df\/wp-content\/uploads\/2018\/12\/favicon-150x150.jpg","caption":"Admin"},"url":"https:\/\/diariofemenino.com.ar\/df\/author\/sofiperez\/"}]}},"jetpack_featured_media_url":"https:\/\/diariofemenino.com.ar\/df\/wp-content\/uploads\/2018\/10\/medico-antiaborto-1.jpg","jetpack_sharing_enabled":true,"rttpg_featured_image_url":{"full":["https:\/\/diariofemenino.com.ar\/df\/wp-content\/uploads\/2018\/10\/medico-antiaborto-1.jpg",840,600,false],"landscape":["https:\/\/diariofemenino.com.ar\/df\/wp-content\/uploads\/2018\/10\/medico-antiaborto-1.jpg",840,600,false],"portraits":["https:\/\/diariofemenino.com.ar\/df\/wp-content\/uploads\/2018\/10\/medico-antiaborto-1.jpg",840,600,false],"thumbnail":["https:\/\/diariofemenino.com.ar\/df\/wp-content\/uploads\/2018\/10\/medico-antiaborto-1-150x150.jpg",150,150,true],"medium":["https:\/\/diariofemenino.com.ar\/df\/wp-content\/uploads\/2018\/10\/medico-antiaborto-1-300x214.jpg",300,214,true],"large":["https:\/\/diariofemenino.com.ar\/df\/wp-content\/uploads\/2018\/10\/medico-antiaborto-1.jpg",840,600,false],"1536x1536":["https:\/\/diariofemenino.com.ar\/df\/wp-content\/uploads\/2018\/10\/medico-antiaborto-1.jpg",840,600,false],"2048x2048":["https:\/\/diariofemenino.com.ar\/df\/wp-content\/uploads\/2018\/10\/medico-antiaborto-1.jpg",840,600,false]},"rttpg_author":{"display_name":"Admin","author_link":"https:\/\/diariofemenino.com.ar\/df\/author\/sofiperez\/"},"rttpg_comment":0,"rttpg_category":"<a href=\"https:\/\/diariofemenino.com.ar\/df\/category\/aborto\/\" rel=\"category tag\">Aborto<\/a>","rttpg_excerpt":"Una paciente lleg\u00f3 al hospital de Cipolletti con un aborto en curso. Hab\u00eda sido v\u00edctima de una violaci\u00f3n y ten\u00eda derecho a que se le practicara una interrupci\u00f3n legal del embarazo. El jefe del equipo de ginecolog\u00eda, Leandro Javier Rodriguez Lastra, un conocido militante antiabortista, no s\u00f3lo no acompa\u00f1\u00f3 la decisi\u00f3n de la paciente como&hellip;","_links":{"self":[{"href":"https:\/\/diariofemenino.com.ar\/df\/wp-json\/wp\/v2\/posts\/29494","targetHints":{"allow":["GET"]}}],"collection":[{"href":"https:\/\/diariofemenino.com.ar\/df\/wp-json\/wp\/v2\/posts"}],"about":[{"href":"https:\/\/diariofemenino.com.ar\/df\/wp-json\/wp\/v2\/types\/post"}],"author":[{"embeddable":true,"href":"https:\/\/diariofemenino.com.ar\/df\/wp-json\/wp\/v2\/users\/3"}],"replies":[{"embeddable":true,"href":"https:\/\/diariofemenino.com.ar\/df\/wp-json\/wp\/v2\/comments?post=29494"}],"version-history":[{"count":0,"href":"https:\/\/diariofemenino.com.ar\/df\/wp-json\/wp\/v2\/posts\/29494\/revisions"}],"wp:featuredmedia":[{"embeddable":true,"href":"https:\/\/diariofemenino.com.ar\/df\/wp-json\/wp\/v2\/media\/29495"}],"wp:attachment":[{"href":"https:\/\/diariofemenino.com.ar\/df\/wp-json\/wp\/v2\/media?parent=29494"}],"wp:term":[{"taxonomy":"category","embeddable":true,"href":"https:\/\/diariofemenino.com.ar\/df\/wp-json\/wp\/v2\/categories?post=29494"},{"taxonomy":"post_tag","embeddable":true,"href":"https:\/\/diariofemenino.com.ar\/df\/wp-json\/wp\/v2\/tags?post=29494"}],"curies":[{"name":"wp","href":"https:\/\/api.w.org\/{rel}","templated":true}]}}