{"id":29487,"date":"2018-10-23T07:22:33","date_gmt":"2018-10-23T10:22:33","guid":{"rendered":"http:\/\/diariofemenino.com.ar\/v2\/?p=29487"},"modified":"2019-08-10T22:52:54","modified_gmt":"2019-08-11T01:52:54","slug":"las-tres-olas-del-feminismo","status":"publish","type":"post","link":"https:\/\/diariofemenino.com.ar\/df\/las-tres-olas-del-feminismo\/","title":{"rendered":"Las tres olas del feminismo"},"content":{"rendered":"<p><strong>Billington_Betty_Naomi_Goldstein_Friedan_1921-2006_Barbara_Ireton_1932-1998_and_Marguerite_Rawalt_1895-1989-<\/strong><\/p>\n<h4 id=\"article-subheading_1-0\" class=\"comp article-subheading\">Desde la Ilustraci\u00f3n hasta las corrientes actuales<\/h4>\n<figure id=\"attachment_39638\" aria-describedby=\"caption-attachment-39638\" style=\"width: 300px\" class=\"wp-caption alignnone\"><img loading=\"lazy\" decoding=\"async\" class=\"size-full wp-image-39638\" src=\"https:\/\/diariofemenino.com.ar\/df\/wp-content\/uploads\/2018\/10\/Olas-300x235-1.jpg\" alt=\"Las tres olas del feminismo\" width=\"300\" height=\"235\" \/><figcaption id=\"caption-attachment-39638\" class=\"wp-caption-text\">Las tres olas del feminismo<\/figcaption><\/figure>\n<div id=\"article-meta_1-0\" class=\"comp article-meta mntl-block\" data-tracking-container=\"true\">\n<div id=\"byline_1-0\" class=\"comp byline\"><span class=\"byline-name\">Por\u00a0<a href=\"https:\/\/www.aboutespanol.com\/montserrat-barba-pan-1271490\">Montserrat Barba Pan<\/a><\/p>\n<p><\/span><\/div>\n<\/div>\n<div id=\"flex_1-0\" class=\"comp flex article-content\">Aunque las pol\u00e9micas y las protestas individuales sobre su destino se remontan a la Edad Media, el feminismo occidental nace en el XVII y se manifiesta como movimiento colectivo de lucha de las mujeres en la segunda mitad del siglo XIX. Para\u00a0<a href=\"http:\/\/www.mujeresenred.net\/anademiguel.html\" target=\"_blank\" rel=\"nofollow noopener\" data-component=\"link\" data-source=\"inlineLink\" data-type=\"externalLink\" data-ordinal=\"1\">la fil\u00f3sofa Ana de Miguel<\/a>, el feminismo empieza en el momento en que se articulan, \u00abtanto en la teor\u00eda como en la pr\u00e1ctica, un conjunto coherente de reivindicaciones\u00bb y las mujeres se organizan para conseguirlas, conscientes de la existencia de discriminaci\u00f3n sexual.<\/p>\n<p>Teniendo en cuenta este criterio, se puede hablar de\u00a0<strong>tres grandes etapas u <a href=\"https:\/\/diariofemenino.com.ar\/la-revolucion-de-los-vinculos\/\">olas feministas<\/a><\/strong>. Para describirlas, seguiremos el criterio de\u00a0<a href=\"https:\/\/ameliavalcarcel.com\/\" target=\"_blank\" rel=\"nofollow noopener\" data-component=\"link\" data-source=\"inlineLink\" data-type=\"externalLink\" data-ordinal=\"2\">Amelia Valc\u00e1rcel<\/a>, catedr\u00e1tica de Filosof\u00eda Moral y Pol\u00edtica de la UNED. Tanto Valc\u00e1rcel como Celia Amor\u00f3s comienzan su clasificaci\u00f3n en la Ilustraci\u00f3n, frente a las te\u00f3ricas anglosajonas que se\u00f1alan el inicio de la primera ola feminista en el sufragismo:<\/p>\n<h3>La primera ola: el feminismo ilustrado<\/h3>\n<p>Reivindica la ciudadan\u00eda de las <a href=\"https:\/\/diariofemenino.com.ar\/\">mujeres<\/a> y su obra m\u00e1s representativa es &#8216;Vindicaciones de los derechos de la mujer&#8217; de Mary Wollstonecraft. Sus principales caracter\u00edsticas son:<\/p>\n<ul>\n<li>Se extiende desde la Revoluci\u00f3n Francesa hasta mediados del siglo XIX.<\/li>\n<li>El debate se centra en la igualdad de la inteligencia y la reivindicaci\u00f3n de la educaci\u00f3n.<\/li>\n<li>Fundamenta sus reivindicaciones en el pensamiento del Siglo de las Luces, a pesar de que muchos autores como Rousseau desplazasen a la mujer a un segundo plano dentro del estado liberal.<\/li>\n<\/ul>\n<ul class=\"html-slice\">\n<li>Sus autores clave son Poullain de Barre, Olympe de Gouges y Mary Wollstonecraft, as\u00ed como las ciudadanas que presentaron en 1789 a la Asamblea francesa su \u00abcuaderno de reformas\u00bb, que inclu\u00eda ya el derecho al voto, la reforma de la instituci\u00f3n del matrimonio y la custodia de los hijos, adem\u00e1s del acceso a la instrucci\u00f3n. (&#8216;Cahiers de dol\u00e9ances&#8217;).<\/li>\n<\/ul>\n<div id=\"billboard2-sticky_1-0\" class=\"comp billboard2-sticky billboard-sticky is-lockable\" data-height=\"600\" data-parent=\"\"><\/div>\n<ul class=\"html-slice\">\n<li>Los derechos de la mujer comienzan a estar presentes en las tribunas pol\u00edticas e intelectuales. Uno de los grandes pensadores, el revolucionario girondino Condorcet, padre el laicismo en la ense\u00f1anza, escribe en 1790 el ensayo &#8216;Sobre la admisi\u00f3n de las mujeres en el derecho de la ciudad&#8217;:\u00a0<em>\u00abLos hechos han probado que los hombres ten\u00edan o cre\u00edan tener intereses muy diferentes de los de las mujeres, puesto que en todas partes han hecho contra ellas leyes opresivas o, al menos, establecido entre los dos sexos una gran desigualdad.\u00bb<\/em>(&#8216;Carta de un burgu\u00e9s de Newhaven a un ciudadano de Virginia&#8217;, 1787, Condorcet).<\/li>\n<\/ul>\n<h3>La segunda ola: el feminismo liberal sufragista<\/h3>\n<p>Reivindica principalmente el derecho al voto de las mujeres y su principal obra es &#8216;El sometimiento de la mujer&#8217;, escrito por John Stuart Mill y Harriet Taylor en 1869, que sent\u00f3 las bases del sufragismo. Su principales caracter\u00edsticas son:<\/p>\n<ul>\n<li>Se extiende desde mediados del siglo XIX hasta la d\u00e9cada de los cincuenta del siglo XX (final de la Segunda Guerra Mundial).<\/li>\n<li>Comienza con la Declaraci\u00f3n de Seneca Falls, de 1848. Entre 100 y 300 mujeres y hombres (la cifra var\u00eda seg\u00fan las fuentes) pertenecientes a movimientos sociales y organizaciones, lideradas por Elisabeth Cady Stanton y Lucrecia Mott, se re\u00fanen en el Seneca Falls (EE.UU) y, tomando como base la declaraci\u00f3n de Independencia norteamericana, reclaman la independencia de la mujer de las decisiones de padres y maridos as\u00ed como el derecho al trabajo, al que daban prioridad por encima del derecho al voto. Los doce principios formulados exigen cambios en las costumbres y moral de la \u00e9poca y en la consecuci\u00f3n de la plena ciudadan\u00eda de las mujeres.<\/li>\n<\/ul>\n<ul class=\"html-slice\">\n<li>En Inglaterra aparecen las sufragistas, lideradas por\u00a0<a href=\"https:\/\/www.aboutespanol.com\/emmeline-pankhurst-el-inicio-de-una-saga-de-feministas-1271666\" data-component=\"link\" data-source=\"inlineLink\" data-type=\"internalLink\" data-ordinal=\"3\">Emmeline Pankhurst<\/a>, y el debate sobre el sufragio universal se hace cada vez m\u00e1s intenso. Durante la primera mitad del siglo XX, se va incorporando a las legislaciones democr\u00e1ticas, a veces limitada en edad o estrato social. Es la primera reivindicaci\u00f3n pacifista e introduce el t\u00e9rmino de solidaridad.<\/li>\n<li>Socialmente, el activismo se extiende a las clases media y baja. Tambi\u00e9n se vincula a otras causas de derechos civiles, como la abolici\u00f3n de la esclavitud en Estados Unidos. En este sentido, destaca la figura de Sojourner Truth y su discurso &#8216;\u00bfAcaso no soy mujer'(&#8216;Ain&#8217;t I a woman&#8217;) de 1851.<\/li>\n<li>Contin\u00faan, en paralelo al derecho al voto, las reivindicaciones sobre el acceso a la educaci\u00f3n y, a partir de 1880, algunas mujeres comienzan a admitir mujeres en las aulas universitarias, aunque todav\u00eda es algo excepcional. Antes, la mujer fue logrando acceso a la educaci\u00f3n primaria y secundaria, aunque todav\u00eda bajo el pretexto de ser buena madre y esposa.<\/li>\n<\/ul>\n<h3>La tercera ola: el feminismo contempor\u00e1neo<\/h3>\n<p>Reivindica un cambio de valores y que la justicia legisle aspectos considerados antes como \u00abprivados\u00bb. Sus obras de referencia son\u00a0<a href=\"https:\/\/www.aboutespanol.com\/15-frases-y-fragmentos-destacados-de-el-segundo-sexo-1271749\" data-component=\"link\" data-source=\"inlineLink\" data-type=\"internalLink\" data-ordinal=\"4\">&#8216;El segundo sexo<\/a>&#8216; de\u00a0<a href=\"https:\/\/www.aboutespanol.com\/simone-de-beauvoir-la-mujer-nueva-1271554\" data-component=\"link\" data-source=\"inlineLink\" data-type=\"internalLink\" data-ordinal=\"5\">Simone de Beauvoir<\/a>, y &#8216;La m\u00edstica de la femineidad&#8217;, de\u00a0<a href=\"https:\/\/www.aboutespanol.com\/betty-friedan-y-el-malestar-que-no-tiene-nombre-1271643\" data-component=\"link\" data-source=\"inlineLink\" data-type=\"internalLink\" data-ordinal=\"6\">Betty Friedan<\/a>. Su principales caracter\u00edsticas son:<\/p>\n<ul>\n<li>Comienza con las revoluciones de los a\u00f1os 60 hasta la actualidad, aunque algunas te\u00f3ricas marcan el punto final en los a\u00f1os 80.<\/li>\n<li>Se lucha contra la mujer como estereotipo sexual en los medios de comunicaci\u00f3n, el arte y la publicidad. Los a\u00f1os cincuenta definen un tipo de femineidad, de la que se hace propaganda en la televisi\u00f3n y el cine. Los sesenta y setenta reflexionan acerca de esos modelos y se enfrentan a ellos.<\/li>\n<li>Pide la abolici\u00f3n del patriarcado: se toma consciencia de que m\u00e1s all\u00e1 del derecho al voto, la educaci\u00f3n y otros logros de las primera feministas, es la estructura social la que provoca\u00a0<a href=\"https:\/\/www.aboutespanol.com\/la-situacion-laboral-de-la-mujer-en-el-mundo-1271781\" data-component=\"link\" data-source=\"inlineLink\" data-type=\"internalLink\" data-ordinal=\"7\">desigualdades<\/a>\u00a0y sigue estableciendo jerarqu\u00edas que benefician a los varones.<\/li>\n<li>Con el lema \u00ablo personal es pol\u00edtico\u00bb entran en el debate la sexualidad femenina,\u00a0<a href=\"https:\/\/www.aboutespanol.com\/que-es-la-violencia-machista-1271785\" data-component=\"link\" data-source=\"inlineLink\" data-type=\"internalLink\" data-ordinal=\"8\">la violencia contra la mujer<\/a>, la salud femenina, el aborto o la contracepci\u00f3n, entre otros.<\/li>\n<li>Desde los a\u00f1os ochenta, adquieren especial importancia las diversidades femeninas, el multiculturalismo, la solidaridad femenina y el debate, cada vez m\u00e1s intenso, entre diferentes corrientes del feminismo.<\/li>\n<\/ul>\n<p><cite>Fuente: &#8216;Los feminismos a trav\u00e9s de la historia&#8217;. Ana de Miguel<\/cite><\/p>\n<\/div>\n","protected":false},"excerpt":{"rendered":"<p>Billington_Betty_Naomi_Goldstein_Friedan_1921-2006_Barbara_Ireton_1932-1998_and_Marguerite_Rawalt_1895-1989- Desde la Ilustraci\u00f3n hasta las corrientes actuales Por\u00a0Montserrat Barba Pan Aunque las pol\u00e9micas y las protestas individuales sobre su destino se remontan a la Edad Media, el feminismo occidental nace en el XVII y se manifiesta como movimiento colectivo de lucha de las mujeres en la segunda mitad del siglo XIX. Para\u00a0la fil\u00f3sofa Ana [&hellip;]<\/p>\n","protected":false},"author":1,"featured_media":29488,"comment_status":"closed","ping_status":"closed","sticky":false,"template":"","format":"standard","meta":{"iawp_total_views":1706,"footnotes":""},"categories":[7,178],"tags":[26],"class_list":["post-29487","post","type-post","status-publish","format-standard","has-post-thumbnail","hentry","category-actividades","category-articulos-y-comunicados","tag-feminismo"],"nelio_content":{"autoShareEndMode":"never","automationSources":{"useCustomSentences":false,"customSentences":[]},"efiAlt":"","efiUrl":"","followers":[4,1],"highlights":[],"isAutoShareEnabled":true,"networkImageIds":[],"permalinkQueryArgs":[],"series":[],"suggestedReferences":[]},"yoast_head":"<!-- This site is optimized with the Yoast SEO plugin v27.5 - https:\/\/yoast.com\/product\/yoast-seo-wordpress\/ -->\n<title>Las tres olas del feminismo - Diario Digital Femenino<\/title>\n<meta name=\"description\" content=\"Las tres olas del feminismo. Billington_Betty_Naomi_Goldstein_Friedan_1921-2006_Barbara_Ireton_1932-1998_and_Marguerite_Rawalt_1895-1989-\" \/>\n<meta name=\"robots\" content=\"index, follow, max-snippet:-1, max-image-preview:large, max-video-preview:-1\" \/>\n<link rel=\"canonical\" href=\"https:\/\/diariofemenino.com.ar\/df\/las-tres-olas-del-feminismo\/\" \/>\n<meta property=\"og:locale\" content=\"es_ES\" \/>\n<meta property=\"og:type\" content=\"article\" \/>\n<meta property=\"og:title\" content=\"Las tres olas del feminismo - Diario Digital Femenino\" \/>\n<meta property=\"og:description\" content=\"Las tres olas del feminismo. Billington_Betty_Naomi_Goldstein_Friedan_1921-2006_Barbara_Ireton_1932-1998_and_Marguerite_Rawalt_1895-1989-\" \/>\n<meta property=\"og:url\" content=\"https:\/\/diariofemenino.com.ar\/df\/las-tres-olas-del-feminismo\/\" \/>\n<meta property=\"og:site_name\" content=\"Diario Digital Femenino\" \/>\n<meta property=\"article:publisher\" content=\"https:\/\/www.facebook.com\/DiarioDigitaFemenino\/\" \/>\n<meta property=\"article:published_time\" content=\"2018-10-23T10:22:33+00:00\" \/>\n<meta property=\"article:modified_time\" content=\"2019-08-11T01:52:54+00:00\" \/>\n<meta property=\"og:image\" content=\"https:\/\/diariofemenino.com.ar\/df\/wp-content\/uploads\/2018\/10\/Olas.jpg\" \/>\n\t<meta property=\"og:image:width\" content=\"622\" \/>\n\t<meta property=\"og:image:height\" content=\"488\" \/>\n\t<meta property=\"og:image:type\" content=\"image\/jpeg\" \/>\n<meta name=\"author\" content=\"Admin\" \/>\n<meta name=\"twitter:card\" content=\"summary_large_image\" \/>\n<meta name=\"twitter:creator\" content=\"@DiarioFemenino1\" \/>\n<meta name=\"twitter:site\" content=\"@DiarioFemenino1\" \/>\n<meta name=\"twitter:label1\" content=\"Escrito por\" \/>\n\t<meta name=\"twitter:data1\" content=\"Admin\" \/>\n\t<meta name=\"twitter:label2\" content=\"Tiempo de lectura\" \/>\n\t<meta name=\"twitter:data2\" content=\"5 minutos\" \/>\n<script type=\"application\/ld+json\" class=\"yoast-schema-graph\">{\"@context\":\"https:\\\/\\\/schema.org\",\"@graph\":[{\"@type\":\"Article\",\"@id\":\"https:\\\/\\\/diariofemenino.com.ar\\\/df\\\/las-tres-olas-del-feminismo\\\/#article\",\"isPartOf\":{\"@id\":\"https:\\\/\\\/diariofemenino.com.ar\\\/df\\\/las-tres-olas-del-feminismo\\\/\"},\"author\":{\"name\":\"Admin\",\"@id\":\"https:\\\/\\\/diariofemenino.com.ar\\\/df\\\/#\\\/schema\\\/person\\\/38f54b3bfd13f561de2460ba95c169c6\"},\"headline\":\"Las tres olas del feminismo\",\"datePublished\":\"2018-10-23T10:22:33+00:00\",\"dateModified\":\"2019-08-11T01:52:54+00:00\",\"mainEntityOfPage\":{\"@id\":\"https:\\\/\\\/diariofemenino.com.ar\\\/df\\\/las-tres-olas-del-feminismo\\\/\"},\"wordCount\":1064,\"publisher\":{\"@id\":\"https:\\\/\\\/diariofemenino.com.ar\\\/df\\\/#organization\"},\"image\":{\"@id\":\"https:\\\/\\\/diariofemenino.com.ar\\\/df\\\/las-tres-olas-del-feminismo\\\/#primaryimage\"},\"thumbnailUrl\":\"https:\\\/\\\/diariofemenino.com.ar\\\/df\\\/wp-content\\\/uploads\\\/2018\\\/10\\\/Olas.jpg\",\"keywords\":[\"Feminismo\"],\"articleSection\":[\"Actividades\",\"Art\u00edculos y Comunicados\"],\"inLanguage\":\"es\"},{\"@type\":\"WebPage\",\"@id\":\"https:\\\/\\\/diariofemenino.com.ar\\\/df\\\/las-tres-olas-del-feminismo\\\/\",\"url\":\"https:\\\/\\\/diariofemenino.com.ar\\\/df\\\/las-tres-olas-del-feminismo\\\/\",\"name\":\"Las tres olas del feminismo - Diario Digital Femenino\",\"isPartOf\":{\"@id\":\"https:\\\/\\\/diariofemenino.com.ar\\\/df\\\/#website\"},\"primaryImageOfPage\":{\"@id\":\"https:\\\/\\\/diariofemenino.com.ar\\\/df\\\/las-tres-olas-del-feminismo\\\/#primaryimage\"},\"image\":{\"@id\":\"https:\\\/\\\/diariofemenino.com.ar\\\/df\\\/las-tres-olas-del-feminismo\\\/#primaryimage\"},\"thumbnailUrl\":\"https:\\\/\\\/diariofemenino.com.ar\\\/df\\\/wp-content\\\/uploads\\\/2018\\\/10\\\/Olas.jpg\",\"datePublished\":\"2018-10-23T10:22:33+00:00\",\"dateModified\":\"2019-08-11T01:52:54+00:00\",\"description\":\"Las tres olas del feminismo. Billington_Betty_Naomi_Goldstein_Friedan_1921-2006_Barbara_Ireton_1932-1998_and_Marguerite_Rawalt_1895-1989-\",\"breadcrumb\":{\"@id\":\"https:\\\/\\\/diariofemenino.com.ar\\\/df\\\/las-tres-olas-del-feminismo\\\/#breadcrumb\"},\"inLanguage\":\"es\",\"potentialAction\":[{\"@type\":\"ReadAction\",\"target\":[\"https:\\\/\\\/diariofemenino.com.ar\\\/df\\\/las-tres-olas-del-feminismo\\\/\"]}]},{\"@type\":\"ImageObject\",\"inLanguage\":\"es\",\"@id\":\"https:\\\/\\\/diariofemenino.com.ar\\\/df\\\/las-tres-olas-del-feminismo\\\/#primaryimage\",\"url\":\"https:\\\/\\\/diariofemenino.com.ar\\\/df\\\/wp-content\\\/uploads\\\/2018\\\/10\\\/Olas.jpg\",\"contentUrl\":\"https:\\\/\\\/diariofemenino.com.ar\\\/df\\\/wp-content\\\/uploads\\\/2018\\\/10\\\/Olas.jpg\",\"width\":622,\"height\":488},{\"@type\":\"BreadcrumbList\",\"@id\":\"https:\\\/\\\/diariofemenino.com.ar\\\/df\\\/las-tres-olas-del-feminismo\\\/#breadcrumb\",\"itemListElement\":[{\"@type\":\"ListItem\",\"position\":1,\"name\":\"Portada\",\"item\":\"https:\\\/\\\/diariofemenino.com.ar\\\/df\\\/\"},{\"@type\":\"ListItem\",\"position\":2,\"name\":\"Las tres olas del feminismo\"}]},{\"@type\":\"WebSite\",\"@id\":\"https:\\\/\\\/diariofemenino.com.ar\\\/df\\\/#website\",\"url\":\"https:\\\/\\\/diariofemenino.com.ar\\\/df\\\/\",\"name\":\"Diario Digital Femenino\",\"description\":\"Cuesti\u00f3n de G\u00e9nero\",\"publisher\":{\"@id\":\"https:\\\/\\\/diariofemenino.com.ar\\\/df\\\/#organization\"},\"potentialAction\":[{\"@type\":\"SearchAction\",\"target\":{\"@type\":\"EntryPoint\",\"urlTemplate\":\"https:\\\/\\\/diariofemenino.com.ar\\\/df\\\/?s={search_term_string}\"},\"query-input\":{\"@type\":\"PropertyValueSpecification\",\"valueRequired\":true,\"valueName\":\"search_term_string\"}}],\"inLanguage\":\"es\"},{\"@type\":\"Organization\",\"@id\":\"https:\\\/\\\/diariofemenino.com.ar\\\/df\\\/#organization\",\"name\":\"Diario Femenino\",\"url\":\"https:\\\/\\\/diariofemenino.com.ar\\\/df\\\/\",\"logo\":{\"@type\":\"ImageObject\",\"inLanguage\":\"es\",\"@id\":\"https:\\\/\\\/diariofemenino.com.ar\\\/df\\\/#\\\/schema\\\/logo\\\/image\\\/\",\"url\":\"https:\\\/\\\/diariofemenino.com.ar\\\/df\\\/wp-content\\\/uploads\\\/2018\\\/10\\\/logo.png\",\"contentUrl\":\"https:\\\/\\\/diariofemenino.com.ar\\\/df\\\/wp-content\\\/uploads\\\/2018\\\/10\\\/logo.png\",\"width\":500,\"height\":92,\"caption\":\"Diario Femenino\"},\"image\":{\"@id\":\"https:\\\/\\\/diariofemenino.com.ar\\\/df\\\/#\\\/schema\\\/logo\\\/image\\\/\"},\"sameAs\":[\"https:\\\/\\\/www.facebook.com\\\/DiarioDigitaFemenino\\\/\",\"https:\\\/\\\/x.com\\\/DiarioFemenino1\"]},{\"@type\":\"Person\",\"@id\":\"https:\\\/\\\/diariofemenino.com.ar\\\/df\\\/#\\\/schema\\\/person\\\/38f54b3bfd13f561de2460ba95c169c6\",\"name\":\"Admin\",\"image\":{\"@type\":\"ImageObject\",\"inLanguage\":\"es\",\"@id\":\"https:\\\/\\\/diariofemenino.com.ar\\\/df\\\/wp-content\\\/uploads\\\/2018\\\/12\\\/favicon-150x150.jpg\",\"url\":\"https:\\\/\\\/diariofemenino.com.ar\\\/df\\\/wp-content\\\/uploads\\\/2018\\\/12\\\/favicon-150x150.jpg\",\"contentUrl\":\"https:\\\/\\\/diariofemenino.com.ar\\\/df\\\/wp-content\\\/uploads\\\/2018\\\/12\\\/favicon-150x150.jpg\",\"caption\":\"Admin\"},\"url\":\"https:\\\/\\\/diariofemenino.com.ar\\\/df\\\/author\\\/adm18df\\\/\"}]}<\/script>\n<!-- \/ Yoast SEO plugin. -->","yoast_head_json":{"title":"Las tres olas del feminismo - Diario Digital Femenino","description":"Las tres olas del feminismo. Billington_Betty_Naomi_Goldstein_Friedan_1921-2006_Barbara_Ireton_1932-1998_and_Marguerite_Rawalt_1895-1989-","robots":{"index":"index","follow":"follow","max-snippet":"max-snippet:-1","max-image-preview":"max-image-preview:large","max-video-preview":"max-video-preview:-1"},"canonical":"https:\/\/diariofemenino.com.ar\/df\/las-tres-olas-del-feminismo\/","og_locale":"es_ES","og_type":"article","og_title":"Las tres olas del feminismo - Diario Digital Femenino","og_description":"Las tres olas del feminismo. Billington_Betty_Naomi_Goldstein_Friedan_1921-2006_Barbara_Ireton_1932-1998_and_Marguerite_Rawalt_1895-1989-","og_url":"https:\/\/diariofemenino.com.ar\/df\/las-tres-olas-del-feminismo\/","og_site_name":"Diario Digital Femenino","article_publisher":"https:\/\/www.facebook.com\/DiarioDigitaFemenino\/","article_published_time":"2018-10-23T10:22:33+00:00","article_modified_time":"2019-08-11T01:52:54+00:00","og_image":[{"width":622,"height":488,"url":"https:\/\/diariofemenino.com.ar\/df\/wp-content\/uploads\/2018\/10\/Olas.jpg","type":"image\/jpeg"}],"author":"Admin","twitter_card":"summary_large_image","twitter_creator":"@DiarioFemenino1","twitter_site":"@DiarioFemenino1","twitter_misc":{"Escrito por":"Admin","Tiempo de lectura":"5 minutos"},"schema":{"@context":"https:\/\/schema.org","@graph":[{"@type":"Article","@id":"https:\/\/diariofemenino.com.ar\/df\/las-tres-olas-del-feminismo\/#article","isPartOf":{"@id":"https:\/\/diariofemenino.com.ar\/df\/las-tres-olas-del-feminismo\/"},"author":{"name":"Admin","@id":"https:\/\/diariofemenino.com.ar\/df\/#\/schema\/person\/38f54b3bfd13f561de2460ba95c169c6"},"headline":"Las tres olas del feminismo","datePublished":"2018-10-23T10:22:33+00:00","dateModified":"2019-08-11T01:52:54+00:00","mainEntityOfPage":{"@id":"https:\/\/diariofemenino.com.ar\/df\/las-tres-olas-del-feminismo\/"},"wordCount":1064,"publisher":{"@id":"https:\/\/diariofemenino.com.ar\/df\/#organization"},"image":{"@id":"https:\/\/diariofemenino.com.ar\/df\/las-tres-olas-del-feminismo\/#primaryimage"},"thumbnailUrl":"https:\/\/diariofemenino.com.ar\/df\/wp-content\/uploads\/2018\/10\/Olas.jpg","keywords":["Feminismo"],"articleSection":["Actividades","Art\u00edculos y Comunicados"],"inLanguage":"es"},{"@type":"WebPage","@id":"https:\/\/diariofemenino.com.ar\/df\/las-tres-olas-del-feminismo\/","url":"https:\/\/diariofemenino.com.ar\/df\/las-tres-olas-del-feminismo\/","name":"Las tres olas del feminismo - Diario Digital Femenino","isPartOf":{"@id":"https:\/\/diariofemenino.com.ar\/df\/#website"},"primaryImageOfPage":{"@id":"https:\/\/diariofemenino.com.ar\/df\/las-tres-olas-del-feminismo\/#primaryimage"},"image":{"@id":"https:\/\/diariofemenino.com.ar\/df\/las-tres-olas-del-feminismo\/#primaryimage"},"thumbnailUrl":"https:\/\/diariofemenino.com.ar\/df\/wp-content\/uploads\/2018\/10\/Olas.jpg","datePublished":"2018-10-23T10:22:33+00:00","dateModified":"2019-08-11T01:52:54+00:00","description":"Las tres olas del feminismo. Billington_Betty_Naomi_Goldstein_Friedan_1921-2006_Barbara_Ireton_1932-1998_and_Marguerite_Rawalt_1895-1989-","breadcrumb":{"@id":"https:\/\/diariofemenino.com.ar\/df\/las-tres-olas-del-feminismo\/#breadcrumb"},"inLanguage":"es","potentialAction":[{"@type":"ReadAction","target":["https:\/\/diariofemenino.com.ar\/df\/las-tres-olas-del-feminismo\/"]}]},{"@type":"ImageObject","inLanguage":"es","@id":"https:\/\/diariofemenino.com.ar\/df\/las-tres-olas-del-feminismo\/#primaryimage","url":"https:\/\/diariofemenino.com.ar\/df\/wp-content\/uploads\/2018\/10\/Olas.jpg","contentUrl":"https:\/\/diariofemenino.com.ar\/df\/wp-content\/uploads\/2018\/10\/Olas.jpg","width":622,"height":488},{"@type":"BreadcrumbList","@id":"https:\/\/diariofemenino.com.ar\/df\/las-tres-olas-del-feminismo\/#breadcrumb","itemListElement":[{"@type":"ListItem","position":1,"name":"Portada","item":"https:\/\/diariofemenino.com.ar\/df\/"},{"@type":"ListItem","position":2,"name":"Las tres olas del feminismo"}]},{"@type":"WebSite","@id":"https:\/\/diariofemenino.com.ar\/df\/#website","url":"https:\/\/diariofemenino.com.ar\/df\/","name":"Diario Digital Femenino","description":"Cuesti\u00f3n de G\u00e9nero","publisher":{"@id":"https:\/\/diariofemenino.com.ar\/df\/#organization"},"potentialAction":[{"@type":"SearchAction","target":{"@type":"EntryPoint","urlTemplate":"https:\/\/diariofemenino.com.ar\/df\/?s={search_term_string}"},"query-input":{"@type":"PropertyValueSpecification","valueRequired":true,"valueName":"search_term_string"}}],"inLanguage":"es"},{"@type":"Organization","@id":"https:\/\/diariofemenino.com.ar\/df\/#organization","name":"Diario Femenino","url":"https:\/\/diariofemenino.com.ar\/df\/","logo":{"@type":"ImageObject","inLanguage":"es","@id":"https:\/\/diariofemenino.com.ar\/df\/#\/schema\/logo\/image\/","url":"https:\/\/diariofemenino.com.ar\/df\/wp-content\/uploads\/2018\/10\/logo.png","contentUrl":"https:\/\/diariofemenino.com.ar\/df\/wp-content\/uploads\/2018\/10\/logo.png","width":500,"height":92,"caption":"Diario Femenino"},"image":{"@id":"https:\/\/diariofemenino.com.ar\/df\/#\/schema\/logo\/image\/"},"sameAs":["https:\/\/www.facebook.com\/DiarioDigitaFemenino\/","https:\/\/x.com\/DiarioFemenino1"]},{"@type":"Person","@id":"https:\/\/diariofemenino.com.ar\/df\/#\/schema\/person\/38f54b3bfd13f561de2460ba95c169c6","name":"Admin","image":{"@type":"ImageObject","inLanguage":"es","@id":"https:\/\/diariofemenino.com.ar\/df\/wp-content\/uploads\/2018\/12\/favicon-150x150.jpg","url":"https:\/\/diariofemenino.com.ar\/df\/wp-content\/uploads\/2018\/12\/favicon-150x150.jpg","contentUrl":"https:\/\/diariofemenino.com.ar\/df\/wp-content\/uploads\/2018\/12\/favicon-150x150.jpg","caption":"Admin"},"url":"https:\/\/diariofemenino.com.ar\/df\/author\/adm18df\/"}]}},"jetpack_featured_media_url":"https:\/\/diariofemenino.com.ar\/df\/wp-content\/uploads\/2018\/10\/Olas.jpg","jetpack_sharing_enabled":true,"rttpg_featured_image_url":{"full":["https:\/\/diariofemenino.com.ar\/df\/wp-content\/uploads\/2018\/10\/Olas.jpg",622,488,false],"landscape":["https:\/\/diariofemenino.com.ar\/df\/wp-content\/uploads\/2018\/10\/Olas.jpg",622,488,false],"portraits":["https:\/\/diariofemenino.com.ar\/df\/wp-content\/uploads\/2018\/10\/Olas.jpg",622,488,false],"thumbnail":["https:\/\/diariofemenino.com.ar\/df\/wp-content\/uploads\/2018\/10\/Olas-150x150.jpg",150,150,true],"medium":["https:\/\/diariofemenino.com.ar\/df\/wp-content\/uploads\/2018\/10\/Olas-300x235.jpg",300,235,true],"large":["https:\/\/diariofemenino.com.ar\/df\/wp-content\/uploads\/2018\/10\/Olas.jpg",622,488,false],"1536x1536":["https:\/\/diariofemenino.com.ar\/df\/wp-content\/uploads\/2018\/10\/Olas.jpg",622,488,false],"2048x2048":["https:\/\/diariofemenino.com.ar\/df\/wp-content\/uploads\/2018\/10\/Olas.jpg",622,488,false]},"rttpg_author":{"display_name":"Admin","author_link":"https:\/\/diariofemenino.com.ar\/df\/author\/adm18df\/"},"rttpg_comment":0,"rttpg_category":"<a href=\"https:\/\/diariofemenino.com.ar\/df\/category\/actividades\/\" rel=\"category tag\">Actividades<\/a> <a href=\"https:\/\/diariofemenino.com.ar\/df\/category\/articulos-y-comunicados\/\" rel=\"category tag\">Art\u00edculos y Comunicados<\/a>","rttpg_excerpt":"Billington_Betty_Naomi_Goldstein_Friedan_1921-2006_Barbara_Ireton_1932-1998_and_Marguerite_Rawalt_1895-1989- Desde la Ilustraci\u00f3n hasta las corrientes actuales Por\u00a0Montserrat Barba Pan Aunque las pol\u00e9micas y las protestas individuales sobre su destino se remontan a la Edad Media, el feminismo occidental nace en el XVII y se manifiesta como movimiento colectivo de lucha de las mujeres en la segunda mitad del siglo XIX. Para\u00a0la fil\u00f3sofa Ana&hellip;","_links":{"self":[{"href":"https:\/\/diariofemenino.com.ar\/df\/wp-json\/wp\/v2\/posts\/29487","targetHints":{"allow":["GET"]}}],"collection":[{"href":"https:\/\/diariofemenino.com.ar\/df\/wp-json\/wp\/v2\/posts"}],"about":[{"href":"https:\/\/diariofemenino.com.ar\/df\/wp-json\/wp\/v2\/types\/post"}],"author":[{"embeddable":true,"href":"https:\/\/diariofemenino.com.ar\/df\/wp-json\/wp\/v2\/users\/1"}],"replies":[{"embeddable":true,"href":"https:\/\/diariofemenino.com.ar\/df\/wp-json\/wp\/v2\/comments?post=29487"}],"version-history":[{"count":0,"href":"https:\/\/diariofemenino.com.ar\/df\/wp-json\/wp\/v2\/posts\/29487\/revisions"}],"wp:featuredmedia":[{"embeddable":true,"href":"https:\/\/diariofemenino.com.ar\/df\/wp-json\/wp\/v2\/media\/29488"}],"wp:attachment":[{"href":"https:\/\/diariofemenino.com.ar\/df\/wp-json\/wp\/v2\/media?parent=29487"}],"wp:term":[{"taxonomy":"category","embeddable":true,"href":"https:\/\/diariofemenino.com.ar\/df\/wp-json\/wp\/v2\/categories?post=29487"},{"taxonomy":"post_tag","embeddable":true,"href":"https:\/\/diariofemenino.com.ar\/df\/wp-json\/wp\/v2\/tags?post=29487"}],"curies":[{"name":"wp","href":"https:\/\/api.w.org\/{rel}","templated":true}]}}