{"id":2906,"date":"2012-08-10T14:28:38","date_gmt":"2012-08-10T17:28:38","guid":{"rendered":"http:\/\/www.diariofemenino.com.ar\/?p=2906"},"modified":"2012-08-10T14:28:38","modified_gmt":"2012-08-10T17:28:38","slug":"mujeres-con-derechos-atendera-a-victimas-de-violencia-familiar","status":"publish","type":"post","link":"https:\/\/diariofemenino.com.ar\/df\/mujeres-con-derechos-atendera-a-victimas-de-violencia-familiar\/","title":{"rendered":"Mujeres con Derechos atender\u00e1 a v\u00edctimas de violencia familiar"},"content":{"rendered":"<p>&nbsp;<br \/>\n<em>Brindar\u00e1 asesor\u00eda jur\u00eddica, psicol\u00f3gica y m\u00e9dica.<\/em><br \/>\nOrizaba, M\u00e9xico.- En unos d\u00edas quedar\u00e1 constituida formalmente la <strong>Fundaci\u00f3n Mujeres con Derechos<\/strong>, la cual brindar\u00e1 atenci\u00f3n psicol\u00f3gica, jur\u00eddica y m\u00e9dica a las f\u00e9minas que sean v\u00edctimas de violencia, as\u00ed como fomentar\u00e1 la participaci\u00f3n en diversas actividades.<br \/>\nPara dar inicio a las acciones de esa agrupaci\u00f3n, iniciar\u00e1 el apoyo para el p\u00fablico en general que tenga la intenci\u00f3n de prepararse, v\u00eda Internet, con diversas carreras que ofrece la Universidad del Conde.<br \/>\nLa representante Rosa Mar\u00eda Zamudio Le\u00f3n inform\u00f3 que a finales de este mes empezar\u00e1 a funcionar la Asociaci\u00f3n en esta ciudad, con la finalidad de que las mujeres cuenten con un grupo de ayuda, debido a que en esta ciudad no existe.<br \/>\nSe brindar\u00e1 apoyo psicol\u00f3gico, m\u00e9dico y jur\u00eddico, con el prop\u00f3sito de buscar alternativas de soluci\u00f3n a los problemas que enfrentan en sus familias o en el noviazgo, donde muchas veces se presenta el problema.<br \/>\nLas becas que se entregar\u00e1n ser\u00e1n para hombres y mujeres que deseen prepararse a trav\u00e9s de la Universidad del Conde, con clases de cuatro horas a la semana. Se brindar\u00e1 un apoyo del 90%.<br \/>\nEn caso de que existan interesados pueden comunicarse al los tel\u00e9fonos\u00a0\u00a0<img decoding=\"async\" src=\"chrome-extension:\/\/lifbcibllhkdhoafpjfnlhfpfgnpldfl\/numbers_button_skype_logo.png\" alt=\"\" \/>147-61-15\u00a0y 272-142-98-16. Las carreras est\u00e1n debidamente validadas por la Secretar\u00eda de Educaci\u00f3n P\u00fablica, y el beneficiario s\u00f3lo pagar\u00e1 una cantidad m\u00f3dica de alrededor de $300 mensuales.<br \/>\nZamudio Le\u00f3n indic\u00f3 que en breve las mujeres orizabe\u00f1as contar\u00e1n con un lugar donde se les apoyar\u00e1 para que puedan salir adelante de los problemas que les ata\u00f1en en materia de seguridad y bienestar.<br \/>\n&nbsp;<br \/>\n&nbsp;<br \/>\n&nbsp;<br \/>\nFuente: <a href=\"http:\/\/www.elmundodeorizaba.com\/noticias\/local\/1103754-3N\">El Mundo de Orizaba<\/a><\/p>\n","protected":false},"excerpt":{"rendered":"<p>&nbsp; Brindar\u00e1 asesor\u00eda jur\u00eddica, psicol\u00f3gica y m\u00e9dica. Orizaba, M\u00e9xico.- En unos d\u00edas quedar\u00e1 constituida formalmente la Fundaci\u00f3n Mujeres con Derechos, la cual brindar\u00e1 atenci\u00f3n psicol\u00f3gica, jur\u00eddica y m\u00e9dica a las f\u00e9minas que sean v\u00edctimas de violencia, as\u00ed como fomentar\u00e1 la participaci\u00f3n en diversas actividades. Para dar inicio a las acciones de esa agrupaci\u00f3n, iniciar\u00e1 el [&hellip;]<\/p>\n","protected":false},"author":1,"featured_media":2909,"comment_status":"open","ping_status":"open","sticky":false,"template":"","format":"standard","meta":{"iawp_total_views":2,"footnotes":""},"categories":[7,3,4],"tags":[],"class_list":["post-2906","post","type-post","status-publish","format-standard","has-post-thumbnail","hentry","category-actividades","category-de-la-revolucion-al-reaprendizaje","category-medios"],"nelio_content":{"autoShareEndMode":"never","automationSources":{"useCustomSentences":false,"customSentences":[]},"efiAlt":"","efiUrl":"","followers":[],"highlights":[],"isAutoShareEnabled":true,"networkImageIds":[],"permalinkQueryArgs":[],"series":[],"suggestedReferences":[]},"yoast_head":"<!-- This site is optimized with the Yoast SEO plugin v27.4 - https:\/\/yoast.com\/product\/yoast-seo-wordpress\/ -->\n<title>Mujeres con Derechos atender\u00e1 a v\u00edctimas de violencia familiar - Diario Digital Femenino<\/title>\n<meta name=\"robots\" content=\"index, follow, max-snippet:-1, max-image-preview:large, max-video-preview:-1\" \/>\n<link rel=\"canonical\" href=\"https:\/\/diariofemenino.com.ar\/df\/mujeres-con-derechos-atendera-a-victimas-de-violencia-familiar\/\" \/>\n<meta property=\"og:locale\" content=\"es_ES\" \/>\n<meta property=\"og:type\" content=\"article\" \/>\n<meta property=\"og:title\" content=\"Mujeres con Derechos atender\u00e1 a v\u00edctimas de violencia familiar - Diario Digital Femenino\" \/>\n<meta property=\"og:description\" content=\"&nbsp; Brindar\u00e1 asesor\u00eda jur\u00eddica, psicol\u00f3gica y m\u00e9dica. Orizaba, M\u00e9xico.- En unos d\u00edas quedar\u00e1 constituida formalmente la Fundaci\u00f3n Mujeres con Derechos, la cual brindar\u00e1 atenci\u00f3n psicol\u00f3gica, jur\u00eddica y m\u00e9dica a las f\u00e9minas que sean v\u00edctimas de violencia, as\u00ed como fomentar\u00e1 la participaci\u00f3n en diversas actividades. Para dar inicio a las acciones de esa agrupaci\u00f3n, iniciar\u00e1 el [&hellip;]\" \/>\n<meta property=\"og:url\" content=\"https:\/\/diariofemenino.com.ar\/df\/mujeres-con-derechos-atendera-a-victimas-de-violencia-familiar\/\" \/>\n<meta property=\"og:site_name\" content=\"Diario Digital Femenino\" \/>\n<meta property=\"article:publisher\" content=\"https:\/\/www.facebook.com\/DiarioDigitaFemenino\/\" \/>\n<meta property=\"article:published_time\" content=\"2012-08-10T17:28:38+00:00\" \/>\n<meta property=\"og:image\" content=\"https:\/\/diariofemenino.com.ar\/df\/wp-content\/uploads\/2016\/10\/logo-negro.png\" \/>\n\t<meta property=\"og:image:width\" content=\"855\" \/>\n\t<meta property=\"og:image:height\" content=\"319\" \/>\n\t<meta property=\"og:image:type\" content=\"image\/png\" \/>\n<meta name=\"author\" content=\"Admin\" \/>\n<meta name=\"twitter:card\" content=\"summary_large_image\" \/>\n<meta name=\"twitter:creator\" content=\"@DiarioFemenino1\" \/>\n<meta name=\"twitter:site\" content=\"@DiarioFemenino1\" \/>\n<meta name=\"twitter:label1\" content=\"Escrito por\" \/>\n\t<meta name=\"twitter:data1\" content=\"Admin\" \/>\n\t<meta name=\"twitter:label2\" content=\"Tiempo de lectura\" \/>\n\t<meta name=\"twitter:data2\" content=\"2 minutos\" \/>\n<script type=\"application\/ld+json\" class=\"yoast-schema-graph\">{\"@context\":\"https:\\\/\\\/schema.org\",\"@graph\":[{\"@type\":\"Article\",\"@id\":\"https:\\\/\\\/diariofemenino.com.ar\\\/df\\\/mujeres-con-derechos-atendera-a-victimas-de-violencia-familiar\\\/#article\",\"isPartOf\":{\"@id\":\"https:\\\/\\\/diariofemenino.com.ar\\\/df\\\/mujeres-con-derechos-atendera-a-victimas-de-violencia-familiar\\\/\"},\"author\":{\"name\":\"Admin\",\"@id\":\"https:\\\/\\\/diariofemenino.com.ar\\\/df\\\/#\\\/schema\\\/person\\\/38f54b3bfd13f561de2460ba95c169c6\"},\"headline\":\"Mujeres con Derechos atender\u00e1 a v\u00edctimas de violencia familiar\",\"datePublished\":\"2012-08-10T17:28:38+00:00\",\"mainEntityOfPage\":{\"@id\":\"https:\\\/\\\/diariofemenino.com.ar\\\/df\\\/mujeres-con-derechos-atendera-a-victimas-de-violencia-familiar\\\/\"},\"wordCount\":320,\"commentCount\":0,\"publisher\":{\"@id\":\"https:\\\/\\\/diariofemenino.com.ar\\\/df\\\/#organization\"},\"image\":{\"@id\":\"https:\\\/\\\/diariofemenino.com.ar\\\/df\\\/mujeres-con-derechos-atendera-a-victimas-de-violencia-familiar\\\/#primaryimage\"},\"thumbnailUrl\":\"\",\"articleSection\":[\"Actividades\",\"De la Revoluci\u00f3n al Reaprendizaje\",\"Medios\"],\"inLanguage\":\"es\",\"potentialAction\":[{\"@type\":\"CommentAction\",\"name\":\"Comment\",\"target\":[\"https:\\\/\\\/diariofemenino.com.ar\\\/df\\\/mujeres-con-derechos-atendera-a-victimas-de-violencia-familiar\\\/#respond\"]}]},{\"@type\":\"WebPage\",\"@id\":\"https:\\\/\\\/diariofemenino.com.ar\\\/df\\\/mujeres-con-derechos-atendera-a-victimas-de-violencia-familiar\\\/\",\"url\":\"https:\\\/\\\/diariofemenino.com.ar\\\/df\\\/mujeres-con-derechos-atendera-a-victimas-de-violencia-familiar\\\/\",\"name\":\"Mujeres con Derechos atender\u00e1 a v\u00edctimas de violencia familiar - Diario Digital Femenino\",\"isPartOf\":{\"@id\":\"https:\\\/\\\/diariofemenino.com.ar\\\/df\\\/#website\"},\"primaryImageOfPage\":{\"@id\":\"https:\\\/\\\/diariofemenino.com.ar\\\/df\\\/mujeres-con-derechos-atendera-a-victimas-de-violencia-familiar\\\/#primaryimage\"},\"image\":{\"@id\":\"https:\\\/\\\/diariofemenino.com.ar\\\/df\\\/mujeres-con-derechos-atendera-a-victimas-de-violencia-familiar\\\/#primaryimage\"},\"thumbnailUrl\":\"\",\"datePublished\":\"2012-08-10T17:28:38+00:00\",\"breadcrumb\":{\"@id\":\"https:\\\/\\\/diariofemenino.com.ar\\\/df\\\/mujeres-con-derechos-atendera-a-victimas-de-violencia-familiar\\\/#breadcrumb\"},\"inLanguage\":\"es\",\"potentialAction\":[{\"@type\":\"ReadAction\",\"target\":[\"https:\\\/\\\/diariofemenino.com.ar\\\/df\\\/mujeres-con-derechos-atendera-a-victimas-de-violencia-familiar\\\/\"]}]},{\"@type\":\"ImageObject\",\"inLanguage\":\"es\",\"@id\":\"https:\\\/\\\/diariofemenino.com.ar\\\/df\\\/mujeres-con-derechos-atendera-a-victimas-de-violencia-familiar\\\/#primaryimage\",\"url\":\"\",\"contentUrl\":\"\"},{\"@type\":\"BreadcrumbList\",\"@id\":\"https:\\\/\\\/diariofemenino.com.ar\\\/df\\\/mujeres-con-derechos-atendera-a-victimas-de-violencia-familiar\\\/#breadcrumb\",\"itemListElement\":[{\"@type\":\"ListItem\",\"position\":1,\"name\":\"Portada\",\"item\":\"https:\\\/\\\/diariofemenino.com.ar\\\/df\\\/\"},{\"@type\":\"ListItem\",\"position\":2,\"name\":\"Mujeres con Derechos atender\u00e1 a v\u00edctimas de violencia familiar\"}]},{\"@type\":\"WebSite\",\"@id\":\"https:\\\/\\\/diariofemenino.com.ar\\\/df\\\/#website\",\"url\":\"https:\\\/\\\/diariofemenino.com.ar\\\/df\\\/\",\"name\":\"Diario Digital Femenino\",\"description\":\"Cuesti\u00f3n de G\u00e9nero\",\"publisher\":{\"@id\":\"https:\\\/\\\/diariofemenino.com.ar\\\/df\\\/#organization\"},\"potentialAction\":[{\"@type\":\"SearchAction\",\"target\":{\"@type\":\"EntryPoint\",\"urlTemplate\":\"https:\\\/\\\/diariofemenino.com.ar\\\/df\\\/?s={search_term_string}\"},\"query-input\":{\"@type\":\"PropertyValueSpecification\",\"valueRequired\":true,\"valueName\":\"search_term_string\"}}],\"inLanguage\":\"es\"},{\"@type\":\"Organization\",\"@id\":\"https:\\\/\\\/diariofemenino.com.ar\\\/df\\\/#organization\",\"name\":\"Diario Femenino\",\"url\":\"https:\\\/\\\/diariofemenino.com.ar\\\/df\\\/\",\"logo\":{\"@type\":\"ImageObject\",\"inLanguage\":\"es\",\"@id\":\"https:\\\/\\\/diariofemenino.com.ar\\\/df\\\/#\\\/schema\\\/logo\\\/image\\\/\",\"url\":\"https:\\\/\\\/diariofemenino.com.ar\\\/df\\\/wp-content\\\/uploads\\\/2018\\\/10\\\/logo.png\",\"contentUrl\":\"https:\\\/\\\/diariofemenino.com.ar\\\/df\\\/wp-content\\\/uploads\\\/2018\\\/10\\\/logo.png\",\"width\":500,\"height\":92,\"caption\":\"Diario Femenino\"},\"image\":{\"@id\":\"https:\\\/\\\/diariofemenino.com.ar\\\/df\\\/#\\\/schema\\\/logo\\\/image\\\/\"},\"sameAs\":[\"https:\\\/\\\/www.facebook.com\\\/DiarioDigitaFemenino\\\/\",\"https:\\\/\\\/x.com\\\/DiarioFemenino1\"]},{\"@type\":\"Person\",\"@id\":\"https:\\\/\\\/diariofemenino.com.ar\\\/df\\\/#\\\/schema\\\/person\\\/38f54b3bfd13f561de2460ba95c169c6\",\"name\":\"Admin\",\"image\":{\"@type\":\"ImageObject\",\"inLanguage\":\"es\",\"@id\":\"https:\\\/\\\/diariofemenino.com.ar\\\/df\\\/wp-content\\\/uploads\\\/2018\\\/12\\\/favicon-150x150.jpg\",\"url\":\"https:\\\/\\\/diariofemenino.com.ar\\\/df\\\/wp-content\\\/uploads\\\/2018\\\/12\\\/favicon-150x150.jpg\",\"contentUrl\":\"https:\\\/\\\/diariofemenino.com.ar\\\/df\\\/wp-content\\\/uploads\\\/2018\\\/12\\\/favicon-150x150.jpg\",\"caption\":\"Admin\"},\"url\":\"https:\\\/\\\/diariofemenino.com.ar\\\/df\\\/author\\\/adm18df\\\/\"}]}<\/script>\n<!-- \/ Yoast SEO plugin. -->","yoast_head_json":{"title":"Mujeres con Derechos atender\u00e1 a v\u00edctimas de violencia familiar - Diario Digital Femenino","robots":{"index":"index","follow":"follow","max-snippet":"max-snippet:-1","max-image-preview":"max-image-preview:large","max-video-preview":"max-video-preview:-1"},"canonical":"https:\/\/diariofemenino.com.ar\/df\/mujeres-con-derechos-atendera-a-victimas-de-violencia-familiar\/","og_locale":"es_ES","og_type":"article","og_title":"Mujeres con Derechos atender\u00e1 a v\u00edctimas de violencia familiar - Diario Digital Femenino","og_description":"&nbsp; Brindar\u00e1 asesor\u00eda jur\u00eddica, psicol\u00f3gica y m\u00e9dica. Orizaba, M\u00e9xico.- En unos d\u00edas quedar\u00e1 constituida formalmente la Fundaci\u00f3n Mujeres con Derechos, la cual brindar\u00e1 atenci\u00f3n psicol\u00f3gica, jur\u00eddica y m\u00e9dica a las f\u00e9minas que sean v\u00edctimas de violencia, as\u00ed como fomentar\u00e1 la participaci\u00f3n en diversas actividades. Para dar inicio a las acciones de esa agrupaci\u00f3n, iniciar\u00e1 el [&hellip;]","og_url":"https:\/\/diariofemenino.com.ar\/df\/mujeres-con-derechos-atendera-a-victimas-de-violencia-familiar\/","og_site_name":"Diario Digital Femenino","article_publisher":"https:\/\/www.facebook.com\/DiarioDigitaFemenino\/","article_published_time":"2012-08-10T17:28:38+00:00","og_image":[{"width":855,"height":319,"url":"https:\/\/diariofemenino.com.ar\/df\/wp-content\/uploads\/2016\/10\/logo-negro.png","type":"image\/png"}],"author":"Admin","twitter_card":"summary_large_image","twitter_creator":"@DiarioFemenino1","twitter_site":"@DiarioFemenino1","twitter_misc":{"Escrito por":"Admin","Tiempo de lectura":"2 minutos"},"schema":{"@context":"https:\/\/schema.org","@graph":[{"@type":"Article","@id":"https:\/\/diariofemenino.com.ar\/df\/mujeres-con-derechos-atendera-a-victimas-de-violencia-familiar\/#article","isPartOf":{"@id":"https:\/\/diariofemenino.com.ar\/df\/mujeres-con-derechos-atendera-a-victimas-de-violencia-familiar\/"},"author":{"name":"Admin","@id":"https:\/\/diariofemenino.com.ar\/df\/#\/schema\/person\/38f54b3bfd13f561de2460ba95c169c6"},"headline":"Mujeres con Derechos atender\u00e1 a v\u00edctimas de violencia familiar","datePublished":"2012-08-10T17:28:38+00:00","mainEntityOfPage":{"@id":"https:\/\/diariofemenino.com.ar\/df\/mujeres-con-derechos-atendera-a-victimas-de-violencia-familiar\/"},"wordCount":320,"commentCount":0,"publisher":{"@id":"https:\/\/diariofemenino.com.ar\/df\/#organization"},"image":{"@id":"https:\/\/diariofemenino.com.ar\/df\/mujeres-con-derechos-atendera-a-victimas-de-violencia-familiar\/#primaryimage"},"thumbnailUrl":"","articleSection":["Actividades","De la Revoluci\u00f3n al Reaprendizaje","Medios"],"inLanguage":"es","potentialAction":[{"@type":"CommentAction","name":"Comment","target":["https:\/\/diariofemenino.com.ar\/df\/mujeres-con-derechos-atendera-a-victimas-de-violencia-familiar\/#respond"]}]},{"@type":"WebPage","@id":"https:\/\/diariofemenino.com.ar\/df\/mujeres-con-derechos-atendera-a-victimas-de-violencia-familiar\/","url":"https:\/\/diariofemenino.com.ar\/df\/mujeres-con-derechos-atendera-a-victimas-de-violencia-familiar\/","name":"Mujeres con Derechos atender\u00e1 a v\u00edctimas de violencia familiar - Diario Digital Femenino","isPartOf":{"@id":"https:\/\/diariofemenino.com.ar\/df\/#website"},"primaryImageOfPage":{"@id":"https:\/\/diariofemenino.com.ar\/df\/mujeres-con-derechos-atendera-a-victimas-de-violencia-familiar\/#primaryimage"},"image":{"@id":"https:\/\/diariofemenino.com.ar\/df\/mujeres-con-derechos-atendera-a-victimas-de-violencia-familiar\/#primaryimage"},"thumbnailUrl":"","datePublished":"2012-08-10T17:28:38+00:00","breadcrumb":{"@id":"https:\/\/diariofemenino.com.ar\/df\/mujeres-con-derechos-atendera-a-victimas-de-violencia-familiar\/#breadcrumb"},"inLanguage":"es","potentialAction":[{"@type":"ReadAction","target":["https:\/\/diariofemenino.com.ar\/df\/mujeres-con-derechos-atendera-a-victimas-de-violencia-familiar\/"]}]},{"@type":"ImageObject","inLanguage":"es","@id":"https:\/\/diariofemenino.com.ar\/df\/mujeres-con-derechos-atendera-a-victimas-de-violencia-familiar\/#primaryimage","url":"","contentUrl":""},{"@type":"BreadcrumbList","@id":"https:\/\/diariofemenino.com.ar\/df\/mujeres-con-derechos-atendera-a-victimas-de-violencia-familiar\/#breadcrumb","itemListElement":[{"@type":"ListItem","position":1,"name":"Portada","item":"https:\/\/diariofemenino.com.ar\/df\/"},{"@type":"ListItem","position":2,"name":"Mujeres con Derechos atender\u00e1 a v\u00edctimas de violencia familiar"}]},{"@type":"WebSite","@id":"https:\/\/diariofemenino.com.ar\/df\/#website","url":"https:\/\/diariofemenino.com.ar\/df\/","name":"Diario Digital Femenino","description":"Cuesti\u00f3n de G\u00e9nero","publisher":{"@id":"https:\/\/diariofemenino.com.ar\/df\/#organization"},"potentialAction":[{"@type":"SearchAction","target":{"@type":"EntryPoint","urlTemplate":"https:\/\/diariofemenino.com.ar\/df\/?s={search_term_string}"},"query-input":{"@type":"PropertyValueSpecification","valueRequired":true,"valueName":"search_term_string"}}],"inLanguage":"es"},{"@type":"Organization","@id":"https:\/\/diariofemenino.com.ar\/df\/#organization","name":"Diario Femenino","url":"https:\/\/diariofemenino.com.ar\/df\/","logo":{"@type":"ImageObject","inLanguage":"es","@id":"https:\/\/diariofemenino.com.ar\/df\/#\/schema\/logo\/image\/","url":"https:\/\/diariofemenino.com.ar\/df\/wp-content\/uploads\/2018\/10\/logo.png","contentUrl":"https:\/\/diariofemenino.com.ar\/df\/wp-content\/uploads\/2018\/10\/logo.png","width":500,"height":92,"caption":"Diario Femenino"},"image":{"@id":"https:\/\/diariofemenino.com.ar\/df\/#\/schema\/logo\/image\/"},"sameAs":["https:\/\/www.facebook.com\/DiarioDigitaFemenino\/","https:\/\/x.com\/DiarioFemenino1"]},{"@type":"Person","@id":"https:\/\/diariofemenino.com.ar\/df\/#\/schema\/person\/38f54b3bfd13f561de2460ba95c169c6","name":"Admin","image":{"@type":"ImageObject","inLanguage":"es","@id":"https:\/\/diariofemenino.com.ar\/df\/wp-content\/uploads\/2018\/12\/favicon-150x150.jpg","url":"https:\/\/diariofemenino.com.ar\/df\/wp-content\/uploads\/2018\/12\/favicon-150x150.jpg","contentUrl":"https:\/\/diariofemenino.com.ar\/df\/wp-content\/uploads\/2018\/12\/favicon-150x150.jpg","caption":"Admin"},"url":"https:\/\/diariofemenino.com.ar\/df\/author\/adm18df\/"}]}},"jetpack_featured_media_url":"","jetpack_sharing_enabled":true,"rttpg_featured_image_url":null,"rttpg_author":{"display_name":"Admin","author_link":"https:\/\/diariofemenino.com.ar\/df\/author\/adm18df\/"},"rttpg_comment":0,"rttpg_category":"<a href=\"https:\/\/diariofemenino.com.ar\/df\/category\/actividades\/\" rel=\"category tag\">Actividades<\/a> <a href=\"https:\/\/diariofemenino.com.ar\/df\/category\/de-la-revolucion-al-reaprendizaje\/\" rel=\"category tag\">De la Revoluci\u00f3n al Reaprendizaje<\/a> <a href=\"https:\/\/diariofemenino.com.ar\/df\/category\/medios\/\" rel=\"category tag\">Medios<\/a>","rttpg_excerpt":"&nbsp; Brindar\u00e1 asesor\u00eda jur\u00eddica, psicol\u00f3gica y m\u00e9dica. Orizaba, M\u00e9xico.- En unos d\u00edas quedar\u00e1 constituida formalmente la Fundaci\u00f3n Mujeres con Derechos, la cual brindar\u00e1 atenci\u00f3n psicol\u00f3gica, jur\u00eddica y m\u00e9dica a las f\u00e9minas que sean v\u00edctimas de violencia, as\u00ed como fomentar\u00e1 la participaci\u00f3n en diversas actividades. Para dar inicio a las acciones de esa agrupaci\u00f3n, iniciar\u00e1 el&hellip;","_links":{"self":[{"href":"https:\/\/diariofemenino.com.ar\/df\/wp-json\/wp\/v2\/posts\/2906","targetHints":{"allow":["GET"]}}],"collection":[{"href":"https:\/\/diariofemenino.com.ar\/df\/wp-json\/wp\/v2\/posts"}],"about":[{"href":"https:\/\/diariofemenino.com.ar\/df\/wp-json\/wp\/v2\/types\/post"}],"author":[{"embeddable":true,"href":"https:\/\/diariofemenino.com.ar\/df\/wp-json\/wp\/v2\/users\/1"}],"replies":[{"embeddable":true,"href":"https:\/\/diariofemenino.com.ar\/df\/wp-json\/wp\/v2\/comments?post=2906"}],"version-history":[{"count":0,"href":"https:\/\/diariofemenino.com.ar\/df\/wp-json\/wp\/v2\/posts\/2906\/revisions"}],"wp:featuredmedia":[{"embeddable":true,"href":"https:\/\/diariofemenino.com.ar\/df\/wp-json\/"}],"wp:attachment":[{"href":"https:\/\/diariofemenino.com.ar\/df\/wp-json\/wp\/v2\/media?parent=2906"}],"wp:term":[{"taxonomy":"category","embeddable":true,"href":"https:\/\/diariofemenino.com.ar\/df\/wp-json\/wp\/v2\/categories?post=2906"},{"taxonomy":"post_tag","embeddable":true,"href":"https:\/\/diariofemenino.com.ar\/df\/wp-json\/wp\/v2\/tags?post=2906"}],"curies":[{"name":"wp","href":"https:\/\/api.w.org\/{rel}","templated":true}]}}