{"id":2905,"date":"2012-08-10T14:23:08","date_gmt":"2012-08-10T17:23:08","guid":{"rendered":"http:\/\/www.diariofemenino.com.ar\/?p=2905"},"modified":"2012-08-10T14:23:08","modified_gmt":"2012-08-10T17:23:08","slug":"jornada-violencia-de-genero-y-violencia-familiar-en-los-ninos","status":"publish","type":"post","link":"https:\/\/diariofemenino.com.ar\/df\/jornada-violencia-de-genero-y-violencia-familiar-en-los-ninos\/","title":{"rendered":"Jornada: \u201cViolencia de G\u00e9nero y Violencia Familiar en los Ni\u00f1os\u201d"},"content":{"rendered":"<p><em>El jueves 09 de agosto, se realiz\u00f3 la Jornada \u201cViolencia de G\u00e9nero y Violencia Familiar en los Ni\u00f1os\u201d, dentro del marco de la Ley provincial 13.298. La charla estuvo a cargo de la Licenciada en Psicolog\u00eda, Eva Giberti, invitada por el municipio, y se realiz\u00f3 en el Sal\u00f3n Auditorio del Palacio Municipal de Malvinas Argentinas.<\/em><br \/>\n&nbsp;<br \/>\n<a href=\"http:\/\/www.diariofemenino.com.ar\/wp-content\/uploads\/2150_ccc.jpg\"><img loading=\"lazy\" decoding=\"async\" class=\"alignleft size-full wp-image-2907\" src=\"http:\/\/www.diariofemenino.com.ar\/wp-content\/uploads\/2150_ccc.jpg\" alt=\"\" width=\"530\" height=\"360\" \/><\/a><br \/>\n&nbsp;<br \/>\n&nbsp;<br \/>\n&nbsp;<br \/>\n&nbsp;<br \/>\n&nbsp;<br \/>\n&nbsp;<br \/>\n&nbsp;<br \/>\n&nbsp;<br \/>\n&nbsp;<br \/>\n&nbsp;<br \/>\n&nbsp;<br \/>\n10 de agosto de 2012. \u201cEl intendente hace hincapi\u00e9 en todo su equipo para que estemos junto a las v\u00edctimas, para que trabajemos junto al vecino. Lo de hoy fue muy especial porque la Lic. nos dio c\u00e1tedra de c\u00f3mo se deben manejar estos temas tan delicados\u201d, coment\u00f3 el Secretario de Gobierno, Miguel Harari, quien estuvo presente en la Jornada representando al intendente de Malvinas Argentinas, Jes\u00fas Cariglino.<br \/>\nPor su parte, la Lic.Eva Giberti, asegur\u00f3: \u201cLo primero que he podido conocer de este distrito son las pol\u00edticas porque he sido invitada con un gran entusiasmo desde el a\u00f1o pasado, de manera que el af\u00e1n por recibir noticias nuevas, por ponerse en contacto con otras perspectivas, ha sido lo primero que me impresion\u00f3, como una necesidad de abrir espacios en pol\u00edticas p\u00fablicas y en pol\u00edticas sociales. Me impresion\u00f3 la persistencia en querer incorporar ideas, para reafirmar lo que ya est\u00e1n haciendo. Las Soci\u00f3logas del municipio est\u00e1n trabajando much\u00edsimo creando una base de datos, algo formidable, una necesidad que con muy buen tino la intendencia de Malvinas Argentinas ha puesto en primer lugar como prioridad, as\u00edque felicitaciones al equipo\u201d.<br \/>\nAdem\u00e1s, el Subsecretario de Pol\u00edticas Sociales, Ricardo Quinteros, afirm\u00f3: \u201cLa pol\u00edtica del intendente es llegar a toda la poblaci\u00f3n con estos temas que son muy delicados. Siempre ha sido nuestro trabajo estar muy cerca del vecino para poder acompa\u00f1arlo y llevar las pol\u00edticas p\u00fablicas que tiene el municipio, al servicio de la gente\u201d, finaliz\u00f3 Quinteros.<br \/>\n&nbsp;<br \/>\n&nbsp;<br \/>\n&nbsp;<br \/>\nFuente: \u00a0<a href=\"http:\/\/www.aquilanoticia.com\/nota.asp?IDNoticia=23324\" target=\"_blank\">Aquilanoticia.com<\/a><br \/>\n&nbsp;<br \/>\n&nbsp;<\/p>\n","protected":false},"excerpt":{"rendered":"<p>El jueves 09 de agosto, se realiz\u00f3 la Jornada \u201cViolencia de G\u00e9nero y Violencia Familiar en los Ni\u00f1os\u201d, dentro del marco de la Ley provincial 13.298. La charla estuvo a cargo de la Licenciada en Psicolog\u00eda, Eva Giberti, invitada por el municipio, y se realiz\u00f3 en el Sal\u00f3n Auditorio del Palacio Municipal de Malvinas Argentinas. [&hellip;]<\/p>\n","protected":false},"author":1,"featured_media":0,"comment_status":"open","ping_status":"open","sticky":false,"template":"","format":"standard","meta":{"iawp_total_views":4,"footnotes":""},"categories":[4,13],"tags":[],"class_list":["post-2905","post","type-post","status-publish","format-standard","hentry","category-medios","category-mujeres-sindicalistas"],"nelio_content":{"autoShareEndMode":"never","automationSources":{"useCustomSentences":false,"customSentences":[]},"efiAlt":"","efiUrl":"","followers":[],"highlights":[],"isAutoShareEnabled":true,"networkImageIds":[],"permalinkQueryArgs":[],"series":[],"suggestedReferences":[]},"yoast_head":"<!-- This site is optimized with the Yoast SEO plugin v27.4 - https:\/\/yoast.com\/product\/yoast-seo-wordpress\/ -->\n<title>Jornada: \u201cViolencia de G\u00e9nero y Violencia Familiar en los Ni\u00f1os\u201d - Diario Digital Femenino<\/title>\n<meta name=\"robots\" content=\"index, follow, max-snippet:-1, max-image-preview:large, max-video-preview:-1\" \/>\n<link rel=\"canonical\" href=\"https:\/\/diariofemenino.com.ar\/df\/jornada-violencia-de-genero-y-violencia-familiar-en-los-ninos\/\" \/>\n<meta property=\"og:locale\" content=\"es_ES\" \/>\n<meta property=\"og:type\" content=\"article\" \/>\n<meta property=\"og:title\" content=\"Jornada: \u201cViolencia de G\u00e9nero y Violencia Familiar en los Ni\u00f1os\u201d - Diario Digital Femenino\" \/>\n<meta property=\"og:description\" content=\"El jueves 09 de agosto, se realiz\u00f3 la Jornada \u201cViolencia de G\u00e9nero y Violencia Familiar en los Ni\u00f1os\u201d, dentro del marco de la Ley provincial 13.298. La charla estuvo a cargo de la Licenciada en Psicolog\u00eda, Eva Giberti, invitada por el municipio, y se realiz\u00f3 en el Sal\u00f3n Auditorio del Palacio Municipal de Malvinas Argentinas. [&hellip;]\" \/>\n<meta property=\"og:url\" content=\"https:\/\/diariofemenino.com.ar\/df\/jornada-violencia-de-genero-y-violencia-familiar-en-los-ninos\/\" \/>\n<meta property=\"og:site_name\" content=\"Diario Digital Femenino\" \/>\n<meta property=\"article:publisher\" content=\"https:\/\/www.facebook.com\/DiarioDigitaFemenino\/\" \/>\n<meta property=\"article:published_time\" content=\"2012-08-10T17:23:08+00:00\" \/>\n<meta property=\"og:image\" content=\"http:\/\/www.diariofemenino.com.ar\/wp-content\/uploads\/2150_ccc.jpg\" \/>\n<meta name=\"author\" content=\"Admin\" \/>\n<meta name=\"twitter:card\" content=\"summary_large_image\" \/>\n<meta name=\"twitter:creator\" content=\"@DiarioFemenino1\" \/>\n<meta name=\"twitter:site\" content=\"@DiarioFemenino1\" \/>\n<meta name=\"twitter:label1\" content=\"Escrito por\" \/>\n\t<meta name=\"twitter:data1\" content=\"Admin\" \/>\n\t<meta name=\"twitter:label2\" content=\"Tiempo de lectura\" \/>\n\t<meta name=\"twitter:data2\" content=\"2 minutos\" \/>\n<script type=\"application\/ld+json\" class=\"yoast-schema-graph\">{\"@context\":\"https:\\\/\\\/schema.org\",\"@graph\":[{\"@type\":\"Article\",\"@id\":\"https:\\\/\\\/diariofemenino.com.ar\\\/df\\\/jornada-violencia-de-genero-y-violencia-familiar-en-los-ninos\\\/#article\",\"isPartOf\":{\"@id\":\"https:\\\/\\\/diariofemenino.com.ar\\\/df\\\/jornada-violencia-de-genero-y-violencia-familiar-en-los-ninos\\\/\"},\"author\":{\"name\":\"Admin\",\"@id\":\"https:\\\/\\\/diariofemenino.com.ar\\\/df\\\/#\\\/schema\\\/person\\\/38f54b3bfd13f561de2460ba95c169c6\"},\"headline\":\"Jornada: \u201cViolencia de G\u00e9nero y Violencia Familiar en los Ni\u00f1os\u201d\",\"datePublished\":\"2012-08-10T17:23:08+00:00\",\"mainEntityOfPage\":{\"@id\":\"https:\\\/\\\/diariofemenino.com.ar\\\/df\\\/jornada-violencia-de-genero-y-violencia-familiar-en-los-ninos\\\/\"},\"wordCount\":352,\"commentCount\":0,\"publisher\":{\"@id\":\"https:\\\/\\\/diariofemenino.com.ar\\\/df\\\/#organization\"},\"image\":{\"@id\":\"https:\\\/\\\/diariofemenino.com.ar\\\/df\\\/jornada-violencia-de-genero-y-violencia-familiar-en-los-ninos\\\/#primaryimage\"},\"thumbnailUrl\":\"http:\\\/\\\/www.diariofemenino.com.ar\\\/wp-content\\\/uploads\\\/2150_ccc.jpg\",\"articleSection\":[\"Medios\",\"Mujeres Sindicalistas\"],\"inLanguage\":\"es\",\"potentialAction\":[{\"@type\":\"CommentAction\",\"name\":\"Comment\",\"target\":[\"https:\\\/\\\/diariofemenino.com.ar\\\/df\\\/jornada-violencia-de-genero-y-violencia-familiar-en-los-ninos\\\/#respond\"]}]},{\"@type\":\"WebPage\",\"@id\":\"https:\\\/\\\/diariofemenino.com.ar\\\/df\\\/jornada-violencia-de-genero-y-violencia-familiar-en-los-ninos\\\/\",\"url\":\"https:\\\/\\\/diariofemenino.com.ar\\\/df\\\/jornada-violencia-de-genero-y-violencia-familiar-en-los-ninos\\\/\",\"name\":\"Jornada: \u201cViolencia de G\u00e9nero y Violencia Familiar en los Ni\u00f1os\u201d - Diario Digital Femenino\",\"isPartOf\":{\"@id\":\"https:\\\/\\\/diariofemenino.com.ar\\\/df\\\/#website\"},\"primaryImageOfPage\":{\"@id\":\"https:\\\/\\\/diariofemenino.com.ar\\\/df\\\/jornada-violencia-de-genero-y-violencia-familiar-en-los-ninos\\\/#primaryimage\"},\"image\":{\"@id\":\"https:\\\/\\\/diariofemenino.com.ar\\\/df\\\/jornada-violencia-de-genero-y-violencia-familiar-en-los-ninos\\\/#primaryimage\"},\"thumbnailUrl\":\"http:\\\/\\\/www.diariofemenino.com.ar\\\/wp-content\\\/uploads\\\/2150_ccc.jpg\",\"datePublished\":\"2012-08-10T17:23:08+00:00\",\"breadcrumb\":{\"@id\":\"https:\\\/\\\/diariofemenino.com.ar\\\/df\\\/jornada-violencia-de-genero-y-violencia-familiar-en-los-ninos\\\/#breadcrumb\"},\"inLanguage\":\"es\",\"potentialAction\":[{\"@type\":\"ReadAction\",\"target\":[\"https:\\\/\\\/diariofemenino.com.ar\\\/df\\\/jornada-violencia-de-genero-y-violencia-familiar-en-los-ninos\\\/\"]}]},{\"@type\":\"ImageObject\",\"inLanguage\":\"es\",\"@id\":\"https:\\\/\\\/diariofemenino.com.ar\\\/df\\\/jornada-violencia-de-genero-y-violencia-familiar-en-los-ninos\\\/#primaryimage\",\"url\":\"http:\\\/\\\/www.diariofemenino.com.ar\\\/wp-content\\\/uploads\\\/2150_ccc.jpg\",\"contentUrl\":\"http:\\\/\\\/www.diariofemenino.com.ar\\\/wp-content\\\/uploads\\\/2150_ccc.jpg\"},{\"@type\":\"BreadcrumbList\",\"@id\":\"https:\\\/\\\/diariofemenino.com.ar\\\/df\\\/jornada-violencia-de-genero-y-violencia-familiar-en-los-ninos\\\/#breadcrumb\",\"itemListElement\":[{\"@type\":\"ListItem\",\"position\":1,\"name\":\"Portada\",\"item\":\"https:\\\/\\\/diariofemenino.com.ar\\\/df\\\/\"},{\"@type\":\"ListItem\",\"position\":2,\"name\":\"Jornada: \u201cViolencia de G\u00e9nero y Violencia Familiar en los Ni\u00f1os\u201d\"}]},{\"@type\":\"WebSite\",\"@id\":\"https:\\\/\\\/diariofemenino.com.ar\\\/df\\\/#website\",\"url\":\"https:\\\/\\\/diariofemenino.com.ar\\\/df\\\/\",\"name\":\"Diario Digital Femenino\",\"description\":\"Cuesti\u00f3n de G\u00e9nero\",\"publisher\":{\"@id\":\"https:\\\/\\\/diariofemenino.com.ar\\\/df\\\/#organization\"},\"potentialAction\":[{\"@type\":\"SearchAction\",\"target\":{\"@type\":\"EntryPoint\",\"urlTemplate\":\"https:\\\/\\\/diariofemenino.com.ar\\\/df\\\/?s={search_term_string}\"},\"query-input\":{\"@type\":\"PropertyValueSpecification\",\"valueRequired\":true,\"valueName\":\"search_term_string\"}}],\"inLanguage\":\"es\"},{\"@type\":\"Organization\",\"@id\":\"https:\\\/\\\/diariofemenino.com.ar\\\/df\\\/#organization\",\"name\":\"Diario Femenino\",\"url\":\"https:\\\/\\\/diariofemenino.com.ar\\\/df\\\/\",\"logo\":{\"@type\":\"ImageObject\",\"inLanguage\":\"es\",\"@id\":\"https:\\\/\\\/diariofemenino.com.ar\\\/df\\\/#\\\/schema\\\/logo\\\/image\\\/\",\"url\":\"https:\\\/\\\/diariofemenino.com.ar\\\/df\\\/wp-content\\\/uploads\\\/2018\\\/10\\\/logo.png\",\"contentUrl\":\"https:\\\/\\\/diariofemenino.com.ar\\\/df\\\/wp-content\\\/uploads\\\/2018\\\/10\\\/logo.png\",\"width\":500,\"height\":92,\"caption\":\"Diario Femenino\"},\"image\":{\"@id\":\"https:\\\/\\\/diariofemenino.com.ar\\\/df\\\/#\\\/schema\\\/logo\\\/image\\\/\"},\"sameAs\":[\"https:\\\/\\\/www.facebook.com\\\/DiarioDigitaFemenino\\\/\",\"https:\\\/\\\/x.com\\\/DiarioFemenino1\"]},{\"@type\":\"Person\",\"@id\":\"https:\\\/\\\/diariofemenino.com.ar\\\/df\\\/#\\\/schema\\\/person\\\/38f54b3bfd13f561de2460ba95c169c6\",\"name\":\"Admin\",\"image\":{\"@type\":\"ImageObject\",\"inLanguage\":\"es\",\"@id\":\"https:\\\/\\\/diariofemenino.com.ar\\\/df\\\/wp-content\\\/uploads\\\/2018\\\/12\\\/favicon-150x150.jpg\",\"url\":\"https:\\\/\\\/diariofemenino.com.ar\\\/df\\\/wp-content\\\/uploads\\\/2018\\\/12\\\/favicon-150x150.jpg\",\"contentUrl\":\"https:\\\/\\\/diariofemenino.com.ar\\\/df\\\/wp-content\\\/uploads\\\/2018\\\/12\\\/favicon-150x150.jpg\",\"caption\":\"Admin\"},\"url\":\"https:\\\/\\\/diariofemenino.com.ar\\\/df\\\/author\\\/adm18df\\\/\"}]}<\/script>\n<!-- \/ Yoast SEO plugin. -->","yoast_head_json":{"title":"Jornada: \u201cViolencia de G\u00e9nero y Violencia Familiar en los Ni\u00f1os\u201d - Diario Digital Femenino","robots":{"index":"index","follow":"follow","max-snippet":"max-snippet:-1","max-image-preview":"max-image-preview:large","max-video-preview":"max-video-preview:-1"},"canonical":"https:\/\/diariofemenino.com.ar\/df\/jornada-violencia-de-genero-y-violencia-familiar-en-los-ninos\/","og_locale":"es_ES","og_type":"article","og_title":"Jornada: \u201cViolencia de G\u00e9nero y Violencia Familiar en los Ni\u00f1os\u201d - Diario Digital Femenino","og_description":"El jueves 09 de agosto, se realiz\u00f3 la Jornada \u201cViolencia de G\u00e9nero y Violencia Familiar en los Ni\u00f1os\u201d, dentro del marco de la Ley provincial 13.298. La charla estuvo a cargo de la Licenciada en Psicolog\u00eda, Eva Giberti, invitada por el municipio, y se realiz\u00f3 en el Sal\u00f3n Auditorio del Palacio Municipal de Malvinas Argentinas. [&hellip;]","og_url":"https:\/\/diariofemenino.com.ar\/df\/jornada-violencia-de-genero-y-violencia-familiar-en-los-ninos\/","og_site_name":"Diario Digital Femenino","article_publisher":"https:\/\/www.facebook.com\/DiarioDigitaFemenino\/","article_published_time":"2012-08-10T17:23:08+00:00","og_image":[{"url":"http:\/\/www.diariofemenino.com.ar\/wp-content\/uploads\/2150_ccc.jpg","type":"","width":"","height":""}],"author":"Admin","twitter_card":"summary_large_image","twitter_creator":"@DiarioFemenino1","twitter_site":"@DiarioFemenino1","twitter_misc":{"Escrito por":"Admin","Tiempo de lectura":"2 minutos"},"schema":{"@context":"https:\/\/schema.org","@graph":[{"@type":"Article","@id":"https:\/\/diariofemenino.com.ar\/df\/jornada-violencia-de-genero-y-violencia-familiar-en-los-ninos\/#article","isPartOf":{"@id":"https:\/\/diariofemenino.com.ar\/df\/jornada-violencia-de-genero-y-violencia-familiar-en-los-ninos\/"},"author":{"name":"Admin","@id":"https:\/\/diariofemenino.com.ar\/df\/#\/schema\/person\/38f54b3bfd13f561de2460ba95c169c6"},"headline":"Jornada: \u201cViolencia de G\u00e9nero y Violencia Familiar en los Ni\u00f1os\u201d","datePublished":"2012-08-10T17:23:08+00:00","mainEntityOfPage":{"@id":"https:\/\/diariofemenino.com.ar\/df\/jornada-violencia-de-genero-y-violencia-familiar-en-los-ninos\/"},"wordCount":352,"commentCount":0,"publisher":{"@id":"https:\/\/diariofemenino.com.ar\/df\/#organization"},"image":{"@id":"https:\/\/diariofemenino.com.ar\/df\/jornada-violencia-de-genero-y-violencia-familiar-en-los-ninos\/#primaryimage"},"thumbnailUrl":"http:\/\/www.diariofemenino.com.ar\/wp-content\/uploads\/2150_ccc.jpg","articleSection":["Medios","Mujeres Sindicalistas"],"inLanguage":"es","potentialAction":[{"@type":"CommentAction","name":"Comment","target":["https:\/\/diariofemenino.com.ar\/df\/jornada-violencia-de-genero-y-violencia-familiar-en-los-ninos\/#respond"]}]},{"@type":"WebPage","@id":"https:\/\/diariofemenino.com.ar\/df\/jornada-violencia-de-genero-y-violencia-familiar-en-los-ninos\/","url":"https:\/\/diariofemenino.com.ar\/df\/jornada-violencia-de-genero-y-violencia-familiar-en-los-ninos\/","name":"Jornada: \u201cViolencia de G\u00e9nero y Violencia Familiar en los Ni\u00f1os\u201d - Diario Digital Femenino","isPartOf":{"@id":"https:\/\/diariofemenino.com.ar\/df\/#website"},"primaryImageOfPage":{"@id":"https:\/\/diariofemenino.com.ar\/df\/jornada-violencia-de-genero-y-violencia-familiar-en-los-ninos\/#primaryimage"},"image":{"@id":"https:\/\/diariofemenino.com.ar\/df\/jornada-violencia-de-genero-y-violencia-familiar-en-los-ninos\/#primaryimage"},"thumbnailUrl":"http:\/\/www.diariofemenino.com.ar\/wp-content\/uploads\/2150_ccc.jpg","datePublished":"2012-08-10T17:23:08+00:00","breadcrumb":{"@id":"https:\/\/diariofemenino.com.ar\/df\/jornada-violencia-de-genero-y-violencia-familiar-en-los-ninos\/#breadcrumb"},"inLanguage":"es","potentialAction":[{"@type":"ReadAction","target":["https:\/\/diariofemenino.com.ar\/df\/jornada-violencia-de-genero-y-violencia-familiar-en-los-ninos\/"]}]},{"@type":"ImageObject","inLanguage":"es","@id":"https:\/\/diariofemenino.com.ar\/df\/jornada-violencia-de-genero-y-violencia-familiar-en-los-ninos\/#primaryimage","url":"http:\/\/www.diariofemenino.com.ar\/wp-content\/uploads\/2150_ccc.jpg","contentUrl":"http:\/\/www.diariofemenino.com.ar\/wp-content\/uploads\/2150_ccc.jpg"},{"@type":"BreadcrumbList","@id":"https:\/\/diariofemenino.com.ar\/df\/jornada-violencia-de-genero-y-violencia-familiar-en-los-ninos\/#breadcrumb","itemListElement":[{"@type":"ListItem","position":1,"name":"Portada","item":"https:\/\/diariofemenino.com.ar\/df\/"},{"@type":"ListItem","position":2,"name":"Jornada: \u201cViolencia de G\u00e9nero y Violencia Familiar en los Ni\u00f1os\u201d"}]},{"@type":"WebSite","@id":"https:\/\/diariofemenino.com.ar\/df\/#website","url":"https:\/\/diariofemenino.com.ar\/df\/","name":"Diario Digital Femenino","description":"Cuesti\u00f3n de G\u00e9nero","publisher":{"@id":"https:\/\/diariofemenino.com.ar\/df\/#organization"},"potentialAction":[{"@type":"SearchAction","target":{"@type":"EntryPoint","urlTemplate":"https:\/\/diariofemenino.com.ar\/df\/?s={search_term_string}"},"query-input":{"@type":"PropertyValueSpecification","valueRequired":true,"valueName":"search_term_string"}}],"inLanguage":"es"},{"@type":"Organization","@id":"https:\/\/diariofemenino.com.ar\/df\/#organization","name":"Diario Femenino","url":"https:\/\/diariofemenino.com.ar\/df\/","logo":{"@type":"ImageObject","inLanguage":"es","@id":"https:\/\/diariofemenino.com.ar\/df\/#\/schema\/logo\/image\/","url":"https:\/\/diariofemenino.com.ar\/df\/wp-content\/uploads\/2018\/10\/logo.png","contentUrl":"https:\/\/diariofemenino.com.ar\/df\/wp-content\/uploads\/2018\/10\/logo.png","width":500,"height":92,"caption":"Diario Femenino"},"image":{"@id":"https:\/\/diariofemenino.com.ar\/df\/#\/schema\/logo\/image\/"},"sameAs":["https:\/\/www.facebook.com\/DiarioDigitaFemenino\/","https:\/\/x.com\/DiarioFemenino1"]},{"@type":"Person","@id":"https:\/\/diariofemenino.com.ar\/df\/#\/schema\/person\/38f54b3bfd13f561de2460ba95c169c6","name":"Admin","image":{"@type":"ImageObject","inLanguage":"es","@id":"https:\/\/diariofemenino.com.ar\/df\/wp-content\/uploads\/2018\/12\/favicon-150x150.jpg","url":"https:\/\/diariofemenino.com.ar\/df\/wp-content\/uploads\/2018\/12\/favicon-150x150.jpg","contentUrl":"https:\/\/diariofemenino.com.ar\/df\/wp-content\/uploads\/2018\/12\/favicon-150x150.jpg","caption":"Admin"},"url":"https:\/\/diariofemenino.com.ar\/df\/author\/adm18df\/"}]}},"jetpack_featured_media_url":"","jetpack_sharing_enabled":true,"rttpg_featured_image_url":null,"rttpg_author":{"display_name":"Admin","author_link":"https:\/\/diariofemenino.com.ar\/df\/author\/adm18df\/"},"rttpg_comment":0,"rttpg_category":"<a href=\"https:\/\/diariofemenino.com.ar\/df\/category\/medios\/\" rel=\"category tag\">Medios<\/a> <a href=\"https:\/\/diariofemenino.com.ar\/df\/category\/mujeres-sindicalistas\/\" rel=\"category tag\">Mujeres Sindicalistas<\/a>","rttpg_excerpt":"El jueves 09 de agosto, se realiz\u00f3 la Jornada \u201cViolencia de G\u00e9nero y Violencia Familiar en los Ni\u00f1os\u201d, dentro del marco de la Ley provincial 13.298. La charla estuvo a cargo de la Licenciada en Psicolog\u00eda, Eva Giberti, invitada por el municipio, y se realiz\u00f3 en el Sal\u00f3n Auditorio del Palacio Municipal de Malvinas Argentinas.&hellip;","_links":{"self":[{"href":"https:\/\/diariofemenino.com.ar\/df\/wp-json\/wp\/v2\/posts\/2905","targetHints":{"allow":["GET"]}}],"collection":[{"href":"https:\/\/diariofemenino.com.ar\/df\/wp-json\/wp\/v2\/posts"}],"about":[{"href":"https:\/\/diariofemenino.com.ar\/df\/wp-json\/wp\/v2\/types\/post"}],"author":[{"embeddable":true,"href":"https:\/\/diariofemenino.com.ar\/df\/wp-json\/wp\/v2\/users\/1"}],"replies":[{"embeddable":true,"href":"https:\/\/diariofemenino.com.ar\/df\/wp-json\/wp\/v2\/comments?post=2905"}],"version-history":[{"count":0,"href":"https:\/\/diariofemenino.com.ar\/df\/wp-json\/wp\/v2\/posts\/2905\/revisions"}],"wp:attachment":[{"href":"https:\/\/diariofemenino.com.ar\/df\/wp-json\/wp\/v2\/media?parent=2905"}],"wp:term":[{"taxonomy":"category","embeddable":true,"href":"https:\/\/diariofemenino.com.ar\/df\/wp-json\/wp\/v2\/categories?post=2905"},{"taxonomy":"post_tag","embeddable":true,"href":"https:\/\/diariofemenino.com.ar\/df\/wp-json\/wp\/v2\/tags?post=2905"}],"curies":[{"name":"wp","href":"https:\/\/api.w.org\/{rel}","templated":true}]}}