{"id":29024,"date":"2017-08-15T09:43:05","date_gmt":"2017-08-15T12:43:05","guid":{"rendered":"http:\/\/diariofemenino.com.ar\/v2\/?p=29024"},"modified":"2017-08-15T09:43:05","modified_gmt":"2017-08-15T12:43:05","slug":"estado-patriarcado-y-cultura-prostituyente","status":"publish","type":"post","link":"https:\/\/diariofemenino.com.ar\/df\/estado-patriarcado-y-cultura-prostituyente\/","title":{"rendered":"&quot;Estado, patriarcado y cultura prostituyente&#8230;&quot;"},"content":{"rendered":"<h4 style=\"text-align: center;\">\u00abEstado, patriarcado y cultura prostituyente:<br \/>\n\u00bfempoderamiento, trabajo a reglamentar, o violencia a erradicar?\u00bb<\/h4>\n<p>El Foro por la Abolici\u00f3n de la Cultura Prostituyente se llev\u00f3 a cabo en\u00a0diciembre del 2016 en la Facultad de Ciencias Sociales de la UBA, Ciudad Aut\u00f3noma de Buenos Aires, Argentina. La actividad fue\u00a0organizada por estudiantes y Abolicionistas indep\u00b4tes.<br \/>\nEntre otrxs particip\u00f3 Diana Maff\u00eda, dra. en filosof\u00eda, docente univeritaria, investigadora, ex legisladora y Defensora del Pueblo de la Ciudad de Buenos Aires, directora del Observatorio de G\u00e9nero en la Justicia como consejera acad\u00e9mica del Consejo de la Magistratura de la Ciudad de Bs. As., etc.) expuso en el Panel <em><strong>\u00abEstado, patriarcado y cultura prostituyente: \u00bfempoderamiento, trabajo a reglamentar, o violencia a erradicar?\u00bb<\/strong><\/em><br \/>\n[Contrato sexual. Mandatos y privilegios de G\u00e9nero; diferencias econ\u00f3micas en personas prostituidas y personas que consumen prostituci\u00f3n. \u00bfQui\u00e9nes se benefician y qui\u00e9nes consumen prostituci\u00f3n? Relaciones de Poder. Mercantilizaci\u00f3n y nueva esclavitud en el capitalismo]<\/p>\n<h4>Videos<\/h4>\n<p><iframe loading=\"lazy\" src=\"https:\/\/www.youtube.com\/embed\/8NgSynIEy4w\" width=\"560\" height=\"315\" frameborder=\"0\" allowfullscreen=\"allowfullscreen\"><\/iframe><br \/>\n<strong>Responde acerca de:<\/strong><br \/>\n&#8211; dichos y justificaciones de personas reglamentaristas \/ regulacionistas de la prostituci\u00f3n como `trabajo\u00b4 (\u00aben todos los trabajos se usa el cuerpo\u00bb, \u00aben otros trabajos -como el de Promotoras o modelos- tambi\u00e9n se usa la sexualidad\u00bb, \u00abtodxs nos prostituimos cuando trabajamos\u00bb, etc.)<br \/>\n&#8211; avance en los \u00faltimos a\u00f1os de las mujeres en el acceso a espacios de gesti\u00f3n p\u00fablica y privada, y al mismo tiempo, de aceptaci\u00f3n de la prostituci\u00f3n como `trabajo\u00b4 y considerarla como `empoderamiento\u00b4<br \/>\n&#8211; pol\u00edticas p\u00fablicas que puedan ser o hayan sido beneficiosas para mujeres, travestis y trans en situaci\u00f3n de prostituci\u00f3n<br \/>\n<iframe loading=\"lazy\" src=\"https:\/\/www.youtube.com\/embed\/_Wf-aQBkIm0\" width=\"560\" height=\"315\" frameborder=\"0\" allowfullscreen=\"allowfullscreen\"><\/iframe><br \/>\nContacto: foroporlaabolicion@gmail.com<br \/>\nFacebook: Foro por la Abolici\u00f3n<\/p>\n","protected":false},"excerpt":{"rendered":"<p>\u00abEstado, patriarcado y cultura prostituyente: \u00bfempoderamiento, trabajo a reglamentar, o violencia a erradicar?\u00bb El Foro por la Abolici\u00f3n de la Cultura Prostituyente se llev\u00f3 a cabo en\u00a0diciembre del 2016 en la Facultad de Ciencias Sociales de la UBA, Ciudad Aut\u00f3noma de Buenos Aires, Argentina. La actividad fue\u00a0organizada por estudiantes y Abolicionistas indep\u00b4tes. Entre otrxs particip\u00f3 [&hellip;]<\/p>\n","protected":false},"author":1,"featured_media":29025,"comment_status":"closed","ping_status":"closed","sticky":false,"template":"","format":"standard","meta":{"iawp_total_views":4,"footnotes":""},"categories":[180],"tags":[484,485,486,487,113],"class_list":["post-29024","post","type-post","status-publish","format-standard","has-post-thumbnail","hentry","category-videos","tag-abolicion-de-la-prostitucion","tag-cultura-prostituyente","tag-diana-maffia","tag-estado","tag-patriarcado"],"nelio_content":{"autoShareEndMode":"never","automationSources":{"useCustomSentences":false,"customSentences":[]},"efiAlt":"","efiUrl":"","followers":[],"highlights":[],"isAutoShareEnabled":true,"networkImageIds":[],"permalinkQueryArgs":[],"series":[],"suggestedReferences":[]},"yoast_head":"<!-- This site is optimized with the Yoast SEO plugin v27.5 - https:\/\/yoast.com\/product\/yoast-seo-wordpress\/ -->\n<title>&quot;Estado, patriarcado y cultura prostituyente...&quot; - Diario Digital Femenino<\/title>\n<meta name=\"robots\" content=\"index, follow, max-snippet:-1, max-image-preview:large, max-video-preview:-1\" \/>\n<link rel=\"canonical\" href=\"https:\/\/diariofemenino.com.ar\/df\/estado-patriarcado-y-cultura-prostituyente\/\" \/>\n<meta property=\"og:locale\" content=\"es_ES\" \/>\n<meta property=\"og:type\" content=\"article\" \/>\n<meta property=\"og:title\" content=\"&quot;Estado, patriarcado y cultura prostituyente...&quot; - Diario Digital Femenino\" \/>\n<meta property=\"og:description\" content=\"\u00abEstado, patriarcado y cultura prostituyente: \u00bfempoderamiento, trabajo a reglamentar, o violencia a erradicar?\u00bb El Foro por la Abolici\u00f3n de la Cultura Prostituyente se llev\u00f3 a cabo en\u00a0diciembre del 2016 en la Facultad de Ciencias Sociales de la UBA, Ciudad Aut\u00f3noma de Buenos Aires, Argentina. La actividad fue\u00a0organizada por estudiantes y Abolicionistas indep\u00b4tes. Entre otrxs particip\u00f3 [&hellip;]\" \/>\n<meta property=\"og:url\" content=\"https:\/\/diariofemenino.com.ar\/df\/estado-patriarcado-y-cultura-prostituyente\/\" \/>\n<meta property=\"og:site_name\" content=\"Diario Digital Femenino\" \/>\n<meta property=\"article:publisher\" content=\"https:\/\/www.facebook.com\/DiarioDigitaFemenino\/\" \/>\n<meta property=\"article:published_time\" content=\"2017-08-15T12:43:05+00:00\" \/>\n<meta property=\"og:image\" content=\"https:\/\/diariofemenino.com.ar\/df\/wp-content\/uploads\/2017\/08\/maxresdefault-2.jpg\" \/>\n\t<meta property=\"og:image:width\" content=\"512\" \/>\n\t<meta property=\"og:image:height\" content=\"288\" \/>\n\t<meta property=\"og:image:type\" content=\"image\/jpeg\" \/>\n<meta name=\"author\" content=\"Admin\" \/>\n<meta name=\"twitter:card\" content=\"summary_large_image\" \/>\n<meta name=\"twitter:creator\" content=\"@DiarioFemenino1\" \/>\n<meta name=\"twitter:site\" content=\"@DiarioFemenino1\" \/>\n<meta name=\"twitter:label1\" content=\"Escrito por\" \/>\n\t<meta name=\"twitter:data1\" content=\"Admin\" \/>\n\t<meta name=\"twitter:label2\" content=\"Tiempo de lectura\" \/>\n\t<meta name=\"twitter:data2\" content=\"1 minuto\" \/>\n<script type=\"application\/ld+json\" class=\"yoast-schema-graph\">{\"@context\":\"https:\\\/\\\/schema.org\",\"@graph\":[{\"@type\":\"Article\",\"@id\":\"https:\\\/\\\/diariofemenino.com.ar\\\/df\\\/estado-patriarcado-y-cultura-prostituyente\\\/#article\",\"isPartOf\":{\"@id\":\"https:\\\/\\\/diariofemenino.com.ar\\\/df\\\/estado-patriarcado-y-cultura-prostituyente\\\/\"},\"author\":{\"name\":\"Admin\",\"@id\":\"https:\\\/\\\/diariofemenino.com.ar\\\/df\\\/#\\\/schema\\\/person\\\/38f54b3bfd13f561de2460ba95c169c6\"},\"headline\":\"&quot;Estado, patriarcado y cultura prostituyente&#8230;&quot;\",\"datePublished\":\"2017-08-15T12:43:05+00:00\",\"mainEntityOfPage\":{\"@id\":\"https:\\\/\\\/diariofemenino.com.ar\\\/df\\\/estado-patriarcado-y-cultura-prostituyente\\\/\"},\"wordCount\":290,\"publisher\":{\"@id\":\"https:\\\/\\\/diariofemenino.com.ar\\\/df\\\/#organization\"},\"image\":{\"@id\":\"https:\\\/\\\/diariofemenino.com.ar\\\/df\\\/estado-patriarcado-y-cultura-prostituyente\\\/#primaryimage\"},\"thumbnailUrl\":\"https:\\\/\\\/diariofemenino.com.ar\\\/df\\\/wp-content\\\/uploads\\\/2017\\\/08\\\/maxresdefault-2.jpg\",\"keywords\":[\"Abolici\u00f3n de la Prostituci\u00f3n\",\"Cultura prostituyente\",\"Diana Maff\u00eda\",\"Estado\",\"Patriarcado\"],\"articleSection\":[\"Videos\"],\"inLanguage\":\"es\"},{\"@type\":\"WebPage\",\"@id\":\"https:\\\/\\\/diariofemenino.com.ar\\\/df\\\/estado-patriarcado-y-cultura-prostituyente\\\/\",\"url\":\"https:\\\/\\\/diariofemenino.com.ar\\\/df\\\/estado-patriarcado-y-cultura-prostituyente\\\/\",\"name\":\"&quot;Estado, patriarcado y cultura prostituyente...&quot; - Diario Digital Femenino\",\"isPartOf\":{\"@id\":\"https:\\\/\\\/diariofemenino.com.ar\\\/df\\\/#website\"},\"primaryImageOfPage\":{\"@id\":\"https:\\\/\\\/diariofemenino.com.ar\\\/df\\\/estado-patriarcado-y-cultura-prostituyente\\\/#primaryimage\"},\"image\":{\"@id\":\"https:\\\/\\\/diariofemenino.com.ar\\\/df\\\/estado-patriarcado-y-cultura-prostituyente\\\/#primaryimage\"},\"thumbnailUrl\":\"https:\\\/\\\/diariofemenino.com.ar\\\/df\\\/wp-content\\\/uploads\\\/2017\\\/08\\\/maxresdefault-2.jpg\",\"datePublished\":\"2017-08-15T12:43:05+00:00\",\"breadcrumb\":{\"@id\":\"https:\\\/\\\/diariofemenino.com.ar\\\/df\\\/estado-patriarcado-y-cultura-prostituyente\\\/#breadcrumb\"},\"inLanguage\":\"es\",\"potentialAction\":[{\"@type\":\"ReadAction\",\"target\":[\"https:\\\/\\\/diariofemenino.com.ar\\\/df\\\/estado-patriarcado-y-cultura-prostituyente\\\/\"]}]},{\"@type\":\"ImageObject\",\"inLanguage\":\"es\",\"@id\":\"https:\\\/\\\/diariofemenino.com.ar\\\/df\\\/estado-patriarcado-y-cultura-prostituyente\\\/#primaryimage\",\"url\":\"https:\\\/\\\/diariofemenino.com.ar\\\/df\\\/wp-content\\\/uploads\\\/2017\\\/08\\\/maxresdefault-2.jpg\",\"contentUrl\":\"https:\\\/\\\/diariofemenino.com.ar\\\/df\\\/wp-content\\\/uploads\\\/2017\\\/08\\\/maxresdefault-2.jpg\",\"width\":512,\"height\":288},{\"@type\":\"BreadcrumbList\",\"@id\":\"https:\\\/\\\/diariofemenino.com.ar\\\/df\\\/estado-patriarcado-y-cultura-prostituyente\\\/#breadcrumb\",\"itemListElement\":[{\"@type\":\"ListItem\",\"position\":1,\"name\":\"Portada\",\"item\":\"https:\\\/\\\/diariofemenino.com.ar\\\/df\\\/\"},{\"@type\":\"ListItem\",\"position\":2,\"name\":\"&quot;Estado, patriarcado y cultura prostituyente&#8230;&quot;\"}]},{\"@type\":\"WebSite\",\"@id\":\"https:\\\/\\\/diariofemenino.com.ar\\\/df\\\/#website\",\"url\":\"https:\\\/\\\/diariofemenino.com.ar\\\/df\\\/\",\"name\":\"Diario Digital Femenino\",\"description\":\"Cuesti\u00f3n de G\u00e9nero\",\"publisher\":{\"@id\":\"https:\\\/\\\/diariofemenino.com.ar\\\/df\\\/#organization\"},\"potentialAction\":[{\"@type\":\"SearchAction\",\"target\":{\"@type\":\"EntryPoint\",\"urlTemplate\":\"https:\\\/\\\/diariofemenino.com.ar\\\/df\\\/?s={search_term_string}\"},\"query-input\":{\"@type\":\"PropertyValueSpecification\",\"valueRequired\":true,\"valueName\":\"search_term_string\"}}],\"inLanguage\":\"es\"},{\"@type\":\"Organization\",\"@id\":\"https:\\\/\\\/diariofemenino.com.ar\\\/df\\\/#organization\",\"name\":\"Diario Femenino\",\"url\":\"https:\\\/\\\/diariofemenino.com.ar\\\/df\\\/\",\"logo\":{\"@type\":\"ImageObject\",\"inLanguage\":\"es\",\"@id\":\"https:\\\/\\\/diariofemenino.com.ar\\\/df\\\/#\\\/schema\\\/logo\\\/image\\\/\",\"url\":\"https:\\\/\\\/diariofemenino.com.ar\\\/df\\\/wp-content\\\/uploads\\\/2018\\\/10\\\/logo.png\",\"contentUrl\":\"https:\\\/\\\/diariofemenino.com.ar\\\/df\\\/wp-content\\\/uploads\\\/2018\\\/10\\\/logo.png\",\"width\":500,\"height\":92,\"caption\":\"Diario Femenino\"},\"image\":{\"@id\":\"https:\\\/\\\/diariofemenino.com.ar\\\/df\\\/#\\\/schema\\\/logo\\\/image\\\/\"},\"sameAs\":[\"https:\\\/\\\/www.facebook.com\\\/DiarioDigitaFemenino\\\/\",\"https:\\\/\\\/x.com\\\/DiarioFemenino1\"]},{\"@type\":\"Person\",\"@id\":\"https:\\\/\\\/diariofemenino.com.ar\\\/df\\\/#\\\/schema\\\/person\\\/38f54b3bfd13f561de2460ba95c169c6\",\"name\":\"Admin\",\"image\":{\"@type\":\"ImageObject\",\"inLanguage\":\"es\",\"@id\":\"https:\\\/\\\/diariofemenino.com.ar\\\/df\\\/wp-content\\\/uploads\\\/2018\\\/12\\\/favicon-150x150.jpg\",\"url\":\"https:\\\/\\\/diariofemenino.com.ar\\\/df\\\/wp-content\\\/uploads\\\/2018\\\/12\\\/favicon-150x150.jpg\",\"contentUrl\":\"https:\\\/\\\/diariofemenino.com.ar\\\/df\\\/wp-content\\\/uploads\\\/2018\\\/12\\\/favicon-150x150.jpg\",\"caption\":\"Admin\"},\"url\":\"https:\\\/\\\/diariofemenino.com.ar\\\/df\\\/author\\\/adm18df\\\/\"}]}<\/script>\n<!-- \/ Yoast SEO plugin. -->","yoast_head_json":{"title":"&quot;Estado, patriarcado y cultura prostituyente...&quot; - Diario Digital Femenino","robots":{"index":"index","follow":"follow","max-snippet":"max-snippet:-1","max-image-preview":"max-image-preview:large","max-video-preview":"max-video-preview:-1"},"canonical":"https:\/\/diariofemenino.com.ar\/df\/estado-patriarcado-y-cultura-prostituyente\/","og_locale":"es_ES","og_type":"article","og_title":"&quot;Estado, patriarcado y cultura prostituyente...&quot; - Diario Digital Femenino","og_description":"\u00abEstado, patriarcado y cultura prostituyente: \u00bfempoderamiento, trabajo a reglamentar, o violencia a erradicar?\u00bb El Foro por la Abolici\u00f3n de la Cultura Prostituyente se llev\u00f3 a cabo en\u00a0diciembre del 2016 en la Facultad de Ciencias Sociales de la UBA, Ciudad Aut\u00f3noma de Buenos Aires, Argentina. La actividad fue\u00a0organizada por estudiantes y Abolicionistas indep\u00b4tes. Entre otrxs particip\u00f3 [&hellip;]","og_url":"https:\/\/diariofemenino.com.ar\/df\/estado-patriarcado-y-cultura-prostituyente\/","og_site_name":"Diario Digital Femenino","article_publisher":"https:\/\/www.facebook.com\/DiarioDigitaFemenino\/","article_published_time":"2017-08-15T12:43:05+00:00","og_image":[{"width":512,"height":288,"url":"https:\/\/diariofemenino.com.ar\/df\/wp-content\/uploads\/2017\/08\/maxresdefault-2.jpg","type":"image\/jpeg"}],"author":"Admin","twitter_card":"summary_large_image","twitter_creator":"@DiarioFemenino1","twitter_site":"@DiarioFemenino1","twitter_misc":{"Escrito por":"Admin","Tiempo de lectura":"1 minuto"},"schema":{"@context":"https:\/\/schema.org","@graph":[{"@type":"Article","@id":"https:\/\/diariofemenino.com.ar\/df\/estado-patriarcado-y-cultura-prostituyente\/#article","isPartOf":{"@id":"https:\/\/diariofemenino.com.ar\/df\/estado-patriarcado-y-cultura-prostituyente\/"},"author":{"name":"Admin","@id":"https:\/\/diariofemenino.com.ar\/df\/#\/schema\/person\/38f54b3bfd13f561de2460ba95c169c6"},"headline":"&quot;Estado, patriarcado y cultura prostituyente&#8230;&quot;","datePublished":"2017-08-15T12:43:05+00:00","mainEntityOfPage":{"@id":"https:\/\/diariofemenino.com.ar\/df\/estado-patriarcado-y-cultura-prostituyente\/"},"wordCount":290,"publisher":{"@id":"https:\/\/diariofemenino.com.ar\/df\/#organization"},"image":{"@id":"https:\/\/diariofemenino.com.ar\/df\/estado-patriarcado-y-cultura-prostituyente\/#primaryimage"},"thumbnailUrl":"https:\/\/diariofemenino.com.ar\/df\/wp-content\/uploads\/2017\/08\/maxresdefault-2.jpg","keywords":["Abolici\u00f3n de la Prostituci\u00f3n","Cultura prostituyente","Diana Maff\u00eda","Estado","Patriarcado"],"articleSection":["Videos"],"inLanguage":"es"},{"@type":"WebPage","@id":"https:\/\/diariofemenino.com.ar\/df\/estado-patriarcado-y-cultura-prostituyente\/","url":"https:\/\/diariofemenino.com.ar\/df\/estado-patriarcado-y-cultura-prostituyente\/","name":"&quot;Estado, patriarcado y cultura prostituyente...&quot; - Diario Digital Femenino","isPartOf":{"@id":"https:\/\/diariofemenino.com.ar\/df\/#website"},"primaryImageOfPage":{"@id":"https:\/\/diariofemenino.com.ar\/df\/estado-patriarcado-y-cultura-prostituyente\/#primaryimage"},"image":{"@id":"https:\/\/diariofemenino.com.ar\/df\/estado-patriarcado-y-cultura-prostituyente\/#primaryimage"},"thumbnailUrl":"https:\/\/diariofemenino.com.ar\/df\/wp-content\/uploads\/2017\/08\/maxresdefault-2.jpg","datePublished":"2017-08-15T12:43:05+00:00","breadcrumb":{"@id":"https:\/\/diariofemenino.com.ar\/df\/estado-patriarcado-y-cultura-prostituyente\/#breadcrumb"},"inLanguage":"es","potentialAction":[{"@type":"ReadAction","target":["https:\/\/diariofemenino.com.ar\/df\/estado-patriarcado-y-cultura-prostituyente\/"]}]},{"@type":"ImageObject","inLanguage":"es","@id":"https:\/\/diariofemenino.com.ar\/df\/estado-patriarcado-y-cultura-prostituyente\/#primaryimage","url":"https:\/\/diariofemenino.com.ar\/df\/wp-content\/uploads\/2017\/08\/maxresdefault-2.jpg","contentUrl":"https:\/\/diariofemenino.com.ar\/df\/wp-content\/uploads\/2017\/08\/maxresdefault-2.jpg","width":512,"height":288},{"@type":"BreadcrumbList","@id":"https:\/\/diariofemenino.com.ar\/df\/estado-patriarcado-y-cultura-prostituyente\/#breadcrumb","itemListElement":[{"@type":"ListItem","position":1,"name":"Portada","item":"https:\/\/diariofemenino.com.ar\/df\/"},{"@type":"ListItem","position":2,"name":"&quot;Estado, patriarcado y cultura prostituyente&#8230;&quot;"}]},{"@type":"WebSite","@id":"https:\/\/diariofemenino.com.ar\/df\/#website","url":"https:\/\/diariofemenino.com.ar\/df\/","name":"Diario Digital Femenino","description":"Cuesti\u00f3n de G\u00e9nero","publisher":{"@id":"https:\/\/diariofemenino.com.ar\/df\/#organization"},"potentialAction":[{"@type":"SearchAction","target":{"@type":"EntryPoint","urlTemplate":"https:\/\/diariofemenino.com.ar\/df\/?s={search_term_string}"},"query-input":{"@type":"PropertyValueSpecification","valueRequired":true,"valueName":"search_term_string"}}],"inLanguage":"es"},{"@type":"Organization","@id":"https:\/\/diariofemenino.com.ar\/df\/#organization","name":"Diario Femenino","url":"https:\/\/diariofemenino.com.ar\/df\/","logo":{"@type":"ImageObject","inLanguage":"es","@id":"https:\/\/diariofemenino.com.ar\/df\/#\/schema\/logo\/image\/","url":"https:\/\/diariofemenino.com.ar\/df\/wp-content\/uploads\/2018\/10\/logo.png","contentUrl":"https:\/\/diariofemenino.com.ar\/df\/wp-content\/uploads\/2018\/10\/logo.png","width":500,"height":92,"caption":"Diario Femenino"},"image":{"@id":"https:\/\/diariofemenino.com.ar\/df\/#\/schema\/logo\/image\/"},"sameAs":["https:\/\/www.facebook.com\/DiarioDigitaFemenino\/","https:\/\/x.com\/DiarioFemenino1"]},{"@type":"Person","@id":"https:\/\/diariofemenino.com.ar\/df\/#\/schema\/person\/38f54b3bfd13f561de2460ba95c169c6","name":"Admin","image":{"@type":"ImageObject","inLanguage":"es","@id":"https:\/\/diariofemenino.com.ar\/df\/wp-content\/uploads\/2018\/12\/favicon-150x150.jpg","url":"https:\/\/diariofemenino.com.ar\/df\/wp-content\/uploads\/2018\/12\/favicon-150x150.jpg","contentUrl":"https:\/\/diariofemenino.com.ar\/df\/wp-content\/uploads\/2018\/12\/favicon-150x150.jpg","caption":"Admin"},"url":"https:\/\/diariofemenino.com.ar\/df\/author\/adm18df\/"}]}},"jetpack_featured_media_url":"https:\/\/diariofemenino.com.ar\/df\/wp-content\/uploads\/2017\/08\/maxresdefault-2.jpg","jetpack_sharing_enabled":true,"rttpg_featured_image_url":{"full":["https:\/\/diariofemenino.com.ar\/df\/wp-content\/uploads\/2017\/08\/maxresdefault-2.jpg",512,288,false],"landscape":["https:\/\/diariofemenino.com.ar\/df\/wp-content\/uploads\/2017\/08\/maxresdefault-2.jpg",512,288,false],"portraits":["https:\/\/diariofemenino.com.ar\/df\/wp-content\/uploads\/2017\/08\/maxresdefault-2.jpg",512,288,false],"thumbnail":["https:\/\/diariofemenino.com.ar\/df\/wp-content\/uploads\/2017\/08\/maxresdefault-2-150x150.jpg",150,150,true],"medium":["https:\/\/diariofemenino.com.ar\/df\/wp-content\/uploads\/2017\/08\/maxresdefault-2-300x169.jpg",300,169,true],"large":["https:\/\/diariofemenino.com.ar\/df\/wp-content\/uploads\/2017\/08\/maxresdefault-2.jpg",512,288,false],"1536x1536":["https:\/\/diariofemenino.com.ar\/df\/wp-content\/uploads\/2017\/08\/maxresdefault-2.jpg",512,288,false],"2048x2048":["https:\/\/diariofemenino.com.ar\/df\/wp-content\/uploads\/2017\/08\/maxresdefault-2.jpg",512,288,false]},"rttpg_author":{"display_name":"Admin","author_link":"https:\/\/diariofemenino.com.ar\/df\/author\/adm18df\/"},"rttpg_comment":0,"rttpg_category":"<a href=\"https:\/\/diariofemenino.com.ar\/df\/category\/videos\/\" rel=\"category tag\">Videos<\/a>","rttpg_excerpt":"\u00abEstado, patriarcado y cultura prostituyente: \u00bfempoderamiento, trabajo a reglamentar, o violencia a erradicar?\u00bb El Foro por la Abolici\u00f3n de la Cultura Prostituyente se llev\u00f3 a cabo en\u00a0diciembre del 2016 en la Facultad de Ciencias Sociales de la UBA, Ciudad Aut\u00f3noma de Buenos Aires, Argentina. La actividad fue\u00a0organizada por estudiantes y Abolicionistas indep\u00b4tes. Entre otrxs particip\u00f3&hellip;","_links":{"self":[{"href":"https:\/\/diariofemenino.com.ar\/df\/wp-json\/wp\/v2\/posts\/29024","targetHints":{"allow":["GET"]}}],"collection":[{"href":"https:\/\/diariofemenino.com.ar\/df\/wp-json\/wp\/v2\/posts"}],"about":[{"href":"https:\/\/diariofemenino.com.ar\/df\/wp-json\/wp\/v2\/types\/post"}],"author":[{"embeddable":true,"href":"https:\/\/diariofemenino.com.ar\/df\/wp-json\/wp\/v2\/users\/1"}],"replies":[{"embeddable":true,"href":"https:\/\/diariofemenino.com.ar\/df\/wp-json\/wp\/v2\/comments?post=29024"}],"version-history":[{"count":0,"href":"https:\/\/diariofemenino.com.ar\/df\/wp-json\/wp\/v2\/posts\/29024\/revisions"}],"wp:featuredmedia":[{"embeddable":true,"href":"https:\/\/diariofemenino.com.ar\/df\/wp-json\/wp\/v2\/media\/29025"}],"wp:attachment":[{"href":"https:\/\/diariofemenino.com.ar\/df\/wp-json\/wp\/v2\/media?parent=29024"}],"wp:term":[{"taxonomy":"category","embeddable":true,"href":"https:\/\/diariofemenino.com.ar\/df\/wp-json\/wp\/v2\/categories?post=29024"},{"taxonomy":"post_tag","embeddable":true,"href":"https:\/\/diariofemenino.com.ar\/df\/wp-json\/wp\/v2\/tags?post=29024"}],"curies":[{"name":"wp","href":"https:\/\/api.w.org\/{rel}","templated":true}]}}