{"id":28980,"date":"2017-08-11T22:05:49","date_gmt":"2017-08-12T01:05:49","guid":{"rendered":"http:\/\/diariofemenino.com.ar\/v2\/?p=28980"},"modified":"2017-08-11T22:05:49","modified_gmt":"2017-08-12T01:05:49","slug":"mujer-y-todo","status":"publish","type":"post","link":"https:\/\/diariofemenino.com.ar\/df\/mujer-y-todo\/","title":{"rendered":"&quot;Mujer y todo&quot;"},"content":{"rendered":"<p><strong><em>40 a\u00f1os de periodismo. 40 a\u00f1os de este violento oficio son los que relata Susy Scandali en el siguiente escrito que compartimos. Aqu\u00ed podr\u00e1n conocer en primera persona las vivencias de una mujer que dedico su vida al periodismo.<\/em><\/strong><br \/>\nHace casi cuarenta a\u00f1os, entr\u00e9 al diario La Capital con una nota en mis manos. Yo hac\u00eda Automovilismo en Acelerando por aquellos momentos y hab\u00eda escrito una nota que se llamaba \u00abMujer y todo\u00bb, pele\u00e1ndome con todas las autoridades del Automovilismo, porque por entonces a las mujeres no se nos permit\u00eda la entrada a boxes. \u00abNi mujeres ni ni\u00f1os\u00bb era la consigna, poni\u00e9ndonos a la misma altura de aquellos que no se sab\u00edan cuidar solos. Sub\u00ed las escaleras de la vieja redacci\u00f3n de la calle Yrigoyen y pregunt\u00e9 por el jefe de Deportes. Era Ra\u00fal Ram\u00edrez y me present\u00e9 con mi nota, prepoteando, \u00abMujer y todo\u00bb. Le debe haber gustado mi actitud, porque a la semana me llamaron para probarme. Y a los pocos dias, me llamaron de nuevo. \u00abNo te va a gustar\u00bb, me advirti\u00f3 Ram\u00edrez, \u00abpero es la \u00fanica vacante\u00bb. Era para Sociales. Y entr\u00e9. Al poquito tiempo transform\u00e9 ese espacio haciendo notas sobre cualquier cosa.<br \/>\nEn las inundaciones de 1980, necesitaron cronista para ir a Dolores. Fueron mis primeras notas en Redacci\u00f3n General. Qued\u00e9 y fui la primera mujer en la secci\u00f3n.<br \/>\nPas\u00e9 por varias secciones, creo que por todas: Policiales, Exteriores, Salud, Educaci\u00f3n, alguna nota de Deportes, Locales. En esta \u00faltima estuve varios a\u00f1os y estando ah\u00ed me nombraron primero prosecretaria de Redacci\u00f3n, y finalmente Secretaria de Redacci\u00f3n. La primera mujer que tuvo ese cargo.<br \/>\nAsum\u00ed con pasi\u00f3n todas las funciones, me especialic\u00e9 en el Vecinalismo primero, luego en Medioambiente y termin\u00e9 en Arte y Espect\u00e1culos porque era el lugar donde menos molestaba. Siempre fui molesta y un episodio que quedar\u00e1 en el recuerdo, me llev\u00f3 a una secci\u00f3n en la que a nadie -no por lo menos a la Direcci\u00f3n- le importaba lo que pensaba.<br \/>\nEn esta hice mis \u00faltimos a\u00f1os en el diario, con tanta pasi\u00f3n como las otras. No entiendo mi profesi\u00f3n sin pasi\u00f3n. No entiendo la vida sin pasi\u00f3n&#8230;<br \/>\nHoy me estoy despidiendo del diario. Con la misma prepotencia de laburo con la que entr\u00e9, reclamando, ahora que no soy la \u00fanica mujer, que a mis compa\u00f1eras les den las mismas oportunidades que tuve yo, de crecer como cualquier otro compa\u00f1ero var\u00f3n. Que parece absurdo en estos tiempos, pero que no lo es.<br \/>\nPodr\u00eda haberme quedado un tiempo m\u00e1s, pero casi 40 a\u00f1os son bastantes&#8230;<br \/>\nEscribo esto un d\u00eda simb\u00f3lico. Detesto el Dia del Amigo por lo que eso significa -que los yankis hayan pisado tambi\u00e9n la Luna este dia me da escozor-, pero est\u00e1 \u00abinstitucionalizado\u00bb y es, al fin, buen dia como cualquier otro para despedirse.<br \/>\nMe voy del diario y me quedan much@s amig@s hechos en estos casi cuarenta a\u00f1os. Otr@s, dejar\u00e1n de serlo exactamente en el mismo momento en que sepan que ya no les pondr\u00e9 las gacetillas. Es@s, claro est\u00e1, no son amig@s&#8230;<br \/>\nSeguir\u00e9 con mis clases, ese refugio que encontr\u00e9 con las pibas y los pibes que quieren ser periodistas, a quienes atosigo con el \u00abdeber ser\u00bb, porque no se debe ser de cualquier modo, si queremos dignificar la profesi\u00f3n&#8230;<br \/>\nY escribir\u00e9, escribir\u00e9, escribir\u00e9, porque es la \u00fanica manera que entiendo de comunicarme y porque si no escribo, no respiro.<br \/>\nTengo enormes expectativas en lo que vendr\u00e1, que vaya a saber qu\u00e9 es. Salgo de mi \u00abzona de confort\u00bb por decisi\u00f3n propia. Tengo curiosidad por lo que me espera. Y es claro: si no fuera curiosa, no ser\u00eda periodista.<br \/>\nA quienes me acompa\u00f1aron en todos estos a\u00f1os, mi agradecimiento.<br \/>\nNos seguiremos viendo, a la vuelta de la esquina.<br \/>\n&nbsp;<\/p>\n","protected":false},"excerpt":{"rendered":"<p>40 a\u00f1os de periodismo. 40 a\u00f1os de este violento oficio son los que relata Susy Scandali en el siguiente escrito que compartimos. Aqu\u00ed podr\u00e1n conocer en primera persona las vivencias de una mujer que dedico su vida al periodismo. Hace casi cuarenta a\u00f1os, entr\u00e9 al diario La Capital con una nota en mis manos. Yo [&hellip;]<\/p>\n","protected":false},"author":1,"featured_media":28981,"comment_status":"closed","ping_status":"closed","sticky":false,"template":"","format":"standard","meta":{"iawp_total_views":5,"footnotes":""},"categories":[6],"tags":[212,28,478],"class_list":["post-28980","post","type-post","status-publish","format-standard","has-post-thumbnail","hentry","category-articulos","tag-mujer","tag-periodismo","tag-vida"],"nelio_content":{"autoShareEndMode":"never","automationSources":{"useCustomSentences":false,"customSentences":[]},"efiAlt":"","efiUrl":"","followers":[],"highlights":[],"isAutoShareEnabled":true,"networkImageIds":[],"permalinkQueryArgs":[],"series":[],"suggestedReferences":[]},"yoast_head":"<!-- This site is optimized with the Yoast SEO plugin v27.5 - https:\/\/yoast.com\/product\/yoast-seo-wordpress\/ -->\n<title>&quot;Mujer y todo&quot; - Diario Digital Femenino<\/title>\n<meta name=\"robots\" content=\"index, follow, max-snippet:-1, max-image-preview:large, max-video-preview:-1\" \/>\n<link rel=\"canonical\" href=\"https:\/\/diariofemenino.com.ar\/df\/mujer-y-todo\/\" \/>\n<meta property=\"og:locale\" content=\"es_ES\" \/>\n<meta property=\"og:type\" content=\"article\" \/>\n<meta property=\"og:title\" content=\"&quot;Mujer y todo&quot; - Diario Digital Femenino\" \/>\n<meta property=\"og:description\" content=\"40 a\u00f1os de periodismo. 40 a\u00f1os de este violento oficio son los que relata Susy Scandali en el siguiente escrito que compartimos. Aqu\u00ed podr\u00e1n conocer en primera persona las vivencias de una mujer que dedico su vida al periodismo. Hace casi cuarenta a\u00f1os, entr\u00e9 al diario La Capital con una nota en mis manos. Yo [&hellip;]\" \/>\n<meta property=\"og:url\" content=\"https:\/\/diariofemenino.com.ar\/df\/mujer-y-todo\/\" \/>\n<meta property=\"og:site_name\" content=\"Diario Digital Femenino\" \/>\n<meta property=\"article:publisher\" content=\"https:\/\/www.facebook.com\/DiarioDigitaFemenino\/\" \/>\n<meta property=\"article:published_time\" content=\"2017-08-12T01:05:49+00:00\" \/>\n<meta property=\"og:image\" content=\"https:\/\/diariofemenino.com.ar\/df\/wp-content\/uploads\/2017\/08\/13332776_278531192498625_2587951002005880542_n-1.jpg\" \/>\n\t<meta property=\"og:image:width\" content=\"481\" \/>\n\t<meta property=\"og:image:height\" content=\"544\" \/>\n\t<meta property=\"og:image:type\" content=\"image\/jpeg\" \/>\n<meta name=\"author\" content=\"Admin\" \/>\n<meta name=\"twitter:card\" content=\"summary_large_image\" \/>\n<meta name=\"twitter:creator\" content=\"@DiarioFemenino1\" \/>\n<meta name=\"twitter:site\" content=\"@DiarioFemenino1\" \/>\n<meta name=\"twitter:label1\" content=\"Escrito por\" \/>\n\t<meta name=\"twitter:data1\" content=\"Admin\" \/>\n\t<meta name=\"twitter:label2\" content=\"Tiempo de lectura\" \/>\n\t<meta name=\"twitter:data2\" content=\"3 minutos\" \/>\n<script type=\"application\/ld+json\" class=\"yoast-schema-graph\">{\"@context\":\"https:\\\/\\\/schema.org\",\"@graph\":[{\"@type\":\"Article\",\"@id\":\"https:\\\/\\\/diariofemenino.com.ar\\\/df\\\/mujer-y-todo\\\/#article\",\"isPartOf\":{\"@id\":\"https:\\\/\\\/diariofemenino.com.ar\\\/df\\\/mujer-y-todo\\\/\"},\"author\":{\"name\":\"Admin\",\"@id\":\"https:\\\/\\\/diariofemenino.com.ar\\\/df\\\/#\\\/schema\\\/person\\\/38f54b3bfd13f561de2460ba95c169c6\"},\"headline\":\"&quot;Mujer y todo&quot;\",\"datePublished\":\"2017-08-12T01:05:49+00:00\",\"mainEntityOfPage\":{\"@id\":\"https:\\\/\\\/diariofemenino.com.ar\\\/df\\\/mujer-y-todo\\\/\"},\"wordCount\":673,\"publisher\":{\"@id\":\"https:\\\/\\\/diariofemenino.com.ar\\\/df\\\/#organization\"},\"image\":{\"@id\":\"https:\\\/\\\/diariofemenino.com.ar\\\/df\\\/mujer-y-todo\\\/#primaryimage\"},\"thumbnailUrl\":\"https:\\\/\\\/diariofemenino.com.ar\\\/df\\\/wp-content\\\/uploads\\\/2017\\\/08\\\/13332776_278531192498625_2587951002005880542_n-1.jpg\",\"keywords\":[\"Mujer\",\"Periodismo\",\"Vida\"],\"articleSection\":[\"Mujeres en Palabras\"],\"inLanguage\":\"es\"},{\"@type\":\"WebPage\",\"@id\":\"https:\\\/\\\/diariofemenino.com.ar\\\/df\\\/mujer-y-todo\\\/\",\"url\":\"https:\\\/\\\/diariofemenino.com.ar\\\/df\\\/mujer-y-todo\\\/\",\"name\":\"&quot;Mujer y todo&quot; - Diario Digital Femenino\",\"isPartOf\":{\"@id\":\"https:\\\/\\\/diariofemenino.com.ar\\\/df\\\/#website\"},\"primaryImageOfPage\":{\"@id\":\"https:\\\/\\\/diariofemenino.com.ar\\\/df\\\/mujer-y-todo\\\/#primaryimage\"},\"image\":{\"@id\":\"https:\\\/\\\/diariofemenino.com.ar\\\/df\\\/mujer-y-todo\\\/#primaryimage\"},\"thumbnailUrl\":\"https:\\\/\\\/diariofemenino.com.ar\\\/df\\\/wp-content\\\/uploads\\\/2017\\\/08\\\/13332776_278531192498625_2587951002005880542_n-1.jpg\",\"datePublished\":\"2017-08-12T01:05:49+00:00\",\"breadcrumb\":{\"@id\":\"https:\\\/\\\/diariofemenino.com.ar\\\/df\\\/mujer-y-todo\\\/#breadcrumb\"},\"inLanguage\":\"es\",\"potentialAction\":[{\"@type\":\"ReadAction\",\"target\":[\"https:\\\/\\\/diariofemenino.com.ar\\\/df\\\/mujer-y-todo\\\/\"]}]},{\"@type\":\"ImageObject\",\"inLanguage\":\"es\",\"@id\":\"https:\\\/\\\/diariofemenino.com.ar\\\/df\\\/mujer-y-todo\\\/#primaryimage\",\"url\":\"https:\\\/\\\/diariofemenino.com.ar\\\/df\\\/wp-content\\\/uploads\\\/2017\\\/08\\\/13332776_278531192498625_2587951002005880542_n-1.jpg\",\"contentUrl\":\"https:\\\/\\\/diariofemenino.com.ar\\\/df\\\/wp-content\\\/uploads\\\/2017\\\/08\\\/13332776_278531192498625_2587951002005880542_n-1.jpg\",\"width\":481,\"height\":544},{\"@type\":\"BreadcrumbList\",\"@id\":\"https:\\\/\\\/diariofemenino.com.ar\\\/df\\\/mujer-y-todo\\\/#breadcrumb\",\"itemListElement\":[{\"@type\":\"ListItem\",\"position\":1,\"name\":\"Portada\",\"item\":\"https:\\\/\\\/diariofemenino.com.ar\\\/df\\\/\"},{\"@type\":\"ListItem\",\"position\":2,\"name\":\"&quot;Mujer y todo&quot;\"}]},{\"@type\":\"WebSite\",\"@id\":\"https:\\\/\\\/diariofemenino.com.ar\\\/df\\\/#website\",\"url\":\"https:\\\/\\\/diariofemenino.com.ar\\\/df\\\/\",\"name\":\"Diario Digital Femenino\",\"description\":\"Cuesti\u00f3n de G\u00e9nero\",\"publisher\":{\"@id\":\"https:\\\/\\\/diariofemenino.com.ar\\\/df\\\/#organization\"},\"potentialAction\":[{\"@type\":\"SearchAction\",\"target\":{\"@type\":\"EntryPoint\",\"urlTemplate\":\"https:\\\/\\\/diariofemenino.com.ar\\\/df\\\/?s={search_term_string}\"},\"query-input\":{\"@type\":\"PropertyValueSpecification\",\"valueRequired\":true,\"valueName\":\"search_term_string\"}}],\"inLanguage\":\"es\"},{\"@type\":\"Organization\",\"@id\":\"https:\\\/\\\/diariofemenino.com.ar\\\/df\\\/#organization\",\"name\":\"Diario Femenino\",\"url\":\"https:\\\/\\\/diariofemenino.com.ar\\\/df\\\/\",\"logo\":{\"@type\":\"ImageObject\",\"inLanguage\":\"es\",\"@id\":\"https:\\\/\\\/diariofemenino.com.ar\\\/df\\\/#\\\/schema\\\/logo\\\/image\\\/\",\"url\":\"https:\\\/\\\/diariofemenino.com.ar\\\/df\\\/wp-content\\\/uploads\\\/2018\\\/10\\\/logo.png\",\"contentUrl\":\"https:\\\/\\\/diariofemenino.com.ar\\\/df\\\/wp-content\\\/uploads\\\/2018\\\/10\\\/logo.png\",\"width\":500,\"height\":92,\"caption\":\"Diario Femenino\"},\"image\":{\"@id\":\"https:\\\/\\\/diariofemenino.com.ar\\\/df\\\/#\\\/schema\\\/logo\\\/image\\\/\"},\"sameAs\":[\"https:\\\/\\\/www.facebook.com\\\/DiarioDigitaFemenino\\\/\",\"https:\\\/\\\/x.com\\\/DiarioFemenino1\"]},{\"@type\":\"Person\",\"@id\":\"https:\\\/\\\/diariofemenino.com.ar\\\/df\\\/#\\\/schema\\\/person\\\/38f54b3bfd13f561de2460ba95c169c6\",\"name\":\"Admin\",\"image\":{\"@type\":\"ImageObject\",\"inLanguage\":\"es\",\"@id\":\"https:\\\/\\\/diariofemenino.com.ar\\\/df\\\/wp-content\\\/uploads\\\/2018\\\/12\\\/favicon-150x150.jpg\",\"url\":\"https:\\\/\\\/diariofemenino.com.ar\\\/df\\\/wp-content\\\/uploads\\\/2018\\\/12\\\/favicon-150x150.jpg\",\"contentUrl\":\"https:\\\/\\\/diariofemenino.com.ar\\\/df\\\/wp-content\\\/uploads\\\/2018\\\/12\\\/favicon-150x150.jpg\",\"caption\":\"Admin\"},\"url\":\"https:\\\/\\\/diariofemenino.com.ar\\\/df\\\/author\\\/adm18df\\\/\"}]}<\/script>\n<!-- \/ Yoast SEO plugin. -->","yoast_head_json":{"title":"&quot;Mujer y todo&quot; - Diario Digital Femenino","robots":{"index":"index","follow":"follow","max-snippet":"max-snippet:-1","max-image-preview":"max-image-preview:large","max-video-preview":"max-video-preview:-1"},"canonical":"https:\/\/diariofemenino.com.ar\/df\/mujer-y-todo\/","og_locale":"es_ES","og_type":"article","og_title":"&quot;Mujer y todo&quot; - Diario Digital Femenino","og_description":"40 a\u00f1os de periodismo. 40 a\u00f1os de este violento oficio son los que relata Susy Scandali en el siguiente escrito que compartimos. Aqu\u00ed podr\u00e1n conocer en primera persona las vivencias de una mujer que dedico su vida al periodismo. Hace casi cuarenta a\u00f1os, entr\u00e9 al diario La Capital con una nota en mis manos. Yo [&hellip;]","og_url":"https:\/\/diariofemenino.com.ar\/df\/mujer-y-todo\/","og_site_name":"Diario Digital Femenino","article_publisher":"https:\/\/www.facebook.com\/DiarioDigitaFemenino\/","article_published_time":"2017-08-12T01:05:49+00:00","og_image":[{"width":481,"height":544,"url":"https:\/\/diariofemenino.com.ar\/df\/wp-content\/uploads\/2017\/08\/13332776_278531192498625_2587951002005880542_n-1.jpg","type":"image\/jpeg"}],"author":"Admin","twitter_card":"summary_large_image","twitter_creator":"@DiarioFemenino1","twitter_site":"@DiarioFemenino1","twitter_misc":{"Escrito por":"Admin","Tiempo de lectura":"3 minutos"},"schema":{"@context":"https:\/\/schema.org","@graph":[{"@type":"Article","@id":"https:\/\/diariofemenino.com.ar\/df\/mujer-y-todo\/#article","isPartOf":{"@id":"https:\/\/diariofemenino.com.ar\/df\/mujer-y-todo\/"},"author":{"name":"Admin","@id":"https:\/\/diariofemenino.com.ar\/df\/#\/schema\/person\/38f54b3bfd13f561de2460ba95c169c6"},"headline":"&quot;Mujer y todo&quot;","datePublished":"2017-08-12T01:05:49+00:00","mainEntityOfPage":{"@id":"https:\/\/diariofemenino.com.ar\/df\/mujer-y-todo\/"},"wordCount":673,"publisher":{"@id":"https:\/\/diariofemenino.com.ar\/df\/#organization"},"image":{"@id":"https:\/\/diariofemenino.com.ar\/df\/mujer-y-todo\/#primaryimage"},"thumbnailUrl":"https:\/\/diariofemenino.com.ar\/df\/wp-content\/uploads\/2017\/08\/13332776_278531192498625_2587951002005880542_n-1.jpg","keywords":["Mujer","Periodismo","Vida"],"articleSection":["Mujeres en Palabras"],"inLanguage":"es"},{"@type":"WebPage","@id":"https:\/\/diariofemenino.com.ar\/df\/mujer-y-todo\/","url":"https:\/\/diariofemenino.com.ar\/df\/mujer-y-todo\/","name":"&quot;Mujer y todo&quot; - Diario Digital Femenino","isPartOf":{"@id":"https:\/\/diariofemenino.com.ar\/df\/#website"},"primaryImageOfPage":{"@id":"https:\/\/diariofemenino.com.ar\/df\/mujer-y-todo\/#primaryimage"},"image":{"@id":"https:\/\/diariofemenino.com.ar\/df\/mujer-y-todo\/#primaryimage"},"thumbnailUrl":"https:\/\/diariofemenino.com.ar\/df\/wp-content\/uploads\/2017\/08\/13332776_278531192498625_2587951002005880542_n-1.jpg","datePublished":"2017-08-12T01:05:49+00:00","breadcrumb":{"@id":"https:\/\/diariofemenino.com.ar\/df\/mujer-y-todo\/#breadcrumb"},"inLanguage":"es","potentialAction":[{"@type":"ReadAction","target":["https:\/\/diariofemenino.com.ar\/df\/mujer-y-todo\/"]}]},{"@type":"ImageObject","inLanguage":"es","@id":"https:\/\/diariofemenino.com.ar\/df\/mujer-y-todo\/#primaryimage","url":"https:\/\/diariofemenino.com.ar\/df\/wp-content\/uploads\/2017\/08\/13332776_278531192498625_2587951002005880542_n-1.jpg","contentUrl":"https:\/\/diariofemenino.com.ar\/df\/wp-content\/uploads\/2017\/08\/13332776_278531192498625_2587951002005880542_n-1.jpg","width":481,"height":544},{"@type":"BreadcrumbList","@id":"https:\/\/diariofemenino.com.ar\/df\/mujer-y-todo\/#breadcrumb","itemListElement":[{"@type":"ListItem","position":1,"name":"Portada","item":"https:\/\/diariofemenino.com.ar\/df\/"},{"@type":"ListItem","position":2,"name":"&quot;Mujer y todo&quot;"}]},{"@type":"WebSite","@id":"https:\/\/diariofemenino.com.ar\/df\/#website","url":"https:\/\/diariofemenino.com.ar\/df\/","name":"Diario Digital Femenino","description":"Cuesti\u00f3n de G\u00e9nero","publisher":{"@id":"https:\/\/diariofemenino.com.ar\/df\/#organization"},"potentialAction":[{"@type":"SearchAction","target":{"@type":"EntryPoint","urlTemplate":"https:\/\/diariofemenino.com.ar\/df\/?s={search_term_string}"},"query-input":{"@type":"PropertyValueSpecification","valueRequired":true,"valueName":"search_term_string"}}],"inLanguage":"es"},{"@type":"Organization","@id":"https:\/\/diariofemenino.com.ar\/df\/#organization","name":"Diario Femenino","url":"https:\/\/diariofemenino.com.ar\/df\/","logo":{"@type":"ImageObject","inLanguage":"es","@id":"https:\/\/diariofemenino.com.ar\/df\/#\/schema\/logo\/image\/","url":"https:\/\/diariofemenino.com.ar\/df\/wp-content\/uploads\/2018\/10\/logo.png","contentUrl":"https:\/\/diariofemenino.com.ar\/df\/wp-content\/uploads\/2018\/10\/logo.png","width":500,"height":92,"caption":"Diario Femenino"},"image":{"@id":"https:\/\/diariofemenino.com.ar\/df\/#\/schema\/logo\/image\/"},"sameAs":["https:\/\/www.facebook.com\/DiarioDigitaFemenino\/","https:\/\/x.com\/DiarioFemenino1"]},{"@type":"Person","@id":"https:\/\/diariofemenino.com.ar\/df\/#\/schema\/person\/38f54b3bfd13f561de2460ba95c169c6","name":"Admin","image":{"@type":"ImageObject","inLanguage":"es","@id":"https:\/\/diariofemenino.com.ar\/df\/wp-content\/uploads\/2018\/12\/favicon-150x150.jpg","url":"https:\/\/diariofemenino.com.ar\/df\/wp-content\/uploads\/2018\/12\/favicon-150x150.jpg","contentUrl":"https:\/\/diariofemenino.com.ar\/df\/wp-content\/uploads\/2018\/12\/favicon-150x150.jpg","caption":"Admin"},"url":"https:\/\/diariofemenino.com.ar\/df\/author\/adm18df\/"}]}},"jetpack_featured_media_url":"https:\/\/diariofemenino.com.ar\/df\/wp-content\/uploads\/2017\/08\/13332776_278531192498625_2587951002005880542_n-1.jpg","jetpack_sharing_enabled":true,"rttpg_featured_image_url":{"full":["https:\/\/diariofemenino.com.ar\/df\/wp-content\/uploads\/2017\/08\/13332776_278531192498625_2587951002005880542_n-1.jpg",481,544,false],"landscape":["https:\/\/diariofemenino.com.ar\/df\/wp-content\/uploads\/2017\/08\/13332776_278531192498625_2587951002005880542_n-1.jpg",481,544,false],"portraits":["https:\/\/diariofemenino.com.ar\/df\/wp-content\/uploads\/2017\/08\/13332776_278531192498625_2587951002005880542_n-1.jpg",481,544,false],"thumbnail":["https:\/\/diariofemenino.com.ar\/df\/wp-content\/uploads\/2017\/08\/13332776_278531192498625_2587951002005880542_n-1-150x150.jpg",150,150,true],"medium":["https:\/\/diariofemenino.com.ar\/df\/wp-content\/uploads\/2017\/08\/13332776_278531192498625_2587951002005880542_n-1-265x300.jpg",265,300,true],"large":["https:\/\/diariofemenino.com.ar\/df\/wp-content\/uploads\/2017\/08\/13332776_278531192498625_2587951002005880542_n-1.jpg",481,544,false],"1536x1536":["https:\/\/diariofemenino.com.ar\/df\/wp-content\/uploads\/2017\/08\/13332776_278531192498625_2587951002005880542_n-1.jpg",481,544,false],"2048x2048":["https:\/\/diariofemenino.com.ar\/df\/wp-content\/uploads\/2017\/08\/13332776_278531192498625_2587951002005880542_n-1.jpg",481,544,false]},"rttpg_author":{"display_name":"Admin","author_link":"https:\/\/diariofemenino.com.ar\/df\/author\/adm18df\/"},"rttpg_comment":0,"rttpg_category":"<a href=\"https:\/\/diariofemenino.com.ar\/df\/category\/articulos\/\" rel=\"category tag\">Mujeres en Palabras<\/a>","rttpg_excerpt":"40 a\u00f1os de periodismo. 40 a\u00f1os de este violento oficio son los que relata Susy Scandali en el siguiente escrito que compartimos. Aqu\u00ed podr\u00e1n conocer en primera persona las vivencias de una mujer que dedico su vida al periodismo. Hace casi cuarenta a\u00f1os, entr\u00e9 al diario La Capital con una nota en mis manos. Yo&hellip;","_links":{"self":[{"href":"https:\/\/diariofemenino.com.ar\/df\/wp-json\/wp\/v2\/posts\/28980","targetHints":{"allow":["GET"]}}],"collection":[{"href":"https:\/\/diariofemenino.com.ar\/df\/wp-json\/wp\/v2\/posts"}],"about":[{"href":"https:\/\/diariofemenino.com.ar\/df\/wp-json\/wp\/v2\/types\/post"}],"author":[{"embeddable":true,"href":"https:\/\/diariofemenino.com.ar\/df\/wp-json\/wp\/v2\/users\/1"}],"replies":[{"embeddable":true,"href":"https:\/\/diariofemenino.com.ar\/df\/wp-json\/wp\/v2\/comments?post=28980"}],"version-history":[{"count":0,"href":"https:\/\/diariofemenino.com.ar\/df\/wp-json\/wp\/v2\/posts\/28980\/revisions"}],"wp:featuredmedia":[{"embeddable":true,"href":"https:\/\/diariofemenino.com.ar\/df\/wp-json\/wp\/v2\/media\/28981"}],"wp:attachment":[{"href":"https:\/\/diariofemenino.com.ar\/df\/wp-json\/wp\/v2\/media?parent=28980"}],"wp:term":[{"taxonomy":"category","embeddable":true,"href":"https:\/\/diariofemenino.com.ar\/df\/wp-json\/wp\/v2\/categories?post=28980"},{"taxonomy":"post_tag","embeddable":true,"href":"https:\/\/diariofemenino.com.ar\/df\/wp-json\/wp\/v2\/tags?post=28980"}],"curies":[{"name":"wp","href":"https:\/\/api.w.org\/{rel}","templated":true}]}}