{"id":2895,"date":"2012-08-10T00:10:41","date_gmt":"2012-08-10T03:10:41","guid":{"rendered":"http:\/\/www.diariofemenino.com.ar\/?p=2895"},"modified":"2012-08-10T00:10:41","modified_gmt":"2012-08-10T03:10:41","slug":"se-hicieron13-pedidos-de-cambio-de-identidad-de-genero-en-misiones","status":"publish","type":"post","link":"https:\/\/diariofemenino.com.ar\/df\/se-hicieron13-pedidos-de-cambio-de-identidad-de-genero-en-misiones\/","title":{"rendered":"Se hicieron13 pedidos de cambio de identidad de g\u00e9nero en Misiones"},"content":{"rendered":"<p>&nbsp;<br \/>\n&nbsp;<br \/>\n&nbsp;<br \/>\n<strong>El ministro de Gobierno, Jorge Franco, revel\u00f3 que en Misiones se solicitaron trece pedidos de cambio de identidad de g\u00e9nero, de los cuales ya pudieron concretarse once.<\/strong><br \/>\n<a href=\"http:\/\/www.diariofemenino.com.ar\/wp-content\/uploads\/3964d53226b62b4470dc10f1f4f352f6a7077ca0.jpg\"><img loading=\"lazy\" decoding=\"async\" class=\"alignnone size-full wp-image-2896\" title=\"3964d53226b62b4470dc10f1f4f352f6a7077ca0\" src=\"http:\/\/www.diariofemenino.com.ar\/wp-content\/uploads\/3964d53226b62b4470dc10f1f4f352f6a7077ca0.jpg\" alt=\"\" width=\"510\" height=\"339\" \/><\/a><br \/>\nEl ministro de Gobierno, Jorge Franco revel\u00f3 que en Misiones se solicitaron trece pedidos de cambio de identidad de g\u00e9nero, de los cuales ya se concretaron once.<br \/>\nA su vez, la directora del Registro Provincial de las Personas, Virginia Alejandra Soto, indic\u00f3 que los tr\u00e1mites\u00a0 &#8211; realizados para el cambio de identidad de g\u00e9nero &#8211; se concretaron en toda la provincia.<br \/>\nEn once de los trece casos, se cumpliment\u00f3 con los pasos administrativos para solicitar la correcci\u00f3n de la identidad de g\u00e9nero de las personas, se confeccionaron las disposiciones pertinentes y se generaron las nuevas partidas de nacimiento.<br \/>\nCon los pasos cumplimentados en lo administrativo, se requirieron al Registro Nacional la confecci\u00f3n de los nuevos Documentos de Identidad (DNI).<br \/>\nCuatro de los casos fueron enviados hace un mes aproximadamente, explic\u00f3 la funcionaria, y ayer se enviaron dos carpetas m\u00e1s. \u201cLo que resta es esperar el tiempo normal para la recepci\u00f3n en los domicilios de los nuevos DNI\u201d, expres\u00f3.<br \/>\nEn cumplimiento de la Ley de Identidad de G\u00e9nero, recientemente promulgada por el Poder Ejecutivo, el Registro Nacional de las Personas dispuso que las personas que soliciten la rectificaci\u00f3n registral y la expedici\u00f3n del DNI, lo hagan en forma gratuita.<br \/>\nAsimismo, destaca que la solicitud se debe efectuar ante el Renaper \u201ca efectos de requerir la rectificaci\u00f3n registral de la partida de nacimiento y el nuevo DNI, y en todos los casos, mantienen la numeraci\u00f3n original.<br \/>\n&nbsp;<br \/>\n&nbsp;<br \/>\nFuente: <a href=\"http:\/\/www.misionesonline.net\/noticias\/09\/08\/2012\/se-hicieron13-pedidos-de-cambio-de-identidad-de-genero-en-misiones\">Misiones OnLine<\/a><br \/>\n&nbsp;<br \/>\n&nbsp;<br \/>\n&nbsp;<\/p>\n","protected":false},"excerpt":{"rendered":"<p>&nbsp; &nbsp; &nbsp; El ministro de Gobierno, Jorge Franco, revel\u00f3 que en Misiones se solicitaron trece pedidos de cambio de identidad de g\u00e9nero, de los cuales ya pudieron concretarse once. El ministro de Gobierno, Jorge Franco revel\u00f3 que en Misiones se solicitaron trece pedidos de cambio de identidad de g\u00e9nero, de los cuales ya se [&hellip;]<\/p>\n","protected":false},"author":1,"featured_media":0,"comment_status":"open","ping_status":"open","sticky":false,"template":"","format":"standard","meta":{"iawp_total_views":11,"footnotes":""},"categories":[7,4],"tags":[],"class_list":["post-2895","post","type-post","status-publish","format-standard","hentry","category-actividades","category-medios"],"nelio_content":{"autoShareEndMode":"never","automationSources":{"useCustomSentences":false,"customSentences":[]},"efiAlt":"","efiUrl":"","followers":[],"highlights":[],"isAutoShareEnabled":true,"networkImageIds":[],"permalinkQueryArgs":[],"series":[],"suggestedReferences":[]},"yoast_head":"<!-- This site is optimized with the Yoast SEO plugin v27.4 - https:\/\/yoast.com\/product\/yoast-seo-wordpress\/ -->\n<title>Se hicieron13 pedidos de cambio de identidad de g\u00e9nero en Misiones - Diario Digital Femenino<\/title>\n<meta name=\"robots\" content=\"index, follow, max-snippet:-1, max-image-preview:large, max-video-preview:-1\" \/>\n<link rel=\"canonical\" href=\"https:\/\/diariofemenino.com.ar\/df\/se-hicieron13-pedidos-de-cambio-de-identidad-de-genero-en-misiones\/\" \/>\n<meta property=\"og:locale\" content=\"es_ES\" \/>\n<meta property=\"og:type\" content=\"article\" \/>\n<meta property=\"og:title\" content=\"Se hicieron13 pedidos de cambio de identidad de g\u00e9nero en Misiones - Diario Digital Femenino\" \/>\n<meta property=\"og:description\" content=\"&nbsp; &nbsp; &nbsp; El ministro de Gobierno, Jorge Franco, revel\u00f3 que en Misiones se solicitaron trece pedidos de cambio de identidad de g\u00e9nero, de los cuales ya pudieron concretarse once. El ministro de Gobierno, Jorge Franco revel\u00f3 que en Misiones se solicitaron trece pedidos de cambio de identidad de g\u00e9nero, de los cuales ya se [&hellip;]\" \/>\n<meta property=\"og:url\" content=\"https:\/\/diariofemenino.com.ar\/df\/se-hicieron13-pedidos-de-cambio-de-identidad-de-genero-en-misiones\/\" \/>\n<meta property=\"og:site_name\" content=\"Diario Digital Femenino\" \/>\n<meta property=\"article:publisher\" content=\"https:\/\/www.facebook.com\/DiarioDigitaFemenino\/\" \/>\n<meta property=\"article:published_time\" content=\"2012-08-10T03:10:41+00:00\" \/>\n<meta property=\"og:image\" content=\"http:\/\/www.diariofemenino.com.ar\/wp-content\/uploads\/3964d53226b62b4470dc10f1f4f352f6a7077ca0.jpg\" \/>\n<meta name=\"author\" content=\"Admin\" \/>\n<meta name=\"twitter:card\" content=\"summary_large_image\" \/>\n<meta name=\"twitter:creator\" content=\"@DiarioFemenino1\" \/>\n<meta name=\"twitter:site\" content=\"@DiarioFemenino1\" \/>\n<meta name=\"twitter:label1\" content=\"Escrito por\" \/>\n\t<meta name=\"twitter:data1\" content=\"Admin\" \/>\n\t<meta name=\"twitter:label2\" content=\"Tiempo de lectura\" \/>\n\t<meta name=\"twitter:data2\" content=\"1 minuto\" \/>\n<script type=\"application\/ld+json\" class=\"yoast-schema-graph\">{\"@context\":\"https:\\\/\\\/schema.org\",\"@graph\":[{\"@type\":\"Article\",\"@id\":\"https:\\\/\\\/diariofemenino.com.ar\\\/df\\\/se-hicieron13-pedidos-de-cambio-de-identidad-de-genero-en-misiones\\\/#article\",\"isPartOf\":{\"@id\":\"https:\\\/\\\/diariofemenino.com.ar\\\/df\\\/se-hicieron13-pedidos-de-cambio-de-identidad-de-genero-en-misiones\\\/\"},\"author\":{\"name\":\"Admin\",\"@id\":\"https:\\\/\\\/diariofemenino.com.ar\\\/df\\\/#\\\/schema\\\/person\\\/38f54b3bfd13f561de2460ba95c169c6\"},\"headline\":\"Se hicieron13 pedidos de cambio de identidad de g\u00e9nero en Misiones\",\"datePublished\":\"2012-08-10T03:10:41+00:00\",\"mainEntityOfPage\":{\"@id\":\"https:\\\/\\\/diariofemenino.com.ar\\\/df\\\/se-hicieron13-pedidos-de-cambio-de-identidad-de-genero-en-misiones\\\/\"},\"wordCount\":298,\"commentCount\":0,\"publisher\":{\"@id\":\"https:\\\/\\\/diariofemenino.com.ar\\\/df\\\/#organization\"},\"image\":{\"@id\":\"https:\\\/\\\/diariofemenino.com.ar\\\/df\\\/se-hicieron13-pedidos-de-cambio-de-identidad-de-genero-en-misiones\\\/#primaryimage\"},\"thumbnailUrl\":\"http:\\\/\\\/www.diariofemenino.com.ar\\\/wp-content\\\/uploads\\\/3964d53226b62b4470dc10f1f4f352f6a7077ca0.jpg\",\"articleSection\":[\"Actividades\",\"Medios\"],\"inLanguage\":\"es\",\"potentialAction\":[{\"@type\":\"CommentAction\",\"name\":\"Comment\",\"target\":[\"https:\\\/\\\/diariofemenino.com.ar\\\/df\\\/se-hicieron13-pedidos-de-cambio-de-identidad-de-genero-en-misiones\\\/#respond\"]}]},{\"@type\":\"WebPage\",\"@id\":\"https:\\\/\\\/diariofemenino.com.ar\\\/df\\\/se-hicieron13-pedidos-de-cambio-de-identidad-de-genero-en-misiones\\\/\",\"url\":\"https:\\\/\\\/diariofemenino.com.ar\\\/df\\\/se-hicieron13-pedidos-de-cambio-de-identidad-de-genero-en-misiones\\\/\",\"name\":\"Se hicieron13 pedidos de cambio de identidad de g\u00e9nero en Misiones - Diario Digital Femenino\",\"isPartOf\":{\"@id\":\"https:\\\/\\\/diariofemenino.com.ar\\\/df\\\/#website\"},\"primaryImageOfPage\":{\"@id\":\"https:\\\/\\\/diariofemenino.com.ar\\\/df\\\/se-hicieron13-pedidos-de-cambio-de-identidad-de-genero-en-misiones\\\/#primaryimage\"},\"image\":{\"@id\":\"https:\\\/\\\/diariofemenino.com.ar\\\/df\\\/se-hicieron13-pedidos-de-cambio-de-identidad-de-genero-en-misiones\\\/#primaryimage\"},\"thumbnailUrl\":\"http:\\\/\\\/www.diariofemenino.com.ar\\\/wp-content\\\/uploads\\\/3964d53226b62b4470dc10f1f4f352f6a7077ca0.jpg\",\"datePublished\":\"2012-08-10T03:10:41+00:00\",\"breadcrumb\":{\"@id\":\"https:\\\/\\\/diariofemenino.com.ar\\\/df\\\/se-hicieron13-pedidos-de-cambio-de-identidad-de-genero-en-misiones\\\/#breadcrumb\"},\"inLanguage\":\"es\",\"potentialAction\":[{\"@type\":\"ReadAction\",\"target\":[\"https:\\\/\\\/diariofemenino.com.ar\\\/df\\\/se-hicieron13-pedidos-de-cambio-de-identidad-de-genero-en-misiones\\\/\"]}]},{\"@type\":\"ImageObject\",\"inLanguage\":\"es\",\"@id\":\"https:\\\/\\\/diariofemenino.com.ar\\\/df\\\/se-hicieron13-pedidos-de-cambio-de-identidad-de-genero-en-misiones\\\/#primaryimage\",\"url\":\"http:\\\/\\\/www.diariofemenino.com.ar\\\/wp-content\\\/uploads\\\/3964d53226b62b4470dc10f1f4f352f6a7077ca0.jpg\",\"contentUrl\":\"http:\\\/\\\/www.diariofemenino.com.ar\\\/wp-content\\\/uploads\\\/3964d53226b62b4470dc10f1f4f352f6a7077ca0.jpg\"},{\"@type\":\"BreadcrumbList\",\"@id\":\"https:\\\/\\\/diariofemenino.com.ar\\\/df\\\/se-hicieron13-pedidos-de-cambio-de-identidad-de-genero-en-misiones\\\/#breadcrumb\",\"itemListElement\":[{\"@type\":\"ListItem\",\"position\":1,\"name\":\"Portada\",\"item\":\"https:\\\/\\\/diariofemenino.com.ar\\\/df\\\/\"},{\"@type\":\"ListItem\",\"position\":2,\"name\":\"Se hicieron13 pedidos de cambio de identidad de g\u00e9nero en Misiones\"}]},{\"@type\":\"WebSite\",\"@id\":\"https:\\\/\\\/diariofemenino.com.ar\\\/df\\\/#website\",\"url\":\"https:\\\/\\\/diariofemenino.com.ar\\\/df\\\/\",\"name\":\"Diario Digital Femenino\",\"description\":\"Cuesti\u00f3n de G\u00e9nero\",\"publisher\":{\"@id\":\"https:\\\/\\\/diariofemenino.com.ar\\\/df\\\/#organization\"},\"potentialAction\":[{\"@type\":\"SearchAction\",\"target\":{\"@type\":\"EntryPoint\",\"urlTemplate\":\"https:\\\/\\\/diariofemenino.com.ar\\\/df\\\/?s={search_term_string}\"},\"query-input\":{\"@type\":\"PropertyValueSpecification\",\"valueRequired\":true,\"valueName\":\"search_term_string\"}}],\"inLanguage\":\"es\"},{\"@type\":\"Organization\",\"@id\":\"https:\\\/\\\/diariofemenino.com.ar\\\/df\\\/#organization\",\"name\":\"Diario Femenino\",\"url\":\"https:\\\/\\\/diariofemenino.com.ar\\\/df\\\/\",\"logo\":{\"@type\":\"ImageObject\",\"inLanguage\":\"es\",\"@id\":\"https:\\\/\\\/diariofemenino.com.ar\\\/df\\\/#\\\/schema\\\/logo\\\/image\\\/\",\"url\":\"https:\\\/\\\/diariofemenino.com.ar\\\/df\\\/wp-content\\\/uploads\\\/2018\\\/10\\\/logo.png\",\"contentUrl\":\"https:\\\/\\\/diariofemenino.com.ar\\\/df\\\/wp-content\\\/uploads\\\/2018\\\/10\\\/logo.png\",\"width\":500,\"height\":92,\"caption\":\"Diario Femenino\"},\"image\":{\"@id\":\"https:\\\/\\\/diariofemenino.com.ar\\\/df\\\/#\\\/schema\\\/logo\\\/image\\\/\"},\"sameAs\":[\"https:\\\/\\\/www.facebook.com\\\/DiarioDigitaFemenino\\\/\",\"https:\\\/\\\/x.com\\\/DiarioFemenino1\"]},{\"@type\":\"Person\",\"@id\":\"https:\\\/\\\/diariofemenino.com.ar\\\/df\\\/#\\\/schema\\\/person\\\/38f54b3bfd13f561de2460ba95c169c6\",\"name\":\"Admin\",\"image\":{\"@type\":\"ImageObject\",\"inLanguage\":\"es\",\"@id\":\"https:\\\/\\\/diariofemenino.com.ar\\\/df\\\/wp-content\\\/uploads\\\/2018\\\/12\\\/favicon-150x150.jpg\",\"url\":\"https:\\\/\\\/diariofemenino.com.ar\\\/df\\\/wp-content\\\/uploads\\\/2018\\\/12\\\/favicon-150x150.jpg\",\"contentUrl\":\"https:\\\/\\\/diariofemenino.com.ar\\\/df\\\/wp-content\\\/uploads\\\/2018\\\/12\\\/favicon-150x150.jpg\",\"caption\":\"Admin\"},\"url\":\"https:\\\/\\\/diariofemenino.com.ar\\\/df\\\/author\\\/adm18df\\\/\"}]}<\/script>\n<!-- \/ Yoast SEO plugin. -->","yoast_head_json":{"title":"Se hicieron13 pedidos de cambio de identidad de g\u00e9nero en Misiones - Diario Digital Femenino","robots":{"index":"index","follow":"follow","max-snippet":"max-snippet:-1","max-image-preview":"max-image-preview:large","max-video-preview":"max-video-preview:-1"},"canonical":"https:\/\/diariofemenino.com.ar\/df\/se-hicieron13-pedidos-de-cambio-de-identidad-de-genero-en-misiones\/","og_locale":"es_ES","og_type":"article","og_title":"Se hicieron13 pedidos de cambio de identidad de g\u00e9nero en Misiones - Diario Digital Femenino","og_description":"&nbsp; &nbsp; &nbsp; El ministro de Gobierno, Jorge Franco, revel\u00f3 que en Misiones se solicitaron trece pedidos de cambio de identidad de g\u00e9nero, de los cuales ya pudieron concretarse once. El ministro de Gobierno, Jorge Franco revel\u00f3 que en Misiones se solicitaron trece pedidos de cambio de identidad de g\u00e9nero, de los cuales ya se [&hellip;]","og_url":"https:\/\/diariofemenino.com.ar\/df\/se-hicieron13-pedidos-de-cambio-de-identidad-de-genero-en-misiones\/","og_site_name":"Diario Digital Femenino","article_publisher":"https:\/\/www.facebook.com\/DiarioDigitaFemenino\/","article_published_time":"2012-08-10T03:10:41+00:00","og_image":[{"url":"http:\/\/www.diariofemenino.com.ar\/wp-content\/uploads\/3964d53226b62b4470dc10f1f4f352f6a7077ca0.jpg","type":"","width":"","height":""}],"author":"Admin","twitter_card":"summary_large_image","twitter_creator":"@DiarioFemenino1","twitter_site":"@DiarioFemenino1","twitter_misc":{"Escrito por":"Admin","Tiempo de lectura":"1 minuto"},"schema":{"@context":"https:\/\/schema.org","@graph":[{"@type":"Article","@id":"https:\/\/diariofemenino.com.ar\/df\/se-hicieron13-pedidos-de-cambio-de-identidad-de-genero-en-misiones\/#article","isPartOf":{"@id":"https:\/\/diariofemenino.com.ar\/df\/se-hicieron13-pedidos-de-cambio-de-identidad-de-genero-en-misiones\/"},"author":{"name":"Admin","@id":"https:\/\/diariofemenino.com.ar\/df\/#\/schema\/person\/38f54b3bfd13f561de2460ba95c169c6"},"headline":"Se hicieron13 pedidos de cambio de identidad de g\u00e9nero en Misiones","datePublished":"2012-08-10T03:10:41+00:00","mainEntityOfPage":{"@id":"https:\/\/diariofemenino.com.ar\/df\/se-hicieron13-pedidos-de-cambio-de-identidad-de-genero-en-misiones\/"},"wordCount":298,"commentCount":0,"publisher":{"@id":"https:\/\/diariofemenino.com.ar\/df\/#organization"},"image":{"@id":"https:\/\/diariofemenino.com.ar\/df\/se-hicieron13-pedidos-de-cambio-de-identidad-de-genero-en-misiones\/#primaryimage"},"thumbnailUrl":"http:\/\/www.diariofemenino.com.ar\/wp-content\/uploads\/3964d53226b62b4470dc10f1f4f352f6a7077ca0.jpg","articleSection":["Actividades","Medios"],"inLanguage":"es","potentialAction":[{"@type":"CommentAction","name":"Comment","target":["https:\/\/diariofemenino.com.ar\/df\/se-hicieron13-pedidos-de-cambio-de-identidad-de-genero-en-misiones\/#respond"]}]},{"@type":"WebPage","@id":"https:\/\/diariofemenino.com.ar\/df\/se-hicieron13-pedidos-de-cambio-de-identidad-de-genero-en-misiones\/","url":"https:\/\/diariofemenino.com.ar\/df\/se-hicieron13-pedidos-de-cambio-de-identidad-de-genero-en-misiones\/","name":"Se hicieron13 pedidos de cambio de identidad de g\u00e9nero en Misiones - Diario Digital Femenino","isPartOf":{"@id":"https:\/\/diariofemenino.com.ar\/df\/#website"},"primaryImageOfPage":{"@id":"https:\/\/diariofemenino.com.ar\/df\/se-hicieron13-pedidos-de-cambio-de-identidad-de-genero-en-misiones\/#primaryimage"},"image":{"@id":"https:\/\/diariofemenino.com.ar\/df\/se-hicieron13-pedidos-de-cambio-de-identidad-de-genero-en-misiones\/#primaryimage"},"thumbnailUrl":"http:\/\/www.diariofemenino.com.ar\/wp-content\/uploads\/3964d53226b62b4470dc10f1f4f352f6a7077ca0.jpg","datePublished":"2012-08-10T03:10:41+00:00","breadcrumb":{"@id":"https:\/\/diariofemenino.com.ar\/df\/se-hicieron13-pedidos-de-cambio-de-identidad-de-genero-en-misiones\/#breadcrumb"},"inLanguage":"es","potentialAction":[{"@type":"ReadAction","target":["https:\/\/diariofemenino.com.ar\/df\/se-hicieron13-pedidos-de-cambio-de-identidad-de-genero-en-misiones\/"]}]},{"@type":"ImageObject","inLanguage":"es","@id":"https:\/\/diariofemenino.com.ar\/df\/se-hicieron13-pedidos-de-cambio-de-identidad-de-genero-en-misiones\/#primaryimage","url":"http:\/\/www.diariofemenino.com.ar\/wp-content\/uploads\/3964d53226b62b4470dc10f1f4f352f6a7077ca0.jpg","contentUrl":"http:\/\/www.diariofemenino.com.ar\/wp-content\/uploads\/3964d53226b62b4470dc10f1f4f352f6a7077ca0.jpg"},{"@type":"BreadcrumbList","@id":"https:\/\/diariofemenino.com.ar\/df\/se-hicieron13-pedidos-de-cambio-de-identidad-de-genero-en-misiones\/#breadcrumb","itemListElement":[{"@type":"ListItem","position":1,"name":"Portada","item":"https:\/\/diariofemenino.com.ar\/df\/"},{"@type":"ListItem","position":2,"name":"Se hicieron13 pedidos de cambio de identidad de g\u00e9nero en Misiones"}]},{"@type":"WebSite","@id":"https:\/\/diariofemenino.com.ar\/df\/#website","url":"https:\/\/diariofemenino.com.ar\/df\/","name":"Diario Digital Femenino","description":"Cuesti\u00f3n de G\u00e9nero","publisher":{"@id":"https:\/\/diariofemenino.com.ar\/df\/#organization"},"potentialAction":[{"@type":"SearchAction","target":{"@type":"EntryPoint","urlTemplate":"https:\/\/diariofemenino.com.ar\/df\/?s={search_term_string}"},"query-input":{"@type":"PropertyValueSpecification","valueRequired":true,"valueName":"search_term_string"}}],"inLanguage":"es"},{"@type":"Organization","@id":"https:\/\/diariofemenino.com.ar\/df\/#organization","name":"Diario Femenino","url":"https:\/\/diariofemenino.com.ar\/df\/","logo":{"@type":"ImageObject","inLanguage":"es","@id":"https:\/\/diariofemenino.com.ar\/df\/#\/schema\/logo\/image\/","url":"https:\/\/diariofemenino.com.ar\/df\/wp-content\/uploads\/2018\/10\/logo.png","contentUrl":"https:\/\/diariofemenino.com.ar\/df\/wp-content\/uploads\/2018\/10\/logo.png","width":500,"height":92,"caption":"Diario Femenino"},"image":{"@id":"https:\/\/diariofemenino.com.ar\/df\/#\/schema\/logo\/image\/"},"sameAs":["https:\/\/www.facebook.com\/DiarioDigitaFemenino\/","https:\/\/x.com\/DiarioFemenino1"]},{"@type":"Person","@id":"https:\/\/diariofemenino.com.ar\/df\/#\/schema\/person\/38f54b3bfd13f561de2460ba95c169c6","name":"Admin","image":{"@type":"ImageObject","inLanguage":"es","@id":"https:\/\/diariofemenino.com.ar\/df\/wp-content\/uploads\/2018\/12\/favicon-150x150.jpg","url":"https:\/\/diariofemenino.com.ar\/df\/wp-content\/uploads\/2018\/12\/favicon-150x150.jpg","contentUrl":"https:\/\/diariofemenino.com.ar\/df\/wp-content\/uploads\/2018\/12\/favicon-150x150.jpg","caption":"Admin"},"url":"https:\/\/diariofemenino.com.ar\/df\/author\/adm18df\/"}]}},"jetpack_featured_media_url":"","jetpack_sharing_enabled":true,"rttpg_featured_image_url":null,"rttpg_author":{"display_name":"Admin","author_link":"https:\/\/diariofemenino.com.ar\/df\/author\/adm18df\/"},"rttpg_comment":0,"rttpg_category":"<a href=\"https:\/\/diariofemenino.com.ar\/df\/category\/actividades\/\" rel=\"category tag\">Actividades<\/a> <a href=\"https:\/\/diariofemenino.com.ar\/df\/category\/medios\/\" rel=\"category tag\">Medios<\/a>","rttpg_excerpt":"&nbsp; &nbsp; &nbsp; El ministro de Gobierno, Jorge Franco, revel\u00f3 que en Misiones se solicitaron trece pedidos de cambio de identidad de g\u00e9nero, de los cuales ya pudieron concretarse once. El ministro de Gobierno, Jorge Franco revel\u00f3 que en Misiones se solicitaron trece pedidos de cambio de identidad de g\u00e9nero, de los cuales ya se&hellip;","_links":{"self":[{"href":"https:\/\/diariofemenino.com.ar\/df\/wp-json\/wp\/v2\/posts\/2895","targetHints":{"allow":["GET"]}}],"collection":[{"href":"https:\/\/diariofemenino.com.ar\/df\/wp-json\/wp\/v2\/posts"}],"about":[{"href":"https:\/\/diariofemenino.com.ar\/df\/wp-json\/wp\/v2\/types\/post"}],"author":[{"embeddable":true,"href":"https:\/\/diariofemenino.com.ar\/df\/wp-json\/wp\/v2\/users\/1"}],"replies":[{"embeddable":true,"href":"https:\/\/diariofemenino.com.ar\/df\/wp-json\/wp\/v2\/comments?post=2895"}],"version-history":[{"count":0,"href":"https:\/\/diariofemenino.com.ar\/df\/wp-json\/wp\/v2\/posts\/2895\/revisions"}],"wp:attachment":[{"href":"https:\/\/diariofemenino.com.ar\/df\/wp-json\/wp\/v2\/media?parent=2895"}],"wp:term":[{"taxonomy":"category","embeddable":true,"href":"https:\/\/diariofemenino.com.ar\/df\/wp-json\/wp\/v2\/categories?post=2895"},{"taxonomy":"post_tag","embeddable":true,"href":"https:\/\/diariofemenino.com.ar\/df\/wp-json\/wp\/v2\/tags?post=2895"}],"curies":[{"name":"wp","href":"https:\/\/api.w.org\/{rel}","templated":true}]}}