{"id":2892,"date":"2012-08-09T23:51:45","date_gmt":"2012-08-10T02:51:45","guid":{"rendered":"http:\/\/www.diariofemenino.com.ar\/?p=2892"},"modified":"2012-08-09T23:51:45","modified_gmt":"2012-08-10T02:51:45","slug":"el-senado-recurre-a-juristas-para-avanzar-en-la-penalizacion-del-delito-de-femicidio","status":"publish","type":"post","link":"https:\/\/diariofemenino.com.ar\/df\/el-senado-recurre-a-juristas-para-avanzar-en-la-penalizacion-del-delito-de-femicidio\/","title":{"rendered":"El Senado recurre a juristas para avanzar en la penalizaci\u00f3n del delito de femicidio"},"content":{"rendered":"<p>&nbsp;<br \/>\n&nbsp;<br \/>\n<strong>La C\u00e1mara Alta se reunir\u00e1 con juristas de renombre para avanzar en la reforma de la legislaci\u00f3n penal que busca sancionar el delito de femicidio. No apoya la iniciativa de la C\u00e1mara Baja de visibilizar la muerte violenta de mujeres agravando la pena. Comparte en cambio la postura de parte del movimiento de mujeres de tratarlo como delito aut\u00f3nomo. Un sector de este mismo movimiento reclama la revisi\u00f3n de la experiencia de otros pa\u00edses antes de seguir avanzando en esta reforma<\/strong>.<br \/>\nPor Alejandra Waigandt<br \/>\nEn el Parlamento argentino hay consenso en cuanto a hacer visible la muerte violenta de mujeres a trav\u00e9s de la tipificaci\u00f3n penal del femicidio, pero no hay acuerdo sobre si estos asesinatos por razones de g\u00e9nero incrementan una pena o requieren un castigo particular. Estas diferencias trabaron el avance hacia una legislaci\u00f3n con la capacidad de sancionar un crimen aberrante que causa centenares de v\u00edctimas cada a\u00f1o. Las comisiones de Justicia y Asuntos Penales y de la Banca de la Mujer de la C\u00e1mara de Senadores\/as, que discuten el proyecto de ley que aprob\u00f3 Diputados\/as el a\u00f1o pasado, recurrieron a la Corte Suprema de Justicia de la Naci\u00f3n para destrabar el debate.<br \/>\nLa convocatoria a un grupo de juristas fue confirmada por el presidente de la Comisi\u00f3n de Justicia Guillermo Guastavino (FPV-Entre R\u00edos). A\u00fan no hay fecha para la reuni\u00f3n con las y los expertos en violencia de g\u00e9nero y derecho penal. Guastavino explic\u00f3 igualmente que \u201c<strong>el objetivo es obtener el mejor proyecto posible<\/strong>\u201d, luego habl\u00f3 de las diferencias entre las y los legisladores. \u201c<strong>En la Comisi\u00f3n de Justicia nos inclinamos por tipificar el femicidio como delito aut\u00f3nomo, creemos que es muy laxa la propuesta de Diputados cuando considera un agravante del homicidio calificado los asesinatos por violencia de g\u00e9nero. Incluir en el C\u00f3digo Penal un art\u00edculo espec\u00edfico tiene potencia simb\u00f3lica en tanto que el Estado est\u00e1 reconociendo que estos cr\u00edmenes suceden<\/strong>\u201d, se\u00f1al\u00f3.<br \/>\n<strong>Avance<\/strong><br \/>\nDurante el primer semestre de 2012 los y las senadores\/as evaluaron unos 15 proyectos que proponen diferentes formas de sancionar los asesinatos de mujeres por razones de g\u00e9nero, y tambi\u00e9n la iniciativa que consigui\u00f3 la media sanci\u00f3n de la C\u00e1mara Baja. Esta \u00faltima amplia los agravantes descriptos en el art\u00edculo 80 del C\u00f3digo Penal que establece la reclusi\u00f3n perpetua, de manera de incluir a ex conyugues, parejas y ex parejas (inciso 1) y la cuesti\u00f3n de g\u00e9nero (inciso 4). Tambi\u00e9n incorpora los incisos 11 y 12 que describen la violencia machista. Finalmente dice que no es posible aplicar garant\u00edas como la disminuci\u00f3n de la pena si hay antecedentes de violencia contra la mujer asesinada.<br \/>\nEn el Senado las y los parlamentarios\/as resolvieron mantener una serie de reuniones con referentes de organizaciones especializadas y terminaron por recoger las objeciones a la reforma legal propuesta por Diputados\/as. Se reunieron con referentes del Ministerio de Justicia y Derechos Humanos, la Comisi\u00f3n Nacional Coordinadora de Acciones para la Elaboraci\u00f3n de Sanciones de Violencia de G\u00e9nero (CONSAVIG), el Ministerio P\u00fablico de la Defensa y la Asociaci\u00f3n Civil La Casa del Encuentro \u2013esta \u00faltima organizaci\u00f3n viene registrando desde el 2009 los femicidios divulgados por los medios de comunicaci\u00f3n, ya que todav\u00eda no hay \u00edndices oficiales sobre el flagelo de la violencia machista\u2013, y el martes 26 de junio la Comisi\u00f3n de Justicia elabor\u00f3 un dictamen proponiendo la inclusi\u00f3n en el C\u00f3digo Penal del art\u00edculo 80 bis, que considera que el hombre que termina con la vida de una mujer por raz\u00f3n de g\u00e9nero debe ser recluido en forma perpetua. Tambi\u00e9n en este caso se excluy\u00f3 la posibilidad de que se baje la pena si el femicida tiene antecedentes de violencia machista.<br \/>\nSeg\u00fan Guastavino, se ha comprendido que si se tipifica el delito de femicidio se visibiliza la violencia sufrida por las mujeres, el odio que empuja a los femicidas y el sexismo que conllevan estos cr\u00edmenes. No obstante el dictamen de la Comisi\u00f3n de Justicia no conform\u00f3 a la Banca de la Mujer, que desde julio tambi\u00e9n puede emitir dict\u00e1menes sobre iniciativas vinculadas a los temas de g\u00e9nero \u2013el Senado modific\u00f3 el reglamento que rige su funcionamiento para jerarquizar este mecanismo\u2013. Las parlamentarias tanto de la Banca como de la Comisi\u00f3n de Justicia fueron las primeras pol\u00edticas de la C\u00e1mara Alta en reunirse en noviembre del a\u00f1o pasado con especialistas para discutir la reforma del C\u00f3digo Penal y en general se inclinan hacia la propuesta de individualizar el delito de femicidio, teniendo en cuenta que el derecho penal tiene la facultad de disuadir y modificar ciertas conductas.<br \/>\nA pesar de que las dos comisiones coinciden en lo esencial, no se logr\u00f3 un acuerdo y ahora esperan escuchar las opiniones de las y los juristas para seguir avanzando. \u201cEsta reforma es un primer escal\u00f3n, pero es importante porque el Estado estar\u00e1 repudiando la violencia m\u00e1s extrema contra las mujeres. La Casa del Encuentro dice que los cr\u00edmenes de odio hacia las mujeres se han incrementado un 20 por ciento, si bien se adjudica a una mayor visibilidad del tema de la violencia de g\u00e9nero. Tambi\u00e9n se sabe que 80 por ciento de los femicidios son cometidos por parejas y ex parejas y que en la pr\u00e1ctica los jueces siempre plantean atenuantes de la pena \u2013es el caso del femicida de Wanda Taddei, el m\u00fasico de Callejeros Eduardo V\u00e1squez, quien cumple una pena de 18 a\u00f1os y goza de salidas sociales\u2013 pero<strong> en estas conductas hay discriminaci\u00f3n, el hombre cosifica a la mujer, siente que le pertenece y que puede disponer de su vida priv\u00e1ndola de su derecho de vivirla libre de violencia y llegando al extremo de asesinarla<\/strong>\u201d, explic\u00f3 el asesor de la Comisi\u00f3n de Justicia y Asuntos Penales Pablo Giovanardi<br \/>\n<strong>Alerta<\/strong><br \/>\nEn la primera reuni\u00f3n que sostuvieron las senadoras de diversas fuerzas pol\u00edticas con especialistas en violencia de g\u00e9nero y derecho penal, hubo abogadas y juristas que advirtieron sobre la dificultad de trasladar la categor\u00eda \u2018pol\u00edtica y social\u2019 de femicidio al derecho penal, sin dejar de considerar que es una forma particular de muerte de la mujer y es urgente actuar sobre esta realidad. Concretamente llaman la atenci\u00f3n sobre que un tipo especial, en este caso el delito de femicidio, puede resultar contraproducente. Comparten dicha postura Natalia Gherardi, del Equipo Latinoamericano de Justicia y G\u00e9nero (ELA); Raquel Asensio, de la Defensor\u00eda General de la Naci\u00f3n y \u00c1ngeles G\u00f3mez Maiorano, de la Fiscal\u00eda Nacional en lo Criminal de Instrucci\u00f3n N\u00b0 38 de la Ciudad Aut\u00f3noma de Buenos Aires.<br \/>\nSeg\u00fan Gherardi, \u201c<strong>hay que reflexionar sobre si el tipo penal aut\u00f3nomo es el medio m\u00e1s eficiente para visibilizar el femicidio. Coincido en que hay que visibilizar este problema y para ello es necesario contar con estad\u00edsticas oficiales, pero no creo que tipificando un delito aut\u00f3nomo se consiga el medio para lograr ese objetivo<\/strong>\u201d. La experta asegura que pa\u00edses como Espa\u00f1a han logrado visibilizar el problema sin haber individualizado el femicidio del homicidio.<br \/>\nEn cuanto a la necesidad de una sanci\u00f3n ejemplar, \u201chay que cuidar que sea aplicable. En Guatemala por ejemplo el tipo penal es abierto y hay muchos elementos que necesitan ser probados para que la persona finalmente sea juzgada por femicidio. En la pr\u00e1ctica tribunales especializados en este tema terminan juzgando por homicidio. En pa\u00edses como Per\u00fa y Chile se ha legislado el femicidio \u00edntimo que es la muerte de la mujer a manos de la pareja o ex pareja. No hay entonces una \u00fanica forma de tipificar el femicidio. <strong>Ser\u00eda interesante que antes de avanzar en una reforma penal en Argentina se avance en una revisi\u00f3n de los resultados que est\u00e1n teniendo los pa\u00edses que han avanzado en ese sentido. Todav\u00eda no hay suficiente informaci\u00f3n, pero si el objetivo fue prevenir, sancionar y erradicar el femicidio no les fue bien, ya que el derecho penal no previene delitos<\/strong>. Si el objetivo fue visibilizar el problema, creemos que se hace de otra manera, pero en Argentina no hay todav\u00eda la voluntad de hacerlo\u201d.<br \/>\nCon todo, ELA apoya la reforma del C\u00f3digo Penal en l\u00ednea con el proyecto aprobado en Diputados\/as. \u201cHay que nombrar el crimen de odio y tambi\u00e9n hay que clarificar las situaciones de leg\u00edtima defensa para que el agravante no se vuelva en contra. Es decir, hay que reformar el C\u00f3digo, pero tambi\u00e9n hay que estar alerta respecto de la manera en que se est\u00e1 llevando adelante, hay que preguntarse c\u00f3mo se va a probar que una mujer fue asesinada por el hecho de serlo o que no fue asesinada por el hecho de serlo. Sin duda las mujeres en un marco de relaciones de violencia son enormemente m\u00e1s vulnerables que los varones y merecen mayor protecci\u00f3n de la ley, pero el tema es complejo y requiere de una revisi\u00f3n cuidadosa\u201d, concluy\u00f3 Gherardi.<br \/>\nSeg\u00fan datos la Oficina de Violencia Dom\u00e9stica (OVD), que depende de la Corte Suprema de Justicia de la Naci\u00f3n, entre enero y mayo de este a\u00f1o 92 mujeres fueron asesinadas violentamente (un promedio de 18 v\u00edctimas por mes). El a\u00f1o pasado se contabilizaron 282 femicidios, de acuerdo a la Asociaci\u00f3n Civil La Casa del Encuentro, que pr\u00f3ximamente divulgar\u00e1 las estad\u00edsticas del primer semestre de 2012. La dirigente de esta organizaci\u00f3n Fabiana T\u00fa\u00f1ez adelant\u00f3 que las mujeres incineradas suman 31 (12 perdieron sus vidas y 19 se encuentran gravemente lesionadas).<br \/>\n&nbsp;<br \/>\n&nbsp;<br \/>\nFuente: <a href=\"http:\/\/www.comunicarigualdad.com.ar\/el-senado-recurre-a-juristas-para-avanzar-en-la-penalizacion-del-delito-de-femicidio\/\">Comunicar Igualdad<\/a><br \/>\n&nbsp;<br \/>\n&nbsp;<br \/>\n&nbsp;<\/p>\n","protected":false},"excerpt":{"rendered":"<p>&nbsp; &nbsp; La C\u00e1mara Alta se reunir\u00e1 con juristas de renombre para avanzar en la reforma de la legislaci\u00f3n penal que busca sancionar el delito de femicidio. No apoya la iniciativa de la C\u00e1mara Baja de visibilizar la muerte violenta de mujeres agravando la pena. Comparte en cambio la postura de parte del movimiento de [&hellip;]<\/p>\n","protected":false},"author":1,"featured_media":0,"comment_status":"open","ping_status":"open","sticky":false,"template":"","format":"standard","meta":{"iawp_total_views":4,"footnotes":""},"categories":[5,4,6,21],"tags":[],"class_list":["post-2892","post","type-post","status-publish","format-standard","hentry","category-historias-de-vida","category-medios","category-articulos","category-noticias"],"nelio_content":{"autoShareEndMode":"never","automationSources":{"useCustomSentences":false,"customSentences":[]},"efiAlt":"","efiUrl":"","followers":[],"highlights":[],"isAutoShareEnabled":true,"networkImageIds":[],"permalinkQueryArgs":[],"series":[],"suggestedReferences":[]},"yoast_head":"<!-- This site is optimized with the Yoast SEO plugin v27.4 - https:\/\/yoast.com\/product\/yoast-seo-wordpress\/ -->\n<title>El Senado recurre a juristas para avanzar en la penalizaci\u00f3n del delito de femicidio - Diario Digital Femenino<\/title>\n<meta name=\"robots\" content=\"index, follow, max-snippet:-1, max-image-preview:large, max-video-preview:-1\" \/>\n<link rel=\"canonical\" href=\"https:\/\/diariofemenino.com.ar\/df\/el-senado-recurre-a-juristas-para-avanzar-en-la-penalizacion-del-delito-de-femicidio\/\" \/>\n<meta property=\"og:locale\" content=\"es_ES\" \/>\n<meta property=\"og:type\" content=\"article\" \/>\n<meta property=\"og:title\" content=\"El Senado recurre a juristas para avanzar en la penalizaci\u00f3n del delito de femicidio - Diario Digital Femenino\" \/>\n<meta property=\"og:description\" content=\"&nbsp; &nbsp; La C\u00e1mara Alta se reunir\u00e1 con juristas de renombre para avanzar en la reforma de la legislaci\u00f3n penal que busca sancionar el delito de femicidio. No apoya la iniciativa de la C\u00e1mara Baja de visibilizar la muerte violenta de mujeres agravando la pena. Comparte en cambio la postura de parte del movimiento de [&hellip;]\" \/>\n<meta property=\"og:url\" content=\"https:\/\/diariofemenino.com.ar\/df\/el-senado-recurre-a-juristas-para-avanzar-en-la-penalizacion-del-delito-de-femicidio\/\" \/>\n<meta property=\"og:site_name\" content=\"Diario Digital Femenino\" \/>\n<meta property=\"article:publisher\" content=\"https:\/\/www.facebook.com\/DiarioDigitaFemenino\/\" \/>\n<meta property=\"article:published_time\" content=\"2012-08-10T02:51:45+00:00\" \/>\n<meta property=\"og:image\" content=\"https:\/\/diariofemenino.com.ar\/df\/wp-content\/uploads\/2016\/10\/logo-negro.png\" \/>\n\t<meta property=\"og:image:width\" content=\"855\" \/>\n\t<meta property=\"og:image:height\" content=\"319\" \/>\n\t<meta property=\"og:image:type\" content=\"image\/png\" \/>\n<meta name=\"author\" content=\"Admin\" \/>\n<meta name=\"twitter:card\" content=\"summary_large_image\" \/>\n<meta name=\"twitter:creator\" content=\"@DiarioFemenino1\" \/>\n<meta name=\"twitter:site\" content=\"@DiarioFemenino1\" \/>\n<meta name=\"twitter:label1\" content=\"Escrito por\" \/>\n\t<meta name=\"twitter:data1\" content=\"Admin\" \/>\n\t<meta name=\"twitter:label2\" content=\"Tiempo de lectura\" \/>\n\t<meta name=\"twitter:data2\" content=\"8 minutos\" \/>\n<script type=\"application\/ld+json\" class=\"yoast-schema-graph\">{\"@context\":\"https:\\\/\\\/schema.org\",\"@graph\":[{\"@type\":\"Article\",\"@id\":\"https:\\\/\\\/diariofemenino.com.ar\\\/df\\\/el-senado-recurre-a-juristas-para-avanzar-en-la-penalizacion-del-delito-de-femicidio\\\/#article\",\"isPartOf\":{\"@id\":\"https:\\\/\\\/diariofemenino.com.ar\\\/df\\\/el-senado-recurre-a-juristas-para-avanzar-en-la-penalizacion-del-delito-de-femicidio\\\/\"},\"author\":{\"name\":\"Admin\",\"@id\":\"https:\\\/\\\/diariofemenino.com.ar\\\/df\\\/#\\\/schema\\\/person\\\/38f54b3bfd13f561de2460ba95c169c6\"},\"headline\":\"El Senado recurre a juristas para avanzar en la penalizaci\u00f3n del delito de femicidio\",\"datePublished\":\"2012-08-10T02:51:45+00:00\",\"mainEntityOfPage\":{\"@id\":\"https:\\\/\\\/diariofemenino.com.ar\\\/df\\\/el-senado-recurre-a-juristas-para-avanzar-en-la-penalizacion-del-delito-de-femicidio\\\/\"},\"wordCount\":1675,\"commentCount\":0,\"publisher\":{\"@id\":\"https:\\\/\\\/diariofemenino.com.ar\\\/df\\\/#organization\"},\"articleSection\":[\"Historias de vida\",\"Medios\",\"Mujeres en Palabras\",\"Noticias\"],\"inLanguage\":\"es\",\"potentialAction\":[{\"@type\":\"CommentAction\",\"name\":\"Comment\",\"target\":[\"https:\\\/\\\/diariofemenino.com.ar\\\/df\\\/el-senado-recurre-a-juristas-para-avanzar-en-la-penalizacion-del-delito-de-femicidio\\\/#respond\"]}]},{\"@type\":\"WebPage\",\"@id\":\"https:\\\/\\\/diariofemenino.com.ar\\\/df\\\/el-senado-recurre-a-juristas-para-avanzar-en-la-penalizacion-del-delito-de-femicidio\\\/\",\"url\":\"https:\\\/\\\/diariofemenino.com.ar\\\/df\\\/el-senado-recurre-a-juristas-para-avanzar-en-la-penalizacion-del-delito-de-femicidio\\\/\",\"name\":\"El Senado recurre a juristas para avanzar en la penalizaci\u00f3n del delito de femicidio - Diario Digital Femenino\",\"isPartOf\":{\"@id\":\"https:\\\/\\\/diariofemenino.com.ar\\\/df\\\/#website\"},\"datePublished\":\"2012-08-10T02:51:45+00:00\",\"breadcrumb\":{\"@id\":\"https:\\\/\\\/diariofemenino.com.ar\\\/df\\\/el-senado-recurre-a-juristas-para-avanzar-en-la-penalizacion-del-delito-de-femicidio\\\/#breadcrumb\"},\"inLanguage\":\"es\",\"potentialAction\":[{\"@type\":\"ReadAction\",\"target\":[\"https:\\\/\\\/diariofemenino.com.ar\\\/df\\\/el-senado-recurre-a-juristas-para-avanzar-en-la-penalizacion-del-delito-de-femicidio\\\/\"]}]},{\"@type\":\"BreadcrumbList\",\"@id\":\"https:\\\/\\\/diariofemenino.com.ar\\\/df\\\/el-senado-recurre-a-juristas-para-avanzar-en-la-penalizacion-del-delito-de-femicidio\\\/#breadcrumb\",\"itemListElement\":[{\"@type\":\"ListItem\",\"position\":1,\"name\":\"Portada\",\"item\":\"https:\\\/\\\/diariofemenino.com.ar\\\/df\\\/\"},{\"@type\":\"ListItem\",\"position\":2,\"name\":\"El Senado recurre a juristas para avanzar en la penalizaci\u00f3n del delito de femicidio\"}]},{\"@type\":\"WebSite\",\"@id\":\"https:\\\/\\\/diariofemenino.com.ar\\\/df\\\/#website\",\"url\":\"https:\\\/\\\/diariofemenino.com.ar\\\/df\\\/\",\"name\":\"Diario Digital Femenino\",\"description\":\"Cuesti\u00f3n de G\u00e9nero\",\"publisher\":{\"@id\":\"https:\\\/\\\/diariofemenino.com.ar\\\/df\\\/#organization\"},\"potentialAction\":[{\"@type\":\"SearchAction\",\"target\":{\"@type\":\"EntryPoint\",\"urlTemplate\":\"https:\\\/\\\/diariofemenino.com.ar\\\/df\\\/?s={search_term_string}\"},\"query-input\":{\"@type\":\"PropertyValueSpecification\",\"valueRequired\":true,\"valueName\":\"search_term_string\"}}],\"inLanguage\":\"es\"},{\"@type\":\"Organization\",\"@id\":\"https:\\\/\\\/diariofemenino.com.ar\\\/df\\\/#organization\",\"name\":\"Diario Femenino\",\"url\":\"https:\\\/\\\/diariofemenino.com.ar\\\/df\\\/\",\"logo\":{\"@type\":\"ImageObject\",\"inLanguage\":\"es\",\"@id\":\"https:\\\/\\\/diariofemenino.com.ar\\\/df\\\/#\\\/schema\\\/logo\\\/image\\\/\",\"url\":\"https:\\\/\\\/diariofemenino.com.ar\\\/df\\\/wp-content\\\/uploads\\\/2018\\\/10\\\/logo.png\",\"contentUrl\":\"https:\\\/\\\/diariofemenino.com.ar\\\/df\\\/wp-content\\\/uploads\\\/2018\\\/10\\\/logo.png\",\"width\":500,\"height\":92,\"caption\":\"Diario Femenino\"},\"image\":{\"@id\":\"https:\\\/\\\/diariofemenino.com.ar\\\/df\\\/#\\\/schema\\\/logo\\\/image\\\/\"},\"sameAs\":[\"https:\\\/\\\/www.facebook.com\\\/DiarioDigitaFemenino\\\/\",\"https:\\\/\\\/x.com\\\/DiarioFemenino1\"]},{\"@type\":\"Person\",\"@id\":\"https:\\\/\\\/diariofemenino.com.ar\\\/df\\\/#\\\/schema\\\/person\\\/38f54b3bfd13f561de2460ba95c169c6\",\"name\":\"Admin\",\"image\":{\"@type\":\"ImageObject\",\"inLanguage\":\"es\",\"@id\":\"https:\\\/\\\/diariofemenino.com.ar\\\/df\\\/wp-content\\\/uploads\\\/2018\\\/12\\\/favicon-150x150.jpg\",\"url\":\"https:\\\/\\\/diariofemenino.com.ar\\\/df\\\/wp-content\\\/uploads\\\/2018\\\/12\\\/favicon-150x150.jpg\",\"contentUrl\":\"https:\\\/\\\/diariofemenino.com.ar\\\/df\\\/wp-content\\\/uploads\\\/2018\\\/12\\\/favicon-150x150.jpg\",\"caption\":\"Admin\"},\"url\":\"https:\\\/\\\/diariofemenino.com.ar\\\/df\\\/author\\\/adm18df\\\/\"}]}<\/script>\n<!-- \/ Yoast SEO plugin. -->","yoast_head_json":{"title":"El Senado recurre a juristas para avanzar en la penalizaci\u00f3n del delito de femicidio - Diario Digital Femenino","robots":{"index":"index","follow":"follow","max-snippet":"max-snippet:-1","max-image-preview":"max-image-preview:large","max-video-preview":"max-video-preview:-1"},"canonical":"https:\/\/diariofemenino.com.ar\/df\/el-senado-recurre-a-juristas-para-avanzar-en-la-penalizacion-del-delito-de-femicidio\/","og_locale":"es_ES","og_type":"article","og_title":"El Senado recurre a juristas para avanzar en la penalizaci\u00f3n del delito de femicidio - Diario Digital Femenino","og_description":"&nbsp; &nbsp; La C\u00e1mara Alta se reunir\u00e1 con juristas de renombre para avanzar en la reforma de la legislaci\u00f3n penal que busca sancionar el delito de femicidio. No apoya la iniciativa de la C\u00e1mara Baja de visibilizar la muerte violenta de mujeres agravando la pena. Comparte en cambio la postura de parte del movimiento de [&hellip;]","og_url":"https:\/\/diariofemenino.com.ar\/df\/el-senado-recurre-a-juristas-para-avanzar-en-la-penalizacion-del-delito-de-femicidio\/","og_site_name":"Diario Digital Femenino","article_publisher":"https:\/\/www.facebook.com\/DiarioDigitaFemenino\/","article_published_time":"2012-08-10T02:51:45+00:00","og_image":[{"width":855,"height":319,"url":"https:\/\/diariofemenino.com.ar\/df\/wp-content\/uploads\/2016\/10\/logo-negro.png","type":"image\/png"}],"author":"Admin","twitter_card":"summary_large_image","twitter_creator":"@DiarioFemenino1","twitter_site":"@DiarioFemenino1","twitter_misc":{"Escrito por":"Admin","Tiempo de lectura":"8 minutos"},"schema":{"@context":"https:\/\/schema.org","@graph":[{"@type":"Article","@id":"https:\/\/diariofemenino.com.ar\/df\/el-senado-recurre-a-juristas-para-avanzar-en-la-penalizacion-del-delito-de-femicidio\/#article","isPartOf":{"@id":"https:\/\/diariofemenino.com.ar\/df\/el-senado-recurre-a-juristas-para-avanzar-en-la-penalizacion-del-delito-de-femicidio\/"},"author":{"name":"Admin","@id":"https:\/\/diariofemenino.com.ar\/df\/#\/schema\/person\/38f54b3bfd13f561de2460ba95c169c6"},"headline":"El Senado recurre a juristas para avanzar en la penalizaci\u00f3n del delito de femicidio","datePublished":"2012-08-10T02:51:45+00:00","mainEntityOfPage":{"@id":"https:\/\/diariofemenino.com.ar\/df\/el-senado-recurre-a-juristas-para-avanzar-en-la-penalizacion-del-delito-de-femicidio\/"},"wordCount":1675,"commentCount":0,"publisher":{"@id":"https:\/\/diariofemenino.com.ar\/df\/#organization"},"articleSection":["Historias de vida","Medios","Mujeres en Palabras","Noticias"],"inLanguage":"es","potentialAction":[{"@type":"CommentAction","name":"Comment","target":["https:\/\/diariofemenino.com.ar\/df\/el-senado-recurre-a-juristas-para-avanzar-en-la-penalizacion-del-delito-de-femicidio\/#respond"]}]},{"@type":"WebPage","@id":"https:\/\/diariofemenino.com.ar\/df\/el-senado-recurre-a-juristas-para-avanzar-en-la-penalizacion-del-delito-de-femicidio\/","url":"https:\/\/diariofemenino.com.ar\/df\/el-senado-recurre-a-juristas-para-avanzar-en-la-penalizacion-del-delito-de-femicidio\/","name":"El Senado recurre a juristas para avanzar en la penalizaci\u00f3n del delito de femicidio - Diario Digital Femenino","isPartOf":{"@id":"https:\/\/diariofemenino.com.ar\/df\/#website"},"datePublished":"2012-08-10T02:51:45+00:00","breadcrumb":{"@id":"https:\/\/diariofemenino.com.ar\/df\/el-senado-recurre-a-juristas-para-avanzar-en-la-penalizacion-del-delito-de-femicidio\/#breadcrumb"},"inLanguage":"es","potentialAction":[{"@type":"ReadAction","target":["https:\/\/diariofemenino.com.ar\/df\/el-senado-recurre-a-juristas-para-avanzar-en-la-penalizacion-del-delito-de-femicidio\/"]}]},{"@type":"BreadcrumbList","@id":"https:\/\/diariofemenino.com.ar\/df\/el-senado-recurre-a-juristas-para-avanzar-en-la-penalizacion-del-delito-de-femicidio\/#breadcrumb","itemListElement":[{"@type":"ListItem","position":1,"name":"Portada","item":"https:\/\/diariofemenino.com.ar\/df\/"},{"@type":"ListItem","position":2,"name":"El Senado recurre a juristas para avanzar en la penalizaci\u00f3n del delito de femicidio"}]},{"@type":"WebSite","@id":"https:\/\/diariofemenino.com.ar\/df\/#website","url":"https:\/\/diariofemenino.com.ar\/df\/","name":"Diario Digital Femenino","description":"Cuesti\u00f3n de G\u00e9nero","publisher":{"@id":"https:\/\/diariofemenino.com.ar\/df\/#organization"},"potentialAction":[{"@type":"SearchAction","target":{"@type":"EntryPoint","urlTemplate":"https:\/\/diariofemenino.com.ar\/df\/?s={search_term_string}"},"query-input":{"@type":"PropertyValueSpecification","valueRequired":true,"valueName":"search_term_string"}}],"inLanguage":"es"},{"@type":"Organization","@id":"https:\/\/diariofemenino.com.ar\/df\/#organization","name":"Diario Femenino","url":"https:\/\/diariofemenino.com.ar\/df\/","logo":{"@type":"ImageObject","inLanguage":"es","@id":"https:\/\/diariofemenino.com.ar\/df\/#\/schema\/logo\/image\/","url":"https:\/\/diariofemenino.com.ar\/df\/wp-content\/uploads\/2018\/10\/logo.png","contentUrl":"https:\/\/diariofemenino.com.ar\/df\/wp-content\/uploads\/2018\/10\/logo.png","width":500,"height":92,"caption":"Diario Femenino"},"image":{"@id":"https:\/\/diariofemenino.com.ar\/df\/#\/schema\/logo\/image\/"},"sameAs":["https:\/\/www.facebook.com\/DiarioDigitaFemenino\/","https:\/\/x.com\/DiarioFemenino1"]},{"@type":"Person","@id":"https:\/\/diariofemenino.com.ar\/df\/#\/schema\/person\/38f54b3bfd13f561de2460ba95c169c6","name":"Admin","image":{"@type":"ImageObject","inLanguage":"es","@id":"https:\/\/diariofemenino.com.ar\/df\/wp-content\/uploads\/2018\/12\/favicon-150x150.jpg","url":"https:\/\/diariofemenino.com.ar\/df\/wp-content\/uploads\/2018\/12\/favicon-150x150.jpg","contentUrl":"https:\/\/diariofemenino.com.ar\/df\/wp-content\/uploads\/2018\/12\/favicon-150x150.jpg","caption":"Admin"},"url":"https:\/\/diariofemenino.com.ar\/df\/author\/adm18df\/"}]}},"jetpack_featured_media_url":"","jetpack_sharing_enabled":true,"rttpg_featured_image_url":null,"rttpg_author":{"display_name":"Admin","author_link":"https:\/\/diariofemenino.com.ar\/df\/author\/adm18df\/"},"rttpg_comment":0,"rttpg_category":"<a href=\"https:\/\/diariofemenino.com.ar\/df\/category\/historias-de-vida\/\" rel=\"category tag\">Historias de vida<\/a> <a href=\"https:\/\/diariofemenino.com.ar\/df\/category\/medios\/\" rel=\"category tag\">Medios<\/a> <a href=\"https:\/\/diariofemenino.com.ar\/df\/category\/articulos\/\" rel=\"category tag\">Mujeres en Palabras<\/a> <a href=\"https:\/\/diariofemenino.com.ar\/df\/category\/noticias\/\" rel=\"category tag\">Noticias<\/a>","rttpg_excerpt":"&nbsp; &nbsp; La C\u00e1mara Alta se reunir\u00e1 con juristas de renombre para avanzar en la reforma de la legislaci\u00f3n penal que busca sancionar el delito de femicidio. No apoya la iniciativa de la C\u00e1mara Baja de visibilizar la muerte violenta de mujeres agravando la pena. Comparte en cambio la postura de parte del movimiento de&hellip;","_links":{"self":[{"href":"https:\/\/diariofemenino.com.ar\/df\/wp-json\/wp\/v2\/posts\/2892","targetHints":{"allow":["GET"]}}],"collection":[{"href":"https:\/\/diariofemenino.com.ar\/df\/wp-json\/wp\/v2\/posts"}],"about":[{"href":"https:\/\/diariofemenino.com.ar\/df\/wp-json\/wp\/v2\/types\/post"}],"author":[{"embeddable":true,"href":"https:\/\/diariofemenino.com.ar\/df\/wp-json\/wp\/v2\/users\/1"}],"replies":[{"embeddable":true,"href":"https:\/\/diariofemenino.com.ar\/df\/wp-json\/wp\/v2\/comments?post=2892"}],"version-history":[{"count":0,"href":"https:\/\/diariofemenino.com.ar\/df\/wp-json\/wp\/v2\/posts\/2892\/revisions"}],"wp:attachment":[{"href":"https:\/\/diariofemenino.com.ar\/df\/wp-json\/wp\/v2\/media?parent=2892"}],"wp:term":[{"taxonomy":"category","embeddable":true,"href":"https:\/\/diariofemenino.com.ar\/df\/wp-json\/wp\/v2\/categories?post=2892"},{"taxonomy":"post_tag","embeddable":true,"href":"https:\/\/diariofemenino.com.ar\/df\/wp-json\/wp\/v2\/tags?post=2892"}],"curies":[{"name":"wp","href":"https:\/\/api.w.org\/{rel}","templated":true}]}}