{"id":289,"date":"2012-05-09T16:57:07","date_gmt":"2012-05-09T19:57:07","guid":{"rendered":"http:\/\/www.diariofemenino.com.ar\/?p=289"},"modified":"2012-05-09T16:57:07","modified_gmt":"2012-05-09T19:57:07","slug":"piden-cambios-en-el-proyecto-de-penalizacion-del-femicidio","status":"publish","type":"post","link":"https:\/\/diariofemenino.com.ar\/df\/piden-cambios-en-el-proyecto-de-penalizacion-del-femicidio\/","title":{"rendered":"Piden cambios en el proyecto de penalizaci\u00f3n del Femicidio"},"content":{"rendered":"<p>La Comisi\u00f3n de Justicia\u00a0 y Asuntos Penales del Senado comenz\u00f3 a debatir el proyecto que castiga\u00a0 penalmente el femicidio. El tratamiento de la iniciativa, que ya tiene\u00a0 aprobaci\u00f3n de la C\u00e1mara baja, cont\u00f3 con la presencia de especialistas que\u00a0 pidieron cambios en el texto aprobado en Diputados. El tema seguir\u00e1 en estudio\u00a0 en el seno de la comisi\u00f3n.<br \/>\n<a href=\"http:\/\/www.diariofemenino.com.ar\/wp-content\/uploads\/senado-oval-f2.jpg\"><img loading=\"lazy\" decoding=\"async\" class=\"alignnone size-full wp-image-293\" title=\"senado-oval-f\" src=\"http:\/\/www.diariofemenino.com.ar\/wp-content\/uploads\/senado-oval-f2.jpg\" alt=\"\" width=\"480\" height=\"270\" \/><\/a><br \/>\nEn principio se\u00a0 esperaba que la comisi\u00f3n que encabeza el entrerriano Pedro Guastavino dar\u00eda\u00a0 r\u00e1pido tratamiento al proyecto y emitir\u00eda prestamente dictamen. Sin embargo, el\u00a0 propio legislador aclar\u00f3, luego de escuchar a la opini\u00f3n de las expertas\u00a0 invitadas a la comisi\u00f3n, que no hab\u00eda apuro y que la iniciativa despierta\u00a0 ciertas dudas.<br \/>\nPor\u00a0 su parte, la senadora <strong>Sonia Escudero\u00a0 (Salta)<\/strong>, quien impulsa un proyecto para agravar el homicidio del\u00a0 conviviente desde el a\u00f1o 2005 -es uno de los 13 proyectos presentados en el\u00a0 Senado- pidi\u00f3 tomarse \u201cun tiempo m\u00e1s para trabajar en el texto para no cometer\u00a0 errores en un asunto tan importante en materia de violencia de g\u00e9nero. No\u00a0 obstante, la legisladora pidi\u00f3 que la norma se\u00a0 trate en los pr\u00f3ximos meses, y\u00a0 que no se espere a la reforma integral del C\u00f3digo Penal anunciada, pues ello\u00a0 demandar\u00e1 mucho tiempo\u201d.<br \/>\n<strong>La\u00a0 opini\u00f3n de las especialistas<\/strong><br \/>\nEn l\u00edneas generales las\u00a0 expositoras propusieron cambios en el texto aprobado en la C\u00e1mara de Diputados\u00a0 que s\u00f3lo plantea un agravante cuando la v\u00edcitima fuere una mujer e insistieron\u00a0 fundamentalmente en el establecimiento de un tipo penal aut\u00f3nomo para el\u00a0 femicidio.<br \/>\nUna de las\u00a0 especialistas convocadas para exponer ante la comisi\u00f3n, la Coordinadora General\u00a0 de la Asociaci\u00f3n Civil \u201cLa Casa del Encuentro\u201d, <strong>Fabiana Tunez<\/strong>, inform\u00f3 acerca de las\u00a0 estad\u00edsticas elaboradas por esa organizaci\u00f3n. Son las \u00fanicas disponibles en la\u00a0 Argentina ante la falta de cifras oficiales en la materia. Tunez detall\u00f3 que\u00a0 \u201cfueron 282 femicidios los cometidos el a\u00f1o pasado, 29 los femicidios\u00a0 vinculados, y que fueron 212 los hijos e hijas que perdieron su madre en 2011\u201d .<br \/>\nPor otra parte, critic\u00f3\u00a0 la redacci\u00f3n del texto aprobado en Diputados porque \u201cdeja librado a criterio del\u00a0 juez que interviene en la causa si aplica o no la figura de agravante\u201d, y en ese\u00a0 sentido dijo que algunos no lo aplican por desconocimiento y otros \u201cpor\u00a0 cuestiones ideol\u00f3gicas y prejuicios culturales\u201d. Pidi\u00f3, asimismo, atender la\u00a0 situaci\u00f3n de desprotecci\u00f3n en la que quedan los menores que pierden a sus\u00a0 madres, y reclam\u00f3 que \u201cse quite la patria potestad a los victimarios\u201d.<br \/>\nPor\u00a0 su parte, la representante de la Defensor\u00eda general de la Naci\u00f3n, <strong>Raquel Asencio<\/strong>, recomend\u00f3 que la norma\u00a0 contenga una indicaci\u00f3n clara para que los jueces sepan cuando aplicar los\u00a0 atenuantes en este tipo de delitos, para evitar el trato discriminatorio.\u00a0 Reclam\u00f3, tambi\u00e9n, la elaboraci\u00f3n de estad\u00edsticas oficiales.<br \/>\nPor \u00faltimo, los\u00a0 senadores escucharon la opini\u00f3n de la titular de la Comisi\u00f3n Nacional\u00a0 Coordinadora de Acciones para la Elaboraci\u00f3n de Sanciones de Violencia de\u00a0 G\u00e9nero, dependiente del Ministerio de Justicia de la Naci\u00f3n, <strong>Perla Prigoshin<\/strong>, quien propuso la inclusi\u00f3n\u00a0 de la figura aut\u00f3noma del femicidio, en un cap\u00edtulo nuevo, separado del cap\u00edtulo\u00a0 de delitos contra la vida para evitar el problema de la aplicaci\u00f3n de los\u00a0 atenuantes por parte de los jueces en estos delitos.<br \/>\nPidi\u00f3 tambi\u00e9n ocuparse\u00a0 de otros temas que no son de la \u00f3rbita penal: \u201c\u00bfQu\u00e9 se hace con los hijos de las\u00a0 v\u00edctimas? \u00bfQu\u00e9 se hace con la patria potestad de los hijos de los victimarios?\u00a0 \u00bfQui\u00e9n se va a ocupar de los alimentos de los chicos que se quedan sin madre y\u00a0 sin padre porque est\u00e1 preso? Esas son las cosas que tenemos que hablar\u201d,\u00a0 indic\u00f3.<br \/>\nLa\u00a0 especialista present\u00f3 una propuesta alternativa que contempla \u201cla obligaci\u00f3n de\u00a0 de alimentar a los hijos, as\u00ed sea con el pecunio de lo producido con su trabajo\u00a0 dentro de la c\u00e1rcel\u201d. Finalmente, pidi\u00f3 que \u201cel texto votado en Diputados se\u00a0 profundice. Nada grave va a pasar si en lugar de sacar una ley que se quede a\u00a0 mitad de camino como pas\u00f3 con la ley de trata de personas, se hace un esfuerzo\u00a0 por profundizar el texto sancionado en Diputados\u201d.<br \/>\n<strong>El\u00a0 proyecto<\/strong><br \/>\nEl texto aprobado en la\u00a0 C\u00e1mara baja define al femicidio como el crimen de una mujer perpetrado \u201cpor un\u00a0 hombre y mediare violencia de g\u00e9nero\u201d e incorpora como causales \u201cplacer,\u00a0 codicia, odio racial, religioso, de g\u00e9nero o a la orientaci\u00f3n sexual, identidad\u00a0 de g\u00e9nero o su expresi\u00f3n\u201d, a la vez con un prop\u00f3sito de \u201ccausar sufrimiento a\u00a0 una persona con la que se mantiene o ha mantenido una\u00a0 relaci\u00f3n\u201d.<br \/>\nAsimismo se fija pena\u00a0 de reclusi\u00f3n perpetua o prisi\u00f3n perpetua al que mate \u201ca su ascendiente,\u00a0 descendiente, c\u00f3nyuge, ex c\u00f3nyuge o a la persona con quien mantiene o ha\u00a0 mantenido una relaci\u00f3n de pareja, mediare o no convivencia\u201d.<br \/>\nFuente: <strong>http:\/\/tinyurl.com\/778ocjp<\/strong><\/p>\n","protected":false},"excerpt":{"rendered":"<p>La Comisi\u00f3n de Justicia\u00a0 y Asuntos Penales del Senado comenz\u00f3 a debatir el proyecto que castiga\u00a0 penalmente el femicidio. El tratamiento de la iniciativa, que ya tiene\u00a0 aprobaci\u00f3n de la C\u00e1mara baja, cont\u00f3 con la presencia de especialistas que\u00a0 pidieron cambios en el texto aprobado en Diputados. El tema seguir\u00e1 en estudio\u00a0 en el seno [&hellip;]<\/p>\n","protected":false},"author":1,"featured_media":0,"comment_status":"open","ping_status":"open","sticky":false,"template":"","format":"standard","meta":{"iawp_total_views":1,"footnotes":""},"categories":[5,4,21],"tags":[],"class_list":["post-289","post","type-post","status-publish","format-standard","hentry","category-historias-de-vida","category-medios","category-noticias"],"nelio_content":{"autoShareEndMode":"never","automationSources":{"useCustomSentences":false,"customSentences":[]},"efiAlt":"","efiUrl":"","followers":[],"highlights":[],"isAutoShareEnabled":true,"networkImageIds":[],"permalinkQueryArgs":[],"series":[],"suggestedReferences":[]},"yoast_head":"<!-- This site is optimized with the Yoast SEO plugin v27.5 - https:\/\/yoast.com\/product\/yoast-seo-wordpress\/ -->\n<title>Piden cambios en el proyecto de penalizaci\u00f3n del Femicidio - Diario Digital Femenino<\/title>\n<meta name=\"robots\" content=\"index, follow, max-snippet:-1, max-image-preview:large, max-video-preview:-1\" \/>\n<link rel=\"canonical\" href=\"https:\/\/diariofemenino.com.ar\/df\/piden-cambios-en-el-proyecto-de-penalizacion-del-femicidio\/\" \/>\n<meta property=\"og:locale\" content=\"es_ES\" \/>\n<meta property=\"og:type\" content=\"article\" \/>\n<meta property=\"og:title\" content=\"Piden cambios en el proyecto de penalizaci\u00f3n del Femicidio - Diario Digital Femenino\" \/>\n<meta property=\"og:description\" content=\"La Comisi\u00f3n de Justicia\u00a0 y Asuntos Penales del Senado comenz\u00f3 a debatir el proyecto que castiga\u00a0 penalmente el femicidio. El tratamiento de la iniciativa, que ya tiene\u00a0 aprobaci\u00f3n de la C\u00e1mara baja, cont\u00f3 con la presencia de especialistas que\u00a0 pidieron cambios en el texto aprobado en Diputados. El tema seguir\u00e1 en estudio\u00a0 en el seno [&hellip;]\" \/>\n<meta property=\"og:url\" content=\"https:\/\/diariofemenino.com.ar\/df\/piden-cambios-en-el-proyecto-de-penalizacion-del-femicidio\/\" \/>\n<meta property=\"og:site_name\" content=\"Diario Digital Femenino\" \/>\n<meta property=\"article:publisher\" content=\"https:\/\/www.facebook.com\/DiarioDigitaFemenino\/\" \/>\n<meta property=\"article:published_time\" content=\"2012-05-09T19:57:07+00:00\" \/>\n<meta property=\"og:image\" content=\"http:\/\/www.diariofemenino.com.ar\/wp-content\/uploads\/senado-oval-f2.jpg\" \/>\n<meta name=\"author\" content=\"Admin\" \/>\n<meta name=\"twitter:card\" content=\"summary_large_image\" \/>\n<meta name=\"twitter:creator\" content=\"@DiarioFemenino1\" \/>\n<meta name=\"twitter:site\" content=\"@DiarioFemenino1\" \/>\n<meta name=\"twitter:label1\" content=\"Escrito por\" \/>\n\t<meta name=\"twitter:data1\" content=\"Admin\" \/>\n\t<meta name=\"twitter:label2\" content=\"Tiempo de lectura\" \/>\n\t<meta name=\"twitter:data2\" content=\"4 minutos\" \/>\n<script type=\"application\/ld+json\" class=\"yoast-schema-graph\">{\"@context\":\"https:\\\/\\\/schema.org\",\"@graph\":[{\"@type\":\"Article\",\"@id\":\"https:\\\/\\\/diariofemenino.com.ar\\\/df\\\/piden-cambios-en-el-proyecto-de-penalizacion-del-femicidio\\\/#article\",\"isPartOf\":{\"@id\":\"https:\\\/\\\/diariofemenino.com.ar\\\/df\\\/piden-cambios-en-el-proyecto-de-penalizacion-del-femicidio\\\/\"},\"author\":{\"name\":\"Admin\",\"@id\":\"https:\\\/\\\/diariofemenino.com.ar\\\/df\\\/#\\\/schema\\\/person\\\/38f54b3bfd13f561de2460ba95c169c6\"},\"headline\":\"Piden cambios en el proyecto de penalizaci\u00f3n del Femicidio\",\"datePublished\":\"2012-05-09T19:57:07+00:00\",\"mainEntityOfPage\":{\"@id\":\"https:\\\/\\\/diariofemenino.com.ar\\\/df\\\/piden-cambios-en-el-proyecto-de-penalizacion-del-femicidio\\\/\"},\"wordCount\":855,\"commentCount\":0,\"publisher\":{\"@id\":\"https:\\\/\\\/diariofemenino.com.ar\\\/df\\\/#organization\"},\"image\":{\"@id\":\"https:\\\/\\\/diariofemenino.com.ar\\\/df\\\/piden-cambios-en-el-proyecto-de-penalizacion-del-femicidio\\\/#primaryimage\"},\"thumbnailUrl\":\"http:\\\/\\\/www.diariofemenino.com.ar\\\/wp-content\\\/uploads\\\/senado-oval-f2.jpg\",\"articleSection\":[\"Historias de vida\",\"Medios\",\"Noticias\"],\"inLanguage\":\"es\",\"potentialAction\":[{\"@type\":\"CommentAction\",\"name\":\"Comment\",\"target\":[\"https:\\\/\\\/diariofemenino.com.ar\\\/df\\\/piden-cambios-en-el-proyecto-de-penalizacion-del-femicidio\\\/#respond\"]}]},{\"@type\":\"WebPage\",\"@id\":\"https:\\\/\\\/diariofemenino.com.ar\\\/df\\\/piden-cambios-en-el-proyecto-de-penalizacion-del-femicidio\\\/\",\"url\":\"https:\\\/\\\/diariofemenino.com.ar\\\/df\\\/piden-cambios-en-el-proyecto-de-penalizacion-del-femicidio\\\/\",\"name\":\"Piden cambios en el proyecto de penalizaci\u00f3n del Femicidio - Diario Digital Femenino\",\"isPartOf\":{\"@id\":\"https:\\\/\\\/diariofemenino.com.ar\\\/df\\\/#website\"},\"primaryImageOfPage\":{\"@id\":\"https:\\\/\\\/diariofemenino.com.ar\\\/df\\\/piden-cambios-en-el-proyecto-de-penalizacion-del-femicidio\\\/#primaryimage\"},\"image\":{\"@id\":\"https:\\\/\\\/diariofemenino.com.ar\\\/df\\\/piden-cambios-en-el-proyecto-de-penalizacion-del-femicidio\\\/#primaryimage\"},\"thumbnailUrl\":\"http:\\\/\\\/www.diariofemenino.com.ar\\\/wp-content\\\/uploads\\\/senado-oval-f2.jpg\",\"datePublished\":\"2012-05-09T19:57:07+00:00\",\"breadcrumb\":{\"@id\":\"https:\\\/\\\/diariofemenino.com.ar\\\/df\\\/piden-cambios-en-el-proyecto-de-penalizacion-del-femicidio\\\/#breadcrumb\"},\"inLanguage\":\"es\",\"potentialAction\":[{\"@type\":\"ReadAction\",\"target\":[\"https:\\\/\\\/diariofemenino.com.ar\\\/df\\\/piden-cambios-en-el-proyecto-de-penalizacion-del-femicidio\\\/\"]}]},{\"@type\":\"ImageObject\",\"inLanguage\":\"es\",\"@id\":\"https:\\\/\\\/diariofemenino.com.ar\\\/df\\\/piden-cambios-en-el-proyecto-de-penalizacion-del-femicidio\\\/#primaryimage\",\"url\":\"http:\\\/\\\/www.diariofemenino.com.ar\\\/wp-content\\\/uploads\\\/senado-oval-f2.jpg\",\"contentUrl\":\"http:\\\/\\\/www.diariofemenino.com.ar\\\/wp-content\\\/uploads\\\/senado-oval-f2.jpg\"},{\"@type\":\"BreadcrumbList\",\"@id\":\"https:\\\/\\\/diariofemenino.com.ar\\\/df\\\/piden-cambios-en-el-proyecto-de-penalizacion-del-femicidio\\\/#breadcrumb\",\"itemListElement\":[{\"@type\":\"ListItem\",\"position\":1,\"name\":\"Portada\",\"item\":\"https:\\\/\\\/diariofemenino.com.ar\\\/df\\\/\"},{\"@type\":\"ListItem\",\"position\":2,\"name\":\"Piden cambios en el proyecto de penalizaci\u00f3n del Femicidio\"}]},{\"@type\":\"WebSite\",\"@id\":\"https:\\\/\\\/diariofemenino.com.ar\\\/df\\\/#website\",\"url\":\"https:\\\/\\\/diariofemenino.com.ar\\\/df\\\/\",\"name\":\"Diario Digital Femenino\",\"description\":\"Cuesti\u00f3n de G\u00e9nero\",\"publisher\":{\"@id\":\"https:\\\/\\\/diariofemenino.com.ar\\\/df\\\/#organization\"},\"potentialAction\":[{\"@type\":\"SearchAction\",\"target\":{\"@type\":\"EntryPoint\",\"urlTemplate\":\"https:\\\/\\\/diariofemenino.com.ar\\\/df\\\/?s={search_term_string}\"},\"query-input\":{\"@type\":\"PropertyValueSpecification\",\"valueRequired\":true,\"valueName\":\"search_term_string\"}}],\"inLanguage\":\"es\"},{\"@type\":\"Organization\",\"@id\":\"https:\\\/\\\/diariofemenino.com.ar\\\/df\\\/#organization\",\"name\":\"Diario Femenino\",\"url\":\"https:\\\/\\\/diariofemenino.com.ar\\\/df\\\/\",\"logo\":{\"@type\":\"ImageObject\",\"inLanguage\":\"es\",\"@id\":\"https:\\\/\\\/diariofemenino.com.ar\\\/df\\\/#\\\/schema\\\/logo\\\/image\\\/\",\"url\":\"https:\\\/\\\/diariofemenino.com.ar\\\/df\\\/wp-content\\\/uploads\\\/2018\\\/10\\\/logo.png\",\"contentUrl\":\"https:\\\/\\\/diariofemenino.com.ar\\\/df\\\/wp-content\\\/uploads\\\/2018\\\/10\\\/logo.png\",\"width\":500,\"height\":92,\"caption\":\"Diario Femenino\"},\"image\":{\"@id\":\"https:\\\/\\\/diariofemenino.com.ar\\\/df\\\/#\\\/schema\\\/logo\\\/image\\\/\"},\"sameAs\":[\"https:\\\/\\\/www.facebook.com\\\/DiarioDigitaFemenino\\\/\",\"https:\\\/\\\/x.com\\\/DiarioFemenino1\"]},{\"@type\":\"Person\",\"@id\":\"https:\\\/\\\/diariofemenino.com.ar\\\/df\\\/#\\\/schema\\\/person\\\/38f54b3bfd13f561de2460ba95c169c6\",\"name\":\"Admin\",\"image\":{\"@type\":\"ImageObject\",\"inLanguage\":\"es\",\"@id\":\"https:\\\/\\\/diariofemenino.com.ar\\\/df\\\/wp-content\\\/uploads\\\/2018\\\/12\\\/favicon-150x150.jpg\",\"url\":\"https:\\\/\\\/diariofemenino.com.ar\\\/df\\\/wp-content\\\/uploads\\\/2018\\\/12\\\/favicon-150x150.jpg\",\"contentUrl\":\"https:\\\/\\\/diariofemenino.com.ar\\\/df\\\/wp-content\\\/uploads\\\/2018\\\/12\\\/favicon-150x150.jpg\",\"caption\":\"Admin\"},\"url\":\"https:\\\/\\\/diariofemenino.com.ar\\\/df\\\/author\\\/adm18df\\\/\"}]}<\/script>\n<!-- \/ Yoast SEO plugin. -->","yoast_head_json":{"title":"Piden cambios en el proyecto de penalizaci\u00f3n del Femicidio - Diario Digital Femenino","robots":{"index":"index","follow":"follow","max-snippet":"max-snippet:-1","max-image-preview":"max-image-preview:large","max-video-preview":"max-video-preview:-1"},"canonical":"https:\/\/diariofemenino.com.ar\/df\/piden-cambios-en-el-proyecto-de-penalizacion-del-femicidio\/","og_locale":"es_ES","og_type":"article","og_title":"Piden cambios en el proyecto de penalizaci\u00f3n del Femicidio - Diario Digital Femenino","og_description":"La Comisi\u00f3n de Justicia\u00a0 y Asuntos Penales del Senado comenz\u00f3 a debatir el proyecto que castiga\u00a0 penalmente el femicidio. El tratamiento de la iniciativa, que ya tiene\u00a0 aprobaci\u00f3n de la C\u00e1mara baja, cont\u00f3 con la presencia de especialistas que\u00a0 pidieron cambios en el texto aprobado en Diputados. El tema seguir\u00e1 en estudio\u00a0 en el seno [&hellip;]","og_url":"https:\/\/diariofemenino.com.ar\/df\/piden-cambios-en-el-proyecto-de-penalizacion-del-femicidio\/","og_site_name":"Diario Digital Femenino","article_publisher":"https:\/\/www.facebook.com\/DiarioDigitaFemenino\/","article_published_time":"2012-05-09T19:57:07+00:00","og_image":[{"url":"http:\/\/www.diariofemenino.com.ar\/wp-content\/uploads\/senado-oval-f2.jpg","type":"","width":"","height":""}],"author":"Admin","twitter_card":"summary_large_image","twitter_creator":"@DiarioFemenino1","twitter_site":"@DiarioFemenino1","twitter_misc":{"Escrito por":"Admin","Tiempo de lectura":"4 minutos"},"schema":{"@context":"https:\/\/schema.org","@graph":[{"@type":"Article","@id":"https:\/\/diariofemenino.com.ar\/df\/piden-cambios-en-el-proyecto-de-penalizacion-del-femicidio\/#article","isPartOf":{"@id":"https:\/\/diariofemenino.com.ar\/df\/piden-cambios-en-el-proyecto-de-penalizacion-del-femicidio\/"},"author":{"name":"Admin","@id":"https:\/\/diariofemenino.com.ar\/df\/#\/schema\/person\/38f54b3bfd13f561de2460ba95c169c6"},"headline":"Piden cambios en el proyecto de penalizaci\u00f3n del Femicidio","datePublished":"2012-05-09T19:57:07+00:00","mainEntityOfPage":{"@id":"https:\/\/diariofemenino.com.ar\/df\/piden-cambios-en-el-proyecto-de-penalizacion-del-femicidio\/"},"wordCount":855,"commentCount":0,"publisher":{"@id":"https:\/\/diariofemenino.com.ar\/df\/#organization"},"image":{"@id":"https:\/\/diariofemenino.com.ar\/df\/piden-cambios-en-el-proyecto-de-penalizacion-del-femicidio\/#primaryimage"},"thumbnailUrl":"http:\/\/www.diariofemenino.com.ar\/wp-content\/uploads\/senado-oval-f2.jpg","articleSection":["Historias de vida","Medios","Noticias"],"inLanguage":"es","potentialAction":[{"@type":"CommentAction","name":"Comment","target":["https:\/\/diariofemenino.com.ar\/df\/piden-cambios-en-el-proyecto-de-penalizacion-del-femicidio\/#respond"]}]},{"@type":"WebPage","@id":"https:\/\/diariofemenino.com.ar\/df\/piden-cambios-en-el-proyecto-de-penalizacion-del-femicidio\/","url":"https:\/\/diariofemenino.com.ar\/df\/piden-cambios-en-el-proyecto-de-penalizacion-del-femicidio\/","name":"Piden cambios en el proyecto de penalizaci\u00f3n del Femicidio - Diario Digital Femenino","isPartOf":{"@id":"https:\/\/diariofemenino.com.ar\/df\/#website"},"primaryImageOfPage":{"@id":"https:\/\/diariofemenino.com.ar\/df\/piden-cambios-en-el-proyecto-de-penalizacion-del-femicidio\/#primaryimage"},"image":{"@id":"https:\/\/diariofemenino.com.ar\/df\/piden-cambios-en-el-proyecto-de-penalizacion-del-femicidio\/#primaryimage"},"thumbnailUrl":"http:\/\/www.diariofemenino.com.ar\/wp-content\/uploads\/senado-oval-f2.jpg","datePublished":"2012-05-09T19:57:07+00:00","breadcrumb":{"@id":"https:\/\/diariofemenino.com.ar\/df\/piden-cambios-en-el-proyecto-de-penalizacion-del-femicidio\/#breadcrumb"},"inLanguage":"es","potentialAction":[{"@type":"ReadAction","target":["https:\/\/diariofemenino.com.ar\/df\/piden-cambios-en-el-proyecto-de-penalizacion-del-femicidio\/"]}]},{"@type":"ImageObject","inLanguage":"es","@id":"https:\/\/diariofemenino.com.ar\/df\/piden-cambios-en-el-proyecto-de-penalizacion-del-femicidio\/#primaryimage","url":"http:\/\/www.diariofemenino.com.ar\/wp-content\/uploads\/senado-oval-f2.jpg","contentUrl":"http:\/\/www.diariofemenino.com.ar\/wp-content\/uploads\/senado-oval-f2.jpg"},{"@type":"BreadcrumbList","@id":"https:\/\/diariofemenino.com.ar\/df\/piden-cambios-en-el-proyecto-de-penalizacion-del-femicidio\/#breadcrumb","itemListElement":[{"@type":"ListItem","position":1,"name":"Portada","item":"https:\/\/diariofemenino.com.ar\/df\/"},{"@type":"ListItem","position":2,"name":"Piden cambios en el proyecto de penalizaci\u00f3n del Femicidio"}]},{"@type":"WebSite","@id":"https:\/\/diariofemenino.com.ar\/df\/#website","url":"https:\/\/diariofemenino.com.ar\/df\/","name":"Diario Digital Femenino","description":"Cuesti\u00f3n de G\u00e9nero","publisher":{"@id":"https:\/\/diariofemenino.com.ar\/df\/#organization"},"potentialAction":[{"@type":"SearchAction","target":{"@type":"EntryPoint","urlTemplate":"https:\/\/diariofemenino.com.ar\/df\/?s={search_term_string}"},"query-input":{"@type":"PropertyValueSpecification","valueRequired":true,"valueName":"search_term_string"}}],"inLanguage":"es"},{"@type":"Organization","@id":"https:\/\/diariofemenino.com.ar\/df\/#organization","name":"Diario Femenino","url":"https:\/\/diariofemenino.com.ar\/df\/","logo":{"@type":"ImageObject","inLanguage":"es","@id":"https:\/\/diariofemenino.com.ar\/df\/#\/schema\/logo\/image\/","url":"https:\/\/diariofemenino.com.ar\/df\/wp-content\/uploads\/2018\/10\/logo.png","contentUrl":"https:\/\/diariofemenino.com.ar\/df\/wp-content\/uploads\/2018\/10\/logo.png","width":500,"height":92,"caption":"Diario Femenino"},"image":{"@id":"https:\/\/diariofemenino.com.ar\/df\/#\/schema\/logo\/image\/"},"sameAs":["https:\/\/www.facebook.com\/DiarioDigitaFemenino\/","https:\/\/x.com\/DiarioFemenino1"]},{"@type":"Person","@id":"https:\/\/diariofemenino.com.ar\/df\/#\/schema\/person\/38f54b3bfd13f561de2460ba95c169c6","name":"Admin","image":{"@type":"ImageObject","inLanguage":"es","@id":"https:\/\/diariofemenino.com.ar\/df\/wp-content\/uploads\/2018\/12\/favicon-150x150.jpg","url":"https:\/\/diariofemenino.com.ar\/df\/wp-content\/uploads\/2018\/12\/favicon-150x150.jpg","contentUrl":"https:\/\/diariofemenino.com.ar\/df\/wp-content\/uploads\/2018\/12\/favicon-150x150.jpg","caption":"Admin"},"url":"https:\/\/diariofemenino.com.ar\/df\/author\/adm18df\/"}]}},"jetpack_featured_media_url":"","jetpack_sharing_enabled":true,"rttpg_featured_image_url":null,"rttpg_author":{"display_name":"Admin","author_link":"https:\/\/diariofemenino.com.ar\/df\/author\/adm18df\/"},"rttpg_comment":0,"rttpg_category":"<a href=\"https:\/\/diariofemenino.com.ar\/df\/category\/historias-de-vida\/\" rel=\"category tag\">Historias de vida<\/a> <a href=\"https:\/\/diariofemenino.com.ar\/df\/category\/medios\/\" rel=\"category tag\">Medios<\/a> <a href=\"https:\/\/diariofemenino.com.ar\/df\/category\/noticias\/\" rel=\"category tag\">Noticias<\/a>","rttpg_excerpt":"La Comisi\u00f3n de Justicia\u00a0 y Asuntos Penales del Senado comenz\u00f3 a debatir el proyecto que castiga\u00a0 penalmente el femicidio. El tratamiento de la iniciativa, que ya tiene\u00a0 aprobaci\u00f3n de la C\u00e1mara baja, cont\u00f3 con la presencia de especialistas que\u00a0 pidieron cambios en el texto aprobado en Diputados. El tema seguir\u00e1 en estudio\u00a0 en el seno&hellip;","_links":{"self":[{"href":"https:\/\/diariofemenino.com.ar\/df\/wp-json\/wp\/v2\/posts\/289","targetHints":{"allow":["GET"]}}],"collection":[{"href":"https:\/\/diariofemenino.com.ar\/df\/wp-json\/wp\/v2\/posts"}],"about":[{"href":"https:\/\/diariofemenino.com.ar\/df\/wp-json\/wp\/v2\/types\/post"}],"author":[{"embeddable":true,"href":"https:\/\/diariofemenino.com.ar\/df\/wp-json\/wp\/v2\/users\/1"}],"replies":[{"embeddable":true,"href":"https:\/\/diariofemenino.com.ar\/df\/wp-json\/wp\/v2\/comments?post=289"}],"version-history":[{"count":0,"href":"https:\/\/diariofemenino.com.ar\/df\/wp-json\/wp\/v2\/posts\/289\/revisions"}],"wp:attachment":[{"href":"https:\/\/diariofemenino.com.ar\/df\/wp-json\/wp\/v2\/media?parent=289"}],"wp:term":[{"taxonomy":"category","embeddable":true,"href":"https:\/\/diariofemenino.com.ar\/df\/wp-json\/wp\/v2\/categories?post=289"},{"taxonomy":"post_tag","embeddable":true,"href":"https:\/\/diariofemenino.com.ar\/df\/wp-json\/wp\/v2\/tags?post=289"}],"curies":[{"name":"wp","href":"https:\/\/api.w.org\/{rel}","templated":true}]}}