{"id":2887,"date":"2012-08-08T14:25:31","date_gmt":"2012-08-08T17:25:31","guid":{"rendered":"http:\/\/www.diariofemenino.com.ar\/?p=2887"},"modified":"2012-08-08T14:25:31","modified_gmt":"2012-08-08T17:25:31","slug":"fin-de-semana-de-mujeres-solas-en-el-escenario","status":"publish","type":"post","link":"https:\/\/diariofemenino.com.ar\/df\/fin-de-semana-de-mujeres-solas-en-el-escenario\/","title":{"rendered":"Fin de semana de mujeres solas en el escenario"},"content":{"rendered":"<p>&nbsp;<br \/>\n&nbsp;<br \/>\n<em>Se realiza un ciclo de unipersonales femeninos.\u00a0\u00ab\u00a1Mujeres a las tablas!\u00bb se ver\u00e1 de viernes a domingo.<\/em><br \/>\n<a href=\"http:\/\/www.diariofemenino.com.ar\/wp-content\/uploads\/imagen31.jpg\"><img loading=\"lazy\" decoding=\"async\" class=\"alignleft size-full wp-image-2888\" src=\"http:\/\/www.diariofemenino.com.ar\/wp-content\/uploads\/imagen31.jpg\" alt=\"\" width=\"403\" height=\"600\" \/><\/a><br \/>\n&nbsp;<br \/>\nNeuqu\u00e9n, 8 de agosto de 2012. \u00a0Cinco actrices. Cinco mujeres. Cinco unipersonales. El pr\u00f3ximo, ser\u00e1 el fin de semana de \u00ab\u00a1Mujeres a las tablas!\u00bb, el ciclo teatral que organiz\u00f3 y dirige Ver\u00f3nica Mart\u00ednez, quien convoc\u00f3 a las artistas de distintos lugares del pa\u00eds para que presenten sus espect\u00e1culos.<br \/>\nDesde el viernes y hasta el domingo, las obras se presentar\u00e1n en diferentes espacios, con la asistencia de producci\u00f3n de Luj\u00e1n Urreaga y Antonella Romero Escotorin, y la coordinaci\u00f3n t\u00e9cnica de Fernando Hern\u00e1ndez.<br \/>\n\u00abEl unipersonal es interesante y profundo, porque cada actriz s\u00f3lo puede agarrarse de s\u00ed misma\u00bb, cuenta a \u00abR\u00edo Negro\u00bb la directora art\u00edstica del ciclo. \u00abContra todo prejuicio, no es un g\u00e9nero menor del teatro\u00bb.<br \/>\nMart\u00ednez adelanta que el ciclo comenzar\u00e1 el viernes, a las 14.30, con una funci\u00f3n gratuita para p\u00fablico infantil: subir\u00e1 a escena \u00abDo\u00f1a Sonia Dora la Tejedora\u00bb, de Valeria Fidel y Rafael Teixido (General Roca), en el Jard\u00edn de Infantes del Hospital Castro Rend\u00f3n (Buenos Aires y Alderete).<br \/>\n\u00bfDe qu\u00e9 se trata? Do\u00f1a Sonia Dora es una abuela tejedora. Viejita, un poco olvidadiza, camina muy despacio y siempre dice que la vida est\u00e1 para hacer lo que a uno le gusta.<br \/>\nA ella le gusta tejer cuentos de colores y su sue\u00f1o es compartirlos. Por eso, anda de visita buscando ni\u00f1os y familias con su canasta, sus ovillos y una historia para contar.<br \/>\nA partir de recursos c\u00f3micos y dram\u00e1ticos, la obra trata de sensibilizar al p\u00fablico sobre el respeto a los ancianos, el cuidado del medio ambiente, la tolerancia por las diferencias y el fortalecimiento de los propios deseos y recursos.<br \/>\nEs mismo d\u00eda, pero a las 22, en el Teatro El Arrimadero (Misiones 234), se ver\u00e1 la obra \u00abHamster\u00bb, de Luisina Di Chenna y Julia Muzio (Buenos Aires).<br \/>\nLa agenda contin\u00faa el s\u00e1bado, las 21.30, con \u00abQuerida Marta\u00bb, el bell\u00edsimo unipersonal que deslumbr\u00f3 a la cr\u00edtica, de Irene Sexer y Paula Etchebhere (Buenos Aires), tambi\u00e9n en el Teatro El Arrimadero.<br \/>\nM\u00e1s tarde, a las 22.30, ser\u00e1 el turno de \u00abLa culeada\u00bb, que se presentar\u00e1 en el Espacio Cultural Media de Luna (Sarmiento 274). La obra es de los artistas locales Grisel Nicolau y Jos\u00e9 Valenzuela.<br \/>\nSobre el escenario, se ver\u00e1 a Maria Kilina, quien aparece joven y enamorada, pastora y so\u00f1adora. Es una ni\u00f1a que juega y r\u00ede, una ni\u00f1a que descubre al mundo y a s\u00ed misma. Se trata de una ni\u00f1a que pide y dice.<br \/>\nLuego, una artista; mujer artista que hace ruido, que baila; es conocedora de amores y desamores. Maria Kilina se presentar\u00e1 en soledad y acercar\u00e1 a su madre; el legado cultural con toda la fuerza de un mandato irrevocable; las historias que las unen y los puntos que las separan.<br \/>\nPor \u00faltimo, el domingo, a las 21, en el El Arrimadero, subir\u00e1 a escena \u00abPers\u00e9fones del Sur\u00bb , de Grisel Nicolau, con direcci\u00f3n de Jorge Renoldi (Salta).<br \/>\nCon la excusa del mito de D\u00e9meter, diosa de la Fecundidad, aparecer\u00e1 una joven llena de sue\u00f1os y deseos.<br \/>\nEl ciclo tendr\u00e1 entradas desde 40 pesos (anticipadas en el espacio Media de luna) y, para su inauguraci\u00f3n. Para los invitados, est\u00e1 prevista, desde las 23, una performance con Andrea Brice\u00f1o en danza (dirigida por Juan P. R\u00edos; con maquillaje de Maria Azar de Hecchizarte); una intervenci\u00f3n pl\u00e1stica de Marina Robledo y la m\u00fasica de Nicol\u00e1s Kloster.<br \/>\n&nbsp;<br \/>\n&nbsp;<br \/>\n&nbsp;<br \/>\nFuente: \u00a0<a href=\"http:\/\/www.rionegro.com.ar\/diario\/fin-de-semana-de-mujeres-solas-en-el-escenario-936777-9521-nota.aspx\" target=\"_blank\">rionegro.com.ar<\/a><\/p>\n","protected":false},"excerpt":{"rendered":"<p>&nbsp; &nbsp; Se realiza un ciclo de unipersonales femeninos.\u00a0\u00ab\u00a1Mujeres a las tablas!\u00bb se ver\u00e1 de viernes a domingo. &nbsp; Neuqu\u00e9n, 8 de agosto de 2012. \u00a0Cinco actrices. Cinco mujeres. Cinco unipersonales. El pr\u00f3ximo, ser\u00e1 el fin de semana de \u00ab\u00a1Mujeres a las tablas!\u00bb, el ciclo teatral que organiz\u00f3 y dirige Ver\u00f3nica Mart\u00ednez, quien convoc\u00f3 a [&hellip;]<\/p>\n","protected":false},"author":1,"featured_media":0,"comment_status":"open","ping_status":"open","sticky":false,"template":"","format":"standard","meta":{"iawp_total_views":3,"footnotes":""},"categories":[7,4],"tags":[],"class_list":["post-2887","post","type-post","status-publish","format-standard","hentry","category-actividades","category-medios"],"nelio_content":{"autoShareEndMode":"never","automationSources":{"useCustomSentences":false,"customSentences":[]},"efiAlt":"","efiUrl":"","followers":[],"highlights":[],"isAutoShareEnabled":true,"networkImageIds":[],"permalinkQueryArgs":[],"series":[],"suggestedReferences":[]},"yoast_head":"<!-- This site is optimized with the Yoast SEO plugin v27.4 - https:\/\/yoast.com\/product\/yoast-seo-wordpress\/ -->\n<title>Fin de semana de mujeres solas en el escenario - Diario Digital Femenino<\/title>\n<meta name=\"robots\" content=\"index, follow, max-snippet:-1, max-image-preview:large, max-video-preview:-1\" \/>\n<link rel=\"canonical\" href=\"https:\/\/diariofemenino.com.ar\/df\/fin-de-semana-de-mujeres-solas-en-el-escenario\/\" \/>\n<meta property=\"og:locale\" content=\"es_ES\" \/>\n<meta property=\"og:type\" content=\"article\" \/>\n<meta property=\"og:title\" content=\"Fin de semana de mujeres solas en el escenario - Diario Digital Femenino\" \/>\n<meta property=\"og:description\" content=\"&nbsp; &nbsp; Se realiza un ciclo de unipersonales femeninos.\u00a0\u00ab\u00a1Mujeres a las tablas!\u00bb se ver\u00e1 de viernes a domingo. &nbsp; Neuqu\u00e9n, 8 de agosto de 2012. \u00a0Cinco actrices. Cinco mujeres. Cinco unipersonales. El pr\u00f3ximo, ser\u00e1 el fin de semana de \u00ab\u00a1Mujeres a las tablas!\u00bb, el ciclo teatral que organiz\u00f3 y dirige Ver\u00f3nica Mart\u00ednez, quien convoc\u00f3 a [&hellip;]\" \/>\n<meta property=\"og:url\" content=\"https:\/\/diariofemenino.com.ar\/df\/fin-de-semana-de-mujeres-solas-en-el-escenario\/\" \/>\n<meta property=\"og:site_name\" content=\"Diario Digital Femenino\" \/>\n<meta property=\"article:publisher\" content=\"https:\/\/www.facebook.com\/DiarioDigitaFemenino\/\" \/>\n<meta property=\"article:published_time\" content=\"2012-08-08T17:25:31+00:00\" \/>\n<meta property=\"og:image\" content=\"http:\/\/www.diariofemenino.com.ar\/wp-content\/uploads\/imagen31.jpg\" \/>\n<meta name=\"author\" content=\"Admin\" \/>\n<meta name=\"twitter:card\" content=\"summary_large_image\" \/>\n<meta name=\"twitter:creator\" content=\"@DiarioFemenino1\" \/>\n<meta name=\"twitter:site\" content=\"@DiarioFemenino1\" \/>\n<meta name=\"twitter:label1\" content=\"Escrito por\" \/>\n\t<meta name=\"twitter:data1\" content=\"Admin\" \/>\n\t<meta name=\"twitter:label2\" content=\"Tiempo de lectura\" \/>\n\t<meta name=\"twitter:data2\" content=\"3 minutos\" \/>\n<script type=\"application\/ld+json\" class=\"yoast-schema-graph\">{\"@context\":\"https:\\\/\\\/schema.org\",\"@graph\":[{\"@type\":\"Article\",\"@id\":\"https:\\\/\\\/diariofemenino.com.ar\\\/df\\\/fin-de-semana-de-mujeres-solas-en-el-escenario\\\/#article\",\"isPartOf\":{\"@id\":\"https:\\\/\\\/diariofemenino.com.ar\\\/df\\\/fin-de-semana-de-mujeres-solas-en-el-escenario\\\/\"},\"author\":{\"name\":\"Admin\",\"@id\":\"https:\\\/\\\/diariofemenino.com.ar\\\/df\\\/#\\\/schema\\\/person\\\/38f54b3bfd13f561de2460ba95c169c6\"},\"headline\":\"Fin de semana de mujeres solas en el escenario\",\"datePublished\":\"2012-08-08T17:25:31+00:00\",\"mainEntityOfPage\":{\"@id\":\"https:\\\/\\\/diariofemenino.com.ar\\\/df\\\/fin-de-semana-de-mujeres-solas-en-el-escenario\\\/\"},\"wordCount\":630,\"commentCount\":0,\"publisher\":{\"@id\":\"https:\\\/\\\/diariofemenino.com.ar\\\/df\\\/#organization\"},\"image\":{\"@id\":\"https:\\\/\\\/diariofemenino.com.ar\\\/df\\\/fin-de-semana-de-mujeres-solas-en-el-escenario\\\/#primaryimage\"},\"thumbnailUrl\":\"http:\\\/\\\/www.diariofemenino.com.ar\\\/wp-content\\\/uploads\\\/imagen31.jpg\",\"articleSection\":[\"Actividades\",\"Medios\"],\"inLanguage\":\"es\",\"potentialAction\":[{\"@type\":\"CommentAction\",\"name\":\"Comment\",\"target\":[\"https:\\\/\\\/diariofemenino.com.ar\\\/df\\\/fin-de-semana-de-mujeres-solas-en-el-escenario\\\/#respond\"]}]},{\"@type\":\"WebPage\",\"@id\":\"https:\\\/\\\/diariofemenino.com.ar\\\/df\\\/fin-de-semana-de-mujeres-solas-en-el-escenario\\\/\",\"url\":\"https:\\\/\\\/diariofemenino.com.ar\\\/df\\\/fin-de-semana-de-mujeres-solas-en-el-escenario\\\/\",\"name\":\"Fin de semana de mujeres solas en el escenario - Diario Digital Femenino\",\"isPartOf\":{\"@id\":\"https:\\\/\\\/diariofemenino.com.ar\\\/df\\\/#website\"},\"primaryImageOfPage\":{\"@id\":\"https:\\\/\\\/diariofemenino.com.ar\\\/df\\\/fin-de-semana-de-mujeres-solas-en-el-escenario\\\/#primaryimage\"},\"image\":{\"@id\":\"https:\\\/\\\/diariofemenino.com.ar\\\/df\\\/fin-de-semana-de-mujeres-solas-en-el-escenario\\\/#primaryimage\"},\"thumbnailUrl\":\"http:\\\/\\\/www.diariofemenino.com.ar\\\/wp-content\\\/uploads\\\/imagen31.jpg\",\"datePublished\":\"2012-08-08T17:25:31+00:00\",\"breadcrumb\":{\"@id\":\"https:\\\/\\\/diariofemenino.com.ar\\\/df\\\/fin-de-semana-de-mujeres-solas-en-el-escenario\\\/#breadcrumb\"},\"inLanguage\":\"es\",\"potentialAction\":[{\"@type\":\"ReadAction\",\"target\":[\"https:\\\/\\\/diariofemenino.com.ar\\\/df\\\/fin-de-semana-de-mujeres-solas-en-el-escenario\\\/\"]}]},{\"@type\":\"ImageObject\",\"inLanguage\":\"es\",\"@id\":\"https:\\\/\\\/diariofemenino.com.ar\\\/df\\\/fin-de-semana-de-mujeres-solas-en-el-escenario\\\/#primaryimage\",\"url\":\"http:\\\/\\\/www.diariofemenino.com.ar\\\/wp-content\\\/uploads\\\/imagen31.jpg\",\"contentUrl\":\"http:\\\/\\\/www.diariofemenino.com.ar\\\/wp-content\\\/uploads\\\/imagen31.jpg\"},{\"@type\":\"BreadcrumbList\",\"@id\":\"https:\\\/\\\/diariofemenino.com.ar\\\/df\\\/fin-de-semana-de-mujeres-solas-en-el-escenario\\\/#breadcrumb\",\"itemListElement\":[{\"@type\":\"ListItem\",\"position\":1,\"name\":\"Portada\",\"item\":\"https:\\\/\\\/diariofemenino.com.ar\\\/df\\\/\"},{\"@type\":\"ListItem\",\"position\":2,\"name\":\"Fin de semana de mujeres solas en el escenario\"}]},{\"@type\":\"WebSite\",\"@id\":\"https:\\\/\\\/diariofemenino.com.ar\\\/df\\\/#website\",\"url\":\"https:\\\/\\\/diariofemenino.com.ar\\\/df\\\/\",\"name\":\"Diario Digital Femenino\",\"description\":\"Cuesti\u00f3n de G\u00e9nero\",\"publisher\":{\"@id\":\"https:\\\/\\\/diariofemenino.com.ar\\\/df\\\/#organization\"},\"potentialAction\":[{\"@type\":\"SearchAction\",\"target\":{\"@type\":\"EntryPoint\",\"urlTemplate\":\"https:\\\/\\\/diariofemenino.com.ar\\\/df\\\/?s={search_term_string}\"},\"query-input\":{\"@type\":\"PropertyValueSpecification\",\"valueRequired\":true,\"valueName\":\"search_term_string\"}}],\"inLanguage\":\"es\"},{\"@type\":\"Organization\",\"@id\":\"https:\\\/\\\/diariofemenino.com.ar\\\/df\\\/#organization\",\"name\":\"Diario Femenino\",\"url\":\"https:\\\/\\\/diariofemenino.com.ar\\\/df\\\/\",\"logo\":{\"@type\":\"ImageObject\",\"inLanguage\":\"es\",\"@id\":\"https:\\\/\\\/diariofemenino.com.ar\\\/df\\\/#\\\/schema\\\/logo\\\/image\\\/\",\"url\":\"https:\\\/\\\/diariofemenino.com.ar\\\/df\\\/wp-content\\\/uploads\\\/2018\\\/10\\\/logo.png\",\"contentUrl\":\"https:\\\/\\\/diariofemenino.com.ar\\\/df\\\/wp-content\\\/uploads\\\/2018\\\/10\\\/logo.png\",\"width\":500,\"height\":92,\"caption\":\"Diario Femenino\"},\"image\":{\"@id\":\"https:\\\/\\\/diariofemenino.com.ar\\\/df\\\/#\\\/schema\\\/logo\\\/image\\\/\"},\"sameAs\":[\"https:\\\/\\\/www.facebook.com\\\/DiarioDigitaFemenino\\\/\",\"https:\\\/\\\/x.com\\\/DiarioFemenino1\"]},{\"@type\":\"Person\",\"@id\":\"https:\\\/\\\/diariofemenino.com.ar\\\/df\\\/#\\\/schema\\\/person\\\/38f54b3bfd13f561de2460ba95c169c6\",\"name\":\"Admin\",\"image\":{\"@type\":\"ImageObject\",\"inLanguage\":\"es\",\"@id\":\"https:\\\/\\\/diariofemenino.com.ar\\\/df\\\/wp-content\\\/uploads\\\/2018\\\/12\\\/favicon-150x150.jpg\",\"url\":\"https:\\\/\\\/diariofemenino.com.ar\\\/df\\\/wp-content\\\/uploads\\\/2018\\\/12\\\/favicon-150x150.jpg\",\"contentUrl\":\"https:\\\/\\\/diariofemenino.com.ar\\\/df\\\/wp-content\\\/uploads\\\/2018\\\/12\\\/favicon-150x150.jpg\",\"caption\":\"Admin\"},\"url\":\"https:\\\/\\\/diariofemenino.com.ar\\\/df\\\/author\\\/adm18df\\\/\"}]}<\/script>\n<!-- \/ Yoast SEO plugin. -->","yoast_head_json":{"title":"Fin de semana de mujeres solas en el escenario - Diario Digital Femenino","robots":{"index":"index","follow":"follow","max-snippet":"max-snippet:-1","max-image-preview":"max-image-preview:large","max-video-preview":"max-video-preview:-1"},"canonical":"https:\/\/diariofemenino.com.ar\/df\/fin-de-semana-de-mujeres-solas-en-el-escenario\/","og_locale":"es_ES","og_type":"article","og_title":"Fin de semana de mujeres solas en el escenario - Diario Digital Femenino","og_description":"&nbsp; &nbsp; Se realiza un ciclo de unipersonales femeninos.\u00a0\u00ab\u00a1Mujeres a las tablas!\u00bb se ver\u00e1 de viernes a domingo. &nbsp; Neuqu\u00e9n, 8 de agosto de 2012. \u00a0Cinco actrices. Cinco mujeres. Cinco unipersonales. El pr\u00f3ximo, ser\u00e1 el fin de semana de \u00ab\u00a1Mujeres a las tablas!\u00bb, el ciclo teatral que organiz\u00f3 y dirige Ver\u00f3nica Mart\u00ednez, quien convoc\u00f3 a [&hellip;]","og_url":"https:\/\/diariofemenino.com.ar\/df\/fin-de-semana-de-mujeres-solas-en-el-escenario\/","og_site_name":"Diario Digital Femenino","article_publisher":"https:\/\/www.facebook.com\/DiarioDigitaFemenino\/","article_published_time":"2012-08-08T17:25:31+00:00","og_image":[{"url":"http:\/\/www.diariofemenino.com.ar\/wp-content\/uploads\/imagen31.jpg","type":"","width":"","height":""}],"author":"Admin","twitter_card":"summary_large_image","twitter_creator":"@DiarioFemenino1","twitter_site":"@DiarioFemenino1","twitter_misc":{"Escrito por":"Admin","Tiempo de lectura":"3 minutos"},"schema":{"@context":"https:\/\/schema.org","@graph":[{"@type":"Article","@id":"https:\/\/diariofemenino.com.ar\/df\/fin-de-semana-de-mujeres-solas-en-el-escenario\/#article","isPartOf":{"@id":"https:\/\/diariofemenino.com.ar\/df\/fin-de-semana-de-mujeres-solas-en-el-escenario\/"},"author":{"name":"Admin","@id":"https:\/\/diariofemenino.com.ar\/df\/#\/schema\/person\/38f54b3bfd13f561de2460ba95c169c6"},"headline":"Fin de semana de mujeres solas en el escenario","datePublished":"2012-08-08T17:25:31+00:00","mainEntityOfPage":{"@id":"https:\/\/diariofemenino.com.ar\/df\/fin-de-semana-de-mujeres-solas-en-el-escenario\/"},"wordCount":630,"commentCount":0,"publisher":{"@id":"https:\/\/diariofemenino.com.ar\/df\/#organization"},"image":{"@id":"https:\/\/diariofemenino.com.ar\/df\/fin-de-semana-de-mujeres-solas-en-el-escenario\/#primaryimage"},"thumbnailUrl":"http:\/\/www.diariofemenino.com.ar\/wp-content\/uploads\/imagen31.jpg","articleSection":["Actividades","Medios"],"inLanguage":"es","potentialAction":[{"@type":"CommentAction","name":"Comment","target":["https:\/\/diariofemenino.com.ar\/df\/fin-de-semana-de-mujeres-solas-en-el-escenario\/#respond"]}]},{"@type":"WebPage","@id":"https:\/\/diariofemenino.com.ar\/df\/fin-de-semana-de-mujeres-solas-en-el-escenario\/","url":"https:\/\/diariofemenino.com.ar\/df\/fin-de-semana-de-mujeres-solas-en-el-escenario\/","name":"Fin de semana de mujeres solas en el escenario - Diario Digital Femenino","isPartOf":{"@id":"https:\/\/diariofemenino.com.ar\/df\/#website"},"primaryImageOfPage":{"@id":"https:\/\/diariofemenino.com.ar\/df\/fin-de-semana-de-mujeres-solas-en-el-escenario\/#primaryimage"},"image":{"@id":"https:\/\/diariofemenino.com.ar\/df\/fin-de-semana-de-mujeres-solas-en-el-escenario\/#primaryimage"},"thumbnailUrl":"http:\/\/www.diariofemenino.com.ar\/wp-content\/uploads\/imagen31.jpg","datePublished":"2012-08-08T17:25:31+00:00","breadcrumb":{"@id":"https:\/\/diariofemenino.com.ar\/df\/fin-de-semana-de-mujeres-solas-en-el-escenario\/#breadcrumb"},"inLanguage":"es","potentialAction":[{"@type":"ReadAction","target":["https:\/\/diariofemenino.com.ar\/df\/fin-de-semana-de-mujeres-solas-en-el-escenario\/"]}]},{"@type":"ImageObject","inLanguage":"es","@id":"https:\/\/diariofemenino.com.ar\/df\/fin-de-semana-de-mujeres-solas-en-el-escenario\/#primaryimage","url":"http:\/\/www.diariofemenino.com.ar\/wp-content\/uploads\/imagen31.jpg","contentUrl":"http:\/\/www.diariofemenino.com.ar\/wp-content\/uploads\/imagen31.jpg"},{"@type":"BreadcrumbList","@id":"https:\/\/diariofemenino.com.ar\/df\/fin-de-semana-de-mujeres-solas-en-el-escenario\/#breadcrumb","itemListElement":[{"@type":"ListItem","position":1,"name":"Portada","item":"https:\/\/diariofemenino.com.ar\/df\/"},{"@type":"ListItem","position":2,"name":"Fin de semana de mujeres solas en el escenario"}]},{"@type":"WebSite","@id":"https:\/\/diariofemenino.com.ar\/df\/#website","url":"https:\/\/diariofemenino.com.ar\/df\/","name":"Diario Digital Femenino","description":"Cuesti\u00f3n de G\u00e9nero","publisher":{"@id":"https:\/\/diariofemenino.com.ar\/df\/#organization"},"potentialAction":[{"@type":"SearchAction","target":{"@type":"EntryPoint","urlTemplate":"https:\/\/diariofemenino.com.ar\/df\/?s={search_term_string}"},"query-input":{"@type":"PropertyValueSpecification","valueRequired":true,"valueName":"search_term_string"}}],"inLanguage":"es"},{"@type":"Organization","@id":"https:\/\/diariofemenino.com.ar\/df\/#organization","name":"Diario Femenino","url":"https:\/\/diariofemenino.com.ar\/df\/","logo":{"@type":"ImageObject","inLanguage":"es","@id":"https:\/\/diariofemenino.com.ar\/df\/#\/schema\/logo\/image\/","url":"https:\/\/diariofemenino.com.ar\/df\/wp-content\/uploads\/2018\/10\/logo.png","contentUrl":"https:\/\/diariofemenino.com.ar\/df\/wp-content\/uploads\/2018\/10\/logo.png","width":500,"height":92,"caption":"Diario Femenino"},"image":{"@id":"https:\/\/diariofemenino.com.ar\/df\/#\/schema\/logo\/image\/"},"sameAs":["https:\/\/www.facebook.com\/DiarioDigitaFemenino\/","https:\/\/x.com\/DiarioFemenino1"]},{"@type":"Person","@id":"https:\/\/diariofemenino.com.ar\/df\/#\/schema\/person\/38f54b3bfd13f561de2460ba95c169c6","name":"Admin","image":{"@type":"ImageObject","inLanguage":"es","@id":"https:\/\/diariofemenino.com.ar\/df\/wp-content\/uploads\/2018\/12\/favicon-150x150.jpg","url":"https:\/\/diariofemenino.com.ar\/df\/wp-content\/uploads\/2018\/12\/favicon-150x150.jpg","contentUrl":"https:\/\/diariofemenino.com.ar\/df\/wp-content\/uploads\/2018\/12\/favicon-150x150.jpg","caption":"Admin"},"url":"https:\/\/diariofemenino.com.ar\/df\/author\/adm18df\/"}]}},"jetpack_featured_media_url":"","jetpack_sharing_enabled":true,"rttpg_featured_image_url":null,"rttpg_author":{"display_name":"Admin","author_link":"https:\/\/diariofemenino.com.ar\/df\/author\/adm18df\/"},"rttpg_comment":0,"rttpg_category":"<a href=\"https:\/\/diariofemenino.com.ar\/df\/category\/actividades\/\" rel=\"category tag\">Actividades<\/a> <a href=\"https:\/\/diariofemenino.com.ar\/df\/category\/medios\/\" rel=\"category tag\">Medios<\/a>","rttpg_excerpt":"&nbsp; &nbsp; Se realiza un ciclo de unipersonales femeninos.\u00a0\u00ab\u00a1Mujeres a las tablas!\u00bb se ver\u00e1 de viernes a domingo. &nbsp; Neuqu\u00e9n, 8 de agosto de 2012. \u00a0Cinco actrices. Cinco mujeres. Cinco unipersonales. El pr\u00f3ximo, ser\u00e1 el fin de semana de \u00ab\u00a1Mujeres a las tablas!\u00bb, el ciclo teatral que organiz\u00f3 y dirige Ver\u00f3nica Mart\u00ednez, quien convoc\u00f3 a&hellip;","_links":{"self":[{"href":"https:\/\/diariofemenino.com.ar\/df\/wp-json\/wp\/v2\/posts\/2887","targetHints":{"allow":["GET"]}}],"collection":[{"href":"https:\/\/diariofemenino.com.ar\/df\/wp-json\/wp\/v2\/posts"}],"about":[{"href":"https:\/\/diariofemenino.com.ar\/df\/wp-json\/wp\/v2\/types\/post"}],"author":[{"embeddable":true,"href":"https:\/\/diariofemenino.com.ar\/df\/wp-json\/wp\/v2\/users\/1"}],"replies":[{"embeddable":true,"href":"https:\/\/diariofemenino.com.ar\/df\/wp-json\/wp\/v2\/comments?post=2887"}],"version-history":[{"count":0,"href":"https:\/\/diariofemenino.com.ar\/df\/wp-json\/wp\/v2\/posts\/2887\/revisions"}],"wp:attachment":[{"href":"https:\/\/diariofemenino.com.ar\/df\/wp-json\/wp\/v2\/media?parent=2887"}],"wp:term":[{"taxonomy":"category","embeddable":true,"href":"https:\/\/diariofemenino.com.ar\/df\/wp-json\/wp\/v2\/categories?post=2887"},{"taxonomy":"post_tag","embeddable":true,"href":"https:\/\/diariofemenino.com.ar\/df\/wp-json\/wp\/v2\/tags?post=2887"}],"curies":[{"name":"wp","href":"https:\/\/api.w.org\/{rel}","templated":true}]}}