{"id":28854,"date":"2017-08-01T08:10:13","date_gmt":"2017-08-01T11:10:13","guid":{"rendered":"http:\/\/diariofemenino.com.ar\/v2\/?p=28854"},"modified":"2017-08-01T08:10:13","modified_gmt":"2017-08-01T11:10:13","slug":"corre-juana-corre","status":"publish","type":"post","link":"https:\/\/diariofemenino.com.ar\/df\/corre-juana-corre\/","title":{"rendered":"Corre Juana, corre"},"content":{"rendered":"<p>Te estar\u00e9 esperando en mi casa, como en la de mis vecinas, mis familiares, en Espa\u00f1a toda, pues el mundo entero ya sabe que las mujeres nos hemos grabado a fuego \u201cJuana est\u00e1 en mi casa\u201d, y es hoy por ti, y ma\u00f1ana lo ser\u00e1 por todas las Juanas que buscan proteger a sus hijos de progenitores maltratadores, violentos y abusadores.<br \/>\nPor\u00a0<strong>Norma Graciela Chiaparrone<\/strong><\/p>\n<div class=\"_2cuy _3dgx _2vxa\">\nCorre Juana, corre, porque en esta carrera no est\u00e1s sola, nunca m\u00e1s estar\u00e1s sola, ni t\u00fa ni las otras madres protectoras que deben desobedecer con todo su derecho la ley injusta, y las decisiones judiciales de una magistratura que usa el poder de la toga para mantener sus privilegios, y servir a los poderosos.\n<\/div>\n<div class=\"_2cuy _3dgx _2vxa\"><\/div>\n<div class=\"_2cuy _3dgx _2vxa\">\nCorre Juana, corre, que la sororidad feminista hoy est\u00e1 al tope, y porque no eres t\u00fa, ni yo, ni aquellas otras, ni ellas, somos todas dando batalla contra el patriarcado, que ha propiciado, alentado y protegido la violencia contra las mujeres, y ahora usa a nuestros hijos e hijas para someternos, para doblegarnos, para mantenernos en un continuo estado de dominaci\u00f3n para su mis\u00f3gino provecho soez y fraudulento.\n<\/div>\n<div class=\"_2cuy _3dgx _2vxa\"><\/div>\n<div class=\"_2cuy _3dgx _2vxa\">\nCorre Juana, corre. Esta carrera se gana o se gana, no entregaremos nunca m\u00e1s deshechas en l\u00e1grimas a nuestros ni\u00f1os y ni\u00f1as, no podr\u00e1n con nosotras, nuestra fuerza y nuestras convicciones. Que ac\u00e1 se ha dado por tierra el \u201cTeorema de Serrano\u201d y ese ser\u00e1 el destino de todo magistrado y magistrada que quiera hacerse con nuestras cabezas y la de nuestra prole, y ya nunca podr\u00e1n usar la toga para servir al patriarcado.\n<\/div>\n<div class=\"_2cuy _3dgx _2vxa\"><\/div>\n<div class=\"_2cuy _3dgx _2vxa\">\nCorre Juana, corre. Ser\u00e1s libre t\u00fa y tus ni\u00f1os, todas seremos libres al fin porque han pasado ya demasiadas veces unas l\u00edneas rojas que han permitido palizas, quemaduras, mutilaciones y hasta han llegado al femicido, y luego han seguido asesinando a nuestros hijos e hijas tambi\u00e9n para hacernos escarmentar, para pegar d\u00f3nde m\u00e1s nos duele.\n<\/div>\n<div class=\"_2cuy _3dgx _2vxa\"><\/div>\n<div class=\"_2cuy _3dgx _2vxa\">\nCorre Juana, corre, porque esta vez Salom\u00f3n ser\u00e1 vencido, va a quedar desnudo ante los millones de mujeres del mundo, pues como dice la maestra Celia Amor\u00f3s Salom\u00f3n no era sabio, sus palabras y el alcance de su significado, no son m\u00e1s que la construcci\u00f3n de una sentencia patriarcal, expresi\u00f3n del poder hist\u00f3rico de los varones, que nos han inoculado para hacernos creer que aquella es la verdadera sabidur\u00eda y que es sabio quien la dictamina. Pues no, esta vez los Serranos iran a la cola de los parados, porque deber\u00e1n abandonar la Justicia, ya no hay lugar para ellos.\n<\/div>\n<div class=\"_2cuy _3dgx _2vxa\"><\/div>\n<div class=\"_2cuy _3dgx _2vxa\">\nPara seguir, porque esto no termina ac\u00e1, al interrogante de mi querida maestra <a class=\"_2u0z\" href=\"https:\/\/www.facebook.com\/rosa.cobobedia\" data-hovercard=\"\/ajax\/hovercard\/user.php?id=100006058260362\" data-hovercard-prefer-more-content-show=\"1\">Rosa Cobo Bedia<\/a> si el gigante que es el patriarcado tiene lo pies de barro, junto a ella yo digo tenemos la posibilidad de escribir nuestro futuro. Y ese futuro es nuestro, es feminista.\n<\/div>\n<div class=\"_2cuy _3dgx _2vxa\"><\/div>\n<div class=\"_2cuy _3dgx _2vxa\">Corre Juana, corre, la meta est\u00e1 cerca.<\/div>\n","protected":false},"excerpt":{"rendered":"<p>Te estar\u00e9 esperando en mi casa, como en la de mis vecinas, mis familiares, en Espa\u00f1a toda, pues el mundo entero ya sabe que las mujeres nos hemos grabado a fuego \u201cJuana est\u00e1 en mi casa\u201d, y es hoy por ti, y ma\u00f1ana lo ser\u00e1 por todas las Juanas que buscan proteger a sus hijos [&hellip;]<\/p>\n","protected":false},"author":1,"featured_media":28855,"comment_status":"closed","ping_status":"closed","sticky":false,"template":"","format":"standard","meta":{"iawp_total_views":7,"footnotes":""},"categories":[7,6],"tags":[53,57,30,457,39,102],"class_list":["post-28854","post","type-post","status-publish","format-standard","has-post-thumbnail","hentry","category-actividades","category-articulos","tag-derechos-de-las-mujeres","tag-derechos-de-ninxs","tag-derechos-humanos","tag-juana","tag-justicia","tag-ninez-y-adolescencia"],"nelio_content":{"autoShareEndMode":"never","automationSources":{"useCustomSentences":false,"customSentences":[]},"efiAlt":"","efiUrl":"","followers":[],"highlights":[],"isAutoShareEnabled":true,"networkImageIds":[],"permalinkQueryArgs":[],"series":[],"suggestedReferences":[]},"yoast_head":"<!-- This site is optimized with the Yoast SEO plugin v27.5 - https:\/\/yoast.com\/product\/yoast-seo-wordpress\/ -->\n<title>Corre Juana, corre - Diario Digital Femenino<\/title>\n<meta name=\"robots\" content=\"index, follow, max-snippet:-1, max-image-preview:large, max-video-preview:-1\" \/>\n<link rel=\"canonical\" href=\"https:\/\/diariofemenino.com.ar\/df\/corre-juana-corre\/\" \/>\n<meta property=\"og:locale\" content=\"es_ES\" \/>\n<meta property=\"og:type\" content=\"article\" \/>\n<meta property=\"og:title\" content=\"Corre Juana, corre - Diario Digital Femenino\" \/>\n<meta property=\"og:description\" content=\"Te estar\u00e9 esperando en mi casa, como en la de mis vecinas, mis familiares, en Espa\u00f1a toda, pues el mundo entero ya sabe que las mujeres nos hemos grabado a fuego \u201cJuana est\u00e1 en mi casa\u201d, y es hoy por ti, y ma\u00f1ana lo ser\u00e1 por todas las Juanas que buscan proteger a sus hijos [&hellip;]\" \/>\n<meta property=\"og:url\" content=\"https:\/\/diariofemenino.com.ar\/df\/corre-juana-corre\/\" \/>\n<meta property=\"og:site_name\" content=\"Diario Digital Femenino\" \/>\n<meta property=\"article:publisher\" content=\"https:\/\/www.facebook.com\/DiarioDigitaFemenino\/\" \/>\n<meta property=\"article:published_time\" content=\"2017-08-01T11:10:13+00:00\" \/>\n<meta property=\"og:image\" content=\"https:\/\/diariofemenino.com.ar\/df\/wp-content\/uploads\/2017\/08\/Juana-1.jpg\" \/>\n\t<meta property=\"og:image:width\" content=\"977\" \/>\n\t<meta property=\"og:image:height\" content=\"359\" \/>\n\t<meta property=\"og:image:type\" content=\"image\/jpeg\" \/>\n<meta name=\"author\" content=\"Admin\" \/>\n<meta name=\"twitter:card\" content=\"summary_large_image\" \/>\n<meta name=\"twitter:creator\" content=\"@DiarioFemenino1\" \/>\n<meta name=\"twitter:site\" content=\"@DiarioFemenino1\" \/>\n<meta name=\"twitter:label1\" content=\"Escrito por\" \/>\n\t<meta name=\"twitter:data1\" content=\"Admin\" \/>\n\t<meta name=\"twitter:label2\" content=\"Tiempo de lectura\" \/>\n\t<meta name=\"twitter:data2\" content=\"2 minutos\" \/>\n<script type=\"application\/ld+json\" class=\"yoast-schema-graph\">{\"@context\":\"https:\\\/\\\/schema.org\",\"@graph\":[{\"@type\":\"Article\",\"@id\":\"https:\\\/\\\/diariofemenino.com.ar\\\/df\\\/corre-juana-corre\\\/#article\",\"isPartOf\":{\"@id\":\"https:\\\/\\\/diariofemenino.com.ar\\\/df\\\/corre-juana-corre\\\/\"},\"author\":{\"name\":\"Admin\",\"@id\":\"https:\\\/\\\/diariofemenino.com.ar\\\/df\\\/#\\\/schema\\\/person\\\/38f54b3bfd13f561de2460ba95c169c6\"},\"headline\":\"Corre Juana, corre\",\"datePublished\":\"2017-08-01T11:10:13+00:00\",\"mainEntityOfPage\":{\"@id\":\"https:\\\/\\\/diariofemenino.com.ar\\\/df\\\/corre-juana-corre\\\/\"},\"wordCount\":501,\"publisher\":{\"@id\":\"https:\\\/\\\/diariofemenino.com.ar\\\/df\\\/#organization\"},\"image\":{\"@id\":\"https:\\\/\\\/diariofemenino.com.ar\\\/df\\\/corre-juana-corre\\\/#primaryimage\"},\"thumbnailUrl\":\"https:\\\/\\\/diariofemenino.com.ar\\\/df\\\/wp-content\\\/uploads\\\/2017\\\/08\\\/Juana-1.jpg\",\"keywords\":[\"Derechos de las mujeres\",\"Derechos de ni\u00f1xs\",\"Derechos Humanos\",\"Juana\",\"Justicia\",\"Ni\u00f1ez y Adolescencia\"],\"articleSection\":[\"Actividades\",\"Mujeres en Palabras\"],\"inLanguage\":\"es\"},{\"@type\":\"WebPage\",\"@id\":\"https:\\\/\\\/diariofemenino.com.ar\\\/df\\\/corre-juana-corre\\\/\",\"url\":\"https:\\\/\\\/diariofemenino.com.ar\\\/df\\\/corre-juana-corre\\\/\",\"name\":\"Corre Juana, corre - Diario Digital Femenino\",\"isPartOf\":{\"@id\":\"https:\\\/\\\/diariofemenino.com.ar\\\/df\\\/#website\"},\"primaryImageOfPage\":{\"@id\":\"https:\\\/\\\/diariofemenino.com.ar\\\/df\\\/corre-juana-corre\\\/#primaryimage\"},\"image\":{\"@id\":\"https:\\\/\\\/diariofemenino.com.ar\\\/df\\\/corre-juana-corre\\\/#primaryimage\"},\"thumbnailUrl\":\"https:\\\/\\\/diariofemenino.com.ar\\\/df\\\/wp-content\\\/uploads\\\/2017\\\/08\\\/Juana-1.jpg\",\"datePublished\":\"2017-08-01T11:10:13+00:00\",\"breadcrumb\":{\"@id\":\"https:\\\/\\\/diariofemenino.com.ar\\\/df\\\/corre-juana-corre\\\/#breadcrumb\"},\"inLanguage\":\"es\",\"potentialAction\":[{\"@type\":\"ReadAction\",\"target\":[\"https:\\\/\\\/diariofemenino.com.ar\\\/df\\\/corre-juana-corre\\\/\"]}]},{\"@type\":\"ImageObject\",\"inLanguage\":\"es\",\"@id\":\"https:\\\/\\\/diariofemenino.com.ar\\\/df\\\/corre-juana-corre\\\/#primaryimage\",\"url\":\"https:\\\/\\\/diariofemenino.com.ar\\\/df\\\/wp-content\\\/uploads\\\/2017\\\/08\\\/Juana-1.jpg\",\"contentUrl\":\"https:\\\/\\\/diariofemenino.com.ar\\\/df\\\/wp-content\\\/uploads\\\/2017\\\/08\\\/Juana-1.jpg\",\"width\":977,\"height\":359},{\"@type\":\"BreadcrumbList\",\"@id\":\"https:\\\/\\\/diariofemenino.com.ar\\\/df\\\/corre-juana-corre\\\/#breadcrumb\",\"itemListElement\":[{\"@type\":\"ListItem\",\"position\":1,\"name\":\"Portada\",\"item\":\"https:\\\/\\\/diariofemenino.com.ar\\\/df\\\/\"},{\"@type\":\"ListItem\",\"position\":2,\"name\":\"Corre Juana, corre\"}]},{\"@type\":\"WebSite\",\"@id\":\"https:\\\/\\\/diariofemenino.com.ar\\\/df\\\/#website\",\"url\":\"https:\\\/\\\/diariofemenino.com.ar\\\/df\\\/\",\"name\":\"Diario Digital Femenino\",\"description\":\"Cuesti\u00f3n de G\u00e9nero\",\"publisher\":{\"@id\":\"https:\\\/\\\/diariofemenino.com.ar\\\/df\\\/#organization\"},\"potentialAction\":[{\"@type\":\"SearchAction\",\"target\":{\"@type\":\"EntryPoint\",\"urlTemplate\":\"https:\\\/\\\/diariofemenino.com.ar\\\/df\\\/?s={search_term_string}\"},\"query-input\":{\"@type\":\"PropertyValueSpecification\",\"valueRequired\":true,\"valueName\":\"search_term_string\"}}],\"inLanguage\":\"es\"},{\"@type\":\"Organization\",\"@id\":\"https:\\\/\\\/diariofemenino.com.ar\\\/df\\\/#organization\",\"name\":\"Diario Femenino\",\"url\":\"https:\\\/\\\/diariofemenino.com.ar\\\/df\\\/\",\"logo\":{\"@type\":\"ImageObject\",\"inLanguage\":\"es\",\"@id\":\"https:\\\/\\\/diariofemenino.com.ar\\\/df\\\/#\\\/schema\\\/logo\\\/image\\\/\",\"url\":\"https:\\\/\\\/diariofemenino.com.ar\\\/df\\\/wp-content\\\/uploads\\\/2018\\\/10\\\/logo.png\",\"contentUrl\":\"https:\\\/\\\/diariofemenino.com.ar\\\/df\\\/wp-content\\\/uploads\\\/2018\\\/10\\\/logo.png\",\"width\":500,\"height\":92,\"caption\":\"Diario Femenino\"},\"image\":{\"@id\":\"https:\\\/\\\/diariofemenino.com.ar\\\/df\\\/#\\\/schema\\\/logo\\\/image\\\/\"},\"sameAs\":[\"https:\\\/\\\/www.facebook.com\\\/DiarioDigitaFemenino\\\/\",\"https:\\\/\\\/x.com\\\/DiarioFemenino1\"]},{\"@type\":\"Person\",\"@id\":\"https:\\\/\\\/diariofemenino.com.ar\\\/df\\\/#\\\/schema\\\/person\\\/38f54b3bfd13f561de2460ba95c169c6\",\"name\":\"Admin\",\"image\":{\"@type\":\"ImageObject\",\"inLanguage\":\"es\",\"@id\":\"https:\\\/\\\/diariofemenino.com.ar\\\/df\\\/wp-content\\\/uploads\\\/2018\\\/12\\\/favicon-150x150.jpg\",\"url\":\"https:\\\/\\\/diariofemenino.com.ar\\\/df\\\/wp-content\\\/uploads\\\/2018\\\/12\\\/favicon-150x150.jpg\",\"contentUrl\":\"https:\\\/\\\/diariofemenino.com.ar\\\/df\\\/wp-content\\\/uploads\\\/2018\\\/12\\\/favicon-150x150.jpg\",\"caption\":\"Admin\"},\"url\":\"https:\\\/\\\/diariofemenino.com.ar\\\/df\\\/author\\\/adm18df\\\/\"}]}<\/script>\n<!-- \/ Yoast SEO plugin. -->","yoast_head_json":{"title":"Corre Juana, corre - Diario Digital Femenino","robots":{"index":"index","follow":"follow","max-snippet":"max-snippet:-1","max-image-preview":"max-image-preview:large","max-video-preview":"max-video-preview:-1"},"canonical":"https:\/\/diariofemenino.com.ar\/df\/corre-juana-corre\/","og_locale":"es_ES","og_type":"article","og_title":"Corre Juana, corre - Diario Digital Femenino","og_description":"Te estar\u00e9 esperando en mi casa, como en la de mis vecinas, mis familiares, en Espa\u00f1a toda, pues el mundo entero ya sabe que las mujeres nos hemos grabado a fuego \u201cJuana est\u00e1 en mi casa\u201d, y es hoy por ti, y ma\u00f1ana lo ser\u00e1 por todas las Juanas que buscan proteger a sus hijos [&hellip;]","og_url":"https:\/\/diariofemenino.com.ar\/df\/corre-juana-corre\/","og_site_name":"Diario Digital Femenino","article_publisher":"https:\/\/www.facebook.com\/DiarioDigitaFemenino\/","article_published_time":"2017-08-01T11:10:13+00:00","og_image":[{"width":977,"height":359,"url":"https:\/\/diariofemenino.com.ar\/df\/wp-content\/uploads\/2017\/08\/Juana-1.jpg","type":"image\/jpeg"}],"author":"Admin","twitter_card":"summary_large_image","twitter_creator":"@DiarioFemenino1","twitter_site":"@DiarioFemenino1","twitter_misc":{"Escrito por":"Admin","Tiempo de lectura":"2 minutos"},"schema":{"@context":"https:\/\/schema.org","@graph":[{"@type":"Article","@id":"https:\/\/diariofemenino.com.ar\/df\/corre-juana-corre\/#article","isPartOf":{"@id":"https:\/\/diariofemenino.com.ar\/df\/corre-juana-corre\/"},"author":{"name":"Admin","@id":"https:\/\/diariofemenino.com.ar\/df\/#\/schema\/person\/38f54b3bfd13f561de2460ba95c169c6"},"headline":"Corre Juana, corre","datePublished":"2017-08-01T11:10:13+00:00","mainEntityOfPage":{"@id":"https:\/\/diariofemenino.com.ar\/df\/corre-juana-corre\/"},"wordCount":501,"publisher":{"@id":"https:\/\/diariofemenino.com.ar\/df\/#organization"},"image":{"@id":"https:\/\/diariofemenino.com.ar\/df\/corre-juana-corre\/#primaryimage"},"thumbnailUrl":"https:\/\/diariofemenino.com.ar\/df\/wp-content\/uploads\/2017\/08\/Juana-1.jpg","keywords":["Derechos de las mujeres","Derechos de ni\u00f1xs","Derechos Humanos","Juana","Justicia","Ni\u00f1ez y Adolescencia"],"articleSection":["Actividades","Mujeres en Palabras"],"inLanguage":"es"},{"@type":"WebPage","@id":"https:\/\/diariofemenino.com.ar\/df\/corre-juana-corre\/","url":"https:\/\/diariofemenino.com.ar\/df\/corre-juana-corre\/","name":"Corre Juana, corre - Diario Digital Femenino","isPartOf":{"@id":"https:\/\/diariofemenino.com.ar\/df\/#website"},"primaryImageOfPage":{"@id":"https:\/\/diariofemenino.com.ar\/df\/corre-juana-corre\/#primaryimage"},"image":{"@id":"https:\/\/diariofemenino.com.ar\/df\/corre-juana-corre\/#primaryimage"},"thumbnailUrl":"https:\/\/diariofemenino.com.ar\/df\/wp-content\/uploads\/2017\/08\/Juana-1.jpg","datePublished":"2017-08-01T11:10:13+00:00","breadcrumb":{"@id":"https:\/\/diariofemenino.com.ar\/df\/corre-juana-corre\/#breadcrumb"},"inLanguage":"es","potentialAction":[{"@type":"ReadAction","target":["https:\/\/diariofemenino.com.ar\/df\/corre-juana-corre\/"]}]},{"@type":"ImageObject","inLanguage":"es","@id":"https:\/\/diariofemenino.com.ar\/df\/corre-juana-corre\/#primaryimage","url":"https:\/\/diariofemenino.com.ar\/df\/wp-content\/uploads\/2017\/08\/Juana-1.jpg","contentUrl":"https:\/\/diariofemenino.com.ar\/df\/wp-content\/uploads\/2017\/08\/Juana-1.jpg","width":977,"height":359},{"@type":"BreadcrumbList","@id":"https:\/\/diariofemenino.com.ar\/df\/corre-juana-corre\/#breadcrumb","itemListElement":[{"@type":"ListItem","position":1,"name":"Portada","item":"https:\/\/diariofemenino.com.ar\/df\/"},{"@type":"ListItem","position":2,"name":"Corre Juana, corre"}]},{"@type":"WebSite","@id":"https:\/\/diariofemenino.com.ar\/df\/#website","url":"https:\/\/diariofemenino.com.ar\/df\/","name":"Diario Digital Femenino","description":"Cuesti\u00f3n de G\u00e9nero","publisher":{"@id":"https:\/\/diariofemenino.com.ar\/df\/#organization"},"potentialAction":[{"@type":"SearchAction","target":{"@type":"EntryPoint","urlTemplate":"https:\/\/diariofemenino.com.ar\/df\/?s={search_term_string}"},"query-input":{"@type":"PropertyValueSpecification","valueRequired":true,"valueName":"search_term_string"}}],"inLanguage":"es"},{"@type":"Organization","@id":"https:\/\/diariofemenino.com.ar\/df\/#organization","name":"Diario Femenino","url":"https:\/\/diariofemenino.com.ar\/df\/","logo":{"@type":"ImageObject","inLanguage":"es","@id":"https:\/\/diariofemenino.com.ar\/df\/#\/schema\/logo\/image\/","url":"https:\/\/diariofemenino.com.ar\/df\/wp-content\/uploads\/2018\/10\/logo.png","contentUrl":"https:\/\/diariofemenino.com.ar\/df\/wp-content\/uploads\/2018\/10\/logo.png","width":500,"height":92,"caption":"Diario Femenino"},"image":{"@id":"https:\/\/diariofemenino.com.ar\/df\/#\/schema\/logo\/image\/"},"sameAs":["https:\/\/www.facebook.com\/DiarioDigitaFemenino\/","https:\/\/x.com\/DiarioFemenino1"]},{"@type":"Person","@id":"https:\/\/diariofemenino.com.ar\/df\/#\/schema\/person\/38f54b3bfd13f561de2460ba95c169c6","name":"Admin","image":{"@type":"ImageObject","inLanguage":"es","@id":"https:\/\/diariofemenino.com.ar\/df\/wp-content\/uploads\/2018\/12\/favicon-150x150.jpg","url":"https:\/\/diariofemenino.com.ar\/df\/wp-content\/uploads\/2018\/12\/favicon-150x150.jpg","contentUrl":"https:\/\/diariofemenino.com.ar\/df\/wp-content\/uploads\/2018\/12\/favicon-150x150.jpg","caption":"Admin"},"url":"https:\/\/diariofemenino.com.ar\/df\/author\/adm18df\/"}]}},"jetpack_featured_media_url":"https:\/\/diariofemenino.com.ar\/df\/wp-content\/uploads\/2017\/08\/Juana-1.jpg","jetpack_sharing_enabled":true,"rttpg_featured_image_url":{"full":["https:\/\/diariofemenino.com.ar\/df\/wp-content\/uploads\/2017\/08\/Juana-1.jpg",977,359,false],"landscape":["https:\/\/diariofemenino.com.ar\/df\/wp-content\/uploads\/2017\/08\/Juana-1.jpg",977,359,false],"portraits":["https:\/\/diariofemenino.com.ar\/df\/wp-content\/uploads\/2017\/08\/Juana-1.jpg",977,359,false],"thumbnail":["https:\/\/diariofemenino.com.ar\/df\/wp-content\/uploads\/2017\/08\/Juana-1-150x150.jpg",150,150,true],"medium":["https:\/\/diariofemenino.com.ar\/df\/wp-content\/uploads\/2017\/08\/Juana-1-300x110.jpg",300,110,true],"large":["https:\/\/diariofemenino.com.ar\/df\/wp-content\/uploads\/2017\/08\/Juana-1.jpg",977,359,false],"1536x1536":["https:\/\/diariofemenino.com.ar\/df\/wp-content\/uploads\/2017\/08\/Juana-1.jpg",977,359,false],"2048x2048":["https:\/\/diariofemenino.com.ar\/df\/wp-content\/uploads\/2017\/08\/Juana-1.jpg",977,359,false]},"rttpg_author":{"display_name":"Admin","author_link":"https:\/\/diariofemenino.com.ar\/df\/author\/adm18df\/"},"rttpg_comment":0,"rttpg_category":"<a href=\"https:\/\/diariofemenino.com.ar\/df\/category\/actividades\/\" rel=\"category tag\">Actividades<\/a> <a href=\"https:\/\/diariofemenino.com.ar\/df\/category\/articulos\/\" rel=\"category tag\">Mujeres en Palabras<\/a>","rttpg_excerpt":"Te estar\u00e9 esperando en mi casa, como en la de mis vecinas, mis familiares, en Espa\u00f1a toda, pues el mundo entero ya sabe que las mujeres nos hemos grabado a fuego \u201cJuana est\u00e1 en mi casa\u201d, y es hoy por ti, y ma\u00f1ana lo ser\u00e1 por todas las Juanas que buscan proteger a sus hijos&hellip;","_links":{"self":[{"href":"https:\/\/diariofemenino.com.ar\/df\/wp-json\/wp\/v2\/posts\/28854","targetHints":{"allow":["GET"]}}],"collection":[{"href":"https:\/\/diariofemenino.com.ar\/df\/wp-json\/wp\/v2\/posts"}],"about":[{"href":"https:\/\/diariofemenino.com.ar\/df\/wp-json\/wp\/v2\/types\/post"}],"author":[{"embeddable":true,"href":"https:\/\/diariofemenino.com.ar\/df\/wp-json\/wp\/v2\/users\/1"}],"replies":[{"embeddable":true,"href":"https:\/\/diariofemenino.com.ar\/df\/wp-json\/wp\/v2\/comments?post=28854"}],"version-history":[{"count":0,"href":"https:\/\/diariofemenino.com.ar\/df\/wp-json\/wp\/v2\/posts\/28854\/revisions"}],"wp:featuredmedia":[{"embeddable":true,"href":"https:\/\/diariofemenino.com.ar\/df\/wp-json\/wp\/v2\/media\/28855"}],"wp:attachment":[{"href":"https:\/\/diariofemenino.com.ar\/df\/wp-json\/wp\/v2\/media?parent=28854"}],"wp:term":[{"taxonomy":"category","embeddable":true,"href":"https:\/\/diariofemenino.com.ar\/df\/wp-json\/wp\/v2\/categories?post=28854"},{"taxonomy":"post_tag","embeddable":true,"href":"https:\/\/diariofemenino.com.ar\/df\/wp-json\/wp\/v2\/tags?post=28854"}],"curies":[{"name":"wp","href":"https:\/\/api.w.org\/{rel}","templated":true}]}}