{"id":2883,"date":"2012-08-08T09:04:17","date_gmt":"2012-08-08T12:04:17","guid":{"rendered":"http:\/\/www.diariofemenino.com.ar\/?p=2883"},"modified":"2012-08-08T09:04:17","modified_gmt":"2012-08-08T12:04:17","slug":"mujeres-jujenas-abordaran-la-trata-de-personas-en-encuentro-internacional-en-chile","status":"publish","type":"post","link":"https:\/\/diariofemenino.com.ar\/df\/mujeres-jujenas-abordaran-la-trata-de-personas-en-encuentro-internacional-en-chile\/","title":{"rendered":"Mujeres juje\u00f1as abordar\u00e1n la Trata de Personas en encuentro internacional en Chile"},"content":{"rendered":"<p>&nbsp;<br \/>\n&nbsp;<br \/>\n<em> En la sala de situaci\u00f3n del Ministerio de Desarrollo Social de la Provincia, se realiz\u00f3 esta ma\u00f1ana, una reuni\u00f3n de mujeres juje\u00f1as pertenecientes a distintas organizaciones sociales y organismos de los tres poderes de la Provincia, con el fin de delinear su participaci\u00f3n en el Encuentro Internacional de Mujeres del Norte de Chile y de las Provincias del NOA Argentina, el cual se realizar\u00e1 el <strong>3 y 4 de septiembre<\/strong> pr\u00f3ximo en Antofagasta, Chile.<\/em><br \/>\n<a href=\"http:\/\/www.diariofemenino.com.ar\/wp-content\/uploads\/7736635626_b4321304c2_o.jpg\"><img loading=\"lazy\" decoding=\"async\" class=\"alignleft size-full wp-image-2884\" src=\"http:\/\/www.diariofemenino.com.ar\/wp-content\/uploads\/7736635626_b4321304c2_o.jpg\" alt=\"\" width=\"600\" height=\"425\" \/><\/a><br \/>\n&nbsp;<br \/>\nLa reuni\u00f3n surgi\u00f3 como iniciativa de la diputada nacional Mariela Ortiz con motivo de la invitaci\u00f3n realizada por el coordinador de la Unidad Regional de Asuntos Internacionales ZICOSUR el 30 de julio pasado.<br \/>\nConformaron la mesa de trabajo, la titular del Juzgado de Menores N\u00ba 1, Pilar Medina; la diputada provincial Eva Cruz; la coordinadora del Consejo Provincial de Juventud, Silvina Sadir; la coordinadora del Consejo Provincial de la Mujer, Liliana Dom\u00ednguez; la secretaria de Derechos Humanos de la Provincia, Natacha Freijo y representantes de la Asociaci\u00f3n Civil Contacto Norte, de las fundaciones \u201cPilar Berm\u00fadez\u201d, Carmo Lamas (de Perico), Miriam Cossio (de UPCN) y de la Red de Mujeres Solidarias (de Palpal\u00e1).<br \/>\nEl tema que convoc\u00f3 a las mujeres juje\u00f1as fue la sensibilizaci\u00f3n sobre la prevenci\u00f3n de la trata de personas, el que ser\u00e1 abordado en el mencionado Encuentro Internacional de Mujeres, entre otros temas.<br \/>\nLa trata de personas es un delito con implicancias internacionales, que afecta principalmente a las provincias del Noroeste por su situaci\u00f3n de frontera, lo que obliga a establecer estrategias conjuntas y esfuerzos mancomunados de las instituciones, organismos, poderes estatales y organizaciones sociales de ambos pa\u00edses.<br \/>\n&nbsp;<br \/>\n&nbsp;<br \/>\n&nbsp;<br \/>\nFuente: <a href=\"http:\/\/www.ellibertario.com\/2012\/08\/07\/mujeres-jujenas-abordaran-la-trata-de-personas-en-encuentro-internacional-en-chile\/\" target=\"_blank\">\u00a0El Libertario<\/a><\/p>\n","protected":false},"excerpt":{"rendered":"<p>&nbsp; &nbsp; En la sala de situaci\u00f3n del Ministerio de Desarrollo Social de la Provincia, se realiz\u00f3 esta ma\u00f1ana, una reuni\u00f3n de mujeres juje\u00f1as pertenecientes a distintas organizaciones sociales y organismos de los tres poderes de la Provincia, con el fin de delinear su participaci\u00f3n en el Encuentro Internacional de Mujeres del Norte de Chile [&hellip;]<\/p>\n","protected":false},"author":1,"featured_media":0,"comment_status":"open","ping_status":"open","sticky":false,"template":"","format":"standard","meta":{"iawp_total_views":4,"footnotes":""},"categories":[3,4,15],"tags":[],"class_list":["post-2883","post","type-post","status-publish","format-standard","hentry","category-de-la-revolucion-al-reaprendizaje","category-medios","category-trata-de-personas"],"nelio_content":{"autoShareEndMode":"never","automationSources":{"useCustomSentences":false,"customSentences":[]},"efiAlt":"","efiUrl":"","followers":[],"highlights":[],"isAutoShareEnabled":true,"networkImageIds":[],"permalinkQueryArgs":[],"series":[],"suggestedReferences":[]},"yoast_head":"<!-- This site is optimized with the Yoast SEO plugin v27.4 - https:\/\/yoast.com\/product\/yoast-seo-wordpress\/ -->\n<title>Mujeres juje\u00f1as abordar\u00e1n la Trata de Personas en encuentro internacional en Chile - Diario Digital Femenino<\/title>\n<meta name=\"robots\" content=\"index, follow, max-snippet:-1, max-image-preview:large, max-video-preview:-1\" \/>\n<link rel=\"canonical\" href=\"https:\/\/diariofemenino.com.ar\/df\/mujeres-jujenas-abordaran-la-trata-de-personas-en-encuentro-internacional-en-chile\/\" \/>\n<meta property=\"og:locale\" content=\"es_ES\" \/>\n<meta property=\"og:type\" content=\"article\" \/>\n<meta property=\"og:title\" content=\"Mujeres juje\u00f1as abordar\u00e1n la Trata de Personas en encuentro internacional en Chile - Diario Digital Femenino\" \/>\n<meta property=\"og:description\" content=\"&nbsp; &nbsp; En la sala de situaci\u00f3n del Ministerio de Desarrollo Social de la Provincia, se realiz\u00f3 esta ma\u00f1ana, una reuni\u00f3n de mujeres juje\u00f1as pertenecientes a distintas organizaciones sociales y organismos de los tres poderes de la Provincia, con el fin de delinear su participaci\u00f3n en el Encuentro Internacional de Mujeres del Norte de Chile [&hellip;]\" \/>\n<meta property=\"og:url\" content=\"https:\/\/diariofemenino.com.ar\/df\/mujeres-jujenas-abordaran-la-trata-de-personas-en-encuentro-internacional-en-chile\/\" \/>\n<meta property=\"og:site_name\" content=\"Diario Digital Femenino\" \/>\n<meta property=\"article:publisher\" content=\"https:\/\/www.facebook.com\/DiarioDigitaFemenino\/\" \/>\n<meta property=\"article:published_time\" content=\"2012-08-08T12:04:17+00:00\" \/>\n<meta property=\"og:image\" content=\"http:\/\/www.diariofemenino.com.ar\/wp-content\/uploads\/7736635626_b4321304c2_o.jpg\" \/>\n<meta name=\"author\" content=\"Admin\" \/>\n<meta name=\"twitter:card\" content=\"summary_large_image\" \/>\n<meta name=\"twitter:creator\" content=\"@DiarioFemenino1\" \/>\n<meta name=\"twitter:site\" content=\"@DiarioFemenino1\" \/>\n<meta name=\"twitter:label1\" content=\"Escrito por\" \/>\n\t<meta name=\"twitter:data1\" content=\"Admin\" \/>\n\t<meta name=\"twitter:label2\" content=\"Tiempo de lectura\" \/>\n\t<meta name=\"twitter:data2\" content=\"1 minuto\" \/>\n<script type=\"application\/ld+json\" class=\"yoast-schema-graph\">{\"@context\":\"https:\\\/\\\/schema.org\",\"@graph\":[{\"@type\":\"Article\",\"@id\":\"https:\\\/\\\/diariofemenino.com.ar\\\/df\\\/mujeres-jujenas-abordaran-la-trata-de-personas-en-encuentro-internacional-en-chile\\\/#article\",\"isPartOf\":{\"@id\":\"https:\\\/\\\/diariofemenino.com.ar\\\/df\\\/mujeres-jujenas-abordaran-la-trata-de-personas-en-encuentro-internacional-en-chile\\\/\"},\"author\":{\"name\":\"Admin\",\"@id\":\"https:\\\/\\\/diariofemenino.com.ar\\\/df\\\/#\\\/schema\\\/person\\\/38f54b3bfd13f561de2460ba95c169c6\"},\"headline\":\"Mujeres juje\u00f1as abordar\u00e1n la Trata de Personas en encuentro internacional en Chile\",\"datePublished\":\"2012-08-08T12:04:17+00:00\",\"mainEntityOfPage\":{\"@id\":\"https:\\\/\\\/diariofemenino.com.ar\\\/df\\\/mujeres-jujenas-abordaran-la-trata-de-personas-en-encuentro-internacional-en-chile\\\/\"},\"wordCount\":299,\"commentCount\":0,\"publisher\":{\"@id\":\"https:\\\/\\\/diariofemenino.com.ar\\\/df\\\/#organization\"},\"image\":{\"@id\":\"https:\\\/\\\/diariofemenino.com.ar\\\/df\\\/mujeres-jujenas-abordaran-la-trata-de-personas-en-encuentro-internacional-en-chile\\\/#primaryimage\"},\"thumbnailUrl\":\"http:\\\/\\\/www.diariofemenino.com.ar\\\/wp-content\\\/uploads\\\/7736635626_b4321304c2_o.jpg\",\"articleSection\":[\"De la Revoluci\u00f3n al Reaprendizaje\",\"Medios\",\"Trata de Pers.\"],\"inLanguage\":\"es\",\"potentialAction\":[{\"@type\":\"CommentAction\",\"name\":\"Comment\",\"target\":[\"https:\\\/\\\/diariofemenino.com.ar\\\/df\\\/mujeres-jujenas-abordaran-la-trata-de-personas-en-encuentro-internacional-en-chile\\\/#respond\"]}]},{\"@type\":\"WebPage\",\"@id\":\"https:\\\/\\\/diariofemenino.com.ar\\\/df\\\/mujeres-jujenas-abordaran-la-trata-de-personas-en-encuentro-internacional-en-chile\\\/\",\"url\":\"https:\\\/\\\/diariofemenino.com.ar\\\/df\\\/mujeres-jujenas-abordaran-la-trata-de-personas-en-encuentro-internacional-en-chile\\\/\",\"name\":\"Mujeres juje\u00f1as abordar\u00e1n la Trata de Personas en encuentro internacional en Chile - Diario Digital Femenino\",\"isPartOf\":{\"@id\":\"https:\\\/\\\/diariofemenino.com.ar\\\/df\\\/#website\"},\"primaryImageOfPage\":{\"@id\":\"https:\\\/\\\/diariofemenino.com.ar\\\/df\\\/mujeres-jujenas-abordaran-la-trata-de-personas-en-encuentro-internacional-en-chile\\\/#primaryimage\"},\"image\":{\"@id\":\"https:\\\/\\\/diariofemenino.com.ar\\\/df\\\/mujeres-jujenas-abordaran-la-trata-de-personas-en-encuentro-internacional-en-chile\\\/#primaryimage\"},\"thumbnailUrl\":\"http:\\\/\\\/www.diariofemenino.com.ar\\\/wp-content\\\/uploads\\\/7736635626_b4321304c2_o.jpg\",\"datePublished\":\"2012-08-08T12:04:17+00:00\",\"breadcrumb\":{\"@id\":\"https:\\\/\\\/diariofemenino.com.ar\\\/df\\\/mujeres-jujenas-abordaran-la-trata-de-personas-en-encuentro-internacional-en-chile\\\/#breadcrumb\"},\"inLanguage\":\"es\",\"potentialAction\":[{\"@type\":\"ReadAction\",\"target\":[\"https:\\\/\\\/diariofemenino.com.ar\\\/df\\\/mujeres-jujenas-abordaran-la-trata-de-personas-en-encuentro-internacional-en-chile\\\/\"]}]},{\"@type\":\"ImageObject\",\"inLanguage\":\"es\",\"@id\":\"https:\\\/\\\/diariofemenino.com.ar\\\/df\\\/mujeres-jujenas-abordaran-la-trata-de-personas-en-encuentro-internacional-en-chile\\\/#primaryimage\",\"url\":\"http:\\\/\\\/www.diariofemenino.com.ar\\\/wp-content\\\/uploads\\\/7736635626_b4321304c2_o.jpg\",\"contentUrl\":\"http:\\\/\\\/www.diariofemenino.com.ar\\\/wp-content\\\/uploads\\\/7736635626_b4321304c2_o.jpg\"},{\"@type\":\"BreadcrumbList\",\"@id\":\"https:\\\/\\\/diariofemenino.com.ar\\\/df\\\/mujeres-jujenas-abordaran-la-trata-de-personas-en-encuentro-internacional-en-chile\\\/#breadcrumb\",\"itemListElement\":[{\"@type\":\"ListItem\",\"position\":1,\"name\":\"Portada\",\"item\":\"https:\\\/\\\/diariofemenino.com.ar\\\/df\\\/\"},{\"@type\":\"ListItem\",\"position\":2,\"name\":\"Mujeres juje\u00f1as abordar\u00e1n la Trata de Personas en encuentro internacional en Chile\"}]},{\"@type\":\"WebSite\",\"@id\":\"https:\\\/\\\/diariofemenino.com.ar\\\/df\\\/#website\",\"url\":\"https:\\\/\\\/diariofemenino.com.ar\\\/df\\\/\",\"name\":\"Diario Digital Femenino\",\"description\":\"Cuesti\u00f3n de G\u00e9nero\",\"publisher\":{\"@id\":\"https:\\\/\\\/diariofemenino.com.ar\\\/df\\\/#organization\"},\"potentialAction\":[{\"@type\":\"SearchAction\",\"target\":{\"@type\":\"EntryPoint\",\"urlTemplate\":\"https:\\\/\\\/diariofemenino.com.ar\\\/df\\\/?s={search_term_string}\"},\"query-input\":{\"@type\":\"PropertyValueSpecification\",\"valueRequired\":true,\"valueName\":\"search_term_string\"}}],\"inLanguage\":\"es\"},{\"@type\":\"Organization\",\"@id\":\"https:\\\/\\\/diariofemenino.com.ar\\\/df\\\/#organization\",\"name\":\"Diario Femenino\",\"url\":\"https:\\\/\\\/diariofemenino.com.ar\\\/df\\\/\",\"logo\":{\"@type\":\"ImageObject\",\"inLanguage\":\"es\",\"@id\":\"https:\\\/\\\/diariofemenino.com.ar\\\/df\\\/#\\\/schema\\\/logo\\\/image\\\/\",\"url\":\"https:\\\/\\\/diariofemenino.com.ar\\\/df\\\/wp-content\\\/uploads\\\/2018\\\/10\\\/logo.png\",\"contentUrl\":\"https:\\\/\\\/diariofemenino.com.ar\\\/df\\\/wp-content\\\/uploads\\\/2018\\\/10\\\/logo.png\",\"width\":500,\"height\":92,\"caption\":\"Diario Femenino\"},\"image\":{\"@id\":\"https:\\\/\\\/diariofemenino.com.ar\\\/df\\\/#\\\/schema\\\/logo\\\/image\\\/\"},\"sameAs\":[\"https:\\\/\\\/www.facebook.com\\\/DiarioDigitaFemenino\\\/\",\"https:\\\/\\\/x.com\\\/DiarioFemenino1\"]},{\"@type\":\"Person\",\"@id\":\"https:\\\/\\\/diariofemenino.com.ar\\\/df\\\/#\\\/schema\\\/person\\\/38f54b3bfd13f561de2460ba95c169c6\",\"name\":\"Admin\",\"image\":{\"@type\":\"ImageObject\",\"inLanguage\":\"es\",\"@id\":\"https:\\\/\\\/diariofemenino.com.ar\\\/df\\\/wp-content\\\/uploads\\\/2018\\\/12\\\/favicon-150x150.jpg\",\"url\":\"https:\\\/\\\/diariofemenino.com.ar\\\/df\\\/wp-content\\\/uploads\\\/2018\\\/12\\\/favicon-150x150.jpg\",\"contentUrl\":\"https:\\\/\\\/diariofemenino.com.ar\\\/df\\\/wp-content\\\/uploads\\\/2018\\\/12\\\/favicon-150x150.jpg\",\"caption\":\"Admin\"},\"url\":\"https:\\\/\\\/diariofemenino.com.ar\\\/df\\\/author\\\/adm18df\\\/\"}]}<\/script>\n<!-- \/ Yoast SEO plugin. -->","yoast_head_json":{"title":"Mujeres juje\u00f1as abordar\u00e1n la Trata de Personas en encuentro internacional en Chile - Diario Digital Femenino","robots":{"index":"index","follow":"follow","max-snippet":"max-snippet:-1","max-image-preview":"max-image-preview:large","max-video-preview":"max-video-preview:-1"},"canonical":"https:\/\/diariofemenino.com.ar\/df\/mujeres-jujenas-abordaran-la-trata-de-personas-en-encuentro-internacional-en-chile\/","og_locale":"es_ES","og_type":"article","og_title":"Mujeres juje\u00f1as abordar\u00e1n la Trata de Personas en encuentro internacional en Chile - Diario Digital Femenino","og_description":"&nbsp; &nbsp; En la sala de situaci\u00f3n del Ministerio de Desarrollo Social de la Provincia, se realiz\u00f3 esta ma\u00f1ana, una reuni\u00f3n de mujeres juje\u00f1as pertenecientes a distintas organizaciones sociales y organismos de los tres poderes de la Provincia, con el fin de delinear su participaci\u00f3n en el Encuentro Internacional de Mujeres del Norte de Chile [&hellip;]","og_url":"https:\/\/diariofemenino.com.ar\/df\/mujeres-jujenas-abordaran-la-trata-de-personas-en-encuentro-internacional-en-chile\/","og_site_name":"Diario Digital Femenino","article_publisher":"https:\/\/www.facebook.com\/DiarioDigitaFemenino\/","article_published_time":"2012-08-08T12:04:17+00:00","og_image":[{"url":"http:\/\/www.diariofemenino.com.ar\/wp-content\/uploads\/7736635626_b4321304c2_o.jpg","type":"","width":"","height":""}],"author":"Admin","twitter_card":"summary_large_image","twitter_creator":"@DiarioFemenino1","twitter_site":"@DiarioFemenino1","twitter_misc":{"Escrito por":"Admin","Tiempo de lectura":"1 minuto"},"schema":{"@context":"https:\/\/schema.org","@graph":[{"@type":"Article","@id":"https:\/\/diariofemenino.com.ar\/df\/mujeres-jujenas-abordaran-la-trata-de-personas-en-encuentro-internacional-en-chile\/#article","isPartOf":{"@id":"https:\/\/diariofemenino.com.ar\/df\/mujeres-jujenas-abordaran-la-trata-de-personas-en-encuentro-internacional-en-chile\/"},"author":{"name":"Admin","@id":"https:\/\/diariofemenino.com.ar\/df\/#\/schema\/person\/38f54b3bfd13f561de2460ba95c169c6"},"headline":"Mujeres juje\u00f1as abordar\u00e1n la Trata de Personas en encuentro internacional en Chile","datePublished":"2012-08-08T12:04:17+00:00","mainEntityOfPage":{"@id":"https:\/\/diariofemenino.com.ar\/df\/mujeres-jujenas-abordaran-la-trata-de-personas-en-encuentro-internacional-en-chile\/"},"wordCount":299,"commentCount":0,"publisher":{"@id":"https:\/\/diariofemenino.com.ar\/df\/#organization"},"image":{"@id":"https:\/\/diariofemenino.com.ar\/df\/mujeres-jujenas-abordaran-la-trata-de-personas-en-encuentro-internacional-en-chile\/#primaryimage"},"thumbnailUrl":"http:\/\/www.diariofemenino.com.ar\/wp-content\/uploads\/7736635626_b4321304c2_o.jpg","articleSection":["De la Revoluci\u00f3n al Reaprendizaje","Medios","Trata de Pers."],"inLanguage":"es","potentialAction":[{"@type":"CommentAction","name":"Comment","target":["https:\/\/diariofemenino.com.ar\/df\/mujeres-jujenas-abordaran-la-trata-de-personas-en-encuentro-internacional-en-chile\/#respond"]}]},{"@type":"WebPage","@id":"https:\/\/diariofemenino.com.ar\/df\/mujeres-jujenas-abordaran-la-trata-de-personas-en-encuentro-internacional-en-chile\/","url":"https:\/\/diariofemenino.com.ar\/df\/mujeres-jujenas-abordaran-la-trata-de-personas-en-encuentro-internacional-en-chile\/","name":"Mujeres juje\u00f1as abordar\u00e1n la Trata de Personas en encuentro internacional en Chile - Diario Digital Femenino","isPartOf":{"@id":"https:\/\/diariofemenino.com.ar\/df\/#website"},"primaryImageOfPage":{"@id":"https:\/\/diariofemenino.com.ar\/df\/mujeres-jujenas-abordaran-la-trata-de-personas-en-encuentro-internacional-en-chile\/#primaryimage"},"image":{"@id":"https:\/\/diariofemenino.com.ar\/df\/mujeres-jujenas-abordaran-la-trata-de-personas-en-encuentro-internacional-en-chile\/#primaryimage"},"thumbnailUrl":"http:\/\/www.diariofemenino.com.ar\/wp-content\/uploads\/7736635626_b4321304c2_o.jpg","datePublished":"2012-08-08T12:04:17+00:00","breadcrumb":{"@id":"https:\/\/diariofemenino.com.ar\/df\/mujeres-jujenas-abordaran-la-trata-de-personas-en-encuentro-internacional-en-chile\/#breadcrumb"},"inLanguage":"es","potentialAction":[{"@type":"ReadAction","target":["https:\/\/diariofemenino.com.ar\/df\/mujeres-jujenas-abordaran-la-trata-de-personas-en-encuentro-internacional-en-chile\/"]}]},{"@type":"ImageObject","inLanguage":"es","@id":"https:\/\/diariofemenino.com.ar\/df\/mujeres-jujenas-abordaran-la-trata-de-personas-en-encuentro-internacional-en-chile\/#primaryimage","url":"http:\/\/www.diariofemenino.com.ar\/wp-content\/uploads\/7736635626_b4321304c2_o.jpg","contentUrl":"http:\/\/www.diariofemenino.com.ar\/wp-content\/uploads\/7736635626_b4321304c2_o.jpg"},{"@type":"BreadcrumbList","@id":"https:\/\/diariofemenino.com.ar\/df\/mujeres-jujenas-abordaran-la-trata-de-personas-en-encuentro-internacional-en-chile\/#breadcrumb","itemListElement":[{"@type":"ListItem","position":1,"name":"Portada","item":"https:\/\/diariofemenino.com.ar\/df\/"},{"@type":"ListItem","position":2,"name":"Mujeres juje\u00f1as abordar\u00e1n la Trata de Personas en encuentro internacional en Chile"}]},{"@type":"WebSite","@id":"https:\/\/diariofemenino.com.ar\/df\/#website","url":"https:\/\/diariofemenino.com.ar\/df\/","name":"Diario Digital Femenino","description":"Cuesti\u00f3n de G\u00e9nero","publisher":{"@id":"https:\/\/diariofemenino.com.ar\/df\/#organization"},"potentialAction":[{"@type":"SearchAction","target":{"@type":"EntryPoint","urlTemplate":"https:\/\/diariofemenino.com.ar\/df\/?s={search_term_string}"},"query-input":{"@type":"PropertyValueSpecification","valueRequired":true,"valueName":"search_term_string"}}],"inLanguage":"es"},{"@type":"Organization","@id":"https:\/\/diariofemenino.com.ar\/df\/#organization","name":"Diario Femenino","url":"https:\/\/diariofemenino.com.ar\/df\/","logo":{"@type":"ImageObject","inLanguage":"es","@id":"https:\/\/diariofemenino.com.ar\/df\/#\/schema\/logo\/image\/","url":"https:\/\/diariofemenino.com.ar\/df\/wp-content\/uploads\/2018\/10\/logo.png","contentUrl":"https:\/\/diariofemenino.com.ar\/df\/wp-content\/uploads\/2018\/10\/logo.png","width":500,"height":92,"caption":"Diario Femenino"},"image":{"@id":"https:\/\/diariofemenino.com.ar\/df\/#\/schema\/logo\/image\/"},"sameAs":["https:\/\/www.facebook.com\/DiarioDigitaFemenino\/","https:\/\/x.com\/DiarioFemenino1"]},{"@type":"Person","@id":"https:\/\/diariofemenino.com.ar\/df\/#\/schema\/person\/38f54b3bfd13f561de2460ba95c169c6","name":"Admin","image":{"@type":"ImageObject","inLanguage":"es","@id":"https:\/\/diariofemenino.com.ar\/df\/wp-content\/uploads\/2018\/12\/favicon-150x150.jpg","url":"https:\/\/diariofemenino.com.ar\/df\/wp-content\/uploads\/2018\/12\/favicon-150x150.jpg","contentUrl":"https:\/\/diariofemenino.com.ar\/df\/wp-content\/uploads\/2018\/12\/favicon-150x150.jpg","caption":"Admin"},"url":"https:\/\/diariofemenino.com.ar\/df\/author\/adm18df\/"}]}},"jetpack_featured_media_url":"","jetpack_sharing_enabled":true,"rttpg_featured_image_url":null,"rttpg_author":{"display_name":"Admin","author_link":"https:\/\/diariofemenino.com.ar\/df\/author\/adm18df\/"},"rttpg_comment":0,"rttpg_category":"<a href=\"https:\/\/diariofemenino.com.ar\/df\/category\/de-la-revolucion-al-reaprendizaje\/\" rel=\"category tag\">De la Revoluci\u00f3n al Reaprendizaje<\/a> <a href=\"https:\/\/diariofemenino.com.ar\/df\/category\/medios\/\" rel=\"category tag\">Medios<\/a> <a href=\"https:\/\/diariofemenino.com.ar\/df\/category\/trata-de-personas\/\" rel=\"category tag\">Trata de Pers.<\/a>","rttpg_excerpt":"&nbsp; &nbsp; En la sala de situaci\u00f3n del Ministerio de Desarrollo Social de la Provincia, se realiz\u00f3 esta ma\u00f1ana, una reuni\u00f3n de mujeres juje\u00f1as pertenecientes a distintas organizaciones sociales y organismos de los tres poderes de la Provincia, con el fin de delinear su participaci\u00f3n en el Encuentro Internacional de Mujeres del Norte de Chile&hellip;","_links":{"self":[{"href":"https:\/\/diariofemenino.com.ar\/df\/wp-json\/wp\/v2\/posts\/2883","targetHints":{"allow":["GET"]}}],"collection":[{"href":"https:\/\/diariofemenino.com.ar\/df\/wp-json\/wp\/v2\/posts"}],"about":[{"href":"https:\/\/diariofemenino.com.ar\/df\/wp-json\/wp\/v2\/types\/post"}],"author":[{"embeddable":true,"href":"https:\/\/diariofemenino.com.ar\/df\/wp-json\/wp\/v2\/users\/1"}],"replies":[{"embeddable":true,"href":"https:\/\/diariofemenino.com.ar\/df\/wp-json\/wp\/v2\/comments?post=2883"}],"version-history":[{"count":0,"href":"https:\/\/diariofemenino.com.ar\/df\/wp-json\/wp\/v2\/posts\/2883\/revisions"}],"wp:attachment":[{"href":"https:\/\/diariofemenino.com.ar\/df\/wp-json\/wp\/v2\/media?parent=2883"}],"wp:term":[{"taxonomy":"category","embeddable":true,"href":"https:\/\/diariofemenino.com.ar\/df\/wp-json\/wp\/v2\/categories?post=2883"},{"taxonomy":"post_tag","embeddable":true,"href":"https:\/\/diariofemenino.com.ar\/df\/wp-json\/wp\/v2\/tags?post=2883"}],"curies":[{"name":"wp","href":"https:\/\/api.w.org\/{rel}","templated":true}]}}