{"id":28597,"date":"2017-06-26T20:35:05","date_gmt":"2017-06-26T23:35:05","guid":{"rendered":"http:\/\/diariofemenino.com.ar\/v2\/?p=28597"},"modified":"2019-01-25T13:46:26","modified_gmt":"2019-01-25T16:46:26","slug":"decalogo-para-el-correcto-tratamiento-periodistico-del-derecho-al-aborto","status":"publish","type":"post","link":"https:\/\/diariofemenino.com.ar\/df\/decalogo-para-el-correcto-tratamiento-periodistico-del-derecho-al-aborto\/","title":{"rendered":"Dec\u00e1logo para el correcto tratamiento period\u00edstico del derecho al Aborto"},"content":{"rendered":"<p>(Descargar en portada)<br \/>\n<a href=\"https:\/\/diariofemenino.com.ar\/documentos\/CDDDecalogo_Aborto.pdf\"><img loading=\"lazy\" decoding=\"async\" class=\"alignleft size-full wp-image-31059\" src=\"https:\/\/diariofemenino.com.ar\/df\/wp-content\/uploads\/2017\/06\/Dec\u00e1logo-2.jpg\" alt=\"\" width=\"374\" height=\"528\" srcset=\"https:\/\/diariofemenino.com.ar\/df\/wp-content\/uploads\/2017\/06\/Dec\u00e1logo-2.jpg 374w, https:\/\/diariofemenino.com.ar\/df\/wp-content\/uploads\/2017\/06\/Dec\u00e1logo-2-213x300.jpg 213w\" sizes=\"auto, (max-width: 374px) 100vw, 374px\" \/><\/a>Los derechos humanos de las mujeres, los derechos sexuales y reproductivos y en particular el tema del aborto, forman parte de una agenda pol\u00edtica cada vez m\u00e1s presente que sin embargo a\u00fan est\u00e1 ausente en las entrevistas y notas llamadas pol\u00edticas.<br \/>\nEs por eso que desde <strong><em>Cat\u00f3licas por el Derecho a Decidir Argentina<\/em><\/strong>, en colaboraci\u00f3n con la<strong><em> Red Internacional de Periodistas con Visi\u00f3n de G\u00e9nero<\/em><\/strong>, ofrecen esta publicaci\u00f3n como aporte y herramienta necesaria para periodistas, con la convicci\u00f3n de que el aborto es un dilema \u00e9tico para cada mujer a la hora de la decisi\u00f3n y tienen que existir diferentes opciones para que haya lugar para la \u00e9tica, pues si no se facilitan las opciones que hoy existen se promueve la clandestinidad y se avasallan las conciencias. Las creencias religiosas de funcionarios p\u00fablicos y\/o legisladores no pueden impedir lo conquistado por el Movimiento de mujeres, ni impedir el debate que ya la sociedad est\u00e1 dando.<br \/>\nEl momento electoral tambi\u00e9n puede constituirse en una gran oportunidad para conocer mejor a quienes pretenden representarnos,\u00a0si el periodismo pregunta lo que la sociedad necesita saber.<br \/>\nPor esa raz\u00f3n, este material tiene el objetivo de aportar fundamentos, enfoques y aspectos necesarios a tener en cuenta a la hora de avanzar con el tratamiento period\u00edstico de la tem\u00e1tica del aborto y las consecuencias de su penalizaci\u00f3n.<br \/>\nLas mujeres siempre han tomado decisiones -solas o acompa\u00f1adas- frente a los embarazos no planificados, pero reci\u00e9n en los \u00faltimos a\u00f1os, y gracias a los Movimientos de mujeres y a las Organizaciones que trabajan el eje de los derechos humanos, esta realidad est\u00e1 dejando de ser un tema tab\u00fa para formar parte de un debate p\u00fablico indispensable.<br \/>\nProblematizar el marco normativo vigente que penaliza el aborto, aunque esta sea una pr\u00e1ctica frecuente en la vida de las mujeres, es interpelar a una sociedad que sostiene y naturaliza el doble est\u00e1ndar de derechos, seg\u00fan pertenencias de clase y etnia.<br \/>\nRealizar un abordaje que permita dar cuenta de multiplicidad de factores que se ponen en juego a la hora de defender la autonom\u00eda de las mujeres, nos conduce a la necesidad de generar coberturas period\u00edsticas por fuera del eslogan mentiroso que pretende polarizar la discusi\u00f3n sobre legalizaci\u00f3n del aborto voluntario bajo dilemas reduccionistas y mentirosos como son: \u201ca favor o en contra del aborto\u201d o \u201cs\u00ed o no a la vida\u201d.<br \/>\nEstamos hablando de la salud en su concepci\u00f3n m\u00e1s moderna e integral, como un ejercicio ciudadano reflexionamos acerca de la vida y las decisiones que afectan cotidianamente los derechos humanos de millones de mujeres.<br \/>\nEsperamos que este material sea de utilidad a la hora de poner en pr\u00e1ctica acciones period\u00edsticas al servicio que est\u00e9n al servicio de los derechos humanos de las mujeres. Es decir, un periodismo al servicio de mejorar la calidad de la democracia.<\/p>\n","protected":false},"excerpt":{"rendered":"<p>(Descargar en portada) Los derechos humanos de las mujeres, los derechos sexuales y reproductivos y en particular el tema del aborto, forman parte de una agenda pol\u00edtica cada vez m\u00e1s presente que sin embargo a\u00fan est\u00e1 ausente en las entrevistas y notas llamadas pol\u00edticas. Es por eso que desde Cat\u00f3licas por el Derecho a Decidir [&hellip;]<\/p>\n","protected":false},"author":1,"featured_media":28598,"comment_status":"closed","ping_status":"closed","sticky":false,"template":"","format":"standard","meta":{"iawp_total_views":2,"footnotes":""},"categories":[22,19],"tags":[53,30,10,18],"class_list":["post-28597","post","type-post","status-publish","format-standard","has-post-thumbnail","hentry","category-aborto","category-biblioteca","tag-derechos-de-las-mujeres","tag-derechos-humanos","tag-derechos-sexuales-y-reproductivos","tag-politicas-publicas"],"nelio_content":{"autoShareEndMode":"never","automationSources":{"useCustomSentences":false,"customSentences":[]},"efiAlt":"","efiUrl":"","followers":[4,1],"highlights":[],"isAutoShareEnabled":true,"networkImageIds":[],"permalinkQueryArgs":[],"series":[],"suggestedReferences":[]},"yoast_head":"<!-- This site is optimized with the Yoast SEO plugin v27.5 - https:\/\/yoast.com\/product\/yoast-seo-wordpress\/ -->\n<title>Dec\u00e1logo para el correcto tratamiento period\u00edstico del derecho al Aborto - Diario Digital Femenino<\/title>\n<meta name=\"description\" content=\"Dec\u00e1logo para el correcto tratamiento period\u00edstico del derecho al Aborto, desde Cat\u00f3licas por el Derecho a Decidir Argentina, en colaboraci\u00f3n con la RIPVGAr\" \/>\n<meta name=\"robots\" content=\"index, follow, max-snippet:-1, max-image-preview:large, max-video-preview:-1\" \/>\n<link rel=\"canonical\" href=\"https:\/\/diariofemenino.com.ar\/df\/decalogo-para-el-correcto-tratamiento-periodistico-del-derecho-al-aborto\/\" \/>\n<meta property=\"og:locale\" content=\"es_ES\" \/>\n<meta property=\"og:type\" content=\"article\" \/>\n<meta property=\"og:title\" content=\"Dec\u00e1logo para el correcto tratamiento period\u00edstico del derecho al Aborto - Diario Digital Femenino\" \/>\n<meta property=\"og:description\" content=\"Dec\u00e1logo para el correcto tratamiento period\u00edstico del derecho al Aborto, desde Cat\u00f3licas por el Derecho a Decidir Argentina, en colaboraci\u00f3n con la RIPVGAr\" \/>\n<meta property=\"og:url\" content=\"https:\/\/diariofemenino.com.ar\/df\/decalogo-para-el-correcto-tratamiento-periodistico-del-derecho-al-aborto\/\" \/>\n<meta property=\"og:site_name\" content=\"Diario Digital Femenino\" \/>\n<meta property=\"article:publisher\" content=\"https:\/\/www.facebook.com\/DiarioDigitaFemenino\/\" \/>\n<meta property=\"article:published_time\" content=\"2017-06-26T23:35:05+00:00\" \/>\n<meta property=\"article:modified_time\" content=\"2019-01-25T16:46:26+00:00\" \/>\n<meta property=\"og:image\" content=\"https:\/\/diariofemenino.com.ar\/df\/wp-content\/uploads\/2017\/06\/Dec\u00e1logo.jpg\" \/>\n\t<meta property=\"og:image:width\" content=\"374\" \/>\n\t<meta property=\"og:image:height\" content=\"528\" \/>\n\t<meta property=\"og:image:type\" content=\"image\/jpeg\" \/>\n<meta name=\"author\" content=\"Admin\" \/>\n<meta name=\"twitter:card\" content=\"summary_large_image\" \/>\n<meta name=\"twitter:creator\" content=\"@DiarioFemenino1\" \/>\n<meta name=\"twitter:site\" content=\"@DiarioFemenino1\" \/>\n<meta name=\"twitter:label1\" content=\"Escrito por\" \/>\n\t<meta name=\"twitter:data1\" content=\"Admin\" \/>\n\t<meta name=\"twitter:label2\" content=\"Tiempo de lectura\" \/>\n\t<meta name=\"twitter:data2\" content=\"3 minutos\" \/>\n<script type=\"application\/ld+json\" class=\"yoast-schema-graph\">{\"@context\":\"https:\\\/\\\/schema.org\",\"@graph\":[{\"@type\":\"Article\",\"@id\":\"https:\\\/\\\/diariofemenino.com.ar\\\/df\\\/decalogo-para-el-correcto-tratamiento-periodistico-del-derecho-al-aborto\\\/#article\",\"isPartOf\":{\"@id\":\"https:\\\/\\\/diariofemenino.com.ar\\\/df\\\/decalogo-para-el-correcto-tratamiento-periodistico-del-derecho-al-aborto\\\/\"},\"author\":{\"name\":\"Admin\",\"@id\":\"https:\\\/\\\/diariofemenino.com.ar\\\/df\\\/#\\\/schema\\\/person\\\/38f54b3bfd13f561de2460ba95c169c6\"},\"headline\":\"Dec\u00e1logo para el correcto tratamiento period\u00edstico del derecho al Aborto\",\"datePublished\":\"2017-06-26T23:35:05+00:00\",\"dateModified\":\"2019-01-25T16:46:26+00:00\",\"mainEntityOfPage\":{\"@id\":\"https:\\\/\\\/diariofemenino.com.ar\\\/df\\\/decalogo-para-el-correcto-tratamiento-periodistico-del-derecho-al-aborto\\\/\"},\"wordCount\":515,\"publisher\":{\"@id\":\"https:\\\/\\\/diariofemenino.com.ar\\\/df\\\/#organization\"},\"image\":{\"@id\":\"https:\\\/\\\/diariofemenino.com.ar\\\/df\\\/decalogo-para-el-correcto-tratamiento-periodistico-del-derecho-al-aborto\\\/#primaryimage\"},\"thumbnailUrl\":\"https:\\\/\\\/diariofemenino.com.ar\\\/df\\\/wp-content\\\/uploads\\\/2017\\\/06\\\/Dec\u00e1logo.jpg\",\"keywords\":[\"Derechos de las mujeres\",\"Derechos Humanos\",\"Derechos sexuales y reproductivos\",\"Pol\u00edticas p\u00fablicas\"],\"articleSection\":[\"Aborto\",\"Biblioteca Virtual\"],\"inLanguage\":\"es\"},{\"@type\":\"WebPage\",\"@id\":\"https:\\\/\\\/diariofemenino.com.ar\\\/df\\\/decalogo-para-el-correcto-tratamiento-periodistico-del-derecho-al-aborto\\\/\",\"url\":\"https:\\\/\\\/diariofemenino.com.ar\\\/df\\\/decalogo-para-el-correcto-tratamiento-periodistico-del-derecho-al-aborto\\\/\",\"name\":\"Dec\u00e1logo para el correcto tratamiento period\u00edstico del derecho al Aborto - Diario Digital Femenino\",\"isPartOf\":{\"@id\":\"https:\\\/\\\/diariofemenino.com.ar\\\/df\\\/#website\"},\"primaryImageOfPage\":{\"@id\":\"https:\\\/\\\/diariofemenino.com.ar\\\/df\\\/decalogo-para-el-correcto-tratamiento-periodistico-del-derecho-al-aborto\\\/#primaryimage\"},\"image\":{\"@id\":\"https:\\\/\\\/diariofemenino.com.ar\\\/df\\\/decalogo-para-el-correcto-tratamiento-periodistico-del-derecho-al-aborto\\\/#primaryimage\"},\"thumbnailUrl\":\"https:\\\/\\\/diariofemenino.com.ar\\\/df\\\/wp-content\\\/uploads\\\/2017\\\/06\\\/Dec\u00e1logo.jpg\",\"datePublished\":\"2017-06-26T23:35:05+00:00\",\"dateModified\":\"2019-01-25T16:46:26+00:00\",\"description\":\"Dec\u00e1logo para el correcto tratamiento period\u00edstico del derecho al Aborto, desde Cat\u00f3licas por el Derecho a Decidir Argentina, en colaboraci\u00f3n con la RIPVGAr\",\"breadcrumb\":{\"@id\":\"https:\\\/\\\/diariofemenino.com.ar\\\/df\\\/decalogo-para-el-correcto-tratamiento-periodistico-del-derecho-al-aborto\\\/#breadcrumb\"},\"inLanguage\":\"es\",\"potentialAction\":[{\"@type\":\"ReadAction\",\"target\":[\"https:\\\/\\\/diariofemenino.com.ar\\\/df\\\/decalogo-para-el-correcto-tratamiento-periodistico-del-derecho-al-aborto\\\/\"]}]},{\"@type\":\"ImageObject\",\"inLanguage\":\"es\",\"@id\":\"https:\\\/\\\/diariofemenino.com.ar\\\/df\\\/decalogo-para-el-correcto-tratamiento-periodistico-del-derecho-al-aborto\\\/#primaryimage\",\"url\":\"https:\\\/\\\/diariofemenino.com.ar\\\/df\\\/wp-content\\\/uploads\\\/2017\\\/06\\\/Dec\u00e1logo.jpg\",\"contentUrl\":\"https:\\\/\\\/diariofemenino.com.ar\\\/df\\\/wp-content\\\/uploads\\\/2017\\\/06\\\/Dec\u00e1logo.jpg\",\"width\":374,\"height\":528},{\"@type\":\"BreadcrumbList\",\"@id\":\"https:\\\/\\\/diariofemenino.com.ar\\\/df\\\/decalogo-para-el-correcto-tratamiento-periodistico-del-derecho-al-aborto\\\/#breadcrumb\",\"itemListElement\":[{\"@type\":\"ListItem\",\"position\":1,\"name\":\"Portada\",\"item\":\"https:\\\/\\\/diariofemenino.com.ar\\\/df\\\/\"},{\"@type\":\"ListItem\",\"position\":2,\"name\":\"Dec\u00e1logo para el correcto tratamiento period\u00edstico del derecho al Aborto\"}]},{\"@type\":\"WebSite\",\"@id\":\"https:\\\/\\\/diariofemenino.com.ar\\\/df\\\/#website\",\"url\":\"https:\\\/\\\/diariofemenino.com.ar\\\/df\\\/\",\"name\":\"Diario Digital Femenino\",\"description\":\"Cuesti\u00f3n de G\u00e9nero\",\"publisher\":{\"@id\":\"https:\\\/\\\/diariofemenino.com.ar\\\/df\\\/#organization\"},\"potentialAction\":[{\"@type\":\"SearchAction\",\"target\":{\"@type\":\"EntryPoint\",\"urlTemplate\":\"https:\\\/\\\/diariofemenino.com.ar\\\/df\\\/?s={search_term_string}\"},\"query-input\":{\"@type\":\"PropertyValueSpecification\",\"valueRequired\":true,\"valueName\":\"search_term_string\"}}],\"inLanguage\":\"es\"},{\"@type\":\"Organization\",\"@id\":\"https:\\\/\\\/diariofemenino.com.ar\\\/df\\\/#organization\",\"name\":\"Diario Femenino\",\"url\":\"https:\\\/\\\/diariofemenino.com.ar\\\/df\\\/\",\"logo\":{\"@type\":\"ImageObject\",\"inLanguage\":\"es\",\"@id\":\"https:\\\/\\\/diariofemenino.com.ar\\\/df\\\/#\\\/schema\\\/logo\\\/image\\\/\",\"url\":\"https:\\\/\\\/diariofemenino.com.ar\\\/df\\\/wp-content\\\/uploads\\\/2018\\\/10\\\/logo.png\",\"contentUrl\":\"https:\\\/\\\/diariofemenino.com.ar\\\/df\\\/wp-content\\\/uploads\\\/2018\\\/10\\\/logo.png\",\"width\":500,\"height\":92,\"caption\":\"Diario Femenino\"},\"image\":{\"@id\":\"https:\\\/\\\/diariofemenino.com.ar\\\/df\\\/#\\\/schema\\\/logo\\\/image\\\/\"},\"sameAs\":[\"https:\\\/\\\/www.facebook.com\\\/DiarioDigitaFemenino\\\/\",\"https:\\\/\\\/x.com\\\/DiarioFemenino1\"]},{\"@type\":\"Person\",\"@id\":\"https:\\\/\\\/diariofemenino.com.ar\\\/df\\\/#\\\/schema\\\/person\\\/38f54b3bfd13f561de2460ba95c169c6\",\"name\":\"Admin\",\"image\":{\"@type\":\"ImageObject\",\"inLanguage\":\"es\",\"@id\":\"https:\\\/\\\/diariofemenino.com.ar\\\/df\\\/wp-content\\\/uploads\\\/2018\\\/12\\\/favicon-150x150.jpg\",\"url\":\"https:\\\/\\\/diariofemenino.com.ar\\\/df\\\/wp-content\\\/uploads\\\/2018\\\/12\\\/favicon-150x150.jpg\",\"contentUrl\":\"https:\\\/\\\/diariofemenino.com.ar\\\/df\\\/wp-content\\\/uploads\\\/2018\\\/12\\\/favicon-150x150.jpg\",\"caption\":\"Admin\"},\"url\":\"https:\\\/\\\/diariofemenino.com.ar\\\/df\\\/author\\\/adm18df\\\/\"}]}<\/script>\n<!-- \/ Yoast SEO plugin. -->","yoast_head_json":{"title":"Dec\u00e1logo para el correcto tratamiento period\u00edstico del derecho al Aborto - Diario Digital Femenino","description":"Dec\u00e1logo para el correcto tratamiento period\u00edstico del derecho al Aborto, desde Cat\u00f3licas por el Derecho a Decidir Argentina, en colaboraci\u00f3n con la RIPVGAr","robots":{"index":"index","follow":"follow","max-snippet":"max-snippet:-1","max-image-preview":"max-image-preview:large","max-video-preview":"max-video-preview:-1"},"canonical":"https:\/\/diariofemenino.com.ar\/df\/decalogo-para-el-correcto-tratamiento-periodistico-del-derecho-al-aborto\/","og_locale":"es_ES","og_type":"article","og_title":"Dec\u00e1logo para el correcto tratamiento period\u00edstico del derecho al Aborto - Diario Digital Femenino","og_description":"Dec\u00e1logo para el correcto tratamiento period\u00edstico del derecho al Aborto, desde Cat\u00f3licas por el Derecho a Decidir Argentina, en colaboraci\u00f3n con la RIPVGAr","og_url":"https:\/\/diariofemenino.com.ar\/df\/decalogo-para-el-correcto-tratamiento-periodistico-del-derecho-al-aborto\/","og_site_name":"Diario Digital Femenino","article_publisher":"https:\/\/www.facebook.com\/DiarioDigitaFemenino\/","article_published_time":"2017-06-26T23:35:05+00:00","article_modified_time":"2019-01-25T16:46:26+00:00","og_image":[{"width":374,"height":528,"url":"https:\/\/diariofemenino.com.ar\/df\/wp-content\/uploads\/2017\/06\/Dec\u00e1logo.jpg","type":"image\/jpeg"}],"author":"Admin","twitter_card":"summary_large_image","twitter_creator":"@DiarioFemenino1","twitter_site":"@DiarioFemenino1","twitter_misc":{"Escrito por":"Admin","Tiempo de lectura":"3 minutos"},"schema":{"@context":"https:\/\/schema.org","@graph":[{"@type":"Article","@id":"https:\/\/diariofemenino.com.ar\/df\/decalogo-para-el-correcto-tratamiento-periodistico-del-derecho-al-aborto\/#article","isPartOf":{"@id":"https:\/\/diariofemenino.com.ar\/df\/decalogo-para-el-correcto-tratamiento-periodistico-del-derecho-al-aborto\/"},"author":{"name":"Admin","@id":"https:\/\/diariofemenino.com.ar\/df\/#\/schema\/person\/38f54b3bfd13f561de2460ba95c169c6"},"headline":"Dec\u00e1logo para el correcto tratamiento period\u00edstico del derecho al Aborto","datePublished":"2017-06-26T23:35:05+00:00","dateModified":"2019-01-25T16:46:26+00:00","mainEntityOfPage":{"@id":"https:\/\/diariofemenino.com.ar\/df\/decalogo-para-el-correcto-tratamiento-periodistico-del-derecho-al-aborto\/"},"wordCount":515,"publisher":{"@id":"https:\/\/diariofemenino.com.ar\/df\/#organization"},"image":{"@id":"https:\/\/diariofemenino.com.ar\/df\/decalogo-para-el-correcto-tratamiento-periodistico-del-derecho-al-aborto\/#primaryimage"},"thumbnailUrl":"https:\/\/diariofemenino.com.ar\/df\/wp-content\/uploads\/2017\/06\/Dec\u00e1logo.jpg","keywords":["Derechos de las mujeres","Derechos Humanos","Derechos sexuales y reproductivos","Pol\u00edticas p\u00fablicas"],"articleSection":["Aborto","Biblioteca Virtual"],"inLanguage":"es"},{"@type":"WebPage","@id":"https:\/\/diariofemenino.com.ar\/df\/decalogo-para-el-correcto-tratamiento-periodistico-del-derecho-al-aborto\/","url":"https:\/\/diariofemenino.com.ar\/df\/decalogo-para-el-correcto-tratamiento-periodistico-del-derecho-al-aborto\/","name":"Dec\u00e1logo para el correcto tratamiento period\u00edstico del derecho al Aborto - Diario Digital Femenino","isPartOf":{"@id":"https:\/\/diariofemenino.com.ar\/df\/#website"},"primaryImageOfPage":{"@id":"https:\/\/diariofemenino.com.ar\/df\/decalogo-para-el-correcto-tratamiento-periodistico-del-derecho-al-aborto\/#primaryimage"},"image":{"@id":"https:\/\/diariofemenino.com.ar\/df\/decalogo-para-el-correcto-tratamiento-periodistico-del-derecho-al-aborto\/#primaryimage"},"thumbnailUrl":"https:\/\/diariofemenino.com.ar\/df\/wp-content\/uploads\/2017\/06\/Dec\u00e1logo.jpg","datePublished":"2017-06-26T23:35:05+00:00","dateModified":"2019-01-25T16:46:26+00:00","description":"Dec\u00e1logo para el correcto tratamiento period\u00edstico del derecho al Aborto, desde Cat\u00f3licas por el Derecho a Decidir Argentina, en colaboraci\u00f3n con la RIPVGAr","breadcrumb":{"@id":"https:\/\/diariofemenino.com.ar\/df\/decalogo-para-el-correcto-tratamiento-periodistico-del-derecho-al-aborto\/#breadcrumb"},"inLanguage":"es","potentialAction":[{"@type":"ReadAction","target":["https:\/\/diariofemenino.com.ar\/df\/decalogo-para-el-correcto-tratamiento-periodistico-del-derecho-al-aborto\/"]}]},{"@type":"ImageObject","inLanguage":"es","@id":"https:\/\/diariofemenino.com.ar\/df\/decalogo-para-el-correcto-tratamiento-periodistico-del-derecho-al-aborto\/#primaryimage","url":"https:\/\/diariofemenino.com.ar\/df\/wp-content\/uploads\/2017\/06\/Dec\u00e1logo.jpg","contentUrl":"https:\/\/diariofemenino.com.ar\/df\/wp-content\/uploads\/2017\/06\/Dec\u00e1logo.jpg","width":374,"height":528},{"@type":"BreadcrumbList","@id":"https:\/\/diariofemenino.com.ar\/df\/decalogo-para-el-correcto-tratamiento-periodistico-del-derecho-al-aborto\/#breadcrumb","itemListElement":[{"@type":"ListItem","position":1,"name":"Portada","item":"https:\/\/diariofemenino.com.ar\/df\/"},{"@type":"ListItem","position":2,"name":"Dec\u00e1logo para el correcto tratamiento period\u00edstico del derecho al Aborto"}]},{"@type":"WebSite","@id":"https:\/\/diariofemenino.com.ar\/df\/#website","url":"https:\/\/diariofemenino.com.ar\/df\/","name":"Diario Digital Femenino","description":"Cuesti\u00f3n de G\u00e9nero","publisher":{"@id":"https:\/\/diariofemenino.com.ar\/df\/#organization"},"potentialAction":[{"@type":"SearchAction","target":{"@type":"EntryPoint","urlTemplate":"https:\/\/diariofemenino.com.ar\/df\/?s={search_term_string}"},"query-input":{"@type":"PropertyValueSpecification","valueRequired":true,"valueName":"search_term_string"}}],"inLanguage":"es"},{"@type":"Organization","@id":"https:\/\/diariofemenino.com.ar\/df\/#organization","name":"Diario Femenino","url":"https:\/\/diariofemenino.com.ar\/df\/","logo":{"@type":"ImageObject","inLanguage":"es","@id":"https:\/\/diariofemenino.com.ar\/df\/#\/schema\/logo\/image\/","url":"https:\/\/diariofemenino.com.ar\/df\/wp-content\/uploads\/2018\/10\/logo.png","contentUrl":"https:\/\/diariofemenino.com.ar\/df\/wp-content\/uploads\/2018\/10\/logo.png","width":500,"height":92,"caption":"Diario Femenino"},"image":{"@id":"https:\/\/diariofemenino.com.ar\/df\/#\/schema\/logo\/image\/"},"sameAs":["https:\/\/www.facebook.com\/DiarioDigitaFemenino\/","https:\/\/x.com\/DiarioFemenino1"]},{"@type":"Person","@id":"https:\/\/diariofemenino.com.ar\/df\/#\/schema\/person\/38f54b3bfd13f561de2460ba95c169c6","name":"Admin","image":{"@type":"ImageObject","inLanguage":"es","@id":"https:\/\/diariofemenino.com.ar\/df\/wp-content\/uploads\/2018\/12\/favicon-150x150.jpg","url":"https:\/\/diariofemenino.com.ar\/df\/wp-content\/uploads\/2018\/12\/favicon-150x150.jpg","contentUrl":"https:\/\/diariofemenino.com.ar\/df\/wp-content\/uploads\/2018\/12\/favicon-150x150.jpg","caption":"Admin"},"url":"https:\/\/diariofemenino.com.ar\/df\/author\/adm18df\/"}]}},"jetpack_featured_media_url":"https:\/\/diariofemenino.com.ar\/df\/wp-content\/uploads\/2017\/06\/Dec\u00e1logo.jpg","jetpack_sharing_enabled":true,"rttpg_featured_image_url":{"full":["https:\/\/diariofemenino.com.ar\/df\/wp-content\/uploads\/2017\/06\/Dec\u00e1logo.jpg",374,528,false],"landscape":["https:\/\/diariofemenino.com.ar\/df\/wp-content\/uploads\/2017\/06\/Dec\u00e1logo.jpg",374,528,false],"portraits":["https:\/\/diariofemenino.com.ar\/df\/wp-content\/uploads\/2017\/06\/Dec\u00e1logo.jpg",374,528,false],"thumbnail":["https:\/\/diariofemenino.com.ar\/df\/wp-content\/uploads\/2017\/06\/Dec\u00e1logo-150x150.jpg",150,150,true],"medium":["https:\/\/diariofemenino.com.ar\/df\/wp-content\/uploads\/2017\/06\/Dec\u00e1logo-213x300.jpg",213,300,true],"large":["https:\/\/diariofemenino.com.ar\/df\/wp-content\/uploads\/2017\/06\/Dec\u00e1logo.jpg",374,528,false],"1536x1536":["https:\/\/diariofemenino.com.ar\/df\/wp-content\/uploads\/2017\/06\/Dec\u00e1logo.jpg",374,528,false],"2048x2048":["https:\/\/diariofemenino.com.ar\/df\/wp-content\/uploads\/2017\/06\/Dec\u00e1logo.jpg",374,528,false]},"rttpg_author":{"display_name":"Admin","author_link":"https:\/\/diariofemenino.com.ar\/df\/author\/adm18df\/"},"rttpg_comment":0,"rttpg_category":"<a href=\"https:\/\/diariofemenino.com.ar\/df\/category\/aborto\/\" rel=\"category tag\">Aborto<\/a> <a href=\"https:\/\/diariofemenino.com.ar\/df\/category\/biblioteca\/\" rel=\"category tag\">Biblioteca Virtual<\/a>","rttpg_excerpt":"(Descargar en portada) Los derechos humanos de las mujeres, los derechos sexuales y reproductivos y en particular el tema del aborto, forman parte de una agenda pol\u00edtica cada vez m\u00e1s presente que sin embargo a\u00fan est\u00e1 ausente en las entrevistas y notas llamadas pol\u00edticas. Es por eso que desde Cat\u00f3licas por el Derecho a Decidir&hellip;","_links":{"self":[{"href":"https:\/\/diariofemenino.com.ar\/df\/wp-json\/wp\/v2\/posts\/28597","targetHints":{"allow":["GET"]}}],"collection":[{"href":"https:\/\/diariofemenino.com.ar\/df\/wp-json\/wp\/v2\/posts"}],"about":[{"href":"https:\/\/diariofemenino.com.ar\/df\/wp-json\/wp\/v2\/types\/post"}],"author":[{"embeddable":true,"href":"https:\/\/diariofemenino.com.ar\/df\/wp-json\/wp\/v2\/users\/1"}],"replies":[{"embeddable":true,"href":"https:\/\/diariofemenino.com.ar\/df\/wp-json\/wp\/v2\/comments?post=28597"}],"version-history":[{"count":0,"href":"https:\/\/diariofemenino.com.ar\/df\/wp-json\/wp\/v2\/posts\/28597\/revisions"}],"wp:featuredmedia":[{"embeddable":true,"href":"https:\/\/diariofemenino.com.ar\/df\/wp-json\/wp\/v2\/media\/28598"}],"wp:attachment":[{"href":"https:\/\/diariofemenino.com.ar\/df\/wp-json\/wp\/v2\/media?parent=28597"}],"wp:term":[{"taxonomy":"category","embeddable":true,"href":"https:\/\/diariofemenino.com.ar\/df\/wp-json\/wp\/v2\/categories?post=28597"},{"taxonomy":"post_tag","embeddable":true,"href":"https:\/\/diariofemenino.com.ar\/df\/wp-json\/wp\/v2\/tags?post=28597"}],"curies":[{"name":"wp","href":"https:\/\/api.w.org\/{rel}","templated":true}]}}