{"id":2848,"date":"2012-08-04T12:58:30","date_gmt":"2012-08-04T15:58:30","guid":{"rendered":"http:\/\/www.diariofemenino.com.ar\/?p=2848"},"modified":"2012-08-04T12:58:30","modified_gmt":"2012-08-04T15:58:30","slug":"la-periodista-y-defensora-de-derechos-humanos-lydia-cacho-abandona-mexico-por-amenazas-de-muerte","status":"publish","type":"post","link":"https:\/\/diariofemenino.com.ar\/df\/la-periodista-y-defensora-de-derechos-humanos-lydia-cacho-abandona-mexico-por-amenazas-de-muerte\/","title":{"rendered":"La periodista y defensora de derechos humanos Lydia Cacho abandona M\u00e9xico por amenazas de muerte"},"content":{"rendered":"<p>&nbsp;<br \/>\n&nbsp;<br \/>\nM\u00e9xico, 3 agosto de 2012. \u00a0La escritora y periodista mexicana Lydia Cacho se vio obligada a salir de M\u00e9xico despu\u00e9s de que recibi\u00f3 v\u00eda telef\u00f3nica nuevas amenazas de muerte en su contra, dijo a Efe la tambi\u00e9n defensora de los derechos de la mujer.<br \/>\n<a href=\"http:\/\/www.diariofemenino.com.ar\/wp-content\/uploads\/cacho.jpg\"><img loading=\"lazy\" decoding=\"async\" class=\"alignleft size-full wp-image-2849\" src=\"http:\/\/www.diariofemenino.com.ar\/wp-content\/uploads\/cacho.jpg\" alt=\"\" width=\"400\" height=\"299\" \/><\/a><br \/>\nCacho, quien reside en el balneario mexicano de Canc\u00fan, recibi\u00f3 el domingo pasado en un equipo de radiocomunicaci\u00f3n una amenaza de muerte proveniente de una fuente cercana al parecer de miembros del crimen organizado, tras la cual abandon\u00f3 de inmediato el pa\u00eds.<br \/>\n&nbsp;<br \/>\n\u201cNo te metas con nosotros o te vamos a mandar a casa en pedacitos\u201d, dijo una voz desconocida a trav\u00e9s del radiotel\u00e9fono, seg\u00fan relat\u00f3 esta semana la propia Cacho al Comit\u00e9 para la Protecci\u00f3n de los Periodistas (CPJ), con sede en Nueva York.<br \/>\n&nbsp;<br \/>\n\u201cEn cuanto sucedi\u00f3 me preocup\u00e9, siempre se siente horrible escuchar algo tan grotesco\u201d, afirm\u00f3 Cacho, quien explic\u00f3 que se alarm\u00f3 a\u00fan m\u00e1s cuando asesores de seguridad le explicaron que las transmisiones de radiocomunicaci\u00f3n se interceptan desde distancias cercanas a menos de 5 kil\u00f3metros.<br \/>\n&nbsp;<br \/>\nExplic\u00f3 que al parecer las amenazas provienen de algunos presuntos delincuentes que hab\u00edan sido se\u00f1alados en su libro \u201cEsclavas del Poder\u201d y que estaban vinculados con la trata de mujeres para la prostituci\u00f3n.<br \/>\n&nbsp;<br \/>\nCacho sostuvo que no regresar\u00e1 a M\u00e9xico mientras no tenga las garant\u00edas para su vida, pero afirm\u00f3 que sigue trabajando en un nuevo libro.<br \/>\n&nbsp;<br \/>\nEn una acci\u00f3n urgente lanzada ayer, Amnist\u00eda Internacional M\u00e9xico pide a las autoridades mexicanas garantizar la seguridad de la periodista y adoptar medidas \u201cefectivas de protecci\u00f3n\u201d, as\u00ed como la apertura de una \u201cinvestigaci\u00f3n inmediata, exhaustiva e imparcial sobre las amenazas\u201d y llevar a los responsables ante la justicia.<br \/>\n&nbsp;<br \/>\nLa activista empez\u00f3 a recibir amenazas y agresiones despu\u00e9s de que public\u00f3 en 2005 el libro \u201cLos demonios del Ed\u00e9n\u201d, en el que denunci\u00f3 una red de pornograf\u00eda infantil, protegida supuestamente por pol\u00edticos y empresarios de los estados de Quintana Roo y Puebla.<br \/>\n&nbsp;<br \/>\nDesde entonces, Cacho ha sido objeto de amenazas debido a la defensa de los derechos humanos de mujeres y ni\u00f1os.<br \/>\n&nbsp;<br \/>\n&nbsp;<br \/>\n&nbsp;<br \/>\nFuente: \u00a0<a href=\"http:\/\/www.nssoaxaca.com\/nacional\/1-general\/16991-la-periodista-y-defensora-de-derechos-humanos-lydia-cacho-abandona-mexico-por-amenazas-de-muerte\" target=\"_blank\">NSSOxaca<\/a><\/p>\n","protected":false},"excerpt":{"rendered":"<p>&nbsp; &nbsp; M\u00e9xico, 3 agosto de 2012. \u00a0La escritora y periodista mexicana Lydia Cacho se vio obligada a salir de M\u00e9xico despu\u00e9s de que recibi\u00f3 v\u00eda telef\u00f3nica nuevas amenazas de muerte en su contra, dijo a Efe la tambi\u00e9n defensora de los derechos de la mujer. Cacho, quien reside en el balneario mexicano de Canc\u00fan, [&hellip;]<\/p>\n","protected":false},"author":1,"featured_media":0,"comment_status":"open","ping_status":"open","sticky":false,"template":"","format":"standard","meta":{"iawp_total_views":5,"footnotes":""},"categories":[3,4],"tags":[],"class_list":["post-2848","post","type-post","status-publish","format-standard","hentry","category-de-la-revolucion-al-reaprendizaje","category-medios"],"nelio_content":{"autoShareEndMode":"never","automationSources":{"useCustomSentences":false,"customSentences":[]},"efiAlt":"","efiUrl":"","followers":[],"highlights":[],"isAutoShareEnabled":true,"networkImageIds":[],"permalinkQueryArgs":[],"series":[],"suggestedReferences":[]},"yoast_head":"<!-- This site is optimized with the Yoast SEO plugin v27.4 - https:\/\/yoast.com\/product\/yoast-seo-wordpress\/ -->\n<title>La periodista y defensora de derechos humanos Lydia Cacho abandona M\u00e9xico por amenazas de muerte - Diario Digital Femenino<\/title>\n<meta name=\"robots\" content=\"index, follow, max-snippet:-1, max-image-preview:large, max-video-preview:-1\" \/>\n<link rel=\"canonical\" href=\"https:\/\/diariofemenino.com.ar\/df\/la-periodista-y-defensora-de-derechos-humanos-lydia-cacho-abandona-mexico-por-amenazas-de-muerte\/\" \/>\n<meta property=\"og:locale\" content=\"es_ES\" \/>\n<meta property=\"og:type\" content=\"article\" \/>\n<meta property=\"og:title\" content=\"La periodista y defensora de derechos humanos Lydia Cacho abandona M\u00e9xico por amenazas de muerte - Diario Digital Femenino\" \/>\n<meta property=\"og:description\" content=\"&nbsp; &nbsp; M\u00e9xico, 3 agosto de 2012. \u00a0La escritora y periodista mexicana Lydia Cacho se vio obligada a salir de M\u00e9xico despu\u00e9s de que recibi\u00f3 v\u00eda telef\u00f3nica nuevas amenazas de muerte en su contra, dijo a Efe la tambi\u00e9n defensora de los derechos de la mujer. Cacho, quien reside en el balneario mexicano de Canc\u00fan, [&hellip;]\" \/>\n<meta property=\"og:url\" content=\"https:\/\/diariofemenino.com.ar\/df\/la-periodista-y-defensora-de-derechos-humanos-lydia-cacho-abandona-mexico-por-amenazas-de-muerte\/\" \/>\n<meta property=\"og:site_name\" content=\"Diario Digital Femenino\" \/>\n<meta property=\"article:publisher\" content=\"https:\/\/www.facebook.com\/DiarioDigitaFemenino\/\" \/>\n<meta property=\"article:published_time\" content=\"2012-08-04T15:58:30+00:00\" \/>\n<meta property=\"og:image\" content=\"http:\/\/www.diariofemenino.com.ar\/wp-content\/uploads\/cacho.jpg\" \/>\n<meta name=\"author\" content=\"Admin\" \/>\n<meta name=\"twitter:card\" content=\"summary_large_image\" \/>\n<meta name=\"twitter:creator\" content=\"@DiarioFemenino1\" \/>\n<meta name=\"twitter:site\" content=\"@DiarioFemenino1\" \/>\n<meta name=\"twitter:label1\" content=\"Escrito por\" \/>\n\t<meta name=\"twitter:data1\" content=\"Admin\" \/>\n\t<meta name=\"twitter:label2\" content=\"Tiempo de lectura\" \/>\n\t<meta name=\"twitter:data2\" content=\"2 minutos\" \/>\n<script type=\"application\/ld+json\" class=\"yoast-schema-graph\">{\"@context\":\"https:\\\/\\\/schema.org\",\"@graph\":[{\"@type\":\"Article\",\"@id\":\"https:\\\/\\\/diariofemenino.com.ar\\\/df\\\/la-periodista-y-defensora-de-derechos-humanos-lydia-cacho-abandona-mexico-por-amenazas-de-muerte\\\/#article\",\"isPartOf\":{\"@id\":\"https:\\\/\\\/diariofemenino.com.ar\\\/df\\\/la-periodista-y-defensora-de-derechos-humanos-lydia-cacho-abandona-mexico-por-amenazas-de-muerte\\\/\"},\"author\":{\"name\":\"Admin\",\"@id\":\"https:\\\/\\\/diariofemenino.com.ar\\\/df\\\/#\\\/schema\\\/person\\\/38f54b3bfd13f561de2460ba95c169c6\"},\"headline\":\"La periodista y defensora de derechos humanos Lydia Cacho abandona M\u00e9xico por amenazas de muerte\",\"datePublished\":\"2012-08-04T15:58:30+00:00\",\"mainEntityOfPage\":{\"@id\":\"https:\\\/\\\/diariofemenino.com.ar\\\/df\\\/la-periodista-y-defensora-de-derechos-humanos-lydia-cacho-abandona-mexico-por-amenazas-de-muerte\\\/\"},\"wordCount\":398,\"commentCount\":0,\"publisher\":{\"@id\":\"https:\\\/\\\/diariofemenino.com.ar\\\/df\\\/#organization\"},\"image\":{\"@id\":\"https:\\\/\\\/diariofemenino.com.ar\\\/df\\\/la-periodista-y-defensora-de-derechos-humanos-lydia-cacho-abandona-mexico-por-amenazas-de-muerte\\\/#primaryimage\"},\"thumbnailUrl\":\"http:\\\/\\\/www.diariofemenino.com.ar\\\/wp-content\\\/uploads\\\/cacho.jpg\",\"articleSection\":[\"De la Revoluci\u00f3n al Reaprendizaje\",\"Medios\"],\"inLanguage\":\"es\",\"potentialAction\":[{\"@type\":\"CommentAction\",\"name\":\"Comment\",\"target\":[\"https:\\\/\\\/diariofemenino.com.ar\\\/df\\\/la-periodista-y-defensora-de-derechos-humanos-lydia-cacho-abandona-mexico-por-amenazas-de-muerte\\\/#respond\"]}]},{\"@type\":\"WebPage\",\"@id\":\"https:\\\/\\\/diariofemenino.com.ar\\\/df\\\/la-periodista-y-defensora-de-derechos-humanos-lydia-cacho-abandona-mexico-por-amenazas-de-muerte\\\/\",\"url\":\"https:\\\/\\\/diariofemenino.com.ar\\\/df\\\/la-periodista-y-defensora-de-derechos-humanos-lydia-cacho-abandona-mexico-por-amenazas-de-muerte\\\/\",\"name\":\"La periodista y defensora de derechos humanos Lydia Cacho abandona M\u00e9xico por amenazas de muerte - Diario Digital Femenino\",\"isPartOf\":{\"@id\":\"https:\\\/\\\/diariofemenino.com.ar\\\/df\\\/#website\"},\"primaryImageOfPage\":{\"@id\":\"https:\\\/\\\/diariofemenino.com.ar\\\/df\\\/la-periodista-y-defensora-de-derechos-humanos-lydia-cacho-abandona-mexico-por-amenazas-de-muerte\\\/#primaryimage\"},\"image\":{\"@id\":\"https:\\\/\\\/diariofemenino.com.ar\\\/df\\\/la-periodista-y-defensora-de-derechos-humanos-lydia-cacho-abandona-mexico-por-amenazas-de-muerte\\\/#primaryimage\"},\"thumbnailUrl\":\"http:\\\/\\\/www.diariofemenino.com.ar\\\/wp-content\\\/uploads\\\/cacho.jpg\",\"datePublished\":\"2012-08-04T15:58:30+00:00\",\"breadcrumb\":{\"@id\":\"https:\\\/\\\/diariofemenino.com.ar\\\/df\\\/la-periodista-y-defensora-de-derechos-humanos-lydia-cacho-abandona-mexico-por-amenazas-de-muerte\\\/#breadcrumb\"},\"inLanguage\":\"es\",\"potentialAction\":[{\"@type\":\"ReadAction\",\"target\":[\"https:\\\/\\\/diariofemenino.com.ar\\\/df\\\/la-periodista-y-defensora-de-derechos-humanos-lydia-cacho-abandona-mexico-por-amenazas-de-muerte\\\/\"]}]},{\"@type\":\"ImageObject\",\"inLanguage\":\"es\",\"@id\":\"https:\\\/\\\/diariofemenino.com.ar\\\/df\\\/la-periodista-y-defensora-de-derechos-humanos-lydia-cacho-abandona-mexico-por-amenazas-de-muerte\\\/#primaryimage\",\"url\":\"http:\\\/\\\/www.diariofemenino.com.ar\\\/wp-content\\\/uploads\\\/cacho.jpg\",\"contentUrl\":\"http:\\\/\\\/www.diariofemenino.com.ar\\\/wp-content\\\/uploads\\\/cacho.jpg\"},{\"@type\":\"BreadcrumbList\",\"@id\":\"https:\\\/\\\/diariofemenino.com.ar\\\/df\\\/la-periodista-y-defensora-de-derechos-humanos-lydia-cacho-abandona-mexico-por-amenazas-de-muerte\\\/#breadcrumb\",\"itemListElement\":[{\"@type\":\"ListItem\",\"position\":1,\"name\":\"Portada\",\"item\":\"https:\\\/\\\/diariofemenino.com.ar\\\/df\\\/\"},{\"@type\":\"ListItem\",\"position\":2,\"name\":\"La periodista y defensora de derechos humanos Lydia Cacho abandona M\u00e9xico por amenazas de muerte\"}]},{\"@type\":\"WebSite\",\"@id\":\"https:\\\/\\\/diariofemenino.com.ar\\\/df\\\/#website\",\"url\":\"https:\\\/\\\/diariofemenino.com.ar\\\/df\\\/\",\"name\":\"Diario Digital Femenino\",\"description\":\"Cuesti\u00f3n de G\u00e9nero\",\"publisher\":{\"@id\":\"https:\\\/\\\/diariofemenino.com.ar\\\/df\\\/#organization\"},\"potentialAction\":[{\"@type\":\"SearchAction\",\"target\":{\"@type\":\"EntryPoint\",\"urlTemplate\":\"https:\\\/\\\/diariofemenino.com.ar\\\/df\\\/?s={search_term_string}\"},\"query-input\":{\"@type\":\"PropertyValueSpecification\",\"valueRequired\":true,\"valueName\":\"search_term_string\"}}],\"inLanguage\":\"es\"},{\"@type\":\"Organization\",\"@id\":\"https:\\\/\\\/diariofemenino.com.ar\\\/df\\\/#organization\",\"name\":\"Diario Femenino\",\"url\":\"https:\\\/\\\/diariofemenino.com.ar\\\/df\\\/\",\"logo\":{\"@type\":\"ImageObject\",\"inLanguage\":\"es\",\"@id\":\"https:\\\/\\\/diariofemenino.com.ar\\\/df\\\/#\\\/schema\\\/logo\\\/image\\\/\",\"url\":\"https:\\\/\\\/diariofemenino.com.ar\\\/df\\\/wp-content\\\/uploads\\\/2018\\\/10\\\/logo.png\",\"contentUrl\":\"https:\\\/\\\/diariofemenino.com.ar\\\/df\\\/wp-content\\\/uploads\\\/2018\\\/10\\\/logo.png\",\"width\":500,\"height\":92,\"caption\":\"Diario Femenino\"},\"image\":{\"@id\":\"https:\\\/\\\/diariofemenino.com.ar\\\/df\\\/#\\\/schema\\\/logo\\\/image\\\/\"},\"sameAs\":[\"https:\\\/\\\/www.facebook.com\\\/DiarioDigitaFemenino\\\/\",\"https:\\\/\\\/x.com\\\/DiarioFemenino1\"]},{\"@type\":\"Person\",\"@id\":\"https:\\\/\\\/diariofemenino.com.ar\\\/df\\\/#\\\/schema\\\/person\\\/38f54b3bfd13f561de2460ba95c169c6\",\"name\":\"Admin\",\"image\":{\"@type\":\"ImageObject\",\"inLanguage\":\"es\",\"@id\":\"https:\\\/\\\/diariofemenino.com.ar\\\/df\\\/wp-content\\\/uploads\\\/2018\\\/12\\\/favicon-150x150.jpg\",\"url\":\"https:\\\/\\\/diariofemenino.com.ar\\\/df\\\/wp-content\\\/uploads\\\/2018\\\/12\\\/favicon-150x150.jpg\",\"contentUrl\":\"https:\\\/\\\/diariofemenino.com.ar\\\/df\\\/wp-content\\\/uploads\\\/2018\\\/12\\\/favicon-150x150.jpg\",\"caption\":\"Admin\"},\"url\":\"https:\\\/\\\/diariofemenino.com.ar\\\/df\\\/author\\\/adm18df\\\/\"}]}<\/script>\n<!-- \/ Yoast SEO plugin. -->","yoast_head_json":{"title":"La periodista y defensora de derechos humanos Lydia Cacho abandona M\u00e9xico por amenazas de muerte - Diario Digital Femenino","robots":{"index":"index","follow":"follow","max-snippet":"max-snippet:-1","max-image-preview":"max-image-preview:large","max-video-preview":"max-video-preview:-1"},"canonical":"https:\/\/diariofemenino.com.ar\/df\/la-periodista-y-defensora-de-derechos-humanos-lydia-cacho-abandona-mexico-por-amenazas-de-muerte\/","og_locale":"es_ES","og_type":"article","og_title":"La periodista y defensora de derechos humanos Lydia Cacho abandona M\u00e9xico por amenazas de muerte - Diario Digital Femenino","og_description":"&nbsp; &nbsp; M\u00e9xico, 3 agosto de 2012. \u00a0La escritora y periodista mexicana Lydia Cacho se vio obligada a salir de M\u00e9xico despu\u00e9s de que recibi\u00f3 v\u00eda telef\u00f3nica nuevas amenazas de muerte en su contra, dijo a Efe la tambi\u00e9n defensora de los derechos de la mujer. Cacho, quien reside en el balneario mexicano de Canc\u00fan, [&hellip;]","og_url":"https:\/\/diariofemenino.com.ar\/df\/la-periodista-y-defensora-de-derechos-humanos-lydia-cacho-abandona-mexico-por-amenazas-de-muerte\/","og_site_name":"Diario Digital Femenino","article_publisher":"https:\/\/www.facebook.com\/DiarioDigitaFemenino\/","article_published_time":"2012-08-04T15:58:30+00:00","og_image":[{"url":"http:\/\/www.diariofemenino.com.ar\/wp-content\/uploads\/cacho.jpg","type":"","width":"","height":""}],"author":"Admin","twitter_card":"summary_large_image","twitter_creator":"@DiarioFemenino1","twitter_site":"@DiarioFemenino1","twitter_misc":{"Escrito por":"Admin","Tiempo de lectura":"2 minutos"},"schema":{"@context":"https:\/\/schema.org","@graph":[{"@type":"Article","@id":"https:\/\/diariofemenino.com.ar\/df\/la-periodista-y-defensora-de-derechos-humanos-lydia-cacho-abandona-mexico-por-amenazas-de-muerte\/#article","isPartOf":{"@id":"https:\/\/diariofemenino.com.ar\/df\/la-periodista-y-defensora-de-derechos-humanos-lydia-cacho-abandona-mexico-por-amenazas-de-muerte\/"},"author":{"name":"Admin","@id":"https:\/\/diariofemenino.com.ar\/df\/#\/schema\/person\/38f54b3bfd13f561de2460ba95c169c6"},"headline":"La periodista y defensora de derechos humanos Lydia Cacho abandona M\u00e9xico por amenazas de muerte","datePublished":"2012-08-04T15:58:30+00:00","mainEntityOfPage":{"@id":"https:\/\/diariofemenino.com.ar\/df\/la-periodista-y-defensora-de-derechos-humanos-lydia-cacho-abandona-mexico-por-amenazas-de-muerte\/"},"wordCount":398,"commentCount":0,"publisher":{"@id":"https:\/\/diariofemenino.com.ar\/df\/#organization"},"image":{"@id":"https:\/\/diariofemenino.com.ar\/df\/la-periodista-y-defensora-de-derechos-humanos-lydia-cacho-abandona-mexico-por-amenazas-de-muerte\/#primaryimage"},"thumbnailUrl":"http:\/\/www.diariofemenino.com.ar\/wp-content\/uploads\/cacho.jpg","articleSection":["De la Revoluci\u00f3n al Reaprendizaje","Medios"],"inLanguage":"es","potentialAction":[{"@type":"CommentAction","name":"Comment","target":["https:\/\/diariofemenino.com.ar\/df\/la-periodista-y-defensora-de-derechos-humanos-lydia-cacho-abandona-mexico-por-amenazas-de-muerte\/#respond"]}]},{"@type":"WebPage","@id":"https:\/\/diariofemenino.com.ar\/df\/la-periodista-y-defensora-de-derechos-humanos-lydia-cacho-abandona-mexico-por-amenazas-de-muerte\/","url":"https:\/\/diariofemenino.com.ar\/df\/la-periodista-y-defensora-de-derechos-humanos-lydia-cacho-abandona-mexico-por-amenazas-de-muerte\/","name":"La periodista y defensora de derechos humanos Lydia Cacho abandona M\u00e9xico por amenazas de muerte - Diario Digital Femenino","isPartOf":{"@id":"https:\/\/diariofemenino.com.ar\/df\/#website"},"primaryImageOfPage":{"@id":"https:\/\/diariofemenino.com.ar\/df\/la-periodista-y-defensora-de-derechos-humanos-lydia-cacho-abandona-mexico-por-amenazas-de-muerte\/#primaryimage"},"image":{"@id":"https:\/\/diariofemenino.com.ar\/df\/la-periodista-y-defensora-de-derechos-humanos-lydia-cacho-abandona-mexico-por-amenazas-de-muerte\/#primaryimage"},"thumbnailUrl":"http:\/\/www.diariofemenino.com.ar\/wp-content\/uploads\/cacho.jpg","datePublished":"2012-08-04T15:58:30+00:00","breadcrumb":{"@id":"https:\/\/diariofemenino.com.ar\/df\/la-periodista-y-defensora-de-derechos-humanos-lydia-cacho-abandona-mexico-por-amenazas-de-muerte\/#breadcrumb"},"inLanguage":"es","potentialAction":[{"@type":"ReadAction","target":["https:\/\/diariofemenino.com.ar\/df\/la-periodista-y-defensora-de-derechos-humanos-lydia-cacho-abandona-mexico-por-amenazas-de-muerte\/"]}]},{"@type":"ImageObject","inLanguage":"es","@id":"https:\/\/diariofemenino.com.ar\/df\/la-periodista-y-defensora-de-derechos-humanos-lydia-cacho-abandona-mexico-por-amenazas-de-muerte\/#primaryimage","url":"http:\/\/www.diariofemenino.com.ar\/wp-content\/uploads\/cacho.jpg","contentUrl":"http:\/\/www.diariofemenino.com.ar\/wp-content\/uploads\/cacho.jpg"},{"@type":"BreadcrumbList","@id":"https:\/\/diariofemenino.com.ar\/df\/la-periodista-y-defensora-de-derechos-humanos-lydia-cacho-abandona-mexico-por-amenazas-de-muerte\/#breadcrumb","itemListElement":[{"@type":"ListItem","position":1,"name":"Portada","item":"https:\/\/diariofemenino.com.ar\/df\/"},{"@type":"ListItem","position":2,"name":"La periodista y defensora de derechos humanos Lydia Cacho abandona M\u00e9xico por amenazas de muerte"}]},{"@type":"WebSite","@id":"https:\/\/diariofemenino.com.ar\/df\/#website","url":"https:\/\/diariofemenino.com.ar\/df\/","name":"Diario Digital Femenino","description":"Cuesti\u00f3n de G\u00e9nero","publisher":{"@id":"https:\/\/diariofemenino.com.ar\/df\/#organization"},"potentialAction":[{"@type":"SearchAction","target":{"@type":"EntryPoint","urlTemplate":"https:\/\/diariofemenino.com.ar\/df\/?s={search_term_string}"},"query-input":{"@type":"PropertyValueSpecification","valueRequired":true,"valueName":"search_term_string"}}],"inLanguage":"es"},{"@type":"Organization","@id":"https:\/\/diariofemenino.com.ar\/df\/#organization","name":"Diario Femenino","url":"https:\/\/diariofemenino.com.ar\/df\/","logo":{"@type":"ImageObject","inLanguage":"es","@id":"https:\/\/diariofemenino.com.ar\/df\/#\/schema\/logo\/image\/","url":"https:\/\/diariofemenino.com.ar\/df\/wp-content\/uploads\/2018\/10\/logo.png","contentUrl":"https:\/\/diariofemenino.com.ar\/df\/wp-content\/uploads\/2018\/10\/logo.png","width":500,"height":92,"caption":"Diario Femenino"},"image":{"@id":"https:\/\/diariofemenino.com.ar\/df\/#\/schema\/logo\/image\/"},"sameAs":["https:\/\/www.facebook.com\/DiarioDigitaFemenino\/","https:\/\/x.com\/DiarioFemenino1"]},{"@type":"Person","@id":"https:\/\/diariofemenino.com.ar\/df\/#\/schema\/person\/38f54b3bfd13f561de2460ba95c169c6","name":"Admin","image":{"@type":"ImageObject","inLanguage":"es","@id":"https:\/\/diariofemenino.com.ar\/df\/wp-content\/uploads\/2018\/12\/favicon-150x150.jpg","url":"https:\/\/diariofemenino.com.ar\/df\/wp-content\/uploads\/2018\/12\/favicon-150x150.jpg","contentUrl":"https:\/\/diariofemenino.com.ar\/df\/wp-content\/uploads\/2018\/12\/favicon-150x150.jpg","caption":"Admin"},"url":"https:\/\/diariofemenino.com.ar\/df\/author\/adm18df\/"}]}},"jetpack_featured_media_url":"","jetpack_sharing_enabled":true,"rttpg_featured_image_url":null,"rttpg_author":{"display_name":"Admin","author_link":"https:\/\/diariofemenino.com.ar\/df\/author\/adm18df\/"},"rttpg_comment":0,"rttpg_category":"<a href=\"https:\/\/diariofemenino.com.ar\/df\/category\/de-la-revolucion-al-reaprendizaje\/\" rel=\"category tag\">De la Revoluci\u00f3n al Reaprendizaje<\/a> <a href=\"https:\/\/diariofemenino.com.ar\/df\/category\/medios\/\" rel=\"category tag\">Medios<\/a>","rttpg_excerpt":"&nbsp; &nbsp; M\u00e9xico, 3 agosto de 2012. \u00a0La escritora y periodista mexicana Lydia Cacho se vio obligada a salir de M\u00e9xico despu\u00e9s de que recibi\u00f3 v\u00eda telef\u00f3nica nuevas amenazas de muerte en su contra, dijo a Efe la tambi\u00e9n defensora de los derechos de la mujer. Cacho, quien reside en el balneario mexicano de Canc\u00fan,&hellip;","_links":{"self":[{"href":"https:\/\/diariofemenino.com.ar\/df\/wp-json\/wp\/v2\/posts\/2848","targetHints":{"allow":["GET"]}}],"collection":[{"href":"https:\/\/diariofemenino.com.ar\/df\/wp-json\/wp\/v2\/posts"}],"about":[{"href":"https:\/\/diariofemenino.com.ar\/df\/wp-json\/wp\/v2\/types\/post"}],"author":[{"embeddable":true,"href":"https:\/\/diariofemenino.com.ar\/df\/wp-json\/wp\/v2\/users\/1"}],"replies":[{"embeddable":true,"href":"https:\/\/diariofemenino.com.ar\/df\/wp-json\/wp\/v2\/comments?post=2848"}],"version-history":[{"count":0,"href":"https:\/\/diariofemenino.com.ar\/df\/wp-json\/wp\/v2\/posts\/2848\/revisions"}],"wp:attachment":[{"href":"https:\/\/diariofemenino.com.ar\/df\/wp-json\/wp\/v2\/media?parent=2848"}],"wp:term":[{"taxonomy":"category","embeddable":true,"href":"https:\/\/diariofemenino.com.ar\/df\/wp-json\/wp\/v2\/categories?post=2848"},{"taxonomy":"post_tag","embeddable":true,"href":"https:\/\/diariofemenino.com.ar\/df\/wp-json\/wp\/v2\/tags?post=2848"}],"curies":[{"name":"wp","href":"https:\/\/api.w.org\/{rel}","templated":true}]}}