{"id":2845,"date":"2012-08-04T11:51:26","date_gmt":"2012-08-04T14:51:26","guid":{"rendered":"http:\/\/www.diariofemenino.com.ar\/?p=2845"},"modified":"2012-08-04T11:51:26","modified_gmt":"2012-08-04T14:51:26","slug":"psoe-tacha-de-atentado-contra-los-derechos-de-la-mujer-la-reforma-de-la-ley-que-prepara-el-gobierno","status":"publish","type":"post","link":"https:\/\/diariofemenino.com.ar\/df\/psoe-tacha-de-atentado-contra-los-derechos-de-la-mujer-la-reforma-de-la-ley-que-prepara-el-gobierno\/","title":{"rendered":"PSOE tacha de &#034;atentado&#034; contra los derechos de la mujer la reforma de la ley que prepara el Gobierno"},"content":{"rendered":"<p>&nbsp;<br \/>\n&nbsp;<br \/>\nEspa\u00f1a, \u00a04 de agosto de 2012. La secretaria de Igualdad y G\u00e9nero de la Ejecutiva Provincial del PSOE,\u00a0<strong>Elena Ruiz<\/strong>, ha afirmado que la reforma de la\u00a0<strong>Ley<\/strong>\u00a0del Aborto que pretende el PP supone \u00abun retroceso en la historia de m\u00e1s de treinta a\u00f1os\u00bb y \u00abun\u00a0<strong>atentado contra<\/strong>\u00a0el derecho de las\u00a0<strong>mujeres<\/strong>\u00a0a decidir libremente sobre su maternidad\u00bb.<br \/>\nEn una nota, la representante socialista ha lamentado que entre los cambios que va a introducir el Gobierno est\u00e9 \u00abeliminar que una mujer pueda abortar cuando haya una malformaci\u00f3n grave del feto, dictaminada por un m\u00e9dico\u00bb, lo cual supone \u00abun atentado en toda regla a las pol\u00edticas que hemos conseguido en materia de igualdad y una agresi\u00f3n a los derechos y a las libertades de las mujeres\u00bb.<br \/>\nEn este sentido, la secretaria de Igualdad y G\u00e9nero de la Ejecutiva ha se\u00f1alado que el PP \u00abtrata a las mujeres como seres inferiores, como si no tuvieran capacidad de decidir cuando quieren continuar adelante con su embarazo y cuando, por razones que est\u00e1n dentro de la normativa, consideran necesario interrumpirlo con garant\u00edas sanitarias, jur\u00eddicas y en igualdad de condiciones\u00bb.<br \/>\nAsimismo, Elena Ruiz ha criticado la \u00abgran carga ideol\u00f3gica\u00bb que, a su juicio, conlleva esta reforma de la Ley del Aborto del PP que \u00abest\u00e1 tratando a las mujeres como seres inferiores, sin capacidad para decidir por s\u00ed mismas y a las que les quiere quitar el derecho legal que ahora tienen reconocido\u00bb.<br \/>\nAdem\u00e1s, la representante socialista ha advertido de que la reforma de la ley \u00abva a dar lugar a que haya dos tipos de mujeres en Espa\u00f1a, las que tienen recursos econ\u00f3micos y podr\u00e1n ir a cualquier pa\u00eds de la UE y abortar legalmente, con garant\u00edas sanitarias y con seguridad jur\u00eddica de los profesionales sanitarios, y otro grupo que por falta de recursos tendr\u00e1 que recurrir a los abortos clandestinos, volviendo a lo que era la Espa\u00f1a franquista, como si fueran delincuentes, con el enorme riesgo que supondr\u00eda para la salud e incluso la vida de muchas mujeres\u00bb.<br \/>\nA su juicio, \u00aben estos momentos de crisis econ\u00f3mica, con los enormes problemas que tiene el pa\u00eds, con cerca de seis millones de parados, nos parece absolutamente inadmisible y fuera de lugar que el Gobierno del PP est\u00e9 pensando en modificar una ley que adem\u00e1s est\u00e1 consiguiendo una disminuci\u00f3n del n\u00famero de abortos\u00bb.<br \/>\n&nbsp;<br \/>\n&nbsp;<br \/>\n&nbsp;<br \/>\nFuente: \u00a0<a href=\"http:\/\/www.lavanguardia.com\/20120804\/54333168958\/psoe-tacha-de-atentado-contra-los-derechos-de-la-mujer-la-reforma-de-la-ley-que-prepara-el-gobierno.html\" target=\"_blank\">LaVanguardia<\/a><\/p>\n","protected":false},"excerpt":{"rendered":"<p>&nbsp; &nbsp; Espa\u00f1a, \u00a04 de agosto de 2012. La secretaria de Igualdad y G\u00e9nero de la Ejecutiva Provincial del PSOE,\u00a0Elena Ruiz, ha afirmado que la reforma de la\u00a0Ley\u00a0del Aborto que pretende el PP supone \u00abun retroceso en la historia de m\u00e1s de treinta a\u00f1os\u00bb y \u00abun\u00a0atentado contra\u00a0el derecho de las\u00a0mujeres\u00a0a decidir libremente sobre su maternidad\u00bb. [&hellip;]<\/p>\n","protected":false},"author":1,"featured_media":0,"comment_status":"open","ping_status":"open","sticky":false,"template":"","format":"standard","meta":{"iawp_total_views":7,"footnotes":""},"categories":[22,3,4],"tags":[],"class_list":["post-2845","post","type-post","status-publish","format-standard","hentry","category-aborto","category-de-la-revolucion-al-reaprendizaje","category-medios"],"nelio_content":{"autoShareEndMode":"never","automationSources":{"useCustomSentences":false,"customSentences":[]},"efiAlt":"","efiUrl":"","followers":[],"highlights":[],"isAutoShareEnabled":true,"networkImageIds":[],"permalinkQueryArgs":[],"series":[],"suggestedReferences":[]},"yoast_head":"<!-- This site is optimized with the Yoast SEO plugin v27.4 - https:\/\/yoast.com\/product\/yoast-seo-wordpress\/ -->\n<title>PSOE tacha de &#034;atentado&#034; contra los derechos de la mujer la reforma de la ley que prepara el Gobierno - Diario Digital Femenino<\/title>\n<meta name=\"robots\" content=\"index, follow, max-snippet:-1, max-image-preview:large, max-video-preview:-1\" \/>\n<link rel=\"canonical\" href=\"https:\/\/diariofemenino.com.ar\/df\/psoe-tacha-de-atentado-contra-los-derechos-de-la-mujer-la-reforma-de-la-ley-que-prepara-el-gobierno\/\" \/>\n<meta property=\"og:locale\" content=\"es_ES\" \/>\n<meta property=\"og:type\" content=\"article\" \/>\n<meta property=\"og:title\" content=\"PSOE tacha de &#034;atentado&#034; contra los derechos de la mujer la reforma de la ley que prepara el Gobierno - Diario Digital Femenino\" \/>\n<meta property=\"og:description\" content=\"&nbsp; &nbsp; Espa\u00f1a, \u00a04 de agosto de 2012. La secretaria de Igualdad y G\u00e9nero de la Ejecutiva Provincial del PSOE,\u00a0Elena Ruiz, ha afirmado que la reforma de la\u00a0Ley\u00a0del Aborto que pretende el PP supone \u00abun retroceso en la historia de m\u00e1s de treinta a\u00f1os\u00bb y \u00abun\u00a0atentado contra\u00a0el derecho de las\u00a0mujeres\u00a0a decidir libremente sobre su maternidad\u00bb. [&hellip;]\" \/>\n<meta property=\"og:url\" content=\"https:\/\/diariofemenino.com.ar\/df\/psoe-tacha-de-atentado-contra-los-derechos-de-la-mujer-la-reforma-de-la-ley-que-prepara-el-gobierno\/\" \/>\n<meta property=\"og:site_name\" content=\"Diario Digital Femenino\" \/>\n<meta property=\"article:publisher\" content=\"https:\/\/www.facebook.com\/DiarioDigitaFemenino\/\" \/>\n<meta property=\"article:published_time\" content=\"2012-08-04T14:51:26+00:00\" \/>\n<meta property=\"og:image\" content=\"https:\/\/diariofemenino.com.ar\/df\/wp-content\/uploads\/2016\/10\/logo-negro.png\" \/>\n\t<meta property=\"og:image:width\" content=\"855\" \/>\n\t<meta property=\"og:image:height\" content=\"319\" \/>\n\t<meta property=\"og:image:type\" content=\"image\/png\" \/>\n<meta name=\"author\" content=\"Admin\" \/>\n<meta name=\"twitter:card\" content=\"summary_large_image\" \/>\n<meta name=\"twitter:creator\" content=\"@DiarioFemenino1\" \/>\n<meta name=\"twitter:site\" content=\"@DiarioFemenino1\" \/>\n<meta name=\"twitter:label1\" content=\"Escrito por\" \/>\n\t<meta name=\"twitter:data1\" content=\"Admin\" \/>\n\t<meta name=\"twitter:label2\" content=\"Tiempo de lectura\" \/>\n\t<meta name=\"twitter:data2\" content=\"2 minutos\" \/>\n<script type=\"application\/ld+json\" class=\"yoast-schema-graph\">{\"@context\":\"https:\\\/\\\/schema.org\",\"@graph\":[{\"@type\":\"Article\",\"@id\":\"https:\\\/\\\/diariofemenino.com.ar\\\/df\\\/psoe-tacha-de-atentado-contra-los-derechos-de-la-mujer-la-reforma-de-la-ley-que-prepara-el-gobierno\\\/#article\",\"isPartOf\":{\"@id\":\"https:\\\/\\\/diariofemenino.com.ar\\\/df\\\/psoe-tacha-de-atentado-contra-los-derechos-de-la-mujer-la-reforma-de-la-ley-que-prepara-el-gobierno\\\/\"},\"author\":{\"name\":\"Admin\",\"@id\":\"https:\\\/\\\/diariofemenino.com.ar\\\/df\\\/#\\\/schema\\\/person\\\/38f54b3bfd13f561de2460ba95c169c6\"},\"headline\":\"PSOE tacha de &#034;atentado&#034; contra los derechos de la mujer la reforma de la ley que prepara el Gobierno\",\"datePublished\":\"2012-08-04T14:51:26+00:00\",\"mainEntityOfPage\":{\"@id\":\"https:\\\/\\\/diariofemenino.com.ar\\\/df\\\/psoe-tacha-de-atentado-contra-los-derechos-de-la-mujer-la-reforma-de-la-ley-que-prepara-el-gobierno\\\/\"},\"wordCount\":442,\"commentCount\":0,\"publisher\":{\"@id\":\"https:\\\/\\\/diariofemenino.com.ar\\\/df\\\/#organization\"},\"articleSection\":[\"Aborto\",\"De la Revoluci\u00f3n al Reaprendizaje\",\"Medios\"],\"inLanguage\":\"es\",\"potentialAction\":[{\"@type\":\"CommentAction\",\"name\":\"Comment\",\"target\":[\"https:\\\/\\\/diariofemenino.com.ar\\\/df\\\/psoe-tacha-de-atentado-contra-los-derechos-de-la-mujer-la-reforma-de-la-ley-que-prepara-el-gobierno\\\/#respond\"]}]},{\"@type\":\"WebPage\",\"@id\":\"https:\\\/\\\/diariofemenino.com.ar\\\/df\\\/psoe-tacha-de-atentado-contra-los-derechos-de-la-mujer-la-reforma-de-la-ley-que-prepara-el-gobierno\\\/\",\"url\":\"https:\\\/\\\/diariofemenino.com.ar\\\/df\\\/psoe-tacha-de-atentado-contra-los-derechos-de-la-mujer-la-reforma-de-la-ley-que-prepara-el-gobierno\\\/\",\"name\":\"PSOE tacha de &#034;atentado&#034; contra los derechos de la mujer la reforma de la ley que prepara el Gobierno - Diario Digital Femenino\",\"isPartOf\":{\"@id\":\"https:\\\/\\\/diariofemenino.com.ar\\\/df\\\/#website\"},\"datePublished\":\"2012-08-04T14:51:26+00:00\",\"breadcrumb\":{\"@id\":\"https:\\\/\\\/diariofemenino.com.ar\\\/df\\\/psoe-tacha-de-atentado-contra-los-derechos-de-la-mujer-la-reforma-de-la-ley-que-prepara-el-gobierno\\\/#breadcrumb\"},\"inLanguage\":\"es\",\"potentialAction\":[{\"@type\":\"ReadAction\",\"target\":[\"https:\\\/\\\/diariofemenino.com.ar\\\/df\\\/psoe-tacha-de-atentado-contra-los-derechos-de-la-mujer-la-reforma-de-la-ley-que-prepara-el-gobierno\\\/\"]}]},{\"@type\":\"BreadcrumbList\",\"@id\":\"https:\\\/\\\/diariofemenino.com.ar\\\/df\\\/psoe-tacha-de-atentado-contra-los-derechos-de-la-mujer-la-reforma-de-la-ley-que-prepara-el-gobierno\\\/#breadcrumb\",\"itemListElement\":[{\"@type\":\"ListItem\",\"position\":1,\"name\":\"Portada\",\"item\":\"https:\\\/\\\/diariofemenino.com.ar\\\/df\\\/\"},{\"@type\":\"ListItem\",\"position\":2,\"name\":\"PSOE tacha de &#034;atentado&#034; contra los derechos de la mujer la reforma de la ley que prepara el Gobierno\"}]},{\"@type\":\"WebSite\",\"@id\":\"https:\\\/\\\/diariofemenino.com.ar\\\/df\\\/#website\",\"url\":\"https:\\\/\\\/diariofemenino.com.ar\\\/df\\\/\",\"name\":\"Diario Digital Femenino\",\"description\":\"Cuesti\u00f3n de G\u00e9nero\",\"publisher\":{\"@id\":\"https:\\\/\\\/diariofemenino.com.ar\\\/df\\\/#organization\"},\"potentialAction\":[{\"@type\":\"SearchAction\",\"target\":{\"@type\":\"EntryPoint\",\"urlTemplate\":\"https:\\\/\\\/diariofemenino.com.ar\\\/df\\\/?s={search_term_string}\"},\"query-input\":{\"@type\":\"PropertyValueSpecification\",\"valueRequired\":true,\"valueName\":\"search_term_string\"}}],\"inLanguage\":\"es\"},{\"@type\":\"Organization\",\"@id\":\"https:\\\/\\\/diariofemenino.com.ar\\\/df\\\/#organization\",\"name\":\"Diario Femenino\",\"url\":\"https:\\\/\\\/diariofemenino.com.ar\\\/df\\\/\",\"logo\":{\"@type\":\"ImageObject\",\"inLanguage\":\"es\",\"@id\":\"https:\\\/\\\/diariofemenino.com.ar\\\/df\\\/#\\\/schema\\\/logo\\\/image\\\/\",\"url\":\"https:\\\/\\\/diariofemenino.com.ar\\\/df\\\/wp-content\\\/uploads\\\/2018\\\/10\\\/logo.png\",\"contentUrl\":\"https:\\\/\\\/diariofemenino.com.ar\\\/df\\\/wp-content\\\/uploads\\\/2018\\\/10\\\/logo.png\",\"width\":500,\"height\":92,\"caption\":\"Diario Femenino\"},\"image\":{\"@id\":\"https:\\\/\\\/diariofemenino.com.ar\\\/df\\\/#\\\/schema\\\/logo\\\/image\\\/\"},\"sameAs\":[\"https:\\\/\\\/www.facebook.com\\\/DiarioDigitaFemenino\\\/\",\"https:\\\/\\\/x.com\\\/DiarioFemenino1\"]},{\"@type\":\"Person\",\"@id\":\"https:\\\/\\\/diariofemenino.com.ar\\\/df\\\/#\\\/schema\\\/person\\\/38f54b3bfd13f561de2460ba95c169c6\",\"name\":\"Admin\",\"image\":{\"@type\":\"ImageObject\",\"inLanguage\":\"es\",\"@id\":\"https:\\\/\\\/diariofemenino.com.ar\\\/df\\\/wp-content\\\/uploads\\\/2018\\\/12\\\/favicon-150x150.jpg\",\"url\":\"https:\\\/\\\/diariofemenino.com.ar\\\/df\\\/wp-content\\\/uploads\\\/2018\\\/12\\\/favicon-150x150.jpg\",\"contentUrl\":\"https:\\\/\\\/diariofemenino.com.ar\\\/df\\\/wp-content\\\/uploads\\\/2018\\\/12\\\/favicon-150x150.jpg\",\"caption\":\"Admin\"},\"url\":\"https:\\\/\\\/diariofemenino.com.ar\\\/df\\\/author\\\/adm18df\\\/\"}]}<\/script>\n<!-- \/ Yoast SEO plugin. -->","yoast_head_json":{"title":"PSOE tacha de &#034;atentado&#034; contra los derechos de la mujer la reforma de la ley que prepara el Gobierno - Diario Digital Femenino","robots":{"index":"index","follow":"follow","max-snippet":"max-snippet:-1","max-image-preview":"max-image-preview:large","max-video-preview":"max-video-preview:-1"},"canonical":"https:\/\/diariofemenino.com.ar\/df\/psoe-tacha-de-atentado-contra-los-derechos-de-la-mujer-la-reforma-de-la-ley-que-prepara-el-gobierno\/","og_locale":"es_ES","og_type":"article","og_title":"PSOE tacha de &#034;atentado&#034; contra los derechos de la mujer la reforma de la ley que prepara el Gobierno - Diario Digital Femenino","og_description":"&nbsp; &nbsp; Espa\u00f1a, \u00a04 de agosto de 2012. La secretaria de Igualdad y G\u00e9nero de la Ejecutiva Provincial del PSOE,\u00a0Elena Ruiz, ha afirmado que la reforma de la\u00a0Ley\u00a0del Aborto que pretende el PP supone \u00abun retroceso en la historia de m\u00e1s de treinta a\u00f1os\u00bb y \u00abun\u00a0atentado contra\u00a0el derecho de las\u00a0mujeres\u00a0a decidir libremente sobre su maternidad\u00bb. [&hellip;]","og_url":"https:\/\/diariofemenino.com.ar\/df\/psoe-tacha-de-atentado-contra-los-derechos-de-la-mujer-la-reforma-de-la-ley-que-prepara-el-gobierno\/","og_site_name":"Diario Digital Femenino","article_publisher":"https:\/\/www.facebook.com\/DiarioDigitaFemenino\/","article_published_time":"2012-08-04T14:51:26+00:00","og_image":[{"width":855,"height":319,"url":"https:\/\/diariofemenino.com.ar\/df\/wp-content\/uploads\/2016\/10\/logo-negro.png","type":"image\/png"}],"author":"Admin","twitter_card":"summary_large_image","twitter_creator":"@DiarioFemenino1","twitter_site":"@DiarioFemenino1","twitter_misc":{"Escrito por":"Admin","Tiempo de lectura":"2 minutos"},"schema":{"@context":"https:\/\/schema.org","@graph":[{"@type":"Article","@id":"https:\/\/diariofemenino.com.ar\/df\/psoe-tacha-de-atentado-contra-los-derechos-de-la-mujer-la-reforma-de-la-ley-que-prepara-el-gobierno\/#article","isPartOf":{"@id":"https:\/\/diariofemenino.com.ar\/df\/psoe-tacha-de-atentado-contra-los-derechos-de-la-mujer-la-reforma-de-la-ley-que-prepara-el-gobierno\/"},"author":{"name":"Admin","@id":"https:\/\/diariofemenino.com.ar\/df\/#\/schema\/person\/38f54b3bfd13f561de2460ba95c169c6"},"headline":"PSOE tacha de &#034;atentado&#034; contra los derechos de la mujer la reforma de la ley que prepara el Gobierno","datePublished":"2012-08-04T14:51:26+00:00","mainEntityOfPage":{"@id":"https:\/\/diariofemenino.com.ar\/df\/psoe-tacha-de-atentado-contra-los-derechos-de-la-mujer-la-reforma-de-la-ley-que-prepara-el-gobierno\/"},"wordCount":442,"commentCount":0,"publisher":{"@id":"https:\/\/diariofemenino.com.ar\/df\/#organization"},"articleSection":["Aborto","De la Revoluci\u00f3n al Reaprendizaje","Medios"],"inLanguage":"es","potentialAction":[{"@type":"CommentAction","name":"Comment","target":["https:\/\/diariofemenino.com.ar\/df\/psoe-tacha-de-atentado-contra-los-derechos-de-la-mujer-la-reforma-de-la-ley-que-prepara-el-gobierno\/#respond"]}]},{"@type":"WebPage","@id":"https:\/\/diariofemenino.com.ar\/df\/psoe-tacha-de-atentado-contra-los-derechos-de-la-mujer-la-reforma-de-la-ley-que-prepara-el-gobierno\/","url":"https:\/\/diariofemenino.com.ar\/df\/psoe-tacha-de-atentado-contra-los-derechos-de-la-mujer-la-reforma-de-la-ley-que-prepara-el-gobierno\/","name":"PSOE tacha de &#034;atentado&#034; contra los derechos de la mujer la reforma de la ley que prepara el Gobierno - Diario Digital Femenino","isPartOf":{"@id":"https:\/\/diariofemenino.com.ar\/df\/#website"},"datePublished":"2012-08-04T14:51:26+00:00","breadcrumb":{"@id":"https:\/\/diariofemenino.com.ar\/df\/psoe-tacha-de-atentado-contra-los-derechos-de-la-mujer-la-reforma-de-la-ley-que-prepara-el-gobierno\/#breadcrumb"},"inLanguage":"es","potentialAction":[{"@type":"ReadAction","target":["https:\/\/diariofemenino.com.ar\/df\/psoe-tacha-de-atentado-contra-los-derechos-de-la-mujer-la-reforma-de-la-ley-que-prepara-el-gobierno\/"]}]},{"@type":"BreadcrumbList","@id":"https:\/\/diariofemenino.com.ar\/df\/psoe-tacha-de-atentado-contra-los-derechos-de-la-mujer-la-reforma-de-la-ley-que-prepara-el-gobierno\/#breadcrumb","itemListElement":[{"@type":"ListItem","position":1,"name":"Portada","item":"https:\/\/diariofemenino.com.ar\/df\/"},{"@type":"ListItem","position":2,"name":"PSOE tacha de &#034;atentado&#034; contra los derechos de la mujer la reforma de la ley que prepara el Gobierno"}]},{"@type":"WebSite","@id":"https:\/\/diariofemenino.com.ar\/df\/#website","url":"https:\/\/diariofemenino.com.ar\/df\/","name":"Diario Digital Femenino","description":"Cuesti\u00f3n de G\u00e9nero","publisher":{"@id":"https:\/\/diariofemenino.com.ar\/df\/#organization"},"potentialAction":[{"@type":"SearchAction","target":{"@type":"EntryPoint","urlTemplate":"https:\/\/diariofemenino.com.ar\/df\/?s={search_term_string}"},"query-input":{"@type":"PropertyValueSpecification","valueRequired":true,"valueName":"search_term_string"}}],"inLanguage":"es"},{"@type":"Organization","@id":"https:\/\/diariofemenino.com.ar\/df\/#organization","name":"Diario Femenino","url":"https:\/\/diariofemenino.com.ar\/df\/","logo":{"@type":"ImageObject","inLanguage":"es","@id":"https:\/\/diariofemenino.com.ar\/df\/#\/schema\/logo\/image\/","url":"https:\/\/diariofemenino.com.ar\/df\/wp-content\/uploads\/2018\/10\/logo.png","contentUrl":"https:\/\/diariofemenino.com.ar\/df\/wp-content\/uploads\/2018\/10\/logo.png","width":500,"height":92,"caption":"Diario Femenino"},"image":{"@id":"https:\/\/diariofemenino.com.ar\/df\/#\/schema\/logo\/image\/"},"sameAs":["https:\/\/www.facebook.com\/DiarioDigitaFemenino\/","https:\/\/x.com\/DiarioFemenino1"]},{"@type":"Person","@id":"https:\/\/diariofemenino.com.ar\/df\/#\/schema\/person\/38f54b3bfd13f561de2460ba95c169c6","name":"Admin","image":{"@type":"ImageObject","inLanguage":"es","@id":"https:\/\/diariofemenino.com.ar\/df\/wp-content\/uploads\/2018\/12\/favicon-150x150.jpg","url":"https:\/\/diariofemenino.com.ar\/df\/wp-content\/uploads\/2018\/12\/favicon-150x150.jpg","contentUrl":"https:\/\/diariofemenino.com.ar\/df\/wp-content\/uploads\/2018\/12\/favicon-150x150.jpg","caption":"Admin"},"url":"https:\/\/diariofemenino.com.ar\/df\/author\/adm18df\/"}]}},"jetpack_featured_media_url":"","jetpack_sharing_enabled":true,"rttpg_featured_image_url":null,"rttpg_author":{"display_name":"Admin","author_link":"https:\/\/diariofemenino.com.ar\/df\/author\/adm18df\/"},"rttpg_comment":0,"rttpg_category":"<a href=\"https:\/\/diariofemenino.com.ar\/df\/category\/aborto\/\" rel=\"category tag\">Aborto<\/a> <a href=\"https:\/\/diariofemenino.com.ar\/df\/category\/de-la-revolucion-al-reaprendizaje\/\" rel=\"category tag\">De la Revoluci\u00f3n al Reaprendizaje<\/a> <a href=\"https:\/\/diariofemenino.com.ar\/df\/category\/medios\/\" rel=\"category tag\">Medios<\/a>","rttpg_excerpt":"&nbsp; &nbsp; Espa\u00f1a, \u00a04 de agosto de 2012. La secretaria de Igualdad y G\u00e9nero de la Ejecutiva Provincial del PSOE,\u00a0Elena Ruiz, ha afirmado que la reforma de la\u00a0Ley\u00a0del Aborto que pretende el PP supone \u00abun retroceso en la historia de m\u00e1s de treinta a\u00f1os\u00bb y \u00abun\u00a0atentado contra\u00a0el derecho de las\u00a0mujeres\u00a0a decidir libremente sobre su maternidad\u00bb.&hellip;","_links":{"self":[{"href":"https:\/\/diariofemenino.com.ar\/df\/wp-json\/wp\/v2\/posts\/2845","targetHints":{"allow":["GET"]}}],"collection":[{"href":"https:\/\/diariofemenino.com.ar\/df\/wp-json\/wp\/v2\/posts"}],"about":[{"href":"https:\/\/diariofemenino.com.ar\/df\/wp-json\/wp\/v2\/types\/post"}],"author":[{"embeddable":true,"href":"https:\/\/diariofemenino.com.ar\/df\/wp-json\/wp\/v2\/users\/1"}],"replies":[{"embeddable":true,"href":"https:\/\/diariofemenino.com.ar\/df\/wp-json\/wp\/v2\/comments?post=2845"}],"version-history":[{"count":0,"href":"https:\/\/diariofemenino.com.ar\/df\/wp-json\/wp\/v2\/posts\/2845\/revisions"}],"wp:attachment":[{"href":"https:\/\/diariofemenino.com.ar\/df\/wp-json\/wp\/v2\/media?parent=2845"}],"wp:term":[{"taxonomy":"category","embeddable":true,"href":"https:\/\/diariofemenino.com.ar\/df\/wp-json\/wp\/v2\/categories?post=2845"},{"taxonomy":"post_tag","embeddable":true,"href":"https:\/\/diariofemenino.com.ar\/df\/wp-json\/wp\/v2\/tags?post=2845"}],"curies":[{"name":"wp","href":"https:\/\/api.w.org\/{rel}","templated":true}]}}