{"id":28318,"date":"2017-05-27T13:03:46","date_gmt":"2017-05-27T16:03:46","guid":{"rendered":"http:\/\/diariofemenino.com.ar\/v2\/?p=28318"},"modified":"2017-05-27T13:03:46","modified_gmt":"2017-05-27T16:03:46","slug":"palabras-que-duelen","status":"publish","type":"post","link":"https:\/\/diariofemenino.com.ar\/df\/palabras-que-duelen\/","title":{"rendered":"Palabras que duelen"},"content":{"rendered":"<article id=\"post-5841\" class=\"post-5841 post type-post status-publish format-standard has-post-thumbnail hentry category-columnas-comunitarias\">\n<div class=\"entry-content\">\n\u201c<strong>No te van a querer ni los perros<\/strong>\u201d, era la frase que ella siempre usaba para retar a sus hijos cuando se portaban mal. Primero, ven\u00eda el pellizc\u00f3n, y despu\u00e9s, como de remate, esta frase punzante, aguda. Seguramente, si le preguntan, ella los educ\u00f3 con amor. Y en nombre del amor, dijo frases como estas\u2026<br \/>\n<strong>\u201c\u00bfQui\u00e9n quiere otro chorip\u00e1n?\u201d<\/strong>, pregunt\u00f3 Carlos en el cumple de su hija. Ella estaba festejando sus 19 y \u00e9l se hab\u00eda ofrecido de asador. \u201c\u00bfQui\u00e9n quiere otro chorip\u00e1n?\u201d, insisti\u00f3. \u201cVos no, mi amor, que est\u00e1s muy gorda\u201d, fue la frase que dispar\u00f3 delante de todos sus amigos. Ella se puso roja de verg\u00fcenza, un nudo enorme le cerr\u00f3 la garganta y no comi\u00f3 m\u00e1s. Se levant\u00f3 despacio y la soledad de su cuarto adolescente fue el mejor refugio hasta la madrugada del d\u00eda siguiente. El padre muri\u00f3 pregunt\u00e1ndose qu\u00e9 hizo mal esa noche.<br \/>\n<strong>\u201cVamos, no seas mariquita\u201d<\/strong>, le dijo su profesor de nataci\u00f3n cuando \u00e9l \u2013que en ese momento ten\u00eda 6 a\u00f1os\u2013 pidi\u00f3 una toalla al salir de la pileta porque ten\u00eda fr\u00edo. Y todos sus amigos empezaron a re\u00edrse. \u201cMariquita, mariquita\u201d, le gritaron. Y el profesor, lejos de hacerlos callar, los alent\u00f3. Nunca m\u00e1s volvi\u00f3 a nadar. (Y nunca, en 34 a\u00f1os de vida, apoy\u00f3 sus labios en los labios de una mujer.)<br \/>\n<strong>\u201cSos un elefante dentro de la clase\u201d<\/strong>, le dijo su profesora de Dibujo el primer d\u00eda del primer a\u00f1o del secundario. Ella ven\u00eda de un primario impecable, donde Dibujo era su materia preferida. Y era, para hacer honor a la verdad, una joven promesa. Ese a\u00f1o, se llev\u00f3 Dibujo a diciembre. Volvi\u00f3 a dibujar 28 a\u00f1os despu\u00e9s, cuando \u2013terapia mediante\u2013 descubri\u00f3 cu\u00e1nto la hab\u00eda inmovilizado esa frase.<br \/>\nEl Perito Moreno fue el lugar elegido para festejar sus 10 a\u00f1os de casados. Caminata por el glaciar, todos los turistas en hilera para no resbalarse. Ella iba delante; \u00e9l, detr\u00e1s. <strong>\u201cTu culo me tapa todo el sol\u201d<\/strong>, fue la frase que eligi\u00f3 \u00e9l para hacer un chiste. Y no entendi\u00f3 por qu\u00e9 esa noche ella se encerr\u00f3 en el ba\u00f1o a llorar.<br \/>\n<strong>Son frases que no te matan, pero te marcan para toda la vida.<\/strong> Frases de mierda. No importa cu\u00e1ntas horas de terapia le dediques a deshacerlas, ellas est\u00e1n ah\u00ed\u2026 rondando, para reaparecer sin previo aviso. Son frases que, cuando las cont\u00e1s, te parece que est\u00e1s exagerando, que no pudieron ser as\u00ed, que quiz\u00e1 las record\u00e1s mal\u2026 Entonces descubr\u00eds la crudeza de esas palabras.<br \/>\nLo bueno es que un d\u00eda, porque ese d\u00eda \u2013cr\u00e9anme\u2013 finalmente llega, te sacas uno por uno todos los pu\u00f1ales que te clavaron en el cuerpo y en el alma, te haces un <em>sana, sana, colita de rana<\/em> y descubr\u00eds que no fueron dichas con odio, que los responsables de escupirnos tama\u00f1as frases son seres que cargan, a su vez, con otras frases.<br \/>\n<strong>Y entonces llega el perd\u00f3n<\/strong>. Y perdonamos. M\u00e1s adelante \u2013bastante m\u00e1s adelante\u2013 viene la compasi\u00f3n. Es ah\u00ed cuando volvemos a sentirnos felices, con ganas de caminar sobre el Perito Moreno m\u00e1s all\u00e1 del tama\u00f1o de nuestro culo, de nadar y gritar: \u201cTengo fr\u00edo, tr\u00e1eme una toalla\u201d, de hacer una lista con toda la gente que te quiere. Porque no solamente te quieren los perros\u2026<br \/>\nPERO\u2026 todos, tratemos de pensar antes de hablar\u2026 ya que las PALABRAS QUE DUELEN tardan muchos a\u00f1os en salir del coraz\u00f3n del otro, y hasta a veces no salen\u2026 No perdamos tiempo con los que queremos, porque perdonar lleva mucho tiempo\u2026<br \/>\nPENSEMOS ANTES DE HABLAR\u2026<br \/>\n&nbsp;<br \/>\n&nbsp;<br \/>\nAn\u00f3nimo\n<\/div>\n<\/article>\n<p>&nbsp;<br \/>\nFuente: <em>Valeria Ruggieri<\/em> &#8211;<em> Lorena Rodr\u00edguez<\/em><br \/>\nBiblioteca de la C\u00e1mara de Diputados<\/p>\n","protected":false},"excerpt":{"rendered":"<p>\u201cNo te van a querer ni los perros\u201d, era la frase que ella siempre usaba para retar a sus hijos cuando se portaban mal. Primero, ven\u00eda el pellizc\u00f3n, y despu\u00e9s, como de remate, esta frase punzante, aguda. Seguramente, si le preguntan, ella los educ\u00f3 con amor. Y en nombre del amor, dijo frases como estas\u2026 [&hellip;]<\/p>\n","protected":false},"author":1,"featured_media":28319,"comment_status":"closed","ping_status":"closed","sticky":false,"template":"","format":"standard","meta":{"iawp_total_views":189,"footnotes":""},"categories":[580],"tags":[414,415,138],"class_list":["post-28318","post","type-post","status-publish","format-standard","has-post-thumbnail","hentry","category-resistencia-verdevioleta","tag-diario-digital-femenino","tag-palabras","tag-violencia"],"nelio_content":{"autoShareEndMode":"never","automationSources":{"useCustomSentences":false,"customSentences":[]},"efiAlt":"","efiUrl":"","followers":[],"highlights":[],"isAutoShareEnabled":true,"networkImageIds":[],"permalinkQueryArgs":[],"series":[],"suggestedReferences":[]},"yoast_head":"<!-- This site is optimized with the Yoast SEO plugin v27.5 - https:\/\/yoast.com\/product\/yoast-seo-wordpress\/ -->\n<title>Palabras que duelen - Diario Digital Femenino<\/title>\n<meta name=\"robots\" content=\"index, follow, max-snippet:-1, max-image-preview:large, max-video-preview:-1\" \/>\n<link rel=\"canonical\" href=\"https:\/\/diariofemenino.com.ar\/df\/palabras-que-duelen\/\" \/>\n<meta property=\"og:locale\" content=\"es_ES\" \/>\n<meta property=\"og:type\" content=\"article\" \/>\n<meta property=\"og:title\" content=\"Palabras que duelen - Diario Digital Femenino\" \/>\n<meta property=\"og:description\" content=\"\u201cNo te van a querer ni los perros\u201d, era la frase que ella siempre usaba para retar a sus hijos cuando se portaban mal. Primero, ven\u00eda el pellizc\u00f3n, y despu\u00e9s, como de remate, esta frase punzante, aguda. Seguramente, si le preguntan, ella los educ\u00f3 con amor. Y en nombre del amor, dijo frases como estas\u2026 [&hellip;]\" \/>\n<meta property=\"og:url\" content=\"https:\/\/diariofemenino.com.ar\/df\/palabras-que-duelen\/\" \/>\n<meta property=\"og:site_name\" content=\"Diario Digital Femenino\" \/>\n<meta property=\"article:publisher\" content=\"https:\/\/www.facebook.com\/DiarioDigitaFemenino\/\" \/>\n<meta property=\"article:published_time\" content=\"2017-05-27T16:03:46+00:00\" \/>\n<meta property=\"og:image\" content=\"https:\/\/diariofemenino.com.ar\/df\/wp-content\/uploads\/2017\/05\/18622671_1404194636293818_7892565910956158223_n.jpg\" \/>\n\t<meta property=\"og:image:width\" content=\"236\" \/>\n\t<meta property=\"og:image:height\" content=\"214\" \/>\n\t<meta property=\"og:image:type\" content=\"image\/jpeg\" \/>\n<meta name=\"author\" content=\"Admin\" \/>\n<meta name=\"twitter:card\" content=\"summary_large_image\" \/>\n<meta name=\"twitter:creator\" content=\"@DiarioFemenino1\" \/>\n<meta name=\"twitter:site\" content=\"@DiarioFemenino1\" \/>\n<meta name=\"twitter:label1\" content=\"Escrito por\" \/>\n\t<meta name=\"twitter:data1\" content=\"Admin\" \/>\n\t<meta name=\"twitter:label2\" content=\"Tiempo de lectura\" \/>\n\t<meta name=\"twitter:data2\" content=\"3 minutos\" \/>\n<script type=\"application\/ld+json\" class=\"yoast-schema-graph\">{\"@context\":\"https:\\\/\\\/schema.org\",\"@graph\":[{\"@type\":\"Article\",\"@id\":\"https:\\\/\\\/diariofemenino.com.ar\\\/df\\\/palabras-que-duelen\\\/#article\",\"isPartOf\":{\"@id\":\"https:\\\/\\\/diariofemenino.com.ar\\\/df\\\/palabras-que-duelen\\\/\"},\"author\":{\"name\":\"Admin\",\"@id\":\"https:\\\/\\\/diariofemenino.com.ar\\\/df\\\/#\\\/schema\\\/person\\\/38f54b3bfd13f561de2460ba95c169c6\"},\"headline\":\"Palabras que duelen\",\"datePublished\":\"2017-05-27T16:03:46+00:00\",\"mainEntityOfPage\":{\"@id\":\"https:\\\/\\\/diariofemenino.com.ar\\\/df\\\/palabras-que-duelen\\\/\"},\"wordCount\":655,\"publisher\":{\"@id\":\"https:\\\/\\\/diariofemenino.com.ar\\\/df\\\/#organization\"},\"image\":{\"@id\":\"https:\\\/\\\/diariofemenino.com.ar\\\/df\\\/palabras-que-duelen\\\/#primaryimage\"},\"thumbnailUrl\":\"https:\\\/\\\/diariofemenino.com.ar\\\/df\\\/wp-content\\\/uploads\\\/2017\\\/05\\\/18622671_1404194636293818_7892565910956158223_n.jpg\",\"keywords\":[\"Diario Digital Femenino\",\"Palabras\",\"Violencia\"],\"articleSection\":[\"Resistencia VerdeVioleta\"],\"inLanguage\":\"es\"},{\"@type\":\"WebPage\",\"@id\":\"https:\\\/\\\/diariofemenino.com.ar\\\/df\\\/palabras-que-duelen\\\/\",\"url\":\"https:\\\/\\\/diariofemenino.com.ar\\\/df\\\/palabras-que-duelen\\\/\",\"name\":\"Palabras que duelen - Diario Digital Femenino\",\"isPartOf\":{\"@id\":\"https:\\\/\\\/diariofemenino.com.ar\\\/df\\\/#website\"},\"primaryImageOfPage\":{\"@id\":\"https:\\\/\\\/diariofemenino.com.ar\\\/df\\\/palabras-que-duelen\\\/#primaryimage\"},\"image\":{\"@id\":\"https:\\\/\\\/diariofemenino.com.ar\\\/df\\\/palabras-que-duelen\\\/#primaryimage\"},\"thumbnailUrl\":\"https:\\\/\\\/diariofemenino.com.ar\\\/df\\\/wp-content\\\/uploads\\\/2017\\\/05\\\/18622671_1404194636293818_7892565910956158223_n.jpg\",\"datePublished\":\"2017-05-27T16:03:46+00:00\",\"breadcrumb\":{\"@id\":\"https:\\\/\\\/diariofemenino.com.ar\\\/df\\\/palabras-que-duelen\\\/#breadcrumb\"},\"inLanguage\":\"es\",\"potentialAction\":[{\"@type\":\"ReadAction\",\"target\":[\"https:\\\/\\\/diariofemenino.com.ar\\\/df\\\/palabras-que-duelen\\\/\"]}]},{\"@type\":\"ImageObject\",\"inLanguage\":\"es\",\"@id\":\"https:\\\/\\\/diariofemenino.com.ar\\\/df\\\/palabras-que-duelen\\\/#primaryimage\",\"url\":\"https:\\\/\\\/diariofemenino.com.ar\\\/df\\\/wp-content\\\/uploads\\\/2017\\\/05\\\/18622671_1404194636293818_7892565910956158223_n.jpg\",\"contentUrl\":\"https:\\\/\\\/diariofemenino.com.ar\\\/df\\\/wp-content\\\/uploads\\\/2017\\\/05\\\/18622671_1404194636293818_7892565910956158223_n.jpg\",\"width\":236,\"height\":214},{\"@type\":\"BreadcrumbList\",\"@id\":\"https:\\\/\\\/diariofemenino.com.ar\\\/df\\\/palabras-que-duelen\\\/#breadcrumb\",\"itemListElement\":[{\"@type\":\"ListItem\",\"position\":1,\"name\":\"Portada\",\"item\":\"https:\\\/\\\/diariofemenino.com.ar\\\/df\\\/\"},{\"@type\":\"ListItem\",\"position\":2,\"name\":\"Palabras que duelen\"}]},{\"@type\":\"WebSite\",\"@id\":\"https:\\\/\\\/diariofemenino.com.ar\\\/df\\\/#website\",\"url\":\"https:\\\/\\\/diariofemenino.com.ar\\\/df\\\/\",\"name\":\"Diario Digital Femenino\",\"description\":\"Cuesti\u00f3n de G\u00e9nero\",\"publisher\":{\"@id\":\"https:\\\/\\\/diariofemenino.com.ar\\\/df\\\/#organization\"},\"potentialAction\":[{\"@type\":\"SearchAction\",\"target\":{\"@type\":\"EntryPoint\",\"urlTemplate\":\"https:\\\/\\\/diariofemenino.com.ar\\\/df\\\/?s={search_term_string}\"},\"query-input\":{\"@type\":\"PropertyValueSpecification\",\"valueRequired\":true,\"valueName\":\"search_term_string\"}}],\"inLanguage\":\"es\"},{\"@type\":\"Organization\",\"@id\":\"https:\\\/\\\/diariofemenino.com.ar\\\/df\\\/#organization\",\"name\":\"Diario Femenino\",\"url\":\"https:\\\/\\\/diariofemenino.com.ar\\\/df\\\/\",\"logo\":{\"@type\":\"ImageObject\",\"inLanguage\":\"es\",\"@id\":\"https:\\\/\\\/diariofemenino.com.ar\\\/df\\\/#\\\/schema\\\/logo\\\/image\\\/\",\"url\":\"https:\\\/\\\/diariofemenino.com.ar\\\/df\\\/wp-content\\\/uploads\\\/2018\\\/10\\\/logo.png\",\"contentUrl\":\"https:\\\/\\\/diariofemenino.com.ar\\\/df\\\/wp-content\\\/uploads\\\/2018\\\/10\\\/logo.png\",\"width\":500,\"height\":92,\"caption\":\"Diario Femenino\"},\"image\":{\"@id\":\"https:\\\/\\\/diariofemenino.com.ar\\\/df\\\/#\\\/schema\\\/logo\\\/image\\\/\"},\"sameAs\":[\"https:\\\/\\\/www.facebook.com\\\/DiarioDigitaFemenino\\\/\",\"https:\\\/\\\/x.com\\\/DiarioFemenino1\"]},{\"@type\":\"Person\",\"@id\":\"https:\\\/\\\/diariofemenino.com.ar\\\/df\\\/#\\\/schema\\\/person\\\/38f54b3bfd13f561de2460ba95c169c6\",\"name\":\"Admin\",\"image\":{\"@type\":\"ImageObject\",\"inLanguage\":\"es\",\"@id\":\"https:\\\/\\\/diariofemenino.com.ar\\\/df\\\/wp-content\\\/uploads\\\/2018\\\/12\\\/favicon-150x150.jpg\",\"url\":\"https:\\\/\\\/diariofemenino.com.ar\\\/df\\\/wp-content\\\/uploads\\\/2018\\\/12\\\/favicon-150x150.jpg\",\"contentUrl\":\"https:\\\/\\\/diariofemenino.com.ar\\\/df\\\/wp-content\\\/uploads\\\/2018\\\/12\\\/favicon-150x150.jpg\",\"caption\":\"Admin\"},\"url\":\"https:\\\/\\\/diariofemenino.com.ar\\\/df\\\/author\\\/adm18df\\\/\"}]}<\/script>\n<!-- \/ Yoast SEO plugin. -->","yoast_head_json":{"title":"Palabras que duelen - Diario Digital Femenino","robots":{"index":"index","follow":"follow","max-snippet":"max-snippet:-1","max-image-preview":"max-image-preview:large","max-video-preview":"max-video-preview:-1"},"canonical":"https:\/\/diariofemenino.com.ar\/df\/palabras-que-duelen\/","og_locale":"es_ES","og_type":"article","og_title":"Palabras que duelen - Diario Digital Femenino","og_description":"\u201cNo te van a querer ni los perros\u201d, era la frase que ella siempre usaba para retar a sus hijos cuando se portaban mal. Primero, ven\u00eda el pellizc\u00f3n, y despu\u00e9s, como de remate, esta frase punzante, aguda. Seguramente, si le preguntan, ella los educ\u00f3 con amor. Y en nombre del amor, dijo frases como estas\u2026 [&hellip;]","og_url":"https:\/\/diariofemenino.com.ar\/df\/palabras-que-duelen\/","og_site_name":"Diario Digital Femenino","article_publisher":"https:\/\/www.facebook.com\/DiarioDigitaFemenino\/","article_published_time":"2017-05-27T16:03:46+00:00","og_image":[{"width":236,"height":214,"url":"https:\/\/diariofemenino.com.ar\/df\/wp-content\/uploads\/2017\/05\/18622671_1404194636293818_7892565910956158223_n.jpg","type":"image\/jpeg"}],"author":"Admin","twitter_card":"summary_large_image","twitter_creator":"@DiarioFemenino1","twitter_site":"@DiarioFemenino1","twitter_misc":{"Escrito por":"Admin","Tiempo de lectura":"3 minutos"},"schema":{"@context":"https:\/\/schema.org","@graph":[{"@type":"Article","@id":"https:\/\/diariofemenino.com.ar\/df\/palabras-que-duelen\/#article","isPartOf":{"@id":"https:\/\/diariofemenino.com.ar\/df\/palabras-que-duelen\/"},"author":{"name":"Admin","@id":"https:\/\/diariofemenino.com.ar\/df\/#\/schema\/person\/38f54b3bfd13f561de2460ba95c169c6"},"headline":"Palabras que duelen","datePublished":"2017-05-27T16:03:46+00:00","mainEntityOfPage":{"@id":"https:\/\/diariofemenino.com.ar\/df\/palabras-que-duelen\/"},"wordCount":655,"publisher":{"@id":"https:\/\/diariofemenino.com.ar\/df\/#organization"},"image":{"@id":"https:\/\/diariofemenino.com.ar\/df\/palabras-que-duelen\/#primaryimage"},"thumbnailUrl":"https:\/\/diariofemenino.com.ar\/df\/wp-content\/uploads\/2017\/05\/18622671_1404194636293818_7892565910956158223_n.jpg","keywords":["Diario Digital Femenino","Palabras","Violencia"],"articleSection":["Resistencia VerdeVioleta"],"inLanguage":"es"},{"@type":"WebPage","@id":"https:\/\/diariofemenino.com.ar\/df\/palabras-que-duelen\/","url":"https:\/\/diariofemenino.com.ar\/df\/palabras-que-duelen\/","name":"Palabras que duelen - Diario Digital Femenino","isPartOf":{"@id":"https:\/\/diariofemenino.com.ar\/df\/#website"},"primaryImageOfPage":{"@id":"https:\/\/diariofemenino.com.ar\/df\/palabras-que-duelen\/#primaryimage"},"image":{"@id":"https:\/\/diariofemenino.com.ar\/df\/palabras-que-duelen\/#primaryimage"},"thumbnailUrl":"https:\/\/diariofemenino.com.ar\/df\/wp-content\/uploads\/2017\/05\/18622671_1404194636293818_7892565910956158223_n.jpg","datePublished":"2017-05-27T16:03:46+00:00","breadcrumb":{"@id":"https:\/\/diariofemenino.com.ar\/df\/palabras-que-duelen\/#breadcrumb"},"inLanguage":"es","potentialAction":[{"@type":"ReadAction","target":["https:\/\/diariofemenino.com.ar\/df\/palabras-que-duelen\/"]}]},{"@type":"ImageObject","inLanguage":"es","@id":"https:\/\/diariofemenino.com.ar\/df\/palabras-que-duelen\/#primaryimage","url":"https:\/\/diariofemenino.com.ar\/df\/wp-content\/uploads\/2017\/05\/18622671_1404194636293818_7892565910956158223_n.jpg","contentUrl":"https:\/\/diariofemenino.com.ar\/df\/wp-content\/uploads\/2017\/05\/18622671_1404194636293818_7892565910956158223_n.jpg","width":236,"height":214},{"@type":"BreadcrumbList","@id":"https:\/\/diariofemenino.com.ar\/df\/palabras-que-duelen\/#breadcrumb","itemListElement":[{"@type":"ListItem","position":1,"name":"Portada","item":"https:\/\/diariofemenino.com.ar\/df\/"},{"@type":"ListItem","position":2,"name":"Palabras que duelen"}]},{"@type":"WebSite","@id":"https:\/\/diariofemenino.com.ar\/df\/#website","url":"https:\/\/diariofemenino.com.ar\/df\/","name":"Diario Digital Femenino","description":"Cuesti\u00f3n de G\u00e9nero","publisher":{"@id":"https:\/\/diariofemenino.com.ar\/df\/#organization"},"potentialAction":[{"@type":"SearchAction","target":{"@type":"EntryPoint","urlTemplate":"https:\/\/diariofemenino.com.ar\/df\/?s={search_term_string}"},"query-input":{"@type":"PropertyValueSpecification","valueRequired":true,"valueName":"search_term_string"}}],"inLanguage":"es"},{"@type":"Organization","@id":"https:\/\/diariofemenino.com.ar\/df\/#organization","name":"Diario Femenino","url":"https:\/\/diariofemenino.com.ar\/df\/","logo":{"@type":"ImageObject","inLanguage":"es","@id":"https:\/\/diariofemenino.com.ar\/df\/#\/schema\/logo\/image\/","url":"https:\/\/diariofemenino.com.ar\/df\/wp-content\/uploads\/2018\/10\/logo.png","contentUrl":"https:\/\/diariofemenino.com.ar\/df\/wp-content\/uploads\/2018\/10\/logo.png","width":500,"height":92,"caption":"Diario Femenino"},"image":{"@id":"https:\/\/diariofemenino.com.ar\/df\/#\/schema\/logo\/image\/"},"sameAs":["https:\/\/www.facebook.com\/DiarioDigitaFemenino\/","https:\/\/x.com\/DiarioFemenino1"]},{"@type":"Person","@id":"https:\/\/diariofemenino.com.ar\/df\/#\/schema\/person\/38f54b3bfd13f561de2460ba95c169c6","name":"Admin","image":{"@type":"ImageObject","inLanguage":"es","@id":"https:\/\/diariofemenino.com.ar\/df\/wp-content\/uploads\/2018\/12\/favicon-150x150.jpg","url":"https:\/\/diariofemenino.com.ar\/df\/wp-content\/uploads\/2018\/12\/favicon-150x150.jpg","contentUrl":"https:\/\/diariofemenino.com.ar\/df\/wp-content\/uploads\/2018\/12\/favicon-150x150.jpg","caption":"Admin"},"url":"https:\/\/diariofemenino.com.ar\/df\/author\/adm18df\/"}]}},"jetpack_featured_media_url":"https:\/\/diariofemenino.com.ar\/df\/wp-content\/uploads\/2017\/05\/18622671_1404194636293818_7892565910956158223_n.jpg","jetpack_sharing_enabled":true,"rttpg_featured_image_url":{"full":["https:\/\/diariofemenino.com.ar\/df\/wp-content\/uploads\/2017\/05\/18622671_1404194636293818_7892565910956158223_n.jpg",236,214,false],"landscape":["https:\/\/diariofemenino.com.ar\/df\/wp-content\/uploads\/2017\/05\/18622671_1404194636293818_7892565910956158223_n.jpg",236,214,false],"portraits":["https:\/\/diariofemenino.com.ar\/df\/wp-content\/uploads\/2017\/05\/18622671_1404194636293818_7892565910956158223_n.jpg",236,214,false],"thumbnail":["https:\/\/diariofemenino.com.ar\/df\/wp-content\/uploads\/2017\/05\/18622671_1404194636293818_7892565910956158223_n-150x150.jpg",150,150,true],"medium":["https:\/\/diariofemenino.com.ar\/df\/wp-content\/uploads\/2017\/05\/18622671_1404194636293818_7892565910956158223_n.jpg",236,214,false],"large":["https:\/\/diariofemenino.com.ar\/df\/wp-content\/uploads\/2017\/05\/18622671_1404194636293818_7892565910956158223_n.jpg",236,214,false],"1536x1536":["https:\/\/diariofemenino.com.ar\/df\/wp-content\/uploads\/2017\/05\/18622671_1404194636293818_7892565910956158223_n.jpg",236,214,false],"2048x2048":["https:\/\/diariofemenino.com.ar\/df\/wp-content\/uploads\/2017\/05\/18622671_1404194636293818_7892565910956158223_n.jpg",236,214,false]},"rttpg_author":{"display_name":"Admin","author_link":"https:\/\/diariofemenino.com.ar\/df\/author\/adm18df\/"},"rttpg_comment":0,"rttpg_category":"<a href=\"https:\/\/diariofemenino.com.ar\/df\/category\/resistencia-verdevioleta\/\" rel=\"category tag\">Resistencia VerdeVioleta<\/a>","rttpg_excerpt":"\u201cNo te van a querer ni los perros\u201d, era la frase que ella siempre usaba para retar a sus hijos cuando se portaban mal. Primero, ven\u00eda el pellizc\u00f3n, y despu\u00e9s, como de remate, esta frase punzante, aguda. Seguramente, si le preguntan, ella los educ\u00f3 con amor. Y en nombre del amor, dijo frases como estas\u2026&hellip;","_links":{"self":[{"href":"https:\/\/diariofemenino.com.ar\/df\/wp-json\/wp\/v2\/posts\/28318","targetHints":{"allow":["GET"]}}],"collection":[{"href":"https:\/\/diariofemenino.com.ar\/df\/wp-json\/wp\/v2\/posts"}],"about":[{"href":"https:\/\/diariofemenino.com.ar\/df\/wp-json\/wp\/v2\/types\/post"}],"author":[{"embeddable":true,"href":"https:\/\/diariofemenino.com.ar\/df\/wp-json\/wp\/v2\/users\/1"}],"replies":[{"embeddable":true,"href":"https:\/\/diariofemenino.com.ar\/df\/wp-json\/wp\/v2\/comments?post=28318"}],"version-history":[{"count":0,"href":"https:\/\/diariofemenino.com.ar\/df\/wp-json\/wp\/v2\/posts\/28318\/revisions"}],"wp:featuredmedia":[{"embeddable":true,"href":"https:\/\/diariofemenino.com.ar\/df\/wp-json\/wp\/v2\/media\/28319"}],"wp:attachment":[{"href":"https:\/\/diariofemenino.com.ar\/df\/wp-json\/wp\/v2\/media?parent=28318"}],"wp:term":[{"taxonomy":"category","embeddable":true,"href":"https:\/\/diariofemenino.com.ar\/df\/wp-json\/wp\/v2\/categories?post=28318"},{"taxonomy":"post_tag","embeddable":true,"href":"https:\/\/diariofemenino.com.ar\/df\/wp-json\/wp\/v2\/tags?post=28318"}],"curies":[{"name":"wp","href":"https:\/\/api.w.org\/{rel}","templated":true}]}}