{"id":283,"date":"2012-05-09T15:23:57","date_gmt":"2012-05-09T18:23:57","guid":{"rendered":"http:\/\/www.diariofemenino.com.ar\/?p=283"},"modified":"2012-05-09T15:23:57","modified_gmt":"2012-05-09T18:23:57","slug":"murio-juana-valdes-princesa-araucana-y-pionera-en-tupungato","status":"publish","type":"post","link":"https:\/\/diariofemenino.com.ar\/df\/murio-juana-valdes-princesa-araucana-y-pionera-en-tupungato\/","title":{"rendered":"Muri\u00f3 Juana Vald\u00e9s, princesa araucana y pionera en Tupungato"},"content":{"rendered":"<p id=\"tit\">Ten\u00eda 102 a\u00f1os y en su comunidad era considerada una \u201cbruja blanca\u201d. Era hija de un cacique araucano y una princesa huarpe. Conoci\u00f3 a Gardel y Libertad Lamarque. Sacrificio y pobreza.<\/p>\n<p>A cuatro d\u00edas de haber cumplido 102 a\u00f1os y en medio de la pobreza falleci\u00f3 Juana Vald\u00e9s, una princesa araucana-huarpe que naci\u00f3 en el sur provincial y vivi\u00f3 gran parte de su vida en Tupungato. Era considerada entre los miembros de su comunidad aborigen una de \u201clas brujas blancas\u201d, especie de gu\u00eda espiritual que pose\u00eda \u201cel don de los cuatro vientos\u201d. Sus restos fueron sepultados el 7 de mayo en el cementerio municipal de la Capital de la Nuez.<br \/>\nEl 2 de mayo, Juana Vald\u00e9s cumpli\u00f3 102 a\u00f1os. Cuatro d\u00edas m\u00e1s tarde falleci\u00f3 en una sala com\u00fan del hospital General Las Heras de Tupungato, donde permaneci\u00f3 internada una semana v\u00edctima de una enfermedad que acab\u00f3 con su larga y sacrificada vida.<br \/>\nFabiana Reyes, una tupungatina que con su familia adoptaron a Juana como \u201cabuela\u201d, relat\u00f3 pasajes de la historia de esta mujer hija de un cacique araucano y una princesa huarpe.<br \/>\nFabiana, presidenta del centro tradicionalista Pioneros Tupungatinos, asegur\u00f3 que Juana Vald\u00e9s naci\u00f3 en una tribu ubicada al sur de San Rafael. Los padres de la longeva princesa murieron v\u00edctimas de la fiebre amarilla y entonces comenz\u00f3 el peregrinar de la entonces ni\u00f1a, quien tuvo un hermano.<br \/>\n\u201cSu tutora fue la hija del entonces procurador Julio Lemos, quien fue quien le consigui\u00f3 la documentaci\u00f3n en Cuadro Nacional de San Rafael\u201d, apunt\u00f3 Fabiana. Su \u00fanico hermano, Jorge Vald\u00e9s, \u201cse cas\u00f3 con una prima de la actriz Libertad Lamarque y luego se mud\u00f3 a M\u00e9xico. Juana no supo m\u00e1s de \u00e9l\u201d, se\u00f1al\u00f3 su nieta postiza.<br \/>\nNo dej\u00f3 descendencia Durante su infancia y adolescencia, Juana se code\u00f3 con gente de sociedad de Capital de Mendoza. Curs\u00f3 estudios en la escuela religiosa Compa\u00f1\u00eda de Mar\u00eda, un internado para ni\u00f1as. Adem\u00e1s curs\u00f3 danzas nativas en la academia Pedro Molina Estrella. Su padrino fue el ex intendente dem\u00f3crata de San Carlos Pedro Notti. Con el paso de los a\u00f1os, Juana lleg\u00f3 a Tupungato, donde conoci\u00f3 a Antonio Osorio, con quien se cas\u00f3, aunque al cabo de cuatro a\u00f1os de matrimonio Antonio muri\u00f3.<br \/>\nPor decisi\u00f3n propia, Juana no tuvo hijos y \u201csu vida termin\u00f3 siendo la de una abuela sola y abandonada hasta que mi familia y yo la rescatamos de la calle\u201d, apunt\u00f3 Fabiana.<br \/>\nA poco del retorno de la democracia, luego del golpe militar del \u201876, el entonces intendente de Tupungato, el radical Jos\u00e9 Pepe Mart\u00ednez, le construy\u00f3 una casa en un terreno que fue entregado para tal fin por un ciudadano tupungatino.<br \/>\nLa princesa mendiga Juana obtuvo una pensi\u00f3n del gobierno que caduc\u00f3 en 1998 por no haber presentado un certificado de supervivencia. Desde entonces y hasta hace 6 a\u00f1os vivi\u00f3 mendigando en los restoranes y casas de comida de Tupungato, hasta que Fabiana Reyes le tendi\u00f3 una mano solidaria y la adopt\u00f3 como su abuela.<br \/>\nLas uni\u00f3 su pasi\u00f3n por los animales \u201cy siempre me dec\u00eda que al juntarnos se un\u00edan el indio y el gaucho\u201d, record\u00f3 Fabiana o \u201cla domadora\u201d, tal como la llamaba Juana.<br \/>\nEn sus \u00faltimos meses de vida y por el inexplicable reclamo del hijo del hombre que decidi\u00f3 entregar un terreno para que se construyera la casa de Juana, la princesa aborigen debi\u00f3 iluminar sus noches con velas.<br \/>\nLa pobreza golpe\u00f3 a la puerta de Juana y as\u00ed, luego de haber mendigado para comer y en medio del olvido de muchos, su vida se apag\u00f3 el domingo.<br \/>\nJulio Luzuriaga<br \/>\n<a href=\"mailto:jluzuriaga@diariouno.net.ar\">jluzuriaga@diariouno.net.ar<\/a><\/p>\n","protected":false},"excerpt":{"rendered":"<p>Ten\u00eda 102 a\u00f1os y en su comunidad era considerada una \u201cbruja blanca\u201d. Era hija de un cacique araucano y una princesa huarpe. Conoci\u00f3 a Gardel y Libertad Lamarque. Sacrificio y pobreza. A cuatro d\u00edas de haber cumplido 102 a\u00f1os y en medio de la pobreza falleci\u00f3 Juana Vald\u00e9s, una princesa araucana-huarpe que naci\u00f3 en el [&hellip;]<\/p>\n","protected":false},"author":1,"featured_media":285,"comment_status":"open","ping_status":"open","sticky":false,"template":"","format":"standard","meta":{"iawp_total_views":26,"footnotes":""},"categories":[4],"tags":[],"class_list":["post-283","post","type-post","status-publish","format-standard","has-post-thumbnail","hentry","category-medios"],"nelio_content":{"autoShareEndMode":"never","automationSources":{"useCustomSentences":false,"customSentences":[]},"efiAlt":"","efiUrl":"","followers":[],"highlights":[],"isAutoShareEnabled":true,"networkImageIds":[],"permalinkQueryArgs":[],"series":[],"suggestedReferences":[]},"yoast_head":"<!-- This site is optimized with the Yoast SEO plugin v27.5 - https:\/\/yoast.com\/product\/yoast-seo-wordpress\/ -->\n<title>Muri\u00f3 Juana Vald\u00e9s, princesa araucana y pionera en Tupungato - Diario Digital Femenino<\/title>\n<meta name=\"robots\" content=\"index, follow, max-snippet:-1, max-image-preview:large, max-video-preview:-1\" \/>\n<link rel=\"canonical\" href=\"https:\/\/diariofemenino.com.ar\/df\/murio-juana-valdes-princesa-araucana-y-pionera-en-tupungato\/\" \/>\n<meta property=\"og:locale\" content=\"es_ES\" \/>\n<meta property=\"og:type\" content=\"article\" \/>\n<meta property=\"og:title\" content=\"Muri\u00f3 Juana Vald\u00e9s, princesa araucana y pionera en Tupungato - Diario Digital Femenino\" \/>\n<meta property=\"og:description\" content=\"Ten\u00eda 102 a\u00f1os y en su comunidad era considerada una \u201cbruja blanca\u201d. Era hija de un cacique araucano y una princesa huarpe. Conoci\u00f3 a Gardel y Libertad Lamarque. Sacrificio y pobreza. A cuatro d\u00edas de haber cumplido 102 a\u00f1os y en medio de la pobreza falleci\u00f3 Juana Vald\u00e9s, una princesa araucana-huarpe que naci\u00f3 en el [&hellip;]\" \/>\n<meta property=\"og:url\" content=\"https:\/\/diariofemenino.com.ar\/df\/murio-juana-valdes-princesa-araucana-y-pionera-en-tupungato\/\" \/>\n<meta property=\"og:site_name\" content=\"Diario Digital Femenino\" \/>\n<meta property=\"article:publisher\" content=\"https:\/\/www.facebook.com\/DiarioDigitaFemenino\/\" \/>\n<meta property=\"article:published_time\" content=\"2012-05-09T18:23:57+00:00\" \/>\n<meta property=\"og:image\" content=\"https:\/\/diariofemenino.com.ar\/df\/wp-content\/uploads\/2016\/10\/logo-negro.png\" \/>\n\t<meta property=\"og:image:width\" content=\"855\" \/>\n\t<meta property=\"og:image:height\" content=\"319\" \/>\n\t<meta property=\"og:image:type\" content=\"image\/png\" \/>\n<meta name=\"author\" content=\"Admin\" \/>\n<meta name=\"twitter:card\" content=\"summary_large_image\" \/>\n<meta name=\"twitter:creator\" content=\"@DiarioFemenino1\" \/>\n<meta name=\"twitter:site\" content=\"@DiarioFemenino1\" \/>\n<meta name=\"twitter:label1\" content=\"Escrito por\" \/>\n\t<meta name=\"twitter:data1\" content=\"Admin\" \/>\n\t<meta name=\"twitter:label2\" content=\"Tiempo de lectura\" \/>\n\t<meta name=\"twitter:data2\" content=\"3 minutos\" \/>\n<script type=\"application\/ld+json\" class=\"yoast-schema-graph\">{\"@context\":\"https:\\\/\\\/schema.org\",\"@graph\":[{\"@type\":\"Article\",\"@id\":\"https:\\\/\\\/diariofemenino.com.ar\\\/df\\\/murio-juana-valdes-princesa-araucana-y-pionera-en-tupungato\\\/#article\",\"isPartOf\":{\"@id\":\"https:\\\/\\\/diariofemenino.com.ar\\\/df\\\/murio-juana-valdes-princesa-araucana-y-pionera-en-tupungato\\\/\"},\"author\":{\"name\":\"Admin\",\"@id\":\"https:\\\/\\\/diariofemenino.com.ar\\\/df\\\/#\\\/schema\\\/person\\\/38f54b3bfd13f561de2460ba95c169c6\"},\"headline\":\"Muri\u00f3 Juana Vald\u00e9s, princesa araucana y pionera en Tupungato\",\"datePublished\":\"2012-05-09T18:23:57+00:00\",\"mainEntityOfPage\":{\"@id\":\"https:\\\/\\\/diariofemenino.com.ar\\\/df\\\/murio-juana-valdes-princesa-araucana-y-pionera-en-tupungato\\\/\"},\"wordCount\":633,\"commentCount\":0,\"publisher\":{\"@id\":\"https:\\\/\\\/diariofemenino.com.ar\\\/df\\\/#organization\"},\"image\":{\"@id\":\"https:\\\/\\\/diariofemenino.com.ar\\\/df\\\/murio-juana-valdes-princesa-araucana-y-pionera-en-tupungato\\\/#primaryimage\"},\"thumbnailUrl\":\"\",\"articleSection\":[\"Medios\"],\"inLanguage\":\"es\",\"potentialAction\":[{\"@type\":\"CommentAction\",\"name\":\"Comment\",\"target\":[\"https:\\\/\\\/diariofemenino.com.ar\\\/df\\\/murio-juana-valdes-princesa-araucana-y-pionera-en-tupungato\\\/#respond\"]}]},{\"@type\":\"WebPage\",\"@id\":\"https:\\\/\\\/diariofemenino.com.ar\\\/df\\\/murio-juana-valdes-princesa-araucana-y-pionera-en-tupungato\\\/\",\"url\":\"https:\\\/\\\/diariofemenino.com.ar\\\/df\\\/murio-juana-valdes-princesa-araucana-y-pionera-en-tupungato\\\/\",\"name\":\"Muri\u00f3 Juana Vald\u00e9s, princesa araucana y pionera en Tupungato - Diario Digital Femenino\",\"isPartOf\":{\"@id\":\"https:\\\/\\\/diariofemenino.com.ar\\\/df\\\/#website\"},\"primaryImageOfPage\":{\"@id\":\"https:\\\/\\\/diariofemenino.com.ar\\\/df\\\/murio-juana-valdes-princesa-araucana-y-pionera-en-tupungato\\\/#primaryimage\"},\"image\":{\"@id\":\"https:\\\/\\\/diariofemenino.com.ar\\\/df\\\/murio-juana-valdes-princesa-araucana-y-pionera-en-tupungato\\\/#primaryimage\"},\"thumbnailUrl\":\"\",\"datePublished\":\"2012-05-09T18:23:57+00:00\",\"breadcrumb\":{\"@id\":\"https:\\\/\\\/diariofemenino.com.ar\\\/df\\\/murio-juana-valdes-princesa-araucana-y-pionera-en-tupungato\\\/#breadcrumb\"},\"inLanguage\":\"es\",\"potentialAction\":[{\"@type\":\"ReadAction\",\"target\":[\"https:\\\/\\\/diariofemenino.com.ar\\\/df\\\/murio-juana-valdes-princesa-araucana-y-pionera-en-tupungato\\\/\"]}]},{\"@type\":\"ImageObject\",\"inLanguage\":\"es\",\"@id\":\"https:\\\/\\\/diariofemenino.com.ar\\\/df\\\/murio-juana-valdes-princesa-araucana-y-pionera-en-tupungato\\\/#primaryimage\",\"url\":\"\",\"contentUrl\":\"\"},{\"@type\":\"BreadcrumbList\",\"@id\":\"https:\\\/\\\/diariofemenino.com.ar\\\/df\\\/murio-juana-valdes-princesa-araucana-y-pionera-en-tupungato\\\/#breadcrumb\",\"itemListElement\":[{\"@type\":\"ListItem\",\"position\":1,\"name\":\"Portada\",\"item\":\"https:\\\/\\\/diariofemenino.com.ar\\\/df\\\/\"},{\"@type\":\"ListItem\",\"position\":2,\"name\":\"Muri\u00f3 Juana Vald\u00e9s, princesa araucana y pionera en Tupungato\"}]},{\"@type\":\"WebSite\",\"@id\":\"https:\\\/\\\/diariofemenino.com.ar\\\/df\\\/#website\",\"url\":\"https:\\\/\\\/diariofemenino.com.ar\\\/df\\\/\",\"name\":\"Diario Digital Femenino\",\"description\":\"Cuesti\u00f3n de G\u00e9nero\",\"publisher\":{\"@id\":\"https:\\\/\\\/diariofemenino.com.ar\\\/df\\\/#organization\"},\"potentialAction\":[{\"@type\":\"SearchAction\",\"target\":{\"@type\":\"EntryPoint\",\"urlTemplate\":\"https:\\\/\\\/diariofemenino.com.ar\\\/df\\\/?s={search_term_string}\"},\"query-input\":{\"@type\":\"PropertyValueSpecification\",\"valueRequired\":true,\"valueName\":\"search_term_string\"}}],\"inLanguage\":\"es\"},{\"@type\":\"Organization\",\"@id\":\"https:\\\/\\\/diariofemenino.com.ar\\\/df\\\/#organization\",\"name\":\"Diario Femenino\",\"url\":\"https:\\\/\\\/diariofemenino.com.ar\\\/df\\\/\",\"logo\":{\"@type\":\"ImageObject\",\"inLanguage\":\"es\",\"@id\":\"https:\\\/\\\/diariofemenino.com.ar\\\/df\\\/#\\\/schema\\\/logo\\\/image\\\/\",\"url\":\"https:\\\/\\\/diariofemenino.com.ar\\\/df\\\/wp-content\\\/uploads\\\/2018\\\/10\\\/logo.png\",\"contentUrl\":\"https:\\\/\\\/diariofemenino.com.ar\\\/df\\\/wp-content\\\/uploads\\\/2018\\\/10\\\/logo.png\",\"width\":500,\"height\":92,\"caption\":\"Diario Femenino\"},\"image\":{\"@id\":\"https:\\\/\\\/diariofemenino.com.ar\\\/df\\\/#\\\/schema\\\/logo\\\/image\\\/\"},\"sameAs\":[\"https:\\\/\\\/www.facebook.com\\\/DiarioDigitaFemenino\\\/\",\"https:\\\/\\\/x.com\\\/DiarioFemenino1\"]},{\"@type\":\"Person\",\"@id\":\"https:\\\/\\\/diariofemenino.com.ar\\\/df\\\/#\\\/schema\\\/person\\\/38f54b3bfd13f561de2460ba95c169c6\",\"name\":\"Admin\",\"image\":{\"@type\":\"ImageObject\",\"inLanguage\":\"es\",\"@id\":\"https:\\\/\\\/diariofemenino.com.ar\\\/df\\\/wp-content\\\/uploads\\\/2018\\\/12\\\/favicon-150x150.jpg\",\"url\":\"https:\\\/\\\/diariofemenino.com.ar\\\/df\\\/wp-content\\\/uploads\\\/2018\\\/12\\\/favicon-150x150.jpg\",\"contentUrl\":\"https:\\\/\\\/diariofemenino.com.ar\\\/df\\\/wp-content\\\/uploads\\\/2018\\\/12\\\/favicon-150x150.jpg\",\"caption\":\"Admin\"},\"url\":\"https:\\\/\\\/diariofemenino.com.ar\\\/df\\\/author\\\/adm18df\\\/\"}]}<\/script>\n<!-- \/ Yoast SEO plugin. -->","yoast_head_json":{"title":"Muri\u00f3 Juana Vald\u00e9s, princesa araucana y pionera en Tupungato - Diario Digital Femenino","robots":{"index":"index","follow":"follow","max-snippet":"max-snippet:-1","max-image-preview":"max-image-preview:large","max-video-preview":"max-video-preview:-1"},"canonical":"https:\/\/diariofemenino.com.ar\/df\/murio-juana-valdes-princesa-araucana-y-pionera-en-tupungato\/","og_locale":"es_ES","og_type":"article","og_title":"Muri\u00f3 Juana Vald\u00e9s, princesa araucana y pionera en Tupungato - Diario Digital Femenino","og_description":"Ten\u00eda 102 a\u00f1os y en su comunidad era considerada una \u201cbruja blanca\u201d. Era hija de un cacique araucano y una princesa huarpe. Conoci\u00f3 a Gardel y Libertad Lamarque. Sacrificio y pobreza. A cuatro d\u00edas de haber cumplido 102 a\u00f1os y en medio de la pobreza falleci\u00f3 Juana Vald\u00e9s, una princesa araucana-huarpe que naci\u00f3 en el [&hellip;]","og_url":"https:\/\/diariofemenino.com.ar\/df\/murio-juana-valdes-princesa-araucana-y-pionera-en-tupungato\/","og_site_name":"Diario Digital Femenino","article_publisher":"https:\/\/www.facebook.com\/DiarioDigitaFemenino\/","article_published_time":"2012-05-09T18:23:57+00:00","og_image":[{"width":855,"height":319,"url":"https:\/\/diariofemenino.com.ar\/df\/wp-content\/uploads\/2016\/10\/logo-negro.png","type":"image\/png"}],"author":"Admin","twitter_card":"summary_large_image","twitter_creator":"@DiarioFemenino1","twitter_site":"@DiarioFemenino1","twitter_misc":{"Escrito por":"Admin","Tiempo de lectura":"3 minutos"},"schema":{"@context":"https:\/\/schema.org","@graph":[{"@type":"Article","@id":"https:\/\/diariofemenino.com.ar\/df\/murio-juana-valdes-princesa-araucana-y-pionera-en-tupungato\/#article","isPartOf":{"@id":"https:\/\/diariofemenino.com.ar\/df\/murio-juana-valdes-princesa-araucana-y-pionera-en-tupungato\/"},"author":{"name":"Admin","@id":"https:\/\/diariofemenino.com.ar\/df\/#\/schema\/person\/38f54b3bfd13f561de2460ba95c169c6"},"headline":"Muri\u00f3 Juana Vald\u00e9s, princesa araucana y pionera en Tupungato","datePublished":"2012-05-09T18:23:57+00:00","mainEntityOfPage":{"@id":"https:\/\/diariofemenino.com.ar\/df\/murio-juana-valdes-princesa-araucana-y-pionera-en-tupungato\/"},"wordCount":633,"commentCount":0,"publisher":{"@id":"https:\/\/diariofemenino.com.ar\/df\/#organization"},"image":{"@id":"https:\/\/diariofemenino.com.ar\/df\/murio-juana-valdes-princesa-araucana-y-pionera-en-tupungato\/#primaryimage"},"thumbnailUrl":"","articleSection":["Medios"],"inLanguage":"es","potentialAction":[{"@type":"CommentAction","name":"Comment","target":["https:\/\/diariofemenino.com.ar\/df\/murio-juana-valdes-princesa-araucana-y-pionera-en-tupungato\/#respond"]}]},{"@type":"WebPage","@id":"https:\/\/diariofemenino.com.ar\/df\/murio-juana-valdes-princesa-araucana-y-pionera-en-tupungato\/","url":"https:\/\/diariofemenino.com.ar\/df\/murio-juana-valdes-princesa-araucana-y-pionera-en-tupungato\/","name":"Muri\u00f3 Juana Vald\u00e9s, princesa araucana y pionera en Tupungato - Diario Digital Femenino","isPartOf":{"@id":"https:\/\/diariofemenino.com.ar\/df\/#website"},"primaryImageOfPage":{"@id":"https:\/\/diariofemenino.com.ar\/df\/murio-juana-valdes-princesa-araucana-y-pionera-en-tupungato\/#primaryimage"},"image":{"@id":"https:\/\/diariofemenino.com.ar\/df\/murio-juana-valdes-princesa-araucana-y-pionera-en-tupungato\/#primaryimage"},"thumbnailUrl":"","datePublished":"2012-05-09T18:23:57+00:00","breadcrumb":{"@id":"https:\/\/diariofemenino.com.ar\/df\/murio-juana-valdes-princesa-araucana-y-pionera-en-tupungato\/#breadcrumb"},"inLanguage":"es","potentialAction":[{"@type":"ReadAction","target":["https:\/\/diariofemenino.com.ar\/df\/murio-juana-valdes-princesa-araucana-y-pionera-en-tupungato\/"]}]},{"@type":"ImageObject","inLanguage":"es","@id":"https:\/\/diariofemenino.com.ar\/df\/murio-juana-valdes-princesa-araucana-y-pionera-en-tupungato\/#primaryimage","url":"","contentUrl":""},{"@type":"BreadcrumbList","@id":"https:\/\/diariofemenino.com.ar\/df\/murio-juana-valdes-princesa-araucana-y-pionera-en-tupungato\/#breadcrumb","itemListElement":[{"@type":"ListItem","position":1,"name":"Portada","item":"https:\/\/diariofemenino.com.ar\/df\/"},{"@type":"ListItem","position":2,"name":"Muri\u00f3 Juana Vald\u00e9s, princesa araucana y pionera en Tupungato"}]},{"@type":"WebSite","@id":"https:\/\/diariofemenino.com.ar\/df\/#website","url":"https:\/\/diariofemenino.com.ar\/df\/","name":"Diario Digital Femenino","description":"Cuesti\u00f3n de G\u00e9nero","publisher":{"@id":"https:\/\/diariofemenino.com.ar\/df\/#organization"},"potentialAction":[{"@type":"SearchAction","target":{"@type":"EntryPoint","urlTemplate":"https:\/\/diariofemenino.com.ar\/df\/?s={search_term_string}"},"query-input":{"@type":"PropertyValueSpecification","valueRequired":true,"valueName":"search_term_string"}}],"inLanguage":"es"},{"@type":"Organization","@id":"https:\/\/diariofemenino.com.ar\/df\/#organization","name":"Diario Femenino","url":"https:\/\/diariofemenino.com.ar\/df\/","logo":{"@type":"ImageObject","inLanguage":"es","@id":"https:\/\/diariofemenino.com.ar\/df\/#\/schema\/logo\/image\/","url":"https:\/\/diariofemenino.com.ar\/df\/wp-content\/uploads\/2018\/10\/logo.png","contentUrl":"https:\/\/diariofemenino.com.ar\/df\/wp-content\/uploads\/2018\/10\/logo.png","width":500,"height":92,"caption":"Diario Femenino"},"image":{"@id":"https:\/\/diariofemenino.com.ar\/df\/#\/schema\/logo\/image\/"},"sameAs":["https:\/\/www.facebook.com\/DiarioDigitaFemenino\/","https:\/\/x.com\/DiarioFemenino1"]},{"@type":"Person","@id":"https:\/\/diariofemenino.com.ar\/df\/#\/schema\/person\/38f54b3bfd13f561de2460ba95c169c6","name":"Admin","image":{"@type":"ImageObject","inLanguage":"es","@id":"https:\/\/diariofemenino.com.ar\/df\/wp-content\/uploads\/2018\/12\/favicon-150x150.jpg","url":"https:\/\/diariofemenino.com.ar\/df\/wp-content\/uploads\/2018\/12\/favicon-150x150.jpg","contentUrl":"https:\/\/diariofemenino.com.ar\/df\/wp-content\/uploads\/2018\/12\/favicon-150x150.jpg","caption":"Admin"},"url":"https:\/\/diariofemenino.com.ar\/df\/author\/adm18df\/"}]}},"jetpack_featured_media_url":"","jetpack_sharing_enabled":true,"rttpg_featured_image_url":null,"rttpg_author":{"display_name":"Admin","author_link":"https:\/\/diariofemenino.com.ar\/df\/author\/adm18df\/"},"rttpg_comment":0,"rttpg_category":"<a href=\"https:\/\/diariofemenino.com.ar\/df\/category\/medios\/\" rel=\"category tag\">Medios<\/a>","rttpg_excerpt":"Ten\u00eda 102 a\u00f1os y en su comunidad era considerada una \u201cbruja blanca\u201d. Era hija de un cacique araucano y una princesa huarpe. Conoci\u00f3 a Gardel y Libertad Lamarque. Sacrificio y pobreza. A cuatro d\u00edas de haber cumplido 102 a\u00f1os y en medio de la pobreza falleci\u00f3 Juana Vald\u00e9s, una princesa araucana-huarpe que naci\u00f3 en el&hellip;","_links":{"self":[{"href":"https:\/\/diariofemenino.com.ar\/df\/wp-json\/wp\/v2\/posts\/283","targetHints":{"allow":["GET"]}}],"collection":[{"href":"https:\/\/diariofemenino.com.ar\/df\/wp-json\/wp\/v2\/posts"}],"about":[{"href":"https:\/\/diariofemenino.com.ar\/df\/wp-json\/wp\/v2\/types\/post"}],"author":[{"embeddable":true,"href":"https:\/\/diariofemenino.com.ar\/df\/wp-json\/wp\/v2\/users\/1"}],"replies":[{"embeddable":true,"href":"https:\/\/diariofemenino.com.ar\/df\/wp-json\/wp\/v2\/comments?post=283"}],"version-history":[{"count":0,"href":"https:\/\/diariofemenino.com.ar\/df\/wp-json\/wp\/v2\/posts\/283\/revisions"}],"wp:featuredmedia":[{"embeddable":true,"href":"https:\/\/diariofemenino.com.ar\/df\/wp-json\/"}],"wp:attachment":[{"href":"https:\/\/diariofemenino.com.ar\/df\/wp-json\/wp\/v2\/media?parent=283"}],"wp:term":[{"taxonomy":"category","embeddable":true,"href":"https:\/\/diariofemenino.com.ar\/df\/wp-json\/wp\/v2\/categories?post=283"},{"taxonomy":"post_tag","embeddable":true,"href":"https:\/\/diariofemenino.com.ar\/df\/wp-json\/wp\/v2\/tags?post=283"}],"curies":[{"name":"wp","href":"https:\/\/api.w.org\/{rel}","templated":true}]}}