{"id":28252,"date":"2017-05-22T11:26:26","date_gmt":"2017-05-22T14:26:26","guid":{"rendered":"http:\/\/diariofemenino.com.ar\/v2\/?p=28252"},"modified":"2017-05-22T11:26:26","modified_gmt":"2017-05-22T14:26:26","slug":"de-la-calle-a-la-discusion-juridica","status":"publish","type":"post","link":"https:\/\/diariofemenino.com.ar\/df\/de-la-calle-a-la-discusion-juridica\/","title":{"rendered":"De la calle a la discusi\u00f3n jur\u00eddica"},"content":{"rendered":"<div class=\"article-author\">\n<strong>Debate sobre la pertinencia de la Mediaci\u00f3n en el reciente caso de Acoso Callejero<\/strong>\n<\/div>\n<div class=\"article-author\">Por <a href=\"https:\/\/www.pagina12.com.ar\/autores\/1238-sonia-santoro\">Sonia Santoro<\/a><\/div>\n<div class=\"article-text\">\nHace unos d\u00edas un caso de acoso sexual callejero lleg\u00f3 a la justicia de la ciudad (Buenos Aires), que dispuso, a partir de una audiencia de mediaci\u00f3n, que el acosador cumpliera un curso de convivencia y derechos humanos. Trat\u00e1ndose el acoso sexual de una forma de violencia de g\u00e9nero, \u00bfse deber\u00eda recurrir a la mediaci\u00f3n para resolverla? El debate.<br \/>\nLa noticia traspas\u00f3 las fronteras medi\u00e1ticas. El martes se difundi\u00f3 el caso de Luc\u00eda Cabrera, una chica que denunci\u00f3 a un hombre que la hab\u00eda acosado durante dos cuadras desde su taxi en el mes de marzo, y venciendo el desconocimiento de la polic\u00eda acerca de esta figura, que es contravenci\u00f3n en la ciudad desde diciembre del a\u00f1o pasado, logr\u00f3 hacer la denuncia. Tras la presentaci\u00f3n de un escrito, se hizo lugar a la audiencia que tuvo lugar en la Fiscal\u00eda Penal Contravencional y de Faltas N\u00b01 porte\u00f1a. All\u00ed se acord\u00f3 que el hombre, un taxista cuya identidad no fue difundida, deber\u00e1 realizar un curso de doce horas sobre convivencia, diversidad y derechos humanos.<br \/>\nLa ley invocada es la 5742, de Prevenci\u00f3n del Acoso Sexual en Espacios P\u00fablicos, que fue sancionada el 7 de diciembre de 2016 y se promulg\u00f3 el 12 de enero de este a\u00f1o. La ley es una norma pionera en el pa\u00eds que convierte al acoso sexual callejero en un \u00a0agravante de la figura de hostigamiento en el C\u00f3digo Contravencional, y tambi\u00e9n en una contravenci\u00f3n por discriminaci\u00f3n. Adem\u00e1s, la norma exige al Estado difusi\u00f3n y que las Fuerzas de Seguridad se capaciten.<br \/>\nConsultado sobre esta primera aplicaci\u00f3n de la ley, Gabriel Fuks, legislador de la ciudad y uno de sus autores, consider\u00f3 que \u201cel Poder Ejecutivo est\u00e1 en mora. Tiene que hacer una amplia campa\u00f1a de concientizaci\u00f3n. Y tiene que usar todos los instrumentos que dispone para hacer propaganda y para que las fuerzas de seguridad est\u00e9 capacitada.\u201d Sin embargo, dijo que su aplicaci\u00f3n fue positiva: \u201cEsto es muy bueno, aunque sea a trav\u00e9s de la mediaci\u00f3n, porque demuestra que la ley es aplicable, algo que se cuestionaba al momento de su tratamiento legislativo\u201d. \u201c\u00bfQu\u00e9 es m\u00e1s duro para un hombre, pagar 1000 pesos o tener que ir a hacer el curso? Ah\u00ed empieza la batalla cultural\u201d, opin\u00f3.<br \/>\nPara Antares Dudiuk, docente adjunta de Derecho humano a la educaci\u00f3n y Educaci\u00f3n en derechos humanos y g\u00e9nero, de la Universidad Nacional de La Plata, consider\u00f3 que \u201cel piropo\u201d haya cambiado a \u201cacoso callejero\u201d ya es un avance, pero le llam\u00f3 mucho la atenci\u00f3n que siendo el primer caso de acoso sexual callejero que lleg\u00f3 a la justicia en CABA, \u201cno haya tenido la mejor soluci\u00f3n\u201d.<br \/>\nPara Dudiuk, no deber\u00eda mediarse en los casos de acoso sexual. \u201cLa mediaci\u00f3n est\u00e1 prohibida en materia de violencia de g\u00e9nero. Aqu\u00ed nos encontrar\u00edamos en el problema de la \u201cdimensi\u00f3n\u201d que le damos al acoso sexual, y al acoso sexual callejero, y c\u00f3mo lo configurar\u00edamos en cada caso. En mi opini\u00f3n, el acoso sexual es grave, tiene una matriz machista que subyace en todas las personas que escuchan, ven, des(oyen). Ni\u00f1os o ni\u00f1as pueden ser o son testigos (y v\u00edctimas) de esos acosos sexuales, lo cual implica que esa matriz se siga (re)produciendo. El acoso sexual es grave, constituye violencia hacia las mujeres y por lo tanto es una violaci\u00f3n a los derechos humanos, por m\u00e1s que quien comete la violaci\u00f3n sea un particular (y no el Estado). Es por todos estos argumentos que no puede someterse a mediaci\u00f3n\u201d, explic\u00f3. Cit\u00f3 entre las normas que lo proh\u00edben a la Convenci\u00f3n de Belem do Para, la Ley nacional 26485 de Protecci\u00f3n integral para prevenir, sancionar y erradicar la violencia contra las mujeres en los \u00e1mbitos en que desarrollen sus relaciones interpersonales. Y al fallo de 2013, de la Corte Suprema de Justicia de la Naci\u00f3n, conocido como \u201cG\u00f3ngora\u201d, como el antecedente m\u00e1s importante de Argentina sobre el tema. En el caso de la ciudad, puntualmente, se refiri\u00f3 a la resoluci\u00f3n 219 de 2015, del Ministerio P\u00fablico Fiscal de la Ciudad, que resuelve que \u201clos\/as fiscales en lo Penal, Contravencional y Faltas no deben derivar casos penales o contravencionales de violencia de g\u00e9nero a mediaci\u00f3n y\/o conciliaci\u00f3n\u201d.<br \/>\nLuc\u00eda Cabrera recurri\u00f3 a Mujeres de la Matria Latinoamericana (Mumala) para pedir ayuda. \u201cElla ratific\u00f3 la denuncia y se comunic\u00f3 con nosotras y nos reunimos con ella para ver c\u00f3mo segu\u00eda el proceso\u201d, cont\u00f3 Ver\u00f3nica Catinari, integrante de Mumala. \u201cCoincidimos que en una situaci\u00f3n de violencia de g\u00e9nero no puede haber mediaci\u00f3n. Pero en este caso, fue muy cuidada, fue cada parte por separada, no se vieron nunca\u201d, agreg\u00f3.<br \/>\nNatalia Gherardi, directora ejecutiva de Equipo Latinoamericano de Justicia y G\u00e9nero (ELA), considera que la prohibici\u00f3n de la mediaci\u00f3n en casos de violencia de g\u00e9nero no siempre es el mejor abordaje. \u201cTratar todos los casos de violencia como si fueran iguales no me parece una mejor decisi\u00f3n. No es lo mismo un caso de violencia entre personas que se conocen y tienen un v\u00ednculo, un violento y una mujer en vulnerabilidad, que un caso como \u00e9ste.Y no es lo mismo la violencia medi\u00e1tica, por ejemplo. Si una periodista denuncia un caso de violencia medi\u00e1tica, creo que se podr\u00eda sentar en una mediaci\u00f3n con una agencia de publicidad\u201d, explic\u00f3.<br \/>\n\u201cEn la ciudad est\u00e1 prevista la mediaci\u00f3n como forma de terminar procesos penales. En este caso no est\u00e1 previsto expresamente. A m\u00ed me parece que la respuesta fue m\u00e1s interesante que si lo hubieran multado. \u00bfQu\u00e9 cambiar\u00eda con eso? Obviamente en un proceso de audiencia de mediaci\u00f3n hay que tener cuidado de no someter a la chica, de cuidar su integridad. Cuidar el c\u00f3mo y despu\u00e9s cuidar la finalidad. \u00bfPara qu\u00e9 se hace este proceso? \u00bfQu\u00e9 queremos lograr? Para m\u00ed es importante lograr que el hombre asuma la responsabilidad. Y qu\u00e9 se hace despu\u00e9s con eso. Una consecuencia es pagar la multa. Pero la chica no quer\u00eda la multa. Me parece m\u00e1s importante buscar la forma de reformar esa conducta y la forma de hacerlo es con educaci\u00f3n\u201d.<br \/>\n<strong>\u2013\u00bfNo entra en contradicci\u00f3n con la ley 26.485?<\/strong><br \/>\n\u2013Por ah\u00ed s\u00ed, pero habr\u00eda que revisar la ley. (El Fallo) G\u00f3ngora dice que no se puede mediar ning\u00fan caso de violencia de g\u00e9nero. Y eso no es necesariamente un buen principio aplicable a todos los casos. No creo que siempre los procesos penales deber\u00edan terminar as\u00ed. Creo que en algunos casos se deber\u00eda buscar la reparaci\u00f3n de otra manera. Ojo, eso no quiere decir que la mediaci\u00f3n es un recurso adecuado en cualquier caso. Parte de la discusi\u00f3n informada es complejizar los casos y las miradas, est\u00e1 bueno que se debata desde una mirada no dogm\u00e1tica.\n<\/div>\n<p>&nbsp;<br \/>\n&nbsp;<br \/>\n&nbsp;<br \/>\nFuente: <a href=\"https:\/\/www.pagina12.com.ar\/39263-de-la-calle-a-la-discusion-juridica\">P\u00e1gina\/12<\/a><br \/>\n&nbsp;<br \/>\n&nbsp;<\/p>\n","protected":false},"excerpt":{"rendered":"<p>Debate sobre la pertinencia de la Mediaci\u00f3n en el reciente caso de Acoso Callejero Por Sonia Santoro Hace unos d\u00edas un caso de acoso sexual callejero lleg\u00f3 a la justicia de la ciudad (Buenos Aires), que dispuso, a partir de una audiencia de mediaci\u00f3n, que el acosador cumpliera un curso de convivencia y derechos humanos. [&hellip;]<\/p>\n","protected":false},"author":1,"featured_media":28253,"comment_status":"closed","ping_status":"closed","sticky":false,"template":"","format":"standard","meta":{"iawp_total_views":5,"footnotes":""},"categories":[8,4,6,21],"tags":[205,402,403],"class_list":["post-28252","post","type-post","status-publish","format-standard","has-post-thumbnail","hentry","category-entrevistas","category-medios","category-articulos","category-noticias","tag-acosocallejero","tag-mediacion","tag-ley-26485"],"nelio_content":{"autoShareEndMode":"never","automationSources":{"useCustomSentences":false,"customSentences":[]},"efiAlt":"","efiUrl":"","followers":[],"highlights":[],"isAutoShareEnabled":true,"networkImageIds":[],"permalinkQueryArgs":[],"series":[],"suggestedReferences":[]},"yoast_head":"<!-- This site is optimized with the Yoast SEO plugin v27.5 - https:\/\/yoast.com\/product\/yoast-seo-wordpress\/ -->\n<title>De la calle a la discusi\u00f3n jur\u00eddica - Diario Digital Femenino<\/title>\n<meta name=\"robots\" content=\"index, follow, max-snippet:-1, max-image-preview:large, max-video-preview:-1\" \/>\n<link rel=\"canonical\" href=\"https:\/\/diariofemenino.com.ar\/df\/de-la-calle-a-la-discusion-juridica\/\" \/>\n<meta property=\"og:locale\" content=\"es_ES\" \/>\n<meta property=\"og:type\" content=\"article\" \/>\n<meta property=\"og:title\" content=\"De la calle a la discusi\u00f3n jur\u00eddica - Diario Digital Femenino\" \/>\n<meta property=\"og:description\" content=\"Debate sobre la pertinencia de la Mediaci\u00f3n en el reciente caso de Acoso Callejero Por Sonia Santoro Hace unos d\u00edas un caso de acoso sexual callejero lleg\u00f3 a la justicia de la ciudad (Buenos Aires), que dispuso, a partir de una audiencia de mediaci\u00f3n, que el acosador cumpliera un curso de convivencia y derechos humanos. [&hellip;]\" \/>\n<meta property=\"og:url\" content=\"https:\/\/diariofemenino.com.ar\/df\/de-la-calle-a-la-discusion-juridica\/\" \/>\n<meta property=\"og:site_name\" content=\"Diario Digital Femenino\" \/>\n<meta property=\"article:publisher\" content=\"https:\/\/www.facebook.com\/DiarioDigitaFemenino\/\" \/>\n<meta property=\"article:published_time\" content=\"2017-05-22T14:26:26+00:00\" \/>\n<meta property=\"og:image\" content=\"https:\/\/diariofemenino.com.ar\/df\/wp-content\/uploads\/2017\/05\/na14fo01_9.jpg\" \/>\n\t<meta property=\"og:image:width\" content=\"400\" \/>\n\t<meta property=\"og:image:height\" content=\"300\" \/>\n\t<meta property=\"og:image:type\" content=\"image\/jpeg\" \/>\n<meta name=\"author\" content=\"Admin\" \/>\n<meta name=\"twitter:card\" content=\"summary_large_image\" \/>\n<meta name=\"twitter:creator\" content=\"@DiarioFemenino1\" \/>\n<meta name=\"twitter:site\" content=\"@DiarioFemenino1\" \/>\n<meta name=\"twitter:label1\" content=\"Escrito por\" \/>\n\t<meta name=\"twitter:data1\" content=\"Admin\" \/>\n\t<meta name=\"twitter:label2\" content=\"Tiempo de lectura\" \/>\n\t<meta name=\"twitter:data2\" content=\"6 minutos\" \/>\n<script type=\"application\/ld+json\" class=\"yoast-schema-graph\">{\"@context\":\"https:\\\/\\\/schema.org\",\"@graph\":[{\"@type\":\"Article\",\"@id\":\"https:\\\/\\\/diariofemenino.com.ar\\\/df\\\/de-la-calle-a-la-discusion-juridica\\\/#article\",\"isPartOf\":{\"@id\":\"https:\\\/\\\/diariofemenino.com.ar\\\/df\\\/de-la-calle-a-la-discusion-juridica\\\/\"},\"author\":{\"name\":\"Admin\",\"@id\":\"https:\\\/\\\/diariofemenino.com.ar\\\/df\\\/#\\\/schema\\\/person\\\/38f54b3bfd13f561de2460ba95c169c6\"},\"headline\":\"De la calle a la discusi\u00f3n jur\u00eddica\",\"datePublished\":\"2017-05-22T14:26:26+00:00\",\"mainEntityOfPage\":{\"@id\":\"https:\\\/\\\/diariofemenino.com.ar\\\/df\\\/de-la-calle-a-la-discusion-juridica\\\/\"},\"wordCount\":1233,\"publisher\":{\"@id\":\"https:\\\/\\\/diariofemenino.com.ar\\\/df\\\/#organization\"},\"image\":{\"@id\":\"https:\\\/\\\/diariofemenino.com.ar\\\/df\\\/de-la-calle-a-la-discusion-juridica\\\/#primaryimage\"},\"thumbnailUrl\":\"https:\\\/\\\/diariofemenino.com.ar\\\/df\\\/wp-content\\\/uploads\\\/2017\\\/05\\\/na14fo01_9.jpg\",\"keywords\":[\"#acosocallejero\",\"#Mediaci\u00f3n\",\"Ley 26485\"],\"articleSection\":[\"Entrevistas\",\"Medios\",\"Mujeres en Palabras\",\"Noticias\"],\"inLanguage\":\"es\"},{\"@type\":\"WebPage\",\"@id\":\"https:\\\/\\\/diariofemenino.com.ar\\\/df\\\/de-la-calle-a-la-discusion-juridica\\\/\",\"url\":\"https:\\\/\\\/diariofemenino.com.ar\\\/df\\\/de-la-calle-a-la-discusion-juridica\\\/\",\"name\":\"De la calle a la discusi\u00f3n jur\u00eddica - Diario Digital Femenino\",\"isPartOf\":{\"@id\":\"https:\\\/\\\/diariofemenino.com.ar\\\/df\\\/#website\"},\"primaryImageOfPage\":{\"@id\":\"https:\\\/\\\/diariofemenino.com.ar\\\/df\\\/de-la-calle-a-la-discusion-juridica\\\/#primaryimage\"},\"image\":{\"@id\":\"https:\\\/\\\/diariofemenino.com.ar\\\/df\\\/de-la-calle-a-la-discusion-juridica\\\/#primaryimage\"},\"thumbnailUrl\":\"https:\\\/\\\/diariofemenino.com.ar\\\/df\\\/wp-content\\\/uploads\\\/2017\\\/05\\\/na14fo01_9.jpg\",\"datePublished\":\"2017-05-22T14:26:26+00:00\",\"breadcrumb\":{\"@id\":\"https:\\\/\\\/diariofemenino.com.ar\\\/df\\\/de-la-calle-a-la-discusion-juridica\\\/#breadcrumb\"},\"inLanguage\":\"es\",\"potentialAction\":[{\"@type\":\"ReadAction\",\"target\":[\"https:\\\/\\\/diariofemenino.com.ar\\\/df\\\/de-la-calle-a-la-discusion-juridica\\\/\"]}]},{\"@type\":\"ImageObject\",\"inLanguage\":\"es\",\"@id\":\"https:\\\/\\\/diariofemenino.com.ar\\\/df\\\/de-la-calle-a-la-discusion-juridica\\\/#primaryimage\",\"url\":\"https:\\\/\\\/diariofemenino.com.ar\\\/df\\\/wp-content\\\/uploads\\\/2017\\\/05\\\/na14fo01_9.jpg\",\"contentUrl\":\"https:\\\/\\\/diariofemenino.com.ar\\\/df\\\/wp-content\\\/uploads\\\/2017\\\/05\\\/na14fo01_9.jpg\",\"width\":400,\"height\":300},{\"@type\":\"BreadcrumbList\",\"@id\":\"https:\\\/\\\/diariofemenino.com.ar\\\/df\\\/de-la-calle-a-la-discusion-juridica\\\/#breadcrumb\",\"itemListElement\":[{\"@type\":\"ListItem\",\"position\":1,\"name\":\"Portada\",\"item\":\"https:\\\/\\\/diariofemenino.com.ar\\\/df\\\/\"},{\"@type\":\"ListItem\",\"position\":2,\"name\":\"De la calle a la discusi\u00f3n jur\u00eddica\"}]},{\"@type\":\"WebSite\",\"@id\":\"https:\\\/\\\/diariofemenino.com.ar\\\/df\\\/#website\",\"url\":\"https:\\\/\\\/diariofemenino.com.ar\\\/df\\\/\",\"name\":\"Diario Digital Femenino\",\"description\":\"Cuesti\u00f3n de G\u00e9nero\",\"publisher\":{\"@id\":\"https:\\\/\\\/diariofemenino.com.ar\\\/df\\\/#organization\"},\"potentialAction\":[{\"@type\":\"SearchAction\",\"target\":{\"@type\":\"EntryPoint\",\"urlTemplate\":\"https:\\\/\\\/diariofemenino.com.ar\\\/df\\\/?s={search_term_string}\"},\"query-input\":{\"@type\":\"PropertyValueSpecification\",\"valueRequired\":true,\"valueName\":\"search_term_string\"}}],\"inLanguage\":\"es\"},{\"@type\":\"Organization\",\"@id\":\"https:\\\/\\\/diariofemenino.com.ar\\\/df\\\/#organization\",\"name\":\"Diario Femenino\",\"url\":\"https:\\\/\\\/diariofemenino.com.ar\\\/df\\\/\",\"logo\":{\"@type\":\"ImageObject\",\"inLanguage\":\"es\",\"@id\":\"https:\\\/\\\/diariofemenino.com.ar\\\/df\\\/#\\\/schema\\\/logo\\\/image\\\/\",\"url\":\"https:\\\/\\\/diariofemenino.com.ar\\\/df\\\/wp-content\\\/uploads\\\/2018\\\/10\\\/logo.png\",\"contentUrl\":\"https:\\\/\\\/diariofemenino.com.ar\\\/df\\\/wp-content\\\/uploads\\\/2018\\\/10\\\/logo.png\",\"width\":500,\"height\":92,\"caption\":\"Diario Femenino\"},\"image\":{\"@id\":\"https:\\\/\\\/diariofemenino.com.ar\\\/df\\\/#\\\/schema\\\/logo\\\/image\\\/\"},\"sameAs\":[\"https:\\\/\\\/www.facebook.com\\\/DiarioDigitaFemenino\\\/\",\"https:\\\/\\\/x.com\\\/DiarioFemenino1\"]},{\"@type\":\"Person\",\"@id\":\"https:\\\/\\\/diariofemenino.com.ar\\\/df\\\/#\\\/schema\\\/person\\\/38f54b3bfd13f561de2460ba95c169c6\",\"name\":\"Admin\",\"image\":{\"@type\":\"ImageObject\",\"inLanguage\":\"es\",\"@id\":\"https:\\\/\\\/diariofemenino.com.ar\\\/df\\\/wp-content\\\/uploads\\\/2018\\\/12\\\/favicon-150x150.jpg\",\"url\":\"https:\\\/\\\/diariofemenino.com.ar\\\/df\\\/wp-content\\\/uploads\\\/2018\\\/12\\\/favicon-150x150.jpg\",\"contentUrl\":\"https:\\\/\\\/diariofemenino.com.ar\\\/df\\\/wp-content\\\/uploads\\\/2018\\\/12\\\/favicon-150x150.jpg\",\"caption\":\"Admin\"},\"url\":\"https:\\\/\\\/diariofemenino.com.ar\\\/df\\\/author\\\/adm18df\\\/\"}]}<\/script>\n<!-- \/ Yoast SEO plugin. -->","yoast_head_json":{"title":"De la calle a la discusi\u00f3n jur\u00eddica - Diario Digital Femenino","robots":{"index":"index","follow":"follow","max-snippet":"max-snippet:-1","max-image-preview":"max-image-preview:large","max-video-preview":"max-video-preview:-1"},"canonical":"https:\/\/diariofemenino.com.ar\/df\/de-la-calle-a-la-discusion-juridica\/","og_locale":"es_ES","og_type":"article","og_title":"De la calle a la discusi\u00f3n jur\u00eddica - Diario Digital Femenino","og_description":"Debate sobre la pertinencia de la Mediaci\u00f3n en el reciente caso de Acoso Callejero Por Sonia Santoro Hace unos d\u00edas un caso de acoso sexual callejero lleg\u00f3 a la justicia de la ciudad (Buenos Aires), que dispuso, a partir de una audiencia de mediaci\u00f3n, que el acosador cumpliera un curso de convivencia y derechos humanos. [&hellip;]","og_url":"https:\/\/diariofemenino.com.ar\/df\/de-la-calle-a-la-discusion-juridica\/","og_site_name":"Diario Digital Femenino","article_publisher":"https:\/\/www.facebook.com\/DiarioDigitaFemenino\/","article_published_time":"2017-05-22T14:26:26+00:00","og_image":[{"width":400,"height":300,"url":"https:\/\/diariofemenino.com.ar\/df\/wp-content\/uploads\/2017\/05\/na14fo01_9.jpg","type":"image\/jpeg"}],"author":"Admin","twitter_card":"summary_large_image","twitter_creator":"@DiarioFemenino1","twitter_site":"@DiarioFemenino1","twitter_misc":{"Escrito por":"Admin","Tiempo de lectura":"6 minutos"},"schema":{"@context":"https:\/\/schema.org","@graph":[{"@type":"Article","@id":"https:\/\/diariofemenino.com.ar\/df\/de-la-calle-a-la-discusion-juridica\/#article","isPartOf":{"@id":"https:\/\/diariofemenino.com.ar\/df\/de-la-calle-a-la-discusion-juridica\/"},"author":{"name":"Admin","@id":"https:\/\/diariofemenino.com.ar\/df\/#\/schema\/person\/38f54b3bfd13f561de2460ba95c169c6"},"headline":"De la calle a la discusi\u00f3n jur\u00eddica","datePublished":"2017-05-22T14:26:26+00:00","mainEntityOfPage":{"@id":"https:\/\/diariofemenino.com.ar\/df\/de-la-calle-a-la-discusion-juridica\/"},"wordCount":1233,"publisher":{"@id":"https:\/\/diariofemenino.com.ar\/df\/#organization"},"image":{"@id":"https:\/\/diariofemenino.com.ar\/df\/de-la-calle-a-la-discusion-juridica\/#primaryimage"},"thumbnailUrl":"https:\/\/diariofemenino.com.ar\/df\/wp-content\/uploads\/2017\/05\/na14fo01_9.jpg","keywords":["#acosocallejero","#Mediaci\u00f3n","Ley 26485"],"articleSection":["Entrevistas","Medios","Mujeres en Palabras","Noticias"],"inLanguage":"es"},{"@type":"WebPage","@id":"https:\/\/diariofemenino.com.ar\/df\/de-la-calle-a-la-discusion-juridica\/","url":"https:\/\/diariofemenino.com.ar\/df\/de-la-calle-a-la-discusion-juridica\/","name":"De la calle a la discusi\u00f3n jur\u00eddica - Diario Digital Femenino","isPartOf":{"@id":"https:\/\/diariofemenino.com.ar\/df\/#website"},"primaryImageOfPage":{"@id":"https:\/\/diariofemenino.com.ar\/df\/de-la-calle-a-la-discusion-juridica\/#primaryimage"},"image":{"@id":"https:\/\/diariofemenino.com.ar\/df\/de-la-calle-a-la-discusion-juridica\/#primaryimage"},"thumbnailUrl":"https:\/\/diariofemenino.com.ar\/df\/wp-content\/uploads\/2017\/05\/na14fo01_9.jpg","datePublished":"2017-05-22T14:26:26+00:00","breadcrumb":{"@id":"https:\/\/diariofemenino.com.ar\/df\/de-la-calle-a-la-discusion-juridica\/#breadcrumb"},"inLanguage":"es","potentialAction":[{"@type":"ReadAction","target":["https:\/\/diariofemenino.com.ar\/df\/de-la-calle-a-la-discusion-juridica\/"]}]},{"@type":"ImageObject","inLanguage":"es","@id":"https:\/\/diariofemenino.com.ar\/df\/de-la-calle-a-la-discusion-juridica\/#primaryimage","url":"https:\/\/diariofemenino.com.ar\/df\/wp-content\/uploads\/2017\/05\/na14fo01_9.jpg","contentUrl":"https:\/\/diariofemenino.com.ar\/df\/wp-content\/uploads\/2017\/05\/na14fo01_9.jpg","width":400,"height":300},{"@type":"BreadcrumbList","@id":"https:\/\/diariofemenino.com.ar\/df\/de-la-calle-a-la-discusion-juridica\/#breadcrumb","itemListElement":[{"@type":"ListItem","position":1,"name":"Portada","item":"https:\/\/diariofemenino.com.ar\/df\/"},{"@type":"ListItem","position":2,"name":"De la calle a la discusi\u00f3n jur\u00eddica"}]},{"@type":"WebSite","@id":"https:\/\/diariofemenino.com.ar\/df\/#website","url":"https:\/\/diariofemenino.com.ar\/df\/","name":"Diario Digital Femenino","description":"Cuesti\u00f3n de G\u00e9nero","publisher":{"@id":"https:\/\/diariofemenino.com.ar\/df\/#organization"},"potentialAction":[{"@type":"SearchAction","target":{"@type":"EntryPoint","urlTemplate":"https:\/\/diariofemenino.com.ar\/df\/?s={search_term_string}"},"query-input":{"@type":"PropertyValueSpecification","valueRequired":true,"valueName":"search_term_string"}}],"inLanguage":"es"},{"@type":"Organization","@id":"https:\/\/diariofemenino.com.ar\/df\/#organization","name":"Diario Femenino","url":"https:\/\/diariofemenino.com.ar\/df\/","logo":{"@type":"ImageObject","inLanguage":"es","@id":"https:\/\/diariofemenino.com.ar\/df\/#\/schema\/logo\/image\/","url":"https:\/\/diariofemenino.com.ar\/df\/wp-content\/uploads\/2018\/10\/logo.png","contentUrl":"https:\/\/diariofemenino.com.ar\/df\/wp-content\/uploads\/2018\/10\/logo.png","width":500,"height":92,"caption":"Diario Femenino"},"image":{"@id":"https:\/\/diariofemenino.com.ar\/df\/#\/schema\/logo\/image\/"},"sameAs":["https:\/\/www.facebook.com\/DiarioDigitaFemenino\/","https:\/\/x.com\/DiarioFemenino1"]},{"@type":"Person","@id":"https:\/\/diariofemenino.com.ar\/df\/#\/schema\/person\/38f54b3bfd13f561de2460ba95c169c6","name":"Admin","image":{"@type":"ImageObject","inLanguage":"es","@id":"https:\/\/diariofemenino.com.ar\/df\/wp-content\/uploads\/2018\/12\/favicon-150x150.jpg","url":"https:\/\/diariofemenino.com.ar\/df\/wp-content\/uploads\/2018\/12\/favicon-150x150.jpg","contentUrl":"https:\/\/diariofemenino.com.ar\/df\/wp-content\/uploads\/2018\/12\/favicon-150x150.jpg","caption":"Admin"},"url":"https:\/\/diariofemenino.com.ar\/df\/author\/adm18df\/"}]}},"jetpack_featured_media_url":"https:\/\/diariofemenino.com.ar\/df\/wp-content\/uploads\/2017\/05\/na14fo01_9.jpg","jetpack_sharing_enabled":true,"rttpg_featured_image_url":{"full":["https:\/\/diariofemenino.com.ar\/df\/wp-content\/uploads\/2017\/05\/na14fo01_9.jpg",400,300,false],"landscape":["https:\/\/diariofemenino.com.ar\/df\/wp-content\/uploads\/2017\/05\/na14fo01_9.jpg",400,300,false],"portraits":["https:\/\/diariofemenino.com.ar\/df\/wp-content\/uploads\/2017\/05\/na14fo01_9.jpg",400,300,false],"thumbnail":["https:\/\/diariofemenino.com.ar\/df\/wp-content\/uploads\/2017\/05\/na14fo01_9-150x150.jpg",150,150,true],"medium":["https:\/\/diariofemenino.com.ar\/df\/wp-content\/uploads\/2017\/05\/na14fo01_9-300x225.jpg",300,225,true],"large":["https:\/\/diariofemenino.com.ar\/df\/wp-content\/uploads\/2017\/05\/na14fo01_9.jpg",400,300,false],"1536x1536":["https:\/\/diariofemenino.com.ar\/df\/wp-content\/uploads\/2017\/05\/na14fo01_9.jpg",400,300,false],"2048x2048":["https:\/\/diariofemenino.com.ar\/df\/wp-content\/uploads\/2017\/05\/na14fo01_9.jpg",400,300,false]},"rttpg_author":{"display_name":"Admin","author_link":"https:\/\/diariofemenino.com.ar\/df\/author\/adm18df\/"},"rttpg_comment":0,"rttpg_category":"<a href=\"https:\/\/diariofemenino.com.ar\/df\/category\/entrevistas\/\" rel=\"category tag\">Entrevistas<\/a> <a href=\"https:\/\/diariofemenino.com.ar\/df\/category\/medios\/\" rel=\"category tag\">Medios<\/a> <a href=\"https:\/\/diariofemenino.com.ar\/df\/category\/articulos\/\" rel=\"category tag\">Mujeres en Palabras<\/a> <a href=\"https:\/\/diariofemenino.com.ar\/df\/category\/noticias\/\" rel=\"category tag\">Noticias<\/a>","rttpg_excerpt":"Debate sobre la pertinencia de la Mediaci\u00f3n en el reciente caso de Acoso Callejero Por Sonia Santoro Hace unos d\u00edas un caso de acoso sexual callejero lleg\u00f3 a la justicia de la ciudad (Buenos Aires), que dispuso, a partir de una audiencia de mediaci\u00f3n, que el acosador cumpliera un curso de convivencia y derechos humanos.&hellip;","_links":{"self":[{"href":"https:\/\/diariofemenino.com.ar\/df\/wp-json\/wp\/v2\/posts\/28252","targetHints":{"allow":["GET"]}}],"collection":[{"href":"https:\/\/diariofemenino.com.ar\/df\/wp-json\/wp\/v2\/posts"}],"about":[{"href":"https:\/\/diariofemenino.com.ar\/df\/wp-json\/wp\/v2\/types\/post"}],"author":[{"embeddable":true,"href":"https:\/\/diariofemenino.com.ar\/df\/wp-json\/wp\/v2\/users\/1"}],"replies":[{"embeddable":true,"href":"https:\/\/diariofemenino.com.ar\/df\/wp-json\/wp\/v2\/comments?post=28252"}],"version-history":[{"count":0,"href":"https:\/\/diariofemenino.com.ar\/df\/wp-json\/wp\/v2\/posts\/28252\/revisions"}],"wp:featuredmedia":[{"embeddable":true,"href":"https:\/\/diariofemenino.com.ar\/df\/wp-json\/wp\/v2\/media\/28253"}],"wp:attachment":[{"href":"https:\/\/diariofemenino.com.ar\/df\/wp-json\/wp\/v2\/media?parent=28252"}],"wp:term":[{"taxonomy":"category","embeddable":true,"href":"https:\/\/diariofemenino.com.ar\/df\/wp-json\/wp\/v2\/categories?post=28252"},{"taxonomy":"post_tag","embeddable":true,"href":"https:\/\/diariofemenino.com.ar\/df\/wp-json\/wp\/v2\/tags?post=28252"}],"curies":[{"name":"wp","href":"https:\/\/api.w.org\/{rel}","templated":true}]}}