{"id":28248,"date":"2017-05-22T10:55:55","date_gmt":"2017-05-22T13:55:55","guid":{"rendered":"http:\/\/diariofemenino.com.ar\/v2\/?p=28248"},"modified":"2017-05-22T10:55:55","modified_gmt":"2017-05-22T13:55:55","slug":"cuerpos-y-territorios-28-de-mayo-dia-internacional-de-accion-por-la-salud-de-las-mujer","status":"publish","type":"post","link":"https:\/\/diariofemenino.com.ar\/df\/cuerpos-y-territorios-28-de-mayo-dia-internacional-de-accion-por-la-salud-de-las-mujer\/","title":{"rendered":"Cuerpos y Territorios: 28 de Mayo D\u00eda Internacional de Acci\u00f3n por la Salud de las Mujer"},"content":{"rendered":"<p>En mayo de 1987, en Costa Rica, se llev\u00f3 a cabo el V Encuentro Internacional sobre la salud de las mujeres. Se reunieron integrantes de la Red Mundial de Mujeres por los Derechos Sexuales y Reproductivos. Desde entonces, se conmemora el D\u00eda Internacional de Acci\u00f3n por la Salud de las Mujeres, con el prop\u00f3sito de reafirmar el derecho a la salud como un derecho humano, al que debemos acceder sin restricciones y\/o exclusiones de ning\u00fan tipo, durante todo el ciclo vital.<br \/>\nDesde el Foro por la Promoci\u00f3n y Protecci\u00f3n Integral de los Derechos de las Mujeres, recordamos esta fecha para abordar las m\u00faltiples causas de enfermedad y muerte que afectan a las mujeres, en particular a las muertes por abortos clandestinos y decimos que:<br \/>\n\uf0b7 La salud es un Derecho, entendido como el completo bienestar f\u00edsico, mental, social y cultural.<br \/>\n\uf0b7 Es responsabilidad del ESTADO, respetar, garantizar y promover los derechos sexuales reproductivos y NO reproductivos de toda la poblaci\u00f3n.<br \/>\n\uf0b7 A trav\u00e9s de pol\u00edticas p\u00fablicas todas, todos y todes debemos alcanzar el nivel m\u00e1s elevado de salud y no la mera ausencia de enfermedad.<br \/>\n\uf0b7 El ESTADO es responsable y debe contribuir a reducir la brecha de desigualdad que a\u00fan persiste, en perjuicio de las mujeres, promoviendo las responsabilidades compartidas entre varones y mujeres en cuanto a la sexualidad, la crianza y el cuidado de la salud familiar.<br \/>\nDecimos que tenemos derecho a:<br \/>\n\uf0b7 Gozar de una salud integral a lo largo de todo nuestro ciclo vital, como un derecho humano universal.<br \/>\n\uf0b7 Decidir los m\u00e9todos anticonceptivos.<br \/>\n\uf0b7 Decidir si tener hijos o hijas (o no), con quien, cuando o cuantos.<br \/>\n\uf0b7 Embarazos, partos y nacimientos respetados.<br \/>\n\uf0b7 Acceder a todos los recursos existentes para vivir una vida digna, con igualdad de oportunidades y libre de violencias.<br \/>\n\uf0b7 La calidad y respeto en la atenci\u00f3n.<br \/>\nY tambi\u00e9n exigimos:<br \/>\n\uf0b7 Respeto a la libre decisi\u00f3n, elecci\u00f3n y goce de una sexualidad sin riesgos.<br \/>\n\uf0b7 Rechazo a toda expresi\u00f3n y\/o coerci\u00f3n u omisi\u00f3n de violencias por parte de las Instituciones de Salud.<br \/>\n\uf0b7 Aborto libre legal seguro y gratuito \u00a1ya!<\/p>\n<p style=\"text-align: center;\"><strong>EXIGIRLOS, DEFENDERLOS Y EJERCERLOS<\/strong><br \/>\n<strong> \u00a1SON NUESTROS DERECHOS!<\/strong><\/p>\n<p style=\"text-align: left;\"><strong>Cuerpos y territorios<br \/>\n<\/strong><br \/>\nEn este marco, el Foro por la Promoci\u00f3n y Protecci\u00f3n Integral de los Derechos de las Mujeres Invita a la comunidad de Tandil a la Jornada en el marco del \u201cD\u00eda Internacional por la Salud de las Mujeres\u201d, el 24 de Mayo de 2017 a las 18hs en la Biblioteca Juan Salceda, Club Ferrocarril Sud, Av. Col\u00f3n 1479.<\/p>\n<p style=\"text-align: left;\"><strong>Conversatorio<\/strong> a cargo de:<br \/>\n&#8211; Guillermina Berkunsky &#8211; M\u00e9dica Psiquiatra<br \/>\n&#8211; Victoria Schiro &#8211; Profesora adjunta de \u201cDerecho de Familia\u201d de la Facultad de Derecho de la Universidad Nacional del Centro de la Provincia de Buenos Aires.<br \/>\n&#8211; Gabriela Weber &#8211; M\u00e9dica Generalista e Integrante del Equipo de Consejer\u00edas e Interrupci\u00f3n Legal del Embarazo Hospital Ram\u00f3n Santamarina.<br \/>\n&#8211; Teresita Daza &#8211; Promotora en Salud<\/p>\n","protected":false},"excerpt":{"rendered":"<p>En mayo de 1987, en Costa Rica, se llev\u00f3 a cabo el V Encuentro Internacional sobre la salud de las mujeres. Se reunieron integrantes de la Red Mundial de Mujeres por los Derechos Sexuales y Reproductivos. Desde entonces, se conmemora el D\u00eda Internacional de Acci\u00f3n por la Salud de las Mujeres, con el prop\u00f3sito de [&hellip;]<\/p>\n","protected":false},"author":1,"featured_media":28249,"comment_status":"closed","ping_status":"closed","sticky":false,"template":"","format":"standard","meta":{"iawp_total_views":0,"footnotes":""},"categories":[7,580],"tags":[401,53,30,10],"class_list":["post-28248","post","type-post","status-publish","format-standard","has-post-thumbnail","hentry","category-actividades","category-resistencia-verdevioleta","tag-28-de-mayo-dia-internacional-de-accion-por-la-salud-de-las-mujer","tag-derechos-de-las-mujeres","tag-derechos-humanos","tag-derechos-sexuales-y-reproductivos"],"nelio_content":{"autoShareEndMode":"never","automationSources":{"useCustomSentences":false,"customSentences":[]},"efiAlt":"","efiUrl":"","followers":[],"highlights":[],"isAutoShareEnabled":true,"networkImageIds":[],"permalinkQueryArgs":[],"series":[],"suggestedReferences":[]},"yoast_head":"<!-- This site is optimized with the Yoast SEO plugin v27.5 - https:\/\/yoast.com\/product\/yoast-seo-wordpress\/ -->\n<title>Cuerpos y Territorios: 28 de Mayo D\u00eda Internacional de Acci\u00f3n por la Salud de las Mujer - Diario Digital Femenino<\/title>\n<meta name=\"robots\" content=\"index, follow, max-snippet:-1, max-image-preview:large, max-video-preview:-1\" \/>\n<link rel=\"canonical\" href=\"https:\/\/diariofemenino.com.ar\/df\/cuerpos-y-territorios-28-de-mayo-dia-internacional-de-accion-por-la-salud-de-las-mujer\/\" \/>\n<meta property=\"og:locale\" content=\"es_ES\" \/>\n<meta property=\"og:type\" content=\"article\" \/>\n<meta property=\"og:title\" content=\"Cuerpos y Territorios: 28 de Mayo D\u00eda Internacional de Acci\u00f3n por la Salud de las Mujer - Diario Digital Femenino\" \/>\n<meta property=\"og:description\" content=\"En mayo de 1987, en Costa Rica, se llev\u00f3 a cabo el V Encuentro Internacional sobre la salud de las mujeres. Se reunieron integrantes de la Red Mundial de Mujeres por los Derechos Sexuales y Reproductivos. Desde entonces, se conmemora el D\u00eda Internacional de Acci\u00f3n por la Salud de las Mujeres, con el prop\u00f3sito de [&hellip;]\" \/>\n<meta property=\"og:url\" content=\"https:\/\/diariofemenino.com.ar\/df\/cuerpos-y-territorios-28-de-mayo-dia-internacional-de-accion-por-la-salud-de-las-mujer\/\" \/>\n<meta property=\"og:site_name\" content=\"Diario Digital Femenino\" \/>\n<meta property=\"article:publisher\" content=\"https:\/\/www.facebook.com\/DiarioDigitaFemenino\/\" \/>\n<meta property=\"article:published_time\" content=\"2017-05-22T13:55:55+00:00\" \/>\n<meta property=\"og:image\" content=\"https:\/\/diariofemenino.com.ar\/df\/wp-content\/uploads\/2017\/05\/Cuerpos-y-territorios.jpg\" \/>\n\t<meta property=\"og:image:width\" content=\"497\" \/>\n\t<meta property=\"og:image:height\" content=\"359\" \/>\n\t<meta property=\"og:image:type\" content=\"image\/jpeg\" \/>\n<meta name=\"author\" content=\"Admin\" \/>\n<meta name=\"twitter:card\" content=\"summary_large_image\" \/>\n<meta name=\"twitter:creator\" content=\"@DiarioFemenino1\" \/>\n<meta name=\"twitter:site\" content=\"@DiarioFemenino1\" \/>\n<meta name=\"twitter:label1\" content=\"Escrito por\" \/>\n\t<meta name=\"twitter:data1\" content=\"Admin\" \/>\n\t<meta name=\"twitter:label2\" content=\"Tiempo de lectura\" \/>\n\t<meta name=\"twitter:data2\" content=\"2 minutos\" \/>\n<script type=\"application\/ld+json\" class=\"yoast-schema-graph\">{\"@context\":\"https:\\\/\\\/schema.org\",\"@graph\":[{\"@type\":\"Article\",\"@id\":\"https:\\\/\\\/diariofemenino.com.ar\\\/df\\\/cuerpos-y-territorios-28-de-mayo-dia-internacional-de-accion-por-la-salud-de-las-mujer\\\/#article\",\"isPartOf\":{\"@id\":\"https:\\\/\\\/diariofemenino.com.ar\\\/df\\\/cuerpos-y-territorios-28-de-mayo-dia-internacional-de-accion-por-la-salud-de-las-mujer\\\/\"},\"author\":{\"name\":\"Admin\",\"@id\":\"https:\\\/\\\/diariofemenino.com.ar\\\/df\\\/#\\\/schema\\\/person\\\/38f54b3bfd13f561de2460ba95c169c6\"},\"headline\":\"Cuerpos y Territorios: 28 de Mayo D\u00eda Internacional de Acci\u00f3n por la Salud de las Mujer\",\"datePublished\":\"2017-05-22T13:55:55+00:00\",\"mainEntityOfPage\":{\"@id\":\"https:\\\/\\\/diariofemenino.com.ar\\\/df\\\/cuerpos-y-territorios-28-de-mayo-dia-internacional-de-accion-por-la-salud-de-las-mujer\\\/\"},\"wordCount\":514,\"publisher\":{\"@id\":\"https:\\\/\\\/diariofemenino.com.ar\\\/df\\\/#organization\"},\"image\":{\"@id\":\"https:\\\/\\\/diariofemenino.com.ar\\\/df\\\/cuerpos-y-territorios-28-de-mayo-dia-internacional-de-accion-por-la-salud-de-las-mujer\\\/#primaryimage\"},\"thumbnailUrl\":\"https:\\\/\\\/diariofemenino.com.ar\\\/df\\\/wp-content\\\/uploads\\\/2017\\\/05\\\/Cuerpos-y-territorios.jpg\",\"keywords\":[\"28 de Mayo D\u00eda Internacional de Acci\u00f3n por la Salud de las Mujer\",\"Derechos de las mujeres\",\"Derechos Humanos\",\"Derechos sexuales y reproductivos\"],\"articleSection\":[\"Actividades\",\"Resistencia VerdeVioleta\"],\"inLanguage\":\"es\"},{\"@type\":\"WebPage\",\"@id\":\"https:\\\/\\\/diariofemenino.com.ar\\\/df\\\/cuerpos-y-territorios-28-de-mayo-dia-internacional-de-accion-por-la-salud-de-las-mujer\\\/\",\"url\":\"https:\\\/\\\/diariofemenino.com.ar\\\/df\\\/cuerpos-y-territorios-28-de-mayo-dia-internacional-de-accion-por-la-salud-de-las-mujer\\\/\",\"name\":\"Cuerpos y Territorios: 28 de Mayo D\u00eda Internacional de Acci\u00f3n por la Salud de las Mujer - Diario Digital Femenino\",\"isPartOf\":{\"@id\":\"https:\\\/\\\/diariofemenino.com.ar\\\/df\\\/#website\"},\"primaryImageOfPage\":{\"@id\":\"https:\\\/\\\/diariofemenino.com.ar\\\/df\\\/cuerpos-y-territorios-28-de-mayo-dia-internacional-de-accion-por-la-salud-de-las-mujer\\\/#primaryimage\"},\"image\":{\"@id\":\"https:\\\/\\\/diariofemenino.com.ar\\\/df\\\/cuerpos-y-territorios-28-de-mayo-dia-internacional-de-accion-por-la-salud-de-las-mujer\\\/#primaryimage\"},\"thumbnailUrl\":\"https:\\\/\\\/diariofemenino.com.ar\\\/df\\\/wp-content\\\/uploads\\\/2017\\\/05\\\/Cuerpos-y-territorios.jpg\",\"datePublished\":\"2017-05-22T13:55:55+00:00\",\"breadcrumb\":{\"@id\":\"https:\\\/\\\/diariofemenino.com.ar\\\/df\\\/cuerpos-y-territorios-28-de-mayo-dia-internacional-de-accion-por-la-salud-de-las-mujer\\\/#breadcrumb\"},\"inLanguage\":\"es\",\"potentialAction\":[{\"@type\":\"ReadAction\",\"target\":[\"https:\\\/\\\/diariofemenino.com.ar\\\/df\\\/cuerpos-y-territorios-28-de-mayo-dia-internacional-de-accion-por-la-salud-de-las-mujer\\\/\"]}]},{\"@type\":\"ImageObject\",\"inLanguage\":\"es\",\"@id\":\"https:\\\/\\\/diariofemenino.com.ar\\\/df\\\/cuerpos-y-territorios-28-de-mayo-dia-internacional-de-accion-por-la-salud-de-las-mujer\\\/#primaryimage\",\"url\":\"https:\\\/\\\/diariofemenino.com.ar\\\/df\\\/wp-content\\\/uploads\\\/2017\\\/05\\\/Cuerpos-y-territorios.jpg\",\"contentUrl\":\"https:\\\/\\\/diariofemenino.com.ar\\\/df\\\/wp-content\\\/uploads\\\/2017\\\/05\\\/Cuerpos-y-territorios.jpg\",\"width\":497,\"height\":359},{\"@type\":\"BreadcrumbList\",\"@id\":\"https:\\\/\\\/diariofemenino.com.ar\\\/df\\\/cuerpos-y-territorios-28-de-mayo-dia-internacional-de-accion-por-la-salud-de-las-mujer\\\/#breadcrumb\",\"itemListElement\":[{\"@type\":\"ListItem\",\"position\":1,\"name\":\"Portada\",\"item\":\"https:\\\/\\\/diariofemenino.com.ar\\\/df\\\/\"},{\"@type\":\"ListItem\",\"position\":2,\"name\":\"Cuerpos y Territorios: 28 de Mayo D\u00eda Internacional de Acci\u00f3n por la Salud de las Mujer\"}]},{\"@type\":\"WebSite\",\"@id\":\"https:\\\/\\\/diariofemenino.com.ar\\\/df\\\/#website\",\"url\":\"https:\\\/\\\/diariofemenino.com.ar\\\/df\\\/\",\"name\":\"Diario Digital Femenino\",\"description\":\"Cuesti\u00f3n de G\u00e9nero\",\"publisher\":{\"@id\":\"https:\\\/\\\/diariofemenino.com.ar\\\/df\\\/#organization\"},\"potentialAction\":[{\"@type\":\"SearchAction\",\"target\":{\"@type\":\"EntryPoint\",\"urlTemplate\":\"https:\\\/\\\/diariofemenino.com.ar\\\/df\\\/?s={search_term_string}\"},\"query-input\":{\"@type\":\"PropertyValueSpecification\",\"valueRequired\":true,\"valueName\":\"search_term_string\"}}],\"inLanguage\":\"es\"},{\"@type\":\"Organization\",\"@id\":\"https:\\\/\\\/diariofemenino.com.ar\\\/df\\\/#organization\",\"name\":\"Diario Femenino\",\"url\":\"https:\\\/\\\/diariofemenino.com.ar\\\/df\\\/\",\"logo\":{\"@type\":\"ImageObject\",\"inLanguage\":\"es\",\"@id\":\"https:\\\/\\\/diariofemenino.com.ar\\\/df\\\/#\\\/schema\\\/logo\\\/image\\\/\",\"url\":\"https:\\\/\\\/diariofemenino.com.ar\\\/df\\\/wp-content\\\/uploads\\\/2018\\\/10\\\/logo.png\",\"contentUrl\":\"https:\\\/\\\/diariofemenino.com.ar\\\/df\\\/wp-content\\\/uploads\\\/2018\\\/10\\\/logo.png\",\"width\":500,\"height\":92,\"caption\":\"Diario Femenino\"},\"image\":{\"@id\":\"https:\\\/\\\/diariofemenino.com.ar\\\/df\\\/#\\\/schema\\\/logo\\\/image\\\/\"},\"sameAs\":[\"https:\\\/\\\/www.facebook.com\\\/DiarioDigitaFemenino\\\/\",\"https:\\\/\\\/x.com\\\/DiarioFemenino1\"]},{\"@type\":\"Person\",\"@id\":\"https:\\\/\\\/diariofemenino.com.ar\\\/df\\\/#\\\/schema\\\/person\\\/38f54b3bfd13f561de2460ba95c169c6\",\"name\":\"Admin\",\"image\":{\"@type\":\"ImageObject\",\"inLanguage\":\"es\",\"@id\":\"https:\\\/\\\/diariofemenino.com.ar\\\/df\\\/wp-content\\\/uploads\\\/2018\\\/12\\\/favicon-150x150.jpg\",\"url\":\"https:\\\/\\\/diariofemenino.com.ar\\\/df\\\/wp-content\\\/uploads\\\/2018\\\/12\\\/favicon-150x150.jpg\",\"contentUrl\":\"https:\\\/\\\/diariofemenino.com.ar\\\/df\\\/wp-content\\\/uploads\\\/2018\\\/12\\\/favicon-150x150.jpg\",\"caption\":\"Admin\"},\"url\":\"https:\\\/\\\/diariofemenino.com.ar\\\/df\\\/author\\\/adm18df\\\/\"}]}<\/script>\n<!-- \/ Yoast SEO plugin. -->","yoast_head_json":{"title":"Cuerpos y Territorios: 28 de Mayo D\u00eda Internacional de Acci\u00f3n por la Salud de las Mujer - Diario Digital Femenino","robots":{"index":"index","follow":"follow","max-snippet":"max-snippet:-1","max-image-preview":"max-image-preview:large","max-video-preview":"max-video-preview:-1"},"canonical":"https:\/\/diariofemenino.com.ar\/df\/cuerpos-y-territorios-28-de-mayo-dia-internacional-de-accion-por-la-salud-de-las-mujer\/","og_locale":"es_ES","og_type":"article","og_title":"Cuerpos y Territorios: 28 de Mayo D\u00eda Internacional de Acci\u00f3n por la Salud de las Mujer - Diario Digital Femenino","og_description":"En mayo de 1987, en Costa Rica, se llev\u00f3 a cabo el V Encuentro Internacional sobre la salud de las mujeres. Se reunieron integrantes de la Red Mundial de Mujeres por los Derechos Sexuales y Reproductivos. Desde entonces, se conmemora el D\u00eda Internacional de Acci\u00f3n por la Salud de las Mujeres, con el prop\u00f3sito de [&hellip;]","og_url":"https:\/\/diariofemenino.com.ar\/df\/cuerpos-y-territorios-28-de-mayo-dia-internacional-de-accion-por-la-salud-de-las-mujer\/","og_site_name":"Diario Digital Femenino","article_publisher":"https:\/\/www.facebook.com\/DiarioDigitaFemenino\/","article_published_time":"2017-05-22T13:55:55+00:00","og_image":[{"width":497,"height":359,"url":"https:\/\/diariofemenino.com.ar\/df\/wp-content\/uploads\/2017\/05\/Cuerpos-y-territorios.jpg","type":"image\/jpeg"}],"author":"Admin","twitter_card":"summary_large_image","twitter_creator":"@DiarioFemenino1","twitter_site":"@DiarioFemenino1","twitter_misc":{"Escrito por":"Admin","Tiempo de lectura":"2 minutos"},"schema":{"@context":"https:\/\/schema.org","@graph":[{"@type":"Article","@id":"https:\/\/diariofemenino.com.ar\/df\/cuerpos-y-territorios-28-de-mayo-dia-internacional-de-accion-por-la-salud-de-las-mujer\/#article","isPartOf":{"@id":"https:\/\/diariofemenino.com.ar\/df\/cuerpos-y-territorios-28-de-mayo-dia-internacional-de-accion-por-la-salud-de-las-mujer\/"},"author":{"name":"Admin","@id":"https:\/\/diariofemenino.com.ar\/df\/#\/schema\/person\/38f54b3bfd13f561de2460ba95c169c6"},"headline":"Cuerpos y Territorios: 28 de Mayo D\u00eda Internacional de Acci\u00f3n por la Salud de las Mujer","datePublished":"2017-05-22T13:55:55+00:00","mainEntityOfPage":{"@id":"https:\/\/diariofemenino.com.ar\/df\/cuerpos-y-territorios-28-de-mayo-dia-internacional-de-accion-por-la-salud-de-las-mujer\/"},"wordCount":514,"publisher":{"@id":"https:\/\/diariofemenino.com.ar\/df\/#organization"},"image":{"@id":"https:\/\/diariofemenino.com.ar\/df\/cuerpos-y-territorios-28-de-mayo-dia-internacional-de-accion-por-la-salud-de-las-mujer\/#primaryimage"},"thumbnailUrl":"https:\/\/diariofemenino.com.ar\/df\/wp-content\/uploads\/2017\/05\/Cuerpos-y-territorios.jpg","keywords":["28 de Mayo D\u00eda Internacional de Acci\u00f3n por la Salud de las Mujer","Derechos de las mujeres","Derechos Humanos","Derechos sexuales y reproductivos"],"articleSection":["Actividades","Resistencia VerdeVioleta"],"inLanguage":"es"},{"@type":"WebPage","@id":"https:\/\/diariofemenino.com.ar\/df\/cuerpos-y-territorios-28-de-mayo-dia-internacional-de-accion-por-la-salud-de-las-mujer\/","url":"https:\/\/diariofemenino.com.ar\/df\/cuerpos-y-territorios-28-de-mayo-dia-internacional-de-accion-por-la-salud-de-las-mujer\/","name":"Cuerpos y Territorios: 28 de Mayo D\u00eda Internacional de Acci\u00f3n por la Salud de las Mujer - Diario Digital Femenino","isPartOf":{"@id":"https:\/\/diariofemenino.com.ar\/df\/#website"},"primaryImageOfPage":{"@id":"https:\/\/diariofemenino.com.ar\/df\/cuerpos-y-territorios-28-de-mayo-dia-internacional-de-accion-por-la-salud-de-las-mujer\/#primaryimage"},"image":{"@id":"https:\/\/diariofemenino.com.ar\/df\/cuerpos-y-territorios-28-de-mayo-dia-internacional-de-accion-por-la-salud-de-las-mujer\/#primaryimage"},"thumbnailUrl":"https:\/\/diariofemenino.com.ar\/df\/wp-content\/uploads\/2017\/05\/Cuerpos-y-territorios.jpg","datePublished":"2017-05-22T13:55:55+00:00","breadcrumb":{"@id":"https:\/\/diariofemenino.com.ar\/df\/cuerpos-y-territorios-28-de-mayo-dia-internacional-de-accion-por-la-salud-de-las-mujer\/#breadcrumb"},"inLanguage":"es","potentialAction":[{"@type":"ReadAction","target":["https:\/\/diariofemenino.com.ar\/df\/cuerpos-y-territorios-28-de-mayo-dia-internacional-de-accion-por-la-salud-de-las-mujer\/"]}]},{"@type":"ImageObject","inLanguage":"es","@id":"https:\/\/diariofemenino.com.ar\/df\/cuerpos-y-territorios-28-de-mayo-dia-internacional-de-accion-por-la-salud-de-las-mujer\/#primaryimage","url":"https:\/\/diariofemenino.com.ar\/df\/wp-content\/uploads\/2017\/05\/Cuerpos-y-territorios.jpg","contentUrl":"https:\/\/diariofemenino.com.ar\/df\/wp-content\/uploads\/2017\/05\/Cuerpos-y-territorios.jpg","width":497,"height":359},{"@type":"BreadcrumbList","@id":"https:\/\/diariofemenino.com.ar\/df\/cuerpos-y-territorios-28-de-mayo-dia-internacional-de-accion-por-la-salud-de-las-mujer\/#breadcrumb","itemListElement":[{"@type":"ListItem","position":1,"name":"Portada","item":"https:\/\/diariofemenino.com.ar\/df\/"},{"@type":"ListItem","position":2,"name":"Cuerpos y Territorios: 28 de Mayo D\u00eda Internacional de Acci\u00f3n por la Salud de las Mujer"}]},{"@type":"WebSite","@id":"https:\/\/diariofemenino.com.ar\/df\/#website","url":"https:\/\/diariofemenino.com.ar\/df\/","name":"Diario Digital Femenino","description":"Cuesti\u00f3n de G\u00e9nero","publisher":{"@id":"https:\/\/diariofemenino.com.ar\/df\/#organization"},"potentialAction":[{"@type":"SearchAction","target":{"@type":"EntryPoint","urlTemplate":"https:\/\/diariofemenino.com.ar\/df\/?s={search_term_string}"},"query-input":{"@type":"PropertyValueSpecification","valueRequired":true,"valueName":"search_term_string"}}],"inLanguage":"es"},{"@type":"Organization","@id":"https:\/\/diariofemenino.com.ar\/df\/#organization","name":"Diario Femenino","url":"https:\/\/diariofemenino.com.ar\/df\/","logo":{"@type":"ImageObject","inLanguage":"es","@id":"https:\/\/diariofemenino.com.ar\/df\/#\/schema\/logo\/image\/","url":"https:\/\/diariofemenino.com.ar\/df\/wp-content\/uploads\/2018\/10\/logo.png","contentUrl":"https:\/\/diariofemenino.com.ar\/df\/wp-content\/uploads\/2018\/10\/logo.png","width":500,"height":92,"caption":"Diario Femenino"},"image":{"@id":"https:\/\/diariofemenino.com.ar\/df\/#\/schema\/logo\/image\/"},"sameAs":["https:\/\/www.facebook.com\/DiarioDigitaFemenino\/","https:\/\/x.com\/DiarioFemenino1"]},{"@type":"Person","@id":"https:\/\/diariofemenino.com.ar\/df\/#\/schema\/person\/38f54b3bfd13f561de2460ba95c169c6","name":"Admin","image":{"@type":"ImageObject","inLanguage":"es","@id":"https:\/\/diariofemenino.com.ar\/df\/wp-content\/uploads\/2018\/12\/favicon-150x150.jpg","url":"https:\/\/diariofemenino.com.ar\/df\/wp-content\/uploads\/2018\/12\/favicon-150x150.jpg","contentUrl":"https:\/\/diariofemenino.com.ar\/df\/wp-content\/uploads\/2018\/12\/favicon-150x150.jpg","caption":"Admin"},"url":"https:\/\/diariofemenino.com.ar\/df\/author\/adm18df\/"}]}},"jetpack_featured_media_url":"https:\/\/diariofemenino.com.ar\/df\/wp-content\/uploads\/2017\/05\/Cuerpos-y-territorios.jpg","jetpack_sharing_enabled":true,"rttpg_featured_image_url":{"full":["https:\/\/diariofemenino.com.ar\/df\/wp-content\/uploads\/2017\/05\/Cuerpos-y-territorios.jpg",497,359,false],"landscape":["https:\/\/diariofemenino.com.ar\/df\/wp-content\/uploads\/2017\/05\/Cuerpos-y-territorios.jpg",497,359,false],"portraits":["https:\/\/diariofemenino.com.ar\/df\/wp-content\/uploads\/2017\/05\/Cuerpos-y-territorios.jpg",497,359,false],"thumbnail":["https:\/\/diariofemenino.com.ar\/df\/wp-content\/uploads\/2017\/05\/Cuerpos-y-territorios-150x150.jpg",150,150,true],"medium":["https:\/\/diariofemenino.com.ar\/df\/wp-content\/uploads\/2017\/05\/Cuerpos-y-territorios-300x217.jpg",300,217,true],"large":["https:\/\/diariofemenino.com.ar\/df\/wp-content\/uploads\/2017\/05\/Cuerpos-y-territorios.jpg",497,359,false],"1536x1536":["https:\/\/diariofemenino.com.ar\/df\/wp-content\/uploads\/2017\/05\/Cuerpos-y-territorios.jpg",497,359,false],"2048x2048":["https:\/\/diariofemenino.com.ar\/df\/wp-content\/uploads\/2017\/05\/Cuerpos-y-territorios.jpg",497,359,false]},"rttpg_author":{"display_name":"Admin","author_link":"https:\/\/diariofemenino.com.ar\/df\/author\/adm18df\/"},"rttpg_comment":0,"rttpg_category":"<a href=\"https:\/\/diariofemenino.com.ar\/df\/category\/actividades\/\" rel=\"category tag\">Actividades<\/a> <a href=\"https:\/\/diariofemenino.com.ar\/df\/category\/resistencia-verdevioleta\/\" rel=\"category tag\">Resistencia VerdeVioleta<\/a>","rttpg_excerpt":"En mayo de 1987, en Costa Rica, se llev\u00f3 a cabo el V Encuentro Internacional sobre la salud de las mujeres. Se reunieron integrantes de la Red Mundial de Mujeres por los Derechos Sexuales y Reproductivos. Desde entonces, se conmemora el D\u00eda Internacional de Acci\u00f3n por la Salud de las Mujeres, con el prop\u00f3sito de&hellip;","_links":{"self":[{"href":"https:\/\/diariofemenino.com.ar\/df\/wp-json\/wp\/v2\/posts\/28248","targetHints":{"allow":["GET"]}}],"collection":[{"href":"https:\/\/diariofemenino.com.ar\/df\/wp-json\/wp\/v2\/posts"}],"about":[{"href":"https:\/\/diariofemenino.com.ar\/df\/wp-json\/wp\/v2\/types\/post"}],"author":[{"embeddable":true,"href":"https:\/\/diariofemenino.com.ar\/df\/wp-json\/wp\/v2\/users\/1"}],"replies":[{"embeddable":true,"href":"https:\/\/diariofemenino.com.ar\/df\/wp-json\/wp\/v2\/comments?post=28248"}],"version-history":[{"count":0,"href":"https:\/\/diariofemenino.com.ar\/df\/wp-json\/wp\/v2\/posts\/28248\/revisions"}],"wp:featuredmedia":[{"embeddable":true,"href":"https:\/\/diariofemenino.com.ar\/df\/wp-json\/wp\/v2\/media\/28249"}],"wp:attachment":[{"href":"https:\/\/diariofemenino.com.ar\/df\/wp-json\/wp\/v2\/media?parent=28248"}],"wp:term":[{"taxonomy":"category","embeddable":true,"href":"https:\/\/diariofemenino.com.ar\/df\/wp-json\/wp\/v2\/categories?post=28248"},{"taxonomy":"post_tag","embeddable":true,"href":"https:\/\/diariofemenino.com.ar\/df\/wp-json\/wp\/v2\/tags?post=28248"}],"curies":[{"name":"wp","href":"https:\/\/api.w.org\/{rel}","templated":true}]}}