{"id":28062,"date":"2017-05-08T10:46:06","date_gmt":"2017-05-08T13:46:06","guid":{"rendered":"http:\/\/diariofemenino.com.ar\/v2\/?p=28062"},"modified":"2017-05-08T10:46:06","modified_gmt":"2017-05-08T13:46:06","slug":"madre-e-hija-regresan-a-casa-siete-anos-despues-de-huir-para-evitar-una-revinculacion-forzada-con-el-padre","status":"publish","type":"post","link":"https:\/\/diariofemenino.com.ar\/df\/madre-e-hija-regresan-a-casa-siete-anos-despues-de-huir-para-evitar-una-revinculacion-forzada-con-el-padre\/","title":{"rendered":"Madre e hija regresan a casa siete a\u00f1os despu\u00e9s de huir para evitar una revinculaci\u00f3n forzada con el padre"},"content":{"rendered":"<p>Silvia Piceda, quien hab\u00eda escapado para evitar que la Justicia la obligue a sostener el v\u00ednculo de su hija con el progenitor, a quien denunci\u00f3 por tener indicios de que la hab\u00eda abusado, regres\u00f3 a la vivienda con el objetivo de \u00abrecuperar el espacio\u00bb, pero tambi\u00e9n de visibilizar la lucha de las madres que buscan proteger a sus hijos de retornar a vinculaciones forzadas.<br \/>\n<img loading=\"lazy\" decoding=\"async\" class=\"alignnone size-full wp-image-28063\" src=\"https:\/\/diariofemenino.com.ar\/df\/wp-content\/uploads\/2018\/10\/5907795920544_645x362.jpg\" alt=\"5907795920544_645x362\" width=\"484\" height=\"272\" \/><\/p>\n<div class=\"author clearfix\">\nPor <strong>Natalia Concina<\/strong><br \/>\nCasi siete a\u00f1os despu\u00e9s de haber escapado de su casa en la localidad bonaerense de Abasto, para evitar que la Justicia la obligue a sostener el v\u00ednculo de su hija con el progenitor, a quien denunci\u00f3 por tener indicios de que la hab\u00eda abusado, Silvia Piceda regres\u00f3 a esa vivienda con el objetivo de \u00abrecuperar el espacio\u00bb pero tambi\u00e9n de visibilizar la lucha de las madres que buscan proteger a sus hijos de retornar a vinculaciones forzadas.<br \/>\n\u00ab\u00c9sta no es una historia aislada. Es lo que atraviesan ciento de mujeres que tienen que elegir entre bancarse el dolor y la angustia de que tu hijo o hija siga en contacto con su abusador, o escaparse y vivir escondi\u00e9ndose\u00bb, asegur\u00f3 Silvia Piceda, mam\u00e1 de Jazm\u00edn Su\u00e1rez, quien actualmente tiene 19 a\u00f1os.<br \/>\nLa semana pasada Silvia y Jazm\u00edn entraron por primera vez a la casa ubicada en la zona de quintas de Abasto desde que se hab\u00edan escapado el 30 de diciembre de 2010: \u00abLa recordaba m\u00e1s grande\u00bb, dijo la joven mientras caminaba entre los pastos altos de la propiedad, pr\u00e1cticamente abandonada desde entonces.<br \/>\nEn la recorrida por la vivienda, la joven se detuvo en lo que hab\u00eda sido su cuarto donde unos afiches de \u00abHello Kity\u00bb todav\u00eda colgados dieron cuenta de c\u00f3mo el espacio hab\u00eda quedado detenido en el tiempo.<br \/>\n\u00abTen\u00eda miedo a volver, ahora la sensaci\u00f3n que tengo es linda. Como que vali\u00f3 la pena todo lo que hubo que hacer. Hoy no tengo miedo de que se \u00e9l sepa d\u00f3nde estoy y tampoco de encontr\u00e1rmelo. Pero esto me llev\u00f3 mucho a\u00f1os. Al principio sent\u00eda que nada hab\u00eda pasado, como que yo nunca hab\u00eda vivido en La Plata, tuvo que pasar mucho tiempo hasta que recordara que ac\u00e1 tambi\u00e9n viv\u00ed cosas lindas\u00bb.<\/p>\n<blockquote class=\"small-left\"><p>\u00c9sta no es una historia aislada. Es lo que atraviesan ciento de mujeres que tienen que elegir entre bancarse el dolor y la angustia de que tu hijo o hija siga en contacto con su abusador, o escaparse y vivir escondi\u00e9ndose<span class=\"comilla\">\u201d<\/span><\/p>\n<div class=\"sign\">SILVIA PICEDA, MAM\u00c1 DE JAZM\u00cdN SU\u00c1REZ<\/div>\n<\/blockquote>\n<p>Silvia conoci\u00f3 a D.S en el \u00e1mbito militante: \u00abYo lo respetaba much\u00edsimo porque hab\u00eda sido preso pol\u00edtico durante la dictadura, sus valores para mi eran centrales y eso oper\u00f3 durante toda la relaci\u00f3n\u00bb, afirm\u00f3 la mujer quien asegur\u00f3 que \u00abal a\u00f1o de Jazm\u00edn comenz\u00f3 a mostrar que era un maltratador\u00bb.<br \/>\nCuando ni\u00f1a cumpli\u00f3 seis a\u00f1os la mujer dijo basta; \u00e9l se construy\u00f3 una vivienda precaria en la otra parte del predio: \u00abYo percib\u00eda cosas extra\u00f1as en el v\u00ednculo. En junio de 2009 Jaz comienza con terribles crisis de p\u00e1nico\u00bb, record\u00f3 Silvia, quien hab\u00eda vivido en carne propia el abuso sexual entre los 9 y 11 a\u00f1os por personas allegadas a su entorno familiar.<br \/>\nY continu\u00f3: \u00abEn septiembre de ese a\u00f1o viene Romina, la hija de una pareja anterior de D.S., y me dice que \u00e9l hab\u00eda abusado de ella cuando ten\u00eda once a\u00f1os, la edad que Jazm\u00edn ten\u00eda en ese momento; me cuenta adem\u00e1s que el abuelo de Jaz, hab\u00eda abusado de tres nietas, es decir, de tres primas hermanas de mi hija\u00bb.<br \/>\nCon el testimonio de Romina m\u00e1s los s\u00edntomas que presentaba Jazm\u00edn, Silvia recurri\u00f3 al tribunal de familia de La Plata a pedir ayuda: \u00abEn diciembre las peritos que la iban a ver a Jaz me dicen que hab\u00eda que tener cuidado que el progenitor no se sintiera perseguido debido a sus antecedentes pol\u00edticos. En marzo de 2010 voy a asistencia a la v\u00edctima y reci\u00e9n ah\u00ed me explican que ten\u00eda que hacer la denuncia penal\u00bb, describi\u00f3.<br \/>\n\u00abNo obstante-continu\u00f3- nadie me dice que hab\u00eda que &#8216;mover&#8217; el expediente, entonces a los pocos meses la causa es archivada e igual suerte corri\u00f3 la denuncia penal de Romina porque el delito hab\u00eda prescrito\u00bb.<br \/>\nEntonces el juzgado de familia comienza a insistir con la revinculaci\u00f3n: \u00abQuer\u00edan que Jaz lo viera y me propon\u00edan para estos encuentros la casa de los padres de D.S, donde yo sab\u00eda que su abuelo hab\u00eda abusado de sus primas\u00bb.<br \/>\nEl 30 de diciembre de 2010, D.S le avis\u00f3 a Jazm\u00edn que la estaba yendo a buscar, Silvia arm\u00f3 un bolso, abandon\u00f3 la casa junto a su hija y se refugi\u00f3 en la casa de su hermano en la Ciudad de Buenos Aires, donde un tiempo despu\u00e9s alquil\u00f3 un departamento e inscribi\u00f3 a la ni\u00f1a en una escuela porte\u00f1a.<br \/>\nA mediados del a\u00f1os siguiente, Silvia realiz\u00f3 la denuncia en la Oficina de Violencia Dom\u00e9stica de la Corte Suprema, donde consigui\u00f3 abrir una investigaci\u00f3n y que se tramitara una medida cautelar (todav\u00eda vigente) en un juzgado civil nacional para prohibir el acercamiento de D.S a ella y a su hija, as\u00ed como todo tipo de contacto.<br \/>\n\u00abMientras tanto, en el juzgado de familia de La Plata me segu\u00edan citando. Cuando Jazmin cumpli\u00f3 14 a\u00f1os nos presentamos y ella dijo expresamente que no lo quer\u00eda ver. A la audiencia nos acompa\u00f1\u00f3 Romina, y cuando D.S apareci\u00f3, ella lo increp\u00f3: &#8216;Cada vez que quieras joder a la nena me vas a encontrar a mi&#8217;. Desde entonces no intent\u00f3 nada m\u00e1s\u00bb, record\u00f3.<br \/>\nHace m\u00e1s de cuatro a\u00f1os Silvia fund\u00f3 junto a Sebasti\u00e1n Cuattromo -victima de abusos por parte de un religioso del Colegio Marianista- la organizaci\u00f3n \u00abAdultos por los Derechos de la Infancia \u00ab, con el objetivo de visibilizar la problem\u00e1tica y acompa\u00f1ar a los sobrevivientes y protectores.<br \/>\nEl a\u00f1o pasado Jazm\u00edn comenz\u00f3 a participar de las actividades: \u00abAl principio no hablaba mucho de lo que hab\u00eda pasado, porque me daba miedo de que piensen que me estaba haciendo la victima o me tengan l\u00e1stima, pero ahora siento que cont\u00e1ndolo hay otra gente que se anima a decir que le pas\u00f3 algo parecido\u00bb, afirm\u00f3 la joven.<br \/>\nY concluy\u00f3: \u00abLa sociedad muestra al ni\u00f1o que la pas\u00f3 mal como el &#8216;rarito&#8217;; a mi siempre me fue bien en el colegio, hago deportes, tengo amigos, soy sociable y cuando lo cuento muchos no lo pueden creer; y ese es un ejemplo tambi\u00e9n. No hay quedarse en ese papel de v\u00edctima que te ponen todos, es un esfuerzo, pero sal\u00eds\u00bb.\n<\/p><\/div>\n<p>&nbsp;<br \/>\n&nbsp;<br \/>\n&nbsp;<br \/>\n&nbsp;<br \/>\nFuente: Foro RIPVGAr<br \/>\nPublicado en T\u00e9lam<\/p>\n","protected":false},"excerpt":{"rendered":"<p>Silvia Piceda, quien hab\u00eda escapado para evitar que la Justicia la obligue a sostener el v\u00ednculo de su hija con el progenitor, a quien denunci\u00f3 por tener indicios de que la hab\u00eda abusado, regres\u00f3 a la vivienda con el objetivo de \u00abrecuperar el espacio\u00bb, pero tambi\u00e9n de visibilizar la lucha de las madres que buscan [&hellip;]<\/p>\n","protected":false},"author":1,"featured_media":28063,"comment_status":"closed","ping_status":"open","sticky":false,"template":"","format":"standard","meta":{"iawp_total_views":6,"footnotes":""},"categories":[2],"tags":[53,57,30,119,102,381,16],"class_list":["post-28062","post","type-post","status-publish","format-standard","has-post-thumbnail","hentry","category-sin-categoria","tag-derechos-de-las-mujeres","tag-derechos-de-ninxs","tag-derechos-humanos","tag-injusticia","tag-ninez-y-adolescencia","tag-revinculacion-forzada","tag-violencia-de-genero"],"nelio_content":{"autoShareEndMode":"never","automationSources":{"useCustomSentences":false,"customSentences":[]},"efiAlt":"","efiUrl":"","followers":[],"highlights":[],"isAutoShareEnabled":true,"networkImageIds":[],"permalinkQueryArgs":[],"series":[],"suggestedReferences":[]},"yoast_head":"<!-- This site is optimized with the Yoast SEO plugin v27.5 - https:\/\/yoast.com\/product\/yoast-seo-wordpress\/ -->\n<title>Madre e hija regresan a casa siete a\u00f1os despu\u00e9s de huir para evitar una revinculaci\u00f3n forzada con el padre - Diario Digital Femenino<\/title>\n<meta name=\"robots\" content=\"index, follow, max-snippet:-1, max-image-preview:large, max-video-preview:-1\" \/>\n<link rel=\"canonical\" href=\"https:\/\/diariofemenino.com.ar\/df\/madre-e-hija-regresan-a-casa-siete-anos-despues-de-huir-para-evitar-una-revinculacion-forzada-con-el-padre\/\" \/>\n<meta property=\"og:locale\" content=\"es_ES\" \/>\n<meta property=\"og:type\" content=\"article\" \/>\n<meta property=\"og:title\" content=\"Madre e hija regresan a casa siete a\u00f1os despu\u00e9s de huir para evitar una revinculaci\u00f3n forzada con el padre - Diario Digital Femenino\" \/>\n<meta property=\"og:description\" content=\"Silvia Piceda, quien hab\u00eda escapado para evitar que la Justicia la obligue a sostener el v\u00ednculo de su hija con el progenitor, a quien denunci\u00f3 por tener indicios de que la hab\u00eda abusado, regres\u00f3 a la vivienda con el objetivo de \u00abrecuperar el espacio\u00bb, pero tambi\u00e9n de visibilizar la lucha de las madres que buscan [&hellip;]\" \/>\n<meta property=\"og:url\" content=\"https:\/\/diariofemenino.com.ar\/df\/madre-e-hija-regresan-a-casa-siete-anos-despues-de-huir-para-evitar-una-revinculacion-forzada-con-el-padre\/\" \/>\n<meta property=\"og:site_name\" content=\"Diario Digital Femenino\" \/>\n<meta property=\"article:publisher\" content=\"https:\/\/www.facebook.com\/DiarioDigitaFemenino\/\" \/>\n<meta property=\"article:published_time\" content=\"2017-05-08T13:46:06+00:00\" \/>\n<meta property=\"og:image\" content=\"https:\/\/diariofemenino.com.ar\/df\/wp-content\/uploads\/2017\/05\/5907795920544_645x362.jpg\" \/>\n\t<meta property=\"og:image:width\" content=\"484\" \/>\n\t<meta property=\"og:image:height\" content=\"272\" \/>\n\t<meta property=\"og:image:type\" content=\"image\/jpeg\" \/>\n<meta name=\"author\" content=\"Admin\" \/>\n<meta name=\"twitter:card\" content=\"summary_large_image\" \/>\n<meta name=\"twitter:creator\" content=\"@DiarioFemenino1\" \/>\n<meta name=\"twitter:site\" content=\"@DiarioFemenino1\" \/>\n<meta name=\"twitter:label1\" content=\"Escrito por\" \/>\n\t<meta name=\"twitter:data1\" content=\"Admin\" \/>\n\t<meta name=\"twitter:label2\" content=\"Tiempo de lectura\" \/>\n\t<meta name=\"twitter:data2\" content=\"6 minutos\" \/>\n<script type=\"application\/ld+json\" class=\"yoast-schema-graph\">{\"@context\":\"https:\\\/\\\/schema.org\",\"@graph\":[{\"@type\":\"Article\",\"@id\":\"https:\\\/\\\/diariofemenino.com.ar\\\/df\\\/madre-e-hija-regresan-a-casa-siete-anos-despues-de-huir-para-evitar-una-revinculacion-forzada-con-el-padre\\\/#article\",\"isPartOf\":{\"@id\":\"https:\\\/\\\/diariofemenino.com.ar\\\/df\\\/madre-e-hija-regresan-a-casa-siete-anos-despues-de-huir-para-evitar-una-revinculacion-forzada-con-el-padre\\\/\"},\"author\":{\"name\":\"Admin\",\"@id\":\"https:\\\/\\\/diariofemenino.com.ar\\\/df\\\/#\\\/schema\\\/person\\\/38f54b3bfd13f561de2460ba95c169c6\"},\"headline\":\"Madre e hija regresan a casa siete a\u00f1os despu\u00e9s de huir para evitar una revinculaci\u00f3n forzada con el padre\",\"datePublished\":\"2017-05-08T13:46:06+00:00\",\"mainEntityOfPage\":{\"@id\":\"https:\\\/\\\/diariofemenino.com.ar\\\/df\\\/madre-e-hija-regresan-a-casa-siete-anos-despues-de-huir-para-evitar-una-revinculacion-forzada-con-el-padre\\\/\"},\"wordCount\":1198,\"publisher\":{\"@id\":\"https:\\\/\\\/diariofemenino.com.ar\\\/df\\\/#organization\"},\"image\":{\"@id\":\"https:\\\/\\\/diariofemenino.com.ar\\\/df\\\/madre-e-hija-regresan-a-casa-siete-anos-despues-de-huir-para-evitar-una-revinculacion-forzada-con-el-padre\\\/#primaryimage\"},\"thumbnailUrl\":\"https:\\\/\\\/diariofemenino.com.ar\\\/df\\\/wp-content\\\/uploads\\\/2017\\\/05\\\/5907795920544_645x362.jpg\",\"keywords\":[\"Derechos de las mujeres\",\"Derechos de ni\u00f1xs\",\"Derechos Humanos\",\"injusticia\",\"Ni\u00f1ez y Adolescencia\",\"Revinculaci\u00f3n forzada\",\"Violencia de g\u00e9nero\"],\"inLanguage\":\"es\"},{\"@type\":\"WebPage\",\"@id\":\"https:\\\/\\\/diariofemenino.com.ar\\\/df\\\/madre-e-hija-regresan-a-casa-siete-anos-despues-de-huir-para-evitar-una-revinculacion-forzada-con-el-padre\\\/\",\"url\":\"https:\\\/\\\/diariofemenino.com.ar\\\/df\\\/madre-e-hija-regresan-a-casa-siete-anos-despues-de-huir-para-evitar-una-revinculacion-forzada-con-el-padre\\\/\",\"name\":\"Madre e hija regresan a casa siete a\u00f1os despu\u00e9s de huir para evitar una revinculaci\u00f3n forzada con el padre - Diario Digital Femenino\",\"isPartOf\":{\"@id\":\"https:\\\/\\\/diariofemenino.com.ar\\\/df\\\/#website\"},\"primaryImageOfPage\":{\"@id\":\"https:\\\/\\\/diariofemenino.com.ar\\\/df\\\/madre-e-hija-regresan-a-casa-siete-anos-despues-de-huir-para-evitar-una-revinculacion-forzada-con-el-padre\\\/#primaryimage\"},\"image\":{\"@id\":\"https:\\\/\\\/diariofemenino.com.ar\\\/df\\\/madre-e-hija-regresan-a-casa-siete-anos-despues-de-huir-para-evitar-una-revinculacion-forzada-con-el-padre\\\/#primaryimage\"},\"thumbnailUrl\":\"https:\\\/\\\/diariofemenino.com.ar\\\/df\\\/wp-content\\\/uploads\\\/2017\\\/05\\\/5907795920544_645x362.jpg\",\"datePublished\":\"2017-05-08T13:46:06+00:00\",\"breadcrumb\":{\"@id\":\"https:\\\/\\\/diariofemenino.com.ar\\\/df\\\/madre-e-hija-regresan-a-casa-siete-anos-despues-de-huir-para-evitar-una-revinculacion-forzada-con-el-padre\\\/#breadcrumb\"},\"inLanguage\":\"es\",\"potentialAction\":[{\"@type\":\"ReadAction\",\"target\":[\"https:\\\/\\\/diariofemenino.com.ar\\\/df\\\/madre-e-hija-regresan-a-casa-siete-anos-despues-de-huir-para-evitar-una-revinculacion-forzada-con-el-padre\\\/\"]}]},{\"@type\":\"ImageObject\",\"inLanguage\":\"es\",\"@id\":\"https:\\\/\\\/diariofemenino.com.ar\\\/df\\\/madre-e-hija-regresan-a-casa-siete-anos-despues-de-huir-para-evitar-una-revinculacion-forzada-con-el-padre\\\/#primaryimage\",\"url\":\"https:\\\/\\\/diariofemenino.com.ar\\\/df\\\/wp-content\\\/uploads\\\/2017\\\/05\\\/5907795920544_645x362.jpg\",\"contentUrl\":\"https:\\\/\\\/diariofemenino.com.ar\\\/df\\\/wp-content\\\/uploads\\\/2017\\\/05\\\/5907795920544_645x362.jpg\",\"width\":484,\"height\":272},{\"@type\":\"BreadcrumbList\",\"@id\":\"https:\\\/\\\/diariofemenino.com.ar\\\/df\\\/madre-e-hija-regresan-a-casa-siete-anos-despues-de-huir-para-evitar-una-revinculacion-forzada-con-el-padre\\\/#breadcrumb\",\"itemListElement\":[{\"@type\":\"ListItem\",\"position\":1,\"name\":\"Portada\",\"item\":\"https:\\\/\\\/diariofemenino.com.ar\\\/df\\\/\"},{\"@type\":\"ListItem\",\"position\":2,\"name\":\"Madre e hija regresan a casa siete a\u00f1os despu\u00e9s de huir para evitar una revinculaci\u00f3n forzada con el padre\"}]},{\"@type\":\"WebSite\",\"@id\":\"https:\\\/\\\/diariofemenino.com.ar\\\/df\\\/#website\",\"url\":\"https:\\\/\\\/diariofemenino.com.ar\\\/df\\\/\",\"name\":\"Diario Digital Femenino\",\"description\":\"Cuesti\u00f3n de G\u00e9nero\",\"publisher\":{\"@id\":\"https:\\\/\\\/diariofemenino.com.ar\\\/df\\\/#organization\"},\"potentialAction\":[{\"@type\":\"SearchAction\",\"target\":{\"@type\":\"EntryPoint\",\"urlTemplate\":\"https:\\\/\\\/diariofemenino.com.ar\\\/df\\\/?s={search_term_string}\"},\"query-input\":{\"@type\":\"PropertyValueSpecification\",\"valueRequired\":true,\"valueName\":\"search_term_string\"}}],\"inLanguage\":\"es\"},{\"@type\":\"Organization\",\"@id\":\"https:\\\/\\\/diariofemenino.com.ar\\\/df\\\/#organization\",\"name\":\"Diario Femenino\",\"url\":\"https:\\\/\\\/diariofemenino.com.ar\\\/df\\\/\",\"logo\":{\"@type\":\"ImageObject\",\"inLanguage\":\"es\",\"@id\":\"https:\\\/\\\/diariofemenino.com.ar\\\/df\\\/#\\\/schema\\\/logo\\\/image\\\/\",\"url\":\"https:\\\/\\\/diariofemenino.com.ar\\\/df\\\/wp-content\\\/uploads\\\/2018\\\/10\\\/logo.png\",\"contentUrl\":\"https:\\\/\\\/diariofemenino.com.ar\\\/df\\\/wp-content\\\/uploads\\\/2018\\\/10\\\/logo.png\",\"width\":500,\"height\":92,\"caption\":\"Diario Femenino\"},\"image\":{\"@id\":\"https:\\\/\\\/diariofemenino.com.ar\\\/df\\\/#\\\/schema\\\/logo\\\/image\\\/\"},\"sameAs\":[\"https:\\\/\\\/www.facebook.com\\\/DiarioDigitaFemenino\\\/\",\"https:\\\/\\\/x.com\\\/DiarioFemenino1\"]},{\"@type\":\"Person\",\"@id\":\"https:\\\/\\\/diariofemenino.com.ar\\\/df\\\/#\\\/schema\\\/person\\\/38f54b3bfd13f561de2460ba95c169c6\",\"name\":\"Admin\",\"image\":{\"@type\":\"ImageObject\",\"inLanguage\":\"es\",\"@id\":\"https:\\\/\\\/diariofemenino.com.ar\\\/df\\\/wp-content\\\/uploads\\\/2018\\\/12\\\/favicon-150x150.jpg\",\"url\":\"https:\\\/\\\/diariofemenino.com.ar\\\/df\\\/wp-content\\\/uploads\\\/2018\\\/12\\\/favicon-150x150.jpg\",\"contentUrl\":\"https:\\\/\\\/diariofemenino.com.ar\\\/df\\\/wp-content\\\/uploads\\\/2018\\\/12\\\/favicon-150x150.jpg\",\"caption\":\"Admin\"},\"url\":\"https:\\\/\\\/diariofemenino.com.ar\\\/df\\\/author\\\/adm18df\\\/\"}]}<\/script>\n<!-- \/ Yoast SEO plugin. -->","yoast_head_json":{"title":"Madre e hija regresan a casa siete a\u00f1os despu\u00e9s de huir para evitar una revinculaci\u00f3n forzada con el padre - Diario Digital Femenino","robots":{"index":"index","follow":"follow","max-snippet":"max-snippet:-1","max-image-preview":"max-image-preview:large","max-video-preview":"max-video-preview:-1"},"canonical":"https:\/\/diariofemenino.com.ar\/df\/madre-e-hija-regresan-a-casa-siete-anos-despues-de-huir-para-evitar-una-revinculacion-forzada-con-el-padre\/","og_locale":"es_ES","og_type":"article","og_title":"Madre e hija regresan a casa siete a\u00f1os despu\u00e9s de huir para evitar una revinculaci\u00f3n forzada con el padre - Diario Digital Femenino","og_description":"Silvia Piceda, quien hab\u00eda escapado para evitar que la Justicia la obligue a sostener el v\u00ednculo de su hija con el progenitor, a quien denunci\u00f3 por tener indicios de que la hab\u00eda abusado, regres\u00f3 a la vivienda con el objetivo de \u00abrecuperar el espacio\u00bb, pero tambi\u00e9n de visibilizar la lucha de las madres que buscan [&hellip;]","og_url":"https:\/\/diariofemenino.com.ar\/df\/madre-e-hija-regresan-a-casa-siete-anos-despues-de-huir-para-evitar-una-revinculacion-forzada-con-el-padre\/","og_site_name":"Diario Digital Femenino","article_publisher":"https:\/\/www.facebook.com\/DiarioDigitaFemenino\/","article_published_time":"2017-05-08T13:46:06+00:00","og_image":[{"width":484,"height":272,"url":"https:\/\/diariofemenino.com.ar\/df\/wp-content\/uploads\/2017\/05\/5907795920544_645x362.jpg","type":"image\/jpeg"}],"author":"Admin","twitter_card":"summary_large_image","twitter_creator":"@DiarioFemenino1","twitter_site":"@DiarioFemenino1","twitter_misc":{"Escrito por":"Admin","Tiempo de lectura":"6 minutos"},"schema":{"@context":"https:\/\/schema.org","@graph":[{"@type":"Article","@id":"https:\/\/diariofemenino.com.ar\/df\/madre-e-hija-regresan-a-casa-siete-anos-despues-de-huir-para-evitar-una-revinculacion-forzada-con-el-padre\/#article","isPartOf":{"@id":"https:\/\/diariofemenino.com.ar\/df\/madre-e-hija-regresan-a-casa-siete-anos-despues-de-huir-para-evitar-una-revinculacion-forzada-con-el-padre\/"},"author":{"name":"Admin","@id":"https:\/\/diariofemenino.com.ar\/df\/#\/schema\/person\/38f54b3bfd13f561de2460ba95c169c6"},"headline":"Madre e hija regresan a casa siete a\u00f1os despu\u00e9s de huir para evitar una revinculaci\u00f3n forzada con el padre","datePublished":"2017-05-08T13:46:06+00:00","mainEntityOfPage":{"@id":"https:\/\/diariofemenino.com.ar\/df\/madre-e-hija-regresan-a-casa-siete-anos-despues-de-huir-para-evitar-una-revinculacion-forzada-con-el-padre\/"},"wordCount":1198,"publisher":{"@id":"https:\/\/diariofemenino.com.ar\/df\/#organization"},"image":{"@id":"https:\/\/diariofemenino.com.ar\/df\/madre-e-hija-regresan-a-casa-siete-anos-despues-de-huir-para-evitar-una-revinculacion-forzada-con-el-padre\/#primaryimage"},"thumbnailUrl":"https:\/\/diariofemenino.com.ar\/df\/wp-content\/uploads\/2017\/05\/5907795920544_645x362.jpg","keywords":["Derechos de las mujeres","Derechos de ni\u00f1xs","Derechos Humanos","injusticia","Ni\u00f1ez y Adolescencia","Revinculaci\u00f3n forzada","Violencia de g\u00e9nero"],"inLanguage":"es"},{"@type":"WebPage","@id":"https:\/\/diariofemenino.com.ar\/df\/madre-e-hija-regresan-a-casa-siete-anos-despues-de-huir-para-evitar-una-revinculacion-forzada-con-el-padre\/","url":"https:\/\/diariofemenino.com.ar\/df\/madre-e-hija-regresan-a-casa-siete-anos-despues-de-huir-para-evitar-una-revinculacion-forzada-con-el-padre\/","name":"Madre e hija regresan a casa siete a\u00f1os despu\u00e9s de huir para evitar una revinculaci\u00f3n forzada con el padre - Diario Digital Femenino","isPartOf":{"@id":"https:\/\/diariofemenino.com.ar\/df\/#website"},"primaryImageOfPage":{"@id":"https:\/\/diariofemenino.com.ar\/df\/madre-e-hija-regresan-a-casa-siete-anos-despues-de-huir-para-evitar-una-revinculacion-forzada-con-el-padre\/#primaryimage"},"image":{"@id":"https:\/\/diariofemenino.com.ar\/df\/madre-e-hija-regresan-a-casa-siete-anos-despues-de-huir-para-evitar-una-revinculacion-forzada-con-el-padre\/#primaryimage"},"thumbnailUrl":"https:\/\/diariofemenino.com.ar\/df\/wp-content\/uploads\/2017\/05\/5907795920544_645x362.jpg","datePublished":"2017-05-08T13:46:06+00:00","breadcrumb":{"@id":"https:\/\/diariofemenino.com.ar\/df\/madre-e-hija-regresan-a-casa-siete-anos-despues-de-huir-para-evitar-una-revinculacion-forzada-con-el-padre\/#breadcrumb"},"inLanguage":"es","potentialAction":[{"@type":"ReadAction","target":["https:\/\/diariofemenino.com.ar\/df\/madre-e-hija-regresan-a-casa-siete-anos-despues-de-huir-para-evitar-una-revinculacion-forzada-con-el-padre\/"]}]},{"@type":"ImageObject","inLanguage":"es","@id":"https:\/\/diariofemenino.com.ar\/df\/madre-e-hija-regresan-a-casa-siete-anos-despues-de-huir-para-evitar-una-revinculacion-forzada-con-el-padre\/#primaryimage","url":"https:\/\/diariofemenino.com.ar\/df\/wp-content\/uploads\/2017\/05\/5907795920544_645x362.jpg","contentUrl":"https:\/\/diariofemenino.com.ar\/df\/wp-content\/uploads\/2017\/05\/5907795920544_645x362.jpg","width":484,"height":272},{"@type":"BreadcrumbList","@id":"https:\/\/diariofemenino.com.ar\/df\/madre-e-hija-regresan-a-casa-siete-anos-despues-de-huir-para-evitar-una-revinculacion-forzada-con-el-padre\/#breadcrumb","itemListElement":[{"@type":"ListItem","position":1,"name":"Portada","item":"https:\/\/diariofemenino.com.ar\/df\/"},{"@type":"ListItem","position":2,"name":"Madre e hija regresan a casa siete a\u00f1os despu\u00e9s de huir para evitar una revinculaci\u00f3n forzada con el padre"}]},{"@type":"WebSite","@id":"https:\/\/diariofemenino.com.ar\/df\/#website","url":"https:\/\/diariofemenino.com.ar\/df\/","name":"Diario Digital Femenino","description":"Cuesti\u00f3n de G\u00e9nero","publisher":{"@id":"https:\/\/diariofemenino.com.ar\/df\/#organization"},"potentialAction":[{"@type":"SearchAction","target":{"@type":"EntryPoint","urlTemplate":"https:\/\/diariofemenino.com.ar\/df\/?s={search_term_string}"},"query-input":{"@type":"PropertyValueSpecification","valueRequired":true,"valueName":"search_term_string"}}],"inLanguage":"es"},{"@type":"Organization","@id":"https:\/\/diariofemenino.com.ar\/df\/#organization","name":"Diario Femenino","url":"https:\/\/diariofemenino.com.ar\/df\/","logo":{"@type":"ImageObject","inLanguage":"es","@id":"https:\/\/diariofemenino.com.ar\/df\/#\/schema\/logo\/image\/","url":"https:\/\/diariofemenino.com.ar\/df\/wp-content\/uploads\/2018\/10\/logo.png","contentUrl":"https:\/\/diariofemenino.com.ar\/df\/wp-content\/uploads\/2018\/10\/logo.png","width":500,"height":92,"caption":"Diario Femenino"},"image":{"@id":"https:\/\/diariofemenino.com.ar\/df\/#\/schema\/logo\/image\/"},"sameAs":["https:\/\/www.facebook.com\/DiarioDigitaFemenino\/","https:\/\/x.com\/DiarioFemenino1"]},{"@type":"Person","@id":"https:\/\/diariofemenino.com.ar\/df\/#\/schema\/person\/38f54b3bfd13f561de2460ba95c169c6","name":"Admin","image":{"@type":"ImageObject","inLanguage":"es","@id":"https:\/\/diariofemenino.com.ar\/df\/wp-content\/uploads\/2018\/12\/favicon-150x150.jpg","url":"https:\/\/diariofemenino.com.ar\/df\/wp-content\/uploads\/2018\/12\/favicon-150x150.jpg","contentUrl":"https:\/\/diariofemenino.com.ar\/df\/wp-content\/uploads\/2018\/12\/favicon-150x150.jpg","caption":"Admin"},"url":"https:\/\/diariofemenino.com.ar\/df\/author\/adm18df\/"}]}},"jetpack_featured_media_url":"https:\/\/diariofemenino.com.ar\/df\/wp-content\/uploads\/2017\/05\/5907795920544_645x362.jpg","jetpack_sharing_enabled":true,"rttpg_featured_image_url":{"full":["https:\/\/diariofemenino.com.ar\/df\/wp-content\/uploads\/2017\/05\/5907795920544_645x362.jpg",484,272,false],"landscape":["https:\/\/diariofemenino.com.ar\/df\/wp-content\/uploads\/2017\/05\/5907795920544_645x362.jpg",484,272,false],"portraits":["https:\/\/diariofemenino.com.ar\/df\/wp-content\/uploads\/2017\/05\/5907795920544_645x362.jpg",484,272,false],"thumbnail":["https:\/\/diariofemenino.com.ar\/df\/wp-content\/uploads\/2017\/05\/5907795920544_645x362-150x150.jpg",150,150,true],"medium":["https:\/\/diariofemenino.com.ar\/df\/wp-content\/uploads\/2017\/05\/5907795920544_645x362-300x169.jpg",300,169,true],"large":["https:\/\/diariofemenino.com.ar\/df\/wp-content\/uploads\/2017\/05\/5907795920544_645x362.jpg",484,272,false],"1536x1536":["https:\/\/diariofemenino.com.ar\/df\/wp-content\/uploads\/2017\/05\/5907795920544_645x362.jpg",484,272,false],"2048x2048":["https:\/\/diariofemenino.com.ar\/df\/wp-content\/uploads\/2017\/05\/5907795920544_645x362.jpg",484,272,false]},"rttpg_author":{"display_name":"Admin","author_link":"https:\/\/diariofemenino.com.ar\/df\/author\/adm18df\/"},"rttpg_comment":0,"rttpg_category":"<a href=\"https:\/\/diariofemenino.com.ar\/df\/category\/sin-categoria\/\" rel=\"category tag\">Sin categor\u00eda<\/a>","rttpg_excerpt":"Silvia Piceda, quien hab\u00eda escapado para evitar que la Justicia la obligue a sostener el v\u00ednculo de su hija con el progenitor, a quien denunci\u00f3 por tener indicios de que la hab\u00eda abusado, regres\u00f3 a la vivienda con el objetivo de \u00abrecuperar el espacio\u00bb, pero tambi\u00e9n de visibilizar la lucha de las madres que buscan&hellip;","_links":{"self":[{"href":"https:\/\/diariofemenino.com.ar\/df\/wp-json\/wp\/v2\/posts\/28062","targetHints":{"allow":["GET"]}}],"collection":[{"href":"https:\/\/diariofemenino.com.ar\/df\/wp-json\/wp\/v2\/posts"}],"about":[{"href":"https:\/\/diariofemenino.com.ar\/df\/wp-json\/wp\/v2\/types\/post"}],"author":[{"embeddable":true,"href":"https:\/\/diariofemenino.com.ar\/df\/wp-json\/wp\/v2\/users\/1"}],"replies":[{"embeddable":true,"href":"https:\/\/diariofemenino.com.ar\/df\/wp-json\/wp\/v2\/comments?post=28062"}],"version-history":[{"count":0,"href":"https:\/\/diariofemenino.com.ar\/df\/wp-json\/wp\/v2\/posts\/28062\/revisions"}],"wp:featuredmedia":[{"embeddable":true,"href":"https:\/\/diariofemenino.com.ar\/df\/wp-json\/wp\/v2\/media\/28063"}],"wp:attachment":[{"href":"https:\/\/diariofemenino.com.ar\/df\/wp-json\/wp\/v2\/media?parent=28062"}],"wp:term":[{"taxonomy":"category","embeddable":true,"href":"https:\/\/diariofemenino.com.ar\/df\/wp-json\/wp\/v2\/categories?post=28062"},{"taxonomy":"post_tag","embeddable":true,"href":"https:\/\/diariofemenino.com.ar\/df\/wp-json\/wp\/v2\/tags?post=28062"}],"curies":[{"name":"wp","href":"https:\/\/api.w.org\/{rel}","templated":true}]}}