{"id":27964,"date":"2017-04-27T19:01:47","date_gmt":"2017-04-27T22:01:47","guid":{"rendered":"http:\/\/diariofemenino.com.ar\/v2\/?p=27964"},"modified":"2017-04-27T19:01:47","modified_gmt":"2017-04-27T22:01:47","slug":"diputados-aprobo-la-privacion-de-la-responsabilidad-parental-por-femicidios-y-otros-delitos","status":"publish","type":"post","link":"https:\/\/diariofemenino.com.ar\/df\/diputados-aprobo-la-privacion-de-la-responsabilidad-parental-por-femicidios-y-otros-delitos\/","title":{"rendered":"Diputados aprob\u00f3 la privaci\u00f3n de la responsabilidad parental por femicidios y otros delitos"},"content":{"rendered":"<p>La C\u00e1mara de Diputados aprob\u00f3 hoy en sesi\u00f3n especial un proyecto de ley que establece la privaci\u00f3n de la responsabilidad parental por femicidios, lesiones grav\u00edsimas y abuso sexual contra el hijo o hija por parte de alguno de los progenitores.<br \/>\n<img loading=\"lazy\" decoding=\"async\" class=\"alignnone size-full wp-image-27965\" src=\"https:\/\/diariofemenino.com.ar\/df\/wp-content\/uploads\/2018\/10\/Honorable-C\u00e1mara-de-Diputados-de-la-Naci\u00f3n-Argentina.jpg\" alt=\"Honorable-C\u00e1mara-de-Diputados-de-la-Naci\u00f3n-Argentina\" width=\"640\" height=\"390\" \/><\/p>\n<p class=\"text\">Con 203 votos afirmativos y dos abstenciones, la C\u00e1mara baja aprob\u00f3 y gir\u00f3 en revisi\u00f3n al Senado el proyecto que modifica el C\u00f3digo Civil y Comercial, de manera tal que bastar\u00e1 con una sentencia o un procesamiento judicial a un autor de femicidio u otros delitos aberrantes para que autom\u00e1ticamente quede privado de la patria potestad sobre sus hijos.<\/p>\n<div class=\"qwDes1fMBwTkAq\"><\/div>\n<p class=\"text\">\u00abLas v\u00edctimas no son s\u00f3lo las mujeres sino tambi\u00e9n los hijos, que son las v\u00edctimas colaterales\u00bb, asegur\u00f3 el presidente de la comisi\u00f3n de Legislaci\u00f3n General, Daniel Lipovestky (PRO), quien lider\u00f3 el trabajo en comisi\u00f3n para consensuar un dictamen com\u00fan en conjunto con la presidenta de la comisi\u00f3n de Familia, Alejandra Mart\u00ednez (UCR).<\/p>\n<p class=\"text\">Justamente, la diputada radical fue la encargada de brindar el detalle de la iniciativa, que cuenta con el respaldo de la ONG \u00abLa Casa del Encuentro\u00bb: explic\u00f3 que cuando el juez dicta un procesamiento contra el autor del delito, ya le cabe la suspensi\u00f3n de la responsabilidad parental, en tanto que la privaci\u00f3n comienza a correr una vez que la condena queda en firme.<\/p>\n<p class=\"text\">Por su parte, la diputada del Frente para la Victoria-PJ Anal\u00eda Rach Quiroga indic\u00f3 que el aporte m\u00e1s importante de su bloque fue haber logrado incorporar a la letra del proyecto que los delitos contra la integridad sexual sean \u00abpasibles de la misma sanci\u00f3n\u00bb (quita de la patria potestad) que los femicidios.<\/p>\n<div id=\"advCard3\" class=\"advertising impactAdv visible\">El bloque Justicialista puso en consideraci\u00f3n un dictamen del plenario en minor\u00eda, muy similar al proyecto consensuado, pero que enfatizaba la necesidad de profundizar en la distinci\u00f3n entre \u00abprivaci\u00f3n\u00bb y \u00abp\u00e9rdida\u00bb de la responsabilidad parental.<\/div>\n<p class=\"text\">\u00abCreo que hay supuestos en los que hay que establecer la p\u00e9rdida de la responsabilidad parental. Hay que evitar la arbitrariedad de los jueces que tienen a su cargo la resoluci\u00f3n\u00bb, sostuvo el salte\u00f1o Javier David.<\/p>\n<p class=\"text\">Tanto los bloques de Libres del Sur, Peronismo para la Victoria (Movimiento Evita) como el Frente de Izquierda votaron a favor del proyecto en general pero expusieron sus cuestionamientos por la decisi\u00f3n de modificar el proyecto original del Senado de manera tal de diluir en el texto la figura del femicidio, que estaba en el esp\u00edritu de la reforma, para sustituirla por homicidios u otros delitos graves cometidos por cualquiera de los dos progenitores.<\/p>\n<p class=\"text\">Por caso, la diputada Victoria Donda (Libres del Sur) consider\u00f3 que \u00abes un error\u00bb haber \u00abdesnaturalizado el objeto de la ley\u00bb porque si la iniciativa se puso en discusi\u00f3n fue por el hecho de haber puesto sobre el tapete que en la Argentina se produce un femicidio \u00abcada 18 horas\u00bb.<\/p>\n<p class=\"text\">\u00ab\u00bfPor qu\u00e9 hablamos de los dos progenitores? Ese es un error. Nosotros no estamos discutiendo esta ley porque a nosotras nos asesinan. No estamos de acuerdo con desnaturalizar el objeto de la ley. Es una ley que estaba destinada a que los femicidas no sigan siendo responsables de criar ni\u00f1os y ni\u00f1as en esta sociedad porque asesinaron a las madres. Ac\u00e1 debe decir hombres porque esa es la realidad que tenemos. Las estad\u00edsticas hablan de las mujeres asesinadas\u00bb, argument\u00f3.<\/p>\n<p class=\"text\">\u00abNo legislamos para la excepci\u00f3n sino para la regla general, para la mayor\u00eda de los casos. Por eso la estad\u00edstica para nosotros es una regla\u00bb, complet\u00f3 Donda.<\/p>\n<p class=\"text\">En la misma sinton\u00eda, Araceli Ferreyra (Peronismo para la Victoria) afirm\u00f3 que \u00abel sentido de la sanci\u00f3n que ven\u00eda del Senado era infinitamente superador aunque era escueto y pod\u00eda ser mejorado\u00bb.<\/p>\n<p class=\"text\">\u00abEstamos desnaturalizando lo que es la violencia de g\u00e9nero. Cuando gritamos \u00b4Ni una Menos\u00b4 era para tener un texto distinto, no igualador\u00bb, agreg\u00f3.<\/p>\n<p class=\"text\">A las cr\u00edticas se sum\u00f3 la jefa del bloque del Frente Renovador, Graciela Cama\u00f1o: \u00abMucho me temo que una figura que ha sido tan importante es la discusi\u00f3n parlamentaria como el femicidio, y que ha sido incorporado como agravante de penas, la vamos a estar desvalorizando si la ponemos en un plano de igualdad en el C\u00f3digo Civil\u00bb.<\/p>\n<p class=\"text\">A los fines de zanjar el contrapunto que se plante\u00f3 respecto al desdibujamiento de la perspectiva de g\u00e9nero en la letra del proyecto, se incorpor\u00f3 al dictamen una aclaraci\u00f3n que establece la suspensi\u00f3n de la responsabilidad parental en los casos en que la mujer haya cometido asesinato en leg\u00edtima defensa producto de una situaci\u00f3n de violencia de g\u00e9nero contra ella.<\/p>\n","protected":false},"excerpt":{"rendered":"<p>La C\u00e1mara de Diputados aprob\u00f3 hoy en sesi\u00f3n especial un proyecto de ley que establece la privaci\u00f3n de la responsabilidad parental por femicidios, lesiones grav\u00edsimas y abuso sexual contra el hijo o hija por parte de alguno de los progenitores. Con 203 votos afirmativos y dos abstenciones, la C\u00e1mara baja aprob\u00f3 y gir\u00f3 en revisi\u00f3n [&hellip;]<\/p>\n","protected":false},"author":1,"featured_media":27965,"comment_status":"open","ping_status":"open","sticky":false,"template":"","format":"standard","meta":{"iawp_total_views":2,"footnotes":""},"categories":[5],"tags":[39,18,16],"class_list":["post-27964","post","type-post","status-publish","format-standard","has-post-thumbnail","hentry","category-historias-de-vida","tag-justicia","tag-politicas-publicas","tag-violencia-de-genero"],"nelio_content":{"autoShareEndMode":"never","automationSources":{"useCustomSentences":false,"customSentences":[]},"efiAlt":"","efiUrl":"","followers":[],"highlights":[],"isAutoShareEnabled":true,"networkImageIds":[],"permalinkQueryArgs":[],"series":[],"suggestedReferences":[]},"yoast_head":"<!-- This site is optimized with the Yoast SEO plugin v27.5 - https:\/\/yoast.com\/product\/yoast-seo-wordpress\/ -->\n<title>Diputados aprob\u00f3 la privaci\u00f3n de la responsabilidad parental por femicidios y otros delitos - Diario Digital Femenino<\/title>\n<meta name=\"robots\" content=\"index, follow, max-snippet:-1, max-image-preview:large, max-video-preview:-1\" \/>\n<link rel=\"canonical\" href=\"https:\/\/diariofemenino.com.ar\/df\/diputados-aprobo-la-privacion-de-la-responsabilidad-parental-por-femicidios-y-otros-delitos\/\" \/>\n<meta property=\"og:locale\" content=\"es_ES\" \/>\n<meta property=\"og:type\" content=\"article\" \/>\n<meta property=\"og:title\" content=\"Diputados aprob\u00f3 la privaci\u00f3n de la responsabilidad parental por femicidios y otros delitos - Diario Digital Femenino\" \/>\n<meta property=\"og:description\" content=\"La C\u00e1mara de Diputados aprob\u00f3 hoy en sesi\u00f3n especial un proyecto de ley que establece la privaci\u00f3n de la responsabilidad parental por femicidios, lesiones grav\u00edsimas y abuso sexual contra el hijo o hija por parte de alguno de los progenitores. Con 203 votos afirmativos y dos abstenciones, la C\u00e1mara baja aprob\u00f3 y gir\u00f3 en revisi\u00f3n [&hellip;]\" \/>\n<meta property=\"og:url\" content=\"https:\/\/diariofemenino.com.ar\/df\/diputados-aprobo-la-privacion-de-la-responsabilidad-parental-por-femicidios-y-otros-delitos\/\" \/>\n<meta property=\"og:site_name\" content=\"Diario Digital Femenino\" \/>\n<meta property=\"article:publisher\" content=\"https:\/\/www.facebook.com\/DiarioDigitaFemenino\/\" \/>\n<meta property=\"article:published_time\" content=\"2017-04-27T22:01:47+00:00\" \/>\n<meta property=\"og:image\" content=\"https:\/\/diariofemenino.com.ar\/df\/wp-content\/uploads\/2017\/04\/Honorable-C\u00e1mara-de-Diputados-de-la-Naci\u00f3n-Argentina-1.jpg\" \/>\n\t<meta property=\"og:image:width\" content=\"640\" \/>\n\t<meta property=\"og:image:height\" content=\"390\" \/>\n\t<meta property=\"og:image:type\" content=\"image\/jpeg\" \/>\n<meta name=\"author\" content=\"Admin\" \/>\n<meta name=\"twitter:card\" content=\"summary_large_image\" \/>\n<meta name=\"twitter:creator\" content=\"@DiarioFemenino1\" \/>\n<meta name=\"twitter:site\" content=\"@DiarioFemenino1\" \/>\n<meta name=\"twitter:label1\" content=\"Escrito por\" \/>\n\t<meta name=\"twitter:data1\" content=\"Admin\" \/>\n\t<meta name=\"twitter:label2\" content=\"Tiempo de lectura\" \/>\n\t<meta name=\"twitter:data2\" content=\"4 minutos\" \/>\n<script type=\"application\/ld+json\" class=\"yoast-schema-graph\">{\"@context\":\"https:\\\/\\\/schema.org\",\"@graph\":[{\"@type\":\"Article\",\"@id\":\"https:\\\/\\\/diariofemenino.com.ar\\\/df\\\/diputados-aprobo-la-privacion-de-la-responsabilidad-parental-por-femicidios-y-otros-delitos\\\/#article\",\"isPartOf\":{\"@id\":\"https:\\\/\\\/diariofemenino.com.ar\\\/df\\\/diputados-aprobo-la-privacion-de-la-responsabilidad-parental-por-femicidios-y-otros-delitos\\\/\"},\"author\":{\"name\":\"Admin\",\"@id\":\"https:\\\/\\\/diariofemenino.com.ar\\\/df\\\/#\\\/schema\\\/person\\\/38f54b3bfd13f561de2460ba95c169c6\"},\"headline\":\"Diputados aprob\u00f3 la privaci\u00f3n de la responsabilidad parental por femicidios y otros delitos\",\"datePublished\":\"2017-04-27T22:01:47+00:00\",\"mainEntityOfPage\":{\"@id\":\"https:\\\/\\\/diariofemenino.com.ar\\\/df\\\/diputados-aprobo-la-privacion-de-la-responsabilidad-parental-por-femicidios-y-otros-delitos\\\/\"},\"wordCount\":807,\"commentCount\":0,\"publisher\":{\"@id\":\"https:\\\/\\\/diariofemenino.com.ar\\\/df\\\/#organization\"},\"image\":{\"@id\":\"https:\\\/\\\/diariofemenino.com.ar\\\/df\\\/diputados-aprobo-la-privacion-de-la-responsabilidad-parental-por-femicidios-y-otros-delitos\\\/#primaryimage\"},\"thumbnailUrl\":\"https:\\\/\\\/diariofemenino.com.ar\\\/df\\\/wp-content\\\/uploads\\\/2017\\\/04\\\/Honorable-C\u00e1mara-de-Diputados-de-la-Naci\u00f3n-Argentina-1.jpg\",\"keywords\":[\"Justicia\",\"Pol\u00edticas p\u00fablicas\",\"Violencia de g\u00e9nero\"],\"articleSection\":[\"Historias de vida\"],\"inLanguage\":\"es\",\"potentialAction\":[{\"@type\":\"CommentAction\",\"name\":\"Comment\",\"target\":[\"https:\\\/\\\/diariofemenino.com.ar\\\/df\\\/diputados-aprobo-la-privacion-de-la-responsabilidad-parental-por-femicidios-y-otros-delitos\\\/#respond\"]}]},{\"@type\":\"WebPage\",\"@id\":\"https:\\\/\\\/diariofemenino.com.ar\\\/df\\\/diputados-aprobo-la-privacion-de-la-responsabilidad-parental-por-femicidios-y-otros-delitos\\\/\",\"url\":\"https:\\\/\\\/diariofemenino.com.ar\\\/df\\\/diputados-aprobo-la-privacion-de-la-responsabilidad-parental-por-femicidios-y-otros-delitos\\\/\",\"name\":\"Diputados aprob\u00f3 la privaci\u00f3n de la responsabilidad parental por femicidios y otros delitos - Diario Digital Femenino\",\"isPartOf\":{\"@id\":\"https:\\\/\\\/diariofemenino.com.ar\\\/df\\\/#website\"},\"primaryImageOfPage\":{\"@id\":\"https:\\\/\\\/diariofemenino.com.ar\\\/df\\\/diputados-aprobo-la-privacion-de-la-responsabilidad-parental-por-femicidios-y-otros-delitos\\\/#primaryimage\"},\"image\":{\"@id\":\"https:\\\/\\\/diariofemenino.com.ar\\\/df\\\/diputados-aprobo-la-privacion-de-la-responsabilidad-parental-por-femicidios-y-otros-delitos\\\/#primaryimage\"},\"thumbnailUrl\":\"https:\\\/\\\/diariofemenino.com.ar\\\/df\\\/wp-content\\\/uploads\\\/2017\\\/04\\\/Honorable-C\u00e1mara-de-Diputados-de-la-Naci\u00f3n-Argentina-1.jpg\",\"datePublished\":\"2017-04-27T22:01:47+00:00\",\"breadcrumb\":{\"@id\":\"https:\\\/\\\/diariofemenino.com.ar\\\/df\\\/diputados-aprobo-la-privacion-de-la-responsabilidad-parental-por-femicidios-y-otros-delitos\\\/#breadcrumb\"},\"inLanguage\":\"es\",\"potentialAction\":[{\"@type\":\"ReadAction\",\"target\":[\"https:\\\/\\\/diariofemenino.com.ar\\\/df\\\/diputados-aprobo-la-privacion-de-la-responsabilidad-parental-por-femicidios-y-otros-delitos\\\/\"]}]},{\"@type\":\"ImageObject\",\"inLanguage\":\"es\",\"@id\":\"https:\\\/\\\/diariofemenino.com.ar\\\/df\\\/diputados-aprobo-la-privacion-de-la-responsabilidad-parental-por-femicidios-y-otros-delitos\\\/#primaryimage\",\"url\":\"https:\\\/\\\/diariofemenino.com.ar\\\/df\\\/wp-content\\\/uploads\\\/2017\\\/04\\\/Honorable-C\u00e1mara-de-Diputados-de-la-Naci\u00f3n-Argentina-1.jpg\",\"contentUrl\":\"https:\\\/\\\/diariofemenino.com.ar\\\/df\\\/wp-content\\\/uploads\\\/2017\\\/04\\\/Honorable-C\u00e1mara-de-Diputados-de-la-Naci\u00f3n-Argentina-1.jpg\",\"width\":640,\"height\":390},{\"@type\":\"BreadcrumbList\",\"@id\":\"https:\\\/\\\/diariofemenino.com.ar\\\/df\\\/diputados-aprobo-la-privacion-de-la-responsabilidad-parental-por-femicidios-y-otros-delitos\\\/#breadcrumb\",\"itemListElement\":[{\"@type\":\"ListItem\",\"position\":1,\"name\":\"Portada\",\"item\":\"https:\\\/\\\/diariofemenino.com.ar\\\/df\\\/\"},{\"@type\":\"ListItem\",\"position\":2,\"name\":\"Diputados aprob\u00f3 la privaci\u00f3n de la responsabilidad parental por femicidios y otros delitos\"}]},{\"@type\":\"WebSite\",\"@id\":\"https:\\\/\\\/diariofemenino.com.ar\\\/df\\\/#website\",\"url\":\"https:\\\/\\\/diariofemenino.com.ar\\\/df\\\/\",\"name\":\"Diario Digital Femenino\",\"description\":\"Cuesti\u00f3n de G\u00e9nero\",\"publisher\":{\"@id\":\"https:\\\/\\\/diariofemenino.com.ar\\\/df\\\/#organization\"},\"potentialAction\":[{\"@type\":\"SearchAction\",\"target\":{\"@type\":\"EntryPoint\",\"urlTemplate\":\"https:\\\/\\\/diariofemenino.com.ar\\\/df\\\/?s={search_term_string}\"},\"query-input\":{\"@type\":\"PropertyValueSpecification\",\"valueRequired\":true,\"valueName\":\"search_term_string\"}}],\"inLanguage\":\"es\"},{\"@type\":\"Organization\",\"@id\":\"https:\\\/\\\/diariofemenino.com.ar\\\/df\\\/#organization\",\"name\":\"Diario Femenino\",\"url\":\"https:\\\/\\\/diariofemenino.com.ar\\\/df\\\/\",\"logo\":{\"@type\":\"ImageObject\",\"inLanguage\":\"es\",\"@id\":\"https:\\\/\\\/diariofemenino.com.ar\\\/df\\\/#\\\/schema\\\/logo\\\/image\\\/\",\"url\":\"https:\\\/\\\/diariofemenino.com.ar\\\/df\\\/wp-content\\\/uploads\\\/2018\\\/10\\\/logo.png\",\"contentUrl\":\"https:\\\/\\\/diariofemenino.com.ar\\\/df\\\/wp-content\\\/uploads\\\/2018\\\/10\\\/logo.png\",\"width\":500,\"height\":92,\"caption\":\"Diario Femenino\"},\"image\":{\"@id\":\"https:\\\/\\\/diariofemenino.com.ar\\\/df\\\/#\\\/schema\\\/logo\\\/image\\\/\"},\"sameAs\":[\"https:\\\/\\\/www.facebook.com\\\/DiarioDigitaFemenino\\\/\",\"https:\\\/\\\/x.com\\\/DiarioFemenino1\"]},{\"@type\":\"Person\",\"@id\":\"https:\\\/\\\/diariofemenino.com.ar\\\/df\\\/#\\\/schema\\\/person\\\/38f54b3bfd13f561de2460ba95c169c6\",\"name\":\"Admin\",\"image\":{\"@type\":\"ImageObject\",\"inLanguage\":\"es\",\"@id\":\"https:\\\/\\\/diariofemenino.com.ar\\\/df\\\/wp-content\\\/uploads\\\/2018\\\/12\\\/favicon-150x150.jpg\",\"url\":\"https:\\\/\\\/diariofemenino.com.ar\\\/df\\\/wp-content\\\/uploads\\\/2018\\\/12\\\/favicon-150x150.jpg\",\"contentUrl\":\"https:\\\/\\\/diariofemenino.com.ar\\\/df\\\/wp-content\\\/uploads\\\/2018\\\/12\\\/favicon-150x150.jpg\",\"caption\":\"Admin\"},\"url\":\"https:\\\/\\\/diariofemenino.com.ar\\\/df\\\/author\\\/adm18df\\\/\"}]}<\/script>\n<!-- \/ Yoast SEO plugin. -->","yoast_head_json":{"title":"Diputados aprob\u00f3 la privaci\u00f3n de la responsabilidad parental por femicidios y otros delitos - Diario Digital Femenino","robots":{"index":"index","follow":"follow","max-snippet":"max-snippet:-1","max-image-preview":"max-image-preview:large","max-video-preview":"max-video-preview:-1"},"canonical":"https:\/\/diariofemenino.com.ar\/df\/diputados-aprobo-la-privacion-de-la-responsabilidad-parental-por-femicidios-y-otros-delitos\/","og_locale":"es_ES","og_type":"article","og_title":"Diputados aprob\u00f3 la privaci\u00f3n de la responsabilidad parental por femicidios y otros delitos - Diario Digital Femenino","og_description":"La C\u00e1mara de Diputados aprob\u00f3 hoy en sesi\u00f3n especial un proyecto de ley que establece la privaci\u00f3n de la responsabilidad parental por femicidios, lesiones grav\u00edsimas y abuso sexual contra el hijo o hija por parte de alguno de los progenitores. Con 203 votos afirmativos y dos abstenciones, la C\u00e1mara baja aprob\u00f3 y gir\u00f3 en revisi\u00f3n [&hellip;]","og_url":"https:\/\/diariofemenino.com.ar\/df\/diputados-aprobo-la-privacion-de-la-responsabilidad-parental-por-femicidios-y-otros-delitos\/","og_site_name":"Diario Digital Femenino","article_publisher":"https:\/\/www.facebook.com\/DiarioDigitaFemenino\/","article_published_time":"2017-04-27T22:01:47+00:00","og_image":[{"width":640,"height":390,"url":"https:\/\/diariofemenino.com.ar\/df\/wp-content\/uploads\/2017\/04\/Honorable-C\u00e1mara-de-Diputados-de-la-Naci\u00f3n-Argentina-1.jpg","type":"image\/jpeg"}],"author":"Admin","twitter_card":"summary_large_image","twitter_creator":"@DiarioFemenino1","twitter_site":"@DiarioFemenino1","twitter_misc":{"Escrito por":"Admin","Tiempo de lectura":"4 minutos"},"schema":{"@context":"https:\/\/schema.org","@graph":[{"@type":"Article","@id":"https:\/\/diariofemenino.com.ar\/df\/diputados-aprobo-la-privacion-de-la-responsabilidad-parental-por-femicidios-y-otros-delitos\/#article","isPartOf":{"@id":"https:\/\/diariofemenino.com.ar\/df\/diputados-aprobo-la-privacion-de-la-responsabilidad-parental-por-femicidios-y-otros-delitos\/"},"author":{"name":"Admin","@id":"https:\/\/diariofemenino.com.ar\/df\/#\/schema\/person\/38f54b3bfd13f561de2460ba95c169c6"},"headline":"Diputados aprob\u00f3 la privaci\u00f3n de la responsabilidad parental por femicidios y otros delitos","datePublished":"2017-04-27T22:01:47+00:00","mainEntityOfPage":{"@id":"https:\/\/diariofemenino.com.ar\/df\/diputados-aprobo-la-privacion-de-la-responsabilidad-parental-por-femicidios-y-otros-delitos\/"},"wordCount":807,"commentCount":0,"publisher":{"@id":"https:\/\/diariofemenino.com.ar\/df\/#organization"},"image":{"@id":"https:\/\/diariofemenino.com.ar\/df\/diputados-aprobo-la-privacion-de-la-responsabilidad-parental-por-femicidios-y-otros-delitos\/#primaryimage"},"thumbnailUrl":"https:\/\/diariofemenino.com.ar\/df\/wp-content\/uploads\/2017\/04\/Honorable-C\u00e1mara-de-Diputados-de-la-Naci\u00f3n-Argentina-1.jpg","keywords":["Justicia","Pol\u00edticas p\u00fablicas","Violencia de g\u00e9nero"],"articleSection":["Historias de vida"],"inLanguage":"es","potentialAction":[{"@type":"CommentAction","name":"Comment","target":["https:\/\/diariofemenino.com.ar\/df\/diputados-aprobo-la-privacion-de-la-responsabilidad-parental-por-femicidios-y-otros-delitos\/#respond"]}]},{"@type":"WebPage","@id":"https:\/\/diariofemenino.com.ar\/df\/diputados-aprobo-la-privacion-de-la-responsabilidad-parental-por-femicidios-y-otros-delitos\/","url":"https:\/\/diariofemenino.com.ar\/df\/diputados-aprobo-la-privacion-de-la-responsabilidad-parental-por-femicidios-y-otros-delitos\/","name":"Diputados aprob\u00f3 la privaci\u00f3n de la responsabilidad parental por femicidios y otros delitos - Diario Digital Femenino","isPartOf":{"@id":"https:\/\/diariofemenino.com.ar\/df\/#website"},"primaryImageOfPage":{"@id":"https:\/\/diariofemenino.com.ar\/df\/diputados-aprobo-la-privacion-de-la-responsabilidad-parental-por-femicidios-y-otros-delitos\/#primaryimage"},"image":{"@id":"https:\/\/diariofemenino.com.ar\/df\/diputados-aprobo-la-privacion-de-la-responsabilidad-parental-por-femicidios-y-otros-delitos\/#primaryimage"},"thumbnailUrl":"https:\/\/diariofemenino.com.ar\/df\/wp-content\/uploads\/2017\/04\/Honorable-C\u00e1mara-de-Diputados-de-la-Naci\u00f3n-Argentina-1.jpg","datePublished":"2017-04-27T22:01:47+00:00","breadcrumb":{"@id":"https:\/\/diariofemenino.com.ar\/df\/diputados-aprobo-la-privacion-de-la-responsabilidad-parental-por-femicidios-y-otros-delitos\/#breadcrumb"},"inLanguage":"es","potentialAction":[{"@type":"ReadAction","target":["https:\/\/diariofemenino.com.ar\/df\/diputados-aprobo-la-privacion-de-la-responsabilidad-parental-por-femicidios-y-otros-delitos\/"]}]},{"@type":"ImageObject","inLanguage":"es","@id":"https:\/\/diariofemenino.com.ar\/df\/diputados-aprobo-la-privacion-de-la-responsabilidad-parental-por-femicidios-y-otros-delitos\/#primaryimage","url":"https:\/\/diariofemenino.com.ar\/df\/wp-content\/uploads\/2017\/04\/Honorable-C\u00e1mara-de-Diputados-de-la-Naci\u00f3n-Argentina-1.jpg","contentUrl":"https:\/\/diariofemenino.com.ar\/df\/wp-content\/uploads\/2017\/04\/Honorable-C\u00e1mara-de-Diputados-de-la-Naci\u00f3n-Argentina-1.jpg","width":640,"height":390},{"@type":"BreadcrumbList","@id":"https:\/\/diariofemenino.com.ar\/df\/diputados-aprobo-la-privacion-de-la-responsabilidad-parental-por-femicidios-y-otros-delitos\/#breadcrumb","itemListElement":[{"@type":"ListItem","position":1,"name":"Portada","item":"https:\/\/diariofemenino.com.ar\/df\/"},{"@type":"ListItem","position":2,"name":"Diputados aprob\u00f3 la privaci\u00f3n de la responsabilidad parental por femicidios y otros delitos"}]},{"@type":"WebSite","@id":"https:\/\/diariofemenino.com.ar\/df\/#website","url":"https:\/\/diariofemenino.com.ar\/df\/","name":"Diario Digital Femenino","description":"Cuesti\u00f3n de G\u00e9nero","publisher":{"@id":"https:\/\/diariofemenino.com.ar\/df\/#organization"},"potentialAction":[{"@type":"SearchAction","target":{"@type":"EntryPoint","urlTemplate":"https:\/\/diariofemenino.com.ar\/df\/?s={search_term_string}"},"query-input":{"@type":"PropertyValueSpecification","valueRequired":true,"valueName":"search_term_string"}}],"inLanguage":"es"},{"@type":"Organization","@id":"https:\/\/diariofemenino.com.ar\/df\/#organization","name":"Diario Femenino","url":"https:\/\/diariofemenino.com.ar\/df\/","logo":{"@type":"ImageObject","inLanguage":"es","@id":"https:\/\/diariofemenino.com.ar\/df\/#\/schema\/logo\/image\/","url":"https:\/\/diariofemenino.com.ar\/df\/wp-content\/uploads\/2018\/10\/logo.png","contentUrl":"https:\/\/diariofemenino.com.ar\/df\/wp-content\/uploads\/2018\/10\/logo.png","width":500,"height":92,"caption":"Diario Femenino"},"image":{"@id":"https:\/\/diariofemenino.com.ar\/df\/#\/schema\/logo\/image\/"},"sameAs":["https:\/\/www.facebook.com\/DiarioDigitaFemenino\/","https:\/\/x.com\/DiarioFemenino1"]},{"@type":"Person","@id":"https:\/\/diariofemenino.com.ar\/df\/#\/schema\/person\/38f54b3bfd13f561de2460ba95c169c6","name":"Admin","image":{"@type":"ImageObject","inLanguage":"es","@id":"https:\/\/diariofemenino.com.ar\/df\/wp-content\/uploads\/2018\/12\/favicon-150x150.jpg","url":"https:\/\/diariofemenino.com.ar\/df\/wp-content\/uploads\/2018\/12\/favicon-150x150.jpg","contentUrl":"https:\/\/diariofemenino.com.ar\/df\/wp-content\/uploads\/2018\/12\/favicon-150x150.jpg","caption":"Admin"},"url":"https:\/\/diariofemenino.com.ar\/df\/author\/adm18df\/"}]}},"jetpack_featured_media_url":"https:\/\/diariofemenino.com.ar\/df\/wp-content\/uploads\/2017\/04\/Honorable-C\u00e1mara-de-Diputados-de-la-Naci\u00f3n-Argentina-1.jpg","jetpack_sharing_enabled":true,"rttpg_featured_image_url":{"full":["https:\/\/diariofemenino.com.ar\/df\/wp-content\/uploads\/2017\/04\/Honorable-C\u00e1mara-de-Diputados-de-la-Naci\u00f3n-Argentina-1.jpg",640,390,false],"landscape":["https:\/\/diariofemenino.com.ar\/df\/wp-content\/uploads\/2017\/04\/Honorable-C\u00e1mara-de-Diputados-de-la-Naci\u00f3n-Argentina-1.jpg",640,390,false],"portraits":["https:\/\/diariofemenino.com.ar\/df\/wp-content\/uploads\/2017\/04\/Honorable-C\u00e1mara-de-Diputados-de-la-Naci\u00f3n-Argentina-1.jpg",640,390,false],"thumbnail":["https:\/\/diariofemenino.com.ar\/df\/wp-content\/uploads\/2017\/04\/Honorable-C\u00e1mara-de-Diputados-de-la-Naci\u00f3n-Argentina-1-150x150.jpg",150,150,true],"medium":["https:\/\/diariofemenino.com.ar\/df\/wp-content\/uploads\/2017\/04\/Honorable-C\u00e1mara-de-Diputados-de-la-Naci\u00f3n-Argentina-1-300x183.jpg",300,183,true],"large":["https:\/\/diariofemenino.com.ar\/df\/wp-content\/uploads\/2017\/04\/Honorable-C\u00e1mara-de-Diputados-de-la-Naci\u00f3n-Argentina-1.jpg",640,390,false],"1536x1536":["https:\/\/diariofemenino.com.ar\/df\/wp-content\/uploads\/2017\/04\/Honorable-C\u00e1mara-de-Diputados-de-la-Naci\u00f3n-Argentina-1.jpg",640,390,false],"2048x2048":["https:\/\/diariofemenino.com.ar\/df\/wp-content\/uploads\/2017\/04\/Honorable-C\u00e1mara-de-Diputados-de-la-Naci\u00f3n-Argentina-1.jpg",640,390,false]},"rttpg_author":{"display_name":"Admin","author_link":"https:\/\/diariofemenino.com.ar\/df\/author\/adm18df\/"},"rttpg_comment":0,"rttpg_category":"<a href=\"https:\/\/diariofemenino.com.ar\/df\/category\/historias-de-vida\/\" rel=\"category tag\">Historias de vida<\/a>","rttpg_excerpt":"La C\u00e1mara de Diputados aprob\u00f3 hoy en sesi\u00f3n especial un proyecto de ley que establece la privaci\u00f3n de la responsabilidad parental por femicidios, lesiones grav\u00edsimas y abuso sexual contra el hijo o hija por parte de alguno de los progenitores. Con 203 votos afirmativos y dos abstenciones, la C\u00e1mara baja aprob\u00f3 y gir\u00f3 en revisi\u00f3n&hellip;","_links":{"self":[{"href":"https:\/\/diariofemenino.com.ar\/df\/wp-json\/wp\/v2\/posts\/27964","targetHints":{"allow":["GET"]}}],"collection":[{"href":"https:\/\/diariofemenino.com.ar\/df\/wp-json\/wp\/v2\/posts"}],"about":[{"href":"https:\/\/diariofemenino.com.ar\/df\/wp-json\/wp\/v2\/types\/post"}],"author":[{"embeddable":true,"href":"https:\/\/diariofemenino.com.ar\/df\/wp-json\/wp\/v2\/users\/1"}],"replies":[{"embeddable":true,"href":"https:\/\/diariofemenino.com.ar\/df\/wp-json\/wp\/v2\/comments?post=27964"}],"version-history":[{"count":0,"href":"https:\/\/diariofemenino.com.ar\/df\/wp-json\/wp\/v2\/posts\/27964\/revisions"}],"wp:featuredmedia":[{"embeddable":true,"href":"https:\/\/diariofemenino.com.ar\/df\/wp-json\/wp\/v2\/media\/27965"}],"wp:attachment":[{"href":"https:\/\/diariofemenino.com.ar\/df\/wp-json\/wp\/v2\/media?parent=27964"}],"wp:term":[{"taxonomy":"category","embeddable":true,"href":"https:\/\/diariofemenino.com.ar\/df\/wp-json\/wp\/v2\/categories?post=27964"},{"taxonomy":"post_tag","embeddable":true,"href":"https:\/\/diariofemenino.com.ar\/df\/wp-json\/wp\/v2\/tags?post=27964"}],"curies":[{"name":"wp","href":"https:\/\/api.w.org\/{rel}","templated":true}]}}