{"id":27960,"date":"2017-04-27T16:20:28","date_gmt":"2017-04-27T19:20:28","guid":{"rendered":"http:\/\/diariofemenino.com.ar\/v2\/?p=27960"},"modified":"2017-04-27T16:20:28","modified_gmt":"2017-04-27T19:20:28","slug":"santa-fe-psicologa-fue-sancionada-por-obstaculizar-un-aborto-no-punible","status":"publish","type":"post","link":"https:\/\/diariofemenino.com.ar\/df\/santa-fe-psicologa-fue-sancionada-por-obstaculizar-un-aborto-no-punible\/","title":{"rendered":"Santa Fe: psic\u00f3loga fue sancionada por obstaculizar un aborto no punible"},"content":{"rendered":"<p>El colegio de Psic\u00f3logos de la provincia de Santa Fe, aplic\u00f3 una sanci\u00f3n que sienta un precedente importante en la lucha por la despenalizaci\u00f3n y legalizaci\u00f3n del aborto. La Licenciada Maria Belen Catalano, integrante de la ONG Gravida fue sancionada por el Tribunal de \u00c9tica y disciplina, suspendiendo su matricula por un periodo de 6 meses, por obstaculizar e interponerse al derecho a la ILE (Interrupci\u00f3n Legal del Embarazo) a una adolescente en el hospital Iturraspe.<br \/>\n<img loading=\"lazy\" decoding=\"async\" class=\"alignnone size-full wp-image-27961\" src=\"https:\/\/diariofemenino.com.ar\/df\/wp-content\/uploads\/2018\/10\/aborto-legal-pcr-c7042.jpg\" alt=\"aborto-legal-pcr-c7042\" width=\"500\" height=\"375\" \/><br \/>\nPor <a href=\"http:\/\/www.anred.org\/spip.php?article14069\">ANRed<\/a><br \/>\nEl Tribunal de \u00c9tica y disciplina del Colegio de Psic\u00f3logos de la provincia de Santa Fe, resolvi\u00f3 sancionar a la Licenciada Maria Belen Catalano, perteneciente a la ONG Gravida, por obstaculizar e interponerse a que una adolescente ejerciera su derecho a un aborto no punible ILE, en el hospital Iturraspe.<br \/>\nDicha sanci\u00f3n representa un precedente importante, en la aplicaci\u00f3n del protocolo ILE, como as\u00ed tambi\u00e9n en la lucha por la legalizaci\u00f3n del aborto.<br \/>\nEl tribunal decidi\u00f3 aplicar la siguiente sanci\u00f3n \u201capercibimiento p\u00fablico y suspensi\u00f3n de la matr\u00edcula por el t\u00e9rmino de 6 meses\u201d.<br \/>\nRecordemos que el protocolo fue elaborado por el ministerio de Salud de la Naci\u00f3n en abril de 2015, por lo que debe ser cumplido en todos los hospitales y centros de salud del pa\u00eds.<br \/>\n<a href=\"https:\/\/www.powtoon.com\/embed\/c8QgKiCvu0G\/?wvideo=2s7sura9m9\"><img loading=\"lazy\" decoding=\"async\" src=\"http:\/\/www.anred.org\/local\/cache-vignettes\/L400xH225\/9734b4763387a454-96f59.jpg?1493305985\" width=\"400\" height=\"225\" \/><\/a><br \/>\n<a href=\"https:\/\/www.powtoon.com\/embed\/c8QgKiCvu0G\/?wvideo=2s7sura9m9\">PowToon : Interrupci\u00f3n Legal del Embarazo (ILE)<\/a><\/p>\n","protected":false},"excerpt":{"rendered":"<p>El colegio de Psic\u00f3logos de la provincia de Santa Fe, aplic\u00f3 una sanci\u00f3n que sienta un precedente importante en la lucha por la despenalizaci\u00f3n y legalizaci\u00f3n del aborto. La Licenciada Maria Belen Catalano, integrante de la ONG Gravida fue sancionada por el Tribunal de \u00c9tica y disciplina, suspendiendo su matricula por un periodo de 6 [&hellip;]<\/p>\n","protected":false},"author":1,"featured_media":27961,"comment_status":"open","ping_status":"open","sticky":false,"template":"","format":"standard","meta":{"iawp_total_views":14,"footnotes":""},"categories":[22,21,580],"tags":[53,30,10],"class_list":["post-27960","post","type-post","status-publish","format-standard","has-post-thumbnail","hentry","category-aborto","category-noticias","category-resistencia-verdevioleta","tag-derechos-de-las-mujeres","tag-derechos-humanos","tag-derechos-sexuales-y-reproductivos"],"nelio_content":{"autoShareEndMode":"never","automationSources":{"useCustomSentences":false,"customSentences":[]},"efiAlt":"","efiUrl":"","followers":[],"highlights":[],"isAutoShareEnabled":true,"networkImageIds":[],"permalinkQueryArgs":[],"series":[],"suggestedReferences":[]},"yoast_head":"<!-- This site is optimized with the Yoast SEO plugin v27.5 - https:\/\/yoast.com\/product\/yoast-seo-wordpress\/ -->\n<title>Santa Fe: psic\u00f3loga fue sancionada por obstaculizar un aborto no punible - Diario Digital Femenino<\/title>\n<meta name=\"robots\" content=\"index, follow, max-snippet:-1, max-image-preview:large, max-video-preview:-1\" \/>\n<link rel=\"canonical\" href=\"https:\/\/diariofemenino.com.ar\/df\/santa-fe-psicologa-fue-sancionada-por-obstaculizar-un-aborto-no-punible\/\" \/>\n<meta property=\"og:locale\" content=\"es_ES\" \/>\n<meta property=\"og:type\" content=\"article\" \/>\n<meta property=\"og:title\" content=\"Santa Fe: psic\u00f3loga fue sancionada por obstaculizar un aborto no punible - Diario Digital Femenino\" \/>\n<meta property=\"og:description\" content=\"El colegio de Psic\u00f3logos de la provincia de Santa Fe, aplic\u00f3 una sanci\u00f3n que sienta un precedente importante en la lucha por la despenalizaci\u00f3n y legalizaci\u00f3n del aborto. La Licenciada Maria Belen Catalano, integrante de la ONG Gravida fue sancionada por el Tribunal de \u00c9tica y disciplina, suspendiendo su matricula por un periodo de 6 [&hellip;]\" \/>\n<meta property=\"og:url\" content=\"https:\/\/diariofemenino.com.ar\/df\/santa-fe-psicologa-fue-sancionada-por-obstaculizar-un-aborto-no-punible\/\" \/>\n<meta property=\"og:site_name\" content=\"Diario Digital Femenino\" \/>\n<meta property=\"article:publisher\" content=\"https:\/\/www.facebook.com\/DiarioDigitaFemenino\/\" \/>\n<meta property=\"article:published_time\" content=\"2017-04-27T19:20:28+00:00\" \/>\n<meta property=\"og:image\" content=\"https:\/\/diariofemenino.com.ar\/df\/wp-content\/uploads\/2017\/04\/aborto-legal-pcr-c7042.jpg\" \/>\n\t<meta property=\"og:image:width\" content=\"500\" \/>\n\t<meta property=\"og:image:height\" content=\"375\" \/>\n\t<meta property=\"og:image:type\" content=\"image\/jpeg\" \/>\n<meta name=\"author\" content=\"Admin\" \/>\n<meta name=\"twitter:card\" content=\"summary_large_image\" \/>\n<meta name=\"twitter:creator\" content=\"@DiarioFemenino1\" \/>\n<meta name=\"twitter:site\" content=\"@DiarioFemenino1\" \/>\n<meta name=\"twitter:label1\" content=\"Escrito por\" \/>\n\t<meta name=\"twitter:data1\" content=\"Admin\" \/>\n\t<meta name=\"twitter:label2\" content=\"Tiempo de lectura\" \/>\n\t<meta name=\"twitter:data2\" content=\"1 minuto\" \/>\n<script type=\"application\/ld+json\" class=\"yoast-schema-graph\">{\"@context\":\"https:\\\/\\\/schema.org\",\"@graph\":[{\"@type\":\"Article\",\"@id\":\"https:\\\/\\\/diariofemenino.com.ar\\\/df\\\/santa-fe-psicologa-fue-sancionada-por-obstaculizar-un-aborto-no-punible\\\/#article\",\"isPartOf\":{\"@id\":\"https:\\\/\\\/diariofemenino.com.ar\\\/df\\\/santa-fe-psicologa-fue-sancionada-por-obstaculizar-un-aborto-no-punible\\\/\"},\"author\":{\"name\":\"Admin\",\"@id\":\"https:\\\/\\\/diariofemenino.com.ar\\\/df\\\/#\\\/schema\\\/person\\\/38f54b3bfd13f561de2460ba95c169c6\"},\"headline\":\"Santa Fe: psic\u00f3loga fue sancionada por obstaculizar un aborto no punible\",\"datePublished\":\"2017-04-27T19:20:28+00:00\",\"mainEntityOfPage\":{\"@id\":\"https:\\\/\\\/diariofemenino.com.ar\\\/df\\\/santa-fe-psicologa-fue-sancionada-por-obstaculizar-un-aborto-no-punible\\\/\"},\"wordCount\":238,\"commentCount\":0,\"publisher\":{\"@id\":\"https:\\\/\\\/diariofemenino.com.ar\\\/df\\\/#organization\"},\"image\":{\"@id\":\"https:\\\/\\\/diariofemenino.com.ar\\\/df\\\/santa-fe-psicologa-fue-sancionada-por-obstaculizar-un-aborto-no-punible\\\/#primaryimage\"},\"thumbnailUrl\":\"https:\\\/\\\/diariofemenino.com.ar\\\/df\\\/wp-content\\\/uploads\\\/2017\\\/04\\\/aborto-legal-pcr-c7042.jpg\",\"keywords\":[\"Derechos de las mujeres\",\"Derechos Humanos\",\"Derechos sexuales y reproductivos\"],\"articleSection\":[\"Aborto\",\"Noticias\",\"Resistencia VerdeVioleta\"],\"inLanguage\":\"es\",\"potentialAction\":[{\"@type\":\"CommentAction\",\"name\":\"Comment\",\"target\":[\"https:\\\/\\\/diariofemenino.com.ar\\\/df\\\/santa-fe-psicologa-fue-sancionada-por-obstaculizar-un-aborto-no-punible\\\/#respond\"]}]},{\"@type\":\"WebPage\",\"@id\":\"https:\\\/\\\/diariofemenino.com.ar\\\/df\\\/santa-fe-psicologa-fue-sancionada-por-obstaculizar-un-aborto-no-punible\\\/\",\"url\":\"https:\\\/\\\/diariofemenino.com.ar\\\/df\\\/santa-fe-psicologa-fue-sancionada-por-obstaculizar-un-aborto-no-punible\\\/\",\"name\":\"Santa Fe: psic\u00f3loga fue sancionada por obstaculizar un aborto no punible - Diario Digital Femenino\",\"isPartOf\":{\"@id\":\"https:\\\/\\\/diariofemenino.com.ar\\\/df\\\/#website\"},\"primaryImageOfPage\":{\"@id\":\"https:\\\/\\\/diariofemenino.com.ar\\\/df\\\/santa-fe-psicologa-fue-sancionada-por-obstaculizar-un-aborto-no-punible\\\/#primaryimage\"},\"image\":{\"@id\":\"https:\\\/\\\/diariofemenino.com.ar\\\/df\\\/santa-fe-psicologa-fue-sancionada-por-obstaculizar-un-aborto-no-punible\\\/#primaryimage\"},\"thumbnailUrl\":\"https:\\\/\\\/diariofemenino.com.ar\\\/df\\\/wp-content\\\/uploads\\\/2017\\\/04\\\/aborto-legal-pcr-c7042.jpg\",\"datePublished\":\"2017-04-27T19:20:28+00:00\",\"breadcrumb\":{\"@id\":\"https:\\\/\\\/diariofemenino.com.ar\\\/df\\\/santa-fe-psicologa-fue-sancionada-por-obstaculizar-un-aborto-no-punible\\\/#breadcrumb\"},\"inLanguage\":\"es\",\"potentialAction\":[{\"@type\":\"ReadAction\",\"target\":[\"https:\\\/\\\/diariofemenino.com.ar\\\/df\\\/santa-fe-psicologa-fue-sancionada-por-obstaculizar-un-aborto-no-punible\\\/\"]}]},{\"@type\":\"ImageObject\",\"inLanguage\":\"es\",\"@id\":\"https:\\\/\\\/diariofemenino.com.ar\\\/df\\\/santa-fe-psicologa-fue-sancionada-por-obstaculizar-un-aborto-no-punible\\\/#primaryimage\",\"url\":\"https:\\\/\\\/diariofemenino.com.ar\\\/df\\\/wp-content\\\/uploads\\\/2017\\\/04\\\/aborto-legal-pcr-c7042.jpg\",\"contentUrl\":\"https:\\\/\\\/diariofemenino.com.ar\\\/df\\\/wp-content\\\/uploads\\\/2017\\\/04\\\/aborto-legal-pcr-c7042.jpg\",\"width\":500,\"height\":375},{\"@type\":\"BreadcrumbList\",\"@id\":\"https:\\\/\\\/diariofemenino.com.ar\\\/df\\\/santa-fe-psicologa-fue-sancionada-por-obstaculizar-un-aborto-no-punible\\\/#breadcrumb\",\"itemListElement\":[{\"@type\":\"ListItem\",\"position\":1,\"name\":\"Portada\",\"item\":\"https:\\\/\\\/diariofemenino.com.ar\\\/df\\\/\"},{\"@type\":\"ListItem\",\"position\":2,\"name\":\"Santa Fe: psic\u00f3loga fue sancionada por obstaculizar un aborto no punible\"}]},{\"@type\":\"WebSite\",\"@id\":\"https:\\\/\\\/diariofemenino.com.ar\\\/df\\\/#website\",\"url\":\"https:\\\/\\\/diariofemenino.com.ar\\\/df\\\/\",\"name\":\"Diario Digital Femenino\",\"description\":\"Cuesti\u00f3n de G\u00e9nero\",\"publisher\":{\"@id\":\"https:\\\/\\\/diariofemenino.com.ar\\\/df\\\/#organization\"},\"potentialAction\":[{\"@type\":\"SearchAction\",\"target\":{\"@type\":\"EntryPoint\",\"urlTemplate\":\"https:\\\/\\\/diariofemenino.com.ar\\\/df\\\/?s={search_term_string}\"},\"query-input\":{\"@type\":\"PropertyValueSpecification\",\"valueRequired\":true,\"valueName\":\"search_term_string\"}}],\"inLanguage\":\"es\"},{\"@type\":\"Organization\",\"@id\":\"https:\\\/\\\/diariofemenino.com.ar\\\/df\\\/#organization\",\"name\":\"Diario Femenino\",\"url\":\"https:\\\/\\\/diariofemenino.com.ar\\\/df\\\/\",\"logo\":{\"@type\":\"ImageObject\",\"inLanguage\":\"es\",\"@id\":\"https:\\\/\\\/diariofemenino.com.ar\\\/df\\\/#\\\/schema\\\/logo\\\/image\\\/\",\"url\":\"https:\\\/\\\/diariofemenino.com.ar\\\/df\\\/wp-content\\\/uploads\\\/2018\\\/10\\\/logo.png\",\"contentUrl\":\"https:\\\/\\\/diariofemenino.com.ar\\\/df\\\/wp-content\\\/uploads\\\/2018\\\/10\\\/logo.png\",\"width\":500,\"height\":92,\"caption\":\"Diario Femenino\"},\"image\":{\"@id\":\"https:\\\/\\\/diariofemenino.com.ar\\\/df\\\/#\\\/schema\\\/logo\\\/image\\\/\"},\"sameAs\":[\"https:\\\/\\\/www.facebook.com\\\/DiarioDigitaFemenino\\\/\",\"https:\\\/\\\/x.com\\\/DiarioFemenino1\"]},{\"@type\":\"Person\",\"@id\":\"https:\\\/\\\/diariofemenino.com.ar\\\/df\\\/#\\\/schema\\\/person\\\/38f54b3bfd13f561de2460ba95c169c6\",\"name\":\"Admin\",\"image\":{\"@type\":\"ImageObject\",\"inLanguage\":\"es\",\"@id\":\"https:\\\/\\\/diariofemenino.com.ar\\\/df\\\/wp-content\\\/uploads\\\/2018\\\/12\\\/favicon-150x150.jpg\",\"url\":\"https:\\\/\\\/diariofemenino.com.ar\\\/df\\\/wp-content\\\/uploads\\\/2018\\\/12\\\/favicon-150x150.jpg\",\"contentUrl\":\"https:\\\/\\\/diariofemenino.com.ar\\\/df\\\/wp-content\\\/uploads\\\/2018\\\/12\\\/favicon-150x150.jpg\",\"caption\":\"Admin\"},\"url\":\"https:\\\/\\\/diariofemenino.com.ar\\\/df\\\/author\\\/adm18df\\\/\"}]}<\/script>\n<!-- \/ Yoast SEO plugin. -->","yoast_head_json":{"title":"Santa Fe: psic\u00f3loga fue sancionada por obstaculizar un aborto no punible - Diario Digital Femenino","robots":{"index":"index","follow":"follow","max-snippet":"max-snippet:-1","max-image-preview":"max-image-preview:large","max-video-preview":"max-video-preview:-1"},"canonical":"https:\/\/diariofemenino.com.ar\/df\/santa-fe-psicologa-fue-sancionada-por-obstaculizar-un-aborto-no-punible\/","og_locale":"es_ES","og_type":"article","og_title":"Santa Fe: psic\u00f3loga fue sancionada por obstaculizar un aborto no punible - Diario Digital Femenino","og_description":"El colegio de Psic\u00f3logos de la provincia de Santa Fe, aplic\u00f3 una sanci\u00f3n que sienta un precedente importante en la lucha por la despenalizaci\u00f3n y legalizaci\u00f3n del aborto. La Licenciada Maria Belen Catalano, integrante de la ONG Gravida fue sancionada por el Tribunal de \u00c9tica y disciplina, suspendiendo su matricula por un periodo de 6 [&hellip;]","og_url":"https:\/\/diariofemenino.com.ar\/df\/santa-fe-psicologa-fue-sancionada-por-obstaculizar-un-aborto-no-punible\/","og_site_name":"Diario Digital Femenino","article_publisher":"https:\/\/www.facebook.com\/DiarioDigitaFemenino\/","article_published_time":"2017-04-27T19:20:28+00:00","og_image":[{"width":500,"height":375,"url":"https:\/\/diariofemenino.com.ar\/df\/wp-content\/uploads\/2017\/04\/aborto-legal-pcr-c7042.jpg","type":"image\/jpeg"}],"author":"Admin","twitter_card":"summary_large_image","twitter_creator":"@DiarioFemenino1","twitter_site":"@DiarioFemenino1","twitter_misc":{"Escrito por":"Admin","Tiempo de lectura":"1 minuto"},"schema":{"@context":"https:\/\/schema.org","@graph":[{"@type":"Article","@id":"https:\/\/diariofemenino.com.ar\/df\/santa-fe-psicologa-fue-sancionada-por-obstaculizar-un-aborto-no-punible\/#article","isPartOf":{"@id":"https:\/\/diariofemenino.com.ar\/df\/santa-fe-psicologa-fue-sancionada-por-obstaculizar-un-aborto-no-punible\/"},"author":{"name":"Admin","@id":"https:\/\/diariofemenino.com.ar\/df\/#\/schema\/person\/38f54b3bfd13f561de2460ba95c169c6"},"headline":"Santa Fe: psic\u00f3loga fue sancionada por obstaculizar un aborto no punible","datePublished":"2017-04-27T19:20:28+00:00","mainEntityOfPage":{"@id":"https:\/\/diariofemenino.com.ar\/df\/santa-fe-psicologa-fue-sancionada-por-obstaculizar-un-aborto-no-punible\/"},"wordCount":238,"commentCount":0,"publisher":{"@id":"https:\/\/diariofemenino.com.ar\/df\/#organization"},"image":{"@id":"https:\/\/diariofemenino.com.ar\/df\/santa-fe-psicologa-fue-sancionada-por-obstaculizar-un-aborto-no-punible\/#primaryimage"},"thumbnailUrl":"https:\/\/diariofemenino.com.ar\/df\/wp-content\/uploads\/2017\/04\/aborto-legal-pcr-c7042.jpg","keywords":["Derechos de las mujeres","Derechos Humanos","Derechos sexuales y reproductivos"],"articleSection":["Aborto","Noticias","Resistencia VerdeVioleta"],"inLanguage":"es","potentialAction":[{"@type":"CommentAction","name":"Comment","target":["https:\/\/diariofemenino.com.ar\/df\/santa-fe-psicologa-fue-sancionada-por-obstaculizar-un-aborto-no-punible\/#respond"]}]},{"@type":"WebPage","@id":"https:\/\/diariofemenino.com.ar\/df\/santa-fe-psicologa-fue-sancionada-por-obstaculizar-un-aborto-no-punible\/","url":"https:\/\/diariofemenino.com.ar\/df\/santa-fe-psicologa-fue-sancionada-por-obstaculizar-un-aborto-no-punible\/","name":"Santa Fe: psic\u00f3loga fue sancionada por obstaculizar un aborto no punible - Diario Digital Femenino","isPartOf":{"@id":"https:\/\/diariofemenino.com.ar\/df\/#website"},"primaryImageOfPage":{"@id":"https:\/\/diariofemenino.com.ar\/df\/santa-fe-psicologa-fue-sancionada-por-obstaculizar-un-aborto-no-punible\/#primaryimage"},"image":{"@id":"https:\/\/diariofemenino.com.ar\/df\/santa-fe-psicologa-fue-sancionada-por-obstaculizar-un-aborto-no-punible\/#primaryimage"},"thumbnailUrl":"https:\/\/diariofemenino.com.ar\/df\/wp-content\/uploads\/2017\/04\/aborto-legal-pcr-c7042.jpg","datePublished":"2017-04-27T19:20:28+00:00","breadcrumb":{"@id":"https:\/\/diariofemenino.com.ar\/df\/santa-fe-psicologa-fue-sancionada-por-obstaculizar-un-aborto-no-punible\/#breadcrumb"},"inLanguage":"es","potentialAction":[{"@type":"ReadAction","target":["https:\/\/diariofemenino.com.ar\/df\/santa-fe-psicologa-fue-sancionada-por-obstaculizar-un-aborto-no-punible\/"]}]},{"@type":"ImageObject","inLanguage":"es","@id":"https:\/\/diariofemenino.com.ar\/df\/santa-fe-psicologa-fue-sancionada-por-obstaculizar-un-aborto-no-punible\/#primaryimage","url":"https:\/\/diariofemenino.com.ar\/df\/wp-content\/uploads\/2017\/04\/aborto-legal-pcr-c7042.jpg","contentUrl":"https:\/\/diariofemenino.com.ar\/df\/wp-content\/uploads\/2017\/04\/aborto-legal-pcr-c7042.jpg","width":500,"height":375},{"@type":"BreadcrumbList","@id":"https:\/\/diariofemenino.com.ar\/df\/santa-fe-psicologa-fue-sancionada-por-obstaculizar-un-aborto-no-punible\/#breadcrumb","itemListElement":[{"@type":"ListItem","position":1,"name":"Portada","item":"https:\/\/diariofemenino.com.ar\/df\/"},{"@type":"ListItem","position":2,"name":"Santa Fe: psic\u00f3loga fue sancionada por obstaculizar un aborto no punible"}]},{"@type":"WebSite","@id":"https:\/\/diariofemenino.com.ar\/df\/#website","url":"https:\/\/diariofemenino.com.ar\/df\/","name":"Diario Digital Femenino","description":"Cuesti\u00f3n de G\u00e9nero","publisher":{"@id":"https:\/\/diariofemenino.com.ar\/df\/#organization"},"potentialAction":[{"@type":"SearchAction","target":{"@type":"EntryPoint","urlTemplate":"https:\/\/diariofemenino.com.ar\/df\/?s={search_term_string}"},"query-input":{"@type":"PropertyValueSpecification","valueRequired":true,"valueName":"search_term_string"}}],"inLanguage":"es"},{"@type":"Organization","@id":"https:\/\/diariofemenino.com.ar\/df\/#organization","name":"Diario Femenino","url":"https:\/\/diariofemenino.com.ar\/df\/","logo":{"@type":"ImageObject","inLanguage":"es","@id":"https:\/\/diariofemenino.com.ar\/df\/#\/schema\/logo\/image\/","url":"https:\/\/diariofemenino.com.ar\/df\/wp-content\/uploads\/2018\/10\/logo.png","contentUrl":"https:\/\/diariofemenino.com.ar\/df\/wp-content\/uploads\/2018\/10\/logo.png","width":500,"height":92,"caption":"Diario Femenino"},"image":{"@id":"https:\/\/diariofemenino.com.ar\/df\/#\/schema\/logo\/image\/"},"sameAs":["https:\/\/www.facebook.com\/DiarioDigitaFemenino\/","https:\/\/x.com\/DiarioFemenino1"]},{"@type":"Person","@id":"https:\/\/diariofemenino.com.ar\/df\/#\/schema\/person\/38f54b3bfd13f561de2460ba95c169c6","name":"Admin","image":{"@type":"ImageObject","inLanguage":"es","@id":"https:\/\/diariofemenino.com.ar\/df\/wp-content\/uploads\/2018\/12\/favicon-150x150.jpg","url":"https:\/\/diariofemenino.com.ar\/df\/wp-content\/uploads\/2018\/12\/favicon-150x150.jpg","contentUrl":"https:\/\/diariofemenino.com.ar\/df\/wp-content\/uploads\/2018\/12\/favicon-150x150.jpg","caption":"Admin"},"url":"https:\/\/diariofemenino.com.ar\/df\/author\/adm18df\/"}]}},"jetpack_featured_media_url":"https:\/\/diariofemenino.com.ar\/df\/wp-content\/uploads\/2017\/04\/aborto-legal-pcr-c7042.jpg","jetpack_sharing_enabled":true,"rttpg_featured_image_url":{"full":["https:\/\/diariofemenino.com.ar\/df\/wp-content\/uploads\/2017\/04\/aborto-legal-pcr-c7042.jpg",500,375,false],"landscape":["https:\/\/diariofemenino.com.ar\/df\/wp-content\/uploads\/2017\/04\/aborto-legal-pcr-c7042.jpg",500,375,false],"portraits":["https:\/\/diariofemenino.com.ar\/df\/wp-content\/uploads\/2017\/04\/aborto-legal-pcr-c7042.jpg",500,375,false],"thumbnail":["https:\/\/diariofemenino.com.ar\/df\/wp-content\/uploads\/2017\/04\/aborto-legal-pcr-c7042-150x150.jpg",150,150,true],"medium":["https:\/\/diariofemenino.com.ar\/df\/wp-content\/uploads\/2017\/04\/aborto-legal-pcr-c7042-300x225.jpg",300,225,true],"large":["https:\/\/diariofemenino.com.ar\/df\/wp-content\/uploads\/2017\/04\/aborto-legal-pcr-c7042.jpg",500,375,false],"1536x1536":["https:\/\/diariofemenino.com.ar\/df\/wp-content\/uploads\/2017\/04\/aborto-legal-pcr-c7042.jpg",500,375,false],"2048x2048":["https:\/\/diariofemenino.com.ar\/df\/wp-content\/uploads\/2017\/04\/aborto-legal-pcr-c7042.jpg",500,375,false]},"rttpg_author":{"display_name":"Admin","author_link":"https:\/\/diariofemenino.com.ar\/df\/author\/adm18df\/"},"rttpg_comment":0,"rttpg_category":"<a href=\"https:\/\/diariofemenino.com.ar\/df\/category\/aborto\/\" rel=\"category tag\">Aborto<\/a> <a href=\"https:\/\/diariofemenino.com.ar\/df\/category\/noticias\/\" rel=\"category tag\">Noticias<\/a> <a href=\"https:\/\/diariofemenino.com.ar\/df\/category\/resistencia-verdevioleta\/\" rel=\"category tag\">Resistencia VerdeVioleta<\/a>","rttpg_excerpt":"El colegio de Psic\u00f3logos de la provincia de Santa Fe, aplic\u00f3 una sanci\u00f3n que sienta un precedente importante en la lucha por la despenalizaci\u00f3n y legalizaci\u00f3n del aborto. La Licenciada Maria Belen Catalano, integrante de la ONG Gravida fue sancionada por el Tribunal de \u00c9tica y disciplina, suspendiendo su matricula por un periodo de 6&hellip;","_links":{"self":[{"href":"https:\/\/diariofemenino.com.ar\/df\/wp-json\/wp\/v2\/posts\/27960","targetHints":{"allow":["GET"]}}],"collection":[{"href":"https:\/\/diariofemenino.com.ar\/df\/wp-json\/wp\/v2\/posts"}],"about":[{"href":"https:\/\/diariofemenino.com.ar\/df\/wp-json\/wp\/v2\/types\/post"}],"author":[{"embeddable":true,"href":"https:\/\/diariofemenino.com.ar\/df\/wp-json\/wp\/v2\/users\/1"}],"replies":[{"embeddable":true,"href":"https:\/\/diariofemenino.com.ar\/df\/wp-json\/wp\/v2\/comments?post=27960"}],"version-history":[{"count":0,"href":"https:\/\/diariofemenino.com.ar\/df\/wp-json\/wp\/v2\/posts\/27960\/revisions"}],"wp:featuredmedia":[{"embeddable":true,"href":"https:\/\/diariofemenino.com.ar\/df\/wp-json\/wp\/v2\/media\/27961"}],"wp:attachment":[{"href":"https:\/\/diariofemenino.com.ar\/df\/wp-json\/wp\/v2\/media?parent=27960"}],"wp:term":[{"taxonomy":"category","embeddable":true,"href":"https:\/\/diariofemenino.com.ar\/df\/wp-json\/wp\/v2\/categories?post=27960"},{"taxonomy":"post_tag","embeddable":true,"href":"https:\/\/diariofemenino.com.ar\/df\/wp-json\/wp\/v2\/tags?post=27960"}],"curies":[{"name":"wp","href":"https:\/\/api.w.org\/{rel}","templated":true}]}}