{"id":2630,"date":"2012-07-27T18:31:09","date_gmt":"2012-07-27T21:31:09","guid":{"rendered":"http:\/\/www.diariofemenino.com.ar\/?p=2630"},"modified":"2012-07-27T18:31:09","modified_gmt":"2012-07-27T21:31:09","slug":"un-nuevo-espacio-de-participacion-politica-para-las-mujeres","status":"publish","type":"post","link":"https:\/\/diariofemenino.com.ar\/df\/un-nuevo-espacio-de-participacion-politica-para-las-mujeres\/","title":{"rendered":"Un nuevo espacio de participaci\u00f3n pol\u00edtica para las mujeres"},"content":{"rendered":"<h2><\/h2>\n<h2><\/h2>\n<h2><\/h2>\n<h2><strong>Mujeres del Frente<br \/>\n<\/strong><\/h2>\n<p>Maria Elena Naddeo, Susana Rinaldi y An\u00edbal Ibarra, participar\u00e1n hoy\u00a0 del lanzamiento del nuevo espacio organizado por las militantes del Frente Progresista y Popular\u00a0(JUAN DOMINGO PER\u00d3N 1571, CABA)<strong>,\u00a0<\/strong>abierto a distintas expresiones territoriales, sociales, acad\u00e9micas y pol\u00edticas.<br \/>\n<strong>\u00abMujeres del Frente\u00bb<\/strong>\u00a0nace reconociendo a las protagonistas de las luchas m\u00e1s importantes de la Naci\u00f3n Argentina.\u00a0 Con el reconocimiento a las \u00abMujeres que hicieron historia\u00bb\u00a0 desde\u00a0\u00a0<strong>Juana Azurduy<\/strong>\u00a0y la revolucionarias del proceso de la independencia en el 1800, pasando por las socialistas impulsoras del sufragio femenino,\u00a0<strong>Alicia Moreau de justo, Julieta Lanteri<\/strong>, las docentes creadoras de los nuevos sistemas pedag\u00f3gicos innovadores como\u00a0<strong>Olga Cossettini<\/strong>,\u00a0<strong>Rosario Vera Pe\u00f1aloza<\/strong>. Habr\u00e1 tambi\u00e9n un homenaje particular a\u00a0<strong>Eva Per\u00f3n<\/strong>, en el 60\u00ba aniversario de su fallecimiento.<br \/>\n\u00abEva Per\u00f3n pasa a la historia por la energ\u00eda y la audacia con la que defendi\u00f3 y conquisto ampl\u00edsimos derechos para el conjunto de los trabajadores, para los despose\u00eddos, los explotados, los descamisados, para las mujeres. Con esa misma energ\u00eda, con las ideas aun no concretadas del ideario socialista de igualdad, con el ejemplo de Eva, de las miles de compa\u00f1eras detenidas desaparecidas, con la presencia y la fuerza de las\u00a0<strong>Madres y Abuelas de Plaza de Mayo<\/strong>, llamamos a participar en la lucha por la plena igualdad entre los g\u00e9neros, por la abolici\u00f3n de todas las formas de violencia y explotaci\u00f3n\u00bb, cont\u00f3 Naddeo.<br \/>\n\u00abConvocamos tambi\u00e9n a las mujeres\u00a0 a construir a debatir y a profundizar\u00a0 junto al Frente Progresista y Popular -djjo Naddeo- y a nuestros aliados pol\u00edticos el Proyecto Nacional, Popular y Democr\u00e1tico encabezado por otra mujer extraordinaria, por Cristina Fern\u00e1ndez de Kirchner\u00bb.<\/p>\n<p id=\"yui_3_2_0_1_1343424179134231\">La legisladora agreg\u00f3: \u00abSon momentos de ampliaci\u00f3n de conquistas y de derechos largamente postergados, as\u00ed como celebramos junto a N\u00e9stor y Cristina\u00a0 la ley de matrimonio igualitario, la asignaci\u00f3n universal por hijo, la ley de violencia de genero, entre otras. Nos seguimos movilizando para lograr la aprobaci\u00f3n de la modificaci\u00f3n de la Ley de trata de personas , la aprobaci\u00f3n de la legislaci\u00f3n que permita a todas las mujeres de sectores populares acceder al aborto seguro, legal y gratuito en el hospital publico, y la inclusi\u00f3n laboral y educativa de todas las personas en situaci\u00f3n de vulnerabilidad social.\u00bb<\/p>\n<p>Frente a las acechanzas de la derecha, del macrismo en la ciudad, del Grupo A en el plano nacional, con el cerco medi\u00e1tico, y los grupos de poder econ\u00f3mico tratando de desacelerar la econom\u00eda, tratando de ubicar nuevamente al pa\u00eds en la senda del ajuste y el recorte de la inversi\u00f3n social, frente a todo esto tenemos que defender lo logrado y profundizar las acciones de movilizaci\u00f3n y la orientaci\u00f3n del modelo.<br \/>\n\u00abPor todo eso, porque la pol\u00edtica es debate, lucha y compromiso para transformar la realidad, militamos en el Frente, con las mujeres, con los compa\u00f1eros comprometidos con la ideolog\u00eda de la igualdad\u00bb, finaliz\u00f3 Naddeo.<br \/>\n&nbsp;<br \/>\n&nbsp;<br \/>\nFuente: Prensa Diputada Naddeo.<br \/>\n&nbsp;<br \/>\n&nbsp;<br \/>\n&nbsp;<\/p>\n","protected":false},"excerpt":{"rendered":"<p>Mujeres del Frente Maria Elena Naddeo, Susana Rinaldi y An\u00edbal Ibarra, participar\u00e1n hoy\u00a0 del lanzamiento del nuevo espacio organizado por las militantes del Frente Progresista y Popular\u00a0(JUAN DOMINGO PER\u00d3N 1571, CABA),\u00a0abierto a distintas expresiones territoriales, sociales, acad\u00e9micas y pol\u00edticas. \u00abMujeres del Frente\u00bb\u00a0nace reconociendo a las protagonistas de las luchas m\u00e1s importantes de la Naci\u00f3n Argentina.\u00a0 [&hellip;]<\/p>\n","protected":false},"author":1,"featured_media":0,"comment_status":"open","ping_status":"open","sticky":false,"template":"","format":"standard","meta":{"iawp_total_views":2,"footnotes":""},"categories":[7,4],"tags":[],"class_list":["post-2630","post","type-post","status-publish","format-standard","hentry","category-actividades","category-medios"],"nelio_content":{"autoShareEndMode":"never","automationSources":{"useCustomSentences":false,"customSentences":[]},"efiAlt":"","efiUrl":"","followers":[],"highlights":[],"isAutoShareEnabled":true,"networkImageIds":[],"permalinkQueryArgs":[],"series":[],"suggestedReferences":[]},"yoast_head":"<!-- This site is optimized with the Yoast SEO plugin v27.5 - https:\/\/yoast.com\/product\/yoast-seo-wordpress\/ -->\n<title>Un nuevo espacio de participaci\u00f3n pol\u00edtica para las mujeres - Diario Digital Femenino<\/title>\n<meta name=\"robots\" content=\"index, follow, max-snippet:-1, max-image-preview:large, max-video-preview:-1\" \/>\n<link rel=\"canonical\" href=\"https:\/\/diariofemenino.com.ar\/df\/un-nuevo-espacio-de-participacion-politica-para-las-mujeres\/\" \/>\n<meta property=\"og:locale\" content=\"es_ES\" \/>\n<meta property=\"og:type\" content=\"article\" \/>\n<meta property=\"og:title\" content=\"Un nuevo espacio de participaci\u00f3n pol\u00edtica para las mujeres - Diario Digital Femenino\" \/>\n<meta property=\"og:description\" content=\"Mujeres del Frente Maria Elena Naddeo, Susana Rinaldi y An\u00edbal Ibarra, participar\u00e1n hoy\u00a0 del lanzamiento del nuevo espacio organizado por las militantes del Frente Progresista y Popular\u00a0(JUAN DOMINGO PER\u00d3N 1571, CABA),\u00a0abierto a distintas expresiones territoriales, sociales, acad\u00e9micas y pol\u00edticas. \u00abMujeres del Frente\u00bb\u00a0nace reconociendo a las protagonistas de las luchas m\u00e1s importantes de la Naci\u00f3n Argentina.\u00a0 [&hellip;]\" \/>\n<meta property=\"og:url\" content=\"https:\/\/diariofemenino.com.ar\/df\/un-nuevo-espacio-de-participacion-politica-para-las-mujeres\/\" \/>\n<meta property=\"og:site_name\" content=\"Diario Digital Femenino\" \/>\n<meta property=\"article:publisher\" content=\"https:\/\/www.facebook.com\/DiarioDigitaFemenino\/\" \/>\n<meta property=\"article:published_time\" content=\"2012-07-27T21:31:09+00:00\" \/>\n<meta property=\"og:image\" content=\"https:\/\/diariofemenino.com.ar\/df\/wp-content\/uploads\/2016\/10\/logo-negro.png\" \/>\n\t<meta property=\"og:image:width\" content=\"855\" \/>\n\t<meta property=\"og:image:height\" content=\"319\" \/>\n\t<meta property=\"og:image:type\" content=\"image\/png\" \/>\n<meta name=\"author\" content=\"Admin\" \/>\n<meta name=\"twitter:card\" content=\"summary_large_image\" \/>\n<meta name=\"twitter:creator\" content=\"@DiarioFemenino1\" \/>\n<meta name=\"twitter:site\" content=\"@DiarioFemenino1\" \/>\n<meta name=\"twitter:label1\" content=\"Escrito por\" \/>\n\t<meta name=\"twitter:data1\" content=\"Admin\" \/>\n\t<meta name=\"twitter:label2\" content=\"Tiempo de lectura\" \/>\n\t<meta name=\"twitter:data2\" content=\"3 minutos\" \/>\n<script type=\"application\/ld+json\" class=\"yoast-schema-graph\">{\"@context\":\"https:\\\/\\\/schema.org\",\"@graph\":[{\"@type\":\"Article\",\"@id\":\"https:\\\/\\\/diariofemenino.com.ar\\\/df\\\/un-nuevo-espacio-de-participacion-politica-para-las-mujeres\\\/#article\",\"isPartOf\":{\"@id\":\"https:\\\/\\\/diariofemenino.com.ar\\\/df\\\/un-nuevo-espacio-de-participacion-politica-para-las-mujeres\\\/\"},\"author\":{\"name\":\"Admin\",\"@id\":\"https:\\\/\\\/diariofemenino.com.ar\\\/df\\\/#\\\/schema\\\/person\\\/38f54b3bfd13f561de2460ba95c169c6\"},\"headline\":\"Un nuevo espacio de participaci\u00f3n pol\u00edtica para las mujeres\",\"datePublished\":\"2012-07-27T21:31:09+00:00\",\"mainEntityOfPage\":{\"@id\":\"https:\\\/\\\/diariofemenino.com.ar\\\/df\\\/un-nuevo-espacio-de-participacion-politica-para-las-mujeres\\\/\"},\"wordCount\":533,\"commentCount\":0,\"publisher\":{\"@id\":\"https:\\\/\\\/diariofemenino.com.ar\\\/df\\\/#organization\"},\"articleSection\":[\"Actividades\",\"Medios\"],\"inLanguage\":\"es\",\"potentialAction\":[{\"@type\":\"CommentAction\",\"name\":\"Comment\",\"target\":[\"https:\\\/\\\/diariofemenino.com.ar\\\/df\\\/un-nuevo-espacio-de-participacion-politica-para-las-mujeres\\\/#respond\"]}]},{\"@type\":\"WebPage\",\"@id\":\"https:\\\/\\\/diariofemenino.com.ar\\\/df\\\/un-nuevo-espacio-de-participacion-politica-para-las-mujeres\\\/\",\"url\":\"https:\\\/\\\/diariofemenino.com.ar\\\/df\\\/un-nuevo-espacio-de-participacion-politica-para-las-mujeres\\\/\",\"name\":\"Un nuevo espacio de participaci\u00f3n pol\u00edtica para las mujeres - Diario Digital Femenino\",\"isPartOf\":{\"@id\":\"https:\\\/\\\/diariofemenino.com.ar\\\/df\\\/#website\"},\"datePublished\":\"2012-07-27T21:31:09+00:00\",\"breadcrumb\":{\"@id\":\"https:\\\/\\\/diariofemenino.com.ar\\\/df\\\/un-nuevo-espacio-de-participacion-politica-para-las-mujeres\\\/#breadcrumb\"},\"inLanguage\":\"es\",\"potentialAction\":[{\"@type\":\"ReadAction\",\"target\":[\"https:\\\/\\\/diariofemenino.com.ar\\\/df\\\/un-nuevo-espacio-de-participacion-politica-para-las-mujeres\\\/\"]}]},{\"@type\":\"BreadcrumbList\",\"@id\":\"https:\\\/\\\/diariofemenino.com.ar\\\/df\\\/un-nuevo-espacio-de-participacion-politica-para-las-mujeres\\\/#breadcrumb\",\"itemListElement\":[{\"@type\":\"ListItem\",\"position\":1,\"name\":\"Portada\",\"item\":\"https:\\\/\\\/diariofemenino.com.ar\\\/df\\\/\"},{\"@type\":\"ListItem\",\"position\":2,\"name\":\"Un nuevo espacio de participaci\u00f3n pol\u00edtica para las mujeres\"}]},{\"@type\":\"WebSite\",\"@id\":\"https:\\\/\\\/diariofemenino.com.ar\\\/df\\\/#website\",\"url\":\"https:\\\/\\\/diariofemenino.com.ar\\\/df\\\/\",\"name\":\"Diario Digital Femenino\",\"description\":\"Cuesti\u00f3n de G\u00e9nero\",\"publisher\":{\"@id\":\"https:\\\/\\\/diariofemenino.com.ar\\\/df\\\/#organization\"},\"potentialAction\":[{\"@type\":\"SearchAction\",\"target\":{\"@type\":\"EntryPoint\",\"urlTemplate\":\"https:\\\/\\\/diariofemenino.com.ar\\\/df\\\/?s={search_term_string}\"},\"query-input\":{\"@type\":\"PropertyValueSpecification\",\"valueRequired\":true,\"valueName\":\"search_term_string\"}}],\"inLanguage\":\"es\"},{\"@type\":\"Organization\",\"@id\":\"https:\\\/\\\/diariofemenino.com.ar\\\/df\\\/#organization\",\"name\":\"Diario Femenino\",\"url\":\"https:\\\/\\\/diariofemenino.com.ar\\\/df\\\/\",\"logo\":{\"@type\":\"ImageObject\",\"inLanguage\":\"es\",\"@id\":\"https:\\\/\\\/diariofemenino.com.ar\\\/df\\\/#\\\/schema\\\/logo\\\/image\\\/\",\"url\":\"https:\\\/\\\/diariofemenino.com.ar\\\/df\\\/wp-content\\\/uploads\\\/2018\\\/10\\\/logo.png\",\"contentUrl\":\"https:\\\/\\\/diariofemenino.com.ar\\\/df\\\/wp-content\\\/uploads\\\/2018\\\/10\\\/logo.png\",\"width\":500,\"height\":92,\"caption\":\"Diario Femenino\"},\"image\":{\"@id\":\"https:\\\/\\\/diariofemenino.com.ar\\\/df\\\/#\\\/schema\\\/logo\\\/image\\\/\"},\"sameAs\":[\"https:\\\/\\\/www.facebook.com\\\/DiarioDigitaFemenino\\\/\",\"https:\\\/\\\/x.com\\\/DiarioFemenino1\"]},{\"@type\":\"Person\",\"@id\":\"https:\\\/\\\/diariofemenino.com.ar\\\/df\\\/#\\\/schema\\\/person\\\/38f54b3bfd13f561de2460ba95c169c6\",\"name\":\"Admin\",\"image\":{\"@type\":\"ImageObject\",\"inLanguage\":\"es\",\"@id\":\"https:\\\/\\\/diariofemenino.com.ar\\\/df\\\/wp-content\\\/uploads\\\/2018\\\/12\\\/favicon-150x150.jpg\",\"url\":\"https:\\\/\\\/diariofemenino.com.ar\\\/df\\\/wp-content\\\/uploads\\\/2018\\\/12\\\/favicon-150x150.jpg\",\"contentUrl\":\"https:\\\/\\\/diariofemenino.com.ar\\\/df\\\/wp-content\\\/uploads\\\/2018\\\/12\\\/favicon-150x150.jpg\",\"caption\":\"Admin\"},\"url\":\"https:\\\/\\\/diariofemenino.com.ar\\\/df\\\/author\\\/adm18df\\\/\"}]}<\/script>\n<!-- \/ Yoast SEO plugin. -->","yoast_head_json":{"title":"Un nuevo espacio de participaci\u00f3n pol\u00edtica para las mujeres - Diario Digital Femenino","robots":{"index":"index","follow":"follow","max-snippet":"max-snippet:-1","max-image-preview":"max-image-preview:large","max-video-preview":"max-video-preview:-1"},"canonical":"https:\/\/diariofemenino.com.ar\/df\/un-nuevo-espacio-de-participacion-politica-para-las-mujeres\/","og_locale":"es_ES","og_type":"article","og_title":"Un nuevo espacio de participaci\u00f3n pol\u00edtica para las mujeres - Diario Digital Femenino","og_description":"Mujeres del Frente Maria Elena Naddeo, Susana Rinaldi y An\u00edbal Ibarra, participar\u00e1n hoy\u00a0 del lanzamiento del nuevo espacio organizado por las militantes del Frente Progresista y Popular\u00a0(JUAN DOMINGO PER\u00d3N 1571, CABA),\u00a0abierto a distintas expresiones territoriales, sociales, acad\u00e9micas y pol\u00edticas. \u00abMujeres del Frente\u00bb\u00a0nace reconociendo a las protagonistas de las luchas m\u00e1s importantes de la Naci\u00f3n Argentina.\u00a0 [&hellip;]","og_url":"https:\/\/diariofemenino.com.ar\/df\/un-nuevo-espacio-de-participacion-politica-para-las-mujeres\/","og_site_name":"Diario Digital Femenino","article_publisher":"https:\/\/www.facebook.com\/DiarioDigitaFemenino\/","article_published_time":"2012-07-27T21:31:09+00:00","og_image":[{"width":855,"height":319,"url":"https:\/\/diariofemenino.com.ar\/df\/wp-content\/uploads\/2016\/10\/logo-negro.png","type":"image\/png"}],"author":"Admin","twitter_card":"summary_large_image","twitter_creator":"@DiarioFemenino1","twitter_site":"@DiarioFemenino1","twitter_misc":{"Escrito por":"Admin","Tiempo de lectura":"3 minutos"},"schema":{"@context":"https:\/\/schema.org","@graph":[{"@type":"Article","@id":"https:\/\/diariofemenino.com.ar\/df\/un-nuevo-espacio-de-participacion-politica-para-las-mujeres\/#article","isPartOf":{"@id":"https:\/\/diariofemenino.com.ar\/df\/un-nuevo-espacio-de-participacion-politica-para-las-mujeres\/"},"author":{"name":"Admin","@id":"https:\/\/diariofemenino.com.ar\/df\/#\/schema\/person\/38f54b3bfd13f561de2460ba95c169c6"},"headline":"Un nuevo espacio de participaci\u00f3n pol\u00edtica para las mujeres","datePublished":"2012-07-27T21:31:09+00:00","mainEntityOfPage":{"@id":"https:\/\/diariofemenino.com.ar\/df\/un-nuevo-espacio-de-participacion-politica-para-las-mujeres\/"},"wordCount":533,"commentCount":0,"publisher":{"@id":"https:\/\/diariofemenino.com.ar\/df\/#organization"},"articleSection":["Actividades","Medios"],"inLanguage":"es","potentialAction":[{"@type":"CommentAction","name":"Comment","target":["https:\/\/diariofemenino.com.ar\/df\/un-nuevo-espacio-de-participacion-politica-para-las-mujeres\/#respond"]}]},{"@type":"WebPage","@id":"https:\/\/diariofemenino.com.ar\/df\/un-nuevo-espacio-de-participacion-politica-para-las-mujeres\/","url":"https:\/\/diariofemenino.com.ar\/df\/un-nuevo-espacio-de-participacion-politica-para-las-mujeres\/","name":"Un nuevo espacio de participaci\u00f3n pol\u00edtica para las mujeres - Diario Digital Femenino","isPartOf":{"@id":"https:\/\/diariofemenino.com.ar\/df\/#website"},"datePublished":"2012-07-27T21:31:09+00:00","breadcrumb":{"@id":"https:\/\/diariofemenino.com.ar\/df\/un-nuevo-espacio-de-participacion-politica-para-las-mujeres\/#breadcrumb"},"inLanguage":"es","potentialAction":[{"@type":"ReadAction","target":["https:\/\/diariofemenino.com.ar\/df\/un-nuevo-espacio-de-participacion-politica-para-las-mujeres\/"]}]},{"@type":"BreadcrumbList","@id":"https:\/\/diariofemenino.com.ar\/df\/un-nuevo-espacio-de-participacion-politica-para-las-mujeres\/#breadcrumb","itemListElement":[{"@type":"ListItem","position":1,"name":"Portada","item":"https:\/\/diariofemenino.com.ar\/df\/"},{"@type":"ListItem","position":2,"name":"Un nuevo espacio de participaci\u00f3n pol\u00edtica para las mujeres"}]},{"@type":"WebSite","@id":"https:\/\/diariofemenino.com.ar\/df\/#website","url":"https:\/\/diariofemenino.com.ar\/df\/","name":"Diario Digital Femenino","description":"Cuesti\u00f3n de G\u00e9nero","publisher":{"@id":"https:\/\/diariofemenino.com.ar\/df\/#organization"},"potentialAction":[{"@type":"SearchAction","target":{"@type":"EntryPoint","urlTemplate":"https:\/\/diariofemenino.com.ar\/df\/?s={search_term_string}"},"query-input":{"@type":"PropertyValueSpecification","valueRequired":true,"valueName":"search_term_string"}}],"inLanguage":"es"},{"@type":"Organization","@id":"https:\/\/diariofemenino.com.ar\/df\/#organization","name":"Diario Femenino","url":"https:\/\/diariofemenino.com.ar\/df\/","logo":{"@type":"ImageObject","inLanguage":"es","@id":"https:\/\/diariofemenino.com.ar\/df\/#\/schema\/logo\/image\/","url":"https:\/\/diariofemenino.com.ar\/df\/wp-content\/uploads\/2018\/10\/logo.png","contentUrl":"https:\/\/diariofemenino.com.ar\/df\/wp-content\/uploads\/2018\/10\/logo.png","width":500,"height":92,"caption":"Diario Femenino"},"image":{"@id":"https:\/\/diariofemenino.com.ar\/df\/#\/schema\/logo\/image\/"},"sameAs":["https:\/\/www.facebook.com\/DiarioDigitaFemenino\/","https:\/\/x.com\/DiarioFemenino1"]},{"@type":"Person","@id":"https:\/\/diariofemenino.com.ar\/df\/#\/schema\/person\/38f54b3bfd13f561de2460ba95c169c6","name":"Admin","image":{"@type":"ImageObject","inLanguage":"es","@id":"https:\/\/diariofemenino.com.ar\/df\/wp-content\/uploads\/2018\/12\/favicon-150x150.jpg","url":"https:\/\/diariofemenino.com.ar\/df\/wp-content\/uploads\/2018\/12\/favicon-150x150.jpg","contentUrl":"https:\/\/diariofemenino.com.ar\/df\/wp-content\/uploads\/2018\/12\/favicon-150x150.jpg","caption":"Admin"},"url":"https:\/\/diariofemenino.com.ar\/df\/author\/adm18df\/"}]}},"jetpack_featured_media_url":"","jetpack_sharing_enabled":true,"rttpg_featured_image_url":null,"rttpg_author":{"display_name":"Admin","author_link":"https:\/\/diariofemenino.com.ar\/df\/author\/adm18df\/"},"rttpg_comment":0,"rttpg_category":"<a href=\"https:\/\/diariofemenino.com.ar\/df\/category\/actividades\/\" rel=\"category tag\">Actividades<\/a> <a href=\"https:\/\/diariofemenino.com.ar\/df\/category\/medios\/\" rel=\"category tag\">Medios<\/a>","rttpg_excerpt":"Mujeres del Frente Maria Elena Naddeo, Susana Rinaldi y An\u00edbal Ibarra, participar\u00e1n hoy\u00a0 del lanzamiento del nuevo espacio organizado por las militantes del Frente Progresista y Popular\u00a0(JUAN DOMINGO PER\u00d3N 1571, CABA),\u00a0abierto a distintas expresiones territoriales, sociales, acad\u00e9micas y pol\u00edticas. \u00abMujeres del Frente\u00bb\u00a0nace reconociendo a las protagonistas de las luchas m\u00e1s importantes de la Naci\u00f3n Argentina.\u00a0&hellip;","_links":{"self":[{"href":"https:\/\/diariofemenino.com.ar\/df\/wp-json\/wp\/v2\/posts\/2630","targetHints":{"allow":["GET"]}}],"collection":[{"href":"https:\/\/diariofemenino.com.ar\/df\/wp-json\/wp\/v2\/posts"}],"about":[{"href":"https:\/\/diariofemenino.com.ar\/df\/wp-json\/wp\/v2\/types\/post"}],"author":[{"embeddable":true,"href":"https:\/\/diariofemenino.com.ar\/df\/wp-json\/wp\/v2\/users\/1"}],"replies":[{"embeddable":true,"href":"https:\/\/diariofemenino.com.ar\/df\/wp-json\/wp\/v2\/comments?post=2630"}],"version-history":[{"count":0,"href":"https:\/\/diariofemenino.com.ar\/df\/wp-json\/wp\/v2\/posts\/2630\/revisions"}],"wp:attachment":[{"href":"https:\/\/diariofemenino.com.ar\/df\/wp-json\/wp\/v2\/media?parent=2630"}],"wp:term":[{"taxonomy":"category","embeddable":true,"href":"https:\/\/diariofemenino.com.ar\/df\/wp-json\/wp\/v2\/categories?post=2630"},{"taxonomy":"post_tag","embeddable":true,"href":"https:\/\/diariofemenino.com.ar\/df\/wp-json\/wp\/v2\/tags?post=2630"}],"curies":[{"name":"wp","href":"https:\/\/api.w.org\/{rel}","templated":true}]}}