{"id":2627,"date":"2012-07-26T14:16:54","date_gmt":"2012-07-26T17:16:54","guid":{"rendered":"http:\/\/www.diariofemenino.com.ar\/?p=2627"},"modified":"2012-07-26T14:16:54","modified_gmt":"2012-07-26T17:16:54","slug":"investigan-si-hubo-violencia-como-trasfondo-del-abandono-de-benjamin","status":"publish","type":"post","link":"https:\/\/diariofemenino.com.ar\/df\/investigan-si-hubo-violencia-como-trasfondo-del-abandono-de-benjamin\/","title":{"rendered":"Investigan si hubo violencia como trasfondo del abandono de Benjam\u00edn"},"content":{"rendered":"<p>&nbsp;<br \/>\n\u00a0<br \/>\n<em>El fiscal quiere determinar si las desavenencias entre los presuntos padres del ni\u00f1o inclu\u00edan violencia de g\u00e9nero.<\/em><br \/>\n26 de julio de 2012. Tras la presentaci\u00f3n ante la Justicia de la supuesta madre de \u00abBenjam\u00edn\u00bb, el fiscal Gustavo Sandoval\u00a0quiere determinar\u00a0si la mujer abandon\u00f3 al beb\u00e9 el martes pasado en el marco de un caso de violencia de g\u00e9nero.<br \/>\nEl ni\u00f1o, de un mes y medio de vida, ser\u00e1 dado de alta esta tarde en el Hospital de Ni\u00f1os y ser\u00e1 cuidado por una \u00abfamilia acogedora\u00bb de Unquillo designada por la Secretar\u00eda de Ni\u00f1ez, Adolescencia y Familia (Senaf), inform\u00f3 el Ministerio de Desarrollo Social a <strong>La Voz<\/strong>.<br \/>\nLa supuesta madre se present\u00f3 anoche en la Unidad Judicial N\u00ba1. El fiscal investiga si hubo\u00a0violencia de g\u00e9nero por parte de la pareja de la mujer, un alba\u00f1il de 29 a\u00f1os que la habr\u00eda abandonado tiempo antes (ver <a href=\"http:\/\/www.lavoz.com.ar\/ciudadanos\/para-que-este-calle-conmigo-no\" target=\"_blank\"><strong>\u00abPara que est\u00e9 en la calle conmigo, no&#8230;\u00bb<\/strong><\/a>).<br \/>\n<strong>Pericias y ADN.<\/strong> Adem\u00e1s del ADN para determinar la filiaci\u00f3n de ambos progenitores, se har\u00e1n pericias psicol\u00f3gicas para establecer qu\u00e9 problemas puede haber tomado la mujer para tomar semejante decisi\u00f3n.<br \/>\nSobre la presunta comisi\u00f3n de un delito por parte de la madre, Sandoval reiter\u00f3 que hay que analizar si existe o no, habida cuenta de que ella tom\u00f3 todos los recaudos para su cuidado. No obstante, se\u00f1al\u00f3 que podr\u00eda ser imputada de abandono de persona, aunque aclar\u00f3 que deber\u00eda tenerse en cuenta si puso en riesgo la vida de la criatura.<br \/>\nAdem\u00e1s, el fiscal adelant\u00f3 que respecto de la tenencia del ni\u00f1o se prev\u00e9 la intervenci\u00f3n de un juez de Menores que analizar\u00e1 los v\u00ednculos de los padres, sus condiciones y su entorno, como as\u00ed tambi\u00e9n la posibilidad de reintegr\u00e1rselos. De no tomar esa determinaci\u00f3n, dar\u00eda una tenencia precaria a familiares directos.<br \/>\n<strong>El padre. <\/strong>\u00abBenjam\u00edn\u00bb se convirti\u00f3 en el d\u00e9cimo beb\u00e9 abandonado en C\u00f3rdoba en el transcurso de 12 meses, seg\u00fan se inform\u00f3 desde la Secretar\u00eda de la Ni\u00f1ez Adolescencia y Familia (ver <a href=\"http:\/\/www.lavoz.com.ar\/ciudadanos\/adopcion-ultima-instancia-para-bebes\" target=\"_blank\"><strong>Adopci\u00f3n, \u00faltima instancia para los beb\u00e9s<\/strong><\/a>).<br \/>\nEl beb\u00e9 estaba acompa\u00f1ado por una carta escrita supuestamente por la madre en la que dejaba indicaciones sobre c\u00f3mo alimentarlo y ped\u00eda que le dieran amor (ver <a href=\"http:\/\/www.lavoz.com.ar\/ciudadanos\/me-llamo-benjamin-no-estoy-bautizado\" target=\"_blank\"><strong>\u00abMe llamo Benjam\u00edn y no estoy bautizado\u00bb<\/strong><\/a>).<br \/>\n<strong>Madre. <\/strong>Seg\u00fan el fiscal, la madre\u00a0\u00abapareci\u00f3 efectivamente luego de haber tomado conocimiento a trav\u00e9s de los medios period\u00edsticos\u00bb.<br \/>\nSandoval se\u00f1al\u00f3 que la mujer estaba en la Capital cordobesa y \u00abandaba deambulando por distintos lugares\u00bb y no en Santiago del Estero, como desliz\u00f3 ayer el supuesto padre.<br \/>\n&nbsp;<br \/>\n&nbsp;<br \/>\n&nbsp;<br \/>\nFuente:\u00a0 <a href=\"http:\/\/www.lavoz.com.ar\/ciudadanos\/investigan-si-hubo-violencia-como-trasfondo-abandono-benjamin\" target=\"_blank\">LaVoz<\/a><\/p>\n","protected":false},"excerpt":{"rendered":"<p>&nbsp; \u00a0 El fiscal quiere determinar si las desavenencias entre los presuntos padres del ni\u00f1o inclu\u00edan violencia de g\u00e9nero. 26 de julio de 2012. Tras la presentaci\u00f3n ante la Justicia de la supuesta madre de \u00abBenjam\u00edn\u00bb, el fiscal Gustavo Sandoval\u00a0quiere determinar\u00a0si la mujer abandon\u00f3 al beb\u00e9 el martes pasado en el marco de un caso [&hellip;]<\/p>\n","protected":false},"author":1,"featured_media":2628,"comment_status":"open","ping_status":"open","sticky":false,"template":"","format":"standard","meta":{"iawp_total_views":2,"footnotes":""},"categories":[4,21,15],"tags":[],"class_list":["post-2627","post","type-post","status-publish","format-standard","has-post-thumbnail","hentry","category-medios","category-noticias","category-trata-de-personas"],"nelio_content":{"autoShareEndMode":"never","automationSources":{"useCustomSentences":false,"customSentences":[]},"efiAlt":"","efiUrl":"","followers":[],"highlights":[],"isAutoShareEnabled":true,"networkImageIds":[],"permalinkQueryArgs":[],"series":[],"suggestedReferences":[]},"yoast_head":"<!-- This site is optimized with the Yoast SEO plugin v27.5 - https:\/\/yoast.com\/product\/yoast-seo-wordpress\/ -->\n<title>Investigan si hubo violencia como trasfondo del abandono de Benjam\u00edn - Diario Digital Femenino<\/title>\n<meta name=\"robots\" content=\"index, follow, max-snippet:-1, max-image-preview:large, max-video-preview:-1\" \/>\n<link rel=\"canonical\" href=\"https:\/\/diariofemenino.com.ar\/df\/investigan-si-hubo-violencia-como-trasfondo-del-abandono-de-benjamin\/\" \/>\n<meta property=\"og:locale\" content=\"es_ES\" \/>\n<meta property=\"og:type\" content=\"article\" \/>\n<meta property=\"og:title\" content=\"Investigan si hubo violencia como trasfondo del abandono de Benjam\u00edn - Diario Digital Femenino\" \/>\n<meta property=\"og:description\" content=\"&nbsp; \u00a0 El fiscal quiere determinar si las desavenencias entre los presuntos padres del ni\u00f1o inclu\u00edan violencia de g\u00e9nero. 26 de julio de 2012. Tras la presentaci\u00f3n ante la Justicia de la supuesta madre de \u00abBenjam\u00edn\u00bb, el fiscal Gustavo Sandoval\u00a0quiere determinar\u00a0si la mujer abandon\u00f3 al beb\u00e9 el martes pasado en el marco de un caso [&hellip;]\" \/>\n<meta property=\"og:url\" content=\"https:\/\/diariofemenino.com.ar\/df\/investigan-si-hubo-violencia-como-trasfondo-del-abandono-de-benjamin\/\" \/>\n<meta property=\"og:site_name\" content=\"Diario Digital Femenino\" \/>\n<meta property=\"article:publisher\" content=\"https:\/\/www.facebook.com\/DiarioDigitaFemenino\/\" \/>\n<meta property=\"article:published_time\" content=\"2012-07-26T17:16:54+00:00\" \/>\n<meta property=\"og:image\" content=\"https:\/\/diariofemenino.com.ar\/df\/wp-content\/uploads\/2016\/10\/logo-negro.png\" \/>\n\t<meta property=\"og:image:width\" content=\"855\" \/>\n\t<meta property=\"og:image:height\" content=\"319\" \/>\n\t<meta property=\"og:image:type\" content=\"image\/png\" \/>\n<meta name=\"author\" content=\"Admin\" \/>\n<meta name=\"twitter:card\" content=\"summary_large_image\" \/>\n<meta name=\"twitter:creator\" content=\"@DiarioFemenino1\" \/>\n<meta name=\"twitter:site\" content=\"@DiarioFemenino1\" \/>\n<meta name=\"twitter:label1\" content=\"Escrito por\" \/>\n\t<meta name=\"twitter:data1\" content=\"Admin\" \/>\n\t<meta name=\"twitter:label2\" content=\"Tiempo de lectura\" \/>\n\t<meta name=\"twitter:data2\" content=\"2 minutos\" \/>\n<script type=\"application\/ld+json\" class=\"yoast-schema-graph\">{\"@context\":\"https:\\\/\\\/schema.org\",\"@graph\":[{\"@type\":\"Article\",\"@id\":\"https:\\\/\\\/diariofemenino.com.ar\\\/df\\\/investigan-si-hubo-violencia-como-trasfondo-del-abandono-de-benjamin\\\/#article\",\"isPartOf\":{\"@id\":\"https:\\\/\\\/diariofemenino.com.ar\\\/df\\\/investigan-si-hubo-violencia-como-trasfondo-del-abandono-de-benjamin\\\/\"},\"author\":{\"name\":\"Admin\",\"@id\":\"https:\\\/\\\/diariofemenino.com.ar\\\/df\\\/#\\\/schema\\\/person\\\/38f54b3bfd13f561de2460ba95c169c6\"},\"headline\":\"Investigan si hubo violencia como trasfondo del abandono de Benjam\u00edn\",\"datePublished\":\"2012-07-26T17:16:54+00:00\",\"mainEntityOfPage\":{\"@id\":\"https:\\\/\\\/diariofemenino.com.ar\\\/df\\\/investigan-si-hubo-violencia-como-trasfondo-del-abandono-de-benjamin\\\/\"},\"wordCount\":474,\"commentCount\":0,\"publisher\":{\"@id\":\"https:\\\/\\\/diariofemenino.com.ar\\\/df\\\/#organization\"},\"image\":{\"@id\":\"https:\\\/\\\/diariofemenino.com.ar\\\/df\\\/investigan-si-hubo-violencia-como-trasfondo-del-abandono-de-benjamin\\\/#primaryimage\"},\"thumbnailUrl\":\"\",\"articleSection\":[\"Medios\",\"Noticias\",\"Trata de Pers.\"],\"inLanguage\":\"es\",\"potentialAction\":[{\"@type\":\"CommentAction\",\"name\":\"Comment\",\"target\":[\"https:\\\/\\\/diariofemenino.com.ar\\\/df\\\/investigan-si-hubo-violencia-como-trasfondo-del-abandono-de-benjamin\\\/#respond\"]}]},{\"@type\":\"WebPage\",\"@id\":\"https:\\\/\\\/diariofemenino.com.ar\\\/df\\\/investigan-si-hubo-violencia-como-trasfondo-del-abandono-de-benjamin\\\/\",\"url\":\"https:\\\/\\\/diariofemenino.com.ar\\\/df\\\/investigan-si-hubo-violencia-como-trasfondo-del-abandono-de-benjamin\\\/\",\"name\":\"Investigan si hubo violencia como trasfondo del abandono de Benjam\u00edn - Diario Digital Femenino\",\"isPartOf\":{\"@id\":\"https:\\\/\\\/diariofemenino.com.ar\\\/df\\\/#website\"},\"primaryImageOfPage\":{\"@id\":\"https:\\\/\\\/diariofemenino.com.ar\\\/df\\\/investigan-si-hubo-violencia-como-trasfondo-del-abandono-de-benjamin\\\/#primaryimage\"},\"image\":{\"@id\":\"https:\\\/\\\/diariofemenino.com.ar\\\/df\\\/investigan-si-hubo-violencia-como-trasfondo-del-abandono-de-benjamin\\\/#primaryimage\"},\"thumbnailUrl\":\"\",\"datePublished\":\"2012-07-26T17:16:54+00:00\",\"breadcrumb\":{\"@id\":\"https:\\\/\\\/diariofemenino.com.ar\\\/df\\\/investigan-si-hubo-violencia-como-trasfondo-del-abandono-de-benjamin\\\/#breadcrumb\"},\"inLanguage\":\"es\",\"potentialAction\":[{\"@type\":\"ReadAction\",\"target\":[\"https:\\\/\\\/diariofemenino.com.ar\\\/df\\\/investigan-si-hubo-violencia-como-trasfondo-del-abandono-de-benjamin\\\/\"]}]},{\"@type\":\"ImageObject\",\"inLanguage\":\"es\",\"@id\":\"https:\\\/\\\/diariofemenino.com.ar\\\/df\\\/investigan-si-hubo-violencia-como-trasfondo-del-abandono-de-benjamin\\\/#primaryimage\",\"url\":\"\",\"contentUrl\":\"\"},{\"@type\":\"BreadcrumbList\",\"@id\":\"https:\\\/\\\/diariofemenino.com.ar\\\/df\\\/investigan-si-hubo-violencia-como-trasfondo-del-abandono-de-benjamin\\\/#breadcrumb\",\"itemListElement\":[{\"@type\":\"ListItem\",\"position\":1,\"name\":\"Portada\",\"item\":\"https:\\\/\\\/diariofemenino.com.ar\\\/df\\\/\"},{\"@type\":\"ListItem\",\"position\":2,\"name\":\"Investigan si hubo violencia como trasfondo del abandono de Benjam\u00edn\"}]},{\"@type\":\"WebSite\",\"@id\":\"https:\\\/\\\/diariofemenino.com.ar\\\/df\\\/#website\",\"url\":\"https:\\\/\\\/diariofemenino.com.ar\\\/df\\\/\",\"name\":\"Diario Digital Femenino\",\"description\":\"Cuesti\u00f3n de G\u00e9nero\",\"publisher\":{\"@id\":\"https:\\\/\\\/diariofemenino.com.ar\\\/df\\\/#organization\"},\"potentialAction\":[{\"@type\":\"SearchAction\",\"target\":{\"@type\":\"EntryPoint\",\"urlTemplate\":\"https:\\\/\\\/diariofemenino.com.ar\\\/df\\\/?s={search_term_string}\"},\"query-input\":{\"@type\":\"PropertyValueSpecification\",\"valueRequired\":true,\"valueName\":\"search_term_string\"}}],\"inLanguage\":\"es\"},{\"@type\":\"Organization\",\"@id\":\"https:\\\/\\\/diariofemenino.com.ar\\\/df\\\/#organization\",\"name\":\"Diario Femenino\",\"url\":\"https:\\\/\\\/diariofemenino.com.ar\\\/df\\\/\",\"logo\":{\"@type\":\"ImageObject\",\"inLanguage\":\"es\",\"@id\":\"https:\\\/\\\/diariofemenino.com.ar\\\/df\\\/#\\\/schema\\\/logo\\\/image\\\/\",\"url\":\"https:\\\/\\\/diariofemenino.com.ar\\\/df\\\/wp-content\\\/uploads\\\/2018\\\/10\\\/logo.png\",\"contentUrl\":\"https:\\\/\\\/diariofemenino.com.ar\\\/df\\\/wp-content\\\/uploads\\\/2018\\\/10\\\/logo.png\",\"width\":500,\"height\":92,\"caption\":\"Diario Femenino\"},\"image\":{\"@id\":\"https:\\\/\\\/diariofemenino.com.ar\\\/df\\\/#\\\/schema\\\/logo\\\/image\\\/\"},\"sameAs\":[\"https:\\\/\\\/www.facebook.com\\\/DiarioDigitaFemenino\\\/\",\"https:\\\/\\\/x.com\\\/DiarioFemenino1\"]},{\"@type\":\"Person\",\"@id\":\"https:\\\/\\\/diariofemenino.com.ar\\\/df\\\/#\\\/schema\\\/person\\\/38f54b3bfd13f561de2460ba95c169c6\",\"name\":\"Admin\",\"image\":{\"@type\":\"ImageObject\",\"inLanguage\":\"es\",\"@id\":\"https:\\\/\\\/diariofemenino.com.ar\\\/df\\\/wp-content\\\/uploads\\\/2018\\\/12\\\/favicon-150x150.jpg\",\"url\":\"https:\\\/\\\/diariofemenino.com.ar\\\/df\\\/wp-content\\\/uploads\\\/2018\\\/12\\\/favicon-150x150.jpg\",\"contentUrl\":\"https:\\\/\\\/diariofemenino.com.ar\\\/df\\\/wp-content\\\/uploads\\\/2018\\\/12\\\/favicon-150x150.jpg\",\"caption\":\"Admin\"},\"url\":\"https:\\\/\\\/diariofemenino.com.ar\\\/df\\\/author\\\/adm18df\\\/\"}]}<\/script>\n<!-- \/ Yoast SEO plugin. -->","yoast_head_json":{"title":"Investigan si hubo violencia como trasfondo del abandono de Benjam\u00edn - Diario Digital Femenino","robots":{"index":"index","follow":"follow","max-snippet":"max-snippet:-1","max-image-preview":"max-image-preview:large","max-video-preview":"max-video-preview:-1"},"canonical":"https:\/\/diariofemenino.com.ar\/df\/investigan-si-hubo-violencia-como-trasfondo-del-abandono-de-benjamin\/","og_locale":"es_ES","og_type":"article","og_title":"Investigan si hubo violencia como trasfondo del abandono de Benjam\u00edn - Diario Digital Femenino","og_description":"&nbsp; \u00a0 El fiscal quiere determinar si las desavenencias entre los presuntos padres del ni\u00f1o inclu\u00edan violencia de g\u00e9nero. 26 de julio de 2012. Tras la presentaci\u00f3n ante la Justicia de la supuesta madre de \u00abBenjam\u00edn\u00bb, el fiscal Gustavo Sandoval\u00a0quiere determinar\u00a0si la mujer abandon\u00f3 al beb\u00e9 el martes pasado en el marco de un caso [&hellip;]","og_url":"https:\/\/diariofemenino.com.ar\/df\/investigan-si-hubo-violencia-como-trasfondo-del-abandono-de-benjamin\/","og_site_name":"Diario Digital Femenino","article_publisher":"https:\/\/www.facebook.com\/DiarioDigitaFemenino\/","article_published_time":"2012-07-26T17:16:54+00:00","og_image":[{"width":855,"height":319,"url":"https:\/\/diariofemenino.com.ar\/df\/wp-content\/uploads\/2016\/10\/logo-negro.png","type":"image\/png"}],"author":"Admin","twitter_card":"summary_large_image","twitter_creator":"@DiarioFemenino1","twitter_site":"@DiarioFemenino1","twitter_misc":{"Escrito por":"Admin","Tiempo de lectura":"2 minutos"},"schema":{"@context":"https:\/\/schema.org","@graph":[{"@type":"Article","@id":"https:\/\/diariofemenino.com.ar\/df\/investigan-si-hubo-violencia-como-trasfondo-del-abandono-de-benjamin\/#article","isPartOf":{"@id":"https:\/\/diariofemenino.com.ar\/df\/investigan-si-hubo-violencia-como-trasfondo-del-abandono-de-benjamin\/"},"author":{"name":"Admin","@id":"https:\/\/diariofemenino.com.ar\/df\/#\/schema\/person\/38f54b3bfd13f561de2460ba95c169c6"},"headline":"Investigan si hubo violencia como trasfondo del abandono de Benjam\u00edn","datePublished":"2012-07-26T17:16:54+00:00","mainEntityOfPage":{"@id":"https:\/\/diariofemenino.com.ar\/df\/investigan-si-hubo-violencia-como-trasfondo-del-abandono-de-benjamin\/"},"wordCount":474,"commentCount":0,"publisher":{"@id":"https:\/\/diariofemenino.com.ar\/df\/#organization"},"image":{"@id":"https:\/\/diariofemenino.com.ar\/df\/investigan-si-hubo-violencia-como-trasfondo-del-abandono-de-benjamin\/#primaryimage"},"thumbnailUrl":"","articleSection":["Medios","Noticias","Trata de Pers."],"inLanguage":"es","potentialAction":[{"@type":"CommentAction","name":"Comment","target":["https:\/\/diariofemenino.com.ar\/df\/investigan-si-hubo-violencia-como-trasfondo-del-abandono-de-benjamin\/#respond"]}]},{"@type":"WebPage","@id":"https:\/\/diariofemenino.com.ar\/df\/investigan-si-hubo-violencia-como-trasfondo-del-abandono-de-benjamin\/","url":"https:\/\/diariofemenino.com.ar\/df\/investigan-si-hubo-violencia-como-trasfondo-del-abandono-de-benjamin\/","name":"Investigan si hubo violencia como trasfondo del abandono de Benjam\u00edn - Diario Digital Femenino","isPartOf":{"@id":"https:\/\/diariofemenino.com.ar\/df\/#website"},"primaryImageOfPage":{"@id":"https:\/\/diariofemenino.com.ar\/df\/investigan-si-hubo-violencia-como-trasfondo-del-abandono-de-benjamin\/#primaryimage"},"image":{"@id":"https:\/\/diariofemenino.com.ar\/df\/investigan-si-hubo-violencia-como-trasfondo-del-abandono-de-benjamin\/#primaryimage"},"thumbnailUrl":"","datePublished":"2012-07-26T17:16:54+00:00","breadcrumb":{"@id":"https:\/\/diariofemenino.com.ar\/df\/investigan-si-hubo-violencia-como-trasfondo-del-abandono-de-benjamin\/#breadcrumb"},"inLanguage":"es","potentialAction":[{"@type":"ReadAction","target":["https:\/\/diariofemenino.com.ar\/df\/investigan-si-hubo-violencia-como-trasfondo-del-abandono-de-benjamin\/"]}]},{"@type":"ImageObject","inLanguage":"es","@id":"https:\/\/diariofemenino.com.ar\/df\/investigan-si-hubo-violencia-como-trasfondo-del-abandono-de-benjamin\/#primaryimage","url":"","contentUrl":""},{"@type":"BreadcrumbList","@id":"https:\/\/diariofemenino.com.ar\/df\/investigan-si-hubo-violencia-como-trasfondo-del-abandono-de-benjamin\/#breadcrumb","itemListElement":[{"@type":"ListItem","position":1,"name":"Portada","item":"https:\/\/diariofemenino.com.ar\/df\/"},{"@type":"ListItem","position":2,"name":"Investigan si hubo violencia como trasfondo del abandono de Benjam\u00edn"}]},{"@type":"WebSite","@id":"https:\/\/diariofemenino.com.ar\/df\/#website","url":"https:\/\/diariofemenino.com.ar\/df\/","name":"Diario Digital Femenino","description":"Cuesti\u00f3n de G\u00e9nero","publisher":{"@id":"https:\/\/diariofemenino.com.ar\/df\/#organization"},"potentialAction":[{"@type":"SearchAction","target":{"@type":"EntryPoint","urlTemplate":"https:\/\/diariofemenino.com.ar\/df\/?s={search_term_string}"},"query-input":{"@type":"PropertyValueSpecification","valueRequired":true,"valueName":"search_term_string"}}],"inLanguage":"es"},{"@type":"Organization","@id":"https:\/\/diariofemenino.com.ar\/df\/#organization","name":"Diario Femenino","url":"https:\/\/diariofemenino.com.ar\/df\/","logo":{"@type":"ImageObject","inLanguage":"es","@id":"https:\/\/diariofemenino.com.ar\/df\/#\/schema\/logo\/image\/","url":"https:\/\/diariofemenino.com.ar\/df\/wp-content\/uploads\/2018\/10\/logo.png","contentUrl":"https:\/\/diariofemenino.com.ar\/df\/wp-content\/uploads\/2018\/10\/logo.png","width":500,"height":92,"caption":"Diario Femenino"},"image":{"@id":"https:\/\/diariofemenino.com.ar\/df\/#\/schema\/logo\/image\/"},"sameAs":["https:\/\/www.facebook.com\/DiarioDigitaFemenino\/","https:\/\/x.com\/DiarioFemenino1"]},{"@type":"Person","@id":"https:\/\/diariofemenino.com.ar\/df\/#\/schema\/person\/38f54b3bfd13f561de2460ba95c169c6","name":"Admin","image":{"@type":"ImageObject","inLanguage":"es","@id":"https:\/\/diariofemenino.com.ar\/df\/wp-content\/uploads\/2018\/12\/favicon-150x150.jpg","url":"https:\/\/diariofemenino.com.ar\/df\/wp-content\/uploads\/2018\/12\/favicon-150x150.jpg","contentUrl":"https:\/\/diariofemenino.com.ar\/df\/wp-content\/uploads\/2018\/12\/favicon-150x150.jpg","caption":"Admin"},"url":"https:\/\/diariofemenino.com.ar\/df\/author\/adm18df\/"}]}},"jetpack_featured_media_url":"","jetpack_sharing_enabled":true,"rttpg_featured_image_url":null,"rttpg_author":{"display_name":"Admin","author_link":"https:\/\/diariofemenino.com.ar\/df\/author\/adm18df\/"},"rttpg_comment":0,"rttpg_category":"<a href=\"https:\/\/diariofemenino.com.ar\/df\/category\/medios\/\" rel=\"category tag\">Medios<\/a> <a href=\"https:\/\/diariofemenino.com.ar\/df\/category\/noticias\/\" rel=\"category tag\">Noticias<\/a> <a href=\"https:\/\/diariofemenino.com.ar\/df\/category\/trata-de-personas\/\" rel=\"category tag\">Trata de Pers.<\/a>","rttpg_excerpt":"&nbsp; \u00a0 El fiscal quiere determinar si las desavenencias entre los presuntos padres del ni\u00f1o inclu\u00edan violencia de g\u00e9nero. 26 de julio de 2012. Tras la presentaci\u00f3n ante la Justicia de la supuesta madre de \u00abBenjam\u00edn\u00bb, el fiscal Gustavo Sandoval\u00a0quiere determinar\u00a0si la mujer abandon\u00f3 al beb\u00e9 el martes pasado en el marco de un caso&hellip;","_links":{"self":[{"href":"https:\/\/diariofemenino.com.ar\/df\/wp-json\/wp\/v2\/posts\/2627","targetHints":{"allow":["GET"]}}],"collection":[{"href":"https:\/\/diariofemenino.com.ar\/df\/wp-json\/wp\/v2\/posts"}],"about":[{"href":"https:\/\/diariofemenino.com.ar\/df\/wp-json\/wp\/v2\/types\/post"}],"author":[{"embeddable":true,"href":"https:\/\/diariofemenino.com.ar\/df\/wp-json\/wp\/v2\/users\/1"}],"replies":[{"embeddable":true,"href":"https:\/\/diariofemenino.com.ar\/df\/wp-json\/wp\/v2\/comments?post=2627"}],"version-history":[{"count":0,"href":"https:\/\/diariofemenino.com.ar\/df\/wp-json\/wp\/v2\/posts\/2627\/revisions"}],"wp:featuredmedia":[{"embeddable":true,"href":"https:\/\/diariofemenino.com.ar\/df\/wp-json\/"}],"wp:attachment":[{"href":"https:\/\/diariofemenino.com.ar\/df\/wp-json\/wp\/v2\/media?parent=2627"}],"wp:term":[{"taxonomy":"category","embeddable":true,"href":"https:\/\/diariofemenino.com.ar\/df\/wp-json\/wp\/v2\/categories?post=2627"},{"taxonomy":"post_tag","embeddable":true,"href":"https:\/\/diariofemenino.com.ar\/df\/wp-json\/wp\/v2\/tags?post=2627"}],"curies":[{"name":"wp","href":"https:\/\/api.w.org\/{rel}","templated":true}]}}