{"id":2624,"date":"2012-07-25T22:37:31","date_gmt":"2012-07-26T01:37:31","guid":{"rendered":"http:\/\/www.diariofemenino.com.ar\/?p=2624"},"modified":"2012-07-25T22:37:31","modified_gmt":"2012-07-26T01:37:31","slug":"para-hacerle-honor-al-genero","status":"publish","type":"post","link":"https:\/\/diariofemenino.com.ar\/df\/para-hacerle-honor-al-genero\/","title":{"rendered":"&#034;Para hacerle honor al g\u00e9nero&#034;"},"content":{"rendered":"<p>&nbsp;<br \/>\n&nbsp;<br \/>\n<em>CFK: \u00abEs un homenaje que nos deb\u00edamos todos los argentinos\u00bb<\/em><br \/>\n25 de julio de 2012. A horas de cumplirse el sesenta aniversario del fallecimiento de Evita, la presidenta Cristina Kirchner present\u00f3 un nuevo billete de cien pesos con su figura y destac\u00f3 que \u00ablo que la convirti\u00f3 en un personaje inmortal fue haber sido una humilde mujer de pueblo que tom\u00f3 la decisi\u00f3n de cambiar las cosas en favor de la gente a costa de su propia vida\u00bb. Adem\u00e1s, la mandataria destac\u00f3 que las reivindicaciones sociales por las que luch\u00f3 Eva \u00abadquieren relevancia en medio de la crisis que ocurre en el mundo\u00bb. La jefa de Estado solicit\u00f3, \u00absin querer entrar en pol\u00e9mica\u00bb, que se arbitren los pasos operativos y legales para que el billete reemplace al actual que lleva el rostro de Julio Argentino Roca. As\u00ed, Eva ser\u00eda la primera mujer en aparecer en la estampa de la moneda nacional.<br \/>\n<em>\u00abDespu\u00e9s de 200 a\u00f1os es la primera vez que una mujer aparece en un billete, y si hay que hacerle honor al g\u00e9nero, qui\u00e9n mejor que la figura de Eva\u00bb, remarc\u00f3 la Presidenta al presentar el papel moneda. Y agreg\u00f3: \u00abVoy a pedir a las autoridades monetarias, de la Casa de la Moneda, del Ministerio de Econom\u00eda, que puedan arbitrar todas las medidas necesarias para que este sea el nuevo billete de 100 pesos, aunque comenz\u00f3 siendo conmemorativo\u00bb.<\/em><br \/>\nAdem\u00e1s, la presidenta Cristina Kirchner destac\u00f3 que la figura de Eva \u00aben un momento donde todas las cosas que ella dec\u00eda, a las que aspiraba, a la justicia social, a los trabajadores, adquiere una importancia muy especial\u00bb. Y se\u00f1alando la imagen de la balanza que aparece en el margen superior izquierdo del billete asegur\u00f3: \u00abes la verdadera balanza, la balanza de la justicia social\u00bb.<br \/>\nLa mandataria destac\u00f3 que la impresi\u00f3n del billete se realiz\u00f3 en la Casa de la Moneda y llam\u00f3 a \u00abrecuperar las capacidades del Estado en lo que es indelegable\u00bb a su funci\u00f3n. Adem\u00e1s, de indicar que la entidad, recuperada desde 2003, luego de muchos a\u00f1os \u00abobtiene super\u00e1vit en su gesti\u00f3n\u00bb.<br \/>\n&nbsp;<br \/>\n&nbsp;<br \/>\n&nbsp;<br \/>\nFuente:\u00a0 <a href=\"http:\/\/www.pagina12.com.ar\/diario\/ultimas\/20-199537-2012-07-25.html\" target=\"_blank\">P\u00e1gina\/12<\/a><br \/>\n&nbsp;<\/p>\n","protected":false},"excerpt":{"rendered":"<p>&nbsp; &nbsp; CFK: \u00abEs un homenaje que nos deb\u00edamos todos los argentinos\u00bb 25 de julio de 2012. A horas de cumplirse el sesenta aniversario del fallecimiento de Evita, la presidenta Cristina Kirchner present\u00f3 un nuevo billete de cien pesos con su figura y destac\u00f3 que \u00ablo que la convirti\u00f3 en un personaje inmortal fue haber [&hellip;]<\/p>\n","protected":false},"author":1,"featured_media":2625,"comment_status":"open","ping_status":"open","sticky":false,"template":"","format":"standard","meta":{"iawp_total_views":1,"footnotes":""},"categories":[4],"tags":[],"class_list":["post-2624","post","type-post","status-publish","format-standard","has-post-thumbnail","hentry","category-medios"],"nelio_content":{"autoShareEndMode":"never","automationSources":{"useCustomSentences":false,"customSentences":[]},"efiAlt":"","efiUrl":"","followers":[],"highlights":[],"isAutoShareEnabled":true,"networkImageIds":[],"permalinkQueryArgs":[],"series":[],"suggestedReferences":[]},"yoast_head":"<!-- This site is optimized with the Yoast SEO plugin v27.5 - https:\/\/yoast.com\/product\/yoast-seo-wordpress\/ -->\n<title>&#034;Para hacerle honor al g\u00e9nero&#034; - Diario Digital Femenino<\/title>\n<meta name=\"robots\" content=\"index, follow, max-snippet:-1, max-image-preview:large, max-video-preview:-1\" \/>\n<link rel=\"canonical\" href=\"https:\/\/diariofemenino.com.ar\/df\/para-hacerle-honor-al-genero\/\" \/>\n<meta property=\"og:locale\" content=\"es_ES\" \/>\n<meta property=\"og:type\" content=\"article\" \/>\n<meta property=\"og:title\" content=\"&#034;Para hacerle honor al g\u00e9nero&#034; - Diario Digital Femenino\" \/>\n<meta property=\"og:description\" content=\"&nbsp; &nbsp; CFK: \u00abEs un homenaje que nos deb\u00edamos todos los argentinos\u00bb 25 de julio de 2012. A horas de cumplirse el sesenta aniversario del fallecimiento de Evita, la presidenta Cristina Kirchner present\u00f3 un nuevo billete de cien pesos con su figura y destac\u00f3 que \u00ablo que la convirti\u00f3 en un personaje inmortal fue haber [&hellip;]\" \/>\n<meta property=\"og:url\" content=\"https:\/\/diariofemenino.com.ar\/df\/para-hacerle-honor-al-genero\/\" \/>\n<meta property=\"og:site_name\" content=\"Diario Digital Femenino\" \/>\n<meta property=\"article:publisher\" content=\"https:\/\/www.facebook.com\/DiarioDigitaFemenino\/\" \/>\n<meta property=\"article:published_time\" content=\"2012-07-26T01:37:31+00:00\" \/>\n<meta property=\"og:image\" content=\"https:\/\/diariofemenino.com.ar\/df\/wp-content\/uploads\/2016\/10\/logo-negro.png\" \/>\n\t<meta property=\"og:image:width\" content=\"855\" \/>\n\t<meta property=\"og:image:height\" content=\"319\" \/>\n\t<meta property=\"og:image:type\" content=\"image\/png\" \/>\n<meta name=\"author\" content=\"Admin\" \/>\n<meta name=\"twitter:card\" content=\"summary_large_image\" \/>\n<meta name=\"twitter:creator\" content=\"@DiarioFemenino1\" \/>\n<meta name=\"twitter:site\" content=\"@DiarioFemenino1\" \/>\n<meta name=\"twitter:label1\" content=\"Escrito por\" \/>\n\t<meta name=\"twitter:data1\" content=\"Admin\" \/>\n\t<meta name=\"twitter:label2\" content=\"Tiempo de lectura\" \/>\n\t<meta name=\"twitter:data2\" content=\"2 minutos\" \/>\n<script type=\"application\/ld+json\" class=\"yoast-schema-graph\">{\"@context\":\"https:\\\/\\\/schema.org\",\"@graph\":[{\"@type\":\"Article\",\"@id\":\"https:\\\/\\\/diariofemenino.com.ar\\\/df\\\/para-hacerle-honor-al-genero\\\/#article\",\"isPartOf\":{\"@id\":\"https:\\\/\\\/diariofemenino.com.ar\\\/df\\\/para-hacerle-honor-al-genero\\\/\"},\"author\":{\"name\":\"Admin\",\"@id\":\"https:\\\/\\\/diariofemenino.com.ar\\\/df\\\/#\\\/schema\\\/person\\\/38f54b3bfd13f561de2460ba95c169c6\"},\"headline\":\"&#034;Para hacerle honor al g\u00e9nero&#034;\",\"datePublished\":\"2012-07-26T01:37:31+00:00\",\"mainEntityOfPage\":{\"@id\":\"https:\\\/\\\/diariofemenino.com.ar\\\/df\\\/para-hacerle-honor-al-genero\\\/\"},\"wordCount\":372,\"commentCount\":0,\"publisher\":{\"@id\":\"https:\\\/\\\/diariofemenino.com.ar\\\/df\\\/#organization\"},\"image\":{\"@id\":\"https:\\\/\\\/diariofemenino.com.ar\\\/df\\\/para-hacerle-honor-al-genero\\\/#primaryimage\"},\"thumbnailUrl\":\"\",\"articleSection\":[\"Medios\"],\"inLanguage\":\"es\",\"potentialAction\":[{\"@type\":\"CommentAction\",\"name\":\"Comment\",\"target\":[\"https:\\\/\\\/diariofemenino.com.ar\\\/df\\\/para-hacerle-honor-al-genero\\\/#respond\"]}]},{\"@type\":\"WebPage\",\"@id\":\"https:\\\/\\\/diariofemenino.com.ar\\\/df\\\/para-hacerle-honor-al-genero\\\/\",\"url\":\"https:\\\/\\\/diariofemenino.com.ar\\\/df\\\/para-hacerle-honor-al-genero\\\/\",\"name\":\"&#034;Para hacerle honor al g\u00e9nero&#034; - Diario Digital Femenino\",\"isPartOf\":{\"@id\":\"https:\\\/\\\/diariofemenino.com.ar\\\/df\\\/#website\"},\"primaryImageOfPage\":{\"@id\":\"https:\\\/\\\/diariofemenino.com.ar\\\/df\\\/para-hacerle-honor-al-genero\\\/#primaryimage\"},\"image\":{\"@id\":\"https:\\\/\\\/diariofemenino.com.ar\\\/df\\\/para-hacerle-honor-al-genero\\\/#primaryimage\"},\"thumbnailUrl\":\"\",\"datePublished\":\"2012-07-26T01:37:31+00:00\",\"breadcrumb\":{\"@id\":\"https:\\\/\\\/diariofemenino.com.ar\\\/df\\\/para-hacerle-honor-al-genero\\\/#breadcrumb\"},\"inLanguage\":\"es\",\"potentialAction\":[{\"@type\":\"ReadAction\",\"target\":[\"https:\\\/\\\/diariofemenino.com.ar\\\/df\\\/para-hacerle-honor-al-genero\\\/\"]}]},{\"@type\":\"ImageObject\",\"inLanguage\":\"es\",\"@id\":\"https:\\\/\\\/diariofemenino.com.ar\\\/df\\\/para-hacerle-honor-al-genero\\\/#primaryimage\",\"url\":\"\",\"contentUrl\":\"\"},{\"@type\":\"BreadcrumbList\",\"@id\":\"https:\\\/\\\/diariofemenino.com.ar\\\/df\\\/para-hacerle-honor-al-genero\\\/#breadcrumb\",\"itemListElement\":[{\"@type\":\"ListItem\",\"position\":1,\"name\":\"Portada\",\"item\":\"https:\\\/\\\/diariofemenino.com.ar\\\/df\\\/\"},{\"@type\":\"ListItem\",\"position\":2,\"name\":\"&#034;Para hacerle honor al g\u00e9nero&#034;\"}]},{\"@type\":\"WebSite\",\"@id\":\"https:\\\/\\\/diariofemenino.com.ar\\\/df\\\/#website\",\"url\":\"https:\\\/\\\/diariofemenino.com.ar\\\/df\\\/\",\"name\":\"Diario Digital Femenino\",\"description\":\"Cuesti\u00f3n de G\u00e9nero\",\"publisher\":{\"@id\":\"https:\\\/\\\/diariofemenino.com.ar\\\/df\\\/#organization\"},\"potentialAction\":[{\"@type\":\"SearchAction\",\"target\":{\"@type\":\"EntryPoint\",\"urlTemplate\":\"https:\\\/\\\/diariofemenino.com.ar\\\/df\\\/?s={search_term_string}\"},\"query-input\":{\"@type\":\"PropertyValueSpecification\",\"valueRequired\":true,\"valueName\":\"search_term_string\"}}],\"inLanguage\":\"es\"},{\"@type\":\"Organization\",\"@id\":\"https:\\\/\\\/diariofemenino.com.ar\\\/df\\\/#organization\",\"name\":\"Diario Femenino\",\"url\":\"https:\\\/\\\/diariofemenino.com.ar\\\/df\\\/\",\"logo\":{\"@type\":\"ImageObject\",\"inLanguage\":\"es\",\"@id\":\"https:\\\/\\\/diariofemenino.com.ar\\\/df\\\/#\\\/schema\\\/logo\\\/image\\\/\",\"url\":\"https:\\\/\\\/diariofemenino.com.ar\\\/df\\\/wp-content\\\/uploads\\\/2018\\\/10\\\/logo.png\",\"contentUrl\":\"https:\\\/\\\/diariofemenino.com.ar\\\/df\\\/wp-content\\\/uploads\\\/2018\\\/10\\\/logo.png\",\"width\":500,\"height\":92,\"caption\":\"Diario Femenino\"},\"image\":{\"@id\":\"https:\\\/\\\/diariofemenino.com.ar\\\/df\\\/#\\\/schema\\\/logo\\\/image\\\/\"},\"sameAs\":[\"https:\\\/\\\/www.facebook.com\\\/DiarioDigitaFemenino\\\/\",\"https:\\\/\\\/x.com\\\/DiarioFemenino1\"]},{\"@type\":\"Person\",\"@id\":\"https:\\\/\\\/diariofemenino.com.ar\\\/df\\\/#\\\/schema\\\/person\\\/38f54b3bfd13f561de2460ba95c169c6\",\"name\":\"Admin\",\"image\":{\"@type\":\"ImageObject\",\"inLanguage\":\"es\",\"@id\":\"https:\\\/\\\/diariofemenino.com.ar\\\/df\\\/wp-content\\\/uploads\\\/2018\\\/12\\\/favicon-150x150.jpg\",\"url\":\"https:\\\/\\\/diariofemenino.com.ar\\\/df\\\/wp-content\\\/uploads\\\/2018\\\/12\\\/favicon-150x150.jpg\",\"contentUrl\":\"https:\\\/\\\/diariofemenino.com.ar\\\/df\\\/wp-content\\\/uploads\\\/2018\\\/12\\\/favicon-150x150.jpg\",\"caption\":\"Admin\"},\"url\":\"https:\\\/\\\/diariofemenino.com.ar\\\/df\\\/author\\\/adm18df\\\/\"}]}<\/script>\n<!-- \/ Yoast SEO plugin. -->","yoast_head_json":{"title":"&#034;Para hacerle honor al g\u00e9nero&#034; - Diario Digital Femenino","robots":{"index":"index","follow":"follow","max-snippet":"max-snippet:-1","max-image-preview":"max-image-preview:large","max-video-preview":"max-video-preview:-1"},"canonical":"https:\/\/diariofemenino.com.ar\/df\/para-hacerle-honor-al-genero\/","og_locale":"es_ES","og_type":"article","og_title":"&#034;Para hacerle honor al g\u00e9nero&#034; - Diario Digital Femenino","og_description":"&nbsp; &nbsp; CFK: \u00abEs un homenaje que nos deb\u00edamos todos los argentinos\u00bb 25 de julio de 2012. A horas de cumplirse el sesenta aniversario del fallecimiento de Evita, la presidenta Cristina Kirchner present\u00f3 un nuevo billete de cien pesos con su figura y destac\u00f3 que \u00ablo que la convirti\u00f3 en un personaje inmortal fue haber [&hellip;]","og_url":"https:\/\/diariofemenino.com.ar\/df\/para-hacerle-honor-al-genero\/","og_site_name":"Diario Digital Femenino","article_publisher":"https:\/\/www.facebook.com\/DiarioDigitaFemenino\/","article_published_time":"2012-07-26T01:37:31+00:00","og_image":[{"width":855,"height":319,"url":"https:\/\/diariofemenino.com.ar\/df\/wp-content\/uploads\/2016\/10\/logo-negro.png","type":"image\/png"}],"author":"Admin","twitter_card":"summary_large_image","twitter_creator":"@DiarioFemenino1","twitter_site":"@DiarioFemenino1","twitter_misc":{"Escrito por":"Admin","Tiempo de lectura":"2 minutos"},"schema":{"@context":"https:\/\/schema.org","@graph":[{"@type":"Article","@id":"https:\/\/diariofemenino.com.ar\/df\/para-hacerle-honor-al-genero\/#article","isPartOf":{"@id":"https:\/\/diariofemenino.com.ar\/df\/para-hacerle-honor-al-genero\/"},"author":{"name":"Admin","@id":"https:\/\/diariofemenino.com.ar\/df\/#\/schema\/person\/38f54b3bfd13f561de2460ba95c169c6"},"headline":"&#034;Para hacerle honor al g\u00e9nero&#034;","datePublished":"2012-07-26T01:37:31+00:00","mainEntityOfPage":{"@id":"https:\/\/diariofemenino.com.ar\/df\/para-hacerle-honor-al-genero\/"},"wordCount":372,"commentCount":0,"publisher":{"@id":"https:\/\/diariofemenino.com.ar\/df\/#organization"},"image":{"@id":"https:\/\/diariofemenino.com.ar\/df\/para-hacerle-honor-al-genero\/#primaryimage"},"thumbnailUrl":"","articleSection":["Medios"],"inLanguage":"es","potentialAction":[{"@type":"CommentAction","name":"Comment","target":["https:\/\/diariofemenino.com.ar\/df\/para-hacerle-honor-al-genero\/#respond"]}]},{"@type":"WebPage","@id":"https:\/\/diariofemenino.com.ar\/df\/para-hacerle-honor-al-genero\/","url":"https:\/\/diariofemenino.com.ar\/df\/para-hacerle-honor-al-genero\/","name":"&#034;Para hacerle honor al g\u00e9nero&#034; - Diario Digital Femenino","isPartOf":{"@id":"https:\/\/diariofemenino.com.ar\/df\/#website"},"primaryImageOfPage":{"@id":"https:\/\/diariofemenino.com.ar\/df\/para-hacerle-honor-al-genero\/#primaryimage"},"image":{"@id":"https:\/\/diariofemenino.com.ar\/df\/para-hacerle-honor-al-genero\/#primaryimage"},"thumbnailUrl":"","datePublished":"2012-07-26T01:37:31+00:00","breadcrumb":{"@id":"https:\/\/diariofemenino.com.ar\/df\/para-hacerle-honor-al-genero\/#breadcrumb"},"inLanguage":"es","potentialAction":[{"@type":"ReadAction","target":["https:\/\/diariofemenino.com.ar\/df\/para-hacerle-honor-al-genero\/"]}]},{"@type":"ImageObject","inLanguage":"es","@id":"https:\/\/diariofemenino.com.ar\/df\/para-hacerle-honor-al-genero\/#primaryimage","url":"","contentUrl":""},{"@type":"BreadcrumbList","@id":"https:\/\/diariofemenino.com.ar\/df\/para-hacerle-honor-al-genero\/#breadcrumb","itemListElement":[{"@type":"ListItem","position":1,"name":"Portada","item":"https:\/\/diariofemenino.com.ar\/df\/"},{"@type":"ListItem","position":2,"name":"&#034;Para hacerle honor al g\u00e9nero&#034;"}]},{"@type":"WebSite","@id":"https:\/\/diariofemenino.com.ar\/df\/#website","url":"https:\/\/diariofemenino.com.ar\/df\/","name":"Diario Digital Femenino","description":"Cuesti\u00f3n de G\u00e9nero","publisher":{"@id":"https:\/\/diariofemenino.com.ar\/df\/#organization"},"potentialAction":[{"@type":"SearchAction","target":{"@type":"EntryPoint","urlTemplate":"https:\/\/diariofemenino.com.ar\/df\/?s={search_term_string}"},"query-input":{"@type":"PropertyValueSpecification","valueRequired":true,"valueName":"search_term_string"}}],"inLanguage":"es"},{"@type":"Organization","@id":"https:\/\/diariofemenino.com.ar\/df\/#organization","name":"Diario Femenino","url":"https:\/\/diariofemenino.com.ar\/df\/","logo":{"@type":"ImageObject","inLanguage":"es","@id":"https:\/\/diariofemenino.com.ar\/df\/#\/schema\/logo\/image\/","url":"https:\/\/diariofemenino.com.ar\/df\/wp-content\/uploads\/2018\/10\/logo.png","contentUrl":"https:\/\/diariofemenino.com.ar\/df\/wp-content\/uploads\/2018\/10\/logo.png","width":500,"height":92,"caption":"Diario Femenino"},"image":{"@id":"https:\/\/diariofemenino.com.ar\/df\/#\/schema\/logo\/image\/"},"sameAs":["https:\/\/www.facebook.com\/DiarioDigitaFemenino\/","https:\/\/x.com\/DiarioFemenino1"]},{"@type":"Person","@id":"https:\/\/diariofemenino.com.ar\/df\/#\/schema\/person\/38f54b3bfd13f561de2460ba95c169c6","name":"Admin","image":{"@type":"ImageObject","inLanguage":"es","@id":"https:\/\/diariofemenino.com.ar\/df\/wp-content\/uploads\/2018\/12\/favicon-150x150.jpg","url":"https:\/\/diariofemenino.com.ar\/df\/wp-content\/uploads\/2018\/12\/favicon-150x150.jpg","contentUrl":"https:\/\/diariofemenino.com.ar\/df\/wp-content\/uploads\/2018\/12\/favicon-150x150.jpg","caption":"Admin"},"url":"https:\/\/diariofemenino.com.ar\/df\/author\/adm18df\/"}]}},"jetpack_featured_media_url":"","jetpack_sharing_enabled":true,"rttpg_featured_image_url":null,"rttpg_author":{"display_name":"Admin","author_link":"https:\/\/diariofemenino.com.ar\/df\/author\/adm18df\/"},"rttpg_comment":0,"rttpg_category":"<a href=\"https:\/\/diariofemenino.com.ar\/df\/category\/medios\/\" rel=\"category tag\">Medios<\/a>","rttpg_excerpt":"&nbsp; &nbsp; CFK: \u00abEs un homenaje que nos deb\u00edamos todos los argentinos\u00bb 25 de julio de 2012. A horas de cumplirse el sesenta aniversario del fallecimiento de Evita, la presidenta Cristina Kirchner present\u00f3 un nuevo billete de cien pesos con su figura y destac\u00f3 que \u00ablo que la convirti\u00f3 en un personaje inmortal fue haber&hellip;","_links":{"self":[{"href":"https:\/\/diariofemenino.com.ar\/df\/wp-json\/wp\/v2\/posts\/2624","targetHints":{"allow":["GET"]}}],"collection":[{"href":"https:\/\/diariofemenino.com.ar\/df\/wp-json\/wp\/v2\/posts"}],"about":[{"href":"https:\/\/diariofemenino.com.ar\/df\/wp-json\/wp\/v2\/types\/post"}],"author":[{"embeddable":true,"href":"https:\/\/diariofemenino.com.ar\/df\/wp-json\/wp\/v2\/users\/1"}],"replies":[{"embeddable":true,"href":"https:\/\/diariofemenino.com.ar\/df\/wp-json\/wp\/v2\/comments?post=2624"}],"version-history":[{"count":0,"href":"https:\/\/diariofemenino.com.ar\/df\/wp-json\/wp\/v2\/posts\/2624\/revisions"}],"wp:featuredmedia":[{"embeddable":true,"href":"https:\/\/diariofemenino.com.ar\/df\/wp-json\/"}],"wp:attachment":[{"href":"https:\/\/diariofemenino.com.ar\/df\/wp-json\/wp\/v2\/media?parent=2624"}],"wp:term":[{"taxonomy":"category","embeddable":true,"href":"https:\/\/diariofemenino.com.ar\/df\/wp-json\/wp\/v2\/categories?post=2624"},{"taxonomy":"post_tag","embeddable":true,"href":"https:\/\/diariofemenino.com.ar\/df\/wp-json\/wp\/v2\/tags?post=2624"}],"curies":[{"name":"wp","href":"https:\/\/api.w.org\/{rel}","templated":true}]}}