{"id":2618,"date":"2012-07-25T11:52:28","date_gmt":"2012-07-25T14:52:28","guid":{"rendered":"http:\/\/www.diariofemenino.com.ar\/?p=2618"},"modified":"2012-07-25T11:52:28","modified_gmt":"2012-07-25T14:52:28","slug":"uruguay-presenta-primer-protocolo-de-actuacion-ante-la-trata-de-personas","status":"publish","type":"post","link":"https:\/\/diariofemenino.com.ar\/df\/uruguay-presenta-primer-protocolo-de-actuacion-ante-la-trata-de-personas\/","title":{"rendered":"Uruguay presenta primer protocolo de actuaci\u00f3n ante la Trata de Personas"},"content":{"rendered":"<p>&nbsp;<br \/>\n&nbsp;<br \/>\n24 de julio de 2012. \u00a0Canciller\u00eda y el Instituto Nacional de las Mujeres presentaron el 23 de julio el primer Protocolo de Actuaci\u00f3n Frente a Casos de Trata de Mujeres, Ni\u00f1as, Ni\u00f1os y Adolescentes.<br \/>\nLa iniciativa informa de los mecanismos de control; identificar indicios; amparar a las v\u00edctimas y qu\u00e9 acciones de protecci\u00f3n tomar en casos en los que consulados o misiones en el exterior, sospechen de trata de personas. El material impreso presentado en la jornada, fue elaborado por el Instituto Nacional de las Mujeres (Inmujeres) con el apoyo de la Direcci\u00f3n de Asuntos Consulares del Ministerio de Relaciones Exteriores.<br \/>\nBeatriz Ram\u00edrez, directora de Inmujeres, explic\u00f3 que desde el a\u00f1o 2008 se trabaja en la trata de personas con fines sexuales y comerciales, elaborando distintas herramientas para abordar el problema. \u00abEl protocolo presentado es una de esas herramientas y contiene pautas e indicaciones en un lenguaje claro, capaz de considerar y respetar\u00bb, asegur\u00f3.<br \/>\nLa jerarca destac\u00f3 el apoyo de la Agencia Espa\u00f1ola para la Cooperaci\u00f3n y de la Uni\u00f3n Europea, en la aplicaci\u00f3n de medidas para la elaboraci\u00f3n de una pol\u00edtica p\u00fablica para prevenir la trata de personas. La publicaci\u00f3n fue realizada en cumplimiento de la Ley 18.104 y forma parte de la implementaci\u00f3n del primer Plan Nacional de Igualdad de Oportunidades.<br \/>\n&nbsp;<br \/>\n&nbsp;<br \/>\n&nbsp;<br \/>\nFuente:\u00a0<a href=\"http:\/\/espanol.upi.com\/Politica\/2012\/07\/24\/Uruguay-presenta-primer-protocolo-de-actuaci%C3%B3n-ante-la-trata-de-personas\/UPI-15111343128140\/\" target=\"_blank\"> UPI<\/a><\/p>\n","protected":false},"excerpt":{"rendered":"<p>&nbsp; &nbsp; 24 de julio de 2012. \u00a0Canciller\u00eda y el Instituto Nacional de las Mujeres presentaron el 23 de julio el primer Protocolo de Actuaci\u00f3n Frente a Casos de Trata de Mujeres, Ni\u00f1as, Ni\u00f1os y Adolescentes. La iniciativa informa de los mecanismos de control; identificar indicios; amparar a las v\u00edctimas y qu\u00e9 acciones de protecci\u00f3n [&hellip;]<\/p>\n","protected":false},"author":1,"featured_media":2619,"comment_status":"open","ping_status":"open","sticky":false,"template":"","format":"standard","meta":{"iawp_total_views":1,"footnotes":""},"categories":[3,15],"tags":[],"class_list":["post-2618","post","type-post","status-publish","format-standard","has-post-thumbnail","hentry","category-de-la-revolucion-al-reaprendizaje","category-trata-de-personas"],"nelio_content":{"autoShareEndMode":"never","automationSources":{"useCustomSentences":false,"customSentences":[]},"efiAlt":"","efiUrl":"","followers":[],"highlights":[],"isAutoShareEnabled":true,"networkImageIds":[],"permalinkQueryArgs":[],"series":[],"suggestedReferences":[]},"yoast_head":"<!-- This site is optimized with the Yoast SEO plugin v27.4 - https:\/\/yoast.com\/product\/yoast-seo-wordpress\/ -->\n<title>Uruguay presenta primer protocolo de actuaci\u00f3n ante la Trata de Personas - Diario Digital Femenino<\/title>\n<meta name=\"robots\" content=\"index, follow, max-snippet:-1, max-image-preview:large, max-video-preview:-1\" \/>\n<link rel=\"canonical\" href=\"https:\/\/diariofemenino.com.ar\/df\/uruguay-presenta-primer-protocolo-de-actuacion-ante-la-trata-de-personas\/\" \/>\n<meta property=\"og:locale\" content=\"es_ES\" \/>\n<meta property=\"og:type\" content=\"article\" \/>\n<meta property=\"og:title\" content=\"Uruguay presenta primer protocolo de actuaci\u00f3n ante la Trata de Personas - Diario Digital Femenino\" \/>\n<meta property=\"og:description\" content=\"&nbsp; &nbsp; 24 de julio de 2012. \u00a0Canciller\u00eda y el Instituto Nacional de las Mujeres presentaron el 23 de julio el primer Protocolo de Actuaci\u00f3n Frente a Casos de Trata de Mujeres, Ni\u00f1as, Ni\u00f1os y Adolescentes. La iniciativa informa de los mecanismos de control; identificar indicios; amparar a las v\u00edctimas y qu\u00e9 acciones de protecci\u00f3n [&hellip;]\" \/>\n<meta property=\"og:url\" content=\"https:\/\/diariofemenino.com.ar\/df\/uruguay-presenta-primer-protocolo-de-actuacion-ante-la-trata-de-personas\/\" \/>\n<meta property=\"og:site_name\" content=\"Diario Digital Femenino\" \/>\n<meta property=\"article:publisher\" content=\"https:\/\/www.facebook.com\/DiarioDigitaFemenino\/\" \/>\n<meta property=\"article:published_time\" content=\"2012-07-25T14:52:28+00:00\" \/>\n<meta property=\"og:image\" content=\"https:\/\/diariofemenino.com.ar\/df\/wp-content\/uploads\/2016\/10\/logo-negro.png\" \/>\n\t<meta property=\"og:image:width\" content=\"855\" \/>\n\t<meta property=\"og:image:height\" content=\"319\" \/>\n\t<meta property=\"og:image:type\" content=\"image\/png\" \/>\n<meta name=\"author\" content=\"Admin\" \/>\n<meta name=\"twitter:card\" content=\"summary_large_image\" \/>\n<meta name=\"twitter:creator\" content=\"@DiarioFemenino1\" \/>\n<meta name=\"twitter:site\" content=\"@DiarioFemenino1\" \/>\n<meta name=\"twitter:label1\" content=\"Escrito por\" \/>\n\t<meta name=\"twitter:data1\" content=\"Admin\" \/>\n\t<meta name=\"twitter:label2\" content=\"Tiempo de lectura\" \/>\n\t<meta name=\"twitter:data2\" content=\"1 minuto\" \/>\n<script type=\"application\/ld+json\" class=\"yoast-schema-graph\">{\"@context\":\"https:\\\/\\\/schema.org\",\"@graph\":[{\"@type\":\"Article\",\"@id\":\"https:\\\/\\\/diariofemenino.com.ar\\\/df\\\/uruguay-presenta-primer-protocolo-de-actuacion-ante-la-trata-de-personas\\\/#article\",\"isPartOf\":{\"@id\":\"https:\\\/\\\/diariofemenino.com.ar\\\/df\\\/uruguay-presenta-primer-protocolo-de-actuacion-ante-la-trata-de-personas\\\/\"},\"author\":{\"name\":\"Admin\",\"@id\":\"https:\\\/\\\/diariofemenino.com.ar\\\/df\\\/#\\\/schema\\\/person\\\/38f54b3bfd13f561de2460ba95c169c6\"},\"headline\":\"Uruguay presenta primer protocolo de actuaci\u00f3n ante la Trata de Personas\",\"datePublished\":\"2012-07-25T14:52:28+00:00\",\"mainEntityOfPage\":{\"@id\":\"https:\\\/\\\/diariofemenino.com.ar\\\/df\\\/uruguay-presenta-primer-protocolo-de-actuacion-ante-la-trata-de-personas\\\/\"},\"wordCount\":245,\"commentCount\":0,\"publisher\":{\"@id\":\"https:\\\/\\\/diariofemenino.com.ar\\\/df\\\/#organization\"},\"image\":{\"@id\":\"https:\\\/\\\/diariofemenino.com.ar\\\/df\\\/uruguay-presenta-primer-protocolo-de-actuacion-ante-la-trata-de-personas\\\/#primaryimage\"},\"thumbnailUrl\":\"\",\"articleSection\":[\"De la Revoluci\u00f3n al Reaprendizaje\",\"Trata de Pers.\"],\"inLanguage\":\"es\",\"potentialAction\":[{\"@type\":\"CommentAction\",\"name\":\"Comment\",\"target\":[\"https:\\\/\\\/diariofemenino.com.ar\\\/df\\\/uruguay-presenta-primer-protocolo-de-actuacion-ante-la-trata-de-personas\\\/#respond\"]}]},{\"@type\":\"WebPage\",\"@id\":\"https:\\\/\\\/diariofemenino.com.ar\\\/df\\\/uruguay-presenta-primer-protocolo-de-actuacion-ante-la-trata-de-personas\\\/\",\"url\":\"https:\\\/\\\/diariofemenino.com.ar\\\/df\\\/uruguay-presenta-primer-protocolo-de-actuacion-ante-la-trata-de-personas\\\/\",\"name\":\"Uruguay presenta primer protocolo de actuaci\u00f3n ante la Trata de Personas - Diario Digital Femenino\",\"isPartOf\":{\"@id\":\"https:\\\/\\\/diariofemenino.com.ar\\\/df\\\/#website\"},\"primaryImageOfPage\":{\"@id\":\"https:\\\/\\\/diariofemenino.com.ar\\\/df\\\/uruguay-presenta-primer-protocolo-de-actuacion-ante-la-trata-de-personas\\\/#primaryimage\"},\"image\":{\"@id\":\"https:\\\/\\\/diariofemenino.com.ar\\\/df\\\/uruguay-presenta-primer-protocolo-de-actuacion-ante-la-trata-de-personas\\\/#primaryimage\"},\"thumbnailUrl\":\"\",\"datePublished\":\"2012-07-25T14:52:28+00:00\",\"breadcrumb\":{\"@id\":\"https:\\\/\\\/diariofemenino.com.ar\\\/df\\\/uruguay-presenta-primer-protocolo-de-actuacion-ante-la-trata-de-personas\\\/#breadcrumb\"},\"inLanguage\":\"es\",\"potentialAction\":[{\"@type\":\"ReadAction\",\"target\":[\"https:\\\/\\\/diariofemenino.com.ar\\\/df\\\/uruguay-presenta-primer-protocolo-de-actuacion-ante-la-trata-de-personas\\\/\"]}]},{\"@type\":\"ImageObject\",\"inLanguage\":\"es\",\"@id\":\"https:\\\/\\\/diariofemenino.com.ar\\\/df\\\/uruguay-presenta-primer-protocolo-de-actuacion-ante-la-trata-de-personas\\\/#primaryimage\",\"url\":\"\",\"contentUrl\":\"\"},{\"@type\":\"BreadcrumbList\",\"@id\":\"https:\\\/\\\/diariofemenino.com.ar\\\/df\\\/uruguay-presenta-primer-protocolo-de-actuacion-ante-la-trata-de-personas\\\/#breadcrumb\",\"itemListElement\":[{\"@type\":\"ListItem\",\"position\":1,\"name\":\"Portada\",\"item\":\"https:\\\/\\\/diariofemenino.com.ar\\\/df\\\/\"},{\"@type\":\"ListItem\",\"position\":2,\"name\":\"Uruguay presenta primer protocolo de actuaci\u00f3n ante la Trata de Personas\"}]},{\"@type\":\"WebSite\",\"@id\":\"https:\\\/\\\/diariofemenino.com.ar\\\/df\\\/#website\",\"url\":\"https:\\\/\\\/diariofemenino.com.ar\\\/df\\\/\",\"name\":\"Diario Digital Femenino\",\"description\":\"Cuesti\u00f3n de G\u00e9nero\",\"publisher\":{\"@id\":\"https:\\\/\\\/diariofemenino.com.ar\\\/df\\\/#organization\"},\"potentialAction\":[{\"@type\":\"SearchAction\",\"target\":{\"@type\":\"EntryPoint\",\"urlTemplate\":\"https:\\\/\\\/diariofemenino.com.ar\\\/df\\\/?s={search_term_string}\"},\"query-input\":{\"@type\":\"PropertyValueSpecification\",\"valueRequired\":true,\"valueName\":\"search_term_string\"}}],\"inLanguage\":\"es\"},{\"@type\":\"Organization\",\"@id\":\"https:\\\/\\\/diariofemenino.com.ar\\\/df\\\/#organization\",\"name\":\"Diario Femenino\",\"url\":\"https:\\\/\\\/diariofemenino.com.ar\\\/df\\\/\",\"logo\":{\"@type\":\"ImageObject\",\"inLanguage\":\"es\",\"@id\":\"https:\\\/\\\/diariofemenino.com.ar\\\/df\\\/#\\\/schema\\\/logo\\\/image\\\/\",\"url\":\"https:\\\/\\\/diariofemenino.com.ar\\\/df\\\/wp-content\\\/uploads\\\/2018\\\/10\\\/logo.png\",\"contentUrl\":\"https:\\\/\\\/diariofemenino.com.ar\\\/df\\\/wp-content\\\/uploads\\\/2018\\\/10\\\/logo.png\",\"width\":500,\"height\":92,\"caption\":\"Diario Femenino\"},\"image\":{\"@id\":\"https:\\\/\\\/diariofemenino.com.ar\\\/df\\\/#\\\/schema\\\/logo\\\/image\\\/\"},\"sameAs\":[\"https:\\\/\\\/www.facebook.com\\\/DiarioDigitaFemenino\\\/\",\"https:\\\/\\\/x.com\\\/DiarioFemenino1\"]},{\"@type\":\"Person\",\"@id\":\"https:\\\/\\\/diariofemenino.com.ar\\\/df\\\/#\\\/schema\\\/person\\\/38f54b3bfd13f561de2460ba95c169c6\",\"name\":\"Admin\",\"image\":{\"@type\":\"ImageObject\",\"inLanguage\":\"es\",\"@id\":\"https:\\\/\\\/diariofemenino.com.ar\\\/df\\\/wp-content\\\/uploads\\\/2018\\\/12\\\/favicon-150x150.jpg\",\"url\":\"https:\\\/\\\/diariofemenino.com.ar\\\/df\\\/wp-content\\\/uploads\\\/2018\\\/12\\\/favicon-150x150.jpg\",\"contentUrl\":\"https:\\\/\\\/diariofemenino.com.ar\\\/df\\\/wp-content\\\/uploads\\\/2018\\\/12\\\/favicon-150x150.jpg\",\"caption\":\"Admin\"},\"url\":\"https:\\\/\\\/diariofemenino.com.ar\\\/df\\\/author\\\/adm18df\\\/\"}]}<\/script>\n<!-- \/ Yoast SEO plugin. -->","yoast_head_json":{"title":"Uruguay presenta primer protocolo de actuaci\u00f3n ante la Trata de Personas - Diario Digital Femenino","robots":{"index":"index","follow":"follow","max-snippet":"max-snippet:-1","max-image-preview":"max-image-preview:large","max-video-preview":"max-video-preview:-1"},"canonical":"https:\/\/diariofemenino.com.ar\/df\/uruguay-presenta-primer-protocolo-de-actuacion-ante-la-trata-de-personas\/","og_locale":"es_ES","og_type":"article","og_title":"Uruguay presenta primer protocolo de actuaci\u00f3n ante la Trata de Personas - Diario Digital Femenino","og_description":"&nbsp; &nbsp; 24 de julio de 2012. \u00a0Canciller\u00eda y el Instituto Nacional de las Mujeres presentaron el 23 de julio el primer Protocolo de Actuaci\u00f3n Frente a Casos de Trata de Mujeres, Ni\u00f1as, Ni\u00f1os y Adolescentes. La iniciativa informa de los mecanismos de control; identificar indicios; amparar a las v\u00edctimas y qu\u00e9 acciones de protecci\u00f3n [&hellip;]","og_url":"https:\/\/diariofemenino.com.ar\/df\/uruguay-presenta-primer-protocolo-de-actuacion-ante-la-trata-de-personas\/","og_site_name":"Diario Digital Femenino","article_publisher":"https:\/\/www.facebook.com\/DiarioDigitaFemenino\/","article_published_time":"2012-07-25T14:52:28+00:00","og_image":[{"width":855,"height":319,"url":"https:\/\/diariofemenino.com.ar\/df\/wp-content\/uploads\/2016\/10\/logo-negro.png","type":"image\/png"}],"author":"Admin","twitter_card":"summary_large_image","twitter_creator":"@DiarioFemenino1","twitter_site":"@DiarioFemenino1","twitter_misc":{"Escrito por":"Admin","Tiempo de lectura":"1 minuto"},"schema":{"@context":"https:\/\/schema.org","@graph":[{"@type":"Article","@id":"https:\/\/diariofemenino.com.ar\/df\/uruguay-presenta-primer-protocolo-de-actuacion-ante-la-trata-de-personas\/#article","isPartOf":{"@id":"https:\/\/diariofemenino.com.ar\/df\/uruguay-presenta-primer-protocolo-de-actuacion-ante-la-trata-de-personas\/"},"author":{"name":"Admin","@id":"https:\/\/diariofemenino.com.ar\/df\/#\/schema\/person\/38f54b3bfd13f561de2460ba95c169c6"},"headline":"Uruguay presenta primer protocolo de actuaci\u00f3n ante la Trata de Personas","datePublished":"2012-07-25T14:52:28+00:00","mainEntityOfPage":{"@id":"https:\/\/diariofemenino.com.ar\/df\/uruguay-presenta-primer-protocolo-de-actuacion-ante-la-trata-de-personas\/"},"wordCount":245,"commentCount":0,"publisher":{"@id":"https:\/\/diariofemenino.com.ar\/df\/#organization"},"image":{"@id":"https:\/\/diariofemenino.com.ar\/df\/uruguay-presenta-primer-protocolo-de-actuacion-ante-la-trata-de-personas\/#primaryimage"},"thumbnailUrl":"","articleSection":["De la Revoluci\u00f3n al Reaprendizaje","Trata de Pers."],"inLanguage":"es","potentialAction":[{"@type":"CommentAction","name":"Comment","target":["https:\/\/diariofemenino.com.ar\/df\/uruguay-presenta-primer-protocolo-de-actuacion-ante-la-trata-de-personas\/#respond"]}]},{"@type":"WebPage","@id":"https:\/\/diariofemenino.com.ar\/df\/uruguay-presenta-primer-protocolo-de-actuacion-ante-la-trata-de-personas\/","url":"https:\/\/diariofemenino.com.ar\/df\/uruguay-presenta-primer-protocolo-de-actuacion-ante-la-trata-de-personas\/","name":"Uruguay presenta primer protocolo de actuaci\u00f3n ante la Trata de Personas - Diario Digital Femenino","isPartOf":{"@id":"https:\/\/diariofemenino.com.ar\/df\/#website"},"primaryImageOfPage":{"@id":"https:\/\/diariofemenino.com.ar\/df\/uruguay-presenta-primer-protocolo-de-actuacion-ante-la-trata-de-personas\/#primaryimage"},"image":{"@id":"https:\/\/diariofemenino.com.ar\/df\/uruguay-presenta-primer-protocolo-de-actuacion-ante-la-trata-de-personas\/#primaryimage"},"thumbnailUrl":"","datePublished":"2012-07-25T14:52:28+00:00","breadcrumb":{"@id":"https:\/\/diariofemenino.com.ar\/df\/uruguay-presenta-primer-protocolo-de-actuacion-ante-la-trata-de-personas\/#breadcrumb"},"inLanguage":"es","potentialAction":[{"@type":"ReadAction","target":["https:\/\/diariofemenino.com.ar\/df\/uruguay-presenta-primer-protocolo-de-actuacion-ante-la-trata-de-personas\/"]}]},{"@type":"ImageObject","inLanguage":"es","@id":"https:\/\/diariofemenino.com.ar\/df\/uruguay-presenta-primer-protocolo-de-actuacion-ante-la-trata-de-personas\/#primaryimage","url":"","contentUrl":""},{"@type":"BreadcrumbList","@id":"https:\/\/diariofemenino.com.ar\/df\/uruguay-presenta-primer-protocolo-de-actuacion-ante-la-trata-de-personas\/#breadcrumb","itemListElement":[{"@type":"ListItem","position":1,"name":"Portada","item":"https:\/\/diariofemenino.com.ar\/df\/"},{"@type":"ListItem","position":2,"name":"Uruguay presenta primer protocolo de actuaci\u00f3n ante la Trata de Personas"}]},{"@type":"WebSite","@id":"https:\/\/diariofemenino.com.ar\/df\/#website","url":"https:\/\/diariofemenino.com.ar\/df\/","name":"Diario Digital Femenino","description":"Cuesti\u00f3n de G\u00e9nero","publisher":{"@id":"https:\/\/diariofemenino.com.ar\/df\/#organization"},"potentialAction":[{"@type":"SearchAction","target":{"@type":"EntryPoint","urlTemplate":"https:\/\/diariofemenino.com.ar\/df\/?s={search_term_string}"},"query-input":{"@type":"PropertyValueSpecification","valueRequired":true,"valueName":"search_term_string"}}],"inLanguage":"es"},{"@type":"Organization","@id":"https:\/\/diariofemenino.com.ar\/df\/#organization","name":"Diario Femenino","url":"https:\/\/diariofemenino.com.ar\/df\/","logo":{"@type":"ImageObject","inLanguage":"es","@id":"https:\/\/diariofemenino.com.ar\/df\/#\/schema\/logo\/image\/","url":"https:\/\/diariofemenino.com.ar\/df\/wp-content\/uploads\/2018\/10\/logo.png","contentUrl":"https:\/\/diariofemenino.com.ar\/df\/wp-content\/uploads\/2018\/10\/logo.png","width":500,"height":92,"caption":"Diario Femenino"},"image":{"@id":"https:\/\/diariofemenino.com.ar\/df\/#\/schema\/logo\/image\/"},"sameAs":["https:\/\/www.facebook.com\/DiarioDigitaFemenino\/","https:\/\/x.com\/DiarioFemenino1"]},{"@type":"Person","@id":"https:\/\/diariofemenino.com.ar\/df\/#\/schema\/person\/38f54b3bfd13f561de2460ba95c169c6","name":"Admin","image":{"@type":"ImageObject","inLanguage":"es","@id":"https:\/\/diariofemenino.com.ar\/df\/wp-content\/uploads\/2018\/12\/favicon-150x150.jpg","url":"https:\/\/diariofemenino.com.ar\/df\/wp-content\/uploads\/2018\/12\/favicon-150x150.jpg","contentUrl":"https:\/\/diariofemenino.com.ar\/df\/wp-content\/uploads\/2018\/12\/favicon-150x150.jpg","caption":"Admin"},"url":"https:\/\/diariofemenino.com.ar\/df\/author\/adm18df\/"}]}},"jetpack_featured_media_url":"","jetpack_sharing_enabled":true,"rttpg_featured_image_url":null,"rttpg_author":{"display_name":"Admin","author_link":"https:\/\/diariofemenino.com.ar\/df\/author\/adm18df\/"},"rttpg_comment":0,"rttpg_category":"<a href=\"https:\/\/diariofemenino.com.ar\/df\/category\/de-la-revolucion-al-reaprendizaje\/\" rel=\"category tag\">De la Revoluci\u00f3n al Reaprendizaje<\/a> <a href=\"https:\/\/diariofemenino.com.ar\/df\/category\/trata-de-personas\/\" rel=\"category tag\">Trata de Pers.<\/a>","rttpg_excerpt":"&nbsp; &nbsp; 24 de julio de 2012. \u00a0Canciller\u00eda y el Instituto Nacional de las Mujeres presentaron el 23 de julio el primer Protocolo de Actuaci\u00f3n Frente a Casos de Trata de Mujeres, Ni\u00f1as, Ni\u00f1os y Adolescentes. La iniciativa informa de los mecanismos de control; identificar indicios; amparar a las v\u00edctimas y qu\u00e9 acciones de protecci\u00f3n&hellip;","_links":{"self":[{"href":"https:\/\/diariofemenino.com.ar\/df\/wp-json\/wp\/v2\/posts\/2618","targetHints":{"allow":["GET"]}}],"collection":[{"href":"https:\/\/diariofemenino.com.ar\/df\/wp-json\/wp\/v2\/posts"}],"about":[{"href":"https:\/\/diariofemenino.com.ar\/df\/wp-json\/wp\/v2\/types\/post"}],"author":[{"embeddable":true,"href":"https:\/\/diariofemenino.com.ar\/df\/wp-json\/wp\/v2\/users\/1"}],"replies":[{"embeddable":true,"href":"https:\/\/diariofemenino.com.ar\/df\/wp-json\/wp\/v2\/comments?post=2618"}],"version-history":[{"count":0,"href":"https:\/\/diariofemenino.com.ar\/df\/wp-json\/wp\/v2\/posts\/2618\/revisions"}],"wp:featuredmedia":[{"embeddable":true,"href":"https:\/\/diariofemenino.com.ar\/df\/wp-json\/"}],"wp:attachment":[{"href":"https:\/\/diariofemenino.com.ar\/df\/wp-json\/wp\/v2\/media?parent=2618"}],"wp:term":[{"taxonomy":"category","embeddable":true,"href":"https:\/\/diariofemenino.com.ar\/df\/wp-json\/wp\/v2\/categories?post=2618"},{"taxonomy":"post_tag","embeddable":true,"href":"https:\/\/diariofemenino.com.ar\/df\/wp-json\/wp\/v2\/tags?post=2618"}],"curies":[{"name":"wp","href":"https:\/\/api.w.org\/{rel}","templated":true}]}}