{"id":2612,"date":"2012-07-23T23:11:42","date_gmt":"2012-07-24T02:11:42","guid":{"rendered":"http:\/\/www.diariofemenino.com.ar\/?p=2612"},"modified":"2012-07-23T23:11:42","modified_gmt":"2012-07-24T02:11:42","slug":"centroamerica-mujeres-y-ninos-victimas-de-la-trata-de-personas","status":"publish","type":"post","link":"https:\/\/diariofemenino.com.ar\/df\/centroamerica-mujeres-y-ninos-victimas-de-la-trata-de-personas\/","title":{"rendered":"Centroam\u00e9rica: Mujeres y ni\u00f1os, v\u00edctimas de la trata de personas"},"content":{"rendered":"<p>&nbsp;<br \/>\n&nbsp;<br \/>\n<em>La ruta del tr\u00e1fico de personas casi siempre empieza en Chinandega y termina en las redes de prostituci\u00f3n en Guatemala.<\/em><br \/>\nPor primera vez, Nicaragua figura en la lista de naciones que cumplen con los requisitos m\u00ednimos para erradicar el tr\u00e1fico de personas, una problem\u00e1tica que afecta a unos 27 millones de individuos a nivel mundial. El anuncio, emitido el pasado 19 de Junio por el Departamento de Estado del gobierno de EE.UU, se complementa ahora con un estudio realizado por Save the Children y el Instituto de Estudios Estrat\u00e9gicos y Pol\u00edticas P\u00fablicas (IEEPP). En \u00e9ste se informa que, s\u00f3lo en Centroam\u00e9rica, se reportaron 1,040 casos de este tipo en un lapso de siete a\u00f1os.<br \/>\nElvira Cuadra Lira, coordinadora regional del\u00a0 estudio <a href=\"http:\/\/www.savethechildren.org.ni\/index.php?option=com_content&amp;view=article&amp;id=209:violencia-y-trata-de-personas-en-centroamerica&amp;catid=34:comunicados-de-prensa&amp;Itemid=121\" target=\"_blank\">\u201cViolencia y trata de personas en Centroam\u00e9rica: oportunidades de intervenci\u00f3n regional\u201d<\/a>, expres\u00f3 en una entrevista brindada al programa televisivo Esta Semana que, a la hora de analizar este tipo de estad\u00edsticas, es vital hacer una diferencia entre el n\u00famero de denuncias reportadas, las v\u00edctimas (pueden haber varias por un solo caso) y los casos procesados y sentenciados por cada pa\u00eds.<br \/>\nEn Nicaragua, los casos reportados entre 2004 y 2011 ascienden a 95. Sin embargo, los tres primeros a\u00f1os de an\u00e1lisis corresponden solamente a casos de ni\u00f1os y adolescentes atendidos por Fundaci\u00f3n Casa Alianza, una organizaci\u00f3n que se dedica a defender los derechos de estos ciudadanos. Es a partir de 2007 que los casos reflejados tambi\u00e9n incluyen a adultos y estas cifras han sido brindadas por esta misma fundaci\u00f3n, Save the Children y el Ministerio P\u00fablico de Nicaragua. En total, las v\u00edctimas de la trata de personas son 128 en ese mismo per\u00edodo.<br \/>\n<strong>Mujeres, adolescentes y ni\u00f1os: v\u00edctimas comunes<\/strong><br \/>\nTanto el informe emitido por el gobierno de Estados Unidos como el estudio de Save the Children- IEEPP coinciden en que las principales v\u00edctimas del tr\u00e1fico de personas en Nicaragua son mujeres, adolescentes y ni\u00f1os. Dicha poblaci\u00f3n forma parte de un grupo sujeto a la explotaci\u00f3n sexual comercial, sea dentro del mismo territorio como en pa\u00edses vecinos centroamericanos, adem\u00e1s de M\u00e9xico y Estados Unidos.<br \/>\nLas cifras de la Polic\u00eda Nacional de Nicaragua que se utilizaron en este estudio demuestran que, de 90 casos ocurridos entre 2007 y el primer semestre de 2010, el 98% de las v\u00edctimas fueron mujeres y s\u00f3lo 2% hombres. Ese mismo porcentaje corresponde a v\u00edctimas originarias del pa\u00eds; la cifra restante pertenece a otras nacionalidades. El perfil general del grupo estudiado proviene de estratos socioecon\u00f3micos con escasos recursos y bajo nivel de escolaridad.<br \/>\n<strong>Problem\u00e1tica regional, casos particulares <\/strong><br \/>\nA pesar de que la trata de personas se relaciona com\u00fanmente a la explotaci\u00f3n sexual, \u00e9sta tambi\u00e9n tiene otro tipo de modalidades. El estudio del IEEPP, el cual fue auspiciado por Save the Children, informa que otras formas de trata est\u00e1n relacionadas a la explotaci\u00f3n laboral y al turismo sexual. De igual manera, se informa que aunque el tr\u00e1fico de personas es un problema regional, cada pa\u00eds tiene diferentes tipos de comportamiento.<br \/>\nGuatemala, por ejemplo, reporta casos ligados a adopciones irregulares. Honduras, en cambio, posee casos de extracci\u00f3n de \u00f3rganos y tejidos. Pa\u00edses como Belice y Costa Rica tienen un comportamiento distinto, ya que las v\u00edctimas de trata provienen de otras naciones centroamericanas, latinoamericanas e incluso asi\u00e1ticas. Estas personas son sometidas a explotaci\u00f3n laboral, trabajos forzados y servidumbre.<br \/>\n<strong>Perfiles de zonas de riesgo <\/strong><br \/>\nIncluso para los tipos de explotaci\u00f3n hay perfiles de zonas de riesgo. De acuerdo al estudio, la trata con fines de explotaci\u00f3n sexual comercial se desarrolla en localidades donde existe un mayor flujo de personas. Zonas fronterizas, puertos, centros urbanos y puntos con mucha afluencia de turistas son ejemplo de esto. Por otra parte, la trata de personas con fines de explotaci\u00f3n laboral se dan com\u00fanmente en zonas productivas y centros urbanos.<br \/>\nElvira Cuadra expresa que, en nuestro pa\u00eds, la Costa Atl\u00e1ntica es una zona de captaci\u00f3n. Chinandega, por su parte, es una zona de captaci\u00f3n, explotaci\u00f3n y traslado de personas hacia otros pa\u00edses. \u201cEn general, las \u00e1reas fronterizas tienen esa misma caracter\u00edstica. Los polos tur\u00edsticos (como las ciudades de San Juan del Sur y Granada) generalmente son centros de explotaci\u00f3n\u201d, dice la encargada del estudio del IEEPP.<br \/>\nDepartamentos como Nueva Segovia, Estel\u00ed y Madriz tambi\u00e9n son zonas de riesgo a tomar en cuenta.<br \/>\n&nbsp;<br \/>\n<em><a href=\"http:\/\/www.confidencial.com.ni\/downloads\/218.pdf\" target=\"_blank\">Descargue en PDF el estudio sobre trata de personas elaborado por Save The Children y el IEEPP.<\/a><\/em><br \/>\n<em><\/em><br \/>\n<em><\/em><br \/>\n<em><\/em><br \/>\nFuente:\u00a0 <a href=\"http:\/\/www.confidencial.com.ni\/articulo\/7332\/mujeres-y-ninas-victimas-de-la-trata-de-personas\" target=\"_blank\">Confidencial<\/a><br \/>\n&nbsp;<\/p>\n","protected":false},"excerpt":{"rendered":"<p>&nbsp; &nbsp; La ruta del tr\u00e1fico de personas casi siempre empieza en Chinandega y termina en las redes de prostituci\u00f3n en Guatemala. Por primera vez, Nicaragua figura en la lista de naciones que cumplen con los requisitos m\u00ednimos para erradicar el tr\u00e1fico de personas, una problem\u00e1tica que afecta a unos 27 millones de individuos a [&hellip;]<\/p>\n","protected":false},"author":1,"featured_media":2613,"comment_status":"open","ping_status":"open","sticky":false,"template":"","format":"standard","meta":{"iawp_total_views":1,"footnotes":""},"categories":[3,13,15],"tags":[],"class_list":["post-2612","post","type-post","status-publish","format-standard","has-post-thumbnail","hentry","category-de-la-revolucion-al-reaprendizaje","category-mujeres-sindicalistas","category-trata-de-personas"],"nelio_content":{"autoShareEndMode":"never","automationSources":{"useCustomSentences":false,"customSentences":[]},"efiAlt":"","efiUrl":"","followers":[],"highlights":[],"isAutoShareEnabled":true,"networkImageIds":[],"permalinkQueryArgs":[],"series":[],"suggestedReferences":[]},"yoast_head":"<!-- This site is optimized with the Yoast SEO plugin v27.4 - https:\/\/yoast.com\/product\/yoast-seo-wordpress\/ -->\n<title>Centroam\u00e9rica: Mujeres y ni\u00f1os, v\u00edctimas de la trata de personas - Diario Digital Femenino<\/title>\n<meta name=\"robots\" content=\"index, follow, max-snippet:-1, max-image-preview:large, max-video-preview:-1\" \/>\n<link rel=\"canonical\" href=\"https:\/\/diariofemenino.com.ar\/df\/centroamerica-mujeres-y-ninos-victimas-de-la-trata-de-personas\/\" \/>\n<meta property=\"og:locale\" content=\"es_ES\" \/>\n<meta property=\"og:type\" content=\"article\" \/>\n<meta property=\"og:title\" content=\"Centroam\u00e9rica: Mujeres y ni\u00f1os, v\u00edctimas de la trata de personas - Diario Digital Femenino\" \/>\n<meta property=\"og:description\" content=\"&nbsp; &nbsp; La ruta del tr\u00e1fico de personas casi siempre empieza en Chinandega y termina en las redes de prostituci\u00f3n en Guatemala. Por primera vez, Nicaragua figura en la lista de naciones que cumplen con los requisitos m\u00ednimos para erradicar el tr\u00e1fico de personas, una problem\u00e1tica que afecta a unos 27 millones de individuos a [&hellip;]\" \/>\n<meta property=\"og:url\" content=\"https:\/\/diariofemenino.com.ar\/df\/centroamerica-mujeres-y-ninos-victimas-de-la-trata-de-personas\/\" \/>\n<meta property=\"og:site_name\" content=\"Diario Digital Femenino\" \/>\n<meta property=\"article:publisher\" content=\"https:\/\/www.facebook.com\/DiarioDigitaFemenino\/\" \/>\n<meta property=\"article:published_time\" content=\"2012-07-24T02:11:42+00:00\" \/>\n<meta property=\"og:image\" content=\"https:\/\/diariofemenino.com.ar\/df\/wp-content\/uploads\/2016\/10\/logo-negro.png\" \/>\n\t<meta property=\"og:image:width\" content=\"855\" \/>\n\t<meta property=\"og:image:height\" content=\"319\" \/>\n\t<meta property=\"og:image:type\" content=\"image\/png\" \/>\n<meta name=\"author\" content=\"Admin\" \/>\n<meta name=\"twitter:card\" content=\"summary_large_image\" \/>\n<meta name=\"twitter:creator\" content=\"@DiarioFemenino1\" \/>\n<meta name=\"twitter:site\" content=\"@DiarioFemenino1\" \/>\n<meta name=\"twitter:label1\" content=\"Escrito por\" \/>\n\t<meta name=\"twitter:data1\" content=\"Admin\" \/>\n\t<meta name=\"twitter:label2\" content=\"Tiempo de lectura\" \/>\n\t<meta name=\"twitter:data2\" content=\"4 minutos\" \/>\n<script type=\"application\/ld+json\" class=\"yoast-schema-graph\">{\"@context\":\"https:\\\/\\\/schema.org\",\"@graph\":[{\"@type\":\"Article\",\"@id\":\"https:\\\/\\\/diariofemenino.com.ar\\\/df\\\/centroamerica-mujeres-y-ninos-victimas-de-la-trata-de-personas\\\/#article\",\"isPartOf\":{\"@id\":\"https:\\\/\\\/diariofemenino.com.ar\\\/df\\\/centroamerica-mujeres-y-ninos-victimas-de-la-trata-de-personas\\\/\"},\"author\":{\"name\":\"Admin\",\"@id\":\"https:\\\/\\\/diariofemenino.com.ar\\\/df\\\/#\\\/schema\\\/person\\\/38f54b3bfd13f561de2460ba95c169c6\"},\"headline\":\"Centroam\u00e9rica: Mujeres y ni\u00f1os, v\u00edctimas de la trata de personas\",\"datePublished\":\"2012-07-24T02:11:42+00:00\",\"mainEntityOfPage\":{\"@id\":\"https:\\\/\\\/diariofemenino.com.ar\\\/df\\\/centroamerica-mujeres-y-ninos-victimas-de-la-trata-de-personas\\\/\"},\"wordCount\":801,\"commentCount\":0,\"publisher\":{\"@id\":\"https:\\\/\\\/diariofemenino.com.ar\\\/df\\\/#organization\"},\"image\":{\"@id\":\"https:\\\/\\\/diariofemenino.com.ar\\\/df\\\/centroamerica-mujeres-y-ninos-victimas-de-la-trata-de-personas\\\/#primaryimage\"},\"thumbnailUrl\":\"\",\"articleSection\":[\"De la Revoluci\u00f3n al Reaprendizaje\",\"Mujeres Sindicalistas\",\"Trata de Pers.\"],\"inLanguage\":\"es\",\"potentialAction\":[{\"@type\":\"CommentAction\",\"name\":\"Comment\",\"target\":[\"https:\\\/\\\/diariofemenino.com.ar\\\/df\\\/centroamerica-mujeres-y-ninos-victimas-de-la-trata-de-personas\\\/#respond\"]}]},{\"@type\":\"WebPage\",\"@id\":\"https:\\\/\\\/diariofemenino.com.ar\\\/df\\\/centroamerica-mujeres-y-ninos-victimas-de-la-trata-de-personas\\\/\",\"url\":\"https:\\\/\\\/diariofemenino.com.ar\\\/df\\\/centroamerica-mujeres-y-ninos-victimas-de-la-trata-de-personas\\\/\",\"name\":\"Centroam\u00e9rica: Mujeres y ni\u00f1os, v\u00edctimas de la trata de personas - Diario Digital Femenino\",\"isPartOf\":{\"@id\":\"https:\\\/\\\/diariofemenino.com.ar\\\/df\\\/#website\"},\"primaryImageOfPage\":{\"@id\":\"https:\\\/\\\/diariofemenino.com.ar\\\/df\\\/centroamerica-mujeres-y-ninos-victimas-de-la-trata-de-personas\\\/#primaryimage\"},\"image\":{\"@id\":\"https:\\\/\\\/diariofemenino.com.ar\\\/df\\\/centroamerica-mujeres-y-ninos-victimas-de-la-trata-de-personas\\\/#primaryimage\"},\"thumbnailUrl\":\"\",\"datePublished\":\"2012-07-24T02:11:42+00:00\",\"breadcrumb\":{\"@id\":\"https:\\\/\\\/diariofemenino.com.ar\\\/df\\\/centroamerica-mujeres-y-ninos-victimas-de-la-trata-de-personas\\\/#breadcrumb\"},\"inLanguage\":\"es\",\"potentialAction\":[{\"@type\":\"ReadAction\",\"target\":[\"https:\\\/\\\/diariofemenino.com.ar\\\/df\\\/centroamerica-mujeres-y-ninos-victimas-de-la-trata-de-personas\\\/\"]}]},{\"@type\":\"ImageObject\",\"inLanguage\":\"es\",\"@id\":\"https:\\\/\\\/diariofemenino.com.ar\\\/df\\\/centroamerica-mujeres-y-ninos-victimas-de-la-trata-de-personas\\\/#primaryimage\",\"url\":\"\",\"contentUrl\":\"\"},{\"@type\":\"BreadcrumbList\",\"@id\":\"https:\\\/\\\/diariofemenino.com.ar\\\/df\\\/centroamerica-mujeres-y-ninos-victimas-de-la-trata-de-personas\\\/#breadcrumb\",\"itemListElement\":[{\"@type\":\"ListItem\",\"position\":1,\"name\":\"Portada\",\"item\":\"https:\\\/\\\/diariofemenino.com.ar\\\/df\\\/\"},{\"@type\":\"ListItem\",\"position\":2,\"name\":\"Centroam\u00e9rica: Mujeres y ni\u00f1os, v\u00edctimas de la trata de personas\"}]},{\"@type\":\"WebSite\",\"@id\":\"https:\\\/\\\/diariofemenino.com.ar\\\/df\\\/#website\",\"url\":\"https:\\\/\\\/diariofemenino.com.ar\\\/df\\\/\",\"name\":\"Diario Digital Femenino\",\"description\":\"Cuesti\u00f3n de G\u00e9nero\",\"publisher\":{\"@id\":\"https:\\\/\\\/diariofemenino.com.ar\\\/df\\\/#organization\"},\"potentialAction\":[{\"@type\":\"SearchAction\",\"target\":{\"@type\":\"EntryPoint\",\"urlTemplate\":\"https:\\\/\\\/diariofemenino.com.ar\\\/df\\\/?s={search_term_string}\"},\"query-input\":{\"@type\":\"PropertyValueSpecification\",\"valueRequired\":true,\"valueName\":\"search_term_string\"}}],\"inLanguage\":\"es\"},{\"@type\":\"Organization\",\"@id\":\"https:\\\/\\\/diariofemenino.com.ar\\\/df\\\/#organization\",\"name\":\"Diario Femenino\",\"url\":\"https:\\\/\\\/diariofemenino.com.ar\\\/df\\\/\",\"logo\":{\"@type\":\"ImageObject\",\"inLanguage\":\"es\",\"@id\":\"https:\\\/\\\/diariofemenino.com.ar\\\/df\\\/#\\\/schema\\\/logo\\\/image\\\/\",\"url\":\"https:\\\/\\\/diariofemenino.com.ar\\\/df\\\/wp-content\\\/uploads\\\/2018\\\/10\\\/logo.png\",\"contentUrl\":\"https:\\\/\\\/diariofemenino.com.ar\\\/df\\\/wp-content\\\/uploads\\\/2018\\\/10\\\/logo.png\",\"width\":500,\"height\":92,\"caption\":\"Diario Femenino\"},\"image\":{\"@id\":\"https:\\\/\\\/diariofemenino.com.ar\\\/df\\\/#\\\/schema\\\/logo\\\/image\\\/\"},\"sameAs\":[\"https:\\\/\\\/www.facebook.com\\\/DiarioDigitaFemenino\\\/\",\"https:\\\/\\\/x.com\\\/DiarioFemenino1\"]},{\"@type\":\"Person\",\"@id\":\"https:\\\/\\\/diariofemenino.com.ar\\\/df\\\/#\\\/schema\\\/person\\\/38f54b3bfd13f561de2460ba95c169c6\",\"name\":\"Admin\",\"image\":{\"@type\":\"ImageObject\",\"inLanguage\":\"es\",\"@id\":\"https:\\\/\\\/diariofemenino.com.ar\\\/df\\\/wp-content\\\/uploads\\\/2018\\\/12\\\/favicon-150x150.jpg\",\"url\":\"https:\\\/\\\/diariofemenino.com.ar\\\/df\\\/wp-content\\\/uploads\\\/2018\\\/12\\\/favicon-150x150.jpg\",\"contentUrl\":\"https:\\\/\\\/diariofemenino.com.ar\\\/df\\\/wp-content\\\/uploads\\\/2018\\\/12\\\/favicon-150x150.jpg\",\"caption\":\"Admin\"},\"url\":\"https:\\\/\\\/diariofemenino.com.ar\\\/df\\\/author\\\/adm18df\\\/\"}]}<\/script>\n<!-- \/ Yoast SEO plugin. -->","yoast_head_json":{"title":"Centroam\u00e9rica: Mujeres y ni\u00f1os, v\u00edctimas de la trata de personas - Diario Digital Femenino","robots":{"index":"index","follow":"follow","max-snippet":"max-snippet:-1","max-image-preview":"max-image-preview:large","max-video-preview":"max-video-preview:-1"},"canonical":"https:\/\/diariofemenino.com.ar\/df\/centroamerica-mujeres-y-ninos-victimas-de-la-trata-de-personas\/","og_locale":"es_ES","og_type":"article","og_title":"Centroam\u00e9rica: Mujeres y ni\u00f1os, v\u00edctimas de la trata de personas - Diario Digital Femenino","og_description":"&nbsp; &nbsp; La ruta del tr\u00e1fico de personas casi siempre empieza en Chinandega y termina en las redes de prostituci\u00f3n en Guatemala. Por primera vez, Nicaragua figura en la lista de naciones que cumplen con los requisitos m\u00ednimos para erradicar el tr\u00e1fico de personas, una problem\u00e1tica que afecta a unos 27 millones de individuos a [&hellip;]","og_url":"https:\/\/diariofemenino.com.ar\/df\/centroamerica-mujeres-y-ninos-victimas-de-la-trata-de-personas\/","og_site_name":"Diario Digital Femenino","article_publisher":"https:\/\/www.facebook.com\/DiarioDigitaFemenino\/","article_published_time":"2012-07-24T02:11:42+00:00","og_image":[{"width":855,"height":319,"url":"https:\/\/diariofemenino.com.ar\/df\/wp-content\/uploads\/2016\/10\/logo-negro.png","type":"image\/png"}],"author":"Admin","twitter_card":"summary_large_image","twitter_creator":"@DiarioFemenino1","twitter_site":"@DiarioFemenino1","twitter_misc":{"Escrito por":"Admin","Tiempo de lectura":"4 minutos"},"schema":{"@context":"https:\/\/schema.org","@graph":[{"@type":"Article","@id":"https:\/\/diariofemenino.com.ar\/df\/centroamerica-mujeres-y-ninos-victimas-de-la-trata-de-personas\/#article","isPartOf":{"@id":"https:\/\/diariofemenino.com.ar\/df\/centroamerica-mujeres-y-ninos-victimas-de-la-trata-de-personas\/"},"author":{"name":"Admin","@id":"https:\/\/diariofemenino.com.ar\/df\/#\/schema\/person\/38f54b3bfd13f561de2460ba95c169c6"},"headline":"Centroam\u00e9rica: Mujeres y ni\u00f1os, v\u00edctimas de la trata de personas","datePublished":"2012-07-24T02:11:42+00:00","mainEntityOfPage":{"@id":"https:\/\/diariofemenino.com.ar\/df\/centroamerica-mujeres-y-ninos-victimas-de-la-trata-de-personas\/"},"wordCount":801,"commentCount":0,"publisher":{"@id":"https:\/\/diariofemenino.com.ar\/df\/#organization"},"image":{"@id":"https:\/\/diariofemenino.com.ar\/df\/centroamerica-mujeres-y-ninos-victimas-de-la-trata-de-personas\/#primaryimage"},"thumbnailUrl":"","articleSection":["De la Revoluci\u00f3n al Reaprendizaje","Mujeres Sindicalistas","Trata de Pers."],"inLanguage":"es","potentialAction":[{"@type":"CommentAction","name":"Comment","target":["https:\/\/diariofemenino.com.ar\/df\/centroamerica-mujeres-y-ninos-victimas-de-la-trata-de-personas\/#respond"]}]},{"@type":"WebPage","@id":"https:\/\/diariofemenino.com.ar\/df\/centroamerica-mujeres-y-ninos-victimas-de-la-trata-de-personas\/","url":"https:\/\/diariofemenino.com.ar\/df\/centroamerica-mujeres-y-ninos-victimas-de-la-trata-de-personas\/","name":"Centroam\u00e9rica: Mujeres y ni\u00f1os, v\u00edctimas de la trata de personas - Diario Digital Femenino","isPartOf":{"@id":"https:\/\/diariofemenino.com.ar\/df\/#website"},"primaryImageOfPage":{"@id":"https:\/\/diariofemenino.com.ar\/df\/centroamerica-mujeres-y-ninos-victimas-de-la-trata-de-personas\/#primaryimage"},"image":{"@id":"https:\/\/diariofemenino.com.ar\/df\/centroamerica-mujeres-y-ninos-victimas-de-la-trata-de-personas\/#primaryimage"},"thumbnailUrl":"","datePublished":"2012-07-24T02:11:42+00:00","breadcrumb":{"@id":"https:\/\/diariofemenino.com.ar\/df\/centroamerica-mujeres-y-ninos-victimas-de-la-trata-de-personas\/#breadcrumb"},"inLanguage":"es","potentialAction":[{"@type":"ReadAction","target":["https:\/\/diariofemenino.com.ar\/df\/centroamerica-mujeres-y-ninos-victimas-de-la-trata-de-personas\/"]}]},{"@type":"ImageObject","inLanguage":"es","@id":"https:\/\/diariofemenino.com.ar\/df\/centroamerica-mujeres-y-ninos-victimas-de-la-trata-de-personas\/#primaryimage","url":"","contentUrl":""},{"@type":"BreadcrumbList","@id":"https:\/\/diariofemenino.com.ar\/df\/centroamerica-mujeres-y-ninos-victimas-de-la-trata-de-personas\/#breadcrumb","itemListElement":[{"@type":"ListItem","position":1,"name":"Portada","item":"https:\/\/diariofemenino.com.ar\/df\/"},{"@type":"ListItem","position":2,"name":"Centroam\u00e9rica: Mujeres y ni\u00f1os, v\u00edctimas de la trata de personas"}]},{"@type":"WebSite","@id":"https:\/\/diariofemenino.com.ar\/df\/#website","url":"https:\/\/diariofemenino.com.ar\/df\/","name":"Diario Digital Femenino","description":"Cuesti\u00f3n de G\u00e9nero","publisher":{"@id":"https:\/\/diariofemenino.com.ar\/df\/#organization"},"potentialAction":[{"@type":"SearchAction","target":{"@type":"EntryPoint","urlTemplate":"https:\/\/diariofemenino.com.ar\/df\/?s={search_term_string}"},"query-input":{"@type":"PropertyValueSpecification","valueRequired":true,"valueName":"search_term_string"}}],"inLanguage":"es"},{"@type":"Organization","@id":"https:\/\/diariofemenino.com.ar\/df\/#organization","name":"Diario Femenino","url":"https:\/\/diariofemenino.com.ar\/df\/","logo":{"@type":"ImageObject","inLanguage":"es","@id":"https:\/\/diariofemenino.com.ar\/df\/#\/schema\/logo\/image\/","url":"https:\/\/diariofemenino.com.ar\/df\/wp-content\/uploads\/2018\/10\/logo.png","contentUrl":"https:\/\/diariofemenino.com.ar\/df\/wp-content\/uploads\/2018\/10\/logo.png","width":500,"height":92,"caption":"Diario Femenino"},"image":{"@id":"https:\/\/diariofemenino.com.ar\/df\/#\/schema\/logo\/image\/"},"sameAs":["https:\/\/www.facebook.com\/DiarioDigitaFemenino\/","https:\/\/x.com\/DiarioFemenino1"]},{"@type":"Person","@id":"https:\/\/diariofemenino.com.ar\/df\/#\/schema\/person\/38f54b3bfd13f561de2460ba95c169c6","name":"Admin","image":{"@type":"ImageObject","inLanguage":"es","@id":"https:\/\/diariofemenino.com.ar\/df\/wp-content\/uploads\/2018\/12\/favicon-150x150.jpg","url":"https:\/\/diariofemenino.com.ar\/df\/wp-content\/uploads\/2018\/12\/favicon-150x150.jpg","contentUrl":"https:\/\/diariofemenino.com.ar\/df\/wp-content\/uploads\/2018\/12\/favicon-150x150.jpg","caption":"Admin"},"url":"https:\/\/diariofemenino.com.ar\/df\/author\/adm18df\/"}]}},"jetpack_featured_media_url":"","jetpack_sharing_enabled":true,"rttpg_featured_image_url":null,"rttpg_author":{"display_name":"Admin","author_link":"https:\/\/diariofemenino.com.ar\/df\/author\/adm18df\/"},"rttpg_comment":0,"rttpg_category":"<a href=\"https:\/\/diariofemenino.com.ar\/df\/category\/de-la-revolucion-al-reaprendizaje\/\" rel=\"category tag\">De la Revoluci\u00f3n al Reaprendizaje<\/a> <a href=\"https:\/\/diariofemenino.com.ar\/df\/category\/mujeres-sindicalistas\/\" rel=\"category tag\">Mujeres Sindicalistas<\/a> <a href=\"https:\/\/diariofemenino.com.ar\/df\/category\/trata-de-personas\/\" rel=\"category tag\">Trata de Pers.<\/a>","rttpg_excerpt":"&nbsp; &nbsp; La ruta del tr\u00e1fico de personas casi siempre empieza en Chinandega y termina en las redes de prostituci\u00f3n en Guatemala. Por primera vez, Nicaragua figura en la lista de naciones que cumplen con los requisitos m\u00ednimos para erradicar el tr\u00e1fico de personas, una problem\u00e1tica que afecta a unos 27 millones de individuos a&hellip;","_links":{"self":[{"href":"https:\/\/diariofemenino.com.ar\/df\/wp-json\/wp\/v2\/posts\/2612","targetHints":{"allow":["GET"]}}],"collection":[{"href":"https:\/\/diariofemenino.com.ar\/df\/wp-json\/wp\/v2\/posts"}],"about":[{"href":"https:\/\/diariofemenino.com.ar\/df\/wp-json\/wp\/v2\/types\/post"}],"author":[{"embeddable":true,"href":"https:\/\/diariofemenino.com.ar\/df\/wp-json\/wp\/v2\/users\/1"}],"replies":[{"embeddable":true,"href":"https:\/\/diariofemenino.com.ar\/df\/wp-json\/wp\/v2\/comments?post=2612"}],"version-history":[{"count":0,"href":"https:\/\/diariofemenino.com.ar\/df\/wp-json\/wp\/v2\/posts\/2612\/revisions"}],"wp:featuredmedia":[{"embeddable":true,"href":"https:\/\/diariofemenino.com.ar\/df\/wp-json\/"}],"wp:attachment":[{"href":"https:\/\/diariofemenino.com.ar\/df\/wp-json\/wp\/v2\/media?parent=2612"}],"wp:term":[{"taxonomy":"category","embeddable":true,"href":"https:\/\/diariofemenino.com.ar\/df\/wp-json\/wp\/v2\/categories?post=2612"},{"taxonomy":"post_tag","embeddable":true,"href":"https:\/\/diariofemenino.com.ar\/df\/wp-json\/wp\/v2\/tags?post=2612"}],"curies":[{"name":"wp","href":"https:\/\/api.w.org\/{rel}","templated":true}]}}