{"id":26119,"date":"2016-12-22T09:11:36","date_gmt":"2016-12-22T12:11:36","guid":{"rendered":"http:\/\/diariofemenino.com.ar\/v2\/?p=26119"},"modified":"2016-12-22T09:11:36","modified_gmt":"2016-12-22T12:11:36","slug":"cintas-negras-contra-la-violencia-machista","status":"publish","type":"post","link":"https:\/\/diariofemenino.com.ar\/df\/cintas-negras-contra-la-violencia-machista\/","title":{"rendered":"Cintas negras contra la violencia machista"},"content":{"rendered":"<div class=\"sticky-nav navigation nav-article black-bg no-top-menu-links shrink\">\n<div class=\"row page-block no-sm\">\n<div class=\"header-content wrapper no-sm\">\n<div class=\"row\">\n<div class=\"columns large-2 medium-3 show-for-large-only\">\n<div class=\"header-search\">Por<b> Mariana Carbajal<br \/>\n<\/b><\/div>\n<div class=\"header-search\">\nColectivo Ni Una Menos lanz\u00f3 una campa\u00f1a invitando a las mujeres a colgar desde el pr\u00f3ximo viernes 23 de diciembre una cinta o tela negra de la puerta de su casa, el balc\u00f3n, la bici o el auto o donde crean que es visible para otras. Y tambi\u00e9n a ponerse una cinta en la mu\u00f1eca, tobillo\u00a0donde prefieran. \u201cSabemos que las fiestas y las vacaciones son momentos sensibles para quienes sufren violencia y queremos \u00a0unirnos en un mensaje de complicidad y solidaridad entre nosotras. Donde hay una cinta negra, hay alguien en quien podemos confiar y pedir ayuda.- #EstamosParaNosotras #VivasNosQueremos #NiUnaMenos.\u201d\u201d, dice el mensaje que empez\u00f3 a circular ayer por Whatsapp y se fue viralizando.<br \/>\nLa campa\u00f1a apunta a revalorizar los v\u00ednculos entre mujeres, frente a mensajes medi\u00e1ticos que las ponen como rivales, a generar una red de apoyo y sost\u00e9n en los barrios. \u201cLa ruptura de la trama entre mujeres, sumada a la familia como destino un\u00edvoco y el confinamiento al espacio dom\u00e9stico no son naturales, no son modos de ser ni elecciones libres. Fueron pol\u00edticas necesarias para la atomizaci\u00f3n de lo social en unidades cerradas familiares como ordenadoras de los cuerpos dentro del capitalismo. Mujeres disputando entre s\u00ed la atenci\u00f3n de los hombres, compitiendo por ver qui\u00e9n cocina los mejores platos son el fondo de la trama que instala a los varones como el ejemplar libre y aut\u00f3nomo, alrededor del cual se ordenan el resto de los cuerpos. Desde este lugar de poder es de donde sale la crueldad que hoy se despliega contra nosotras, contra nuestros cuerpos y sentires\u201d, se\u00f1al\u00f3 a <strong>P\u00e1gina\/12 <\/strong>Virginia Giannoni, escritora e integrante del Colectivo Ni Una Menos. \u201cSi logramos retomar esa trama de afectos y sororidad entre mujeres podr\u00edamos salir del confinamiento de lo dom\u00e9stico, redise\u00f1ar para nosotras otros d\u00edas, renegociar con el resto de la sociedad el peso de las tareas, romper la trama de la maternidad como destino y la crianza de los ni\u00f1os como espacio de responsabilidad absoluta y unipersonal\u201d, agreg\u00f3. \u201cAsumimos que no es exclusivamente por la v\u00eda de pol\u00edticas p\u00fablicas como se supera esta situaci\u00f3n de desigualdad y amenaza, sino por la suturaci\u00f3n y el retejido de nuestra propia trama de alianzas, y por eso lanzamos esta campa\u00f1a con la que proponemos hacernos gui\u00f1os, dejarnos se\u00f1ales en los rincones y reconocernos en nuestras problem\u00e1ticas comunes. Lo que nos pasa por ser mujeres nos pasa a todas, excede lo privado. Y es momento de asumirlo en acciones y pol\u00edticas vitales\u201d, concluy\u00f3 Giannoni.\n<\/div>\n<\/div>\n<\/div>\n<\/div>\n<\/div>\n<\/div>\n<p>&nbsp;<br \/>\n&nbsp;<br \/>\n&nbsp;<br \/>\nFuente: P\u00e1gina12\/Sociedad<\/p>\n","protected":false},"excerpt":{"rendered":"<p>Por Mariana Carbajal Colectivo Ni Una Menos lanz\u00f3 una campa\u00f1a invitando a las mujeres a colgar desde el pr\u00f3ximo viernes 23 de diciembre una cinta o tela negra de la puerta de su casa, el balc\u00f3n, la bici o el auto o donde crean que es visible para otras. Y tambi\u00e9n a ponerse una cinta [&hellip;]<\/p>\n","protected":false},"author":1,"featured_media":26120,"comment_status":"open","ping_status":"open","sticky":false,"template":"","format":"standard","meta":{"iawp_total_views":68,"footnotes":""},"categories":[9,5],"tags":[141,53,30,39,18],"class_list":["post-26119","post","type-post","status-publish","format-standard","has-post-thumbnail","hentry","category-de-esi-si-se-habla","category-historias-de-vida","tag-vivasnosqueremos","tag-derechos-de-las-mujeres","tag-derechos-humanos","tag-justicia","tag-politicas-publicas"],"nelio_content":{"autoShareEndMode":"never","automationSources":{"useCustomSentences":false,"customSentences":[]},"efiAlt":"","efiUrl":"","followers":[],"highlights":[],"isAutoShareEnabled":true,"networkImageIds":[],"permalinkQueryArgs":[],"series":[],"suggestedReferences":[]},"yoast_head":"<!-- This site is optimized with the Yoast SEO plugin v27.5 - https:\/\/yoast.com\/product\/yoast-seo-wordpress\/ -->\n<title>Cintas negras contra la violencia machista - Diario Digital Femenino<\/title>\n<meta name=\"robots\" content=\"index, follow, max-snippet:-1, max-image-preview:large, max-video-preview:-1\" \/>\n<link rel=\"canonical\" href=\"https:\/\/diariofemenino.com.ar\/df\/cintas-negras-contra-la-violencia-machista\/\" \/>\n<meta property=\"og:locale\" content=\"es_ES\" \/>\n<meta property=\"og:type\" content=\"article\" \/>\n<meta property=\"og:title\" content=\"Cintas negras contra la violencia machista - Diario Digital Femenino\" \/>\n<meta property=\"og:description\" content=\"Por Mariana Carbajal Colectivo Ni Una Menos lanz\u00f3 una campa\u00f1a invitando a las mujeres a colgar desde el pr\u00f3ximo viernes 23 de diciembre una cinta o tela negra de la puerta de su casa, el balc\u00f3n, la bici o el auto o donde crean que es visible para otras. Y tambi\u00e9n a ponerse una cinta [&hellip;]\" \/>\n<meta property=\"og:url\" content=\"https:\/\/diariofemenino.com.ar\/df\/cintas-negras-contra-la-violencia-machista\/\" \/>\n<meta property=\"og:site_name\" content=\"Diario Digital Femenino\" \/>\n<meta property=\"article:publisher\" content=\"https:\/\/www.facebook.com\/DiarioDigitaFemenino\/\" \/>\n<meta property=\"article:published_time\" content=\"2016-12-22T12:11:36+00:00\" \/>\n<meta property=\"og:image\" content=\"https:\/\/diariofemenino.com.ar\/df\/wp-content\/uploads\/2016\/12\/cinta-negra-de-luto-imagenes.jpg\" \/>\n\t<meta property=\"og:image:width\" content=\"406\" \/>\n\t<meta property=\"og:image:height\" content=\"377\" \/>\n\t<meta property=\"og:image:type\" content=\"image\/jpeg\" \/>\n<meta name=\"author\" content=\"Admin\" \/>\n<meta name=\"twitter:card\" content=\"summary_large_image\" \/>\n<meta name=\"twitter:creator\" content=\"@DiarioFemenino1\" \/>\n<meta name=\"twitter:site\" content=\"@DiarioFemenino1\" \/>\n<meta name=\"twitter:label1\" content=\"Escrito por\" \/>\n\t<meta name=\"twitter:data1\" content=\"Admin\" \/>\n\t<meta name=\"twitter:label2\" content=\"Tiempo de lectura\" \/>\n\t<meta name=\"twitter:data2\" content=\"2 minutos\" \/>\n<script type=\"application\/ld+json\" class=\"yoast-schema-graph\">{\"@context\":\"https:\\\/\\\/schema.org\",\"@graph\":[{\"@type\":\"Article\",\"@id\":\"https:\\\/\\\/diariofemenino.com.ar\\\/df\\\/cintas-negras-contra-la-violencia-machista\\\/#article\",\"isPartOf\":{\"@id\":\"https:\\\/\\\/diariofemenino.com.ar\\\/df\\\/cintas-negras-contra-la-violencia-machista\\\/\"},\"author\":{\"name\":\"Admin\",\"@id\":\"https:\\\/\\\/diariofemenino.com.ar\\\/df\\\/#\\\/schema\\\/person\\\/38f54b3bfd13f561de2460ba95c169c6\"},\"headline\":\"Cintas negras contra la violencia machista\",\"datePublished\":\"2016-12-22T12:11:36+00:00\",\"mainEntityOfPage\":{\"@id\":\"https:\\\/\\\/diariofemenino.com.ar\\\/df\\\/cintas-negras-contra-la-violencia-machista\\\/\"},\"wordCount\":463,\"commentCount\":0,\"publisher\":{\"@id\":\"https:\\\/\\\/diariofemenino.com.ar\\\/df\\\/#organization\"},\"image\":{\"@id\":\"https:\\\/\\\/diariofemenino.com.ar\\\/df\\\/cintas-negras-contra-la-violencia-machista\\\/#primaryimage\"},\"thumbnailUrl\":\"https:\\\/\\\/diariofemenino.com.ar\\\/df\\\/wp-content\\\/uploads\\\/2016\\\/12\\\/cinta-negra-de-luto-imagenes.jpg\",\"keywords\":[\"#VivasNosQueremos\",\"Derechos de las mujeres\",\"Derechos Humanos\",\"Justicia\",\"Pol\u00edticas p\u00fablicas\"],\"articleSection\":[\"De ESI S\u00ed Se Habla\",\"Historias de vida\"],\"inLanguage\":\"es\",\"potentialAction\":[{\"@type\":\"CommentAction\",\"name\":\"Comment\",\"target\":[\"https:\\\/\\\/diariofemenino.com.ar\\\/df\\\/cintas-negras-contra-la-violencia-machista\\\/#respond\"]}]},{\"@type\":\"WebPage\",\"@id\":\"https:\\\/\\\/diariofemenino.com.ar\\\/df\\\/cintas-negras-contra-la-violencia-machista\\\/\",\"url\":\"https:\\\/\\\/diariofemenino.com.ar\\\/df\\\/cintas-negras-contra-la-violencia-machista\\\/\",\"name\":\"Cintas negras contra la violencia machista - Diario Digital Femenino\",\"isPartOf\":{\"@id\":\"https:\\\/\\\/diariofemenino.com.ar\\\/df\\\/#website\"},\"primaryImageOfPage\":{\"@id\":\"https:\\\/\\\/diariofemenino.com.ar\\\/df\\\/cintas-negras-contra-la-violencia-machista\\\/#primaryimage\"},\"image\":{\"@id\":\"https:\\\/\\\/diariofemenino.com.ar\\\/df\\\/cintas-negras-contra-la-violencia-machista\\\/#primaryimage\"},\"thumbnailUrl\":\"https:\\\/\\\/diariofemenino.com.ar\\\/df\\\/wp-content\\\/uploads\\\/2016\\\/12\\\/cinta-negra-de-luto-imagenes.jpg\",\"datePublished\":\"2016-12-22T12:11:36+00:00\",\"breadcrumb\":{\"@id\":\"https:\\\/\\\/diariofemenino.com.ar\\\/df\\\/cintas-negras-contra-la-violencia-machista\\\/#breadcrumb\"},\"inLanguage\":\"es\",\"potentialAction\":[{\"@type\":\"ReadAction\",\"target\":[\"https:\\\/\\\/diariofemenino.com.ar\\\/df\\\/cintas-negras-contra-la-violencia-machista\\\/\"]}]},{\"@type\":\"ImageObject\",\"inLanguage\":\"es\",\"@id\":\"https:\\\/\\\/diariofemenino.com.ar\\\/df\\\/cintas-negras-contra-la-violencia-machista\\\/#primaryimage\",\"url\":\"https:\\\/\\\/diariofemenino.com.ar\\\/df\\\/wp-content\\\/uploads\\\/2016\\\/12\\\/cinta-negra-de-luto-imagenes.jpg\",\"contentUrl\":\"https:\\\/\\\/diariofemenino.com.ar\\\/df\\\/wp-content\\\/uploads\\\/2016\\\/12\\\/cinta-negra-de-luto-imagenes.jpg\",\"width\":406,\"height\":377},{\"@type\":\"BreadcrumbList\",\"@id\":\"https:\\\/\\\/diariofemenino.com.ar\\\/df\\\/cintas-negras-contra-la-violencia-machista\\\/#breadcrumb\",\"itemListElement\":[{\"@type\":\"ListItem\",\"position\":1,\"name\":\"Portada\",\"item\":\"https:\\\/\\\/diariofemenino.com.ar\\\/df\\\/\"},{\"@type\":\"ListItem\",\"position\":2,\"name\":\"Cintas negras contra la violencia machista\"}]},{\"@type\":\"WebSite\",\"@id\":\"https:\\\/\\\/diariofemenino.com.ar\\\/df\\\/#website\",\"url\":\"https:\\\/\\\/diariofemenino.com.ar\\\/df\\\/\",\"name\":\"Diario Digital Femenino\",\"description\":\"Cuesti\u00f3n de G\u00e9nero\",\"publisher\":{\"@id\":\"https:\\\/\\\/diariofemenino.com.ar\\\/df\\\/#organization\"},\"potentialAction\":[{\"@type\":\"SearchAction\",\"target\":{\"@type\":\"EntryPoint\",\"urlTemplate\":\"https:\\\/\\\/diariofemenino.com.ar\\\/df\\\/?s={search_term_string}\"},\"query-input\":{\"@type\":\"PropertyValueSpecification\",\"valueRequired\":true,\"valueName\":\"search_term_string\"}}],\"inLanguage\":\"es\"},{\"@type\":\"Organization\",\"@id\":\"https:\\\/\\\/diariofemenino.com.ar\\\/df\\\/#organization\",\"name\":\"Diario Femenino\",\"url\":\"https:\\\/\\\/diariofemenino.com.ar\\\/df\\\/\",\"logo\":{\"@type\":\"ImageObject\",\"inLanguage\":\"es\",\"@id\":\"https:\\\/\\\/diariofemenino.com.ar\\\/df\\\/#\\\/schema\\\/logo\\\/image\\\/\",\"url\":\"https:\\\/\\\/diariofemenino.com.ar\\\/df\\\/wp-content\\\/uploads\\\/2018\\\/10\\\/logo.png\",\"contentUrl\":\"https:\\\/\\\/diariofemenino.com.ar\\\/df\\\/wp-content\\\/uploads\\\/2018\\\/10\\\/logo.png\",\"width\":500,\"height\":92,\"caption\":\"Diario Femenino\"},\"image\":{\"@id\":\"https:\\\/\\\/diariofemenino.com.ar\\\/df\\\/#\\\/schema\\\/logo\\\/image\\\/\"},\"sameAs\":[\"https:\\\/\\\/www.facebook.com\\\/DiarioDigitaFemenino\\\/\",\"https:\\\/\\\/x.com\\\/DiarioFemenino1\"]},{\"@type\":\"Person\",\"@id\":\"https:\\\/\\\/diariofemenino.com.ar\\\/df\\\/#\\\/schema\\\/person\\\/38f54b3bfd13f561de2460ba95c169c6\",\"name\":\"Admin\",\"image\":{\"@type\":\"ImageObject\",\"inLanguage\":\"es\",\"@id\":\"https:\\\/\\\/diariofemenino.com.ar\\\/df\\\/wp-content\\\/uploads\\\/2018\\\/12\\\/favicon-150x150.jpg\",\"url\":\"https:\\\/\\\/diariofemenino.com.ar\\\/df\\\/wp-content\\\/uploads\\\/2018\\\/12\\\/favicon-150x150.jpg\",\"contentUrl\":\"https:\\\/\\\/diariofemenino.com.ar\\\/df\\\/wp-content\\\/uploads\\\/2018\\\/12\\\/favicon-150x150.jpg\",\"caption\":\"Admin\"},\"url\":\"https:\\\/\\\/diariofemenino.com.ar\\\/df\\\/author\\\/adm18df\\\/\"}]}<\/script>\n<!-- \/ Yoast SEO plugin. -->","yoast_head_json":{"title":"Cintas negras contra la violencia machista - Diario Digital Femenino","robots":{"index":"index","follow":"follow","max-snippet":"max-snippet:-1","max-image-preview":"max-image-preview:large","max-video-preview":"max-video-preview:-1"},"canonical":"https:\/\/diariofemenino.com.ar\/df\/cintas-negras-contra-la-violencia-machista\/","og_locale":"es_ES","og_type":"article","og_title":"Cintas negras contra la violencia machista - Diario Digital Femenino","og_description":"Por Mariana Carbajal Colectivo Ni Una Menos lanz\u00f3 una campa\u00f1a invitando a las mujeres a colgar desde el pr\u00f3ximo viernes 23 de diciembre una cinta o tela negra de la puerta de su casa, el balc\u00f3n, la bici o el auto o donde crean que es visible para otras. Y tambi\u00e9n a ponerse una cinta [&hellip;]","og_url":"https:\/\/diariofemenino.com.ar\/df\/cintas-negras-contra-la-violencia-machista\/","og_site_name":"Diario Digital Femenino","article_publisher":"https:\/\/www.facebook.com\/DiarioDigitaFemenino\/","article_published_time":"2016-12-22T12:11:36+00:00","og_image":[{"width":406,"height":377,"url":"https:\/\/diariofemenino.com.ar\/df\/wp-content\/uploads\/2016\/12\/cinta-negra-de-luto-imagenes.jpg","type":"image\/jpeg"}],"author":"Admin","twitter_card":"summary_large_image","twitter_creator":"@DiarioFemenino1","twitter_site":"@DiarioFemenino1","twitter_misc":{"Escrito por":"Admin","Tiempo de lectura":"2 minutos"},"schema":{"@context":"https:\/\/schema.org","@graph":[{"@type":"Article","@id":"https:\/\/diariofemenino.com.ar\/df\/cintas-negras-contra-la-violencia-machista\/#article","isPartOf":{"@id":"https:\/\/diariofemenino.com.ar\/df\/cintas-negras-contra-la-violencia-machista\/"},"author":{"name":"Admin","@id":"https:\/\/diariofemenino.com.ar\/df\/#\/schema\/person\/38f54b3bfd13f561de2460ba95c169c6"},"headline":"Cintas negras contra la violencia machista","datePublished":"2016-12-22T12:11:36+00:00","mainEntityOfPage":{"@id":"https:\/\/diariofemenino.com.ar\/df\/cintas-negras-contra-la-violencia-machista\/"},"wordCount":463,"commentCount":0,"publisher":{"@id":"https:\/\/diariofemenino.com.ar\/df\/#organization"},"image":{"@id":"https:\/\/diariofemenino.com.ar\/df\/cintas-negras-contra-la-violencia-machista\/#primaryimage"},"thumbnailUrl":"https:\/\/diariofemenino.com.ar\/df\/wp-content\/uploads\/2016\/12\/cinta-negra-de-luto-imagenes.jpg","keywords":["#VivasNosQueremos","Derechos de las mujeres","Derechos Humanos","Justicia","Pol\u00edticas p\u00fablicas"],"articleSection":["De ESI S\u00ed Se Habla","Historias de vida"],"inLanguage":"es","potentialAction":[{"@type":"CommentAction","name":"Comment","target":["https:\/\/diariofemenino.com.ar\/df\/cintas-negras-contra-la-violencia-machista\/#respond"]}]},{"@type":"WebPage","@id":"https:\/\/diariofemenino.com.ar\/df\/cintas-negras-contra-la-violencia-machista\/","url":"https:\/\/diariofemenino.com.ar\/df\/cintas-negras-contra-la-violencia-machista\/","name":"Cintas negras contra la violencia machista - Diario Digital Femenino","isPartOf":{"@id":"https:\/\/diariofemenino.com.ar\/df\/#website"},"primaryImageOfPage":{"@id":"https:\/\/diariofemenino.com.ar\/df\/cintas-negras-contra-la-violencia-machista\/#primaryimage"},"image":{"@id":"https:\/\/diariofemenino.com.ar\/df\/cintas-negras-contra-la-violencia-machista\/#primaryimage"},"thumbnailUrl":"https:\/\/diariofemenino.com.ar\/df\/wp-content\/uploads\/2016\/12\/cinta-negra-de-luto-imagenes.jpg","datePublished":"2016-12-22T12:11:36+00:00","breadcrumb":{"@id":"https:\/\/diariofemenino.com.ar\/df\/cintas-negras-contra-la-violencia-machista\/#breadcrumb"},"inLanguage":"es","potentialAction":[{"@type":"ReadAction","target":["https:\/\/diariofemenino.com.ar\/df\/cintas-negras-contra-la-violencia-machista\/"]}]},{"@type":"ImageObject","inLanguage":"es","@id":"https:\/\/diariofemenino.com.ar\/df\/cintas-negras-contra-la-violencia-machista\/#primaryimage","url":"https:\/\/diariofemenino.com.ar\/df\/wp-content\/uploads\/2016\/12\/cinta-negra-de-luto-imagenes.jpg","contentUrl":"https:\/\/diariofemenino.com.ar\/df\/wp-content\/uploads\/2016\/12\/cinta-negra-de-luto-imagenes.jpg","width":406,"height":377},{"@type":"BreadcrumbList","@id":"https:\/\/diariofemenino.com.ar\/df\/cintas-negras-contra-la-violencia-machista\/#breadcrumb","itemListElement":[{"@type":"ListItem","position":1,"name":"Portada","item":"https:\/\/diariofemenino.com.ar\/df\/"},{"@type":"ListItem","position":2,"name":"Cintas negras contra la violencia machista"}]},{"@type":"WebSite","@id":"https:\/\/diariofemenino.com.ar\/df\/#website","url":"https:\/\/diariofemenino.com.ar\/df\/","name":"Diario Digital Femenino","description":"Cuesti\u00f3n de G\u00e9nero","publisher":{"@id":"https:\/\/diariofemenino.com.ar\/df\/#organization"},"potentialAction":[{"@type":"SearchAction","target":{"@type":"EntryPoint","urlTemplate":"https:\/\/diariofemenino.com.ar\/df\/?s={search_term_string}"},"query-input":{"@type":"PropertyValueSpecification","valueRequired":true,"valueName":"search_term_string"}}],"inLanguage":"es"},{"@type":"Organization","@id":"https:\/\/diariofemenino.com.ar\/df\/#organization","name":"Diario Femenino","url":"https:\/\/diariofemenino.com.ar\/df\/","logo":{"@type":"ImageObject","inLanguage":"es","@id":"https:\/\/diariofemenino.com.ar\/df\/#\/schema\/logo\/image\/","url":"https:\/\/diariofemenino.com.ar\/df\/wp-content\/uploads\/2018\/10\/logo.png","contentUrl":"https:\/\/diariofemenino.com.ar\/df\/wp-content\/uploads\/2018\/10\/logo.png","width":500,"height":92,"caption":"Diario Femenino"},"image":{"@id":"https:\/\/diariofemenino.com.ar\/df\/#\/schema\/logo\/image\/"},"sameAs":["https:\/\/www.facebook.com\/DiarioDigitaFemenino\/","https:\/\/x.com\/DiarioFemenino1"]},{"@type":"Person","@id":"https:\/\/diariofemenino.com.ar\/df\/#\/schema\/person\/38f54b3bfd13f561de2460ba95c169c6","name":"Admin","image":{"@type":"ImageObject","inLanguage":"es","@id":"https:\/\/diariofemenino.com.ar\/df\/wp-content\/uploads\/2018\/12\/favicon-150x150.jpg","url":"https:\/\/diariofemenino.com.ar\/df\/wp-content\/uploads\/2018\/12\/favicon-150x150.jpg","contentUrl":"https:\/\/diariofemenino.com.ar\/df\/wp-content\/uploads\/2018\/12\/favicon-150x150.jpg","caption":"Admin"},"url":"https:\/\/diariofemenino.com.ar\/df\/author\/adm18df\/"}]}},"jetpack_featured_media_url":"https:\/\/diariofemenino.com.ar\/df\/wp-content\/uploads\/2016\/12\/cinta-negra-de-luto-imagenes.jpg","jetpack_sharing_enabled":true,"rttpg_featured_image_url":{"full":["https:\/\/diariofemenino.com.ar\/df\/wp-content\/uploads\/2016\/12\/cinta-negra-de-luto-imagenes.jpg",406,377,false],"landscape":["https:\/\/diariofemenino.com.ar\/df\/wp-content\/uploads\/2016\/12\/cinta-negra-de-luto-imagenes.jpg",406,377,false],"portraits":["https:\/\/diariofemenino.com.ar\/df\/wp-content\/uploads\/2016\/12\/cinta-negra-de-luto-imagenes.jpg",406,377,false],"thumbnail":["https:\/\/diariofemenino.com.ar\/df\/wp-content\/uploads\/2016\/12\/cinta-negra-de-luto-imagenes-150x150.jpg",150,150,true],"medium":["https:\/\/diariofemenino.com.ar\/df\/wp-content\/uploads\/2016\/12\/cinta-negra-de-luto-imagenes-300x279.jpg",300,279,true],"large":["https:\/\/diariofemenino.com.ar\/df\/wp-content\/uploads\/2016\/12\/cinta-negra-de-luto-imagenes.jpg",406,377,false],"1536x1536":["https:\/\/diariofemenino.com.ar\/df\/wp-content\/uploads\/2016\/12\/cinta-negra-de-luto-imagenes.jpg",406,377,false],"2048x2048":["https:\/\/diariofemenino.com.ar\/df\/wp-content\/uploads\/2016\/12\/cinta-negra-de-luto-imagenes.jpg",406,377,false]},"rttpg_author":{"display_name":"Admin","author_link":"https:\/\/diariofemenino.com.ar\/df\/author\/adm18df\/"},"rttpg_comment":0,"rttpg_category":"<a href=\"https:\/\/diariofemenino.com.ar\/df\/category\/de-esi-si-se-habla\/\" rel=\"category tag\">De ESI S\u00ed Se Habla<\/a> <a href=\"https:\/\/diariofemenino.com.ar\/df\/category\/historias-de-vida\/\" rel=\"category tag\">Historias de vida<\/a>","rttpg_excerpt":"Por Mariana Carbajal Colectivo Ni Una Menos lanz\u00f3 una campa\u00f1a invitando a las mujeres a colgar desde el pr\u00f3ximo viernes 23 de diciembre una cinta o tela negra de la puerta de su casa, el balc\u00f3n, la bici o el auto o donde crean que es visible para otras. Y tambi\u00e9n a ponerse una cinta&hellip;","_links":{"self":[{"href":"https:\/\/diariofemenino.com.ar\/df\/wp-json\/wp\/v2\/posts\/26119","targetHints":{"allow":["GET"]}}],"collection":[{"href":"https:\/\/diariofemenino.com.ar\/df\/wp-json\/wp\/v2\/posts"}],"about":[{"href":"https:\/\/diariofemenino.com.ar\/df\/wp-json\/wp\/v2\/types\/post"}],"author":[{"embeddable":true,"href":"https:\/\/diariofemenino.com.ar\/df\/wp-json\/wp\/v2\/users\/1"}],"replies":[{"embeddable":true,"href":"https:\/\/diariofemenino.com.ar\/df\/wp-json\/wp\/v2\/comments?post=26119"}],"version-history":[{"count":0,"href":"https:\/\/diariofemenino.com.ar\/df\/wp-json\/wp\/v2\/posts\/26119\/revisions"}],"wp:featuredmedia":[{"embeddable":true,"href":"https:\/\/diariofemenino.com.ar\/df\/wp-json\/wp\/v2\/media\/26120"}],"wp:attachment":[{"href":"https:\/\/diariofemenino.com.ar\/df\/wp-json\/wp\/v2\/media?parent=26119"}],"wp:term":[{"taxonomy":"category","embeddable":true,"href":"https:\/\/diariofemenino.com.ar\/df\/wp-json\/wp\/v2\/categories?post=26119"},{"taxonomy":"post_tag","embeddable":true,"href":"https:\/\/diariofemenino.com.ar\/df\/wp-json\/wp\/v2\/tags?post=26119"}],"curies":[{"name":"wp","href":"https:\/\/api.w.org\/{rel}","templated":true}]}}