{"id":26099,"date":"2016-12-19T10:31:45","date_gmt":"2016-12-19T13:31:45","guid":{"rendered":"http:\/\/diariofemenino.com.ar\/v2\/?p=26099"},"modified":"2022-06-08T19:40:41","modified_gmt":"2022-06-08T22:40:41","slug":"tanto-cuesta-entender-que-los-hombres-no-sufren-violencia-de-genero","status":"publish","type":"post","link":"https:\/\/diariofemenino.com.ar\/df\/tanto-cuesta-entender-que-los-hombres-no-sufren-violencia-de-genero\/","title":{"rendered":"\u00bfTanto cuesta entender que los hombres NO sufren violencia de g\u00e9nero?"},"content":{"rendered":"<p>Por <strong>Enrique Stola*<br \/>\n<\/strong><br \/>\nEs muy claro que las organizaciones machistas, al servicio de la dominaci\u00f3n masculina, quieren instalar la creencia de que <strong><em>\u201cellos tambi\u00e9n\u201d<\/em><\/strong> sufren violencia de g\u00e9nero.<\/p>\n<p>\u00bfHay hombres que sufren violencia? SI.<br \/>\n\u00bfHay mujeres violentas? SI. \u00bfY cu\u00e1l es la novedad?.<\/p>\n<p>Las mujeres pertenecen al g\u00e9nero humano por lo que tienen todos los atributos del <strong><em>ser humano<\/em><\/strong>. Lo que ellas no tienen en ninguna parte del mundo es un sistema socio-econ\u00f3mico-cultural que privilegie la figura femenina por sobre la masculina. Solo existen sociedades patriarcales en donde las mujeres y otros cuerpos feminizados est\u00e1n en una posici\u00f3n de subordinaci\u00f3n respecto de los varones y, por lo tanto, las violencias machistas simb\u00f3lica, psicol\u00f3gica, f\u00edsica, econ\u00f3mica, etc., que se ejercen contra ellas tienen aval social: <strong>eso es la violencia de g\u00e9nero, violencia machista al servicio de disciplinar a las mujeres y mantenerlas en situaci\u00f3n de subordinaci\u00f3n<\/strong>.<\/p>\n<p>La violencia que ejerce una mujer contra un var\u00f3n, de acuerdo a su intensidad y da\u00f1o,<strong> est\u00e1 tipificada en el c\u00f3digo penal, pero no es violencia de g\u00e9nero.<\/strong><\/p>\n<p>*Feminista. M\u00e9dico Psiquiatra. Psicodramatista<\/p>\n","protected":false},"excerpt":{"rendered":"<p>Por Enrique Stola* Es muy claro que las organizaciones machistas, al servicio de la dominaci\u00f3n masculina, quieren instalar la creencia de que \u201cellos tambi\u00e9n\u201d sufren violencia de g\u00e9nero. \u00bfHay hombres que sufren violencia? SI. \u00bfHay mujeres violentas? SI. \u00bfY cu\u00e1l es la novedad?. Las mujeres pertenecen al g\u00e9nero humano por lo que tienen todos los [&hellip;]<\/p>\n","protected":false},"author":1,"featured_media":25739,"comment_status":"open","ping_status":"open","sticky":false,"template":"","format":"standard","meta":{"iawp_total_views":127,"footnotes":""},"categories":[9,6],"tags":[141,34,16],"class_list":["post-26099","post","type-post","status-publish","format-standard","has-post-thumbnail","hentry","category-de-esi-si-se-habla","category-articulos","tag-vivasnosqueremos","tag-machismo","tag-violencia-de-genero"],"nelio_content":{"autoShareEndMode":"never","automationSources":{"useCustomSentences":false,"customSentences":[]},"efiAlt":"","efiUrl":"","followers":[4,1],"highlights":[],"isAutoShareEnabled":true,"networkImageIds":[],"permalinkQueryArgs":[],"series":[],"suggestedReferences":[]},"yoast_head":"<!-- This site is optimized with the Yoast SEO plugin v27.5 - https:\/\/yoast.com\/product\/yoast-seo-wordpress\/ -->\n<title>\u00bfTanto cuesta entender que los hombres NO sufren violencia de g\u00e9nero? - Diario Digital Femenino<\/title>\n<meta name=\"robots\" content=\"index, follow, max-snippet:-1, max-image-preview:large, max-video-preview:-1\" \/>\n<link rel=\"canonical\" href=\"https:\/\/diariofemenino.com.ar\/df\/tanto-cuesta-entender-que-los-hombres-no-sufren-violencia-de-genero\/\" \/>\n<meta property=\"og:locale\" content=\"es_ES\" \/>\n<meta property=\"og:type\" content=\"article\" \/>\n<meta property=\"og:title\" content=\"\u00bfTanto cuesta entender que los hombres NO sufren violencia de g\u00e9nero? - Diario Digital Femenino\" \/>\n<meta property=\"og:description\" content=\"Por Enrique Stola* Es muy claro que las organizaciones machistas, al servicio de la dominaci\u00f3n masculina, quieren instalar la creencia de que \u201cellos tambi\u00e9n\u201d sufren violencia de g\u00e9nero. \u00bfHay hombres que sufren violencia? SI. \u00bfHay mujeres violentas? SI. \u00bfY cu\u00e1l es la novedad?. Las mujeres pertenecen al g\u00e9nero humano por lo que tienen todos los [&hellip;]\" \/>\n<meta property=\"og:url\" content=\"https:\/\/diariofemenino.com.ar\/df\/tanto-cuesta-entender-que-los-hombres-no-sufren-violencia-de-genero\/\" \/>\n<meta property=\"og:site_name\" content=\"Diario Digital Femenino\" \/>\n<meta property=\"article:publisher\" content=\"https:\/\/www.facebook.com\/DiarioDigitaFemenino\/\" \/>\n<meta property=\"article:published_time\" content=\"2016-12-19T13:31:45+00:00\" \/>\n<meta property=\"article:modified_time\" content=\"2022-06-08T22:40:41+00:00\" \/>\n<meta property=\"og:image\" content=\"https:\/\/diariofemenino.com.ar\/df\/wp-content\/uploads\/2016\/11\/oe0eeEg-_400x400-1.jpeg\" \/>\n\t<meta property=\"og:image:width\" content=\"400\" \/>\n\t<meta property=\"og:image:height\" content=\"400\" \/>\n\t<meta property=\"og:image:type\" content=\"image\/jpeg\" \/>\n<meta name=\"author\" content=\"Admin\" \/>\n<meta name=\"twitter:card\" content=\"summary_large_image\" \/>\n<meta name=\"twitter:creator\" content=\"@DiarioFemenino1\" \/>\n<meta name=\"twitter:site\" content=\"@DiarioFemenino1\" \/>\n<meta name=\"twitter:label1\" content=\"Escrito por\" \/>\n\t<meta name=\"twitter:data1\" content=\"Admin\" \/>\n\t<meta name=\"twitter:label2\" content=\"Tiempo de lectura\" \/>\n\t<meta name=\"twitter:data2\" content=\"1 minuto\" \/>\n<script type=\"application\/ld+json\" class=\"yoast-schema-graph\">{\"@context\":\"https:\\\/\\\/schema.org\",\"@graph\":[{\"@type\":\"Article\",\"@id\":\"https:\\\/\\\/diariofemenino.com.ar\\\/df\\\/tanto-cuesta-entender-que-los-hombres-no-sufren-violencia-de-genero\\\/#article\",\"isPartOf\":{\"@id\":\"https:\\\/\\\/diariofemenino.com.ar\\\/df\\\/tanto-cuesta-entender-que-los-hombres-no-sufren-violencia-de-genero\\\/\"},\"author\":{\"name\":\"Admin\",\"@id\":\"https:\\\/\\\/diariofemenino.com.ar\\\/df\\\/#\\\/schema\\\/person\\\/38f54b3bfd13f561de2460ba95c169c6\"},\"headline\":\"\u00bfTanto cuesta entender que los hombres NO sufren violencia de g\u00e9nero?\",\"datePublished\":\"2016-12-19T13:31:45+00:00\",\"dateModified\":\"2022-06-08T22:40:41+00:00\",\"mainEntityOfPage\":{\"@id\":\"https:\\\/\\\/diariofemenino.com.ar\\\/df\\\/tanto-cuesta-entender-que-los-hombres-no-sufren-violencia-de-genero\\\/\"},\"wordCount\":210,\"commentCount\":76,\"publisher\":{\"@id\":\"https:\\\/\\\/diariofemenino.com.ar\\\/df\\\/#organization\"},\"image\":{\"@id\":\"https:\\\/\\\/diariofemenino.com.ar\\\/df\\\/tanto-cuesta-entender-que-los-hombres-no-sufren-violencia-de-genero\\\/#primaryimage\"},\"thumbnailUrl\":\"https:\\\/\\\/diariofemenino.com.ar\\\/df\\\/wp-content\\\/uploads\\\/2016\\\/11\\\/oe0eeEg-_400x400-1.jpeg\",\"keywords\":[\"#VivasNosQueremos\",\"Machismo\",\"Violencia de g\u00e9nero\"],\"articleSection\":[\"De ESI S\u00ed Se Habla\",\"Mujeres en Palabras\"],\"inLanguage\":\"es\",\"potentialAction\":[{\"@type\":\"CommentAction\",\"name\":\"Comment\",\"target\":[\"https:\\\/\\\/diariofemenino.com.ar\\\/df\\\/tanto-cuesta-entender-que-los-hombres-no-sufren-violencia-de-genero\\\/#respond\"]}]},{\"@type\":\"WebPage\",\"@id\":\"https:\\\/\\\/diariofemenino.com.ar\\\/df\\\/tanto-cuesta-entender-que-los-hombres-no-sufren-violencia-de-genero\\\/\",\"url\":\"https:\\\/\\\/diariofemenino.com.ar\\\/df\\\/tanto-cuesta-entender-que-los-hombres-no-sufren-violencia-de-genero\\\/\",\"name\":\"\u00bfTanto cuesta entender que los hombres NO sufren violencia de g\u00e9nero? - Diario Digital Femenino\",\"isPartOf\":{\"@id\":\"https:\\\/\\\/diariofemenino.com.ar\\\/df\\\/#website\"},\"primaryImageOfPage\":{\"@id\":\"https:\\\/\\\/diariofemenino.com.ar\\\/df\\\/tanto-cuesta-entender-que-los-hombres-no-sufren-violencia-de-genero\\\/#primaryimage\"},\"image\":{\"@id\":\"https:\\\/\\\/diariofemenino.com.ar\\\/df\\\/tanto-cuesta-entender-que-los-hombres-no-sufren-violencia-de-genero\\\/#primaryimage\"},\"thumbnailUrl\":\"https:\\\/\\\/diariofemenino.com.ar\\\/df\\\/wp-content\\\/uploads\\\/2016\\\/11\\\/oe0eeEg-_400x400-1.jpeg\",\"datePublished\":\"2016-12-19T13:31:45+00:00\",\"dateModified\":\"2022-06-08T22:40:41+00:00\",\"breadcrumb\":{\"@id\":\"https:\\\/\\\/diariofemenino.com.ar\\\/df\\\/tanto-cuesta-entender-que-los-hombres-no-sufren-violencia-de-genero\\\/#breadcrumb\"},\"inLanguage\":\"es\",\"potentialAction\":[{\"@type\":\"ReadAction\",\"target\":[\"https:\\\/\\\/diariofemenino.com.ar\\\/df\\\/tanto-cuesta-entender-que-los-hombres-no-sufren-violencia-de-genero\\\/\"]}]},{\"@type\":\"ImageObject\",\"inLanguage\":\"es\",\"@id\":\"https:\\\/\\\/diariofemenino.com.ar\\\/df\\\/tanto-cuesta-entender-que-los-hombres-no-sufren-violencia-de-genero\\\/#primaryimage\",\"url\":\"https:\\\/\\\/diariofemenino.com.ar\\\/df\\\/wp-content\\\/uploads\\\/2016\\\/11\\\/oe0eeEg-_400x400-1.jpeg\",\"contentUrl\":\"https:\\\/\\\/diariofemenino.com.ar\\\/df\\\/wp-content\\\/uploads\\\/2016\\\/11\\\/oe0eeEg-_400x400-1.jpeg\",\"width\":400,\"height\":400},{\"@type\":\"BreadcrumbList\",\"@id\":\"https:\\\/\\\/diariofemenino.com.ar\\\/df\\\/tanto-cuesta-entender-que-los-hombres-no-sufren-violencia-de-genero\\\/#breadcrumb\",\"itemListElement\":[{\"@type\":\"ListItem\",\"position\":1,\"name\":\"Portada\",\"item\":\"https:\\\/\\\/diariofemenino.com.ar\\\/df\\\/\"},{\"@type\":\"ListItem\",\"position\":2,\"name\":\"\u00bfTanto cuesta entender que los hombres NO sufren violencia de g\u00e9nero?\"}]},{\"@type\":\"WebSite\",\"@id\":\"https:\\\/\\\/diariofemenino.com.ar\\\/df\\\/#website\",\"url\":\"https:\\\/\\\/diariofemenino.com.ar\\\/df\\\/\",\"name\":\"Diario Digital Femenino\",\"description\":\"Cuesti\u00f3n de G\u00e9nero\",\"publisher\":{\"@id\":\"https:\\\/\\\/diariofemenino.com.ar\\\/df\\\/#organization\"},\"potentialAction\":[{\"@type\":\"SearchAction\",\"target\":{\"@type\":\"EntryPoint\",\"urlTemplate\":\"https:\\\/\\\/diariofemenino.com.ar\\\/df\\\/?s={search_term_string}\"},\"query-input\":{\"@type\":\"PropertyValueSpecification\",\"valueRequired\":true,\"valueName\":\"search_term_string\"}}],\"inLanguage\":\"es\"},{\"@type\":\"Organization\",\"@id\":\"https:\\\/\\\/diariofemenino.com.ar\\\/df\\\/#organization\",\"name\":\"Diario Femenino\",\"url\":\"https:\\\/\\\/diariofemenino.com.ar\\\/df\\\/\",\"logo\":{\"@type\":\"ImageObject\",\"inLanguage\":\"es\",\"@id\":\"https:\\\/\\\/diariofemenino.com.ar\\\/df\\\/#\\\/schema\\\/logo\\\/image\\\/\",\"url\":\"https:\\\/\\\/diariofemenino.com.ar\\\/df\\\/wp-content\\\/uploads\\\/2018\\\/10\\\/logo.png\",\"contentUrl\":\"https:\\\/\\\/diariofemenino.com.ar\\\/df\\\/wp-content\\\/uploads\\\/2018\\\/10\\\/logo.png\",\"width\":500,\"height\":92,\"caption\":\"Diario Femenino\"},\"image\":{\"@id\":\"https:\\\/\\\/diariofemenino.com.ar\\\/df\\\/#\\\/schema\\\/logo\\\/image\\\/\"},\"sameAs\":[\"https:\\\/\\\/www.facebook.com\\\/DiarioDigitaFemenino\\\/\",\"https:\\\/\\\/x.com\\\/DiarioFemenino1\"]},{\"@type\":\"Person\",\"@id\":\"https:\\\/\\\/diariofemenino.com.ar\\\/df\\\/#\\\/schema\\\/person\\\/38f54b3bfd13f561de2460ba95c169c6\",\"name\":\"Admin\",\"image\":{\"@type\":\"ImageObject\",\"inLanguage\":\"es\",\"@id\":\"https:\\\/\\\/diariofemenino.com.ar\\\/df\\\/wp-content\\\/uploads\\\/2018\\\/12\\\/favicon-150x150.jpg\",\"url\":\"https:\\\/\\\/diariofemenino.com.ar\\\/df\\\/wp-content\\\/uploads\\\/2018\\\/12\\\/favicon-150x150.jpg\",\"contentUrl\":\"https:\\\/\\\/diariofemenino.com.ar\\\/df\\\/wp-content\\\/uploads\\\/2018\\\/12\\\/favicon-150x150.jpg\",\"caption\":\"Admin\"},\"url\":\"https:\\\/\\\/diariofemenino.com.ar\\\/df\\\/author\\\/adm18df\\\/\"}]}<\/script>\n<!-- \/ Yoast SEO plugin. -->","yoast_head_json":{"title":"\u00bfTanto cuesta entender que los hombres NO sufren violencia de g\u00e9nero? - Diario Digital Femenino","robots":{"index":"index","follow":"follow","max-snippet":"max-snippet:-1","max-image-preview":"max-image-preview:large","max-video-preview":"max-video-preview:-1"},"canonical":"https:\/\/diariofemenino.com.ar\/df\/tanto-cuesta-entender-que-los-hombres-no-sufren-violencia-de-genero\/","og_locale":"es_ES","og_type":"article","og_title":"\u00bfTanto cuesta entender que los hombres NO sufren violencia de g\u00e9nero? - Diario Digital Femenino","og_description":"Por Enrique Stola* Es muy claro que las organizaciones machistas, al servicio de la dominaci\u00f3n masculina, quieren instalar la creencia de que \u201cellos tambi\u00e9n\u201d sufren violencia de g\u00e9nero. \u00bfHay hombres que sufren violencia? SI. \u00bfHay mujeres violentas? SI. \u00bfY cu\u00e1l es la novedad?. Las mujeres pertenecen al g\u00e9nero humano por lo que tienen todos los [&hellip;]","og_url":"https:\/\/diariofemenino.com.ar\/df\/tanto-cuesta-entender-que-los-hombres-no-sufren-violencia-de-genero\/","og_site_name":"Diario Digital Femenino","article_publisher":"https:\/\/www.facebook.com\/DiarioDigitaFemenino\/","article_published_time":"2016-12-19T13:31:45+00:00","article_modified_time":"2022-06-08T22:40:41+00:00","og_image":[{"width":400,"height":400,"url":"https:\/\/diariofemenino.com.ar\/df\/wp-content\/uploads\/2016\/11\/oe0eeEg-_400x400-1.jpeg","type":"image\/jpeg"}],"author":"Admin","twitter_card":"summary_large_image","twitter_creator":"@DiarioFemenino1","twitter_site":"@DiarioFemenino1","twitter_misc":{"Escrito por":"Admin","Tiempo de lectura":"1 minuto"},"schema":{"@context":"https:\/\/schema.org","@graph":[{"@type":"Article","@id":"https:\/\/diariofemenino.com.ar\/df\/tanto-cuesta-entender-que-los-hombres-no-sufren-violencia-de-genero\/#article","isPartOf":{"@id":"https:\/\/diariofemenino.com.ar\/df\/tanto-cuesta-entender-que-los-hombres-no-sufren-violencia-de-genero\/"},"author":{"name":"Admin","@id":"https:\/\/diariofemenino.com.ar\/df\/#\/schema\/person\/38f54b3bfd13f561de2460ba95c169c6"},"headline":"\u00bfTanto cuesta entender que los hombres NO sufren violencia de g\u00e9nero?","datePublished":"2016-12-19T13:31:45+00:00","dateModified":"2022-06-08T22:40:41+00:00","mainEntityOfPage":{"@id":"https:\/\/diariofemenino.com.ar\/df\/tanto-cuesta-entender-que-los-hombres-no-sufren-violencia-de-genero\/"},"wordCount":210,"commentCount":76,"publisher":{"@id":"https:\/\/diariofemenino.com.ar\/df\/#organization"},"image":{"@id":"https:\/\/diariofemenino.com.ar\/df\/tanto-cuesta-entender-que-los-hombres-no-sufren-violencia-de-genero\/#primaryimage"},"thumbnailUrl":"https:\/\/diariofemenino.com.ar\/df\/wp-content\/uploads\/2016\/11\/oe0eeEg-_400x400-1.jpeg","keywords":["#VivasNosQueremos","Machismo","Violencia de g\u00e9nero"],"articleSection":["De ESI S\u00ed Se Habla","Mujeres en Palabras"],"inLanguage":"es","potentialAction":[{"@type":"CommentAction","name":"Comment","target":["https:\/\/diariofemenino.com.ar\/df\/tanto-cuesta-entender-que-los-hombres-no-sufren-violencia-de-genero\/#respond"]}]},{"@type":"WebPage","@id":"https:\/\/diariofemenino.com.ar\/df\/tanto-cuesta-entender-que-los-hombres-no-sufren-violencia-de-genero\/","url":"https:\/\/diariofemenino.com.ar\/df\/tanto-cuesta-entender-que-los-hombres-no-sufren-violencia-de-genero\/","name":"\u00bfTanto cuesta entender que los hombres NO sufren violencia de g\u00e9nero? - Diario Digital Femenino","isPartOf":{"@id":"https:\/\/diariofemenino.com.ar\/df\/#website"},"primaryImageOfPage":{"@id":"https:\/\/diariofemenino.com.ar\/df\/tanto-cuesta-entender-que-los-hombres-no-sufren-violencia-de-genero\/#primaryimage"},"image":{"@id":"https:\/\/diariofemenino.com.ar\/df\/tanto-cuesta-entender-que-los-hombres-no-sufren-violencia-de-genero\/#primaryimage"},"thumbnailUrl":"https:\/\/diariofemenino.com.ar\/df\/wp-content\/uploads\/2016\/11\/oe0eeEg-_400x400-1.jpeg","datePublished":"2016-12-19T13:31:45+00:00","dateModified":"2022-06-08T22:40:41+00:00","breadcrumb":{"@id":"https:\/\/diariofemenino.com.ar\/df\/tanto-cuesta-entender-que-los-hombres-no-sufren-violencia-de-genero\/#breadcrumb"},"inLanguage":"es","potentialAction":[{"@type":"ReadAction","target":["https:\/\/diariofemenino.com.ar\/df\/tanto-cuesta-entender-que-los-hombres-no-sufren-violencia-de-genero\/"]}]},{"@type":"ImageObject","inLanguage":"es","@id":"https:\/\/diariofemenino.com.ar\/df\/tanto-cuesta-entender-que-los-hombres-no-sufren-violencia-de-genero\/#primaryimage","url":"https:\/\/diariofemenino.com.ar\/df\/wp-content\/uploads\/2016\/11\/oe0eeEg-_400x400-1.jpeg","contentUrl":"https:\/\/diariofemenino.com.ar\/df\/wp-content\/uploads\/2016\/11\/oe0eeEg-_400x400-1.jpeg","width":400,"height":400},{"@type":"BreadcrumbList","@id":"https:\/\/diariofemenino.com.ar\/df\/tanto-cuesta-entender-que-los-hombres-no-sufren-violencia-de-genero\/#breadcrumb","itemListElement":[{"@type":"ListItem","position":1,"name":"Portada","item":"https:\/\/diariofemenino.com.ar\/df\/"},{"@type":"ListItem","position":2,"name":"\u00bfTanto cuesta entender que los hombres NO sufren violencia de g\u00e9nero?"}]},{"@type":"WebSite","@id":"https:\/\/diariofemenino.com.ar\/df\/#website","url":"https:\/\/diariofemenino.com.ar\/df\/","name":"Diario Digital Femenino","description":"Cuesti\u00f3n de G\u00e9nero","publisher":{"@id":"https:\/\/diariofemenino.com.ar\/df\/#organization"},"potentialAction":[{"@type":"SearchAction","target":{"@type":"EntryPoint","urlTemplate":"https:\/\/diariofemenino.com.ar\/df\/?s={search_term_string}"},"query-input":{"@type":"PropertyValueSpecification","valueRequired":true,"valueName":"search_term_string"}}],"inLanguage":"es"},{"@type":"Organization","@id":"https:\/\/diariofemenino.com.ar\/df\/#organization","name":"Diario Femenino","url":"https:\/\/diariofemenino.com.ar\/df\/","logo":{"@type":"ImageObject","inLanguage":"es","@id":"https:\/\/diariofemenino.com.ar\/df\/#\/schema\/logo\/image\/","url":"https:\/\/diariofemenino.com.ar\/df\/wp-content\/uploads\/2018\/10\/logo.png","contentUrl":"https:\/\/diariofemenino.com.ar\/df\/wp-content\/uploads\/2018\/10\/logo.png","width":500,"height":92,"caption":"Diario Femenino"},"image":{"@id":"https:\/\/diariofemenino.com.ar\/df\/#\/schema\/logo\/image\/"},"sameAs":["https:\/\/www.facebook.com\/DiarioDigitaFemenino\/","https:\/\/x.com\/DiarioFemenino1"]},{"@type":"Person","@id":"https:\/\/diariofemenino.com.ar\/df\/#\/schema\/person\/38f54b3bfd13f561de2460ba95c169c6","name":"Admin","image":{"@type":"ImageObject","inLanguage":"es","@id":"https:\/\/diariofemenino.com.ar\/df\/wp-content\/uploads\/2018\/12\/favicon-150x150.jpg","url":"https:\/\/diariofemenino.com.ar\/df\/wp-content\/uploads\/2018\/12\/favicon-150x150.jpg","contentUrl":"https:\/\/diariofemenino.com.ar\/df\/wp-content\/uploads\/2018\/12\/favicon-150x150.jpg","caption":"Admin"},"url":"https:\/\/diariofemenino.com.ar\/df\/author\/adm18df\/"}]}},"jetpack_featured_media_url":"https:\/\/diariofemenino.com.ar\/df\/wp-content\/uploads\/2016\/11\/oe0eeEg-_400x400-1.jpeg","jetpack_sharing_enabled":true,"rttpg_featured_image_url":{"full":["https:\/\/diariofemenino.com.ar\/df\/wp-content\/uploads\/2016\/11\/oe0eeEg-_400x400-1.jpeg",400,400,false],"landscape":["https:\/\/diariofemenino.com.ar\/df\/wp-content\/uploads\/2016\/11\/oe0eeEg-_400x400-1.jpeg",400,400,false],"portraits":["https:\/\/diariofemenino.com.ar\/df\/wp-content\/uploads\/2016\/11\/oe0eeEg-_400x400-1.jpeg",400,400,false],"thumbnail":["https:\/\/diariofemenino.com.ar\/df\/wp-content\/uploads\/2016\/11\/oe0eeEg-_400x400-1-150x150.jpeg",150,150,true],"medium":["https:\/\/diariofemenino.com.ar\/df\/wp-content\/uploads\/2016\/11\/oe0eeEg-_400x400-1-300x300.jpeg",300,300,true],"large":["https:\/\/diariofemenino.com.ar\/df\/wp-content\/uploads\/2016\/11\/oe0eeEg-_400x400-1.jpeg",400,400,false],"1536x1536":["https:\/\/diariofemenino.com.ar\/df\/wp-content\/uploads\/2016\/11\/oe0eeEg-_400x400-1.jpeg",400,400,false],"2048x2048":["https:\/\/diariofemenino.com.ar\/df\/wp-content\/uploads\/2016\/11\/oe0eeEg-_400x400-1.jpeg",400,400,false]},"rttpg_author":{"display_name":"Admin","author_link":"https:\/\/diariofemenino.com.ar\/df\/author\/adm18df\/"},"rttpg_comment":76,"rttpg_category":"<a href=\"https:\/\/diariofemenino.com.ar\/df\/category\/de-esi-si-se-habla\/\" rel=\"category tag\">De ESI S\u00ed Se Habla<\/a> <a href=\"https:\/\/diariofemenino.com.ar\/df\/category\/articulos\/\" rel=\"category tag\">Mujeres en Palabras<\/a>","rttpg_excerpt":"Por Enrique Stola* Es muy claro que las organizaciones machistas, al servicio de la dominaci\u00f3n masculina, quieren instalar la creencia de que \u201cellos tambi\u00e9n\u201d sufren violencia de g\u00e9nero. \u00bfHay hombres que sufren violencia? SI. \u00bfHay mujeres violentas? SI. \u00bfY cu\u00e1l es la novedad?. Las mujeres pertenecen al g\u00e9nero humano por lo que tienen todos los&hellip;","_links":{"self":[{"href":"https:\/\/diariofemenino.com.ar\/df\/wp-json\/wp\/v2\/posts\/26099","targetHints":{"allow":["GET"]}}],"collection":[{"href":"https:\/\/diariofemenino.com.ar\/df\/wp-json\/wp\/v2\/posts"}],"about":[{"href":"https:\/\/diariofemenino.com.ar\/df\/wp-json\/wp\/v2\/types\/post"}],"author":[{"embeddable":true,"href":"https:\/\/diariofemenino.com.ar\/df\/wp-json\/wp\/v2\/users\/1"}],"replies":[{"embeddable":true,"href":"https:\/\/diariofemenino.com.ar\/df\/wp-json\/wp\/v2\/comments?post=26099"}],"version-history":[{"count":0,"href":"https:\/\/diariofemenino.com.ar\/df\/wp-json\/wp\/v2\/posts\/26099\/revisions"}],"wp:featuredmedia":[{"embeddable":true,"href":"https:\/\/diariofemenino.com.ar\/df\/wp-json\/wp\/v2\/media\/25739"}],"wp:attachment":[{"href":"https:\/\/diariofemenino.com.ar\/df\/wp-json\/wp\/v2\/media?parent=26099"}],"wp:term":[{"taxonomy":"category","embeddable":true,"href":"https:\/\/diariofemenino.com.ar\/df\/wp-json\/wp\/v2\/categories?post=26099"},{"taxonomy":"post_tag","embeddable":true,"href":"https:\/\/diariofemenino.com.ar\/df\/wp-json\/wp\/v2\/tags?post=26099"}],"curies":[{"name":"wp","href":"https:\/\/api.w.org\/{rel}","templated":true}]}}