{"id":2609,"date":"2012-07-23T23:06:30","date_gmt":"2012-07-24T02:06:30","guid":{"rendered":"http:\/\/www.diariofemenino.com.ar\/?p=2609"},"modified":"2012-07-23T23:06:30","modified_gmt":"2012-07-24T02:06:30","slug":"la-peor-solucion-a-un-crimen","status":"publish","type":"post","link":"https:\/\/diariofemenino.com.ar\/df\/la-peor-solucion-a-un-crimen\/","title":{"rendered":"La peor soluci\u00f3n a un crimen"},"content":{"rendered":"<p>&nbsp;<br \/>\n&nbsp;<br \/>\n<em>Lieni Itat\u00ed Pi\u00f1eiro, de 18 a\u00f1os, hab\u00eda sido violada y asesinada en Puerto Esperanza, Misiones, el 11 de julio. El viernes pasado detuvieron a un compa\u00f1ero de escuela. El adolescente apareci\u00f3 a las pocas horas colgado de una prenda en la celda.<\/em><br \/>\n23 de julio de 2012. La incapacidad de la polic\u00eda misionera para mantener seguro a un adolescente detenido por el crimen de una joven complet\u00f3 la escena: el chico apareci\u00f3 colgado en su celda a las pocas horas de su detenci\u00f3n. El adolescente, identificado como Hern\u00e1n C\u00e9spedes, hab\u00eda sido acusado por la Justicia por el crimen de la tambi\u00e9n adolescente Lieni Itat\u00ed Pi\u00f1eiro, en Puerto Esperanza, al norte de Misiones, y deb\u00eda declarar ante el juez.<br \/>\nEl caso conmovi\u00f3 a los pobladores de la localidad de Puerto Esperanza, distante a 275 kil\u00f3metros al norte de Posadas. Lieni \u201cTati\u201d Pi\u00f1eiro asist\u00eda al bachillerato polivalente de la localidad, en el turno nocturno, y hab\u00eda salido el mi\u00e9rcoles 11 a las 21.30 de la escuela hacia el barrio Esperanza II donde viv\u00eda. El pueblo es muy tranquilo y se conocen todos. El colegio tiene 403 alumnos con 10 divisiones. Esa noche, Lieni sali\u00f3 antes del horario junto con una amiga que tom\u00f3 otro camino m\u00e1s tarde. Lieni lo hizo por un camino oscuro que no utilizaba habitualmente.<br \/>\nLa joven fue hallada en un sector cubierto de vegetaci\u00f3n, con signos de haber sido violada y muerta con un cuchillo. Inmediatamente la comunidad comenz\u00f3 a organizar marchas y misas por el esclarecimiento del crimen. Durante la investigaci\u00f3n, fue citado como testigo o demorado al menos un centenar de personas. Dos j\u00f3venes, uno de ellos con rasgu\u00f1os en su cuello, fueron liberados luego de que demostraron que no estuvieron en el lugar. Uno de los elementos analizados por la Justicia fue la l\u00ednea telef\u00f3nica de Tati. Los investigadores trabajaron sobre medio centenar de llamadas entrantes o salientes registradas en la l\u00ednea, ya que el celular no hab\u00eda sido encontrado. Tambi\u00e9n se realizaron estudios de ADN sobre muestras halladas en el cuerpo de la joven.<br \/>\nEn cambio, las sospechas comenzaron a caer sobre Hern\u00e1n C\u00e9spedes luego de una filmaci\u00f3n de una c\u00e1mara de seguridad en la que se ve a Tati subida en una moto. Luego de mejorarse la imagen digitalmente, la polic\u00eda secuestr\u00f3 la moto de Hern\u00e1n. El joven cursaba con la chica en el mismo colegio. Y la amiga de Tati, que hab\u00eda salido con ella esa noche, y con la que camin\u00f3 cuatro cuadras, hab\u00eda declarado que sab\u00eda que Lieni saldr\u00eda con un chico con moto.<br \/>\nEl joven concurr\u00eda casi a diario a la comisar\u00eda, con el prop\u00f3sito de retirar la motocicleta. En forma paralela, hab\u00eda participado activamente con su novia en movilizaciones p\u00fablicas y oficios religiosos que se realizaron para reclamar por el esclarecimiento del hecho, como estudiante y vecino de la v\u00edctima, ya que viv\u00edan en el mismo barrio.<br \/>\nEl viernes, en una de sus habituales visitas a la comisar\u00eda, el joven fue invitado a ingresar a una oficina donde se le comunic\u00f3 su detenci\u00f3n, tras detectarse manchas de sangre en la motocicleta de su propiedad localizadas mediante el empleo de Luminol, y se libraron \u00f3rdenes de allanamiento.<br \/>\nEn el techo de la casa del detenido los investigadores hallaron el tel\u00e9fono celular de la estudiante asesinada, en tanto que en una letrina se encontraron ropas manchadas con sangre, adem\u00e1s de una computadora. M\u00e1s tarde, en la vivienda de una hermana fue hallado un cortaplumas, aseguraron fuentes de la investigaci\u00f3n a la agencia DyN.<br \/>\nCon los elementos incautados, se supo que la novia del joven habr\u00eda rectificado su declaraci\u00f3n inicial ante los investigadores. La joven admiti\u00f3 que \u201cno\u201d hab\u00edan estado juntos el d\u00eda crimen, sino \u201cdespu\u00e9s de varias horas\u201d en las que el supuesto autor se habr\u00eda cambiado de vestimenta.<br \/>\nEl juez de instrucci\u00f3n que interviene en el caso, Juan Pablo Fern\u00e1ndez Rissi, ten\u00eda previsto indagar esta semana al imputado por las presunciones en su contra, pero el adolescente de 18 a\u00f1os apareci\u00f3 ahorcado con una prenda suya en su celda.<br \/>\n&nbsp;<br \/>\n&nbsp;<br \/>\n&nbsp;<br \/>\nFuente:\u00a0 <a href=\"http:\/\/www.pagina12.com.ar\/diario\/sociedad\/3-199316-2012-07-23.html\" target=\"_blank\">P\u00e1gina\/12<\/a><br \/>\n&nbsp;<\/p>\n","protected":false},"excerpt":{"rendered":"<p>&nbsp; &nbsp; Lieni Itat\u00ed Pi\u00f1eiro, de 18 a\u00f1os, hab\u00eda sido violada y asesinada en Puerto Esperanza, Misiones, el 11 de julio. El viernes pasado detuvieron a un compa\u00f1ero de escuela. El adolescente apareci\u00f3 a las pocas horas colgado de una prenda en la celda. 23 de julio de 2012. La incapacidad de la polic\u00eda misionera [&hellip;]<\/p>\n","protected":false},"author":1,"featured_media":2610,"comment_status":"open","ping_status":"open","sticky":false,"template":"","format":"standard","meta":{"iawp_total_views":1,"footnotes":""},"categories":[5,4],"tags":[],"class_list":["post-2609","post","type-post","status-publish","format-standard","has-post-thumbnail","hentry","category-historias-de-vida","category-medios"],"nelio_content":{"autoShareEndMode":"never","automationSources":{"useCustomSentences":false,"customSentences":[]},"efiAlt":"","efiUrl":"","followers":[],"highlights":[],"isAutoShareEnabled":true,"networkImageIds":[],"permalinkQueryArgs":[],"series":[],"suggestedReferences":[]},"yoast_head":"<!-- This site is optimized with the Yoast SEO plugin v27.4 - https:\/\/yoast.com\/product\/yoast-seo-wordpress\/ -->\n<title>La peor soluci\u00f3n a un crimen - Diario Digital Femenino<\/title>\n<meta name=\"robots\" content=\"index, follow, max-snippet:-1, max-image-preview:large, max-video-preview:-1\" \/>\n<link rel=\"canonical\" href=\"https:\/\/diariofemenino.com.ar\/df\/la-peor-solucion-a-un-crimen\/\" \/>\n<meta property=\"og:locale\" content=\"es_ES\" \/>\n<meta property=\"og:type\" content=\"article\" \/>\n<meta property=\"og:title\" content=\"La peor soluci\u00f3n a un crimen - Diario Digital Femenino\" \/>\n<meta property=\"og:description\" content=\"&nbsp; &nbsp; Lieni Itat\u00ed Pi\u00f1eiro, de 18 a\u00f1os, hab\u00eda sido violada y asesinada en Puerto Esperanza, Misiones, el 11 de julio. El viernes pasado detuvieron a un compa\u00f1ero de escuela. El adolescente apareci\u00f3 a las pocas horas colgado de una prenda en la celda. 23 de julio de 2012. La incapacidad de la polic\u00eda misionera [&hellip;]\" \/>\n<meta property=\"og:url\" content=\"https:\/\/diariofemenino.com.ar\/df\/la-peor-solucion-a-un-crimen\/\" \/>\n<meta property=\"og:site_name\" content=\"Diario Digital Femenino\" \/>\n<meta property=\"article:publisher\" content=\"https:\/\/www.facebook.com\/DiarioDigitaFemenino\/\" \/>\n<meta property=\"article:published_time\" content=\"2012-07-24T02:06:30+00:00\" \/>\n<meta property=\"og:image\" content=\"https:\/\/diariofemenino.com.ar\/df\/wp-content\/uploads\/2016\/10\/logo-negro.png\" \/>\n\t<meta property=\"og:image:width\" content=\"855\" \/>\n\t<meta property=\"og:image:height\" content=\"319\" \/>\n\t<meta property=\"og:image:type\" content=\"image\/png\" \/>\n<meta name=\"author\" content=\"Admin\" \/>\n<meta name=\"twitter:card\" content=\"summary_large_image\" \/>\n<meta name=\"twitter:creator\" content=\"@DiarioFemenino1\" \/>\n<meta name=\"twitter:site\" content=\"@DiarioFemenino1\" \/>\n<meta name=\"twitter:label1\" content=\"Escrito por\" \/>\n\t<meta name=\"twitter:data1\" content=\"Admin\" \/>\n\t<meta name=\"twitter:label2\" content=\"Tiempo de lectura\" \/>\n\t<meta name=\"twitter:data2\" content=\"4 minutos\" \/>\n<script type=\"application\/ld+json\" class=\"yoast-schema-graph\">{\"@context\":\"https:\\\/\\\/schema.org\",\"@graph\":[{\"@type\":\"Article\",\"@id\":\"https:\\\/\\\/diariofemenino.com.ar\\\/df\\\/la-peor-solucion-a-un-crimen\\\/#article\",\"isPartOf\":{\"@id\":\"https:\\\/\\\/diariofemenino.com.ar\\\/df\\\/la-peor-solucion-a-un-crimen\\\/\"},\"author\":{\"name\":\"Admin\",\"@id\":\"https:\\\/\\\/diariofemenino.com.ar\\\/df\\\/#\\\/schema\\\/person\\\/38f54b3bfd13f561de2460ba95c169c6\"},\"headline\":\"La peor soluci\u00f3n a un crimen\",\"datePublished\":\"2012-07-24T02:06:30+00:00\",\"mainEntityOfPage\":{\"@id\":\"https:\\\/\\\/diariofemenino.com.ar\\\/df\\\/la-peor-solucion-a-un-crimen\\\/\"},\"wordCount\":737,\"commentCount\":0,\"publisher\":{\"@id\":\"https:\\\/\\\/diariofemenino.com.ar\\\/df\\\/#organization\"},\"image\":{\"@id\":\"https:\\\/\\\/diariofemenino.com.ar\\\/df\\\/la-peor-solucion-a-un-crimen\\\/#primaryimage\"},\"thumbnailUrl\":\"\",\"articleSection\":[\"Historias de vida\",\"Medios\"],\"inLanguage\":\"es\",\"potentialAction\":[{\"@type\":\"CommentAction\",\"name\":\"Comment\",\"target\":[\"https:\\\/\\\/diariofemenino.com.ar\\\/df\\\/la-peor-solucion-a-un-crimen\\\/#respond\"]}]},{\"@type\":\"WebPage\",\"@id\":\"https:\\\/\\\/diariofemenino.com.ar\\\/df\\\/la-peor-solucion-a-un-crimen\\\/\",\"url\":\"https:\\\/\\\/diariofemenino.com.ar\\\/df\\\/la-peor-solucion-a-un-crimen\\\/\",\"name\":\"La peor soluci\u00f3n a un crimen - Diario Digital Femenino\",\"isPartOf\":{\"@id\":\"https:\\\/\\\/diariofemenino.com.ar\\\/df\\\/#website\"},\"primaryImageOfPage\":{\"@id\":\"https:\\\/\\\/diariofemenino.com.ar\\\/df\\\/la-peor-solucion-a-un-crimen\\\/#primaryimage\"},\"image\":{\"@id\":\"https:\\\/\\\/diariofemenino.com.ar\\\/df\\\/la-peor-solucion-a-un-crimen\\\/#primaryimage\"},\"thumbnailUrl\":\"\",\"datePublished\":\"2012-07-24T02:06:30+00:00\",\"breadcrumb\":{\"@id\":\"https:\\\/\\\/diariofemenino.com.ar\\\/df\\\/la-peor-solucion-a-un-crimen\\\/#breadcrumb\"},\"inLanguage\":\"es\",\"potentialAction\":[{\"@type\":\"ReadAction\",\"target\":[\"https:\\\/\\\/diariofemenino.com.ar\\\/df\\\/la-peor-solucion-a-un-crimen\\\/\"]}]},{\"@type\":\"ImageObject\",\"inLanguage\":\"es\",\"@id\":\"https:\\\/\\\/diariofemenino.com.ar\\\/df\\\/la-peor-solucion-a-un-crimen\\\/#primaryimage\",\"url\":\"\",\"contentUrl\":\"\"},{\"@type\":\"BreadcrumbList\",\"@id\":\"https:\\\/\\\/diariofemenino.com.ar\\\/df\\\/la-peor-solucion-a-un-crimen\\\/#breadcrumb\",\"itemListElement\":[{\"@type\":\"ListItem\",\"position\":1,\"name\":\"Portada\",\"item\":\"https:\\\/\\\/diariofemenino.com.ar\\\/df\\\/\"},{\"@type\":\"ListItem\",\"position\":2,\"name\":\"La peor soluci\u00f3n a un crimen\"}]},{\"@type\":\"WebSite\",\"@id\":\"https:\\\/\\\/diariofemenino.com.ar\\\/df\\\/#website\",\"url\":\"https:\\\/\\\/diariofemenino.com.ar\\\/df\\\/\",\"name\":\"Diario Digital Femenino\",\"description\":\"Cuesti\u00f3n de G\u00e9nero\",\"publisher\":{\"@id\":\"https:\\\/\\\/diariofemenino.com.ar\\\/df\\\/#organization\"},\"potentialAction\":[{\"@type\":\"SearchAction\",\"target\":{\"@type\":\"EntryPoint\",\"urlTemplate\":\"https:\\\/\\\/diariofemenino.com.ar\\\/df\\\/?s={search_term_string}\"},\"query-input\":{\"@type\":\"PropertyValueSpecification\",\"valueRequired\":true,\"valueName\":\"search_term_string\"}}],\"inLanguage\":\"es\"},{\"@type\":\"Organization\",\"@id\":\"https:\\\/\\\/diariofemenino.com.ar\\\/df\\\/#organization\",\"name\":\"Diario Femenino\",\"url\":\"https:\\\/\\\/diariofemenino.com.ar\\\/df\\\/\",\"logo\":{\"@type\":\"ImageObject\",\"inLanguage\":\"es\",\"@id\":\"https:\\\/\\\/diariofemenino.com.ar\\\/df\\\/#\\\/schema\\\/logo\\\/image\\\/\",\"url\":\"https:\\\/\\\/diariofemenino.com.ar\\\/df\\\/wp-content\\\/uploads\\\/2018\\\/10\\\/logo.png\",\"contentUrl\":\"https:\\\/\\\/diariofemenino.com.ar\\\/df\\\/wp-content\\\/uploads\\\/2018\\\/10\\\/logo.png\",\"width\":500,\"height\":92,\"caption\":\"Diario Femenino\"},\"image\":{\"@id\":\"https:\\\/\\\/diariofemenino.com.ar\\\/df\\\/#\\\/schema\\\/logo\\\/image\\\/\"},\"sameAs\":[\"https:\\\/\\\/www.facebook.com\\\/DiarioDigitaFemenino\\\/\",\"https:\\\/\\\/x.com\\\/DiarioFemenino1\"]},{\"@type\":\"Person\",\"@id\":\"https:\\\/\\\/diariofemenino.com.ar\\\/df\\\/#\\\/schema\\\/person\\\/38f54b3bfd13f561de2460ba95c169c6\",\"name\":\"Admin\",\"image\":{\"@type\":\"ImageObject\",\"inLanguage\":\"es\",\"@id\":\"https:\\\/\\\/diariofemenino.com.ar\\\/df\\\/wp-content\\\/uploads\\\/2018\\\/12\\\/favicon-150x150.jpg\",\"url\":\"https:\\\/\\\/diariofemenino.com.ar\\\/df\\\/wp-content\\\/uploads\\\/2018\\\/12\\\/favicon-150x150.jpg\",\"contentUrl\":\"https:\\\/\\\/diariofemenino.com.ar\\\/df\\\/wp-content\\\/uploads\\\/2018\\\/12\\\/favicon-150x150.jpg\",\"caption\":\"Admin\"},\"url\":\"https:\\\/\\\/diariofemenino.com.ar\\\/df\\\/author\\\/adm18df\\\/\"}]}<\/script>\n<!-- \/ Yoast SEO plugin. -->","yoast_head_json":{"title":"La peor soluci\u00f3n a un crimen - Diario Digital Femenino","robots":{"index":"index","follow":"follow","max-snippet":"max-snippet:-1","max-image-preview":"max-image-preview:large","max-video-preview":"max-video-preview:-1"},"canonical":"https:\/\/diariofemenino.com.ar\/df\/la-peor-solucion-a-un-crimen\/","og_locale":"es_ES","og_type":"article","og_title":"La peor soluci\u00f3n a un crimen - Diario Digital Femenino","og_description":"&nbsp; &nbsp; Lieni Itat\u00ed Pi\u00f1eiro, de 18 a\u00f1os, hab\u00eda sido violada y asesinada en Puerto Esperanza, Misiones, el 11 de julio. El viernes pasado detuvieron a un compa\u00f1ero de escuela. El adolescente apareci\u00f3 a las pocas horas colgado de una prenda en la celda. 23 de julio de 2012. La incapacidad de la polic\u00eda misionera [&hellip;]","og_url":"https:\/\/diariofemenino.com.ar\/df\/la-peor-solucion-a-un-crimen\/","og_site_name":"Diario Digital Femenino","article_publisher":"https:\/\/www.facebook.com\/DiarioDigitaFemenino\/","article_published_time":"2012-07-24T02:06:30+00:00","og_image":[{"width":855,"height":319,"url":"https:\/\/diariofemenino.com.ar\/df\/wp-content\/uploads\/2016\/10\/logo-negro.png","type":"image\/png"}],"author":"Admin","twitter_card":"summary_large_image","twitter_creator":"@DiarioFemenino1","twitter_site":"@DiarioFemenino1","twitter_misc":{"Escrito por":"Admin","Tiempo de lectura":"4 minutos"},"schema":{"@context":"https:\/\/schema.org","@graph":[{"@type":"Article","@id":"https:\/\/diariofemenino.com.ar\/df\/la-peor-solucion-a-un-crimen\/#article","isPartOf":{"@id":"https:\/\/diariofemenino.com.ar\/df\/la-peor-solucion-a-un-crimen\/"},"author":{"name":"Admin","@id":"https:\/\/diariofemenino.com.ar\/df\/#\/schema\/person\/38f54b3bfd13f561de2460ba95c169c6"},"headline":"La peor soluci\u00f3n a un crimen","datePublished":"2012-07-24T02:06:30+00:00","mainEntityOfPage":{"@id":"https:\/\/diariofemenino.com.ar\/df\/la-peor-solucion-a-un-crimen\/"},"wordCount":737,"commentCount":0,"publisher":{"@id":"https:\/\/diariofemenino.com.ar\/df\/#organization"},"image":{"@id":"https:\/\/diariofemenino.com.ar\/df\/la-peor-solucion-a-un-crimen\/#primaryimage"},"thumbnailUrl":"","articleSection":["Historias de vida","Medios"],"inLanguage":"es","potentialAction":[{"@type":"CommentAction","name":"Comment","target":["https:\/\/diariofemenino.com.ar\/df\/la-peor-solucion-a-un-crimen\/#respond"]}]},{"@type":"WebPage","@id":"https:\/\/diariofemenino.com.ar\/df\/la-peor-solucion-a-un-crimen\/","url":"https:\/\/diariofemenino.com.ar\/df\/la-peor-solucion-a-un-crimen\/","name":"La peor soluci\u00f3n a un crimen - Diario Digital Femenino","isPartOf":{"@id":"https:\/\/diariofemenino.com.ar\/df\/#website"},"primaryImageOfPage":{"@id":"https:\/\/diariofemenino.com.ar\/df\/la-peor-solucion-a-un-crimen\/#primaryimage"},"image":{"@id":"https:\/\/diariofemenino.com.ar\/df\/la-peor-solucion-a-un-crimen\/#primaryimage"},"thumbnailUrl":"","datePublished":"2012-07-24T02:06:30+00:00","breadcrumb":{"@id":"https:\/\/diariofemenino.com.ar\/df\/la-peor-solucion-a-un-crimen\/#breadcrumb"},"inLanguage":"es","potentialAction":[{"@type":"ReadAction","target":["https:\/\/diariofemenino.com.ar\/df\/la-peor-solucion-a-un-crimen\/"]}]},{"@type":"ImageObject","inLanguage":"es","@id":"https:\/\/diariofemenino.com.ar\/df\/la-peor-solucion-a-un-crimen\/#primaryimage","url":"","contentUrl":""},{"@type":"BreadcrumbList","@id":"https:\/\/diariofemenino.com.ar\/df\/la-peor-solucion-a-un-crimen\/#breadcrumb","itemListElement":[{"@type":"ListItem","position":1,"name":"Portada","item":"https:\/\/diariofemenino.com.ar\/df\/"},{"@type":"ListItem","position":2,"name":"La peor soluci\u00f3n a un crimen"}]},{"@type":"WebSite","@id":"https:\/\/diariofemenino.com.ar\/df\/#website","url":"https:\/\/diariofemenino.com.ar\/df\/","name":"Diario Digital Femenino","description":"Cuesti\u00f3n de G\u00e9nero","publisher":{"@id":"https:\/\/diariofemenino.com.ar\/df\/#organization"},"potentialAction":[{"@type":"SearchAction","target":{"@type":"EntryPoint","urlTemplate":"https:\/\/diariofemenino.com.ar\/df\/?s={search_term_string}"},"query-input":{"@type":"PropertyValueSpecification","valueRequired":true,"valueName":"search_term_string"}}],"inLanguage":"es"},{"@type":"Organization","@id":"https:\/\/diariofemenino.com.ar\/df\/#organization","name":"Diario Femenino","url":"https:\/\/diariofemenino.com.ar\/df\/","logo":{"@type":"ImageObject","inLanguage":"es","@id":"https:\/\/diariofemenino.com.ar\/df\/#\/schema\/logo\/image\/","url":"https:\/\/diariofemenino.com.ar\/df\/wp-content\/uploads\/2018\/10\/logo.png","contentUrl":"https:\/\/diariofemenino.com.ar\/df\/wp-content\/uploads\/2018\/10\/logo.png","width":500,"height":92,"caption":"Diario Femenino"},"image":{"@id":"https:\/\/diariofemenino.com.ar\/df\/#\/schema\/logo\/image\/"},"sameAs":["https:\/\/www.facebook.com\/DiarioDigitaFemenino\/","https:\/\/x.com\/DiarioFemenino1"]},{"@type":"Person","@id":"https:\/\/diariofemenino.com.ar\/df\/#\/schema\/person\/38f54b3bfd13f561de2460ba95c169c6","name":"Admin","image":{"@type":"ImageObject","inLanguage":"es","@id":"https:\/\/diariofemenino.com.ar\/df\/wp-content\/uploads\/2018\/12\/favicon-150x150.jpg","url":"https:\/\/diariofemenino.com.ar\/df\/wp-content\/uploads\/2018\/12\/favicon-150x150.jpg","contentUrl":"https:\/\/diariofemenino.com.ar\/df\/wp-content\/uploads\/2018\/12\/favicon-150x150.jpg","caption":"Admin"},"url":"https:\/\/diariofemenino.com.ar\/df\/author\/adm18df\/"}]}},"jetpack_featured_media_url":"","jetpack_sharing_enabled":true,"rttpg_featured_image_url":null,"rttpg_author":{"display_name":"Admin","author_link":"https:\/\/diariofemenino.com.ar\/df\/author\/adm18df\/"},"rttpg_comment":0,"rttpg_category":"<a href=\"https:\/\/diariofemenino.com.ar\/df\/category\/historias-de-vida\/\" rel=\"category tag\">Historias de vida<\/a> <a href=\"https:\/\/diariofemenino.com.ar\/df\/category\/medios\/\" rel=\"category tag\">Medios<\/a>","rttpg_excerpt":"&nbsp; &nbsp; Lieni Itat\u00ed Pi\u00f1eiro, de 18 a\u00f1os, hab\u00eda sido violada y asesinada en Puerto Esperanza, Misiones, el 11 de julio. El viernes pasado detuvieron a un compa\u00f1ero de escuela. El adolescente apareci\u00f3 a las pocas horas colgado de una prenda en la celda. 23 de julio de 2012. La incapacidad de la polic\u00eda misionera&hellip;","_links":{"self":[{"href":"https:\/\/diariofemenino.com.ar\/df\/wp-json\/wp\/v2\/posts\/2609","targetHints":{"allow":["GET"]}}],"collection":[{"href":"https:\/\/diariofemenino.com.ar\/df\/wp-json\/wp\/v2\/posts"}],"about":[{"href":"https:\/\/diariofemenino.com.ar\/df\/wp-json\/wp\/v2\/types\/post"}],"author":[{"embeddable":true,"href":"https:\/\/diariofemenino.com.ar\/df\/wp-json\/wp\/v2\/users\/1"}],"replies":[{"embeddable":true,"href":"https:\/\/diariofemenino.com.ar\/df\/wp-json\/wp\/v2\/comments?post=2609"}],"version-history":[{"count":0,"href":"https:\/\/diariofemenino.com.ar\/df\/wp-json\/wp\/v2\/posts\/2609\/revisions"}],"wp:featuredmedia":[{"embeddable":true,"href":"https:\/\/diariofemenino.com.ar\/df\/wp-json\/"}],"wp:attachment":[{"href":"https:\/\/diariofemenino.com.ar\/df\/wp-json\/wp\/v2\/media?parent=2609"}],"wp:term":[{"taxonomy":"category","embeddable":true,"href":"https:\/\/diariofemenino.com.ar\/df\/wp-json\/wp\/v2\/categories?post=2609"},{"taxonomy":"post_tag","embeddable":true,"href":"https:\/\/diariofemenino.com.ar\/df\/wp-json\/wp\/v2\/tags?post=2609"}],"curies":[{"name":"wp","href":"https:\/\/api.w.org\/{rel}","templated":true}]}}