{"id":2606,"date":"2012-07-23T22:56:08","date_gmt":"2012-07-24T01:56:08","guid":{"rendered":"http:\/\/www.diariofemenino.com.ar\/?p=2606"},"modified":"2012-07-23T22:56:08","modified_gmt":"2012-07-24T01:56:08","slug":"por-aumento-de-femicidios-piden-se-declare-la-emergencia-nacional","status":"publish","type":"post","link":"https:\/\/diariofemenino.com.ar\/df\/por-aumento-de-femicidios-piden-se-declare-la-emergencia-nacional\/","title":{"rendered":"Por aumento de femicidios piden se declare la emergencia nacional"},"content":{"rendered":"<p>&nbsp;<br \/>\n<em>La necesidad de que sea el Estado el que lleve adelante una pol\u00edtica p\u00fablica en esta materia, y la actuaci\u00f3n de los distintos organismos que eviten el crecimiento de los casos es la premisa. En 2011 se registraron 284 femicidios, inform\u00f3 Nancy Sotelo a DataChaco.<\/em><br \/>\n23 de julio de 2012. Durante el fin de semana m\u00e1s de 500 mujeres de diferentes provincias de todo el pa\u00eds participaron del 1er Encuentro Nacional de MuMal\u00e1 &#8211; Mujeres de la Matria Latinoamericana-, realizado en la Facultad de Ciencias Econ\u00f3micas de la U.B.A. y que cont\u00f3 con la presencia de invitadas internacionales que expusieron acerca de la situaci\u00f3n de las mujeres en Latinoam\u00e9rica. \u201cS\u00f3lo en la Argentina, en el 2011, se registraron 284 casos de Femicidios\u201d, se\u00f1al\u00f3 a <strong>DataChaco <\/strong>Nancy Sotelo, la referente local, quien adem\u00e1s expres\u00f3 la necesidad que sea el Estado el que intervenga con la verdadera aplicaci\u00f3n de una pol\u00edtica p\u00fablica que contribuya a prevenir m\u00e1s casos de violencia de genero en el pa\u00eds.<br \/>\nEn la actualidad es una organizaci\u00f3n civil la que lleva a cabo el an\u00e1lisis, debate y estad\u00edsticas sobre el femicidio en el pa\u00eds. \u201cEste observatorio de genero mide dos veces al a\u00f1o los casos que se van sucediendo por medio de los casos que toman estado p\u00fablico en los medios de comunicaci\u00f3n\u201d, inform\u00f3 Sotelo se\u00f1alando as\u00ed que a\u00fan no est\u00e1n las cifras de este primer semestre de 2012.<br \/>\n<strong>El Encuentro<\/strong><br \/>\nEstuvieron presentes Leonida Zurita Vargas, Secretaria Ejecutiva de la Federaci\u00f3n de Mujeres \u00abBartolina Sisa\u00bb de Bolivia y secretaria de Relaciones Internacionales del MAS, Nal\u00fa Faria de la Marcha Mundial de Mujeres de Brasil, Margarita Libschtiz, representante del Frente Amplio de Uruguay, quienes disertaron junto a Victoria Donda Diputada Nacional de Libres del Sur en el FAP y a Gabriela Sosa, referente de MuMaL\u00e1 de Santa Fe.<br \/>\nLa regi\u00f3n NEA estuvo representada por referentes de las provincias de Chaco Formosa y Corrientes.<br \/>\nNancy Sotelo; coordinadora del Colectivo Mumal\u00e1 de Chaco se refiri\u00f3 respecto a la situaci\u00f3n de los derechos de salud integral en la regi\u00f3n \u201ccompartimos la misma realidad: estos derechos no son respetados; por ejemplo el derecho a la aplicaci\u00f3n de abortos no punibles y el derecho a la educaci\u00f3n sexual integral\u201d, mencion\u00f3.<br \/>\n\u201cLos gobernadores conservadores sostienen esta violencia que nos lleva a ocupar los m\u00e1s altos \u00edndices de ni\u00f1as, abusadas, embarazadas, revertir esta realidad es uno de los desaf\u00edos\u201d, agreg\u00f3 Sotelo.<br \/>\nAdem\u00e1s, el encuentro cont\u00f3 con la participaci\u00f3n de Beatriz Regal, madre de Wanda Taddei, quien particip\u00f3 del taller sobre estrategias para combatir la violencia contra las mujeres. Al respecto, sostuvo que \u00abes imprescindible declarar la emergencia nacional sobre la situaci\u00f3n de violencia que viven las mujeres en la Argentina\u00bb.<br \/>\nDurante los dos d\u00edas se realizaron muestras e intervenciones art\u00edsticas, talleres tem\u00e1ticos de trabajo acerca de la trata de mujeres, adolescentes y ni\u00f1as con fines de explotaci\u00f3n sexual, derechos sexuales y reproductivos y la soberan\u00eda de los cuerpos, la violencia hacia las mujeres y el acceso a la justicia, distintas estrategias hacia una comunicaci\u00f3n no sexista, historia y participaci\u00f3n social y pol\u00edtica de las mujeres y el arte y la cultura con perspectiva de g\u00e9nero.<br \/>\nEl s\u00e1bado se entregaron reconocimientos a distintas referentes del movimiento de mujeres por su trayectoria; Fabiana Tu\u00f1ez de la Casa del Encuentro, Nina Brugo reconocida abogada feminista, Martha Rosemberg de la \u201cCampa\u00f1a Nacional por la legalizaci\u00f3n del aborto legal, seguro y gratuito\u201d, Ana Maria Fernandez, Doctora en Psicolog\u00eda que aborda los temas de g\u00e9nero, Diana Raznovich, escritora, dramaturga y humorista gr\u00e1fica, Nora Corti\u00f1as, Madres de Plaza de Mayo Linea Fundadora, fueron algunas de las homenajeadas.<br \/>\nAl cierre del encuentro, Raquel Vivanco, coordinadora nacional de MuMaL\u00e1, sostuvo que \u00abdesarrollar espacios de encuentro y reflexi\u00f3n alrededor de las problem\u00e1ticas que nos atraviesan a las mujeres son imprescindibles para dise\u00f1ar las estrategias que nos permitir\u00e1n continuar exigiendo el reconocimiento de nuestros derechos\u00bb. Adem\u00e1s afirm\u00f3 que \u00abmujeres de m\u00e1s de 15 provincias estuvimos participando durante estos dos d\u00edas y nos llevamos la tarea y el compromiso de seguir fortaleciendo nuestro movimiento en todo el pa\u00eds\u00bb.<br \/>\n<strong>Emergencia Nacional<\/strong><br \/>\n\u201cBuscamos que se apliquen estrategias precisas para luchar contra este flagelo, y el compromiso por parte del Estado para aunar fuerzas\u201d, se\u00f1al\u00f3 la referente de Mumal\u00e1 a <strong>DataChaco.<\/strong><br \/>\n\u201cEs necesario poner sobre el tape que las pol\u00edticas que se aplican en la actualidad no alcanzan, se necesita la intervenci\u00f3n del Estado con una pol\u00edtica p\u00fablica activa que articulada con los distintos organismos se logre una verdadera prevenci\u00f3n para que no haya m\u00e1s v\u00edctimas de violencia, que no haya m\u00e1s mujeres muertas ni quemadas\u201d, agreg\u00f3 Sotelo reiterando as\u00ed que en la actualidad no se cuenta con un organismo oficial que se ocupe de esta materia.<br \/>\nDe esta manera Nancy Sotelo explic\u00f3 las razones por la cual este colectivo de mujeres solicita que se declare la emergencia nacional ante el aumento de femicidios en el pa\u00eds.<br \/>\n&nbsp;<br \/>\n&nbsp;<br \/>\n&nbsp;<br \/>\nFuente: \u00a0<a href=\"http:\/\/datachaco.com\/noticias\/view\/5491\" target=\"_blank\">DataChaco<\/a><br \/>\n&nbsp;<\/p>\n","protected":false},"excerpt":{"rendered":"<p>&nbsp; La necesidad de que sea el Estado el que lleve adelante una pol\u00edtica p\u00fablica en esta materia, y la actuaci\u00f3n de los distintos organismos que eviten el crecimiento de los casos es la premisa. En 2011 se registraron 284 femicidios, inform\u00f3 Nancy Sotelo a DataChaco. 23 de julio de 2012. Durante el fin de [&hellip;]<\/p>\n","protected":false},"author":1,"featured_media":2607,"comment_status":"open","ping_status":"open","sticky":false,"template":"","format":"standard","meta":{"iawp_total_views":3,"footnotes":""},"categories":[5,4],"tags":[],"class_list":["post-2606","post","type-post","status-publish","format-standard","has-post-thumbnail","hentry","category-historias-de-vida","category-medios"],"nelio_content":{"autoShareEndMode":"never","automationSources":{"useCustomSentences":false,"customSentences":[]},"efiAlt":"","efiUrl":"","followers":[],"highlights":[],"isAutoShareEnabled":true,"networkImageIds":[],"permalinkQueryArgs":[],"series":[],"suggestedReferences":[]},"yoast_head":"<!-- This site is optimized with the Yoast SEO plugin v27.4 - https:\/\/yoast.com\/product\/yoast-seo-wordpress\/ -->\n<title>Por aumento de femicidios piden se declare la emergencia nacional - Diario Digital Femenino<\/title>\n<meta name=\"robots\" content=\"index, follow, max-snippet:-1, max-image-preview:large, max-video-preview:-1\" \/>\n<link rel=\"canonical\" href=\"https:\/\/diariofemenino.com.ar\/df\/por-aumento-de-femicidios-piden-se-declare-la-emergencia-nacional\/\" \/>\n<meta property=\"og:locale\" content=\"es_ES\" \/>\n<meta property=\"og:type\" content=\"article\" \/>\n<meta property=\"og:title\" content=\"Por aumento de femicidios piden se declare la emergencia nacional - Diario Digital Femenino\" \/>\n<meta property=\"og:description\" content=\"&nbsp; La necesidad de que sea el Estado el que lleve adelante una pol\u00edtica p\u00fablica en esta materia, y la actuaci\u00f3n de los distintos organismos que eviten el crecimiento de los casos es la premisa. En 2011 se registraron 284 femicidios, inform\u00f3 Nancy Sotelo a DataChaco. 23 de julio de 2012. Durante el fin de [&hellip;]\" \/>\n<meta property=\"og:url\" content=\"https:\/\/diariofemenino.com.ar\/df\/por-aumento-de-femicidios-piden-se-declare-la-emergencia-nacional\/\" \/>\n<meta property=\"og:site_name\" content=\"Diario Digital Femenino\" \/>\n<meta property=\"article:publisher\" content=\"https:\/\/www.facebook.com\/DiarioDigitaFemenino\/\" \/>\n<meta property=\"article:published_time\" content=\"2012-07-24T01:56:08+00:00\" \/>\n<meta property=\"og:image\" content=\"https:\/\/diariofemenino.com.ar\/df\/wp-content\/uploads\/2016\/10\/logo-negro.png\" \/>\n\t<meta property=\"og:image:width\" content=\"855\" \/>\n\t<meta property=\"og:image:height\" content=\"319\" \/>\n\t<meta property=\"og:image:type\" content=\"image\/png\" \/>\n<meta name=\"author\" content=\"Admin\" \/>\n<meta name=\"twitter:card\" content=\"summary_large_image\" \/>\n<meta name=\"twitter:creator\" content=\"@DiarioFemenino1\" \/>\n<meta name=\"twitter:site\" content=\"@DiarioFemenino1\" \/>\n<meta name=\"twitter:label1\" content=\"Escrito por\" \/>\n\t<meta name=\"twitter:data1\" content=\"Admin\" \/>\n\t<meta name=\"twitter:label2\" content=\"Tiempo de lectura\" \/>\n\t<meta name=\"twitter:data2\" content=\"4 minutos\" \/>\n<script type=\"application\/ld+json\" class=\"yoast-schema-graph\">{\"@context\":\"https:\\\/\\\/schema.org\",\"@graph\":[{\"@type\":\"Article\",\"@id\":\"https:\\\/\\\/diariofemenino.com.ar\\\/df\\\/por-aumento-de-femicidios-piden-se-declare-la-emergencia-nacional\\\/#article\",\"isPartOf\":{\"@id\":\"https:\\\/\\\/diariofemenino.com.ar\\\/df\\\/por-aumento-de-femicidios-piden-se-declare-la-emergencia-nacional\\\/\"},\"author\":{\"name\":\"Admin\",\"@id\":\"https:\\\/\\\/diariofemenino.com.ar\\\/df\\\/#\\\/schema\\\/person\\\/38f54b3bfd13f561de2460ba95c169c6\"},\"headline\":\"Por aumento de femicidios piden se declare la emergencia nacional\",\"datePublished\":\"2012-07-24T01:56:08+00:00\",\"mainEntityOfPage\":{\"@id\":\"https:\\\/\\\/diariofemenino.com.ar\\\/df\\\/por-aumento-de-femicidios-piden-se-declare-la-emergencia-nacional\\\/\"},\"wordCount\":890,\"commentCount\":0,\"publisher\":{\"@id\":\"https:\\\/\\\/diariofemenino.com.ar\\\/df\\\/#organization\"},\"image\":{\"@id\":\"https:\\\/\\\/diariofemenino.com.ar\\\/df\\\/por-aumento-de-femicidios-piden-se-declare-la-emergencia-nacional\\\/#primaryimage\"},\"thumbnailUrl\":\"\",\"articleSection\":[\"Historias de vida\",\"Medios\"],\"inLanguage\":\"es\",\"potentialAction\":[{\"@type\":\"CommentAction\",\"name\":\"Comment\",\"target\":[\"https:\\\/\\\/diariofemenino.com.ar\\\/df\\\/por-aumento-de-femicidios-piden-se-declare-la-emergencia-nacional\\\/#respond\"]}]},{\"@type\":\"WebPage\",\"@id\":\"https:\\\/\\\/diariofemenino.com.ar\\\/df\\\/por-aumento-de-femicidios-piden-se-declare-la-emergencia-nacional\\\/\",\"url\":\"https:\\\/\\\/diariofemenino.com.ar\\\/df\\\/por-aumento-de-femicidios-piden-se-declare-la-emergencia-nacional\\\/\",\"name\":\"Por aumento de femicidios piden se declare la emergencia nacional - Diario Digital Femenino\",\"isPartOf\":{\"@id\":\"https:\\\/\\\/diariofemenino.com.ar\\\/df\\\/#website\"},\"primaryImageOfPage\":{\"@id\":\"https:\\\/\\\/diariofemenino.com.ar\\\/df\\\/por-aumento-de-femicidios-piden-se-declare-la-emergencia-nacional\\\/#primaryimage\"},\"image\":{\"@id\":\"https:\\\/\\\/diariofemenino.com.ar\\\/df\\\/por-aumento-de-femicidios-piden-se-declare-la-emergencia-nacional\\\/#primaryimage\"},\"thumbnailUrl\":\"\",\"datePublished\":\"2012-07-24T01:56:08+00:00\",\"breadcrumb\":{\"@id\":\"https:\\\/\\\/diariofemenino.com.ar\\\/df\\\/por-aumento-de-femicidios-piden-se-declare-la-emergencia-nacional\\\/#breadcrumb\"},\"inLanguage\":\"es\",\"potentialAction\":[{\"@type\":\"ReadAction\",\"target\":[\"https:\\\/\\\/diariofemenino.com.ar\\\/df\\\/por-aumento-de-femicidios-piden-se-declare-la-emergencia-nacional\\\/\"]}]},{\"@type\":\"ImageObject\",\"inLanguage\":\"es\",\"@id\":\"https:\\\/\\\/diariofemenino.com.ar\\\/df\\\/por-aumento-de-femicidios-piden-se-declare-la-emergencia-nacional\\\/#primaryimage\",\"url\":\"\",\"contentUrl\":\"\"},{\"@type\":\"BreadcrumbList\",\"@id\":\"https:\\\/\\\/diariofemenino.com.ar\\\/df\\\/por-aumento-de-femicidios-piden-se-declare-la-emergencia-nacional\\\/#breadcrumb\",\"itemListElement\":[{\"@type\":\"ListItem\",\"position\":1,\"name\":\"Portada\",\"item\":\"https:\\\/\\\/diariofemenino.com.ar\\\/df\\\/\"},{\"@type\":\"ListItem\",\"position\":2,\"name\":\"Por aumento de femicidios piden se declare la emergencia nacional\"}]},{\"@type\":\"WebSite\",\"@id\":\"https:\\\/\\\/diariofemenino.com.ar\\\/df\\\/#website\",\"url\":\"https:\\\/\\\/diariofemenino.com.ar\\\/df\\\/\",\"name\":\"Diario Digital Femenino\",\"description\":\"Cuesti\u00f3n de G\u00e9nero\",\"publisher\":{\"@id\":\"https:\\\/\\\/diariofemenino.com.ar\\\/df\\\/#organization\"},\"potentialAction\":[{\"@type\":\"SearchAction\",\"target\":{\"@type\":\"EntryPoint\",\"urlTemplate\":\"https:\\\/\\\/diariofemenino.com.ar\\\/df\\\/?s={search_term_string}\"},\"query-input\":{\"@type\":\"PropertyValueSpecification\",\"valueRequired\":true,\"valueName\":\"search_term_string\"}}],\"inLanguage\":\"es\"},{\"@type\":\"Organization\",\"@id\":\"https:\\\/\\\/diariofemenino.com.ar\\\/df\\\/#organization\",\"name\":\"Diario Femenino\",\"url\":\"https:\\\/\\\/diariofemenino.com.ar\\\/df\\\/\",\"logo\":{\"@type\":\"ImageObject\",\"inLanguage\":\"es\",\"@id\":\"https:\\\/\\\/diariofemenino.com.ar\\\/df\\\/#\\\/schema\\\/logo\\\/image\\\/\",\"url\":\"https:\\\/\\\/diariofemenino.com.ar\\\/df\\\/wp-content\\\/uploads\\\/2018\\\/10\\\/logo.png\",\"contentUrl\":\"https:\\\/\\\/diariofemenino.com.ar\\\/df\\\/wp-content\\\/uploads\\\/2018\\\/10\\\/logo.png\",\"width\":500,\"height\":92,\"caption\":\"Diario Femenino\"},\"image\":{\"@id\":\"https:\\\/\\\/diariofemenino.com.ar\\\/df\\\/#\\\/schema\\\/logo\\\/image\\\/\"},\"sameAs\":[\"https:\\\/\\\/www.facebook.com\\\/DiarioDigitaFemenino\\\/\",\"https:\\\/\\\/x.com\\\/DiarioFemenino1\"]},{\"@type\":\"Person\",\"@id\":\"https:\\\/\\\/diariofemenino.com.ar\\\/df\\\/#\\\/schema\\\/person\\\/38f54b3bfd13f561de2460ba95c169c6\",\"name\":\"Admin\",\"image\":{\"@type\":\"ImageObject\",\"inLanguage\":\"es\",\"@id\":\"https:\\\/\\\/diariofemenino.com.ar\\\/df\\\/wp-content\\\/uploads\\\/2018\\\/12\\\/favicon-150x150.jpg\",\"url\":\"https:\\\/\\\/diariofemenino.com.ar\\\/df\\\/wp-content\\\/uploads\\\/2018\\\/12\\\/favicon-150x150.jpg\",\"contentUrl\":\"https:\\\/\\\/diariofemenino.com.ar\\\/df\\\/wp-content\\\/uploads\\\/2018\\\/12\\\/favicon-150x150.jpg\",\"caption\":\"Admin\"},\"url\":\"https:\\\/\\\/diariofemenino.com.ar\\\/df\\\/author\\\/adm18df\\\/\"}]}<\/script>\n<!-- \/ Yoast SEO plugin. -->","yoast_head_json":{"title":"Por aumento de femicidios piden se declare la emergencia nacional - Diario Digital Femenino","robots":{"index":"index","follow":"follow","max-snippet":"max-snippet:-1","max-image-preview":"max-image-preview:large","max-video-preview":"max-video-preview:-1"},"canonical":"https:\/\/diariofemenino.com.ar\/df\/por-aumento-de-femicidios-piden-se-declare-la-emergencia-nacional\/","og_locale":"es_ES","og_type":"article","og_title":"Por aumento de femicidios piden se declare la emergencia nacional - Diario Digital Femenino","og_description":"&nbsp; La necesidad de que sea el Estado el que lleve adelante una pol\u00edtica p\u00fablica en esta materia, y la actuaci\u00f3n de los distintos organismos que eviten el crecimiento de los casos es la premisa. En 2011 se registraron 284 femicidios, inform\u00f3 Nancy Sotelo a DataChaco. 23 de julio de 2012. Durante el fin de [&hellip;]","og_url":"https:\/\/diariofemenino.com.ar\/df\/por-aumento-de-femicidios-piden-se-declare-la-emergencia-nacional\/","og_site_name":"Diario Digital Femenino","article_publisher":"https:\/\/www.facebook.com\/DiarioDigitaFemenino\/","article_published_time":"2012-07-24T01:56:08+00:00","og_image":[{"width":855,"height":319,"url":"https:\/\/diariofemenino.com.ar\/df\/wp-content\/uploads\/2016\/10\/logo-negro.png","type":"image\/png"}],"author":"Admin","twitter_card":"summary_large_image","twitter_creator":"@DiarioFemenino1","twitter_site":"@DiarioFemenino1","twitter_misc":{"Escrito por":"Admin","Tiempo de lectura":"4 minutos"},"schema":{"@context":"https:\/\/schema.org","@graph":[{"@type":"Article","@id":"https:\/\/diariofemenino.com.ar\/df\/por-aumento-de-femicidios-piden-se-declare-la-emergencia-nacional\/#article","isPartOf":{"@id":"https:\/\/diariofemenino.com.ar\/df\/por-aumento-de-femicidios-piden-se-declare-la-emergencia-nacional\/"},"author":{"name":"Admin","@id":"https:\/\/diariofemenino.com.ar\/df\/#\/schema\/person\/38f54b3bfd13f561de2460ba95c169c6"},"headline":"Por aumento de femicidios piden se declare la emergencia nacional","datePublished":"2012-07-24T01:56:08+00:00","mainEntityOfPage":{"@id":"https:\/\/diariofemenino.com.ar\/df\/por-aumento-de-femicidios-piden-se-declare-la-emergencia-nacional\/"},"wordCount":890,"commentCount":0,"publisher":{"@id":"https:\/\/diariofemenino.com.ar\/df\/#organization"},"image":{"@id":"https:\/\/diariofemenino.com.ar\/df\/por-aumento-de-femicidios-piden-se-declare-la-emergencia-nacional\/#primaryimage"},"thumbnailUrl":"","articleSection":["Historias de vida","Medios"],"inLanguage":"es","potentialAction":[{"@type":"CommentAction","name":"Comment","target":["https:\/\/diariofemenino.com.ar\/df\/por-aumento-de-femicidios-piden-se-declare-la-emergencia-nacional\/#respond"]}]},{"@type":"WebPage","@id":"https:\/\/diariofemenino.com.ar\/df\/por-aumento-de-femicidios-piden-se-declare-la-emergencia-nacional\/","url":"https:\/\/diariofemenino.com.ar\/df\/por-aumento-de-femicidios-piden-se-declare-la-emergencia-nacional\/","name":"Por aumento de femicidios piden se declare la emergencia nacional - Diario Digital Femenino","isPartOf":{"@id":"https:\/\/diariofemenino.com.ar\/df\/#website"},"primaryImageOfPage":{"@id":"https:\/\/diariofemenino.com.ar\/df\/por-aumento-de-femicidios-piden-se-declare-la-emergencia-nacional\/#primaryimage"},"image":{"@id":"https:\/\/diariofemenino.com.ar\/df\/por-aumento-de-femicidios-piden-se-declare-la-emergencia-nacional\/#primaryimage"},"thumbnailUrl":"","datePublished":"2012-07-24T01:56:08+00:00","breadcrumb":{"@id":"https:\/\/diariofemenino.com.ar\/df\/por-aumento-de-femicidios-piden-se-declare-la-emergencia-nacional\/#breadcrumb"},"inLanguage":"es","potentialAction":[{"@type":"ReadAction","target":["https:\/\/diariofemenino.com.ar\/df\/por-aumento-de-femicidios-piden-se-declare-la-emergencia-nacional\/"]}]},{"@type":"ImageObject","inLanguage":"es","@id":"https:\/\/diariofemenino.com.ar\/df\/por-aumento-de-femicidios-piden-se-declare-la-emergencia-nacional\/#primaryimage","url":"","contentUrl":""},{"@type":"BreadcrumbList","@id":"https:\/\/diariofemenino.com.ar\/df\/por-aumento-de-femicidios-piden-se-declare-la-emergencia-nacional\/#breadcrumb","itemListElement":[{"@type":"ListItem","position":1,"name":"Portada","item":"https:\/\/diariofemenino.com.ar\/df\/"},{"@type":"ListItem","position":2,"name":"Por aumento de femicidios piden se declare la emergencia nacional"}]},{"@type":"WebSite","@id":"https:\/\/diariofemenino.com.ar\/df\/#website","url":"https:\/\/diariofemenino.com.ar\/df\/","name":"Diario Digital Femenino","description":"Cuesti\u00f3n de G\u00e9nero","publisher":{"@id":"https:\/\/diariofemenino.com.ar\/df\/#organization"},"potentialAction":[{"@type":"SearchAction","target":{"@type":"EntryPoint","urlTemplate":"https:\/\/diariofemenino.com.ar\/df\/?s={search_term_string}"},"query-input":{"@type":"PropertyValueSpecification","valueRequired":true,"valueName":"search_term_string"}}],"inLanguage":"es"},{"@type":"Organization","@id":"https:\/\/diariofemenino.com.ar\/df\/#organization","name":"Diario Femenino","url":"https:\/\/diariofemenino.com.ar\/df\/","logo":{"@type":"ImageObject","inLanguage":"es","@id":"https:\/\/diariofemenino.com.ar\/df\/#\/schema\/logo\/image\/","url":"https:\/\/diariofemenino.com.ar\/df\/wp-content\/uploads\/2018\/10\/logo.png","contentUrl":"https:\/\/diariofemenino.com.ar\/df\/wp-content\/uploads\/2018\/10\/logo.png","width":500,"height":92,"caption":"Diario Femenino"},"image":{"@id":"https:\/\/diariofemenino.com.ar\/df\/#\/schema\/logo\/image\/"},"sameAs":["https:\/\/www.facebook.com\/DiarioDigitaFemenino\/","https:\/\/x.com\/DiarioFemenino1"]},{"@type":"Person","@id":"https:\/\/diariofemenino.com.ar\/df\/#\/schema\/person\/38f54b3bfd13f561de2460ba95c169c6","name":"Admin","image":{"@type":"ImageObject","inLanguage":"es","@id":"https:\/\/diariofemenino.com.ar\/df\/wp-content\/uploads\/2018\/12\/favicon-150x150.jpg","url":"https:\/\/diariofemenino.com.ar\/df\/wp-content\/uploads\/2018\/12\/favicon-150x150.jpg","contentUrl":"https:\/\/diariofemenino.com.ar\/df\/wp-content\/uploads\/2018\/12\/favicon-150x150.jpg","caption":"Admin"},"url":"https:\/\/diariofemenino.com.ar\/df\/author\/adm18df\/"}]}},"jetpack_featured_media_url":"","jetpack_sharing_enabled":true,"rttpg_featured_image_url":null,"rttpg_author":{"display_name":"Admin","author_link":"https:\/\/diariofemenino.com.ar\/df\/author\/adm18df\/"},"rttpg_comment":0,"rttpg_category":"<a href=\"https:\/\/diariofemenino.com.ar\/df\/category\/historias-de-vida\/\" rel=\"category tag\">Historias de vida<\/a> <a href=\"https:\/\/diariofemenino.com.ar\/df\/category\/medios\/\" rel=\"category tag\">Medios<\/a>","rttpg_excerpt":"&nbsp; La necesidad de que sea el Estado el que lleve adelante una pol\u00edtica p\u00fablica en esta materia, y la actuaci\u00f3n de los distintos organismos que eviten el crecimiento de los casos es la premisa. En 2011 se registraron 284 femicidios, inform\u00f3 Nancy Sotelo a DataChaco. 23 de julio de 2012. Durante el fin de&hellip;","_links":{"self":[{"href":"https:\/\/diariofemenino.com.ar\/df\/wp-json\/wp\/v2\/posts\/2606","targetHints":{"allow":["GET"]}}],"collection":[{"href":"https:\/\/diariofemenino.com.ar\/df\/wp-json\/wp\/v2\/posts"}],"about":[{"href":"https:\/\/diariofemenino.com.ar\/df\/wp-json\/wp\/v2\/types\/post"}],"author":[{"embeddable":true,"href":"https:\/\/diariofemenino.com.ar\/df\/wp-json\/wp\/v2\/users\/1"}],"replies":[{"embeddable":true,"href":"https:\/\/diariofemenino.com.ar\/df\/wp-json\/wp\/v2\/comments?post=2606"}],"version-history":[{"count":0,"href":"https:\/\/diariofemenino.com.ar\/df\/wp-json\/wp\/v2\/posts\/2606\/revisions"}],"wp:featuredmedia":[{"embeddable":true,"href":"https:\/\/diariofemenino.com.ar\/df\/wp-json\/"}],"wp:attachment":[{"href":"https:\/\/diariofemenino.com.ar\/df\/wp-json\/wp\/v2\/media?parent=2606"}],"wp:term":[{"taxonomy":"category","embeddable":true,"href":"https:\/\/diariofemenino.com.ar\/df\/wp-json\/wp\/v2\/categories?post=2606"},{"taxonomy":"post_tag","embeddable":true,"href":"https:\/\/diariofemenino.com.ar\/df\/wp-json\/wp\/v2\/tags?post=2606"}],"curies":[{"name":"wp","href":"https:\/\/api.w.org\/{rel}","templated":true}]}}