{"id":2603,"date":"2012-07-23T21:03:48","date_gmt":"2012-07-24T00:03:48","guid":{"rendered":"http:\/\/www.diariofemenino.com.ar\/?p=2603"},"modified":"2012-07-23T21:03:48","modified_gmt":"2012-07-24T00:03:48","slug":"postergan-el-juicio-por-la-desaparicion-de-marita-veron","status":"publish","type":"post","link":"https:\/\/diariofemenino.com.ar\/df\/postergan-el-juicio-por-la-desaparicion-de-marita-veron\/","title":{"rendered":"Postergan el juicio por la desaparici\u00f3n de Marita Ver\u00f3n"},"content":{"rendered":"<p>&nbsp;<br \/>\n<em>El juicio no se reanudar\u00e1 el martes como estaba previsto, debido a la detenci\u00f3n de Liliana Medina, una de las imputadas en la causa que fue detenida en La Rioja y no podr\u00e1 viajar a Tucum\u00e1n<\/em><br \/>\n&nbsp;<br \/>\n23 de julio de 2012. El tribunal integrados por Alberto Piedrabuena, Emilio Herrera y Eduardo Romero Lascano, que juzga a 13 imputados por el secuestro y desaparici\u00f3n de Marita Ver\u00f3n, tom\u00f3 la decisi\u00f3n porque para que el debate siga es necesario que est\u00e9n presentes todos los acusados.<br \/>\n&nbsp;<br \/>\nLos magistrados esperan una definici\u00f3n sobre la situaci\u00f3n judicial de Medina, quien podr\u00eda ser trasladada ma\u00f1ana a Tucum\u00e1n y alojada en la Brigada Femenina que posee la Polic\u00eda de la provincia.<br \/>\n&nbsp;<br \/>\nSi esto se confirma, la primera audiencia de la semana se programar\u00e1 para el mi\u00e9rcoles por la ma\u00f1ana y es posible que, debido a sus antecedentes, la imputada quede detenida hasta el final del juicio en ese lugar.<br \/>\n&nbsp;<br \/>\nLa mujer fue detenida esta madrugada en la terminal de \u00f3mnibus de La Rioja con 74 tizas de coca\u00edna en su poder, seg\u00fan informaron fuentes policiales.<br \/>\n&nbsp;<br \/>\nEl hallazgo ocurri\u00f3 durante un procedimiento conjunto de las polic\u00edas Federal y Provincial, en el que tambi\u00e9n fueron apresados dos mujeres y el remisero que llevaba a Medina.<br \/>\n&nbsp;<br \/>\nNo es la primera vez que es detenida por tenencia de drogas desde que se inici\u00f3 el juicio de Marita Ver\u00f3n, ya que en marzo pasado la Polic\u00eda encontr\u00f3 m\u00e1s de un kilo de marihuana en una vivienda que se le adjudic\u00f3 como de su propiedad.<br \/>\n&nbsp;<br \/>\nLuego, ante la Justicia, logr\u00f3 evitar la imputaci\u00f3n al probar que en esa vivienda se domiciliaba otra persona de su v\u00ednculo familiar.<br \/>\n&nbsp;<br \/>\nMedina y sus hijos, Fernando \u00abChenga\u00bb G\u00f3mez y Gonzalo \u00abChenguita\u00bb G\u00f3mez, est\u00e1n imputados en el juicio acusados de retener a Marita en un prost\u00edbulo de La Rioja, donde la obligaron a prostituirse.<br \/>\n&nbsp;<br \/>\n&nbsp;<br \/>\n&nbsp;<br \/>\nFuente:\u00a0 <a href=\"http:\/\/www.telam.com.ar\/nota\/32552\/\" target=\"_blank\">T\u00e9lam<\/a><br \/>\n&nbsp;<\/p>\n","protected":false},"excerpt":{"rendered":"<p>&nbsp; El juicio no se reanudar\u00e1 el martes como estaba previsto, debido a la detenci\u00f3n de Liliana Medina, una de las imputadas en la causa que fue detenida en La Rioja y no podr\u00e1 viajar a Tucum\u00e1n &nbsp; 23 de julio de 2012. El tribunal integrados por Alberto Piedrabuena, Emilio Herrera y Eduardo Romero Lascano, [&hellip;]<\/p>\n","protected":false},"author":1,"featured_media":2604,"comment_status":"open","ping_status":"open","sticky":false,"template":"","format":"standard","meta":{"iawp_total_views":0,"footnotes":""},"categories":[4,15],"tags":[],"class_list":["post-2603","post","type-post","status-publish","format-standard","has-post-thumbnail","hentry","category-medios","category-trata-de-personas"],"nelio_content":{"autoShareEndMode":"never","automationSources":{"useCustomSentences":false,"customSentences":[]},"efiAlt":"","efiUrl":"","followers":[],"highlights":[],"isAutoShareEnabled":true,"networkImageIds":[],"permalinkQueryArgs":[],"series":[],"suggestedReferences":[]},"yoast_head":"<!-- This site is optimized with the Yoast SEO plugin v27.4 - https:\/\/yoast.com\/product\/yoast-seo-wordpress\/ -->\n<title>Postergan el juicio por la desaparici\u00f3n de Marita Ver\u00f3n - Diario Digital Femenino<\/title>\n<meta name=\"robots\" content=\"index, follow, max-snippet:-1, max-image-preview:large, max-video-preview:-1\" \/>\n<link rel=\"canonical\" href=\"https:\/\/diariofemenino.com.ar\/df\/postergan-el-juicio-por-la-desaparicion-de-marita-veron\/\" \/>\n<meta property=\"og:locale\" content=\"es_ES\" \/>\n<meta property=\"og:type\" content=\"article\" \/>\n<meta property=\"og:title\" content=\"Postergan el juicio por la desaparici\u00f3n de Marita Ver\u00f3n - Diario Digital Femenino\" \/>\n<meta property=\"og:description\" content=\"&nbsp; El juicio no se reanudar\u00e1 el martes como estaba previsto, debido a la detenci\u00f3n de Liliana Medina, una de las imputadas en la causa que fue detenida en La Rioja y no podr\u00e1 viajar a Tucum\u00e1n &nbsp; 23 de julio de 2012. El tribunal integrados por Alberto Piedrabuena, Emilio Herrera y Eduardo Romero Lascano, [&hellip;]\" \/>\n<meta property=\"og:url\" content=\"https:\/\/diariofemenino.com.ar\/df\/postergan-el-juicio-por-la-desaparicion-de-marita-veron\/\" \/>\n<meta property=\"og:site_name\" content=\"Diario Digital Femenino\" \/>\n<meta property=\"article:publisher\" content=\"https:\/\/www.facebook.com\/DiarioDigitaFemenino\/\" \/>\n<meta property=\"article:published_time\" content=\"2012-07-24T00:03:48+00:00\" \/>\n<meta property=\"og:image\" content=\"https:\/\/diariofemenino.com.ar\/df\/wp-content\/uploads\/2016\/10\/logo-negro.png\" \/>\n\t<meta property=\"og:image:width\" content=\"855\" \/>\n\t<meta property=\"og:image:height\" content=\"319\" \/>\n\t<meta property=\"og:image:type\" content=\"image\/png\" \/>\n<meta name=\"author\" content=\"Admin\" \/>\n<meta name=\"twitter:card\" content=\"summary_large_image\" \/>\n<meta name=\"twitter:creator\" content=\"@DiarioFemenino1\" \/>\n<meta name=\"twitter:site\" content=\"@DiarioFemenino1\" \/>\n<meta name=\"twitter:label1\" content=\"Escrito por\" \/>\n\t<meta name=\"twitter:data1\" content=\"Admin\" \/>\n\t<meta name=\"twitter:label2\" content=\"Tiempo de lectura\" \/>\n\t<meta name=\"twitter:data2\" content=\"2 minutos\" \/>\n<script type=\"application\/ld+json\" class=\"yoast-schema-graph\">{\"@context\":\"https:\\\/\\\/schema.org\",\"@graph\":[{\"@type\":\"Article\",\"@id\":\"https:\\\/\\\/diariofemenino.com.ar\\\/df\\\/postergan-el-juicio-por-la-desaparicion-de-marita-veron\\\/#article\",\"isPartOf\":{\"@id\":\"https:\\\/\\\/diariofemenino.com.ar\\\/df\\\/postergan-el-juicio-por-la-desaparicion-de-marita-veron\\\/\"},\"author\":{\"name\":\"Admin\",\"@id\":\"https:\\\/\\\/diariofemenino.com.ar\\\/df\\\/#\\\/schema\\\/person\\\/38f54b3bfd13f561de2460ba95c169c6\"},\"headline\":\"Postergan el juicio por la desaparici\u00f3n de Marita Ver\u00f3n\",\"datePublished\":\"2012-07-24T00:03:48+00:00\",\"mainEntityOfPage\":{\"@id\":\"https:\\\/\\\/diariofemenino.com.ar\\\/df\\\/postergan-el-juicio-por-la-desaparicion-de-marita-veron\\\/\"},\"wordCount\":356,\"commentCount\":0,\"publisher\":{\"@id\":\"https:\\\/\\\/diariofemenino.com.ar\\\/df\\\/#organization\"},\"image\":{\"@id\":\"https:\\\/\\\/diariofemenino.com.ar\\\/df\\\/postergan-el-juicio-por-la-desaparicion-de-marita-veron\\\/#primaryimage\"},\"thumbnailUrl\":\"\",\"articleSection\":[\"Medios\",\"Trata de Pers.\"],\"inLanguage\":\"es\",\"potentialAction\":[{\"@type\":\"CommentAction\",\"name\":\"Comment\",\"target\":[\"https:\\\/\\\/diariofemenino.com.ar\\\/df\\\/postergan-el-juicio-por-la-desaparicion-de-marita-veron\\\/#respond\"]}]},{\"@type\":\"WebPage\",\"@id\":\"https:\\\/\\\/diariofemenino.com.ar\\\/df\\\/postergan-el-juicio-por-la-desaparicion-de-marita-veron\\\/\",\"url\":\"https:\\\/\\\/diariofemenino.com.ar\\\/df\\\/postergan-el-juicio-por-la-desaparicion-de-marita-veron\\\/\",\"name\":\"Postergan el juicio por la desaparici\u00f3n de Marita Ver\u00f3n - Diario Digital Femenino\",\"isPartOf\":{\"@id\":\"https:\\\/\\\/diariofemenino.com.ar\\\/df\\\/#website\"},\"primaryImageOfPage\":{\"@id\":\"https:\\\/\\\/diariofemenino.com.ar\\\/df\\\/postergan-el-juicio-por-la-desaparicion-de-marita-veron\\\/#primaryimage\"},\"image\":{\"@id\":\"https:\\\/\\\/diariofemenino.com.ar\\\/df\\\/postergan-el-juicio-por-la-desaparicion-de-marita-veron\\\/#primaryimage\"},\"thumbnailUrl\":\"\",\"datePublished\":\"2012-07-24T00:03:48+00:00\",\"breadcrumb\":{\"@id\":\"https:\\\/\\\/diariofemenino.com.ar\\\/df\\\/postergan-el-juicio-por-la-desaparicion-de-marita-veron\\\/#breadcrumb\"},\"inLanguage\":\"es\",\"potentialAction\":[{\"@type\":\"ReadAction\",\"target\":[\"https:\\\/\\\/diariofemenino.com.ar\\\/df\\\/postergan-el-juicio-por-la-desaparicion-de-marita-veron\\\/\"]}]},{\"@type\":\"ImageObject\",\"inLanguage\":\"es\",\"@id\":\"https:\\\/\\\/diariofemenino.com.ar\\\/df\\\/postergan-el-juicio-por-la-desaparicion-de-marita-veron\\\/#primaryimage\",\"url\":\"\",\"contentUrl\":\"\"},{\"@type\":\"BreadcrumbList\",\"@id\":\"https:\\\/\\\/diariofemenino.com.ar\\\/df\\\/postergan-el-juicio-por-la-desaparicion-de-marita-veron\\\/#breadcrumb\",\"itemListElement\":[{\"@type\":\"ListItem\",\"position\":1,\"name\":\"Portada\",\"item\":\"https:\\\/\\\/diariofemenino.com.ar\\\/df\\\/\"},{\"@type\":\"ListItem\",\"position\":2,\"name\":\"Postergan el juicio por la desaparici\u00f3n de Marita Ver\u00f3n\"}]},{\"@type\":\"WebSite\",\"@id\":\"https:\\\/\\\/diariofemenino.com.ar\\\/df\\\/#website\",\"url\":\"https:\\\/\\\/diariofemenino.com.ar\\\/df\\\/\",\"name\":\"Diario Digital Femenino\",\"description\":\"Cuesti\u00f3n de G\u00e9nero\",\"publisher\":{\"@id\":\"https:\\\/\\\/diariofemenino.com.ar\\\/df\\\/#organization\"},\"potentialAction\":[{\"@type\":\"SearchAction\",\"target\":{\"@type\":\"EntryPoint\",\"urlTemplate\":\"https:\\\/\\\/diariofemenino.com.ar\\\/df\\\/?s={search_term_string}\"},\"query-input\":{\"@type\":\"PropertyValueSpecification\",\"valueRequired\":true,\"valueName\":\"search_term_string\"}}],\"inLanguage\":\"es\"},{\"@type\":\"Organization\",\"@id\":\"https:\\\/\\\/diariofemenino.com.ar\\\/df\\\/#organization\",\"name\":\"Diario Femenino\",\"url\":\"https:\\\/\\\/diariofemenino.com.ar\\\/df\\\/\",\"logo\":{\"@type\":\"ImageObject\",\"inLanguage\":\"es\",\"@id\":\"https:\\\/\\\/diariofemenino.com.ar\\\/df\\\/#\\\/schema\\\/logo\\\/image\\\/\",\"url\":\"https:\\\/\\\/diariofemenino.com.ar\\\/df\\\/wp-content\\\/uploads\\\/2018\\\/10\\\/logo.png\",\"contentUrl\":\"https:\\\/\\\/diariofemenino.com.ar\\\/df\\\/wp-content\\\/uploads\\\/2018\\\/10\\\/logo.png\",\"width\":500,\"height\":92,\"caption\":\"Diario Femenino\"},\"image\":{\"@id\":\"https:\\\/\\\/diariofemenino.com.ar\\\/df\\\/#\\\/schema\\\/logo\\\/image\\\/\"},\"sameAs\":[\"https:\\\/\\\/www.facebook.com\\\/DiarioDigitaFemenino\\\/\",\"https:\\\/\\\/x.com\\\/DiarioFemenino1\"]},{\"@type\":\"Person\",\"@id\":\"https:\\\/\\\/diariofemenino.com.ar\\\/df\\\/#\\\/schema\\\/person\\\/38f54b3bfd13f561de2460ba95c169c6\",\"name\":\"Admin\",\"image\":{\"@type\":\"ImageObject\",\"inLanguage\":\"es\",\"@id\":\"https:\\\/\\\/diariofemenino.com.ar\\\/df\\\/wp-content\\\/uploads\\\/2018\\\/12\\\/favicon-150x150.jpg\",\"url\":\"https:\\\/\\\/diariofemenino.com.ar\\\/df\\\/wp-content\\\/uploads\\\/2018\\\/12\\\/favicon-150x150.jpg\",\"contentUrl\":\"https:\\\/\\\/diariofemenino.com.ar\\\/df\\\/wp-content\\\/uploads\\\/2018\\\/12\\\/favicon-150x150.jpg\",\"caption\":\"Admin\"},\"url\":\"https:\\\/\\\/diariofemenino.com.ar\\\/df\\\/author\\\/adm18df\\\/\"}]}<\/script>\n<!-- \/ Yoast SEO plugin. -->","yoast_head_json":{"title":"Postergan el juicio por la desaparici\u00f3n de Marita Ver\u00f3n - Diario Digital Femenino","robots":{"index":"index","follow":"follow","max-snippet":"max-snippet:-1","max-image-preview":"max-image-preview:large","max-video-preview":"max-video-preview:-1"},"canonical":"https:\/\/diariofemenino.com.ar\/df\/postergan-el-juicio-por-la-desaparicion-de-marita-veron\/","og_locale":"es_ES","og_type":"article","og_title":"Postergan el juicio por la desaparici\u00f3n de Marita Ver\u00f3n - Diario Digital Femenino","og_description":"&nbsp; El juicio no se reanudar\u00e1 el martes como estaba previsto, debido a la detenci\u00f3n de Liliana Medina, una de las imputadas en la causa que fue detenida en La Rioja y no podr\u00e1 viajar a Tucum\u00e1n &nbsp; 23 de julio de 2012. El tribunal integrados por Alberto Piedrabuena, Emilio Herrera y Eduardo Romero Lascano, [&hellip;]","og_url":"https:\/\/diariofemenino.com.ar\/df\/postergan-el-juicio-por-la-desaparicion-de-marita-veron\/","og_site_name":"Diario Digital Femenino","article_publisher":"https:\/\/www.facebook.com\/DiarioDigitaFemenino\/","article_published_time":"2012-07-24T00:03:48+00:00","og_image":[{"width":855,"height":319,"url":"https:\/\/diariofemenino.com.ar\/df\/wp-content\/uploads\/2016\/10\/logo-negro.png","type":"image\/png"}],"author":"Admin","twitter_card":"summary_large_image","twitter_creator":"@DiarioFemenino1","twitter_site":"@DiarioFemenino1","twitter_misc":{"Escrito por":"Admin","Tiempo de lectura":"2 minutos"},"schema":{"@context":"https:\/\/schema.org","@graph":[{"@type":"Article","@id":"https:\/\/diariofemenino.com.ar\/df\/postergan-el-juicio-por-la-desaparicion-de-marita-veron\/#article","isPartOf":{"@id":"https:\/\/diariofemenino.com.ar\/df\/postergan-el-juicio-por-la-desaparicion-de-marita-veron\/"},"author":{"name":"Admin","@id":"https:\/\/diariofemenino.com.ar\/df\/#\/schema\/person\/38f54b3bfd13f561de2460ba95c169c6"},"headline":"Postergan el juicio por la desaparici\u00f3n de Marita Ver\u00f3n","datePublished":"2012-07-24T00:03:48+00:00","mainEntityOfPage":{"@id":"https:\/\/diariofemenino.com.ar\/df\/postergan-el-juicio-por-la-desaparicion-de-marita-veron\/"},"wordCount":356,"commentCount":0,"publisher":{"@id":"https:\/\/diariofemenino.com.ar\/df\/#organization"},"image":{"@id":"https:\/\/diariofemenino.com.ar\/df\/postergan-el-juicio-por-la-desaparicion-de-marita-veron\/#primaryimage"},"thumbnailUrl":"","articleSection":["Medios","Trata de Pers."],"inLanguage":"es","potentialAction":[{"@type":"CommentAction","name":"Comment","target":["https:\/\/diariofemenino.com.ar\/df\/postergan-el-juicio-por-la-desaparicion-de-marita-veron\/#respond"]}]},{"@type":"WebPage","@id":"https:\/\/diariofemenino.com.ar\/df\/postergan-el-juicio-por-la-desaparicion-de-marita-veron\/","url":"https:\/\/diariofemenino.com.ar\/df\/postergan-el-juicio-por-la-desaparicion-de-marita-veron\/","name":"Postergan el juicio por la desaparici\u00f3n de Marita Ver\u00f3n - Diario Digital Femenino","isPartOf":{"@id":"https:\/\/diariofemenino.com.ar\/df\/#website"},"primaryImageOfPage":{"@id":"https:\/\/diariofemenino.com.ar\/df\/postergan-el-juicio-por-la-desaparicion-de-marita-veron\/#primaryimage"},"image":{"@id":"https:\/\/diariofemenino.com.ar\/df\/postergan-el-juicio-por-la-desaparicion-de-marita-veron\/#primaryimage"},"thumbnailUrl":"","datePublished":"2012-07-24T00:03:48+00:00","breadcrumb":{"@id":"https:\/\/diariofemenino.com.ar\/df\/postergan-el-juicio-por-la-desaparicion-de-marita-veron\/#breadcrumb"},"inLanguage":"es","potentialAction":[{"@type":"ReadAction","target":["https:\/\/diariofemenino.com.ar\/df\/postergan-el-juicio-por-la-desaparicion-de-marita-veron\/"]}]},{"@type":"ImageObject","inLanguage":"es","@id":"https:\/\/diariofemenino.com.ar\/df\/postergan-el-juicio-por-la-desaparicion-de-marita-veron\/#primaryimage","url":"","contentUrl":""},{"@type":"BreadcrumbList","@id":"https:\/\/diariofemenino.com.ar\/df\/postergan-el-juicio-por-la-desaparicion-de-marita-veron\/#breadcrumb","itemListElement":[{"@type":"ListItem","position":1,"name":"Portada","item":"https:\/\/diariofemenino.com.ar\/df\/"},{"@type":"ListItem","position":2,"name":"Postergan el juicio por la desaparici\u00f3n de Marita Ver\u00f3n"}]},{"@type":"WebSite","@id":"https:\/\/diariofemenino.com.ar\/df\/#website","url":"https:\/\/diariofemenino.com.ar\/df\/","name":"Diario Digital Femenino","description":"Cuesti\u00f3n de G\u00e9nero","publisher":{"@id":"https:\/\/diariofemenino.com.ar\/df\/#organization"},"potentialAction":[{"@type":"SearchAction","target":{"@type":"EntryPoint","urlTemplate":"https:\/\/diariofemenino.com.ar\/df\/?s={search_term_string}"},"query-input":{"@type":"PropertyValueSpecification","valueRequired":true,"valueName":"search_term_string"}}],"inLanguage":"es"},{"@type":"Organization","@id":"https:\/\/diariofemenino.com.ar\/df\/#organization","name":"Diario Femenino","url":"https:\/\/diariofemenino.com.ar\/df\/","logo":{"@type":"ImageObject","inLanguage":"es","@id":"https:\/\/diariofemenino.com.ar\/df\/#\/schema\/logo\/image\/","url":"https:\/\/diariofemenino.com.ar\/df\/wp-content\/uploads\/2018\/10\/logo.png","contentUrl":"https:\/\/diariofemenino.com.ar\/df\/wp-content\/uploads\/2018\/10\/logo.png","width":500,"height":92,"caption":"Diario Femenino"},"image":{"@id":"https:\/\/diariofemenino.com.ar\/df\/#\/schema\/logo\/image\/"},"sameAs":["https:\/\/www.facebook.com\/DiarioDigitaFemenino\/","https:\/\/x.com\/DiarioFemenino1"]},{"@type":"Person","@id":"https:\/\/diariofemenino.com.ar\/df\/#\/schema\/person\/38f54b3bfd13f561de2460ba95c169c6","name":"Admin","image":{"@type":"ImageObject","inLanguage":"es","@id":"https:\/\/diariofemenino.com.ar\/df\/wp-content\/uploads\/2018\/12\/favicon-150x150.jpg","url":"https:\/\/diariofemenino.com.ar\/df\/wp-content\/uploads\/2018\/12\/favicon-150x150.jpg","contentUrl":"https:\/\/diariofemenino.com.ar\/df\/wp-content\/uploads\/2018\/12\/favicon-150x150.jpg","caption":"Admin"},"url":"https:\/\/diariofemenino.com.ar\/df\/author\/adm18df\/"}]}},"jetpack_featured_media_url":"","jetpack_sharing_enabled":true,"rttpg_featured_image_url":null,"rttpg_author":{"display_name":"Admin","author_link":"https:\/\/diariofemenino.com.ar\/df\/author\/adm18df\/"},"rttpg_comment":0,"rttpg_category":"<a href=\"https:\/\/diariofemenino.com.ar\/df\/category\/medios\/\" rel=\"category tag\">Medios<\/a> <a href=\"https:\/\/diariofemenino.com.ar\/df\/category\/trata-de-personas\/\" rel=\"category tag\">Trata de Pers.<\/a>","rttpg_excerpt":"&nbsp; El juicio no se reanudar\u00e1 el martes como estaba previsto, debido a la detenci\u00f3n de Liliana Medina, una de las imputadas en la causa que fue detenida en La Rioja y no podr\u00e1 viajar a Tucum\u00e1n &nbsp; 23 de julio de 2012. El tribunal integrados por Alberto Piedrabuena, Emilio Herrera y Eduardo Romero Lascano,&hellip;","_links":{"self":[{"href":"https:\/\/diariofemenino.com.ar\/df\/wp-json\/wp\/v2\/posts\/2603","targetHints":{"allow":["GET"]}}],"collection":[{"href":"https:\/\/diariofemenino.com.ar\/df\/wp-json\/wp\/v2\/posts"}],"about":[{"href":"https:\/\/diariofemenino.com.ar\/df\/wp-json\/wp\/v2\/types\/post"}],"author":[{"embeddable":true,"href":"https:\/\/diariofemenino.com.ar\/df\/wp-json\/wp\/v2\/users\/1"}],"replies":[{"embeddable":true,"href":"https:\/\/diariofemenino.com.ar\/df\/wp-json\/wp\/v2\/comments?post=2603"}],"version-history":[{"count":0,"href":"https:\/\/diariofemenino.com.ar\/df\/wp-json\/wp\/v2\/posts\/2603\/revisions"}],"wp:featuredmedia":[{"embeddable":true,"href":"https:\/\/diariofemenino.com.ar\/df\/wp-json\/"}],"wp:attachment":[{"href":"https:\/\/diariofemenino.com.ar\/df\/wp-json\/wp\/v2\/media?parent=2603"}],"wp:term":[{"taxonomy":"category","embeddable":true,"href":"https:\/\/diariofemenino.com.ar\/df\/wp-json\/wp\/v2\/categories?post=2603"},{"taxonomy":"post_tag","embeddable":true,"href":"https:\/\/diariofemenino.com.ar\/df\/wp-json\/wp\/v2\/tags?post=2603"}],"curies":[{"name":"wp","href":"https:\/\/api.w.org\/{rel}","templated":true}]}}