{"id":2594,"date":"2012-07-21T23:33:24","date_gmt":"2012-07-22T02:33:24","guid":{"rendered":"http:\/\/www.diariofemenino.com.ar\/?p=2594"},"modified":"2012-07-21T23:33:24","modified_gmt":"2012-07-22T02:33:24","slug":"quedo-constituido-el-frente-abolicionista-nacional","status":"publish","type":"post","link":"https:\/\/diariofemenino.com.ar\/df\/quedo-constituido-el-frente-abolicionista-nacional\/","title":{"rendered":"Qued\u00f3 constituido el Frente Abolicionista Nacional"},"content":{"rendered":"<p>&nbsp;<br \/>\n&nbsp;<br \/>\nEl recientemente constitu\u00eddo Frente Abolicionista Nacional nos hizo llegar informaci\u00f3n sobre su conformaci\u00f3n, la\u00a0fundamentaci\u00f3n\u00a0 y Carta de Principios.<br \/>\n&nbsp;<\/p>\n<p id=\"yui_3_2_0_1_1342922849889187\">\u00abAnte el avance de la prostituci\u00f3n y la trata de personas, que tanto las Naciones Unidas como los registros de diversos pa\u00edses se\u00f1alan , promovido por grupos de inter\u00e9s que buscan el r\u00e9dito econ\u00f3mico mediante el sometimiento y explotaci\u00f3n,\u00a0 personas y grupos hemos decidido unirnos\u00a0 con la finalidad de realizar actividades que fomenten el derecho a una vida digna y no violenta, poniendo freno a las redes de prostituci\u00f3n y por ende, de trata de personas.<\/p>\n<p id=\"yui_3_2_0_1_1342922849889178\">Es as\u00ed que hemos constituido el FRENTE ABOLICIONISTA NACIONAL, cuya Carta de Principios acompa\u00f1a esta presentaci\u00f3n y en la que est\u00e1n formulados los compromisos b\u00e1sicos para integrarse a este Frente.\u00bb<\/p>\n<p><strong><\/strong><br \/>\n<strong>Carta de Principios<\/strong><\/p>\n<p align=\"center\"><strong>FRENTE ABOLICIONISTA NACIONAL<\/strong><\/p>\n<p>Por cuanto para el abolicionismo la prostituci\u00f3n y la trata de personas afectan la dignidad humana y los derechos de las personas en prostituci\u00f3n:<br \/>\n1.- Tiene como fin la abolici\u00f3n del sistema prostituyente, entendido ello como un proceso en el cual son esenciales la represi\u00f3n de los explotadores, la no represi\u00f3n de las personas en situaci\u00f3n de prostituci\u00f3n, la promoci\u00f3n de pol\u00edticas p\u00fablicas restitutivas de derechos y profundos cambios culturales, la visibilizaci\u00f3n y responsabilizaci\u00f3n del prostituyente, (mal llamado \u201ccliente\u201d) como parte de la erradicaci\u00f3n de la desigualdad de g\u00e9nero. Algunos estados, como Suecia hasta han establecido la penalizaci\u00f3n del prostituyente.<br \/>\n2.- Persigue por tanto a proxenetas, rufianes y tratantes, prohibe los prost\u00edbulos y toda otra forma de explotaci\u00f3n de la prostituci\u00f3n ajena y de trata de personas, sin importar el consentimiento de las personas afectadas.<br \/>\n3) Establece que de \u00a0ning\u00fan modo se debe \u00a0perseguir a las mujeres y dem\u00e1s personas en situaci\u00f3n de prostituci\u00f3n y prohibe toda forma de reglamentaci\u00f3n de la prostituci\u00f3n y de imposici\u00f3n de registros y controles m\u00e9dicos.<br \/>\n4.-\u00a0 Sostiene que se deben \u00a0establecer servicios de asistencia para las personas en situaci\u00f3n de prostituci\u00f3n, y la adopci\u00f3n de pol\u00edticas p\u00fablicas tendientes a la restituci\u00f3n y garant\u00eda de sus derechos econ\u00f3micos sociales, culturales, civiles,\u00a0 pol\u00edticos y de todo orden que les han sido negados en tanto actos de discriminaci\u00f3n;<br \/>\n5.- Se opone tanto al prohibicionismo como al reglamentarismo:<br \/>\na) al primero porque proh\u00edbe, persigue y reprime tanto a quienes explotan la prostituci\u00f3n ajena como a las personas en situaci\u00f3n de prostituci\u00f3n, igualando la responsabilidad entre todos los involucrados, sin cuestionar las relaciones de poder propias del sistema prostituyente;<br \/>\nb) al segundo porque legaliza los prost\u00edbulos y la explotaci\u00f3n de la prostituci\u00f3n de otras personas, dispone la inscripci\u00f3n obligatoria de las personas prostituidas en un registro especial, impone \u00a0a las personas en prostituci\u00f3n ex\u00e1menes m\u00e9dicos peri\u00f3dicos, especialmente ginecol\u00f3gicos, para garantizar la salud de los \u201cclientes\u201d (prostituyentes); persigue a las personas en situaci\u00f3n de prostituci\u00f3n en la v\u00eda p\u00fablica y a toda aquella persona que no se halle registrada. En la actualidad, este sistema sostiene la prostituci\u00f3n como un trabajo y, por tanto, la organiza y la promueve.<br \/>\n&nbsp;<br \/>\n6.-\u00a0 Rechaza el viejo reglamentarismo, para el cual la prostituci\u00f3n es un \u201cmal necesario\u201d, que es preciso regular para un mejor control, tanto como la postura actual que sostiene la regulaci\u00f3n como \u201ctrabajo sexual\u201d, es decir, como si fuera un bien social. Estas posiciones naturalizan y se confirman el lugar de las mujeres, ni\u00f1as, ni\u00f1os, adolescentes, travestis, transexuales y transg\u00e9neros y su control como medios para satisfacer el deseo masculino, como cuerpos al servicio del mismo. La desigualdad es un dato que no se cuestiona.<br \/>\nEl FRENTE ABOLICIONISTA NACIONAL (FAN) se constituye como una instancia de acci\u00f3n de las personas, grupos, y entidades de la sociedad civil \u00a0que reunidas en Buenos Aires el 18\u00a0 de julio de 2012, han resuelto \u00a0adherir a sus objetivos, siendo el principal de ellos \u00a0la abolici\u00f3n del sistema prostituyente, y la\u00a0 restituci\u00f3n plena \u00a0de los DDHH\u00a0 a las personas afectadas.<br \/>\nSus acciones est\u00e1n orientadas a difundir el conocimiento de la problem\u00e1tica de la prostitucion y la trata de personas, estableciendo de qu\u00e9 modo afectan la vida individual y colectiva de las personas, entendiendo a la prostitucion como una problem\u00e1tica social y una violaci\u00f3n a los DDHH de las personas en situaci\u00f3n de prostituci\u00f3n que no puede ser reglamentada bajo ninguna denominaci\u00f3n\u00a0 y menos considerada trabajo.<br \/>\nNormativamente se sustenta, \u00a0principalmente, en el paradigma contenido en la\u00a0 Convenci\u00f3n para la Represi\u00f3n de la Trata de Personas y Explotaci\u00f3n de la Prostituci\u00f3n Ajena, de 1949, la cual establece que \u00a0la prostituci\u00f3n y el mal que la acompa\u00f1a la trata son incompatibles con la dignidad humana y el bienestar de las\/los individuos, o sea que no se pueden separar prostituci\u00f3n de trata.<br \/>\nEn su art. 1ro, establece que los estados firmantes se comprometen a castigar a toda persona que para satisfacer deseos propios o ajenos 1) concertare la prostituci\u00f3n de otra persona, 2) explotare la prostituci\u00f3n de otra persona a\u00fan con el consentimiento de tal persona 3) sostuviere\u00a0 una casa de prostituci\u00f3n (art. 2). Es adem\u00e1s punible la participaci\u00f3n criminal y\u00a0 no se pueden establecer ning\u00fan tipo de registro de las personas afectadas.<br \/>\nAsimismo, tiene en cuenta otros instrumentos del derecho humanitario internacional, tales como la Convenci\u00f3n sobre la eliminaci\u00f3n de todas las formas de discriminaci\u00f3n contra la mujer, firmado en 1979 e incorporado a la Constituci\u00f3n Nacional en 1994; la \u201cConvenci\u00f3n Americana sobre Derechos Humanos\u201d, conocida como \u201cPacto de San Jos\u00e9 de Costa Rica; la \u201cConvenci\u00f3n sobre los Derechos del Ni\u00f1o\u201d del 20 de noviembre e 1989, \u00a0el \u201cPacto de Derechos Econ\u00f3micos, Sociales y Culturales\u201d del 19 de diciembre de 1966 .<br \/>\n&nbsp;<br \/>\nUna de las primeras acciones del FRENTE ABOLICIONISTA NACIONAL es conseguir que la C\u00e1mara de diputados transforme en ley el proyecto aprobado por el Senado el 31 Agosto de 2011.-<br \/>\n&nbsp;<br \/>\nPresentes en esta reuni\u00f3n constitutiva del\u00a0 FAN:<\/p>\n<ul>\n<li>Campa\u00f1a Abolicionista. Ni una mujer m\u00e1s v\u00edctima de \u00a0\u00a0\u00a0\u00a0 las redes de prostituci\u00f3n\u201d \u2013 Bs As<\/li>\n<li>ATEM \u201c25 de noviembre\u201d<\/li>\n<li>Grupo Des- Pegar- v\u00ednculos sin violencia<\/li>\n<li>Seminario de DDHH con perspectiva de genero \u2013 UBA<\/li>\n<li>Maestr\u00eda y especializaci\u00f3n en estudios de familia \u2013 \u00a0\u00a0\u00a0\u00a0 UNSAM<\/li>\n<li>Taller permanente de la Mujer &#8211; Librer\u00eda de mujeres<\/li>\n<li>Asoc de Mujeres Argentinas por los DDHH \u2013 AMMAR \u00a0\u00a0\u00a0\u00a0 CAPITAL<\/li>\n<li>Liliana Azaraf<\/li>\n<li>Salma Haidar &#8211; Jujuy<\/li>\n<li>Asoc Civil\u00a0 Nuestras Manos<\/li>\n<li>ALITT \u2013 Asociaci\u00f3n de Lucha por la Identidad \u00a0\u00a0\u00a0\u00a0 Travesti y Transexual<\/li>\n<li>Cooperativa de trabajo \u00a0Nadia Echaz\u00fa<\/li>\n<li>Alberto Ilieff y Leonor Nu\u00f1ez de la Red \u00a0\u00a0\u00a0\u00a0 Abolicionista de la prostituci\u00f3n y trata de personas.<\/li>\n<li>Asoc. Argentina de Mujeres de Carreras Jur\u00eddicas<\/li>\n<\/ul>\n<p>&nbsp;<\/p>\n","protected":false},"excerpt":{"rendered":"<p>&nbsp; &nbsp; El recientemente constitu\u00eddo Frente Abolicionista Nacional nos hizo llegar informaci\u00f3n sobre su conformaci\u00f3n, la\u00a0fundamentaci\u00f3n\u00a0 y Carta de Principios. &nbsp; \u00abAnte el avance de la prostituci\u00f3n y la trata de personas, que tanto las Naciones Unidas como los registros de diversos pa\u00edses se\u00f1alan , promovido por grupos de inter\u00e9s que buscan el r\u00e9dito econ\u00f3mico [&hellip;]<\/p>\n","protected":false},"author":1,"featured_media":0,"comment_status":"open","ping_status":"open","sticky":false,"template":"","format":"standard","meta":{"iawp_total_views":2,"footnotes":""},"categories":[4,21,15],"tags":[],"class_list":["post-2594","post","type-post","status-publish","format-standard","hentry","category-medios","category-noticias","category-trata-de-personas"],"nelio_content":{"autoShareEndMode":"never","automationSources":{"useCustomSentences":false,"customSentences":[]},"efiAlt":"","efiUrl":"","followers":[],"highlights":[],"isAutoShareEnabled":true,"networkImageIds":[],"permalinkQueryArgs":[],"series":[],"suggestedReferences":[]},"yoast_head":"<!-- This site is optimized with the Yoast SEO plugin v27.5 - https:\/\/yoast.com\/product\/yoast-seo-wordpress\/ -->\n<title>Qued\u00f3 constituido el Frente Abolicionista Nacional - Diario Digital Femenino<\/title>\n<meta name=\"robots\" content=\"index, follow, max-snippet:-1, max-image-preview:large, max-video-preview:-1\" \/>\n<link rel=\"canonical\" href=\"https:\/\/diariofemenino.com.ar\/df\/quedo-constituido-el-frente-abolicionista-nacional\/\" \/>\n<meta property=\"og:locale\" content=\"es_ES\" \/>\n<meta property=\"og:type\" content=\"article\" \/>\n<meta property=\"og:title\" content=\"Qued\u00f3 constituido el Frente Abolicionista Nacional - Diario Digital Femenino\" \/>\n<meta property=\"og:description\" content=\"&nbsp; &nbsp; El recientemente constitu\u00eddo Frente Abolicionista Nacional nos hizo llegar informaci\u00f3n sobre su conformaci\u00f3n, la\u00a0fundamentaci\u00f3n\u00a0 y Carta de Principios. &nbsp; \u00abAnte el avance de la prostituci\u00f3n y la trata de personas, que tanto las Naciones Unidas como los registros de diversos pa\u00edses se\u00f1alan , promovido por grupos de inter\u00e9s que buscan el r\u00e9dito econ\u00f3mico [&hellip;]\" \/>\n<meta property=\"og:url\" content=\"https:\/\/diariofemenino.com.ar\/df\/quedo-constituido-el-frente-abolicionista-nacional\/\" \/>\n<meta property=\"og:site_name\" content=\"Diario Digital Femenino\" \/>\n<meta property=\"article:publisher\" content=\"https:\/\/www.facebook.com\/DiarioDigitaFemenino\/\" \/>\n<meta property=\"article:published_time\" content=\"2012-07-22T02:33:24+00:00\" \/>\n<meta property=\"og:image\" content=\"https:\/\/diariofemenino.com.ar\/df\/wp-content\/uploads\/2016\/10\/logo-negro.png\" \/>\n\t<meta property=\"og:image:width\" content=\"855\" \/>\n\t<meta property=\"og:image:height\" content=\"319\" \/>\n\t<meta property=\"og:image:type\" content=\"image\/png\" \/>\n<meta name=\"author\" content=\"Admin\" \/>\n<meta name=\"twitter:card\" content=\"summary_large_image\" \/>\n<meta name=\"twitter:creator\" content=\"@DiarioFemenino1\" \/>\n<meta name=\"twitter:site\" content=\"@DiarioFemenino1\" \/>\n<meta name=\"twitter:label1\" content=\"Escrito por\" \/>\n\t<meta name=\"twitter:data1\" content=\"Admin\" \/>\n\t<meta name=\"twitter:label2\" content=\"Tiempo de lectura\" \/>\n\t<meta name=\"twitter:data2\" content=\"6 minutos\" \/>\n<script type=\"application\/ld+json\" class=\"yoast-schema-graph\">{\"@context\":\"https:\\\/\\\/schema.org\",\"@graph\":[{\"@type\":\"Article\",\"@id\":\"https:\\\/\\\/diariofemenino.com.ar\\\/df\\\/quedo-constituido-el-frente-abolicionista-nacional\\\/#article\",\"isPartOf\":{\"@id\":\"https:\\\/\\\/diariofemenino.com.ar\\\/df\\\/quedo-constituido-el-frente-abolicionista-nacional\\\/\"},\"author\":{\"name\":\"Admin\",\"@id\":\"https:\\\/\\\/diariofemenino.com.ar\\\/df\\\/#\\\/schema\\\/person\\\/38f54b3bfd13f561de2460ba95c169c6\"},\"headline\":\"Qued\u00f3 constituido el Frente Abolicionista Nacional\",\"datePublished\":\"2012-07-22T02:33:24+00:00\",\"mainEntityOfPage\":{\"@id\":\"https:\\\/\\\/diariofemenino.com.ar\\\/df\\\/quedo-constituido-el-frente-abolicionista-nacional\\\/\"},\"wordCount\":1173,\"commentCount\":2,\"publisher\":{\"@id\":\"https:\\\/\\\/diariofemenino.com.ar\\\/df\\\/#organization\"},\"articleSection\":[\"Medios\",\"Noticias\",\"Trata de Pers.\"],\"inLanguage\":\"es\",\"potentialAction\":[{\"@type\":\"CommentAction\",\"name\":\"Comment\",\"target\":[\"https:\\\/\\\/diariofemenino.com.ar\\\/df\\\/quedo-constituido-el-frente-abolicionista-nacional\\\/#respond\"]}]},{\"@type\":\"WebPage\",\"@id\":\"https:\\\/\\\/diariofemenino.com.ar\\\/df\\\/quedo-constituido-el-frente-abolicionista-nacional\\\/\",\"url\":\"https:\\\/\\\/diariofemenino.com.ar\\\/df\\\/quedo-constituido-el-frente-abolicionista-nacional\\\/\",\"name\":\"Qued\u00f3 constituido el Frente Abolicionista Nacional - Diario Digital Femenino\",\"isPartOf\":{\"@id\":\"https:\\\/\\\/diariofemenino.com.ar\\\/df\\\/#website\"},\"datePublished\":\"2012-07-22T02:33:24+00:00\",\"breadcrumb\":{\"@id\":\"https:\\\/\\\/diariofemenino.com.ar\\\/df\\\/quedo-constituido-el-frente-abolicionista-nacional\\\/#breadcrumb\"},\"inLanguage\":\"es\",\"potentialAction\":[{\"@type\":\"ReadAction\",\"target\":[\"https:\\\/\\\/diariofemenino.com.ar\\\/df\\\/quedo-constituido-el-frente-abolicionista-nacional\\\/\"]}]},{\"@type\":\"BreadcrumbList\",\"@id\":\"https:\\\/\\\/diariofemenino.com.ar\\\/df\\\/quedo-constituido-el-frente-abolicionista-nacional\\\/#breadcrumb\",\"itemListElement\":[{\"@type\":\"ListItem\",\"position\":1,\"name\":\"Portada\",\"item\":\"https:\\\/\\\/diariofemenino.com.ar\\\/df\\\/\"},{\"@type\":\"ListItem\",\"position\":2,\"name\":\"Qued\u00f3 constituido el Frente Abolicionista Nacional\"}]},{\"@type\":\"WebSite\",\"@id\":\"https:\\\/\\\/diariofemenino.com.ar\\\/df\\\/#website\",\"url\":\"https:\\\/\\\/diariofemenino.com.ar\\\/df\\\/\",\"name\":\"Diario Digital Femenino\",\"description\":\"Cuesti\u00f3n de G\u00e9nero\",\"publisher\":{\"@id\":\"https:\\\/\\\/diariofemenino.com.ar\\\/df\\\/#organization\"},\"potentialAction\":[{\"@type\":\"SearchAction\",\"target\":{\"@type\":\"EntryPoint\",\"urlTemplate\":\"https:\\\/\\\/diariofemenino.com.ar\\\/df\\\/?s={search_term_string}\"},\"query-input\":{\"@type\":\"PropertyValueSpecification\",\"valueRequired\":true,\"valueName\":\"search_term_string\"}}],\"inLanguage\":\"es\"},{\"@type\":\"Organization\",\"@id\":\"https:\\\/\\\/diariofemenino.com.ar\\\/df\\\/#organization\",\"name\":\"Diario Femenino\",\"url\":\"https:\\\/\\\/diariofemenino.com.ar\\\/df\\\/\",\"logo\":{\"@type\":\"ImageObject\",\"inLanguage\":\"es\",\"@id\":\"https:\\\/\\\/diariofemenino.com.ar\\\/df\\\/#\\\/schema\\\/logo\\\/image\\\/\",\"url\":\"https:\\\/\\\/diariofemenino.com.ar\\\/df\\\/wp-content\\\/uploads\\\/2018\\\/10\\\/logo.png\",\"contentUrl\":\"https:\\\/\\\/diariofemenino.com.ar\\\/df\\\/wp-content\\\/uploads\\\/2018\\\/10\\\/logo.png\",\"width\":500,\"height\":92,\"caption\":\"Diario Femenino\"},\"image\":{\"@id\":\"https:\\\/\\\/diariofemenino.com.ar\\\/df\\\/#\\\/schema\\\/logo\\\/image\\\/\"},\"sameAs\":[\"https:\\\/\\\/www.facebook.com\\\/DiarioDigitaFemenino\\\/\",\"https:\\\/\\\/x.com\\\/DiarioFemenino1\"]},{\"@type\":\"Person\",\"@id\":\"https:\\\/\\\/diariofemenino.com.ar\\\/df\\\/#\\\/schema\\\/person\\\/38f54b3bfd13f561de2460ba95c169c6\",\"name\":\"Admin\",\"image\":{\"@type\":\"ImageObject\",\"inLanguage\":\"es\",\"@id\":\"https:\\\/\\\/diariofemenino.com.ar\\\/df\\\/wp-content\\\/uploads\\\/2018\\\/12\\\/favicon-150x150.jpg\",\"url\":\"https:\\\/\\\/diariofemenino.com.ar\\\/df\\\/wp-content\\\/uploads\\\/2018\\\/12\\\/favicon-150x150.jpg\",\"contentUrl\":\"https:\\\/\\\/diariofemenino.com.ar\\\/df\\\/wp-content\\\/uploads\\\/2018\\\/12\\\/favicon-150x150.jpg\",\"caption\":\"Admin\"},\"url\":\"https:\\\/\\\/diariofemenino.com.ar\\\/df\\\/author\\\/adm18df\\\/\"}]}<\/script>\n<!-- \/ Yoast SEO plugin. -->","yoast_head_json":{"title":"Qued\u00f3 constituido el Frente Abolicionista Nacional - Diario Digital Femenino","robots":{"index":"index","follow":"follow","max-snippet":"max-snippet:-1","max-image-preview":"max-image-preview:large","max-video-preview":"max-video-preview:-1"},"canonical":"https:\/\/diariofemenino.com.ar\/df\/quedo-constituido-el-frente-abolicionista-nacional\/","og_locale":"es_ES","og_type":"article","og_title":"Qued\u00f3 constituido el Frente Abolicionista Nacional - Diario Digital Femenino","og_description":"&nbsp; &nbsp; El recientemente constitu\u00eddo Frente Abolicionista Nacional nos hizo llegar informaci\u00f3n sobre su conformaci\u00f3n, la\u00a0fundamentaci\u00f3n\u00a0 y Carta de Principios. &nbsp; \u00abAnte el avance de la prostituci\u00f3n y la trata de personas, que tanto las Naciones Unidas como los registros de diversos pa\u00edses se\u00f1alan , promovido por grupos de inter\u00e9s que buscan el r\u00e9dito econ\u00f3mico [&hellip;]","og_url":"https:\/\/diariofemenino.com.ar\/df\/quedo-constituido-el-frente-abolicionista-nacional\/","og_site_name":"Diario Digital Femenino","article_publisher":"https:\/\/www.facebook.com\/DiarioDigitaFemenino\/","article_published_time":"2012-07-22T02:33:24+00:00","og_image":[{"width":855,"height":319,"url":"https:\/\/diariofemenino.com.ar\/df\/wp-content\/uploads\/2016\/10\/logo-negro.png","type":"image\/png"}],"author":"Admin","twitter_card":"summary_large_image","twitter_creator":"@DiarioFemenino1","twitter_site":"@DiarioFemenino1","twitter_misc":{"Escrito por":"Admin","Tiempo de lectura":"6 minutos"},"schema":{"@context":"https:\/\/schema.org","@graph":[{"@type":"Article","@id":"https:\/\/diariofemenino.com.ar\/df\/quedo-constituido-el-frente-abolicionista-nacional\/#article","isPartOf":{"@id":"https:\/\/diariofemenino.com.ar\/df\/quedo-constituido-el-frente-abolicionista-nacional\/"},"author":{"name":"Admin","@id":"https:\/\/diariofemenino.com.ar\/df\/#\/schema\/person\/38f54b3bfd13f561de2460ba95c169c6"},"headline":"Qued\u00f3 constituido el Frente Abolicionista Nacional","datePublished":"2012-07-22T02:33:24+00:00","mainEntityOfPage":{"@id":"https:\/\/diariofemenino.com.ar\/df\/quedo-constituido-el-frente-abolicionista-nacional\/"},"wordCount":1173,"commentCount":2,"publisher":{"@id":"https:\/\/diariofemenino.com.ar\/df\/#organization"},"articleSection":["Medios","Noticias","Trata de Pers."],"inLanguage":"es","potentialAction":[{"@type":"CommentAction","name":"Comment","target":["https:\/\/diariofemenino.com.ar\/df\/quedo-constituido-el-frente-abolicionista-nacional\/#respond"]}]},{"@type":"WebPage","@id":"https:\/\/diariofemenino.com.ar\/df\/quedo-constituido-el-frente-abolicionista-nacional\/","url":"https:\/\/diariofemenino.com.ar\/df\/quedo-constituido-el-frente-abolicionista-nacional\/","name":"Qued\u00f3 constituido el Frente Abolicionista Nacional - Diario Digital Femenino","isPartOf":{"@id":"https:\/\/diariofemenino.com.ar\/df\/#website"},"datePublished":"2012-07-22T02:33:24+00:00","breadcrumb":{"@id":"https:\/\/diariofemenino.com.ar\/df\/quedo-constituido-el-frente-abolicionista-nacional\/#breadcrumb"},"inLanguage":"es","potentialAction":[{"@type":"ReadAction","target":["https:\/\/diariofemenino.com.ar\/df\/quedo-constituido-el-frente-abolicionista-nacional\/"]}]},{"@type":"BreadcrumbList","@id":"https:\/\/diariofemenino.com.ar\/df\/quedo-constituido-el-frente-abolicionista-nacional\/#breadcrumb","itemListElement":[{"@type":"ListItem","position":1,"name":"Portada","item":"https:\/\/diariofemenino.com.ar\/df\/"},{"@type":"ListItem","position":2,"name":"Qued\u00f3 constituido el Frente Abolicionista Nacional"}]},{"@type":"WebSite","@id":"https:\/\/diariofemenino.com.ar\/df\/#website","url":"https:\/\/diariofemenino.com.ar\/df\/","name":"Diario Digital Femenino","description":"Cuesti\u00f3n de G\u00e9nero","publisher":{"@id":"https:\/\/diariofemenino.com.ar\/df\/#organization"},"potentialAction":[{"@type":"SearchAction","target":{"@type":"EntryPoint","urlTemplate":"https:\/\/diariofemenino.com.ar\/df\/?s={search_term_string}"},"query-input":{"@type":"PropertyValueSpecification","valueRequired":true,"valueName":"search_term_string"}}],"inLanguage":"es"},{"@type":"Organization","@id":"https:\/\/diariofemenino.com.ar\/df\/#organization","name":"Diario Femenino","url":"https:\/\/diariofemenino.com.ar\/df\/","logo":{"@type":"ImageObject","inLanguage":"es","@id":"https:\/\/diariofemenino.com.ar\/df\/#\/schema\/logo\/image\/","url":"https:\/\/diariofemenino.com.ar\/df\/wp-content\/uploads\/2018\/10\/logo.png","contentUrl":"https:\/\/diariofemenino.com.ar\/df\/wp-content\/uploads\/2018\/10\/logo.png","width":500,"height":92,"caption":"Diario Femenino"},"image":{"@id":"https:\/\/diariofemenino.com.ar\/df\/#\/schema\/logo\/image\/"},"sameAs":["https:\/\/www.facebook.com\/DiarioDigitaFemenino\/","https:\/\/x.com\/DiarioFemenino1"]},{"@type":"Person","@id":"https:\/\/diariofemenino.com.ar\/df\/#\/schema\/person\/38f54b3bfd13f561de2460ba95c169c6","name":"Admin","image":{"@type":"ImageObject","inLanguage":"es","@id":"https:\/\/diariofemenino.com.ar\/df\/wp-content\/uploads\/2018\/12\/favicon-150x150.jpg","url":"https:\/\/diariofemenino.com.ar\/df\/wp-content\/uploads\/2018\/12\/favicon-150x150.jpg","contentUrl":"https:\/\/diariofemenino.com.ar\/df\/wp-content\/uploads\/2018\/12\/favicon-150x150.jpg","caption":"Admin"},"url":"https:\/\/diariofemenino.com.ar\/df\/author\/adm18df\/"}]}},"jetpack_featured_media_url":"","jetpack_sharing_enabled":true,"rttpg_featured_image_url":null,"rttpg_author":{"display_name":"Admin","author_link":"https:\/\/diariofemenino.com.ar\/df\/author\/adm18df\/"},"rttpg_comment":2,"rttpg_category":"<a href=\"https:\/\/diariofemenino.com.ar\/df\/category\/medios\/\" rel=\"category tag\">Medios<\/a> <a href=\"https:\/\/diariofemenino.com.ar\/df\/category\/noticias\/\" rel=\"category tag\">Noticias<\/a> <a href=\"https:\/\/diariofemenino.com.ar\/df\/category\/trata-de-personas\/\" rel=\"category tag\">Trata de Pers.<\/a>","rttpg_excerpt":"&nbsp; &nbsp; El recientemente constitu\u00eddo Frente Abolicionista Nacional nos hizo llegar informaci\u00f3n sobre su conformaci\u00f3n, la\u00a0fundamentaci\u00f3n\u00a0 y Carta de Principios. &nbsp; \u00abAnte el avance de la prostituci\u00f3n y la trata de personas, que tanto las Naciones Unidas como los registros de diversos pa\u00edses se\u00f1alan , promovido por grupos de inter\u00e9s que buscan el r\u00e9dito econ\u00f3mico&hellip;","_links":{"self":[{"href":"https:\/\/diariofemenino.com.ar\/df\/wp-json\/wp\/v2\/posts\/2594","targetHints":{"allow":["GET"]}}],"collection":[{"href":"https:\/\/diariofemenino.com.ar\/df\/wp-json\/wp\/v2\/posts"}],"about":[{"href":"https:\/\/diariofemenino.com.ar\/df\/wp-json\/wp\/v2\/types\/post"}],"author":[{"embeddable":true,"href":"https:\/\/diariofemenino.com.ar\/df\/wp-json\/wp\/v2\/users\/1"}],"replies":[{"embeddable":true,"href":"https:\/\/diariofemenino.com.ar\/df\/wp-json\/wp\/v2\/comments?post=2594"}],"version-history":[{"count":0,"href":"https:\/\/diariofemenino.com.ar\/df\/wp-json\/wp\/v2\/posts\/2594\/revisions"}],"wp:attachment":[{"href":"https:\/\/diariofemenino.com.ar\/df\/wp-json\/wp\/v2\/media?parent=2594"}],"wp:term":[{"taxonomy":"category","embeddable":true,"href":"https:\/\/diariofemenino.com.ar\/df\/wp-json\/wp\/v2\/categories?post=2594"},{"taxonomy":"post_tag","embeddable":true,"href":"https:\/\/diariofemenino.com.ar\/df\/wp-json\/wp\/v2\/tags?post=2594"}],"curies":[{"name":"wp","href":"https:\/\/api.w.org\/{rel}","templated":true}]}}