{"id":25789,"date":"2016-12-01T15:07:52","date_gmt":"2016-12-01T15:07:52","guid":{"rendered":"http:\/\/diariofemenino.com.ar\/v2\/?p=25789"},"modified":"2016-12-01T15:07:52","modified_gmt":"2016-12-01T15:07:52","slug":"vih-en-america-latina-los-paises-con-mayor-incremento-de-casos","status":"publish","type":"post","link":"https:\/\/diariofemenino.com.ar\/df\/vih-en-america-latina-los-paises-con-mayor-incremento-de-casos\/","title":{"rendered":"VIH en Am\u00e9rica Latina: los pa\u00edses con mayor incremento de casos"},"content":{"rendered":"<p>Un estudio realizado en la Universidad de Washington, en EE.UU. revel\u00f3 que en Am\u00e9rica Latina el pa\u00eds con mayor incremento de casos nuevos de VIH es Argentina.<br \/>\n<img loading=\"lazy\" decoding=\"async\" class=\"alignnone size-full wp-image-25793\" src=\"https:\/\/diariofemenino.com.ar\/df\/wp-content\/uploads\/2018\/10\/201085america-latina-vhijpg.jpg\" alt=\"201085america-latina-vhijpg\" width=\"480\" height=\"696\" \/><br \/>\nPor <strong>Dario Torres<\/strong><br \/>\nSeg\u00fan el estudio que comprende la d\u00e9cada de 2005 a 2015, del Instituto para la Medici\u00f3n y Evaluaci\u00f3n de la Salud (IHME) de la Universidad de Washington,ee.uu. \u00a0a nivel mundial se registraron un aproximado de 2,5 millones de casos nuevos al a\u00f1o.<br \/>\nEsta cifra disminuy\u00f3 en 0,7% con respecto a la d\u00e9cada anterior, sin embargo en pa\u00edses de Am\u00e9rica Latina como Argentina, la aparici\u00f3n de casos nuevos increment\u00f3 a ra\u00edz de 7,8% anual, es decir, pasaron de ser 2850 casos en 2005 a <strong>6320 casos el a\u00f1o pasado (2015).<\/strong><br \/>\n<strong>Argentina<\/strong>\u00a0lidera el ranking de pa\u00edses de Am\u00e9rica Latina con\u00a0<strong>mayor cantidad de nuevos casos de VIH<\/strong>\u00a0registrados en los \u00faltimos diez a\u00f1os\u00a0<strong>con 7,8%<\/strong>. Le sigue Paraguay, con el 4,9%, Bolivia con el 4,8%, Colombia: 4,6%, Ecuador: 3,9%, Per\u00fa: 1,7%; Venezuela: 0,4%; Uruguay: -0,5% y Chile con -3,3%.<br \/>\nLa causa principal del incremento en Argentina, seg\u00fan los cient\u00edficos, fueron las relaciones sexuales sin protecci\u00f3n:\u00a0<strong>9 de cada 10 personas diagnosticadas entre 2012 y 2014 no utilizaron preservativo. <\/strong>Y la mitad de los casos corresponde a\u00a0<strong style=\"font-style: inherit;\">parejas heterosexuales, la otra mitad a parejas homosexuales.\u00a0<\/strong><br \/>\nMientras tanto<strong> en Per\u00fa el panorama parece ser m\u00e1s alentador<\/strong> pues las cifras arrojan que el incremento se di\u00f3 en un <strong>1,7% anual,<\/strong> siendo el sexto pa\u00eds con mayor incidencia de casos nuevos en Am\u00e9rica Latina.<br \/>\nFinalmente aparecen\u00a0Venezuela con 0,4%; Uruguay: -0,5% y Chile con -3,3%.<br \/>\n&nbsp;<br \/>\n&nbsp;<br \/>\nFuente: RPP Noticias<br \/>\n&nbsp;<br \/>\n&nbsp;<\/p>\n","protected":false},"excerpt":{"rendered":"<p>Un estudio realizado en la Universidad de Washington, en EE.UU. revel\u00f3 que en Am\u00e9rica Latina el pa\u00eds con mayor incremento de casos nuevos de VIH es Argentina. Por Dario Torres Seg\u00fan el estudio que comprende la d\u00e9cada de 2005 a 2015, del Instituto para la Medici\u00f3n y Evaluaci\u00f3n de la Salud (IHME) de la Universidad [&hellip;]<\/p>\n","protected":false},"author":1,"featured_media":25793,"comment_status":"open","ping_status":"open","sticky":false,"template":"","format":"standard","meta":{"iawp_total_views":66,"footnotes":""},"categories":[7,19,6,580],"tags":[18,77],"class_list":["post-25789","post","type-post","status-publish","format-standard","has-post-thumbnail","hentry","category-actividades","category-biblioteca","category-articulos","category-resistencia-verdevioleta","tag-politicas-publicas","tag-vih"],"nelio_content":{"autoShareEndMode":"never","automationSources":{"useCustomSentences":false,"customSentences":[]},"efiAlt":"","efiUrl":"","followers":[],"highlights":[],"isAutoShareEnabled":true,"networkImageIds":[],"permalinkQueryArgs":[],"series":[],"suggestedReferences":[]},"yoast_head":"<!-- This site is optimized with the Yoast SEO plugin v27.5 - https:\/\/yoast.com\/product\/yoast-seo-wordpress\/ -->\n<title>VIH en Am\u00e9rica Latina: los pa\u00edses con mayor incremento de casos - Diario Digital Femenino<\/title>\n<meta name=\"robots\" content=\"index, follow, max-snippet:-1, max-image-preview:large, max-video-preview:-1\" \/>\n<link rel=\"canonical\" href=\"https:\/\/diariofemenino.com.ar\/df\/vih-en-america-latina-los-paises-con-mayor-incremento-de-casos\/\" \/>\n<meta property=\"og:locale\" content=\"es_ES\" \/>\n<meta property=\"og:type\" content=\"article\" \/>\n<meta property=\"og:title\" content=\"VIH en Am\u00e9rica Latina: los pa\u00edses con mayor incremento de casos - Diario Digital Femenino\" \/>\n<meta property=\"og:description\" content=\"Un estudio realizado en la Universidad de Washington, en EE.UU. revel\u00f3 que en Am\u00e9rica Latina el pa\u00eds con mayor incremento de casos nuevos de VIH es Argentina. Por Dario Torres Seg\u00fan el estudio que comprende la d\u00e9cada de 2005 a 2015, del Instituto para la Medici\u00f3n y Evaluaci\u00f3n de la Salud (IHME) de la Universidad [&hellip;]\" \/>\n<meta property=\"og:url\" content=\"https:\/\/diariofemenino.com.ar\/df\/vih-en-america-latina-los-paises-con-mayor-incremento-de-casos\/\" \/>\n<meta property=\"og:site_name\" content=\"Diario Digital Femenino\" \/>\n<meta property=\"article:publisher\" content=\"https:\/\/www.facebook.com\/DiarioDigitaFemenino\/\" \/>\n<meta property=\"article:published_time\" content=\"2016-12-01T15:07:52+00:00\" \/>\n<meta property=\"og:image\" content=\"https:\/\/diariofemenino.com.ar\/df\/wp-content\/uploads\/2016\/12\/201085america-latina-vhijpg.jpg\" \/>\n\t<meta property=\"og:image:width\" content=\"480\" \/>\n\t<meta property=\"og:image:height\" content=\"696\" \/>\n\t<meta property=\"og:image:type\" content=\"image\/jpeg\" \/>\n<meta name=\"author\" content=\"Admin\" \/>\n<meta name=\"twitter:card\" content=\"summary_large_image\" \/>\n<meta name=\"twitter:creator\" content=\"@DiarioFemenino1\" \/>\n<meta name=\"twitter:site\" content=\"@DiarioFemenino1\" \/>\n<meta name=\"twitter:label1\" content=\"Escrito por\" \/>\n\t<meta name=\"twitter:data1\" content=\"Admin\" \/>\n\t<meta name=\"twitter:label2\" content=\"Tiempo de lectura\" \/>\n\t<meta name=\"twitter:data2\" content=\"1 minuto\" \/>\n<script type=\"application\/ld+json\" class=\"yoast-schema-graph\">{\"@context\":\"https:\\\/\\\/schema.org\",\"@graph\":[{\"@type\":\"Article\",\"@id\":\"https:\\\/\\\/diariofemenino.com.ar\\\/df\\\/vih-en-america-latina-los-paises-con-mayor-incremento-de-casos\\\/#article\",\"isPartOf\":{\"@id\":\"https:\\\/\\\/diariofemenino.com.ar\\\/df\\\/vih-en-america-latina-los-paises-con-mayor-incremento-de-casos\\\/\"},\"author\":{\"name\":\"Admin\",\"@id\":\"https:\\\/\\\/diariofemenino.com.ar\\\/df\\\/#\\\/schema\\\/person\\\/38f54b3bfd13f561de2460ba95c169c6\"},\"headline\":\"VIH en Am\u00e9rica Latina: los pa\u00edses con mayor incremento de casos\",\"datePublished\":\"2016-12-01T15:07:52+00:00\",\"mainEntityOfPage\":{\"@id\":\"https:\\\/\\\/diariofemenino.com.ar\\\/df\\\/vih-en-america-latina-los-paises-con-mayor-incremento-de-casos\\\/\"},\"wordCount\":283,\"commentCount\":0,\"publisher\":{\"@id\":\"https:\\\/\\\/diariofemenino.com.ar\\\/df\\\/#organization\"},\"image\":{\"@id\":\"https:\\\/\\\/diariofemenino.com.ar\\\/df\\\/vih-en-america-latina-los-paises-con-mayor-incremento-de-casos\\\/#primaryimage\"},\"thumbnailUrl\":\"https:\\\/\\\/diariofemenino.com.ar\\\/df\\\/wp-content\\\/uploads\\\/2016\\\/12\\\/201085america-latina-vhijpg.jpg\",\"keywords\":[\"Pol\u00edticas p\u00fablicas\",\"VIH\"],\"articleSection\":[\"Actividades\",\"Biblioteca Virtual\",\"Mujeres en Palabras\",\"Resistencia VerdeVioleta\"],\"inLanguage\":\"es\",\"potentialAction\":[{\"@type\":\"CommentAction\",\"name\":\"Comment\",\"target\":[\"https:\\\/\\\/diariofemenino.com.ar\\\/df\\\/vih-en-america-latina-los-paises-con-mayor-incremento-de-casos\\\/#respond\"]}]},{\"@type\":\"WebPage\",\"@id\":\"https:\\\/\\\/diariofemenino.com.ar\\\/df\\\/vih-en-america-latina-los-paises-con-mayor-incremento-de-casos\\\/\",\"url\":\"https:\\\/\\\/diariofemenino.com.ar\\\/df\\\/vih-en-america-latina-los-paises-con-mayor-incremento-de-casos\\\/\",\"name\":\"VIH en Am\u00e9rica Latina: los pa\u00edses con mayor incremento de casos - Diario Digital Femenino\",\"isPartOf\":{\"@id\":\"https:\\\/\\\/diariofemenino.com.ar\\\/df\\\/#website\"},\"primaryImageOfPage\":{\"@id\":\"https:\\\/\\\/diariofemenino.com.ar\\\/df\\\/vih-en-america-latina-los-paises-con-mayor-incremento-de-casos\\\/#primaryimage\"},\"image\":{\"@id\":\"https:\\\/\\\/diariofemenino.com.ar\\\/df\\\/vih-en-america-latina-los-paises-con-mayor-incremento-de-casos\\\/#primaryimage\"},\"thumbnailUrl\":\"https:\\\/\\\/diariofemenino.com.ar\\\/df\\\/wp-content\\\/uploads\\\/2016\\\/12\\\/201085america-latina-vhijpg.jpg\",\"datePublished\":\"2016-12-01T15:07:52+00:00\",\"breadcrumb\":{\"@id\":\"https:\\\/\\\/diariofemenino.com.ar\\\/df\\\/vih-en-america-latina-los-paises-con-mayor-incremento-de-casos\\\/#breadcrumb\"},\"inLanguage\":\"es\",\"potentialAction\":[{\"@type\":\"ReadAction\",\"target\":[\"https:\\\/\\\/diariofemenino.com.ar\\\/df\\\/vih-en-america-latina-los-paises-con-mayor-incremento-de-casos\\\/\"]}]},{\"@type\":\"ImageObject\",\"inLanguage\":\"es\",\"@id\":\"https:\\\/\\\/diariofemenino.com.ar\\\/df\\\/vih-en-america-latina-los-paises-con-mayor-incremento-de-casos\\\/#primaryimage\",\"url\":\"https:\\\/\\\/diariofemenino.com.ar\\\/df\\\/wp-content\\\/uploads\\\/2016\\\/12\\\/201085america-latina-vhijpg.jpg\",\"contentUrl\":\"https:\\\/\\\/diariofemenino.com.ar\\\/df\\\/wp-content\\\/uploads\\\/2016\\\/12\\\/201085america-latina-vhijpg.jpg\",\"width\":480,\"height\":696},{\"@type\":\"BreadcrumbList\",\"@id\":\"https:\\\/\\\/diariofemenino.com.ar\\\/df\\\/vih-en-america-latina-los-paises-con-mayor-incremento-de-casos\\\/#breadcrumb\",\"itemListElement\":[{\"@type\":\"ListItem\",\"position\":1,\"name\":\"Portada\",\"item\":\"https:\\\/\\\/diariofemenino.com.ar\\\/df\\\/\"},{\"@type\":\"ListItem\",\"position\":2,\"name\":\"VIH en Am\u00e9rica Latina: los pa\u00edses con mayor incremento de casos\"}]},{\"@type\":\"WebSite\",\"@id\":\"https:\\\/\\\/diariofemenino.com.ar\\\/df\\\/#website\",\"url\":\"https:\\\/\\\/diariofemenino.com.ar\\\/df\\\/\",\"name\":\"Diario Digital Femenino\",\"description\":\"Cuesti\u00f3n de G\u00e9nero\",\"publisher\":{\"@id\":\"https:\\\/\\\/diariofemenino.com.ar\\\/df\\\/#organization\"},\"potentialAction\":[{\"@type\":\"SearchAction\",\"target\":{\"@type\":\"EntryPoint\",\"urlTemplate\":\"https:\\\/\\\/diariofemenino.com.ar\\\/df\\\/?s={search_term_string}\"},\"query-input\":{\"@type\":\"PropertyValueSpecification\",\"valueRequired\":true,\"valueName\":\"search_term_string\"}}],\"inLanguage\":\"es\"},{\"@type\":\"Organization\",\"@id\":\"https:\\\/\\\/diariofemenino.com.ar\\\/df\\\/#organization\",\"name\":\"Diario Femenino\",\"url\":\"https:\\\/\\\/diariofemenino.com.ar\\\/df\\\/\",\"logo\":{\"@type\":\"ImageObject\",\"inLanguage\":\"es\",\"@id\":\"https:\\\/\\\/diariofemenino.com.ar\\\/df\\\/#\\\/schema\\\/logo\\\/image\\\/\",\"url\":\"https:\\\/\\\/diariofemenino.com.ar\\\/df\\\/wp-content\\\/uploads\\\/2018\\\/10\\\/logo.png\",\"contentUrl\":\"https:\\\/\\\/diariofemenino.com.ar\\\/df\\\/wp-content\\\/uploads\\\/2018\\\/10\\\/logo.png\",\"width\":500,\"height\":92,\"caption\":\"Diario Femenino\"},\"image\":{\"@id\":\"https:\\\/\\\/diariofemenino.com.ar\\\/df\\\/#\\\/schema\\\/logo\\\/image\\\/\"},\"sameAs\":[\"https:\\\/\\\/www.facebook.com\\\/DiarioDigitaFemenino\\\/\",\"https:\\\/\\\/x.com\\\/DiarioFemenino1\"]},{\"@type\":\"Person\",\"@id\":\"https:\\\/\\\/diariofemenino.com.ar\\\/df\\\/#\\\/schema\\\/person\\\/38f54b3bfd13f561de2460ba95c169c6\",\"name\":\"Admin\",\"image\":{\"@type\":\"ImageObject\",\"inLanguage\":\"es\",\"@id\":\"https:\\\/\\\/diariofemenino.com.ar\\\/df\\\/wp-content\\\/uploads\\\/2018\\\/12\\\/favicon-150x150.jpg\",\"url\":\"https:\\\/\\\/diariofemenino.com.ar\\\/df\\\/wp-content\\\/uploads\\\/2018\\\/12\\\/favicon-150x150.jpg\",\"contentUrl\":\"https:\\\/\\\/diariofemenino.com.ar\\\/df\\\/wp-content\\\/uploads\\\/2018\\\/12\\\/favicon-150x150.jpg\",\"caption\":\"Admin\"},\"url\":\"https:\\\/\\\/diariofemenino.com.ar\\\/df\\\/author\\\/adm18df\\\/\"}]}<\/script>\n<!-- \/ Yoast SEO plugin. -->","yoast_head_json":{"title":"VIH en Am\u00e9rica Latina: los pa\u00edses con mayor incremento de casos - Diario Digital Femenino","robots":{"index":"index","follow":"follow","max-snippet":"max-snippet:-1","max-image-preview":"max-image-preview:large","max-video-preview":"max-video-preview:-1"},"canonical":"https:\/\/diariofemenino.com.ar\/df\/vih-en-america-latina-los-paises-con-mayor-incremento-de-casos\/","og_locale":"es_ES","og_type":"article","og_title":"VIH en Am\u00e9rica Latina: los pa\u00edses con mayor incremento de casos - Diario Digital Femenino","og_description":"Un estudio realizado en la Universidad de Washington, en EE.UU. revel\u00f3 que en Am\u00e9rica Latina el pa\u00eds con mayor incremento de casos nuevos de VIH es Argentina. Por Dario Torres Seg\u00fan el estudio que comprende la d\u00e9cada de 2005 a 2015, del Instituto para la Medici\u00f3n y Evaluaci\u00f3n de la Salud (IHME) de la Universidad [&hellip;]","og_url":"https:\/\/diariofemenino.com.ar\/df\/vih-en-america-latina-los-paises-con-mayor-incremento-de-casos\/","og_site_name":"Diario Digital Femenino","article_publisher":"https:\/\/www.facebook.com\/DiarioDigitaFemenino\/","article_published_time":"2016-12-01T15:07:52+00:00","og_image":[{"width":480,"height":696,"url":"https:\/\/diariofemenino.com.ar\/df\/wp-content\/uploads\/2016\/12\/201085america-latina-vhijpg.jpg","type":"image\/jpeg"}],"author":"Admin","twitter_card":"summary_large_image","twitter_creator":"@DiarioFemenino1","twitter_site":"@DiarioFemenino1","twitter_misc":{"Escrito por":"Admin","Tiempo de lectura":"1 minuto"},"schema":{"@context":"https:\/\/schema.org","@graph":[{"@type":"Article","@id":"https:\/\/diariofemenino.com.ar\/df\/vih-en-america-latina-los-paises-con-mayor-incremento-de-casos\/#article","isPartOf":{"@id":"https:\/\/diariofemenino.com.ar\/df\/vih-en-america-latina-los-paises-con-mayor-incremento-de-casos\/"},"author":{"name":"Admin","@id":"https:\/\/diariofemenino.com.ar\/df\/#\/schema\/person\/38f54b3bfd13f561de2460ba95c169c6"},"headline":"VIH en Am\u00e9rica Latina: los pa\u00edses con mayor incremento de casos","datePublished":"2016-12-01T15:07:52+00:00","mainEntityOfPage":{"@id":"https:\/\/diariofemenino.com.ar\/df\/vih-en-america-latina-los-paises-con-mayor-incremento-de-casos\/"},"wordCount":283,"commentCount":0,"publisher":{"@id":"https:\/\/diariofemenino.com.ar\/df\/#organization"},"image":{"@id":"https:\/\/diariofemenino.com.ar\/df\/vih-en-america-latina-los-paises-con-mayor-incremento-de-casos\/#primaryimage"},"thumbnailUrl":"https:\/\/diariofemenino.com.ar\/df\/wp-content\/uploads\/2016\/12\/201085america-latina-vhijpg.jpg","keywords":["Pol\u00edticas p\u00fablicas","VIH"],"articleSection":["Actividades","Biblioteca Virtual","Mujeres en Palabras","Resistencia VerdeVioleta"],"inLanguage":"es","potentialAction":[{"@type":"CommentAction","name":"Comment","target":["https:\/\/diariofemenino.com.ar\/df\/vih-en-america-latina-los-paises-con-mayor-incremento-de-casos\/#respond"]}]},{"@type":"WebPage","@id":"https:\/\/diariofemenino.com.ar\/df\/vih-en-america-latina-los-paises-con-mayor-incremento-de-casos\/","url":"https:\/\/diariofemenino.com.ar\/df\/vih-en-america-latina-los-paises-con-mayor-incremento-de-casos\/","name":"VIH en Am\u00e9rica Latina: los pa\u00edses con mayor incremento de casos - Diario Digital Femenino","isPartOf":{"@id":"https:\/\/diariofemenino.com.ar\/df\/#website"},"primaryImageOfPage":{"@id":"https:\/\/diariofemenino.com.ar\/df\/vih-en-america-latina-los-paises-con-mayor-incremento-de-casos\/#primaryimage"},"image":{"@id":"https:\/\/diariofemenino.com.ar\/df\/vih-en-america-latina-los-paises-con-mayor-incremento-de-casos\/#primaryimage"},"thumbnailUrl":"https:\/\/diariofemenino.com.ar\/df\/wp-content\/uploads\/2016\/12\/201085america-latina-vhijpg.jpg","datePublished":"2016-12-01T15:07:52+00:00","breadcrumb":{"@id":"https:\/\/diariofemenino.com.ar\/df\/vih-en-america-latina-los-paises-con-mayor-incremento-de-casos\/#breadcrumb"},"inLanguage":"es","potentialAction":[{"@type":"ReadAction","target":["https:\/\/diariofemenino.com.ar\/df\/vih-en-america-latina-los-paises-con-mayor-incremento-de-casos\/"]}]},{"@type":"ImageObject","inLanguage":"es","@id":"https:\/\/diariofemenino.com.ar\/df\/vih-en-america-latina-los-paises-con-mayor-incremento-de-casos\/#primaryimage","url":"https:\/\/diariofemenino.com.ar\/df\/wp-content\/uploads\/2016\/12\/201085america-latina-vhijpg.jpg","contentUrl":"https:\/\/diariofemenino.com.ar\/df\/wp-content\/uploads\/2016\/12\/201085america-latina-vhijpg.jpg","width":480,"height":696},{"@type":"BreadcrumbList","@id":"https:\/\/diariofemenino.com.ar\/df\/vih-en-america-latina-los-paises-con-mayor-incremento-de-casos\/#breadcrumb","itemListElement":[{"@type":"ListItem","position":1,"name":"Portada","item":"https:\/\/diariofemenino.com.ar\/df\/"},{"@type":"ListItem","position":2,"name":"VIH en Am\u00e9rica Latina: los pa\u00edses con mayor incremento de casos"}]},{"@type":"WebSite","@id":"https:\/\/diariofemenino.com.ar\/df\/#website","url":"https:\/\/diariofemenino.com.ar\/df\/","name":"Diario Digital Femenino","description":"Cuesti\u00f3n de G\u00e9nero","publisher":{"@id":"https:\/\/diariofemenino.com.ar\/df\/#organization"},"potentialAction":[{"@type":"SearchAction","target":{"@type":"EntryPoint","urlTemplate":"https:\/\/diariofemenino.com.ar\/df\/?s={search_term_string}"},"query-input":{"@type":"PropertyValueSpecification","valueRequired":true,"valueName":"search_term_string"}}],"inLanguage":"es"},{"@type":"Organization","@id":"https:\/\/diariofemenino.com.ar\/df\/#organization","name":"Diario Femenino","url":"https:\/\/diariofemenino.com.ar\/df\/","logo":{"@type":"ImageObject","inLanguage":"es","@id":"https:\/\/diariofemenino.com.ar\/df\/#\/schema\/logo\/image\/","url":"https:\/\/diariofemenino.com.ar\/df\/wp-content\/uploads\/2018\/10\/logo.png","contentUrl":"https:\/\/diariofemenino.com.ar\/df\/wp-content\/uploads\/2018\/10\/logo.png","width":500,"height":92,"caption":"Diario Femenino"},"image":{"@id":"https:\/\/diariofemenino.com.ar\/df\/#\/schema\/logo\/image\/"},"sameAs":["https:\/\/www.facebook.com\/DiarioDigitaFemenino\/","https:\/\/x.com\/DiarioFemenino1"]},{"@type":"Person","@id":"https:\/\/diariofemenino.com.ar\/df\/#\/schema\/person\/38f54b3bfd13f561de2460ba95c169c6","name":"Admin","image":{"@type":"ImageObject","inLanguage":"es","@id":"https:\/\/diariofemenino.com.ar\/df\/wp-content\/uploads\/2018\/12\/favicon-150x150.jpg","url":"https:\/\/diariofemenino.com.ar\/df\/wp-content\/uploads\/2018\/12\/favicon-150x150.jpg","contentUrl":"https:\/\/diariofemenino.com.ar\/df\/wp-content\/uploads\/2018\/12\/favicon-150x150.jpg","caption":"Admin"},"url":"https:\/\/diariofemenino.com.ar\/df\/author\/adm18df\/"}]}},"jetpack_featured_media_url":"https:\/\/diariofemenino.com.ar\/df\/wp-content\/uploads\/2016\/12\/201085america-latina-vhijpg.jpg","jetpack_sharing_enabled":true,"rttpg_featured_image_url":{"full":["https:\/\/diariofemenino.com.ar\/df\/wp-content\/uploads\/2016\/12\/201085america-latina-vhijpg.jpg",480,696,false],"landscape":["https:\/\/diariofemenino.com.ar\/df\/wp-content\/uploads\/2016\/12\/201085america-latina-vhijpg.jpg",480,696,false],"portraits":["https:\/\/diariofemenino.com.ar\/df\/wp-content\/uploads\/2016\/12\/201085america-latina-vhijpg.jpg",480,696,false],"thumbnail":["https:\/\/diariofemenino.com.ar\/df\/wp-content\/uploads\/2016\/12\/201085america-latina-vhijpg-150x150.jpg",150,150,true],"medium":["https:\/\/diariofemenino.com.ar\/df\/wp-content\/uploads\/2016\/12\/201085america-latina-vhijpg-207x300.jpg",207,300,true],"large":["https:\/\/diariofemenino.com.ar\/df\/wp-content\/uploads\/2016\/12\/201085america-latina-vhijpg.jpg",480,696,false],"1536x1536":["https:\/\/diariofemenino.com.ar\/df\/wp-content\/uploads\/2016\/12\/201085america-latina-vhijpg.jpg",480,696,false],"2048x2048":["https:\/\/diariofemenino.com.ar\/df\/wp-content\/uploads\/2016\/12\/201085america-latina-vhijpg.jpg",480,696,false]},"rttpg_author":{"display_name":"Admin","author_link":"https:\/\/diariofemenino.com.ar\/df\/author\/adm18df\/"},"rttpg_comment":0,"rttpg_category":"<a href=\"https:\/\/diariofemenino.com.ar\/df\/category\/actividades\/\" rel=\"category tag\">Actividades<\/a> <a href=\"https:\/\/diariofemenino.com.ar\/df\/category\/biblioteca\/\" rel=\"category tag\">Biblioteca Virtual<\/a> <a href=\"https:\/\/diariofemenino.com.ar\/df\/category\/articulos\/\" rel=\"category tag\">Mujeres en Palabras<\/a> <a href=\"https:\/\/diariofemenino.com.ar\/df\/category\/resistencia-verdevioleta\/\" rel=\"category tag\">Resistencia VerdeVioleta<\/a>","rttpg_excerpt":"Un estudio realizado en la Universidad de Washington, en EE.UU. revel\u00f3 que en Am\u00e9rica Latina el pa\u00eds con mayor incremento de casos nuevos de VIH es Argentina. Por Dario Torres Seg\u00fan el estudio que comprende la d\u00e9cada de 2005 a 2015, del Instituto para la Medici\u00f3n y Evaluaci\u00f3n de la Salud (IHME) de la Universidad&hellip;","_links":{"self":[{"href":"https:\/\/diariofemenino.com.ar\/df\/wp-json\/wp\/v2\/posts\/25789","targetHints":{"allow":["GET"]}}],"collection":[{"href":"https:\/\/diariofemenino.com.ar\/df\/wp-json\/wp\/v2\/posts"}],"about":[{"href":"https:\/\/diariofemenino.com.ar\/df\/wp-json\/wp\/v2\/types\/post"}],"author":[{"embeddable":true,"href":"https:\/\/diariofemenino.com.ar\/df\/wp-json\/wp\/v2\/users\/1"}],"replies":[{"embeddable":true,"href":"https:\/\/diariofemenino.com.ar\/df\/wp-json\/wp\/v2\/comments?post=25789"}],"version-history":[{"count":0,"href":"https:\/\/diariofemenino.com.ar\/df\/wp-json\/wp\/v2\/posts\/25789\/revisions"}],"wp:featuredmedia":[{"embeddable":true,"href":"https:\/\/diariofemenino.com.ar\/df\/wp-json\/wp\/v2\/media\/25793"}],"wp:attachment":[{"href":"https:\/\/diariofemenino.com.ar\/df\/wp-json\/wp\/v2\/media?parent=25789"}],"wp:term":[{"taxonomy":"category","embeddable":true,"href":"https:\/\/diariofemenino.com.ar\/df\/wp-json\/wp\/v2\/categories?post=25789"},{"taxonomy":"post_tag","embeddable":true,"href":"https:\/\/diariofemenino.com.ar\/df\/wp-json\/wp\/v2\/tags?post=25789"}],"curies":[{"name":"wp","href":"https:\/\/api.w.org\/{rel}","templated":true}]}}