{"id":2555,"date":"2012-07-17T13:02:25","date_gmt":"2012-07-17T16:02:25","guid":{"rendered":"http:\/\/www.diariofemenino.com.ar\/?p=2555"},"modified":"2012-07-17T13:02:25","modified_gmt":"2012-07-17T16:02:25","slug":"donde-estaba-salta-la-linda-mientras-colgaban-ahorcadas-dos-mujeres-muertas","status":"publish","type":"post","link":"https:\/\/diariofemenino.com.ar\/df\/donde-estaba-salta-la-linda-mientras-colgaban-ahorcadas-dos-mujeres-muertas\/","title":{"rendered":"\u00bfD\u00f3nde estaba Salta, la linda, mientras colgaban ahorcadas dos mujeres muertas?&#034;"},"content":{"rendered":"<p>&nbsp;<br \/>\n&nbsp;<br \/>\n&nbsp;<br \/>\n&nbsp;<br \/>\nEsta noche en Salta marchan por las dos adolescentes encontradas ayer muertas, colgadas de un arbol.\u00a0 Los femicidios sin resoluci\u00f3n ninguno en Salta ya son muchos.\u00a0 Algo esta mal en esa provincia.<br \/>\nMujeres de distintos colectivos \u00a0del pa\u00eds est\u00e1n autoconvoc\u00e1ndose\u00a0 para acompa\u00f1ar con una actividad \u00a0en la puerta de la casa de Salta en Bs As a las 20hs. reclamando Justicia y Basta de Violencia .<br \/>\nIntegrantes de la Brigada contra la Violencia Machista expresaron: \u201cvamos a acompa\u00f1ar desde la ciudad de Buenos Aires a las 20:00 hs frente a la Casa de la Provincia de Salta (Av. Pte. Roque S\u00e1enz Pe\u00f1a 933 &#8211; o sea Diagonal Norte casi Av. 9 de Julio) \u00a0con velas\u201d<br \/>\nInvitan a participar, expresarse y convocar a trav\u00e9s de las Redes Sociales.<br \/>\n&nbsp;<\/p>\n","protected":false},"excerpt":{"rendered":"<p>&nbsp; &nbsp; &nbsp; &nbsp; Esta noche en Salta marchan por las dos adolescentes encontradas ayer muertas, colgadas de un arbol.\u00a0 Los femicidios sin resoluci\u00f3n ninguno en Salta ya son muchos.\u00a0 Algo esta mal en esa provincia. Mujeres de distintos colectivos \u00a0del pa\u00eds est\u00e1n autoconvoc\u00e1ndose\u00a0 para acompa\u00f1ar con una actividad \u00a0en la puerta de la casa [&hellip;]<\/p>\n","protected":false},"author":1,"featured_media":2556,"comment_status":"open","ping_status":"open","sticky":false,"template":"","format":"standard","meta":{"iawp_total_views":3,"footnotes":""},"categories":[7,5,4],"tags":[],"class_list":["post-2555","post","type-post","status-publish","format-standard","has-post-thumbnail","hentry","category-actividades","category-historias-de-vida","category-medios"],"nelio_content":{"autoShareEndMode":"never","automationSources":{"useCustomSentences":false,"customSentences":[]},"efiAlt":"","efiUrl":"","followers":[],"highlights":[],"isAutoShareEnabled":true,"networkImageIds":[],"permalinkQueryArgs":[],"series":[],"suggestedReferences":[]},"yoast_head":"<!-- This site is optimized with the Yoast SEO plugin v27.4 - https:\/\/yoast.com\/product\/yoast-seo-wordpress\/ -->\n<title>\u00bfD\u00f3nde estaba Salta, la linda, mientras colgaban ahorcadas dos mujeres muertas?&#034; - Diario Digital Femenino<\/title>\n<meta name=\"robots\" content=\"index, follow, max-snippet:-1, max-image-preview:large, max-video-preview:-1\" \/>\n<link rel=\"canonical\" href=\"https:\/\/diariofemenino.com.ar\/df\/donde-estaba-salta-la-linda-mientras-colgaban-ahorcadas-dos-mujeres-muertas\/\" \/>\n<meta property=\"og:locale\" content=\"es_ES\" \/>\n<meta property=\"og:type\" content=\"article\" \/>\n<meta property=\"og:title\" content=\"\u00bfD\u00f3nde estaba Salta, la linda, mientras colgaban ahorcadas dos mujeres muertas?&#034; - Diario Digital Femenino\" \/>\n<meta property=\"og:description\" content=\"&nbsp; &nbsp; &nbsp; &nbsp; Esta noche en Salta marchan por las dos adolescentes encontradas ayer muertas, colgadas de un arbol.\u00a0 Los femicidios sin resoluci\u00f3n ninguno en Salta ya son muchos.\u00a0 Algo esta mal en esa provincia. Mujeres de distintos colectivos \u00a0del pa\u00eds est\u00e1n autoconvoc\u00e1ndose\u00a0 para acompa\u00f1ar con una actividad \u00a0en la puerta de la casa [&hellip;]\" \/>\n<meta property=\"og:url\" content=\"https:\/\/diariofemenino.com.ar\/df\/donde-estaba-salta-la-linda-mientras-colgaban-ahorcadas-dos-mujeres-muertas\/\" \/>\n<meta property=\"og:site_name\" content=\"Diario Digital Femenino\" \/>\n<meta property=\"article:publisher\" content=\"https:\/\/www.facebook.com\/DiarioDigitaFemenino\/\" \/>\n<meta property=\"article:published_time\" content=\"2012-07-17T16:02:25+00:00\" \/>\n<meta property=\"og:image\" content=\"https:\/\/diariofemenino.com.ar\/df\/wp-content\/uploads\/2016\/10\/logo-negro.png\" \/>\n\t<meta property=\"og:image:width\" content=\"855\" \/>\n\t<meta property=\"og:image:height\" content=\"319\" \/>\n\t<meta property=\"og:image:type\" content=\"image\/png\" \/>\n<meta name=\"author\" content=\"Admin\" \/>\n<meta name=\"twitter:card\" content=\"summary_large_image\" \/>\n<meta name=\"twitter:creator\" content=\"@DiarioFemenino1\" \/>\n<meta name=\"twitter:site\" content=\"@DiarioFemenino1\" \/>\n<meta name=\"twitter:label1\" content=\"Escrito por\" \/>\n\t<meta name=\"twitter:data1\" content=\"Admin\" \/>\n\t<meta name=\"twitter:label2\" content=\"Tiempo de lectura\" \/>\n\t<meta name=\"twitter:data2\" content=\"1 minuto\" \/>\n<script type=\"application\/ld+json\" class=\"yoast-schema-graph\">{\"@context\":\"https:\\\/\\\/schema.org\",\"@graph\":[{\"@type\":\"Article\",\"@id\":\"https:\\\/\\\/diariofemenino.com.ar\\\/df\\\/donde-estaba-salta-la-linda-mientras-colgaban-ahorcadas-dos-mujeres-muertas\\\/#article\",\"isPartOf\":{\"@id\":\"https:\\\/\\\/diariofemenino.com.ar\\\/df\\\/donde-estaba-salta-la-linda-mientras-colgaban-ahorcadas-dos-mujeres-muertas\\\/\"},\"author\":{\"name\":\"Admin\",\"@id\":\"https:\\\/\\\/diariofemenino.com.ar\\\/df\\\/#\\\/schema\\\/person\\\/38f54b3bfd13f561de2460ba95c169c6\"},\"headline\":\"\u00bfD\u00f3nde estaba Salta, la linda, mientras colgaban ahorcadas dos mujeres muertas?&#034;\",\"datePublished\":\"2012-07-17T16:02:25+00:00\",\"mainEntityOfPage\":{\"@id\":\"https:\\\/\\\/diariofemenino.com.ar\\\/df\\\/donde-estaba-salta-la-linda-mientras-colgaban-ahorcadas-dos-mujeres-muertas\\\/\"},\"wordCount\":149,\"commentCount\":1,\"publisher\":{\"@id\":\"https:\\\/\\\/diariofemenino.com.ar\\\/df\\\/#organization\"},\"image\":{\"@id\":\"https:\\\/\\\/diariofemenino.com.ar\\\/df\\\/donde-estaba-salta-la-linda-mientras-colgaban-ahorcadas-dos-mujeres-muertas\\\/#primaryimage\"},\"thumbnailUrl\":\"\",\"articleSection\":[\"Actividades\",\"Historias de vida\",\"Medios\"],\"inLanguage\":\"es\",\"potentialAction\":[{\"@type\":\"CommentAction\",\"name\":\"Comment\",\"target\":[\"https:\\\/\\\/diariofemenino.com.ar\\\/df\\\/donde-estaba-salta-la-linda-mientras-colgaban-ahorcadas-dos-mujeres-muertas\\\/#respond\"]}]},{\"@type\":\"WebPage\",\"@id\":\"https:\\\/\\\/diariofemenino.com.ar\\\/df\\\/donde-estaba-salta-la-linda-mientras-colgaban-ahorcadas-dos-mujeres-muertas\\\/\",\"url\":\"https:\\\/\\\/diariofemenino.com.ar\\\/df\\\/donde-estaba-salta-la-linda-mientras-colgaban-ahorcadas-dos-mujeres-muertas\\\/\",\"name\":\"\u00bfD\u00f3nde estaba Salta, la linda, mientras colgaban ahorcadas dos mujeres muertas?&#034; - Diario Digital Femenino\",\"isPartOf\":{\"@id\":\"https:\\\/\\\/diariofemenino.com.ar\\\/df\\\/#website\"},\"primaryImageOfPage\":{\"@id\":\"https:\\\/\\\/diariofemenino.com.ar\\\/df\\\/donde-estaba-salta-la-linda-mientras-colgaban-ahorcadas-dos-mujeres-muertas\\\/#primaryimage\"},\"image\":{\"@id\":\"https:\\\/\\\/diariofemenino.com.ar\\\/df\\\/donde-estaba-salta-la-linda-mientras-colgaban-ahorcadas-dos-mujeres-muertas\\\/#primaryimage\"},\"thumbnailUrl\":\"\",\"datePublished\":\"2012-07-17T16:02:25+00:00\",\"breadcrumb\":{\"@id\":\"https:\\\/\\\/diariofemenino.com.ar\\\/df\\\/donde-estaba-salta-la-linda-mientras-colgaban-ahorcadas-dos-mujeres-muertas\\\/#breadcrumb\"},\"inLanguage\":\"es\",\"potentialAction\":[{\"@type\":\"ReadAction\",\"target\":[\"https:\\\/\\\/diariofemenino.com.ar\\\/df\\\/donde-estaba-salta-la-linda-mientras-colgaban-ahorcadas-dos-mujeres-muertas\\\/\"]}]},{\"@type\":\"ImageObject\",\"inLanguage\":\"es\",\"@id\":\"https:\\\/\\\/diariofemenino.com.ar\\\/df\\\/donde-estaba-salta-la-linda-mientras-colgaban-ahorcadas-dos-mujeres-muertas\\\/#primaryimage\",\"url\":\"\",\"contentUrl\":\"\"},{\"@type\":\"BreadcrumbList\",\"@id\":\"https:\\\/\\\/diariofemenino.com.ar\\\/df\\\/donde-estaba-salta-la-linda-mientras-colgaban-ahorcadas-dos-mujeres-muertas\\\/#breadcrumb\",\"itemListElement\":[{\"@type\":\"ListItem\",\"position\":1,\"name\":\"Portada\",\"item\":\"https:\\\/\\\/diariofemenino.com.ar\\\/df\\\/\"},{\"@type\":\"ListItem\",\"position\":2,\"name\":\"\u00bfD\u00f3nde estaba Salta, la linda, mientras colgaban ahorcadas dos mujeres muertas?&#034;\"}]},{\"@type\":\"WebSite\",\"@id\":\"https:\\\/\\\/diariofemenino.com.ar\\\/df\\\/#website\",\"url\":\"https:\\\/\\\/diariofemenino.com.ar\\\/df\\\/\",\"name\":\"Diario Digital Femenino\",\"description\":\"Cuesti\u00f3n de G\u00e9nero\",\"publisher\":{\"@id\":\"https:\\\/\\\/diariofemenino.com.ar\\\/df\\\/#organization\"},\"potentialAction\":[{\"@type\":\"SearchAction\",\"target\":{\"@type\":\"EntryPoint\",\"urlTemplate\":\"https:\\\/\\\/diariofemenino.com.ar\\\/df\\\/?s={search_term_string}\"},\"query-input\":{\"@type\":\"PropertyValueSpecification\",\"valueRequired\":true,\"valueName\":\"search_term_string\"}}],\"inLanguage\":\"es\"},{\"@type\":\"Organization\",\"@id\":\"https:\\\/\\\/diariofemenino.com.ar\\\/df\\\/#organization\",\"name\":\"Diario Femenino\",\"url\":\"https:\\\/\\\/diariofemenino.com.ar\\\/df\\\/\",\"logo\":{\"@type\":\"ImageObject\",\"inLanguage\":\"es\",\"@id\":\"https:\\\/\\\/diariofemenino.com.ar\\\/df\\\/#\\\/schema\\\/logo\\\/image\\\/\",\"url\":\"https:\\\/\\\/diariofemenino.com.ar\\\/df\\\/wp-content\\\/uploads\\\/2018\\\/10\\\/logo.png\",\"contentUrl\":\"https:\\\/\\\/diariofemenino.com.ar\\\/df\\\/wp-content\\\/uploads\\\/2018\\\/10\\\/logo.png\",\"width\":500,\"height\":92,\"caption\":\"Diario Femenino\"},\"image\":{\"@id\":\"https:\\\/\\\/diariofemenino.com.ar\\\/df\\\/#\\\/schema\\\/logo\\\/image\\\/\"},\"sameAs\":[\"https:\\\/\\\/www.facebook.com\\\/DiarioDigitaFemenino\\\/\",\"https:\\\/\\\/x.com\\\/DiarioFemenino1\"]},{\"@type\":\"Person\",\"@id\":\"https:\\\/\\\/diariofemenino.com.ar\\\/df\\\/#\\\/schema\\\/person\\\/38f54b3bfd13f561de2460ba95c169c6\",\"name\":\"Admin\",\"image\":{\"@type\":\"ImageObject\",\"inLanguage\":\"es\",\"@id\":\"https:\\\/\\\/diariofemenino.com.ar\\\/df\\\/wp-content\\\/uploads\\\/2018\\\/12\\\/favicon-150x150.jpg\",\"url\":\"https:\\\/\\\/diariofemenino.com.ar\\\/df\\\/wp-content\\\/uploads\\\/2018\\\/12\\\/favicon-150x150.jpg\",\"contentUrl\":\"https:\\\/\\\/diariofemenino.com.ar\\\/df\\\/wp-content\\\/uploads\\\/2018\\\/12\\\/favicon-150x150.jpg\",\"caption\":\"Admin\"},\"url\":\"https:\\\/\\\/diariofemenino.com.ar\\\/df\\\/author\\\/adm18df\\\/\"}]}<\/script>\n<!-- \/ Yoast SEO plugin. -->","yoast_head_json":{"title":"\u00bfD\u00f3nde estaba Salta, la linda, mientras colgaban ahorcadas dos mujeres muertas?&#034; - Diario Digital Femenino","robots":{"index":"index","follow":"follow","max-snippet":"max-snippet:-1","max-image-preview":"max-image-preview:large","max-video-preview":"max-video-preview:-1"},"canonical":"https:\/\/diariofemenino.com.ar\/df\/donde-estaba-salta-la-linda-mientras-colgaban-ahorcadas-dos-mujeres-muertas\/","og_locale":"es_ES","og_type":"article","og_title":"\u00bfD\u00f3nde estaba Salta, la linda, mientras colgaban ahorcadas dos mujeres muertas?&#034; - Diario Digital Femenino","og_description":"&nbsp; &nbsp; &nbsp; &nbsp; Esta noche en Salta marchan por las dos adolescentes encontradas ayer muertas, colgadas de un arbol.\u00a0 Los femicidios sin resoluci\u00f3n ninguno en Salta ya son muchos.\u00a0 Algo esta mal en esa provincia. Mujeres de distintos colectivos \u00a0del pa\u00eds est\u00e1n autoconvoc\u00e1ndose\u00a0 para acompa\u00f1ar con una actividad \u00a0en la puerta de la casa [&hellip;]","og_url":"https:\/\/diariofemenino.com.ar\/df\/donde-estaba-salta-la-linda-mientras-colgaban-ahorcadas-dos-mujeres-muertas\/","og_site_name":"Diario Digital Femenino","article_publisher":"https:\/\/www.facebook.com\/DiarioDigitaFemenino\/","article_published_time":"2012-07-17T16:02:25+00:00","og_image":[{"width":855,"height":319,"url":"https:\/\/diariofemenino.com.ar\/df\/wp-content\/uploads\/2016\/10\/logo-negro.png","type":"image\/png"}],"author":"Admin","twitter_card":"summary_large_image","twitter_creator":"@DiarioFemenino1","twitter_site":"@DiarioFemenino1","twitter_misc":{"Escrito por":"Admin","Tiempo de lectura":"1 minuto"},"schema":{"@context":"https:\/\/schema.org","@graph":[{"@type":"Article","@id":"https:\/\/diariofemenino.com.ar\/df\/donde-estaba-salta-la-linda-mientras-colgaban-ahorcadas-dos-mujeres-muertas\/#article","isPartOf":{"@id":"https:\/\/diariofemenino.com.ar\/df\/donde-estaba-salta-la-linda-mientras-colgaban-ahorcadas-dos-mujeres-muertas\/"},"author":{"name":"Admin","@id":"https:\/\/diariofemenino.com.ar\/df\/#\/schema\/person\/38f54b3bfd13f561de2460ba95c169c6"},"headline":"\u00bfD\u00f3nde estaba Salta, la linda, mientras colgaban ahorcadas dos mujeres muertas?&#034;","datePublished":"2012-07-17T16:02:25+00:00","mainEntityOfPage":{"@id":"https:\/\/diariofemenino.com.ar\/df\/donde-estaba-salta-la-linda-mientras-colgaban-ahorcadas-dos-mujeres-muertas\/"},"wordCount":149,"commentCount":1,"publisher":{"@id":"https:\/\/diariofemenino.com.ar\/df\/#organization"},"image":{"@id":"https:\/\/diariofemenino.com.ar\/df\/donde-estaba-salta-la-linda-mientras-colgaban-ahorcadas-dos-mujeres-muertas\/#primaryimage"},"thumbnailUrl":"","articleSection":["Actividades","Historias de vida","Medios"],"inLanguage":"es","potentialAction":[{"@type":"CommentAction","name":"Comment","target":["https:\/\/diariofemenino.com.ar\/df\/donde-estaba-salta-la-linda-mientras-colgaban-ahorcadas-dos-mujeres-muertas\/#respond"]}]},{"@type":"WebPage","@id":"https:\/\/diariofemenino.com.ar\/df\/donde-estaba-salta-la-linda-mientras-colgaban-ahorcadas-dos-mujeres-muertas\/","url":"https:\/\/diariofemenino.com.ar\/df\/donde-estaba-salta-la-linda-mientras-colgaban-ahorcadas-dos-mujeres-muertas\/","name":"\u00bfD\u00f3nde estaba Salta, la linda, mientras colgaban ahorcadas dos mujeres muertas?&#034; - Diario Digital Femenino","isPartOf":{"@id":"https:\/\/diariofemenino.com.ar\/df\/#website"},"primaryImageOfPage":{"@id":"https:\/\/diariofemenino.com.ar\/df\/donde-estaba-salta-la-linda-mientras-colgaban-ahorcadas-dos-mujeres-muertas\/#primaryimage"},"image":{"@id":"https:\/\/diariofemenino.com.ar\/df\/donde-estaba-salta-la-linda-mientras-colgaban-ahorcadas-dos-mujeres-muertas\/#primaryimage"},"thumbnailUrl":"","datePublished":"2012-07-17T16:02:25+00:00","breadcrumb":{"@id":"https:\/\/diariofemenino.com.ar\/df\/donde-estaba-salta-la-linda-mientras-colgaban-ahorcadas-dos-mujeres-muertas\/#breadcrumb"},"inLanguage":"es","potentialAction":[{"@type":"ReadAction","target":["https:\/\/diariofemenino.com.ar\/df\/donde-estaba-salta-la-linda-mientras-colgaban-ahorcadas-dos-mujeres-muertas\/"]}]},{"@type":"ImageObject","inLanguage":"es","@id":"https:\/\/diariofemenino.com.ar\/df\/donde-estaba-salta-la-linda-mientras-colgaban-ahorcadas-dos-mujeres-muertas\/#primaryimage","url":"","contentUrl":""},{"@type":"BreadcrumbList","@id":"https:\/\/diariofemenino.com.ar\/df\/donde-estaba-salta-la-linda-mientras-colgaban-ahorcadas-dos-mujeres-muertas\/#breadcrumb","itemListElement":[{"@type":"ListItem","position":1,"name":"Portada","item":"https:\/\/diariofemenino.com.ar\/df\/"},{"@type":"ListItem","position":2,"name":"\u00bfD\u00f3nde estaba Salta, la linda, mientras colgaban ahorcadas dos mujeres muertas?&#034;"}]},{"@type":"WebSite","@id":"https:\/\/diariofemenino.com.ar\/df\/#website","url":"https:\/\/diariofemenino.com.ar\/df\/","name":"Diario Digital Femenino","description":"Cuesti\u00f3n de G\u00e9nero","publisher":{"@id":"https:\/\/diariofemenino.com.ar\/df\/#organization"},"potentialAction":[{"@type":"SearchAction","target":{"@type":"EntryPoint","urlTemplate":"https:\/\/diariofemenino.com.ar\/df\/?s={search_term_string}"},"query-input":{"@type":"PropertyValueSpecification","valueRequired":true,"valueName":"search_term_string"}}],"inLanguage":"es"},{"@type":"Organization","@id":"https:\/\/diariofemenino.com.ar\/df\/#organization","name":"Diario Femenino","url":"https:\/\/diariofemenino.com.ar\/df\/","logo":{"@type":"ImageObject","inLanguage":"es","@id":"https:\/\/diariofemenino.com.ar\/df\/#\/schema\/logo\/image\/","url":"https:\/\/diariofemenino.com.ar\/df\/wp-content\/uploads\/2018\/10\/logo.png","contentUrl":"https:\/\/diariofemenino.com.ar\/df\/wp-content\/uploads\/2018\/10\/logo.png","width":500,"height":92,"caption":"Diario Femenino"},"image":{"@id":"https:\/\/diariofemenino.com.ar\/df\/#\/schema\/logo\/image\/"},"sameAs":["https:\/\/www.facebook.com\/DiarioDigitaFemenino\/","https:\/\/x.com\/DiarioFemenino1"]},{"@type":"Person","@id":"https:\/\/diariofemenino.com.ar\/df\/#\/schema\/person\/38f54b3bfd13f561de2460ba95c169c6","name":"Admin","image":{"@type":"ImageObject","inLanguage":"es","@id":"https:\/\/diariofemenino.com.ar\/df\/wp-content\/uploads\/2018\/12\/favicon-150x150.jpg","url":"https:\/\/diariofemenino.com.ar\/df\/wp-content\/uploads\/2018\/12\/favicon-150x150.jpg","contentUrl":"https:\/\/diariofemenino.com.ar\/df\/wp-content\/uploads\/2018\/12\/favicon-150x150.jpg","caption":"Admin"},"url":"https:\/\/diariofemenino.com.ar\/df\/author\/adm18df\/"}]}},"jetpack_featured_media_url":"","jetpack_sharing_enabled":true,"rttpg_featured_image_url":null,"rttpg_author":{"display_name":"Admin","author_link":"https:\/\/diariofemenino.com.ar\/df\/author\/adm18df\/"},"rttpg_comment":1,"rttpg_category":"<a href=\"https:\/\/diariofemenino.com.ar\/df\/category\/actividades\/\" rel=\"category tag\">Actividades<\/a> <a href=\"https:\/\/diariofemenino.com.ar\/df\/category\/historias-de-vida\/\" rel=\"category tag\">Historias de vida<\/a> <a href=\"https:\/\/diariofemenino.com.ar\/df\/category\/medios\/\" rel=\"category tag\">Medios<\/a>","rttpg_excerpt":"&nbsp; &nbsp; &nbsp; &nbsp; Esta noche en Salta marchan por las dos adolescentes encontradas ayer muertas, colgadas de un arbol.\u00a0 Los femicidios sin resoluci\u00f3n ninguno en Salta ya son muchos.\u00a0 Algo esta mal en esa provincia. Mujeres de distintos colectivos \u00a0del pa\u00eds est\u00e1n autoconvoc\u00e1ndose\u00a0 para acompa\u00f1ar con una actividad \u00a0en la puerta de la casa&hellip;","_links":{"self":[{"href":"https:\/\/diariofemenino.com.ar\/df\/wp-json\/wp\/v2\/posts\/2555","targetHints":{"allow":["GET"]}}],"collection":[{"href":"https:\/\/diariofemenino.com.ar\/df\/wp-json\/wp\/v2\/posts"}],"about":[{"href":"https:\/\/diariofemenino.com.ar\/df\/wp-json\/wp\/v2\/types\/post"}],"author":[{"embeddable":true,"href":"https:\/\/diariofemenino.com.ar\/df\/wp-json\/wp\/v2\/users\/1"}],"replies":[{"embeddable":true,"href":"https:\/\/diariofemenino.com.ar\/df\/wp-json\/wp\/v2\/comments?post=2555"}],"version-history":[{"count":0,"href":"https:\/\/diariofemenino.com.ar\/df\/wp-json\/wp\/v2\/posts\/2555\/revisions"}],"wp:featuredmedia":[{"embeddable":true,"href":"https:\/\/diariofemenino.com.ar\/df\/wp-json\/"}],"wp:attachment":[{"href":"https:\/\/diariofemenino.com.ar\/df\/wp-json\/wp\/v2\/media?parent=2555"}],"wp:term":[{"taxonomy":"category","embeddable":true,"href":"https:\/\/diariofemenino.com.ar\/df\/wp-json\/wp\/v2\/categories?post=2555"},{"taxonomy":"post_tag","embeddable":true,"href":"https:\/\/diariofemenino.com.ar\/df\/wp-json\/wp\/v2\/tags?post=2555"}],"curies":[{"name":"wp","href":"https:\/\/api.w.org\/{rel}","templated":true}]}}