{"id":2543,"date":"2012-07-16T21:06:00","date_gmt":"2012-07-17T00:06:00","guid":{"rendered":"http:\/\/www.diariofemenino.com.ar\/?p=2543"},"modified":"2012-07-16T21:06:00","modified_gmt":"2012-07-17T00:06:00","slug":"segundo-informe-hemisferico-sobre-la-implementacion-de-la-convencion-de-belem-do-para","status":"publish","type":"post","link":"https:\/\/diariofemenino.com.ar\/df\/segundo-informe-hemisferico-sobre-la-implementacion-de-la-convencion-de-belem-do-para\/","title":{"rendered":"Segundo Informe Hemisf\u00e9rico sobre la Implementaci\u00f3n de la Convenci\u00f3n de Bel\u00e9m do Par\u00e1"},"content":{"rendered":"<p>&nbsp;<br \/>\n&nbsp;<br \/>\nDurante la 4a Conferencia de Estados Parte de la Convenci\u00f3n de Bel\u00e9m do Par\u00e1, se adopt\u00f3 el Segundo Informe Hemif\u00e9rico, que da cuenta de los avances de los Estados Parte en sancionar y erradicar la violencia contra las mujeres e identifica algunos de los obst\u00e1culos persistentes.<br \/>\nDescargar\u00a0 completo: <a href=\"http:\/\/www.oas.org\/es\/mesecvi\/docs\/MESECVI-SegundoInformeHemisferico-ES.pdf\">Informe<\/a><br \/>\n&nbsp;<br \/>\n&nbsp;<br \/>\nFuente: Gustavo Diaz Fernandez PAR Tucuman y <a href=\"http:\/\/www.oas.org\/es\/mesecvi\/\">OEA<\/a><br \/>\n&nbsp;<br \/>\n&nbsp;<br \/>\n&nbsp;<br \/>\n&nbsp;<\/p>\n","protected":false},"excerpt":{"rendered":"<p>&nbsp; &nbsp; Durante la 4a Conferencia de Estados Parte de la Convenci\u00f3n de Bel\u00e9m do Par\u00e1, se adopt\u00f3 el Segundo Informe Hemif\u00e9rico, que da cuenta de los avances de los Estados Parte en sancionar y erradicar la violencia contra las mujeres e identifica algunos de los obst\u00e1culos persistentes. Descargar\u00a0 completo: Informe &nbsp; &nbsp; Fuente: Gustavo [&hellip;]<\/p>\n","protected":false},"author":1,"featured_media":2544,"comment_status":"open","ping_status":"open","sticky":false,"template":"","format":"standard","meta":{"iawp_total_views":2,"footnotes":""},"categories":[7,3,4],"tags":[],"class_list":["post-2543","post","type-post","status-publish","format-standard","has-post-thumbnail","hentry","category-actividades","category-de-la-revolucion-al-reaprendizaje","category-medios"],"nelio_content":{"autoShareEndMode":"never","automationSources":{"useCustomSentences":false,"customSentences":[]},"efiAlt":"","efiUrl":"","followers":[],"highlights":[],"isAutoShareEnabled":true,"networkImageIds":[],"permalinkQueryArgs":[],"series":[],"suggestedReferences":[]},"yoast_head":"<!-- This site is optimized with the Yoast SEO plugin v27.4 - https:\/\/yoast.com\/product\/yoast-seo-wordpress\/ -->\n<title>Segundo Informe Hemisf\u00e9rico sobre la Implementaci\u00f3n de la Convenci\u00f3n de Bel\u00e9m do Par\u00e1 - Diario Digital Femenino<\/title>\n<meta name=\"robots\" content=\"index, follow, max-snippet:-1, max-image-preview:large, max-video-preview:-1\" \/>\n<link rel=\"canonical\" href=\"https:\/\/diariofemenino.com.ar\/df\/segundo-informe-hemisferico-sobre-la-implementacion-de-la-convencion-de-belem-do-para\/\" \/>\n<meta property=\"og:locale\" content=\"es_ES\" \/>\n<meta property=\"og:type\" content=\"article\" \/>\n<meta property=\"og:title\" content=\"Segundo Informe Hemisf\u00e9rico sobre la Implementaci\u00f3n de la Convenci\u00f3n de Bel\u00e9m do Par\u00e1 - Diario Digital Femenino\" \/>\n<meta property=\"og:description\" content=\"&nbsp; &nbsp; Durante la 4a Conferencia de Estados Parte de la Convenci\u00f3n de Bel\u00e9m do Par\u00e1, se adopt\u00f3 el Segundo Informe Hemif\u00e9rico, que da cuenta de los avances de los Estados Parte en sancionar y erradicar la violencia contra las mujeres e identifica algunos de los obst\u00e1culos persistentes. Descargar\u00a0 completo: Informe &nbsp; &nbsp; Fuente: Gustavo [&hellip;]\" \/>\n<meta property=\"og:url\" content=\"https:\/\/diariofemenino.com.ar\/df\/segundo-informe-hemisferico-sobre-la-implementacion-de-la-convencion-de-belem-do-para\/\" \/>\n<meta property=\"og:site_name\" content=\"Diario Digital Femenino\" \/>\n<meta property=\"article:publisher\" content=\"https:\/\/www.facebook.com\/DiarioDigitaFemenino\/\" \/>\n<meta property=\"article:published_time\" content=\"2012-07-17T00:06:00+00:00\" \/>\n<meta property=\"og:image\" content=\"https:\/\/diariofemenino.com.ar\/df\/wp-content\/uploads\/2016\/10\/logo-negro.png\" \/>\n\t<meta property=\"og:image:width\" content=\"855\" \/>\n\t<meta property=\"og:image:height\" content=\"319\" \/>\n\t<meta property=\"og:image:type\" content=\"image\/png\" \/>\n<meta name=\"author\" content=\"Admin\" \/>\n<meta name=\"twitter:card\" content=\"summary_large_image\" \/>\n<meta name=\"twitter:creator\" content=\"@DiarioFemenino1\" \/>\n<meta name=\"twitter:site\" content=\"@DiarioFemenino1\" \/>\n<meta name=\"twitter:label1\" content=\"Escrito por\" \/>\n\t<meta name=\"twitter:data1\" content=\"Admin\" \/>\n<script type=\"application\/ld+json\" class=\"yoast-schema-graph\">{\"@context\":\"https:\\\/\\\/schema.org\",\"@graph\":[{\"@type\":\"Article\",\"@id\":\"https:\\\/\\\/diariofemenino.com.ar\\\/df\\\/segundo-informe-hemisferico-sobre-la-implementacion-de-la-convencion-de-belem-do-para\\\/#article\",\"isPartOf\":{\"@id\":\"https:\\\/\\\/diariofemenino.com.ar\\\/df\\\/segundo-informe-hemisferico-sobre-la-implementacion-de-la-convencion-de-belem-do-para\\\/\"},\"author\":{\"name\":\"Admin\",\"@id\":\"https:\\\/\\\/diariofemenino.com.ar\\\/df\\\/#\\\/schema\\\/person\\\/38f54b3bfd13f561de2460ba95c169c6\"},\"headline\":\"Segundo Informe Hemisf\u00e9rico sobre la Implementaci\u00f3n de la Convenci\u00f3n de Bel\u00e9m do Par\u00e1\",\"datePublished\":\"2012-07-17T00:06:00+00:00\",\"mainEntityOfPage\":{\"@id\":\"https:\\\/\\\/diariofemenino.com.ar\\\/df\\\/segundo-informe-hemisferico-sobre-la-implementacion-de-la-convencion-de-belem-do-para\\\/\"},\"wordCount\":86,\"commentCount\":0,\"publisher\":{\"@id\":\"https:\\\/\\\/diariofemenino.com.ar\\\/df\\\/#organization\"},\"image\":{\"@id\":\"https:\\\/\\\/diariofemenino.com.ar\\\/df\\\/segundo-informe-hemisferico-sobre-la-implementacion-de-la-convencion-de-belem-do-para\\\/#primaryimage\"},\"thumbnailUrl\":\"\",\"articleSection\":[\"Actividades\",\"De la Revoluci\u00f3n al Reaprendizaje\",\"Medios\"],\"inLanguage\":\"es\",\"potentialAction\":[{\"@type\":\"CommentAction\",\"name\":\"Comment\",\"target\":[\"https:\\\/\\\/diariofemenino.com.ar\\\/df\\\/segundo-informe-hemisferico-sobre-la-implementacion-de-la-convencion-de-belem-do-para\\\/#respond\"]}]},{\"@type\":\"WebPage\",\"@id\":\"https:\\\/\\\/diariofemenino.com.ar\\\/df\\\/segundo-informe-hemisferico-sobre-la-implementacion-de-la-convencion-de-belem-do-para\\\/\",\"url\":\"https:\\\/\\\/diariofemenino.com.ar\\\/df\\\/segundo-informe-hemisferico-sobre-la-implementacion-de-la-convencion-de-belem-do-para\\\/\",\"name\":\"Segundo Informe Hemisf\u00e9rico sobre la Implementaci\u00f3n de la Convenci\u00f3n de Bel\u00e9m do Par\u00e1 - Diario Digital Femenino\",\"isPartOf\":{\"@id\":\"https:\\\/\\\/diariofemenino.com.ar\\\/df\\\/#website\"},\"primaryImageOfPage\":{\"@id\":\"https:\\\/\\\/diariofemenino.com.ar\\\/df\\\/segundo-informe-hemisferico-sobre-la-implementacion-de-la-convencion-de-belem-do-para\\\/#primaryimage\"},\"image\":{\"@id\":\"https:\\\/\\\/diariofemenino.com.ar\\\/df\\\/segundo-informe-hemisferico-sobre-la-implementacion-de-la-convencion-de-belem-do-para\\\/#primaryimage\"},\"thumbnailUrl\":\"\",\"datePublished\":\"2012-07-17T00:06:00+00:00\",\"breadcrumb\":{\"@id\":\"https:\\\/\\\/diariofemenino.com.ar\\\/df\\\/segundo-informe-hemisferico-sobre-la-implementacion-de-la-convencion-de-belem-do-para\\\/#breadcrumb\"},\"inLanguage\":\"es\",\"potentialAction\":[{\"@type\":\"ReadAction\",\"target\":[\"https:\\\/\\\/diariofemenino.com.ar\\\/df\\\/segundo-informe-hemisferico-sobre-la-implementacion-de-la-convencion-de-belem-do-para\\\/\"]}]},{\"@type\":\"ImageObject\",\"inLanguage\":\"es\",\"@id\":\"https:\\\/\\\/diariofemenino.com.ar\\\/df\\\/segundo-informe-hemisferico-sobre-la-implementacion-de-la-convencion-de-belem-do-para\\\/#primaryimage\",\"url\":\"\",\"contentUrl\":\"\"},{\"@type\":\"BreadcrumbList\",\"@id\":\"https:\\\/\\\/diariofemenino.com.ar\\\/df\\\/segundo-informe-hemisferico-sobre-la-implementacion-de-la-convencion-de-belem-do-para\\\/#breadcrumb\",\"itemListElement\":[{\"@type\":\"ListItem\",\"position\":1,\"name\":\"Portada\",\"item\":\"https:\\\/\\\/diariofemenino.com.ar\\\/df\\\/\"},{\"@type\":\"ListItem\",\"position\":2,\"name\":\"Segundo Informe Hemisf\u00e9rico sobre la Implementaci\u00f3n de la Convenci\u00f3n de Bel\u00e9m do Par\u00e1\"}]},{\"@type\":\"WebSite\",\"@id\":\"https:\\\/\\\/diariofemenino.com.ar\\\/df\\\/#website\",\"url\":\"https:\\\/\\\/diariofemenino.com.ar\\\/df\\\/\",\"name\":\"Diario Digital Femenino\",\"description\":\"Cuesti\u00f3n de G\u00e9nero\",\"publisher\":{\"@id\":\"https:\\\/\\\/diariofemenino.com.ar\\\/df\\\/#organization\"},\"potentialAction\":[{\"@type\":\"SearchAction\",\"target\":{\"@type\":\"EntryPoint\",\"urlTemplate\":\"https:\\\/\\\/diariofemenino.com.ar\\\/df\\\/?s={search_term_string}\"},\"query-input\":{\"@type\":\"PropertyValueSpecification\",\"valueRequired\":true,\"valueName\":\"search_term_string\"}}],\"inLanguage\":\"es\"},{\"@type\":\"Organization\",\"@id\":\"https:\\\/\\\/diariofemenino.com.ar\\\/df\\\/#organization\",\"name\":\"Diario Femenino\",\"url\":\"https:\\\/\\\/diariofemenino.com.ar\\\/df\\\/\",\"logo\":{\"@type\":\"ImageObject\",\"inLanguage\":\"es\",\"@id\":\"https:\\\/\\\/diariofemenino.com.ar\\\/df\\\/#\\\/schema\\\/logo\\\/image\\\/\",\"url\":\"https:\\\/\\\/diariofemenino.com.ar\\\/df\\\/wp-content\\\/uploads\\\/2018\\\/10\\\/logo.png\",\"contentUrl\":\"https:\\\/\\\/diariofemenino.com.ar\\\/df\\\/wp-content\\\/uploads\\\/2018\\\/10\\\/logo.png\",\"width\":500,\"height\":92,\"caption\":\"Diario Femenino\"},\"image\":{\"@id\":\"https:\\\/\\\/diariofemenino.com.ar\\\/df\\\/#\\\/schema\\\/logo\\\/image\\\/\"},\"sameAs\":[\"https:\\\/\\\/www.facebook.com\\\/DiarioDigitaFemenino\\\/\",\"https:\\\/\\\/x.com\\\/DiarioFemenino1\"]},{\"@type\":\"Person\",\"@id\":\"https:\\\/\\\/diariofemenino.com.ar\\\/df\\\/#\\\/schema\\\/person\\\/38f54b3bfd13f561de2460ba95c169c6\",\"name\":\"Admin\",\"image\":{\"@type\":\"ImageObject\",\"inLanguage\":\"es\",\"@id\":\"https:\\\/\\\/diariofemenino.com.ar\\\/df\\\/wp-content\\\/uploads\\\/2018\\\/12\\\/favicon-150x150.jpg\",\"url\":\"https:\\\/\\\/diariofemenino.com.ar\\\/df\\\/wp-content\\\/uploads\\\/2018\\\/12\\\/favicon-150x150.jpg\",\"contentUrl\":\"https:\\\/\\\/diariofemenino.com.ar\\\/df\\\/wp-content\\\/uploads\\\/2018\\\/12\\\/favicon-150x150.jpg\",\"caption\":\"Admin\"},\"url\":\"https:\\\/\\\/diariofemenino.com.ar\\\/df\\\/author\\\/adm18df\\\/\"}]}<\/script>\n<!-- \/ Yoast SEO plugin. -->","yoast_head_json":{"title":"Segundo Informe Hemisf\u00e9rico sobre la Implementaci\u00f3n de la Convenci\u00f3n de Bel\u00e9m do Par\u00e1 - Diario Digital Femenino","robots":{"index":"index","follow":"follow","max-snippet":"max-snippet:-1","max-image-preview":"max-image-preview:large","max-video-preview":"max-video-preview:-1"},"canonical":"https:\/\/diariofemenino.com.ar\/df\/segundo-informe-hemisferico-sobre-la-implementacion-de-la-convencion-de-belem-do-para\/","og_locale":"es_ES","og_type":"article","og_title":"Segundo Informe Hemisf\u00e9rico sobre la Implementaci\u00f3n de la Convenci\u00f3n de Bel\u00e9m do Par\u00e1 - Diario Digital Femenino","og_description":"&nbsp; &nbsp; Durante la 4a Conferencia de Estados Parte de la Convenci\u00f3n de Bel\u00e9m do Par\u00e1, se adopt\u00f3 el Segundo Informe Hemif\u00e9rico, que da cuenta de los avances de los Estados Parte en sancionar y erradicar la violencia contra las mujeres e identifica algunos de los obst\u00e1culos persistentes. Descargar\u00a0 completo: Informe &nbsp; &nbsp; Fuente: Gustavo [&hellip;]","og_url":"https:\/\/diariofemenino.com.ar\/df\/segundo-informe-hemisferico-sobre-la-implementacion-de-la-convencion-de-belem-do-para\/","og_site_name":"Diario Digital Femenino","article_publisher":"https:\/\/www.facebook.com\/DiarioDigitaFemenino\/","article_published_time":"2012-07-17T00:06:00+00:00","og_image":[{"width":855,"height":319,"url":"https:\/\/diariofemenino.com.ar\/df\/wp-content\/uploads\/2016\/10\/logo-negro.png","type":"image\/png"}],"author":"Admin","twitter_card":"summary_large_image","twitter_creator":"@DiarioFemenino1","twitter_site":"@DiarioFemenino1","twitter_misc":{"Escrito por":"Admin"},"schema":{"@context":"https:\/\/schema.org","@graph":[{"@type":"Article","@id":"https:\/\/diariofemenino.com.ar\/df\/segundo-informe-hemisferico-sobre-la-implementacion-de-la-convencion-de-belem-do-para\/#article","isPartOf":{"@id":"https:\/\/diariofemenino.com.ar\/df\/segundo-informe-hemisferico-sobre-la-implementacion-de-la-convencion-de-belem-do-para\/"},"author":{"name":"Admin","@id":"https:\/\/diariofemenino.com.ar\/df\/#\/schema\/person\/38f54b3bfd13f561de2460ba95c169c6"},"headline":"Segundo Informe Hemisf\u00e9rico sobre la Implementaci\u00f3n de la Convenci\u00f3n de Bel\u00e9m do Par\u00e1","datePublished":"2012-07-17T00:06:00+00:00","mainEntityOfPage":{"@id":"https:\/\/diariofemenino.com.ar\/df\/segundo-informe-hemisferico-sobre-la-implementacion-de-la-convencion-de-belem-do-para\/"},"wordCount":86,"commentCount":0,"publisher":{"@id":"https:\/\/diariofemenino.com.ar\/df\/#organization"},"image":{"@id":"https:\/\/diariofemenino.com.ar\/df\/segundo-informe-hemisferico-sobre-la-implementacion-de-la-convencion-de-belem-do-para\/#primaryimage"},"thumbnailUrl":"","articleSection":["Actividades","De la Revoluci\u00f3n al Reaprendizaje","Medios"],"inLanguage":"es","potentialAction":[{"@type":"CommentAction","name":"Comment","target":["https:\/\/diariofemenino.com.ar\/df\/segundo-informe-hemisferico-sobre-la-implementacion-de-la-convencion-de-belem-do-para\/#respond"]}]},{"@type":"WebPage","@id":"https:\/\/diariofemenino.com.ar\/df\/segundo-informe-hemisferico-sobre-la-implementacion-de-la-convencion-de-belem-do-para\/","url":"https:\/\/diariofemenino.com.ar\/df\/segundo-informe-hemisferico-sobre-la-implementacion-de-la-convencion-de-belem-do-para\/","name":"Segundo Informe Hemisf\u00e9rico sobre la Implementaci\u00f3n de la Convenci\u00f3n de Bel\u00e9m do Par\u00e1 - Diario Digital Femenino","isPartOf":{"@id":"https:\/\/diariofemenino.com.ar\/df\/#website"},"primaryImageOfPage":{"@id":"https:\/\/diariofemenino.com.ar\/df\/segundo-informe-hemisferico-sobre-la-implementacion-de-la-convencion-de-belem-do-para\/#primaryimage"},"image":{"@id":"https:\/\/diariofemenino.com.ar\/df\/segundo-informe-hemisferico-sobre-la-implementacion-de-la-convencion-de-belem-do-para\/#primaryimage"},"thumbnailUrl":"","datePublished":"2012-07-17T00:06:00+00:00","breadcrumb":{"@id":"https:\/\/diariofemenino.com.ar\/df\/segundo-informe-hemisferico-sobre-la-implementacion-de-la-convencion-de-belem-do-para\/#breadcrumb"},"inLanguage":"es","potentialAction":[{"@type":"ReadAction","target":["https:\/\/diariofemenino.com.ar\/df\/segundo-informe-hemisferico-sobre-la-implementacion-de-la-convencion-de-belem-do-para\/"]}]},{"@type":"ImageObject","inLanguage":"es","@id":"https:\/\/diariofemenino.com.ar\/df\/segundo-informe-hemisferico-sobre-la-implementacion-de-la-convencion-de-belem-do-para\/#primaryimage","url":"","contentUrl":""},{"@type":"BreadcrumbList","@id":"https:\/\/diariofemenino.com.ar\/df\/segundo-informe-hemisferico-sobre-la-implementacion-de-la-convencion-de-belem-do-para\/#breadcrumb","itemListElement":[{"@type":"ListItem","position":1,"name":"Portada","item":"https:\/\/diariofemenino.com.ar\/df\/"},{"@type":"ListItem","position":2,"name":"Segundo Informe Hemisf\u00e9rico sobre la Implementaci\u00f3n de la Convenci\u00f3n de Bel\u00e9m do Par\u00e1"}]},{"@type":"WebSite","@id":"https:\/\/diariofemenino.com.ar\/df\/#website","url":"https:\/\/diariofemenino.com.ar\/df\/","name":"Diario Digital Femenino","description":"Cuesti\u00f3n de G\u00e9nero","publisher":{"@id":"https:\/\/diariofemenino.com.ar\/df\/#organization"},"potentialAction":[{"@type":"SearchAction","target":{"@type":"EntryPoint","urlTemplate":"https:\/\/diariofemenino.com.ar\/df\/?s={search_term_string}"},"query-input":{"@type":"PropertyValueSpecification","valueRequired":true,"valueName":"search_term_string"}}],"inLanguage":"es"},{"@type":"Organization","@id":"https:\/\/diariofemenino.com.ar\/df\/#organization","name":"Diario Femenino","url":"https:\/\/diariofemenino.com.ar\/df\/","logo":{"@type":"ImageObject","inLanguage":"es","@id":"https:\/\/diariofemenino.com.ar\/df\/#\/schema\/logo\/image\/","url":"https:\/\/diariofemenino.com.ar\/df\/wp-content\/uploads\/2018\/10\/logo.png","contentUrl":"https:\/\/diariofemenino.com.ar\/df\/wp-content\/uploads\/2018\/10\/logo.png","width":500,"height":92,"caption":"Diario Femenino"},"image":{"@id":"https:\/\/diariofemenino.com.ar\/df\/#\/schema\/logo\/image\/"},"sameAs":["https:\/\/www.facebook.com\/DiarioDigitaFemenino\/","https:\/\/x.com\/DiarioFemenino1"]},{"@type":"Person","@id":"https:\/\/diariofemenino.com.ar\/df\/#\/schema\/person\/38f54b3bfd13f561de2460ba95c169c6","name":"Admin","image":{"@type":"ImageObject","inLanguage":"es","@id":"https:\/\/diariofemenino.com.ar\/df\/wp-content\/uploads\/2018\/12\/favicon-150x150.jpg","url":"https:\/\/diariofemenino.com.ar\/df\/wp-content\/uploads\/2018\/12\/favicon-150x150.jpg","contentUrl":"https:\/\/diariofemenino.com.ar\/df\/wp-content\/uploads\/2018\/12\/favicon-150x150.jpg","caption":"Admin"},"url":"https:\/\/diariofemenino.com.ar\/df\/author\/adm18df\/"}]}},"jetpack_featured_media_url":"","jetpack_sharing_enabled":true,"rttpg_featured_image_url":null,"rttpg_author":{"display_name":"Admin","author_link":"https:\/\/diariofemenino.com.ar\/df\/author\/adm18df\/"},"rttpg_comment":0,"rttpg_category":"<a href=\"https:\/\/diariofemenino.com.ar\/df\/category\/actividades\/\" rel=\"category tag\">Actividades<\/a> <a href=\"https:\/\/diariofemenino.com.ar\/df\/category\/de-la-revolucion-al-reaprendizaje\/\" rel=\"category tag\">De la Revoluci\u00f3n al Reaprendizaje<\/a> <a href=\"https:\/\/diariofemenino.com.ar\/df\/category\/medios\/\" rel=\"category tag\">Medios<\/a>","rttpg_excerpt":"&nbsp; &nbsp; Durante la 4a Conferencia de Estados Parte de la Convenci\u00f3n de Bel\u00e9m do Par\u00e1, se adopt\u00f3 el Segundo Informe Hemif\u00e9rico, que da cuenta de los avances de los Estados Parte en sancionar y erradicar la violencia contra las mujeres e identifica algunos de los obst\u00e1culos persistentes. Descargar\u00a0 completo: Informe &nbsp; &nbsp; Fuente: Gustavo&hellip;","_links":{"self":[{"href":"https:\/\/diariofemenino.com.ar\/df\/wp-json\/wp\/v2\/posts\/2543","targetHints":{"allow":["GET"]}}],"collection":[{"href":"https:\/\/diariofemenino.com.ar\/df\/wp-json\/wp\/v2\/posts"}],"about":[{"href":"https:\/\/diariofemenino.com.ar\/df\/wp-json\/wp\/v2\/types\/post"}],"author":[{"embeddable":true,"href":"https:\/\/diariofemenino.com.ar\/df\/wp-json\/wp\/v2\/users\/1"}],"replies":[{"embeddable":true,"href":"https:\/\/diariofemenino.com.ar\/df\/wp-json\/wp\/v2\/comments?post=2543"}],"version-history":[{"count":0,"href":"https:\/\/diariofemenino.com.ar\/df\/wp-json\/wp\/v2\/posts\/2543\/revisions"}],"wp:featuredmedia":[{"embeddable":true,"href":"https:\/\/diariofemenino.com.ar\/df\/wp-json\/"}],"wp:attachment":[{"href":"https:\/\/diariofemenino.com.ar\/df\/wp-json\/wp\/v2\/media?parent=2543"}],"wp:term":[{"taxonomy":"category","embeddable":true,"href":"https:\/\/diariofemenino.com.ar\/df\/wp-json\/wp\/v2\/categories?post=2543"},{"taxonomy":"post_tag","embeddable":true,"href":"https:\/\/diariofemenino.com.ar\/df\/wp-json\/wp\/v2\/tags?post=2543"}],"curies":[{"name":"wp","href":"https:\/\/api.w.org\/{rel}","templated":true}]}}