{"id":25226,"date":"2016-10-05T20:41:52","date_gmt":"2016-10-05T23:41:52","guid":{"rendered":"http:\/\/www.diariofemenino.com.ar\/?p=25226"},"modified":"2016-10-05T20:41:52","modified_gmt":"2016-10-05T23:41:52","slug":"es-periodismo","status":"publish","type":"post","link":"https:\/\/diariofemenino.com.ar\/df\/es-periodismo\/","title":{"rendered":"No es periodismo"},"content":{"rendered":"<div>\n<span style=\"color: #000000;\"><em><strong>No es periodismo indagar sobre la vida privada de las personas, ni mostrar, relatar, publicar, difundir cuestiones de su intimidad.<\/strong><\/em><\/span><br \/>\n<figure id=\"attachment_25227\" aria-describedby=\"caption-attachment-25227\" style=\"width: 440px\" class=\"wp-caption alignnone\"><a href=\"http:\/\/www.diariofemenino.com.ar\/wp-content\/uploads\/placa_vm2.jpg\"><img loading=\"lazy\" decoding=\"async\" class=\"size-full wp-image-25227\" src=\"http:\/\/www.diariofemenino.com.ar\/wp-content\/uploads\/placa_vm2.jpg\" alt=\"No es periodismo\" width=\"440\" height=\"264\" \/><\/a><figcaption id=\"caption-attachment-25227\" class=\"wp-caption-text\">No es periodismo<\/figcaption><\/figure>\n<\/div>\n<div><span style=\"color: #000000;\"><span style=\"color: #000000;\">Por <strong>Sandra V. Miguez*<\/strong><\/span><\/span><\/div>\n<div><span style=\"color: #000000;\"><span style=\"color: #000000;\">No es periodismo exponer en un video privado y personal\u00edsimo, a una joven de la ciudad de Concordia con dos pilotos del TC.<\/span><\/span><\/div>\n<div><span style=\"color: #000000;\"><span style=\"color: #000000;\">Este material que circul\u00f3 y se reitera en las redes sociales, en distintos soportes de Internet, y en distintos medios de comunicaci\u00f3n como si fuera un hecho noticiable, no lo es. La difusi\u00f3n de ese video -de \u00edndole personal e \u00edntima-, constituye una violaci\u00f3n a los derechos personal\u00edsimos a la intimidad, la dignidad, el honor y la imagen, tal como lo se\u00f1ala el C\u00f3digo Civil de nuestro pa\u00eds \u2013que expresamente en el art\u00edculo 52 establece: \u201cAfectaciones a la dignidad La persona humana lesionada en su intimidad personal o familiar, honra o reputaci\u00f3n, imagen o identidad, o que de cualquier modo resulte menoscabada en su dignidad personal, puede reclamar la prevenci\u00f3n y reparaci\u00f3n de los da\u00f1os sufridos, conforme a lo dispuesto en el Libro Tercero, T\u00edtulo V, Cap\u00edtulo 1\u201d.<\/span><\/span><\/div>\n<div><span style=\"color: #000000;\"><span style=\"color: #000000;\">La difusi\u00f3n del mismo y la publicaci\u00f3n de fotos de la joven, su familia y dem\u00e1s allegados, son una directa forma de revictimizaci\u00f3n, y reproduce un esquema patriarcal que es aquel que apela a adoctrinar a las mujeres respecto de lo que se les \u201cexige\u201d hacer o no en la intimidad. La divulgaci\u00f3n de los datos personales de la joven como si fuera una noticia, refuerza la idea de que es el poder masculino el que posee la potestad de someter a un proceso de degradaci\u00f3n a la mujer, todas las veces que lo crea necesario o simplemente desee hacerlo. Estas son las nuevas formas de control -grabar, filmar y difundir- que buscan recuperar el sometimiento de las mujeres -dentro y fuera de la casa-, estableciendo arbitrariamente que es correcto o incorrecto. Esta modalidad viola la \u201cConvenci\u00f3n de Bel\u00e9m do Par\u00e1\u201d: Convenci\u00f3n Interamericana para prevenir, sancionar y erradicar la Violencia contra la Mujer, que considera que el reconocimiento y el respeto irrestricto de todos los derechos de la mujer son condiciones indispensables para su desarrollo individual y para la creaci\u00f3n de una sociedad m\u00e1s justa, solidaria y pac\u00edfica; y manifiesta su preocupaci\u00f3n por la violencia en que viven muchas mujeres de Am\u00e9rica, sin distinci\u00f3n de raza, clase, religi\u00f3n, edad o cualquier otra condici\u00f3n.<\/span><\/span>Es\u00a0tambi\u00e9n\u00a0una clara violaci\u00f3n a la Ley Argentina de protecci\u00f3n Integral a las Mujeres -Ley 26.485- que busca prevenir, sancionar y erradicar la violencia contra las mujeres en los \u00e1mbitos en que desarrollen sus relaciones interpersonales. El hecho en s\u00ed mismo constituye un claro ejemplo de Violencia de g\u00e9nero, simb\u00f3lica y emocional medi\u00e1tica ya que el morbo y la falta de respeto son los \u00fanicos motivos reales que da cuenta de la circulaci\u00f3n publica de un video que hace a la estricta intimidad de las personas, y se lo expone de modo tal que no solamente se est\u00e1n violentando los derechos de privacidad e intimidad de la joven, de la familia, sino tambi\u00e9n de la poblaci\u00f3n en general ya que convierte as\u00ed en p\u00fablico involuntario de escenas que nada aportan al bien com\u00fan ni a la necesidad de la ciudadan\u00eda de estar informada.<\/div>\n<div><\/div>\n<div><\/div>\n<div><\/div>\n<div><span style=\"color: #000000;\">*Licenciada en Comunicaci\u00f3n Social<\/span><br \/>\n<span style=\"color: #000000;\">Integrante de la RIPVG-Ar<\/span><\/div>\n","protected":false},"excerpt":{"rendered":"<p>No es periodismo indagar sobre la vida privada de las personas, ni mostrar, relatar, publicar, difundir cuestiones de su intimidad. Por Sandra V. Miguez* No es periodismo exponer en un video privado y personal\u00edsimo, a una joven de la ciudad de Concordia con dos pilotos del TC. Este material que circul\u00f3 y se reitera en [&hellip;]<\/p>\n","protected":false},"author":1,"featured_media":25433,"comment_status":"open","ping_status":"open","sticky":false,"template":"","format":"standard","meta":{"iawp_total_views":5,"footnotes":""},"categories":[9,13],"tags":[53,30,16,49],"class_list":["post-25226","post","type-post","status-publish","format-standard","has-post-thumbnail","hentry","category-de-esi-si-se-habla","category-mujeres-sindicalistas","tag-derechos-de-las-mujeres","tag-derechos-humanos","tag-violencia-de-genero","tag-violencia-mediatica"],"nelio_content":{"autoShareEndMode":"never","automationSources":{"useCustomSentences":false,"customSentences":[]},"efiAlt":"","efiUrl":"","followers":[],"highlights":[],"isAutoShareEnabled":true,"networkImageIds":[],"permalinkQueryArgs":[],"series":[],"suggestedReferences":[]},"yoast_head":"<!-- This site is optimized with the Yoast SEO plugin v27.4 - https:\/\/yoast.com\/product\/yoast-seo-wordpress\/ -->\n<title>No es periodismo - Diario Digital Femenino<\/title>\n<meta name=\"description\" content=\"No es periodismo. Por Sandra Miguez\" \/>\n<meta name=\"robots\" content=\"index, follow, max-snippet:-1, max-image-preview:large, max-video-preview:-1\" \/>\n<link rel=\"canonical\" href=\"https:\/\/diariofemenino.com.ar\/df\/es-periodismo\/\" \/>\n<meta property=\"og:locale\" content=\"es_ES\" \/>\n<meta property=\"og:type\" content=\"article\" \/>\n<meta property=\"og:title\" content=\"No es periodismo - Diario Digital Femenino\" \/>\n<meta property=\"og:description\" content=\"No es periodismo. Por Sandra Miguez\" \/>\n<meta property=\"og:url\" content=\"https:\/\/diariofemenino.com.ar\/df\/es-periodismo\/\" \/>\n<meta property=\"og:site_name\" content=\"Diario Digital Femenino\" \/>\n<meta property=\"article:publisher\" content=\"https:\/\/www.facebook.com\/DiarioDigitaFemenino\/\" \/>\n<meta property=\"article:published_time\" content=\"2016-10-05T23:41:52+00:00\" \/>\n<meta property=\"og:image\" content=\"https:\/\/diariofemenino.com.ar\/df\/wp-content\/uploads\/2016\/10\/placa_vm2.jpg\" \/>\n\t<meta property=\"og:image:width\" content=\"440\" \/>\n\t<meta property=\"og:image:height\" content=\"264\" \/>\n\t<meta property=\"og:image:type\" content=\"image\/jpeg\" \/>\n<meta name=\"author\" content=\"Admin\" \/>\n<meta name=\"twitter:card\" content=\"summary_large_image\" \/>\n<meta name=\"twitter:creator\" content=\"@DiarioFemenino1\" \/>\n<meta name=\"twitter:site\" content=\"@DiarioFemenino1\" \/>\n<meta name=\"twitter:label1\" content=\"Escrito por\" \/>\n\t<meta name=\"twitter:data1\" content=\"Admin\" \/>\n\t<meta name=\"twitter:label2\" content=\"Tiempo de lectura\" \/>\n\t<meta name=\"twitter:data2\" content=\"3 minutos\" \/>\n<script type=\"application\/ld+json\" class=\"yoast-schema-graph\">{\"@context\":\"https:\\\/\\\/schema.org\",\"@graph\":[{\"@type\":\"Article\",\"@id\":\"https:\\\/\\\/diariofemenino.com.ar\\\/df\\\/es-periodismo\\\/#article\",\"isPartOf\":{\"@id\":\"https:\\\/\\\/diariofemenino.com.ar\\\/df\\\/es-periodismo\\\/\"},\"author\":{\"name\":\"Admin\",\"@id\":\"https:\\\/\\\/diariofemenino.com.ar\\\/df\\\/#\\\/schema\\\/person\\\/38f54b3bfd13f561de2460ba95c169c6\"},\"headline\":\"No es periodismo\",\"datePublished\":\"2016-10-05T23:41:52+00:00\",\"mainEntityOfPage\":{\"@id\":\"https:\\\/\\\/diariofemenino.com.ar\\\/df\\\/es-periodismo\\\/\"},\"wordCount\":597,\"commentCount\":0,\"publisher\":{\"@id\":\"https:\\\/\\\/diariofemenino.com.ar\\\/df\\\/#organization\"},\"image\":{\"@id\":\"https:\\\/\\\/diariofemenino.com.ar\\\/df\\\/es-periodismo\\\/#primaryimage\"},\"thumbnailUrl\":\"https:\\\/\\\/diariofemenino.com.ar\\\/df\\\/wp-content\\\/uploads\\\/2016\\\/10\\\/placa_vm2.jpg\",\"keywords\":[\"Derechos de las mujeres\",\"Derechos Humanos\",\"Violencia de g\u00e9nero\",\"Violencia Medi\u00e1tica\"],\"articleSection\":[\"De ESI S\u00ed Se Habla\",\"Mujeres Sindicalistas\"],\"inLanguage\":\"es\",\"potentialAction\":[{\"@type\":\"CommentAction\",\"name\":\"Comment\",\"target\":[\"https:\\\/\\\/diariofemenino.com.ar\\\/df\\\/es-periodismo\\\/#respond\"]}]},{\"@type\":\"WebPage\",\"@id\":\"https:\\\/\\\/diariofemenino.com.ar\\\/df\\\/es-periodismo\\\/\",\"url\":\"https:\\\/\\\/diariofemenino.com.ar\\\/df\\\/es-periodismo\\\/\",\"name\":\"No es periodismo - Diario Digital Femenino\",\"isPartOf\":{\"@id\":\"https:\\\/\\\/diariofemenino.com.ar\\\/df\\\/#website\"},\"primaryImageOfPage\":{\"@id\":\"https:\\\/\\\/diariofemenino.com.ar\\\/df\\\/es-periodismo\\\/#primaryimage\"},\"image\":{\"@id\":\"https:\\\/\\\/diariofemenino.com.ar\\\/df\\\/es-periodismo\\\/#primaryimage\"},\"thumbnailUrl\":\"https:\\\/\\\/diariofemenino.com.ar\\\/df\\\/wp-content\\\/uploads\\\/2016\\\/10\\\/placa_vm2.jpg\",\"datePublished\":\"2016-10-05T23:41:52+00:00\",\"description\":\"No es periodismo. Por Sandra Miguez\",\"breadcrumb\":{\"@id\":\"https:\\\/\\\/diariofemenino.com.ar\\\/df\\\/es-periodismo\\\/#breadcrumb\"},\"inLanguage\":\"es\",\"potentialAction\":[{\"@type\":\"ReadAction\",\"target\":[\"https:\\\/\\\/diariofemenino.com.ar\\\/df\\\/es-periodismo\\\/\"]}]},{\"@type\":\"ImageObject\",\"inLanguage\":\"es\",\"@id\":\"https:\\\/\\\/diariofemenino.com.ar\\\/df\\\/es-periodismo\\\/#primaryimage\",\"url\":\"https:\\\/\\\/diariofemenino.com.ar\\\/df\\\/wp-content\\\/uploads\\\/2016\\\/10\\\/placa_vm2.jpg\",\"contentUrl\":\"https:\\\/\\\/diariofemenino.com.ar\\\/df\\\/wp-content\\\/uploads\\\/2016\\\/10\\\/placa_vm2.jpg\",\"width\":440,\"height\":264},{\"@type\":\"BreadcrumbList\",\"@id\":\"https:\\\/\\\/diariofemenino.com.ar\\\/df\\\/es-periodismo\\\/#breadcrumb\",\"itemListElement\":[{\"@type\":\"ListItem\",\"position\":1,\"name\":\"Portada\",\"item\":\"https:\\\/\\\/diariofemenino.com.ar\\\/df\\\/\"},{\"@type\":\"ListItem\",\"position\":2,\"name\":\"No es periodismo\"}]},{\"@type\":\"WebSite\",\"@id\":\"https:\\\/\\\/diariofemenino.com.ar\\\/df\\\/#website\",\"url\":\"https:\\\/\\\/diariofemenino.com.ar\\\/df\\\/\",\"name\":\"Diario Digital Femenino\",\"description\":\"Cuesti\u00f3n de G\u00e9nero\",\"publisher\":{\"@id\":\"https:\\\/\\\/diariofemenino.com.ar\\\/df\\\/#organization\"},\"potentialAction\":[{\"@type\":\"SearchAction\",\"target\":{\"@type\":\"EntryPoint\",\"urlTemplate\":\"https:\\\/\\\/diariofemenino.com.ar\\\/df\\\/?s={search_term_string}\"},\"query-input\":{\"@type\":\"PropertyValueSpecification\",\"valueRequired\":true,\"valueName\":\"search_term_string\"}}],\"inLanguage\":\"es\"},{\"@type\":\"Organization\",\"@id\":\"https:\\\/\\\/diariofemenino.com.ar\\\/df\\\/#organization\",\"name\":\"Diario Femenino\",\"url\":\"https:\\\/\\\/diariofemenino.com.ar\\\/df\\\/\",\"logo\":{\"@type\":\"ImageObject\",\"inLanguage\":\"es\",\"@id\":\"https:\\\/\\\/diariofemenino.com.ar\\\/df\\\/#\\\/schema\\\/logo\\\/image\\\/\",\"url\":\"https:\\\/\\\/diariofemenino.com.ar\\\/df\\\/wp-content\\\/uploads\\\/2018\\\/10\\\/logo.png\",\"contentUrl\":\"https:\\\/\\\/diariofemenino.com.ar\\\/df\\\/wp-content\\\/uploads\\\/2018\\\/10\\\/logo.png\",\"width\":500,\"height\":92,\"caption\":\"Diario Femenino\"},\"image\":{\"@id\":\"https:\\\/\\\/diariofemenino.com.ar\\\/df\\\/#\\\/schema\\\/logo\\\/image\\\/\"},\"sameAs\":[\"https:\\\/\\\/www.facebook.com\\\/DiarioDigitaFemenino\\\/\",\"https:\\\/\\\/x.com\\\/DiarioFemenino1\"]},{\"@type\":\"Person\",\"@id\":\"https:\\\/\\\/diariofemenino.com.ar\\\/df\\\/#\\\/schema\\\/person\\\/38f54b3bfd13f561de2460ba95c169c6\",\"name\":\"Admin\",\"image\":{\"@type\":\"ImageObject\",\"inLanguage\":\"es\",\"@id\":\"https:\\\/\\\/diariofemenino.com.ar\\\/df\\\/wp-content\\\/uploads\\\/2018\\\/12\\\/favicon-150x150.jpg\",\"url\":\"https:\\\/\\\/diariofemenino.com.ar\\\/df\\\/wp-content\\\/uploads\\\/2018\\\/12\\\/favicon-150x150.jpg\",\"contentUrl\":\"https:\\\/\\\/diariofemenino.com.ar\\\/df\\\/wp-content\\\/uploads\\\/2018\\\/12\\\/favicon-150x150.jpg\",\"caption\":\"Admin\"},\"url\":\"https:\\\/\\\/diariofemenino.com.ar\\\/df\\\/author\\\/adm18df\\\/\"}]}<\/script>\n<!-- \/ Yoast SEO plugin. -->","yoast_head_json":{"title":"No es periodismo - Diario Digital Femenino","description":"No es periodismo. Por Sandra Miguez","robots":{"index":"index","follow":"follow","max-snippet":"max-snippet:-1","max-image-preview":"max-image-preview:large","max-video-preview":"max-video-preview:-1"},"canonical":"https:\/\/diariofemenino.com.ar\/df\/es-periodismo\/","og_locale":"es_ES","og_type":"article","og_title":"No es periodismo - Diario Digital Femenino","og_description":"No es periodismo. Por Sandra Miguez","og_url":"https:\/\/diariofemenino.com.ar\/df\/es-periodismo\/","og_site_name":"Diario Digital Femenino","article_publisher":"https:\/\/www.facebook.com\/DiarioDigitaFemenino\/","article_published_time":"2016-10-05T23:41:52+00:00","og_image":[{"width":440,"height":264,"url":"https:\/\/diariofemenino.com.ar\/df\/wp-content\/uploads\/2016\/10\/placa_vm2.jpg","type":"image\/jpeg"}],"author":"Admin","twitter_card":"summary_large_image","twitter_creator":"@DiarioFemenino1","twitter_site":"@DiarioFemenino1","twitter_misc":{"Escrito por":"Admin","Tiempo de lectura":"3 minutos"},"schema":{"@context":"https:\/\/schema.org","@graph":[{"@type":"Article","@id":"https:\/\/diariofemenino.com.ar\/df\/es-periodismo\/#article","isPartOf":{"@id":"https:\/\/diariofemenino.com.ar\/df\/es-periodismo\/"},"author":{"name":"Admin","@id":"https:\/\/diariofemenino.com.ar\/df\/#\/schema\/person\/38f54b3bfd13f561de2460ba95c169c6"},"headline":"No es periodismo","datePublished":"2016-10-05T23:41:52+00:00","mainEntityOfPage":{"@id":"https:\/\/diariofemenino.com.ar\/df\/es-periodismo\/"},"wordCount":597,"commentCount":0,"publisher":{"@id":"https:\/\/diariofemenino.com.ar\/df\/#organization"},"image":{"@id":"https:\/\/diariofemenino.com.ar\/df\/es-periodismo\/#primaryimage"},"thumbnailUrl":"https:\/\/diariofemenino.com.ar\/df\/wp-content\/uploads\/2016\/10\/placa_vm2.jpg","keywords":["Derechos de las mujeres","Derechos Humanos","Violencia de g\u00e9nero","Violencia Medi\u00e1tica"],"articleSection":["De ESI S\u00ed Se Habla","Mujeres Sindicalistas"],"inLanguage":"es","potentialAction":[{"@type":"CommentAction","name":"Comment","target":["https:\/\/diariofemenino.com.ar\/df\/es-periodismo\/#respond"]}]},{"@type":"WebPage","@id":"https:\/\/diariofemenino.com.ar\/df\/es-periodismo\/","url":"https:\/\/diariofemenino.com.ar\/df\/es-periodismo\/","name":"No es periodismo - Diario Digital Femenino","isPartOf":{"@id":"https:\/\/diariofemenino.com.ar\/df\/#website"},"primaryImageOfPage":{"@id":"https:\/\/diariofemenino.com.ar\/df\/es-periodismo\/#primaryimage"},"image":{"@id":"https:\/\/diariofemenino.com.ar\/df\/es-periodismo\/#primaryimage"},"thumbnailUrl":"https:\/\/diariofemenino.com.ar\/df\/wp-content\/uploads\/2016\/10\/placa_vm2.jpg","datePublished":"2016-10-05T23:41:52+00:00","description":"No es periodismo. Por Sandra Miguez","breadcrumb":{"@id":"https:\/\/diariofemenino.com.ar\/df\/es-periodismo\/#breadcrumb"},"inLanguage":"es","potentialAction":[{"@type":"ReadAction","target":["https:\/\/diariofemenino.com.ar\/df\/es-periodismo\/"]}]},{"@type":"ImageObject","inLanguage":"es","@id":"https:\/\/diariofemenino.com.ar\/df\/es-periodismo\/#primaryimage","url":"https:\/\/diariofemenino.com.ar\/df\/wp-content\/uploads\/2016\/10\/placa_vm2.jpg","contentUrl":"https:\/\/diariofemenino.com.ar\/df\/wp-content\/uploads\/2016\/10\/placa_vm2.jpg","width":440,"height":264},{"@type":"BreadcrumbList","@id":"https:\/\/diariofemenino.com.ar\/df\/es-periodismo\/#breadcrumb","itemListElement":[{"@type":"ListItem","position":1,"name":"Portada","item":"https:\/\/diariofemenino.com.ar\/df\/"},{"@type":"ListItem","position":2,"name":"No es periodismo"}]},{"@type":"WebSite","@id":"https:\/\/diariofemenino.com.ar\/df\/#website","url":"https:\/\/diariofemenino.com.ar\/df\/","name":"Diario Digital Femenino","description":"Cuesti\u00f3n de G\u00e9nero","publisher":{"@id":"https:\/\/diariofemenino.com.ar\/df\/#organization"},"potentialAction":[{"@type":"SearchAction","target":{"@type":"EntryPoint","urlTemplate":"https:\/\/diariofemenino.com.ar\/df\/?s={search_term_string}"},"query-input":{"@type":"PropertyValueSpecification","valueRequired":true,"valueName":"search_term_string"}}],"inLanguage":"es"},{"@type":"Organization","@id":"https:\/\/diariofemenino.com.ar\/df\/#organization","name":"Diario Femenino","url":"https:\/\/diariofemenino.com.ar\/df\/","logo":{"@type":"ImageObject","inLanguage":"es","@id":"https:\/\/diariofemenino.com.ar\/df\/#\/schema\/logo\/image\/","url":"https:\/\/diariofemenino.com.ar\/df\/wp-content\/uploads\/2018\/10\/logo.png","contentUrl":"https:\/\/diariofemenino.com.ar\/df\/wp-content\/uploads\/2018\/10\/logo.png","width":500,"height":92,"caption":"Diario Femenino"},"image":{"@id":"https:\/\/diariofemenino.com.ar\/df\/#\/schema\/logo\/image\/"},"sameAs":["https:\/\/www.facebook.com\/DiarioDigitaFemenino\/","https:\/\/x.com\/DiarioFemenino1"]},{"@type":"Person","@id":"https:\/\/diariofemenino.com.ar\/df\/#\/schema\/person\/38f54b3bfd13f561de2460ba95c169c6","name":"Admin","image":{"@type":"ImageObject","inLanguage":"es","@id":"https:\/\/diariofemenino.com.ar\/df\/wp-content\/uploads\/2018\/12\/favicon-150x150.jpg","url":"https:\/\/diariofemenino.com.ar\/df\/wp-content\/uploads\/2018\/12\/favicon-150x150.jpg","contentUrl":"https:\/\/diariofemenino.com.ar\/df\/wp-content\/uploads\/2018\/12\/favicon-150x150.jpg","caption":"Admin"},"url":"https:\/\/diariofemenino.com.ar\/df\/author\/adm18df\/"}]}},"jetpack_featured_media_url":"https:\/\/diariofemenino.com.ar\/df\/wp-content\/uploads\/2016\/10\/placa_vm2.jpg","jetpack_sharing_enabled":true,"rttpg_featured_image_url":{"full":["https:\/\/diariofemenino.com.ar\/df\/wp-content\/uploads\/2016\/10\/placa_vm2.jpg",440,264,false],"landscape":["https:\/\/diariofemenino.com.ar\/df\/wp-content\/uploads\/2016\/10\/placa_vm2.jpg",440,264,false],"portraits":["https:\/\/diariofemenino.com.ar\/df\/wp-content\/uploads\/2016\/10\/placa_vm2.jpg",440,264,false],"thumbnail":["https:\/\/diariofemenino.com.ar\/df\/wp-content\/uploads\/2016\/10\/placa_vm2-150x150.jpg",150,150,true],"medium":["https:\/\/diariofemenino.com.ar\/df\/wp-content\/uploads\/2016\/10\/placa_vm2-300x180.jpg",300,180,true],"large":["https:\/\/diariofemenino.com.ar\/df\/wp-content\/uploads\/2016\/10\/placa_vm2.jpg",440,264,false],"1536x1536":["https:\/\/diariofemenino.com.ar\/df\/wp-content\/uploads\/2016\/10\/placa_vm2.jpg",440,264,false],"2048x2048":["https:\/\/diariofemenino.com.ar\/df\/wp-content\/uploads\/2016\/10\/placa_vm2.jpg",440,264,false]},"rttpg_author":{"display_name":"Admin","author_link":"https:\/\/diariofemenino.com.ar\/df\/author\/adm18df\/"},"rttpg_comment":0,"rttpg_category":"<a href=\"https:\/\/diariofemenino.com.ar\/df\/category\/de-esi-si-se-habla\/\" rel=\"category tag\">De ESI S\u00ed Se Habla<\/a> <a href=\"https:\/\/diariofemenino.com.ar\/df\/category\/mujeres-sindicalistas\/\" rel=\"category tag\">Mujeres Sindicalistas<\/a>","rttpg_excerpt":"No es periodismo indagar sobre la vida privada de las personas, ni mostrar, relatar, publicar, difundir cuestiones de su intimidad. Por Sandra V. Miguez* No es periodismo exponer en un video privado y personal\u00edsimo, a una joven de la ciudad de Concordia con dos pilotos del TC. Este material que circul\u00f3 y se reitera en&hellip;","_links":{"self":[{"href":"https:\/\/diariofemenino.com.ar\/df\/wp-json\/wp\/v2\/posts\/25226","targetHints":{"allow":["GET"]}}],"collection":[{"href":"https:\/\/diariofemenino.com.ar\/df\/wp-json\/wp\/v2\/posts"}],"about":[{"href":"https:\/\/diariofemenino.com.ar\/df\/wp-json\/wp\/v2\/types\/post"}],"author":[{"embeddable":true,"href":"https:\/\/diariofemenino.com.ar\/df\/wp-json\/wp\/v2\/users\/1"}],"replies":[{"embeddable":true,"href":"https:\/\/diariofemenino.com.ar\/df\/wp-json\/wp\/v2\/comments?post=25226"}],"version-history":[{"count":0,"href":"https:\/\/diariofemenino.com.ar\/df\/wp-json\/wp\/v2\/posts\/25226\/revisions"}],"wp:featuredmedia":[{"embeddable":true,"href":"https:\/\/diariofemenino.com.ar\/df\/wp-json\/wp\/v2\/media\/25433"}],"wp:attachment":[{"href":"https:\/\/diariofemenino.com.ar\/df\/wp-json\/wp\/v2\/media?parent=25226"}],"wp:term":[{"taxonomy":"category","embeddable":true,"href":"https:\/\/diariofemenino.com.ar\/df\/wp-json\/wp\/v2\/categories?post=25226"},{"taxonomy":"post_tag","embeddable":true,"href":"https:\/\/diariofemenino.com.ar\/df\/wp-json\/wp\/v2\/tags?post=25226"}],"curies":[{"name":"wp","href":"https:\/\/api.w.org\/{rel}","templated":true}]}}