{"id":25220,"date":"2016-10-05T15:28:39","date_gmt":"2016-10-05T18:28:39","guid":{"rendered":"http:\/\/www.diariofemenino.com.ar\/?p=25220"},"modified":"2016-10-05T15:28:39","modified_gmt":"2016-10-05T18:28:39","slug":"se-abre-la-inscripcion-la-10-edicion-del-curso-virtual-en-comunicacion-y-generos","status":"publish","type":"post","link":"https:\/\/diariofemenino.com.ar\/df\/se-abre-la-inscripcion-la-10-edicion-del-curso-virtual-en-comunicacion-y-generos\/","title":{"rendered":"Se abre la inscripci\u00f3n a la 10\u00b0 edici\u00f3n del curso virtual en comunicaci\u00f3n y g\u00e9neros"},"content":{"rendered":"<p><span style=\"color: #000000;\"><i>Hasta el 17 de octubre, la Defensor\u00eda del P\u00fablico recibir\u00e1 postulaciones para que otras 130 personas de todo el pa\u00eds puedan realizar el Curso virtual \u201cIntroducci\u00f3n a la perspectiva de g\u00e9nero en los medios audiovisuales\u201d que dicta el organismo.<\/i><\/span><br \/>\n<figure id=\"attachment_25221\" aria-describedby=\"caption-attachment-25221\" style=\"width: 440px\" class=\"wp-caption alignnone\"><a href=\"http:\/\/www.diariofemenino.com.ar\/wp-content\/uploads\/formacionvirtual.jpg\"><img loading=\"lazy\" decoding=\"async\" class=\"size-full wp-image-25221\" alt=\"Se abre la inscripci\u00f3n a la 10\u00b0 edici\u00f3n del curso virtual en comunicaci\u00f3n y g\u00e9neros\" src=\"http:\/\/www.diariofemenino.com.ar\/wp-content\/uploads\/formacionvirtual.jpg\" width=\"440\" height=\"264\" \/><\/a><figcaption id=\"caption-attachment-25221\" class=\"wp-caption-text\">Se abre la inscripci\u00f3n a la 10\u00b0 edici\u00f3n del curso virtual en comunicaci\u00f3n y g\u00e9neros<\/figcaption><\/figure><br \/>\n<span style=\"color: #000000;\">Esta edici\u00f3n, que corresponde al sexto y \u00faltimo curso que se desarrollar\u00e1 este a\u00f1o, comenzar\u00e1 el 1\u00ba de noviembre y culminar\u00e1 el 16 de diciembre. Es totalmente gratuito, tiene una duraci\u00f3n de 7 semanas, con una carga horaria total estimada de 35 hs. y una dedicaci\u00f3n promedio de 5 horas por semana. Como la modalidad es virtual, cada participante podr\u00e1 conectarse al campus seg\u00fan su disponibilidad horaria y contar\u00e1 con tutor\u00edas docentes para el desarrollo de las clases te\u00f3rico pr\u00e1cticas.<\/span><br \/>\n<span style=\"color: #000000;\">La propuesta curricular del curso abarca conocimientos introductorios en la tem\u00e1tica dise\u00f1ados en funci\u00f3n de las necesidades y perfiles de quienes trabajan en los medios audiovisuales. A\u00fan as\u00ed, pueden inscribirse todas las personas interesadas en la problem\u00e1tica sin que sea un requisito contar con conocimientos previos. Se espera que dentro del curso, adem\u00e1s de profesionales, estudiantes y docentes del campo de la comunicaci\u00f3n, puedan incorporarse representantes de las audiencias e integrantes de organizaciones sociales y de organismos p\u00fablicos.<\/span><br \/>\n<span style=\"color: #000000;\">Para la selecci\u00f3n de las y los participantes se tendr\u00e1 en cuenta su trayectoria formativa ocupacional, su campo de acci\u00f3n, su inter\u00e9s en la tem\u00e1tica abordada y sus expectativas sobre el curso. Adem\u00e1s, para garantizar una representaci\u00f3n federal, se tendr\u00e1 en cuenta la provincia en la que viven o trabajan. Los objetivos del curso son contribuir a incorporar la perspectiva de g\u00e9nero en la radio y la televisi\u00f3n; promover la equidad y el trato no discriminatorio entre varones y mujeres, por orientaci\u00f3n sexual o identidad de g\u00e9nero, de acuerdo a los derechos establecidos en la Ley 26.522 de Servicios de Comunicaci\u00f3n Audiovisual.<\/span><br \/>\n<span style=\"color: #000000;\">Los principales ejes que se trabajar\u00e1n son:<\/span><\/p>\n<ul>\n<li><span style=\"color: #000000;\">El Derecho a la comunicaci\u00f3n desde la perspectiva de las audiencias<\/span><\/li>\n<li><span style=\"color: #000000;\">Comunicaci\u00f3n y G\u00e9nero: Derechos Humanos de las mujeres<\/span><\/li>\n<li><span style=\"color: #000000;\">Comunicaci\u00f3n y g\u00e9nero: la construcci\u00f3n de las masculinidades<\/span><\/li>\n<li><span style=\"color: #000000;\">Comunicaci\u00f3n g\u00e9nero, el modelo heteronormativo en crisis<\/span><\/li>\n<li><span style=\"color: #000000;\">Comunicaci\u00f3n y g\u00e9nero: identidad de g\u00e9nero, un cambio cultural<\/span><\/li>\n<\/ul>\n<p><span style=\"color: #000000;\">La aprobaci\u00f3n del curso depender\u00e1 de la participaci\u00f3n en los foros de debate y la realizaci\u00f3n de las actividades pr\u00e1cticas de cada clase.<strong> Se otorgar\u00e1n certificados digitales emitidos por la Defensor\u00eda del P\u00fablico de Servicios de Comunicaci\u00f3n Audiovisual.<\/strong><\/span><br \/>\n<span style=\"color: #000000;\">Las personas interesadas en postularse deber\u00e1n\u00a0<\/span><strong><a title=\"\" href=\"http:\/\/81765.track.dattanet.com\/track\/click?u=841084&amp;p=38313736353a36303a34353a303a323a30&amp;s=5143792d8e01989a4baf5287ab346b8d&amp;m=2183\" target=\"_blank\" rel=\"noreferrer\">completar el formulario de inscripci\u00f3n<\/a><\/strong>\u00a0<span style=\"color: #000000;\">que estar\u00e1 disponible hasta el 17\u00a0de octubre.\u00a0<\/span><br \/>\n<span style=\"color: #000000;\">Ante cualquier consulta, escribir a<\/span>\u00a0<span style=\"color: #0000ff;\">formacionvirtual@defensadelpublico.gob.ar\u00a0<\/span><\/p>\n","protected":false},"excerpt":{"rendered":"<p>Hasta el 17 de octubre, la Defensor\u00eda del P\u00fablico recibir\u00e1 postulaciones para que otras 130 personas de todo el pa\u00eds puedan realizar el Curso virtual \u201cIntroducci\u00f3n a la perspectiva de g\u00e9nero en los medios audiovisuales\u201d que dicta el organismo. Esta edici\u00f3n, que corresponde al sexto y \u00faltimo curso que se desarrollar\u00e1 este a\u00f1o, comenzar\u00e1 el [&hellip;]<\/p>\n","protected":false},"author":1,"featured_media":0,"comment_status":"open","ping_status":"open","sticky":false,"template":"","format":"standard","meta":{"iawp_total_views":3,"footnotes":""},"categories":[9,4,21],"tags":[53,30,20,73,28],"class_list":["post-25220","post","type-post","status-publish","format-standard","hentry","category-de-esi-si-se-habla","category-medios","category-noticias","tag-derechos-de-las-mujeres","tag-derechos-humanos","tag-identidad-de-genero","tag-masculinidades","tag-periodismo"],"nelio_content":{"autoShareEndMode":"never","automationSources":{"useCustomSentences":false,"customSentences":[]},"efiAlt":"","efiUrl":"","followers":[],"highlights":[],"isAutoShareEnabled":true,"networkImageIds":[],"permalinkQueryArgs":[],"series":[],"suggestedReferences":[]},"yoast_head":"<!-- This site is optimized with the Yoast SEO plugin v27.4 - https:\/\/yoast.com\/product\/yoast-seo-wordpress\/ -->\n<title>Se abre la inscripci\u00f3n a la 10\u00b0 edici\u00f3n del curso virtual en comunicaci\u00f3n y g\u00e9neros - Diario Digital Femenino<\/title>\n<meta name=\"description\" content=\"Se abre la inscripci\u00f3n a la 10\u00b0 edici\u00f3n del curso virtual en comunicaci\u00f3n y g\u00e9neros\" \/>\n<meta name=\"robots\" content=\"index, follow, max-snippet:-1, max-image-preview:large, max-video-preview:-1\" \/>\n<link rel=\"canonical\" href=\"https:\/\/diariofemenino.com.ar\/df\/se-abre-la-inscripcion-la-10-edicion-del-curso-virtual-en-comunicacion-y-generos\/\" \/>\n<meta property=\"og:locale\" content=\"es_ES\" \/>\n<meta property=\"og:type\" content=\"article\" \/>\n<meta property=\"og:title\" content=\"Se abre la inscripci\u00f3n a la 10\u00b0 edici\u00f3n del curso virtual en comunicaci\u00f3n y g\u00e9neros - Diario Digital Femenino\" \/>\n<meta property=\"og:description\" content=\"Se abre la inscripci\u00f3n a la 10\u00b0 edici\u00f3n del curso virtual en comunicaci\u00f3n y g\u00e9neros\" \/>\n<meta property=\"og:url\" content=\"https:\/\/diariofemenino.com.ar\/df\/se-abre-la-inscripcion-la-10-edicion-del-curso-virtual-en-comunicacion-y-generos\/\" \/>\n<meta property=\"og:site_name\" content=\"Diario Digital Femenino\" \/>\n<meta property=\"article:publisher\" content=\"https:\/\/www.facebook.com\/DiarioDigitaFemenino\/\" \/>\n<meta property=\"article:published_time\" content=\"2016-10-05T18:28:39+00:00\" \/>\n<meta property=\"og:image\" content=\"http:\/\/www.diariofemenino.com.ar\/wp-content\/uploads\/formacionvirtual.jpg\" \/>\n<meta name=\"author\" content=\"Admin\" \/>\n<meta name=\"twitter:card\" content=\"summary_large_image\" \/>\n<meta name=\"twitter:creator\" content=\"@DiarioFemenino1\" \/>\n<meta name=\"twitter:site\" content=\"@DiarioFemenino1\" \/>\n<meta name=\"twitter:label1\" content=\"Escrito por\" \/>\n\t<meta name=\"twitter:data1\" content=\"Admin\" \/>\n\t<meta name=\"twitter:label2\" content=\"Tiempo de lectura\" \/>\n\t<meta name=\"twitter:data2\" content=\"2 minutos\" \/>\n<script type=\"application\/ld+json\" class=\"yoast-schema-graph\">{\"@context\":\"https:\\\/\\\/schema.org\",\"@graph\":[{\"@type\":\"Article\",\"@id\":\"https:\\\/\\\/diariofemenino.com.ar\\\/df\\\/se-abre-la-inscripcion-la-10-edicion-del-curso-virtual-en-comunicacion-y-generos\\\/#article\",\"isPartOf\":{\"@id\":\"https:\\\/\\\/diariofemenino.com.ar\\\/df\\\/se-abre-la-inscripcion-la-10-edicion-del-curso-virtual-en-comunicacion-y-generos\\\/\"},\"author\":{\"name\":\"Admin\",\"@id\":\"https:\\\/\\\/diariofemenino.com.ar\\\/df\\\/#\\\/schema\\\/person\\\/38f54b3bfd13f561de2460ba95c169c6\"},\"headline\":\"Se abre la inscripci\u00f3n a la 10\u00b0 edici\u00f3n del curso virtual en comunicaci\u00f3n y g\u00e9neros\",\"datePublished\":\"2016-10-05T18:28:39+00:00\",\"mainEntityOfPage\":{\"@id\":\"https:\\\/\\\/diariofemenino.com.ar\\\/df\\\/se-abre-la-inscripcion-la-10-edicion-del-curso-virtual-en-comunicacion-y-generos\\\/\"},\"wordCount\":503,\"commentCount\":0,\"publisher\":{\"@id\":\"https:\\\/\\\/diariofemenino.com.ar\\\/df\\\/#organization\"},\"image\":{\"@id\":\"https:\\\/\\\/diariofemenino.com.ar\\\/df\\\/se-abre-la-inscripcion-la-10-edicion-del-curso-virtual-en-comunicacion-y-generos\\\/#primaryimage\"},\"thumbnailUrl\":\"http:\\\/\\\/www.diariofemenino.com.ar\\\/wp-content\\\/uploads\\\/formacionvirtual.jpg\",\"keywords\":[\"Derechos de las mujeres\",\"Derechos Humanos\",\"Identidad de G\u00e9nero\",\"Masculinidades\",\"Periodismo\"],\"articleSection\":[\"De ESI S\u00ed Se Habla\",\"Medios\",\"Noticias\"],\"inLanguage\":\"es\",\"potentialAction\":[{\"@type\":\"CommentAction\",\"name\":\"Comment\",\"target\":[\"https:\\\/\\\/diariofemenino.com.ar\\\/df\\\/se-abre-la-inscripcion-la-10-edicion-del-curso-virtual-en-comunicacion-y-generos\\\/#respond\"]}]},{\"@type\":\"WebPage\",\"@id\":\"https:\\\/\\\/diariofemenino.com.ar\\\/df\\\/se-abre-la-inscripcion-la-10-edicion-del-curso-virtual-en-comunicacion-y-generos\\\/\",\"url\":\"https:\\\/\\\/diariofemenino.com.ar\\\/df\\\/se-abre-la-inscripcion-la-10-edicion-del-curso-virtual-en-comunicacion-y-generos\\\/\",\"name\":\"Se abre la inscripci\u00f3n a la 10\u00b0 edici\u00f3n del curso virtual en comunicaci\u00f3n y g\u00e9neros - Diario Digital Femenino\",\"isPartOf\":{\"@id\":\"https:\\\/\\\/diariofemenino.com.ar\\\/df\\\/#website\"},\"primaryImageOfPage\":{\"@id\":\"https:\\\/\\\/diariofemenino.com.ar\\\/df\\\/se-abre-la-inscripcion-la-10-edicion-del-curso-virtual-en-comunicacion-y-generos\\\/#primaryimage\"},\"image\":{\"@id\":\"https:\\\/\\\/diariofemenino.com.ar\\\/df\\\/se-abre-la-inscripcion-la-10-edicion-del-curso-virtual-en-comunicacion-y-generos\\\/#primaryimage\"},\"thumbnailUrl\":\"http:\\\/\\\/www.diariofemenino.com.ar\\\/wp-content\\\/uploads\\\/formacionvirtual.jpg\",\"datePublished\":\"2016-10-05T18:28:39+00:00\",\"description\":\"Se abre la inscripci\u00f3n a la 10\u00b0 edici\u00f3n del curso virtual en comunicaci\u00f3n y g\u00e9neros\",\"breadcrumb\":{\"@id\":\"https:\\\/\\\/diariofemenino.com.ar\\\/df\\\/se-abre-la-inscripcion-la-10-edicion-del-curso-virtual-en-comunicacion-y-generos\\\/#breadcrumb\"},\"inLanguage\":\"es\",\"potentialAction\":[{\"@type\":\"ReadAction\",\"target\":[\"https:\\\/\\\/diariofemenino.com.ar\\\/df\\\/se-abre-la-inscripcion-la-10-edicion-del-curso-virtual-en-comunicacion-y-generos\\\/\"]}]},{\"@type\":\"ImageObject\",\"inLanguage\":\"es\",\"@id\":\"https:\\\/\\\/diariofemenino.com.ar\\\/df\\\/se-abre-la-inscripcion-la-10-edicion-del-curso-virtual-en-comunicacion-y-generos\\\/#primaryimage\",\"url\":\"http:\\\/\\\/www.diariofemenino.com.ar\\\/wp-content\\\/uploads\\\/formacionvirtual.jpg\",\"contentUrl\":\"http:\\\/\\\/www.diariofemenino.com.ar\\\/wp-content\\\/uploads\\\/formacionvirtual.jpg\"},{\"@type\":\"BreadcrumbList\",\"@id\":\"https:\\\/\\\/diariofemenino.com.ar\\\/df\\\/se-abre-la-inscripcion-la-10-edicion-del-curso-virtual-en-comunicacion-y-generos\\\/#breadcrumb\",\"itemListElement\":[{\"@type\":\"ListItem\",\"position\":1,\"name\":\"Portada\",\"item\":\"https:\\\/\\\/diariofemenino.com.ar\\\/df\\\/\"},{\"@type\":\"ListItem\",\"position\":2,\"name\":\"Se abre la inscripci\u00f3n a la 10\u00b0 edici\u00f3n del curso virtual en comunicaci\u00f3n y g\u00e9neros\"}]},{\"@type\":\"WebSite\",\"@id\":\"https:\\\/\\\/diariofemenino.com.ar\\\/df\\\/#website\",\"url\":\"https:\\\/\\\/diariofemenino.com.ar\\\/df\\\/\",\"name\":\"Diario Digital Femenino\",\"description\":\"Cuesti\u00f3n de G\u00e9nero\",\"publisher\":{\"@id\":\"https:\\\/\\\/diariofemenino.com.ar\\\/df\\\/#organization\"},\"potentialAction\":[{\"@type\":\"SearchAction\",\"target\":{\"@type\":\"EntryPoint\",\"urlTemplate\":\"https:\\\/\\\/diariofemenino.com.ar\\\/df\\\/?s={search_term_string}\"},\"query-input\":{\"@type\":\"PropertyValueSpecification\",\"valueRequired\":true,\"valueName\":\"search_term_string\"}}],\"inLanguage\":\"es\"},{\"@type\":\"Organization\",\"@id\":\"https:\\\/\\\/diariofemenino.com.ar\\\/df\\\/#organization\",\"name\":\"Diario Femenino\",\"url\":\"https:\\\/\\\/diariofemenino.com.ar\\\/df\\\/\",\"logo\":{\"@type\":\"ImageObject\",\"inLanguage\":\"es\",\"@id\":\"https:\\\/\\\/diariofemenino.com.ar\\\/df\\\/#\\\/schema\\\/logo\\\/image\\\/\",\"url\":\"https:\\\/\\\/diariofemenino.com.ar\\\/df\\\/wp-content\\\/uploads\\\/2018\\\/10\\\/logo.png\",\"contentUrl\":\"https:\\\/\\\/diariofemenino.com.ar\\\/df\\\/wp-content\\\/uploads\\\/2018\\\/10\\\/logo.png\",\"width\":500,\"height\":92,\"caption\":\"Diario Femenino\"},\"image\":{\"@id\":\"https:\\\/\\\/diariofemenino.com.ar\\\/df\\\/#\\\/schema\\\/logo\\\/image\\\/\"},\"sameAs\":[\"https:\\\/\\\/www.facebook.com\\\/DiarioDigitaFemenino\\\/\",\"https:\\\/\\\/x.com\\\/DiarioFemenino1\"]},{\"@type\":\"Person\",\"@id\":\"https:\\\/\\\/diariofemenino.com.ar\\\/df\\\/#\\\/schema\\\/person\\\/38f54b3bfd13f561de2460ba95c169c6\",\"name\":\"Admin\",\"image\":{\"@type\":\"ImageObject\",\"inLanguage\":\"es\",\"@id\":\"https:\\\/\\\/diariofemenino.com.ar\\\/df\\\/wp-content\\\/uploads\\\/2018\\\/12\\\/favicon-150x150.jpg\",\"url\":\"https:\\\/\\\/diariofemenino.com.ar\\\/df\\\/wp-content\\\/uploads\\\/2018\\\/12\\\/favicon-150x150.jpg\",\"contentUrl\":\"https:\\\/\\\/diariofemenino.com.ar\\\/df\\\/wp-content\\\/uploads\\\/2018\\\/12\\\/favicon-150x150.jpg\",\"caption\":\"Admin\"},\"url\":\"https:\\\/\\\/diariofemenino.com.ar\\\/df\\\/author\\\/adm18df\\\/\"}]}<\/script>\n<!-- \/ Yoast SEO plugin. -->","yoast_head_json":{"title":"Se abre la inscripci\u00f3n a la 10\u00b0 edici\u00f3n del curso virtual en comunicaci\u00f3n y g\u00e9neros - Diario Digital Femenino","description":"Se abre la inscripci\u00f3n a la 10\u00b0 edici\u00f3n del curso virtual en comunicaci\u00f3n y g\u00e9neros","robots":{"index":"index","follow":"follow","max-snippet":"max-snippet:-1","max-image-preview":"max-image-preview:large","max-video-preview":"max-video-preview:-1"},"canonical":"https:\/\/diariofemenino.com.ar\/df\/se-abre-la-inscripcion-la-10-edicion-del-curso-virtual-en-comunicacion-y-generos\/","og_locale":"es_ES","og_type":"article","og_title":"Se abre la inscripci\u00f3n a la 10\u00b0 edici\u00f3n del curso virtual en comunicaci\u00f3n y g\u00e9neros - Diario Digital Femenino","og_description":"Se abre la inscripci\u00f3n a la 10\u00b0 edici\u00f3n del curso virtual en comunicaci\u00f3n y g\u00e9neros","og_url":"https:\/\/diariofemenino.com.ar\/df\/se-abre-la-inscripcion-la-10-edicion-del-curso-virtual-en-comunicacion-y-generos\/","og_site_name":"Diario Digital Femenino","article_publisher":"https:\/\/www.facebook.com\/DiarioDigitaFemenino\/","article_published_time":"2016-10-05T18:28:39+00:00","og_image":[{"url":"http:\/\/www.diariofemenino.com.ar\/wp-content\/uploads\/formacionvirtual.jpg","type":"","width":"","height":""}],"author":"Admin","twitter_card":"summary_large_image","twitter_creator":"@DiarioFemenino1","twitter_site":"@DiarioFemenino1","twitter_misc":{"Escrito por":"Admin","Tiempo de lectura":"2 minutos"},"schema":{"@context":"https:\/\/schema.org","@graph":[{"@type":"Article","@id":"https:\/\/diariofemenino.com.ar\/df\/se-abre-la-inscripcion-la-10-edicion-del-curso-virtual-en-comunicacion-y-generos\/#article","isPartOf":{"@id":"https:\/\/diariofemenino.com.ar\/df\/se-abre-la-inscripcion-la-10-edicion-del-curso-virtual-en-comunicacion-y-generos\/"},"author":{"name":"Admin","@id":"https:\/\/diariofemenino.com.ar\/df\/#\/schema\/person\/38f54b3bfd13f561de2460ba95c169c6"},"headline":"Se abre la inscripci\u00f3n a la 10\u00b0 edici\u00f3n del curso virtual en comunicaci\u00f3n y g\u00e9neros","datePublished":"2016-10-05T18:28:39+00:00","mainEntityOfPage":{"@id":"https:\/\/diariofemenino.com.ar\/df\/se-abre-la-inscripcion-la-10-edicion-del-curso-virtual-en-comunicacion-y-generos\/"},"wordCount":503,"commentCount":0,"publisher":{"@id":"https:\/\/diariofemenino.com.ar\/df\/#organization"},"image":{"@id":"https:\/\/diariofemenino.com.ar\/df\/se-abre-la-inscripcion-la-10-edicion-del-curso-virtual-en-comunicacion-y-generos\/#primaryimage"},"thumbnailUrl":"http:\/\/www.diariofemenino.com.ar\/wp-content\/uploads\/formacionvirtual.jpg","keywords":["Derechos de las mujeres","Derechos Humanos","Identidad de G\u00e9nero","Masculinidades","Periodismo"],"articleSection":["De ESI S\u00ed Se Habla","Medios","Noticias"],"inLanguage":"es","potentialAction":[{"@type":"CommentAction","name":"Comment","target":["https:\/\/diariofemenino.com.ar\/df\/se-abre-la-inscripcion-la-10-edicion-del-curso-virtual-en-comunicacion-y-generos\/#respond"]}]},{"@type":"WebPage","@id":"https:\/\/diariofemenino.com.ar\/df\/se-abre-la-inscripcion-la-10-edicion-del-curso-virtual-en-comunicacion-y-generos\/","url":"https:\/\/diariofemenino.com.ar\/df\/se-abre-la-inscripcion-la-10-edicion-del-curso-virtual-en-comunicacion-y-generos\/","name":"Se abre la inscripci\u00f3n a la 10\u00b0 edici\u00f3n del curso virtual en comunicaci\u00f3n y g\u00e9neros - Diario Digital Femenino","isPartOf":{"@id":"https:\/\/diariofemenino.com.ar\/df\/#website"},"primaryImageOfPage":{"@id":"https:\/\/diariofemenino.com.ar\/df\/se-abre-la-inscripcion-la-10-edicion-del-curso-virtual-en-comunicacion-y-generos\/#primaryimage"},"image":{"@id":"https:\/\/diariofemenino.com.ar\/df\/se-abre-la-inscripcion-la-10-edicion-del-curso-virtual-en-comunicacion-y-generos\/#primaryimage"},"thumbnailUrl":"http:\/\/www.diariofemenino.com.ar\/wp-content\/uploads\/formacionvirtual.jpg","datePublished":"2016-10-05T18:28:39+00:00","description":"Se abre la inscripci\u00f3n a la 10\u00b0 edici\u00f3n del curso virtual en comunicaci\u00f3n y g\u00e9neros","breadcrumb":{"@id":"https:\/\/diariofemenino.com.ar\/df\/se-abre-la-inscripcion-la-10-edicion-del-curso-virtual-en-comunicacion-y-generos\/#breadcrumb"},"inLanguage":"es","potentialAction":[{"@type":"ReadAction","target":["https:\/\/diariofemenino.com.ar\/df\/se-abre-la-inscripcion-la-10-edicion-del-curso-virtual-en-comunicacion-y-generos\/"]}]},{"@type":"ImageObject","inLanguage":"es","@id":"https:\/\/diariofemenino.com.ar\/df\/se-abre-la-inscripcion-la-10-edicion-del-curso-virtual-en-comunicacion-y-generos\/#primaryimage","url":"http:\/\/www.diariofemenino.com.ar\/wp-content\/uploads\/formacionvirtual.jpg","contentUrl":"http:\/\/www.diariofemenino.com.ar\/wp-content\/uploads\/formacionvirtual.jpg"},{"@type":"BreadcrumbList","@id":"https:\/\/diariofemenino.com.ar\/df\/se-abre-la-inscripcion-la-10-edicion-del-curso-virtual-en-comunicacion-y-generos\/#breadcrumb","itemListElement":[{"@type":"ListItem","position":1,"name":"Portada","item":"https:\/\/diariofemenino.com.ar\/df\/"},{"@type":"ListItem","position":2,"name":"Se abre la inscripci\u00f3n a la 10\u00b0 edici\u00f3n del curso virtual en comunicaci\u00f3n y g\u00e9neros"}]},{"@type":"WebSite","@id":"https:\/\/diariofemenino.com.ar\/df\/#website","url":"https:\/\/diariofemenino.com.ar\/df\/","name":"Diario Digital Femenino","description":"Cuesti\u00f3n de G\u00e9nero","publisher":{"@id":"https:\/\/diariofemenino.com.ar\/df\/#organization"},"potentialAction":[{"@type":"SearchAction","target":{"@type":"EntryPoint","urlTemplate":"https:\/\/diariofemenino.com.ar\/df\/?s={search_term_string}"},"query-input":{"@type":"PropertyValueSpecification","valueRequired":true,"valueName":"search_term_string"}}],"inLanguage":"es"},{"@type":"Organization","@id":"https:\/\/diariofemenino.com.ar\/df\/#organization","name":"Diario Femenino","url":"https:\/\/diariofemenino.com.ar\/df\/","logo":{"@type":"ImageObject","inLanguage":"es","@id":"https:\/\/diariofemenino.com.ar\/df\/#\/schema\/logo\/image\/","url":"https:\/\/diariofemenino.com.ar\/df\/wp-content\/uploads\/2018\/10\/logo.png","contentUrl":"https:\/\/diariofemenino.com.ar\/df\/wp-content\/uploads\/2018\/10\/logo.png","width":500,"height":92,"caption":"Diario Femenino"},"image":{"@id":"https:\/\/diariofemenino.com.ar\/df\/#\/schema\/logo\/image\/"},"sameAs":["https:\/\/www.facebook.com\/DiarioDigitaFemenino\/","https:\/\/x.com\/DiarioFemenino1"]},{"@type":"Person","@id":"https:\/\/diariofemenino.com.ar\/df\/#\/schema\/person\/38f54b3bfd13f561de2460ba95c169c6","name":"Admin","image":{"@type":"ImageObject","inLanguage":"es","@id":"https:\/\/diariofemenino.com.ar\/df\/wp-content\/uploads\/2018\/12\/favicon-150x150.jpg","url":"https:\/\/diariofemenino.com.ar\/df\/wp-content\/uploads\/2018\/12\/favicon-150x150.jpg","contentUrl":"https:\/\/diariofemenino.com.ar\/df\/wp-content\/uploads\/2018\/12\/favicon-150x150.jpg","caption":"Admin"},"url":"https:\/\/diariofemenino.com.ar\/df\/author\/adm18df\/"}]}},"jetpack_featured_media_url":"","jetpack_sharing_enabled":true,"rttpg_featured_image_url":null,"rttpg_author":{"display_name":"Admin","author_link":"https:\/\/diariofemenino.com.ar\/df\/author\/adm18df\/"},"rttpg_comment":0,"rttpg_category":"<a href=\"https:\/\/diariofemenino.com.ar\/df\/category\/de-esi-si-se-habla\/\" rel=\"category tag\">De ESI S\u00ed Se Habla<\/a> <a href=\"https:\/\/diariofemenino.com.ar\/df\/category\/medios\/\" rel=\"category tag\">Medios<\/a> <a href=\"https:\/\/diariofemenino.com.ar\/df\/category\/noticias\/\" rel=\"category tag\">Noticias<\/a>","rttpg_excerpt":"Hasta el 17 de octubre, la Defensor\u00eda del P\u00fablico recibir\u00e1 postulaciones para que otras 130 personas de todo el pa\u00eds puedan realizar el Curso virtual \u201cIntroducci\u00f3n a la perspectiva de g\u00e9nero en los medios audiovisuales\u201d que dicta el organismo. Esta edici\u00f3n, que corresponde al sexto y \u00faltimo curso que se desarrollar\u00e1 este a\u00f1o, comenzar\u00e1 el&hellip;","_links":{"self":[{"href":"https:\/\/diariofemenino.com.ar\/df\/wp-json\/wp\/v2\/posts\/25220","targetHints":{"allow":["GET"]}}],"collection":[{"href":"https:\/\/diariofemenino.com.ar\/df\/wp-json\/wp\/v2\/posts"}],"about":[{"href":"https:\/\/diariofemenino.com.ar\/df\/wp-json\/wp\/v2\/types\/post"}],"author":[{"embeddable":true,"href":"https:\/\/diariofemenino.com.ar\/df\/wp-json\/wp\/v2\/users\/1"}],"replies":[{"embeddable":true,"href":"https:\/\/diariofemenino.com.ar\/df\/wp-json\/wp\/v2\/comments?post=25220"}],"version-history":[{"count":0,"href":"https:\/\/diariofemenino.com.ar\/df\/wp-json\/wp\/v2\/posts\/25220\/revisions"}],"wp:attachment":[{"href":"https:\/\/diariofemenino.com.ar\/df\/wp-json\/wp\/v2\/media?parent=25220"}],"wp:term":[{"taxonomy":"category","embeddable":true,"href":"https:\/\/diariofemenino.com.ar\/df\/wp-json\/wp\/v2\/categories?post=25220"},{"taxonomy":"post_tag","embeddable":true,"href":"https:\/\/diariofemenino.com.ar\/df\/wp-json\/wp\/v2\/tags?post=25220"}],"curies":[{"name":"wp","href":"https:\/\/api.w.org\/{rel}","templated":true}]}}