{"id":2508,"date":"2012-07-15T18:15:21","date_gmt":"2012-07-15T21:15:21","guid":{"rendered":"http:\/\/www.diariofemenino.com.ar\/?p=2508"},"modified":"2012-07-15T18:15:21","modified_gmt":"2012-07-15T21:15:21","slug":"en-cordoba-ya-hubo-mas-de-600-matrimonios-igualitarios","status":"publish","type":"post","link":"https:\/\/diariofemenino.com.ar\/df\/en-cordoba-ya-hubo-mas-de-600-matrimonios-igualitarios\/","title":{"rendered":"En C\u00f3rdoba, ya hubo m\u00e1s de 600 matrimonios igualitarios"},"content":{"rendered":"<p>&nbsp;<br \/>\n\u00a0<br \/>\n<em>Son datos de la FALGBT, que registra unos seis mil en todo el pa\u00eds. Algunas parejas cuentan las bondades del casamiento y admiten que a\u00fan hay prejuicios por derribar.<\/em><br \/>\n15 de julio de 2012. R\u00edo Cuarto, Villa Giardino, Villa Mar\u00eda<strong>. <\/strong>\u201cVivimos el d\u00eda a d\u00eda como cualquier matrimonio. Como toda pareja, por ah\u00ed tenemos discusiones, pero estamos bien. Cambiamos un poco los lugares que frecuent\u00e1bamos, estamos m\u00e1s caseros, m\u00e1s hogare\u00f1os\u201d, cuenta Facundo Nazareno Mart\u00ednez, quien se cas\u00f3 en R\u00edo Cuarto con Samuel S\u00e1nchez.<br \/>\nComo el de ellos, ya se registraron en C\u00f3rdoba m\u00e1s de 630 casamientos de este tipo en los dos a\u00f1os de vigencia de la Ley de Matrimonio Igualitario, seg\u00fan datos de la Federaci\u00f3n Argentina de lesbianas, gays, bisexuales y trans (FALGBT). C\u00f3rdoba ocupa el tercer lugar en el pa\u00eds (en donde se produjeron unos seis mil matrimonios), tras Buenos Aires (m\u00e1s de 2.800, entre provincia y la capital), y Sante Fe (664).<br \/>\n\u201cC\u00f3rdoba es una de las provincias que no disponen de n\u00fameros oficiales, por lo que realizamos una estimaci\u00f3n en base a registros propios y consultas que recibimos\u201d, dice Esteban Paulon, presidente de la FALGBT. Paulon destaca que estas cifras \u201cmuestran que esto era una ley muy esperada, y que la gente la usa en la medida de lo que desea, compartiendo el momento, y eso habla de una inclusi\u00f3n interesante\u201d. Admite que \u201cno hubo dificultades en ninguna localidad, salvo un par de casos aislados\u201d, y que \u201cla mayor parte de la sociedad est\u00e1 a favor de la ley. Incluso los que estaban en contra, lo aceptan y ven que no hubo ninguna cat\u00e1strofe de las que presagiaban\u201d.<\/p>\n<div>\u00a0<\/div>\n<p>La ley fue aprobada el 15 de julio de 2010 por el Senado de la Naci\u00f3n, con 33 votos a favor, 27 en contra y 3 abstenciones. Argentina se convirti\u00f3 as\u00ed en el primer territorio de Am\u00e9rica latina en otorgar ese derecho.<br \/>\nSe promulg\u00f3 a la semana y el 30 de julio tuvo lugar el primer matrimonio homosexual del pa\u00eds en Santiago del Estero, entre Jos\u00e9 Luis David Navarro y Miguel \u00c1ngel Calefato.<br \/>\n<strong>Falta mucho. <\/strong>En R\u00edo Cuarto, el de Facu y Samuel fue el primer casamiento igualitario. Se conocieron en 2006, por chat. Viven en un departamento en el IPV de barrio Alberdi. Facundo es oriundo de La Pampa y es actor. Trabaj\u00f3 en teatro y fue empleado del Ente Municipal de Obras Sanitarias, de donde se jubil\u00f3 por un problema de columna. Estuvo casado con una mujer, madre de dos hijas a las que \u00e9l cri\u00f3 y que tienen casi 30 a\u00f1os. Samuel naci\u00f3 en San Francisco, tiene siete hermanos y es hijo de un pastor evang\u00e9lico. Cuando se cas\u00f3 con Facu ten\u00eda 26 a\u00f1os. Trabaja en mensajer\u00eda en R\u00edo Cuarto.<br \/>\n\u201cEl matrimonio igualitario cambi\u00f3 algo en la sociedad aunque falta mucho para que la gente entienda. Pero nosotros estamos felices\u201d, expresa Samuel. Facu acota: \u201cCon las leyes aprobadas, por lo menos a la igualdad se la reconoce en los papeles. Para nosotros, el nuestro es igual a cualquier matrimonio. Respetamos lo que hemos convenido, nos respetamos como seres humanos y nos llevamos bien\u201d.<br \/>\nM\u00e1s all\u00e1 de la dif\u00edcil situaci\u00f3n econ\u00f3mica general que los afecta, Facu y Samuel se dan tiempo para actividades solidarias, como juntar ropa de abrigo y pel\u00edculas para familias de barrios carenciados. Cuentan que en la madrugada en que se aprob\u00f3 la ley de matrimonio igualitario, una amiga de Buenos Aires los llam\u00f3 para avisarles. Ah\u00ed nom\u00e1s, decidieron casarse. Entre l\u00e1grimas, pusieron la firma el 1\u00b0 de octubre del 2010. Y no se arrepienten.<br \/>\n<strong>Tres adoptantes<\/strong><br \/>\nAl menos hasta junio, se hab\u00edan anotado este a\u00f1o tres matrimonios del mismo sexo para adoptar un ni\u00f1o en C\u00f3rdoba.<br \/>\nEl derecho a la adopci\u00f3n est\u00e1 incluido en la Ley de Matrimonio Igualitario.<br \/>\n&nbsp;<br \/>\n&nbsp;<br \/>\nFuente:\u00a0 <a href=\"http:\/\/www.lavoz.com.ar\/ciudadanos\/cordoba-ya-hubo-mas-600-matrimonios-igualitarios\" target=\"_blank\">LaVoz<\/a><\/p>\n","protected":false},"excerpt":{"rendered":"<p>&nbsp; \u00a0 Son datos de la FALGBT, que registra unos seis mil en todo el pa\u00eds. Algunas parejas cuentan las bondades del casamiento y admiten que a\u00fan hay prejuicios por derribar. 15 de julio de 2012. R\u00edo Cuarto, Villa Giardino, Villa Mar\u00eda. \u201cVivimos el d\u00eda a d\u00eda como cualquier matrimonio. Como toda pareja, por ah\u00ed [&hellip;]<\/p>\n","protected":false},"author":1,"featured_media":2509,"comment_status":"open","ping_status":"open","sticky":false,"template":"","format":"standard","meta":{"iawp_total_views":6,"footnotes":""},"categories":[4,21],"tags":[],"class_list":["post-2508","post","type-post","status-publish","format-standard","has-post-thumbnail","hentry","category-medios","category-noticias"],"nelio_content":{"autoShareEndMode":"never","automationSources":{"useCustomSentences":false,"customSentences":[]},"efiAlt":"","efiUrl":"","followers":[],"highlights":[],"isAutoShareEnabled":true,"networkImageIds":[],"permalinkQueryArgs":[],"series":[],"suggestedReferences":[]},"yoast_head":"<!-- This site is optimized with the Yoast SEO plugin v27.4 - https:\/\/yoast.com\/product\/yoast-seo-wordpress\/ -->\n<title>En C\u00f3rdoba, ya hubo m\u00e1s de 600 matrimonios igualitarios - Diario Digital Femenino<\/title>\n<meta name=\"robots\" content=\"index, follow, max-snippet:-1, max-image-preview:large, max-video-preview:-1\" \/>\n<link rel=\"canonical\" href=\"https:\/\/diariofemenino.com.ar\/df\/en-cordoba-ya-hubo-mas-de-600-matrimonios-igualitarios\/\" \/>\n<meta property=\"og:locale\" content=\"es_ES\" \/>\n<meta property=\"og:type\" content=\"article\" \/>\n<meta property=\"og:title\" content=\"En C\u00f3rdoba, ya hubo m\u00e1s de 600 matrimonios igualitarios - Diario Digital Femenino\" \/>\n<meta property=\"og:description\" content=\"&nbsp; \u00a0 Son datos de la FALGBT, que registra unos seis mil en todo el pa\u00eds. Algunas parejas cuentan las bondades del casamiento y admiten que a\u00fan hay prejuicios por derribar. 15 de julio de 2012. R\u00edo Cuarto, Villa Giardino, Villa Mar\u00eda. \u201cVivimos el d\u00eda a d\u00eda como cualquier matrimonio. Como toda pareja, por ah\u00ed [&hellip;]\" \/>\n<meta property=\"og:url\" content=\"https:\/\/diariofemenino.com.ar\/df\/en-cordoba-ya-hubo-mas-de-600-matrimonios-igualitarios\/\" \/>\n<meta property=\"og:site_name\" content=\"Diario Digital Femenino\" \/>\n<meta property=\"article:publisher\" content=\"https:\/\/www.facebook.com\/DiarioDigitaFemenino\/\" \/>\n<meta property=\"article:published_time\" content=\"2012-07-15T21:15:21+00:00\" \/>\n<meta property=\"og:image\" content=\"https:\/\/diariofemenino.com.ar\/df\/wp-content\/uploads\/2016\/10\/logo-negro.png\" \/>\n\t<meta property=\"og:image:width\" content=\"855\" \/>\n\t<meta property=\"og:image:height\" content=\"319\" \/>\n\t<meta property=\"og:image:type\" content=\"image\/png\" \/>\n<meta name=\"author\" content=\"Admin\" \/>\n<meta name=\"twitter:card\" content=\"summary_large_image\" \/>\n<meta name=\"twitter:creator\" content=\"@DiarioFemenino1\" \/>\n<meta name=\"twitter:site\" content=\"@DiarioFemenino1\" \/>\n<meta name=\"twitter:label1\" content=\"Escrito por\" \/>\n\t<meta name=\"twitter:data1\" content=\"Admin\" \/>\n\t<meta name=\"twitter:label2\" content=\"Tiempo de lectura\" \/>\n\t<meta name=\"twitter:data2\" content=\"3 minutos\" \/>\n<script type=\"application\/ld+json\" class=\"yoast-schema-graph\">{\"@context\":\"https:\\\/\\\/schema.org\",\"@graph\":[{\"@type\":\"Article\",\"@id\":\"https:\\\/\\\/diariofemenino.com.ar\\\/df\\\/en-cordoba-ya-hubo-mas-de-600-matrimonios-igualitarios\\\/#article\",\"isPartOf\":{\"@id\":\"https:\\\/\\\/diariofemenino.com.ar\\\/df\\\/en-cordoba-ya-hubo-mas-de-600-matrimonios-igualitarios\\\/\"},\"author\":{\"name\":\"Admin\",\"@id\":\"https:\\\/\\\/diariofemenino.com.ar\\\/df\\\/#\\\/schema\\\/person\\\/38f54b3bfd13f561de2460ba95c169c6\"},\"headline\":\"En C\u00f3rdoba, ya hubo m\u00e1s de 600 matrimonios igualitarios\",\"datePublished\":\"2012-07-15T21:15:21+00:00\",\"mainEntityOfPage\":{\"@id\":\"https:\\\/\\\/diariofemenino.com.ar\\\/df\\\/en-cordoba-ya-hubo-mas-de-600-matrimonios-igualitarios\\\/\"},\"wordCount\":674,\"commentCount\":0,\"publisher\":{\"@id\":\"https:\\\/\\\/diariofemenino.com.ar\\\/df\\\/#organization\"},\"image\":{\"@id\":\"https:\\\/\\\/diariofemenino.com.ar\\\/df\\\/en-cordoba-ya-hubo-mas-de-600-matrimonios-igualitarios\\\/#primaryimage\"},\"thumbnailUrl\":\"\",\"articleSection\":[\"Medios\",\"Noticias\"],\"inLanguage\":\"es\",\"potentialAction\":[{\"@type\":\"CommentAction\",\"name\":\"Comment\",\"target\":[\"https:\\\/\\\/diariofemenino.com.ar\\\/df\\\/en-cordoba-ya-hubo-mas-de-600-matrimonios-igualitarios\\\/#respond\"]}]},{\"@type\":\"WebPage\",\"@id\":\"https:\\\/\\\/diariofemenino.com.ar\\\/df\\\/en-cordoba-ya-hubo-mas-de-600-matrimonios-igualitarios\\\/\",\"url\":\"https:\\\/\\\/diariofemenino.com.ar\\\/df\\\/en-cordoba-ya-hubo-mas-de-600-matrimonios-igualitarios\\\/\",\"name\":\"En C\u00f3rdoba, ya hubo m\u00e1s de 600 matrimonios igualitarios - Diario Digital Femenino\",\"isPartOf\":{\"@id\":\"https:\\\/\\\/diariofemenino.com.ar\\\/df\\\/#website\"},\"primaryImageOfPage\":{\"@id\":\"https:\\\/\\\/diariofemenino.com.ar\\\/df\\\/en-cordoba-ya-hubo-mas-de-600-matrimonios-igualitarios\\\/#primaryimage\"},\"image\":{\"@id\":\"https:\\\/\\\/diariofemenino.com.ar\\\/df\\\/en-cordoba-ya-hubo-mas-de-600-matrimonios-igualitarios\\\/#primaryimage\"},\"thumbnailUrl\":\"\",\"datePublished\":\"2012-07-15T21:15:21+00:00\",\"breadcrumb\":{\"@id\":\"https:\\\/\\\/diariofemenino.com.ar\\\/df\\\/en-cordoba-ya-hubo-mas-de-600-matrimonios-igualitarios\\\/#breadcrumb\"},\"inLanguage\":\"es\",\"potentialAction\":[{\"@type\":\"ReadAction\",\"target\":[\"https:\\\/\\\/diariofemenino.com.ar\\\/df\\\/en-cordoba-ya-hubo-mas-de-600-matrimonios-igualitarios\\\/\"]}]},{\"@type\":\"ImageObject\",\"inLanguage\":\"es\",\"@id\":\"https:\\\/\\\/diariofemenino.com.ar\\\/df\\\/en-cordoba-ya-hubo-mas-de-600-matrimonios-igualitarios\\\/#primaryimage\",\"url\":\"\",\"contentUrl\":\"\"},{\"@type\":\"BreadcrumbList\",\"@id\":\"https:\\\/\\\/diariofemenino.com.ar\\\/df\\\/en-cordoba-ya-hubo-mas-de-600-matrimonios-igualitarios\\\/#breadcrumb\",\"itemListElement\":[{\"@type\":\"ListItem\",\"position\":1,\"name\":\"Portada\",\"item\":\"https:\\\/\\\/diariofemenino.com.ar\\\/df\\\/\"},{\"@type\":\"ListItem\",\"position\":2,\"name\":\"En C\u00f3rdoba, ya hubo m\u00e1s de 600 matrimonios igualitarios\"}]},{\"@type\":\"WebSite\",\"@id\":\"https:\\\/\\\/diariofemenino.com.ar\\\/df\\\/#website\",\"url\":\"https:\\\/\\\/diariofemenino.com.ar\\\/df\\\/\",\"name\":\"Diario Digital Femenino\",\"description\":\"Cuesti\u00f3n de G\u00e9nero\",\"publisher\":{\"@id\":\"https:\\\/\\\/diariofemenino.com.ar\\\/df\\\/#organization\"},\"potentialAction\":[{\"@type\":\"SearchAction\",\"target\":{\"@type\":\"EntryPoint\",\"urlTemplate\":\"https:\\\/\\\/diariofemenino.com.ar\\\/df\\\/?s={search_term_string}\"},\"query-input\":{\"@type\":\"PropertyValueSpecification\",\"valueRequired\":true,\"valueName\":\"search_term_string\"}}],\"inLanguage\":\"es\"},{\"@type\":\"Organization\",\"@id\":\"https:\\\/\\\/diariofemenino.com.ar\\\/df\\\/#organization\",\"name\":\"Diario Femenino\",\"url\":\"https:\\\/\\\/diariofemenino.com.ar\\\/df\\\/\",\"logo\":{\"@type\":\"ImageObject\",\"inLanguage\":\"es\",\"@id\":\"https:\\\/\\\/diariofemenino.com.ar\\\/df\\\/#\\\/schema\\\/logo\\\/image\\\/\",\"url\":\"https:\\\/\\\/diariofemenino.com.ar\\\/df\\\/wp-content\\\/uploads\\\/2018\\\/10\\\/logo.png\",\"contentUrl\":\"https:\\\/\\\/diariofemenino.com.ar\\\/df\\\/wp-content\\\/uploads\\\/2018\\\/10\\\/logo.png\",\"width\":500,\"height\":92,\"caption\":\"Diario Femenino\"},\"image\":{\"@id\":\"https:\\\/\\\/diariofemenino.com.ar\\\/df\\\/#\\\/schema\\\/logo\\\/image\\\/\"},\"sameAs\":[\"https:\\\/\\\/www.facebook.com\\\/DiarioDigitaFemenino\\\/\",\"https:\\\/\\\/x.com\\\/DiarioFemenino1\"]},{\"@type\":\"Person\",\"@id\":\"https:\\\/\\\/diariofemenino.com.ar\\\/df\\\/#\\\/schema\\\/person\\\/38f54b3bfd13f561de2460ba95c169c6\",\"name\":\"Admin\",\"image\":{\"@type\":\"ImageObject\",\"inLanguage\":\"es\",\"@id\":\"https:\\\/\\\/diariofemenino.com.ar\\\/df\\\/wp-content\\\/uploads\\\/2018\\\/12\\\/favicon-150x150.jpg\",\"url\":\"https:\\\/\\\/diariofemenino.com.ar\\\/df\\\/wp-content\\\/uploads\\\/2018\\\/12\\\/favicon-150x150.jpg\",\"contentUrl\":\"https:\\\/\\\/diariofemenino.com.ar\\\/df\\\/wp-content\\\/uploads\\\/2018\\\/12\\\/favicon-150x150.jpg\",\"caption\":\"Admin\"},\"url\":\"https:\\\/\\\/diariofemenino.com.ar\\\/df\\\/author\\\/adm18df\\\/\"}]}<\/script>\n<!-- \/ Yoast SEO plugin. -->","yoast_head_json":{"title":"En C\u00f3rdoba, ya hubo m\u00e1s de 600 matrimonios igualitarios - Diario Digital Femenino","robots":{"index":"index","follow":"follow","max-snippet":"max-snippet:-1","max-image-preview":"max-image-preview:large","max-video-preview":"max-video-preview:-1"},"canonical":"https:\/\/diariofemenino.com.ar\/df\/en-cordoba-ya-hubo-mas-de-600-matrimonios-igualitarios\/","og_locale":"es_ES","og_type":"article","og_title":"En C\u00f3rdoba, ya hubo m\u00e1s de 600 matrimonios igualitarios - Diario Digital Femenino","og_description":"&nbsp; \u00a0 Son datos de la FALGBT, que registra unos seis mil en todo el pa\u00eds. Algunas parejas cuentan las bondades del casamiento y admiten que a\u00fan hay prejuicios por derribar. 15 de julio de 2012. R\u00edo Cuarto, Villa Giardino, Villa Mar\u00eda. \u201cVivimos el d\u00eda a d\u00eda como cualquier matrimonio. Como toda pareja, por ah\u00ed [&hellip;]","og_url":"https:\/\/diariofemenino.com.ar\/df\/en-cordoba-ya-hubo-mas-de-600-matrimonios-igualitarios\/","og_site_name":"Diario Digital Femenino","article_publisher":"https:\/\/www.facebook.com\/DiarioDigitaFemenino\/","article_published_time":"2012-07-15T21:15:21+00:00","og_image":[{"width":855,"height":319,"url":"https:\/\/diariofemenino.com.ar\/df\/wp-content\/uploads\/2016\/10\/logo-negro.png","type":"image\/png"}],"author":"Admin","twitter_card":"summary_large_image","twitter_creator":"@DiarioFemenino1","twitter_site":"@DiarioFemenino1","twitter_misc":{"Escrito por":"Admin","Tiempo de lectura":"3 minutos"},"schema":{"@context":"https:\/\/schema.org","@graph":[{"@type":"Article","@id":"https:\/\/diariofemenino.com.ar\/df\/en-cordoba-ya-hubo-mas-de-600-matrimonios-igualitarios\/#article","isPartOf":{"@id":"https:\/\/diariofemenino.com.ar\/df\/en-cordoba-ya-hubo-mas-de-600-matrimonios-igualitarios\/"},"author":{"name":"Admin","@id":"https:\/\/diariofemenino.com.ar\/df\/#\/schema\/person\/38f54b3bfd13f561de2460ba95c169c6"},"headline":"En C\u00f3rdoba, ya hubo m\u00e1s de 600 matrimonios igualitarios","datePublished":"2012-07-15T21:15:21+00:00","mainEntityOfPage":{"@id":"https:\/\/diariofemenino.com.ar\/df\/en-cordoba-ya-hubo-mas-de-600-matrimonios-igualitarios\/"},"wordCount":674,"commentCount":0,"publisher":{"@id":"https:\/\/diariofemenino.com.ar\/df\/#organization"},"image":{"@id":"https:\/\/diariofemenino.com.ar\/df\/en-cordoba-ya-hubo-mas-de-600-matrimonios-igualitarios\/#primaryimage"},"thumbnailUrl":"","articleSection":["Medios","Noticias"],"inLanguage":"es","potentialAction":[{"@type":"CommentAction","name":"Comment","target":["https:\/\/diariofemenino.com.ar\/df\/en-cordoba-ya-hubo-mas-de-600-matrimonios-igualitarios\/#respond"]}]},{"@type":"WebPage","@id":"https:\/\/diariofemenino.com.ar\/df\/en-cordoba-ya-hubo-mas-de-600-matrimonios-igualitarios\/","url":"https:\/\/diariofemenino.com.ar\/df\/en-cordoba-ya-hubo-mas-de-600-matrimonios-igualitarios\/","name":"En C\u00f3rdoba, ya hubo m\u00e1s de 600 matrimonios igualitarios - Diario Digital Femenino","isPartOf":{"@id":"https:\/\/diariofemenino.com.ar\/df\/#website"},"primaryImageOfPage":{"@id":"https:\/\/diariofemenino.com.ar\/df\/en-cordoba-ya-hubo-mas-de-600-matrimonios-igualitarios\/#primaryimage"},"image":{"@id":"https:\/\/diariofemenino.com.ar\/df\/en-cordoba-ya-hubo-mas-de-600-matrimonios-igualitarios\/#primaryimage"},"thumbnailUrl":"","datePublished":"2012-07-15T21:15:21+00:00","breadcrumb":{"@id":"https:\/\/diariofemenino.com.ar\/df\/en-cordoba-ya-hubo-mas-de-600-matrimonios-igualitarios\/#breadcrumb"},"inLanguage":"es","potentialAction":[{"@type":"ReadAction","target":["https:\/\/diariofemenino.com.ar\/df\/en-cordoba-ya-hubo-mas-de-600-matrimonios-igualitarios\/"]}]},{"@type":"ImageObject","inLanguage":"es","@id":"https:\/\/diariofemenino.com.ar\/df\/en-cordoba-ya-hubo-mas-de-600-matrimonios-igualitarios\/#primaryimage","url":"","contentUrl":""},{"@type":"BreadcrumbList","@id":"https:\/\/diariofemenino.com.ar\/df\/en-cordoba-ya-hubo-mas-de-600-matrimonios-igualitarios\/#breadcrumb","itemListElement":[{"@type":"ListItem","position":1,"name":"Portada","item":"https:\/\/diariofemenino.com.ar\/df\/"},{"@type":"ListItem","position":2,"name":"En C\u00f3rdoba, ya hubo m\u00e1s de 600 matrimonios igualitarios"}]},{"@type":"WebSite","@id":"https:\/\/diariofemenino.com.ar\/df\/#website","url":"https:\/\/diariofemenino.com.ar\/df\/","name":"Diario Digital Femenino","description":"Cuesti\u00f3n de G\u00e9nero","publisher":{"@id":"https:\/\/diariofemenino.com.ar\/df\/#organization"},"potentialAction":[{"@type":"SearchAction","target":{"@type":"EntryPoint","urlTemplate":"https:\/\/diariofemenino.com.ar\/df\/?s={search_term_string}"},"query-input":{"@type":"PropertyValueSpecification","valueRequired":true,"valueName":"search_term_string"}}],"inLanguage":"es"},{"@type":"Organization","@id":"https:\/\/diariofemenino.com.ar\/df\/#organization","name":"Diario Femenino","url":"https:\/\/diariofemenino.com.ar\/df\/","logo":{"@type":"ImageObject","inLanguage":"es","@id":"https:\/\/diariofemenino.com.ar\/df\/#\/schema\/logo\/image\/","url":"https:\/\/diariofemenino.com.ar\/df\/wp-content\/uploads\/2018\/10\/logo.png","contentUrl":"https:\/\/diariofemenino.com.ar\/df\/wp-content\/uploads\/2018\/10\/logo.png","width":500,"height":92,"caption":"Diario Femenino"},"image":{"@id":"https:\/\/diariofemenino.com.ar\/df\/#\/schema\/logo\/image\/"},"sameAs":["https:\/\/www.facebook.com\/DiarioDigitaFemenino\/","https:\/\/x.com\/DiarioFemenino1"]},{"@type":"Person","@id":"https:\/\/diariofemenino.com.ar\/df\/#\/schema\/person\/38f54b3bfd13f561de2460ba95c169c6","name":"Admin","image":{"@type":"ImageObject","inLanguage":"es","@id":"https:\/\/diariofemenino.com.ar\/df\/wp-content\/uploads\/2018\/12\/favicon-150x150.jpg","url":"https:\/\/diariofemenino.com.ar\/df\/wp-content\/uploads\/2018\/12\/favicon-150x150.jpg","contentUrl":"https:\/\/diariofemenino.com.ar\/df\/wp-content\/uploads\/2018\/12\/favicon-150x150.jpg","caption":"Admin"},"url":"https:\/\/diariofemenino.com.ar\/df\/author\/adm18df\/"}]}},"jetpack_featured_media_url":"","jetpack_sharing_enabled":true,"rttpg_featured_image_url":null,"rttpg_author":{"display_name":"Admin","author_link":"https:\/\/diariofemenino.com.ar\/df\/author\/adm18df\/"},"rttpg_comment":0,"rttpg_category":"<a href=\"https:\/\/diariofemenino.com.ar\/df\/category\/medios\/\" rel=\"category tag\">Medios<\/a> <a href=\"https:\/\/diariofemenino.com.ar\/df\/category\/noticias\/\" rel=\"category tag\">Noticias<\/a>","rttpg_excerpt":"&nbsp; \u00a0 Son datos de la FALGBT, que registra unos seis mil en todo el pa\u00eds. Algunas parejas cuentan las bondades del casamiento y admiten que a\u00fan hay prejuicios por derribar. 15 de julio de 2012. R\u00edo Cuarto, Villa Giardino, Villa Mar\u00eda. \u201cVivimos el d\u00eda a d\u00eda como cualquier matrimonio. Como toda pareja, por ah\u00ed&hellip;","_links":{"self":[{"href":"https:\/\/diariofemenino.com.ar\/df\/wp-json\/wp\/v2\/posts\/2508","targetHints":{"allow":["GET"]}}],"collection":[{"href":"https:\/\/diariofemenino.com.ar\/df\/wp-json\/wp\/v2\/posts"}],"about":[{"href":"https:\/\/diariofemenino.com.ar\/df\/wp-json\/wp\/v2\/types\/post"}],"author":[{"embeddable":true,"href":"https:\/\/diariofemenino.com.ar\/df\/wp-json\/wp\/v2\/users\/1"}],"replies":[{"embeddable":true,"href":"https:\/\/diariofemenino.com.ar\/df\/wp-json\/wp\/v2\/comments?post=2508"}],"version-history":[{"count":0,"href":"https:\/\/diariofemenino.com.ar\/df\/wp-json\/wp\/v2\/posts\/2508\/revisions"}],"wp:featuredmedia":[{"embeddable":true,"href":"https:\/\/diariofemenino.com.ar\/df\/wp-json\/"}],"wp:attachment":[{"href":"https:\/\/diariofemenino.com.ar\/df\/wp-json\/wp\/v2\/media?parent=2508"}],"wp:term":[{"taxonomy":"category","embeddable":true,"href":"https:\/\/diariofemenino.com.ar\/df\/wp-json\/wp\/v2\/categories?post=2508"},{"taxonomy":"post_tag","embeddable":true,"href":"https:\/\/diariofemenino.com.ar\/df\/wp-json\/wp\/v2\/tags?post=2508"}],"curies":[{"name":"wp","href":"https:\/\/api.w.org\/{rel}","templated":true}]}}